{"id":93384,"date":"2019-07-17T17:57:42","date_gmt":"2019-07-17T22:57:42","guid":{"rendered":"https:\/\/centrourbano.com\/?p=93384"},"modified":"2019-07-17T18:34:32","modified_gmt":"2019-07-17T23:34:32","slug":"inversion-centros-cancun-tulum","status":"publish","type":"post","link":"https:\/\/centrourbano.com\/revista\/entrevistas\/inversion-centros-cancun-tulum\/","title":{"rendered":"Buscan atraer inversi\u00f3n en los centros de Canc\u00fan y Tul\u00fam"},"content":{"rendered":"<p><em>Las autoridades estatales planean revitalizar\u00a0la zonas centro de diversos municipios, con una perspectiva integral, que incluye a la IP<\/em><!--more--><\/p>\n<p>El gobierno de <strong>Quintana Roo<\/strong> planea detonar la inversi\u00f3n inmobiliaria en los centros de <strong>Canc\u00fan<\/strong> y <strong>Tul\u00fam<\/strong>. Y es que las autoridades del estado emprender\u00e1n sendos proyectos para <strong>revitalizar<\/strong> estas zonas emblem\u00e1ticas del estado.<\/p>\n<p>De acuerdo con <strong>Carlos R\u00edos Castellanos<\/strong>, titular de la <strong>Secretaria de Desarrollo Territorial Urbano Sustentable<\/strong> de Quintana Roo (Sedetus), el objetivo es intervenir estas zonas desde una visi\u00f3n integral. Con ello, dijo, la principal meta ser\u00e1 elevar la calidad de vida de los quintanarroenses a trav\u00e9s de los proyectos.<\/p>\n<p>En entrevista con <strong>Centro Urbano<\/strong>, el funcionario detall\u00f3 que la intenci\u00f3n del gobierno es impulsar la revitalizaci\u00f3n de las zonas centro de diversos municipios de la entidad. Sin embargo, dijo, en el caso de Tul\u00fam y Canc\u00fan est\u00e1 pr\u00e1cticamente listo, por lo que pueden recibir las inversiones de los empresarios del sector.<\/p>\n<p>[quote]\u201cYa es inmediato (el poder recibir inversiones). Canc\u00fan cuenta ya con un PDU, por lo que ya se puede revitalizar el centro de poblaci\u00f3n. Y en Tul\u00fam estamos por arrancar el programa, pero en unos tres o cuatro meses quedar\u00e1 concluido.<\/p>\n<p>\u201cLo que s\u00ed est\u00e1 ya en puerta es el <strong>Plan Municipal<\/strong> de Ordenamiento Territorial Ecol\u00f3gico de Desarrollo Urbano del municipio de Tul\u00fam, puesto que tambi\u00e9n hay muchas inversiones alrededor del centro poblaci\u00f3n\u201d, se\u00f1al\u00f3.[\/quote]<\/p>\n<p>En el caso de <strong>Tul\u00fam<\/strong>, detall\u00f3 el funcionario, se cuenta con un reglamento que se ha trabajado de manera conjunta con el municipio. Este marco, se\u00f1al\u00f3, define los lineamientos para el crecimiento ordenado y sustentable, por lo que se aplica de manera temporal en los que se concluyen los trabajos del Programa de Desarrollo Urbano.<\/p>\n<p>\u201cEntonces podemos decir que tanto Canc\u00fan como Tul\u00fam est\u00e1n listos para recibir la inversi\u00f3n con mejores condiciones, con mejor certeza y certidumbre para poder desarrollar los proyectos en las mejores condiciones\u201d, indic\u00f3.<\/p>\n<p>El Secretario asegur\u00f3 que uno de los objetivos de la actual administraci\u00f3n es impulsar el desarrollo urbano desde una perspectiva sustentable, de respeto al medio ambiente y con el fin \u00faltimo de elevar la calidad de vida de las familias.<\/p>\n<p>Sobre la intenci\u00f3n de emprender proyectos de revitalizaci\u00f3n de zonas centrales en otros municipios, el funcionario dijo que la intenci\u00f3n es, des un punto de vista tur\u00edstico, complementar la oferta de espacios de calidad.<\/p>\n<p>[quote]\u201cLa intenci\u00f3n de nosotros no s\u00f3lo es promover la inversi\u00f3n sino revitalizar espacios. Es una visi\u00f3n integral en donde no estamos favoreciendo tal o cual negocio, sino una visi\u00f3n integral que permita mejorar la calidad de vida, la sustentabilidad, el respeto al medio ambiente. Y m\u00e1s con caracter\u00edsticas y rasgos que permitan complementar los destinos, que no todo sea Canc\u00fan, que no todo sea Tul\u00fam, sino que las condiciones y la vocaci\u00f3n de suelo y de la propia ubicaci\u00f3n geogr\u00e1fica permiten diversas caracter\u00edsticas para incentivar diversos tipos de inversi\u00f3n\u201d, apunt\u00f3.[\/quote]<\/p>\n","protected":false},"excerpt":{"rendered":"<p>Las autoridades estatales planean revitalizar\u00a0la zonas centro de diversos municipios, con una perspectiva integral, que incluye a la IP<\/p>\n","protected":false},"author":47,"featured_media":93386,"comment_status":"open","ping_status":"closed","sticky":false,"template":"","format":"standard","meta":{"om_disable_all_campaigns":false,"inline_featured_image":false,"_monsterinsights_skip_tracking":false,"_monsterinsights_sitenote_active":false,"_monsterinsights_sitenote_note":"","_monsterinsights_sitenote_category":0,"footnotes":""},"categories":[13],"tags":[363,9449,41,15985,12890,993],"class_list":["post-93384","post","type-post","status-publish","format-standard","has-post-thumbnail","hentry","category-entrevistas","tag-cancun","tag-carlos-rios-castellanos","tag-quintana-roo","tag-secretaria-de-desarrollo-territorial-urbano-sustentable-de-quintana-roo","tag-sedetus","tag-tulum"],"yoast_head":"<!-- This site is optimized with the Yoast SEO plugin v27.4 - https:\/\/yoast.com\/product\/yoast-seo-wordpress\/ -->\n<title>Buscan atraer inversi\u00f3n inmobiliaria en los centros de Canc\u00fan y Tul\u00fam<\/title>\n<meta name=\"description\" content=\"El gobierno de Quintana Roo planea detonar la inversi\u00f3n inmobiliaria en los centros de Canc\u00fan y Tul\u00fam. Y es que las autoridades del estado...\" \/>\n<meta name=\"robots\" content=\"index, follow, max-snippet:-1, max-image-preview:large, max-video-preview:-1\" \/>\n<link rel=\"canonical\" href=\"https:\/\/centrourbano.com\/revista\/entrevistas\/inversion-centros-cancun-tulum\/\" \/>\n<meta property=\"og:locale\" content=\"es_ES\" \/>\n<meta property=\"og:type\" content=\"article\" \/>\n<meta property=\"og:title\" content=\"Buscan atraer inversi\u00f3n inmobiliaria en los centros de Canc\u00fan y Tul\u00fam\" \/>\n<meta property=\"og:description\" content=\"El gobierno de Quintana Roo planea detonar la inversi\u00f3n inmobiliaria en los centros de Canc\u00fan y Tul\u00fam. Y es que las autoridades del estado...\" \/>\n<meta property=\"og:url\" content=\"https:\/\/centrourbano.com\/revista\/entrevistas\/inversion-centros-cancun-tulum\/\" \/>\n<meta property=\"og:site_name\" content=\"Centro Urbano\" \/>\n<meta property=\"article:publisher\" content=\"https:\/\/www.facebook.com\/portalcentrourbano\" \/>\n<meta property=\"article:published_time\" content=\"2019-07-17T22:57:42+00:00\" \/>\n<meta property=\"article:modified_time\" content=\"2019-07-17T23:34:32+00:00\" \/>\n<meta property=\"og:image\" content=\"https:\/\/centrourbano.com\/revista\/wp-content\/uploads\/Canc\u00fan_1-e1563404141621.jpg\" \/>\n\t<meta property=\"og:image:width\" content=\"800\" \/>\n\t<meta property=\"og:image:height\" content=\"450\" \/>\n\t<meta property=\"og:image:type\" content=\"image\/jpeg\" \/>\n<meta name=\"author\" content=\"Edgar Rosas\" \/>\n<meta name=\"twitter:card\" content=\"summary_large_image\" \/>\n<meta name=\"twitter:creator\" content=\"@https:\/\/twitter.com\/ERosasCU?s=09\" \/>\n<meta name=\"twitter:site\" content=\"@CentroUrbano\" \/>\n<meta name=\"twitter:label1\" content=\"Escrito por\" \/>\n\t<meta name=\"twitter:data1\" content=\"Edgar Rosas\" \/>\n\t<meta name=\"twitter:label2\" content=\"Tiempo de lectura\" \/>\n\t<meta name=\"twitter:data2\" content=\"3 minutos\" \/>\n<script type=\"application\/ld+json\" class=\"yoast-schema-graph\">{\"@context\":\"https:\\\/\\\/schema.org\",\"@graph\":[{\"@type\":\"Article\",\"@id\":\"https:\\\/\\\/centrourbano.com\\\/revista\\\/entrevistas\\\/inversion-centros-cancun-tulum\\\/#article\",\"isPartOf\":{\"@id\":\"https:\\\/\\\/centrourbano.com\\\/revista\\\/entrevistas\\\/inversion-centros-cancun-tulum\\\/\"},\"author\":{\"name\":\"Edgar Rosas\",\"@id\":\"https:\\\/\\\/centrourbano.com\\\/revista\\\/#\\\/schema\\\/person\\\/ff3c00651ce5b1630479d2cd0c2e3ac0\"},\"headline\":\"Buscan atraer inversi\u00f3n en los centros de Canc\u00fan y Tul\u00fam\",\"datePublished\":\"2019-07-17T22:57:42+00:00\",\"dateModified\":\"2019-07-17T23:34:32+00:00\",\"mainEntityOfPage\":{\"@id\":\"https:\\\/\\\/centrourbano.com\\\/revista\\\/entrevistas\\\/inversion-centros-cancun-tulum\\\/\"},\"wordCount\":543,\"commentCount\":0,\"publisher\":{\"@id\":\"https:\\\/\\\/centrourbano.com\\\/revista\\\/#organization\"},\"image\":{\"@id\":\"https:\\\/\\\/centrourbano.com\\\/revista\\\/entrevistas\\\/inversion-centros-cancun-tulum\\\/#primaryimage\"},\"thumbnailUrl\":\"https:\\\/\\\/centrourbano.com\\\/revista\\\/wp-content\\\/uploads\\\/Canc\u00fan_1-e1563404141621.jpg\",\"keywords\":[\"Canc\u00fan\",\"Carlos R\u00edos Castellanos\",\"Quintana Roo\",\"Secretaria de Desarrollo Territorial Urbano Sustentable de Quintana Roo\",\"Sedetus\",\"Tulum\"],\"articleSection\":[\"Entrevistas\"],\"inLanguage\":\"es\",\"potentialAction\":[{\"@type\":\"CommentAction\",\"name\":\"Comment\",\"target\":[\"https:\\\/\\\/centrourbano.com\\\/revista\\\/entrevistas\\\/inversion-centros-cancun-tulum\\\/#respond\"]}]},{\"@type\":\"WebPage\",\"@id\":\"https:\\\/\\\/centrourbano.com\\\/revista\\\/entrevistas\\\/inversion-centros-cancun-tulum\\\/\",\"url\":\"https:\\\/\\\/centrourbano.com\\\/revista\\\/entrevistas\\\/inversion-centros-cancun-tulum\\\/\",\"name\":\"Buscan atraer inversi\u00f3n inmobiliaria en los centros de Canc\u00fan y Tul\u00fam\",\"isPartOf\":{\"@id\":\"https:\\\/\\\/centrourbano.com\\\/revista\\\/#website\"},\"primaryImageOfPage\":{\"@id\":\"https:\\\/\\\/centrourbano.com\\\/revista\\\/entrevistas\\\/inversion-centros-cancun-tulum\\\/#primaryimage\"},\"image\":{\"@id\":\"https:\\\/\\\/centrourbano.com\\\/revista\\\/entrevistas\\\/inversion-centros-cancun-tulum\\\/#primaryimage\"},\"thumbnailUrl\":\"https:\\\/\\\/centrourbano.com\\\/revista\\\/wp-content\\\/uploads\\\/Canc\u00fan_1-e1563404141621.jpg\",\"datePublished\":\"2019-07-17T22:57:42+00:00\",\"dateModified\":\"2019-07-17T23:34:32+00:00\",\"description\":\"El gobierno de Quintana Roo planea detonar la inversi\u00f3n inmobiliaria en los centros de Canc\u00fan y Tul\u00fam. Y es que las autoridades del estado...\",\"breadcrumb\":{\"@id\":\"https:\\\/\\\/centrourbano.com\\\/revista\\\/entrevistas\\\/inversion-centros-cancun-tulum\\\/#breadcrumb\"},\"inLanguage\":\"es\",\"potentialAction\":[{\"@type\":\"ReadAction\",\"target\":[\"https:\\\/\\\/centrourbano.com\\\/revista\\\/entrevistas\\\/inversion-centros-cancun-tulum\\\/\"]}]},{\"@type\":\"ImageObject\",\"inLanguage\":\"es\",\"@id\":\"https:\\\/\\\/centrourbano.com\\\/revista\\\/entrevistas\\\/inversion-centros-cancun-tulum\\\/#primaryimage\",\"url\":\"https:\\\/\\\/centrourbano.com\\\/revista\\\/wp-content\\\/uploads\\\/Canc\u00fan_1-e1563404141621.jpg\",\"contentUrl\":\"https:\\\/\\\/centrourbano.com\\\/revista\\\/wp-content\\\/uploads\\\/Canc\u00fan_1-e1563404141621.jpg\",\"width\":800,\"height\":450,\"caption\":\"El proyecto busca revitalizar estas zonas con una perspectiva integral, que incluye a la IP\"},{\"@type\":\"BreadcrumbList\",\"@id\":\"https:\\\/\\\/centrourbano.com\\\/revista\\\/entrevistas\\\/inversion-centros-cancun-tulum\\\/#breadcrumb\",\"itemListElement\":[{\"@type\":\"ListItem\",\"position\":1,\"name\":\"Portada\",\"item\":\"https:\\\/\\\/centrourbano.com\\\/revista\\\/\"},{\"@type\":\"ListItem\",\"position\":2,\"name\":\"Buscan atraer inversi\u00f3n en los centros de Canc\u00fan y Tul\u00fam\"}]},{\"@type\":\"WebSite\",\"@id\":\"https:\\\/\\\/centrourbano.com\\\/revista\\\/#website\",\"url\":\"https:\\\/\\\/centrourbano.com\\\/revista\\\/\",\"name\":\"Centro Urbano\",\"description\":\"Medio especializado en los sectores vivienda, inmobiliario, construcci\u00f3n, arquitectura y urbanismo.\",\"publisher\":{\"@id\":\"https:\\\/\\\/centrourbano.com\\\/revista\\\/#organization\"},\"potentialAction\":[{\"@type\":\"SearchAction\",\"target\":{\"@type\":\"EntryPoint\",\"urlTemplate\":\"https:\\\/\\\/centrourbano.com\\\/revista\\\/?s={search_term_string}\"},\"query-input\":{\"@type\":\"PropertyValueSpecification\",\"valueRequired\":true,\"valueName\":\"search_term_string\"}}],\"inLanguage\":\"es\"},{\"@type\":\"Organization\",\"@id\":\"https:\\\/\\\/centrourbano.com\\\/revista\\\/#organization\",\"name\":\"Centro Urbano\",\"url\":\"https:\\\/\\\/centrourbano.com\\\/revista\\\/\",\"logo\":{\"@type\":\"ImageObject\",\"inLanguage\":\"es\",\"@id\":\"https:\\\/\\\/centrourbano.com\\\/revista\\\/#\\\/schema\\\/logo\\\/image\\\/\",\"url\":\"https:\\\/\\\/centrourbano.com\\\/revista\\\/wp-content\\\/uploads\\\/web_CU_logo-1.png\",\"contentUrl\":\"https:\\\/\\\/centrourbano.com\\\/revista\\\/wp-content\\\/uploads\\\/web_CU_logo-1.png\",\"width\":350,\"height\":91,\"caption\":\"Centro Urbano\"},\"image\":{\"@id\":\"https:\\\/\\\/centrourbano.com\\\/revista\\\/#\\\/schema\\\/logo\\\/image\\\/\"},\"sameAs\":[\"https:\\\/\\\/www.facebook.com\\\/portalcentrourbano\",\"https:\\\/\\\/x.com\\\/CentroUrbano\",\"https:\\\/\\\/www.instagram.com\\\/centro_urbano\\\/\",\"https:\\\/\\\/www.linkedin.com\\\/company\\\/centro-urbano\\\/\",\"http:\\\/\\\/www.youtube.com\\\/user\\\/portalcentrourbano\"]},{\"@type\":\"Person\",\"@id\":\"https:\\\/\\\/centrourbano.com\\\/revista\\\/#\\\/schema\\\/person\\\/ff3c00651ce5b1630479d2cd0c2e3ac0\",\"name\":\"Edgar Rosas\",\"image\":{\"@type\":\"ImageObject\",\"inLanguage\":\"es\",\"@id\":\"https:\\\/\\\/secure.gravatar.com\\\/avatar\\\/94440c4283495211faa5300bf85e80061036b83fced868c3783aa1310b350d9c?s=96&d=mm&r=g\",\"url\":\"https:\\\/\\\/secure.gravatar.com\\\/avatar\\\/94440c4283495211faa5300bf85e80061036b83fced868c3783aa1310b350d9c?s=96&d=mm&r=g\",\"contentUrl\":\"https:\\\/\\\/secure.gravatar.com\\\/avatar\\\/94440c4283495211faa5300bf85e80061036b83fced868c3783aa1310b350d9c?s=96&d=mm&r=g\",\"caption\":\"Edgar Rosas\"},\"description\":\"Editor en Jefe de Centro Urbano. Egresado de la maestr\u00eda en Periodismo Pol\u00edtico de la Escuela de Periodismo Carlos Septi\u00e9n Garc\u00eda (EPCSG). Estudi\u00f3 la licenciatura en Comunicaci\u00f3n en la Universidad Mexicana. Amante de la cr\u00f3nica y el reportaje. Admirador de Vicente Le\u00f1ero y Miguel \u00c1ngel Granados Chapa.\",\"sameAs\":[\"https:\\\/\\\/x.com\\\/https:\\\/\\\/twitter.com\\\/ERosasCU?s=09\"],\"url\":\"https:\\\/\\\/centrourbano.com\\\/revista\\\/author\\\/edgar-rosas\\\/\"}]}<\/script>\n<!-- \/ Yoast SEO plugin. -->","yoast_head_json":{"title":"Buscan atraer inversi\u00f3n inmobiliaria en los centros de Canc\u00fan y Tul\u00fam","description":"El gobierno de Quintana Roo planea detonar la inversi\u00f3n inmobiliaria en los centros de Canc\u00fan y Tul\u00fam. Y es que las autoridades del estado...","robots":{"index":"index","follow":"follow","max-snippet":"max-snippet:-1","max-image-preview":"max-image-preview:large","max-video-preview":"max-video-preview:-1"},"canonical":"https:\/\/centrourbano.com\/revista\/entrevistas\/inversion-centros-cancun-tulum\/","og_locale":"es_ES","og_type":"article","og_title":"Buscan atraer inversi\u00f3n inmobiliaria en los centros de Canc\u00fan y Tul\u00fam","og_description":"El gobierno de Quintana Roo planea detonar la inversi\u00f3n inmobiliaria en los centros de Canc\u00fan y Tul\u00fam. Y es que las autoridades del estado...","og_url":"https:\/\/centrourbano.com\/revista\/entrevistas\/inversion-centros-cancun-tulum\/","og_site_name":"Centro Urbano","article_publisher":"https:\/\/www.facebook.com\/portalcentrourbano","article_published_time":"2019-07-17T22:57:42+00:00","article_modified_time":"2019-07-17T23:34:32+00:00","og_image":[{"width":800,"height":450,"url":"https:\/\/centrourbano.com\/revista\/wp-content\/uploads\/Canc\u00fan_1-e1563404141621.jpg","type":"image\/jpeg"}],"author":"Edgar Rosas","twitter_card":"summary_large_image","twitter_creator":"@https:\/\/twitter.com\/ERosasCU?s=09","twitter_site":"@CentroUrbano","twitter_misc":{"Escrito por":"Edgar Rosas","Tiempo de lectura":"3 minutos"},"schema":{"@context":"https:\/\/schema.org","@graph":[{"@type":"Article","@id":"https:\/\/centrourbano.com\/revista\/entrevistas\/inversion-centros-cancun-tulum\/#article","isPartOf":{"@id":"https:\/\/centrourbano.com\/revista\/entrevistas\/inversion-centros-cancun-tulum\/"},"author":{"name":"Edgar Rosas","@id":"https:\/\/centrourbano.com\/revista\/#\/schema\/person\/ff3c00651ce5b1630479d2cd0c2e3ac0"},"headline":"Buscan atraer inversi\u00f3n en los centros de Canc\u00fan y Tul\u00fam","datePublished":"2019-07-17T22:57:42+00:00","dateModified":"2019-07-17T23:34:32+00:00","mainEntityOfPage":{"@id":"https:\/\/centrourbano.com\/revista\/entrevistas\/inversion-centros-cancun-tulum\/"},"wordCount":543,"commentCount":0,"publisher":{"@id":"https:\/\/centrourbano.com\/revista\/#organization"},"image":{"@id":"https:\/\/centrourbano.com\/revista\/entrevistas\/inversion-centros-cancun-tulum\/#primaryimage"},"thumbnailUrl":"https:\/\/centrourbano.com\/revista\/wp-content\/uploads\/Canc\u00fan_1-e1563404141621.jpg","keywords":["Canc\u00fan","Carlos R\u00edos Castellanos","Quintana Roo","Secretaria de Desarrollo Territorial Urbano Sustentable de Quintana Roo","Sedetus","Tulum"],"articleSection":["Entrevistas"],"inLanguage":"es","potentialAction":[{"@type":"CommentAction","name":"Comment","target":["https:\/\/centrourbano.com\/revista\/entrevistas\/inversion-centros-cancun-tulum\/#respond"]}]},{"@type":"WebPage","@id":"https:\/\/centrourbano.com\/revista\/entrevistas\/inversion-centros-cancun-tulum\/","url":"https:\/\/centrourbano.com\/revista\/entrevistas\/inversion-centros-cancun-tulum\/","name":"Buscan atraer inversi\u00f3n inmobiliaria en los centros de Canc\u00fan y Tul\u00fam","isPartOf":{"@id":"https:\/\/centrourbano.com\/revista\/#website"},"primaryImageOfPage":{"@id":"https:\/\/centrourbano.com\/revista\/entrevistas\/inversion-centros-cancun-tulum\/#primaryimage"},"image":{"@id":"https:\/\/centrourbano.com\/revista\/entrevistas\/inversion-centros-cancun-tulum\/#primaryimage"},"thumbnailUrl":"https:\/\/centrourbano.com\/revista\/wp-content\/uploads\/Canc\u00fan_1-e1563404141621.jpg","datePublished":"2019-07-17T22:57:42+00:00","dateModified":"2019-07-17T23:34:32+00:00","description":"El gobierno de Quintana Roo planea detonar la inversi\u00f3n inmobiliaria en los centros de Canc\u00fan y Tul\u00fam. Y es que las autoridades del estado...","breadcrumb":{"@id":"https:\/\/centrourbano.com\/revista\/entrevistas\/inversion-centros-cancun-tulum\/#breadcrumb"},"inLanguage":"es","potentialAction":[{"@type":"ReadAction","target":["https:\/\/centrourbano.com\/revista\/entrevistas\/inversion-centros-cancun-tulum\/"]}]},{"@type":"ImageObject","inLanguage":"es","@id":"https:\/\/centrourbano.com\/revista\/entrevistas\/inversion-centros-cancun-tulum\/#primaryimage","url":"https:\/\/centrourbano.com\/revista\/wp-content\/uploads\/Canc\u00fan_1-e1563404141621.jpg","contentUrl":"https:\/\/centrourbano.com\/revista\/wp-content\/uploads\/Canc\u00fan_1-e1563404141621.jpg","width":800,"height":450,"caption":"El proyecto busca revitalizar estas zonas con una perspectiva integral, que incluye a la IP"},{"@type":"BreadcrumbList","@id":"https:\/\/centrourbano.com\/revista\/entrevistas\/inversion-centros-cancun-tulum\/#breadcrumb","itemListElement":[{"@type":"ListItem","position":1,"name":"Portada","item":"https:\/\/centrourbano.com\/revista\/"},{"@type":"ListItem","position":2,"name":"Buscan atraer inversi\u00f3n en los centros de Canc\u00fan y Tul\u00fam"}]},{"@type":"WebSite","@id":"https:\/\/centrourbano.com\/revista\/#website","url":"https:\/\/centrourbano.com\/revista\/","name":"Centro Urbano","description":"Medio especializado en los sectores vivienda, inmobiliario, construcci\u00f3n, arquitectura y urbanismo.","publisher":{"@id":"https:\/\/centrourbano.com\/revista\/#organization"},"potentialAction":[{"@type":"SearchAction","target":{"@type":"EntryPoint","urlTemplate":"https:\/\/centrourbano.com\/revista\/?s={search_term_string}"},"query-input":{"@type":"PropertyValueSpecification","valueRequired":true,"valueName":"search_term_string"}}],"inLanguage":"es"},{"@type":"Organization","@id":"https:\/\/centrourbano.com\/revista\/#organization","name":"Centro Urbano","url":"https:\/\/centrourbano.com\/revista\/","logo":{"@type":"ImageObject","inLanguage":"es","@id":"https:\/\/centrourbano.com\/revista\/#\/schema\/logo\/image\/","url":"https:\/\/centrourbano.com\/revista\/wp-content\/uploads\/web_CU_logo-1.png","contentUrl":"https:\/\/centrourbano.com\/revista\/wp-content\/uploads\/web_CU_logo-1.png","width":350,"height":91,"caption":"Centro Urbano"},"image":{"@id":"https:\/\/centrourbano.com\/revista\/#\/schema\/logo\/image\/"},"sameAs":["https:\/\/www.facebook.com\/portalcentrourbano","https:\/\/x.com\/CentroUrbano","https:\/\/www.instagram.com\/centro_urbano\/","https:\/\/www.linkedin.com\/company\/centro-urbano\/","http:\/\/www.youtube.com\/user\/portalcentrourbano"]},{"@type":"Person","@id":"https:\/\/centrourbano.com\/revista\/#\/schema\/person\/ff3c00651ce5b1630479d2cd0c2e3ac0","name":"Edgar Rosas","image":{"@type":"ImageObject","inLanguage":"es","@id":"https:\/\/secure.gravatar.com\/avatar\/94440c4283495211faa5300bf85e80061036b83fced868c3783aa1310b350d9c?s=96&d=mm&r=g","url":"https:\/\/secure.gravatar.com\/avatar\/94440c4283495211faa5300bf85e80061036b83fced868c3783aa1310b350d9c?s=96&d=mm&r=g","contentUrl":"https:\/\/secure.gravatar.com\/avatar\/94440c4283495211faa5300bf85e80061036b83fced868c3783aa1310b350d9c?s=96&d=mm&r=g","caption":"Edgar Rosas"},"description":"Editor en Jefe de Centro Urbano. Egresado de la maestr\u00eda en Periodismo Pol\u00edtico de la Escuela de Periodismo Carlos Septi\u00e9n Garc\u00eda (EPCSG). Estudi\u00f3 la licenciatura en Comunicaci\u00f3n en la Universidad Mexicana. Amante de la cr\u00f3nica y el reportaje. Admirador de Vicente Le\u00f1ero y Miguel \u00c1ngel Granados Chapa.","sameAs":["https:\/\/x.com\/https:\/\/twitter.com\/ERosasCU?s=09"],"url":"https:\/\/centrourbano.com\/revista\/author\/edgar-rosas\/"}]}},"_links":{"self":[{"href":"https:\/\/centrourbano.com\/revista\/wp-json\/wp\/v2\/posts\/93384","targetHints":{"allow":["GET"]}}],"collection":[{"href":"https:\/\/centrourbano.com\/revista\/wp-json\/wp\/v2\/posts"}],"about":[{"href":"https:\/\/centrourbano.com\/revista\/wp-json\/wp\/v2\/types\/post"}],"author":[{"embeddable":true,"href":"https:\/\/centrourbano.com\/revista\/wp-json\/wp\/v2\/users\/47"}],"replies":[{"embeddable":true,"href":"https:\/\/centrourbano.com\/revista\/wp-json\/wp\/v2\/comments?post=93384"}],"version-history":[{"count":7,"href":"https:\/\/centrourbano.com\/revista\/wp-json\/wp\/v2\/posts\/93384\/revisions"}],"predecessor-version":[{"id":93401,"href":"https:\/\/centrourbano.com\/revista\/wp-json\/wp\/v2\/posts\/93384\/revisions\/93401"}],"wp:featuredmedia":[{"embeddable":true,"href":"https:\/\/centrourbano.com\/revista\/wp-json\/wp\/v2\/media\/93386"}],"wp:attachment":[{"href":"https:\/\/centrourbano.com\/revista\/wp-json\/wp\/v2\/media?parent=93384"}],"wp:term":[{"taxonomy":"category","embeddable":true,"href":"https:\/\/centrourbano.com\/revista\/wp-json\/wp\/v2\/categories?post=93384"},{"taxonomy":"post_tag","embeddable":true,"href":"https:\/\/centrourbano.com\/revista\/wp-json\/wp\/v2\/tags?post=93384"}],"curies":[{"name":"wp","href":"https:\/\/api.w.org\/{rel}","templated":true}]}}