{"id":93121,"date":"2019-07-11T16:20:16","date_gmt":"2019-07-11T21:20:16","guid":{"rendered":"https:\/\/centrourbano.com\/?p=93121"},"modified":"2019-07-11T16:31:59","modified_gmt":"2019-07-11T21:31:59","slug":"iruv-ventanilla-unica-campeche","status":"publish","type":"post","link":"https:\/\/centrourbano.com\/revista\/vivienda\/iruv-ventanilla-unica-campeche\/","title":{"rendered":"Implementar\u00e1 RUV ventanilla \u00fanica en Campeche"},"content":{"rendered":"<p><em>El objetivo es agilizar la tramitolog\u00eda e impulsar el desarrollo de vivienda <\/em><!--more--><\/p>\n<p>Con el fin de agilizar los procesos e impulsar la construcci\u00f3n de vivienda, el <strong>Registro \u00danico de Vivienda<\/strong> (RUV) y el ayuntamiento de <strong>Campeche<\/strong> firmaron un convenio de colaboraci\u00f3n. Con este acto, el RUV brindar\u00e1 a las autoridades locales la aplicaci\u00f3n de la <strong>Ventanilla \u00danica Virtual<\/strong>, herramienta desarrollada por este organismo.<\/p>\n<p>De acuerdo con el RUV, la implementaci\u00f3n de la ventanilla digital permite aumentar la eficiencia en el tema de la tramitolog\u00eda. Este rubro es importante, dijo, en aras de atender la gesti\u00f3n de proyectos habitacionales y con ello colaborar para la concreci\u00f3n del derecho a la vivienda.<\/p>\n<p>Al respecto, <strong>Ignacio Reyes<\/strong>, integrante de la <strong>Canadevi Campeche<\/strong>, reconoci\u00f3 la val\u00eda de este hecho. Asegur\u00f3 que para generar vivienda adeuda y as\u00ed atender el reto habitacional, es importante trabajar en la tramitolog\u00eda, y reducir los tiempos para el otorgamiento de permiso.<\/p>\n<p>[quote]\u201cPara generar vivienda asequible y adecuada tenemos que trabajar en la tramitolog\u00eda de estados y municipios este convenio de la ventanilla \u00fanica virtual RUV es un paso importante para el municipio y el estado de Campeche para atender de manera transparente y oportuna a la poblaci\u00f3n de bajos ingresos para generar la dualidad intr\u00ednseca de la vivienda de desarrollo social y econ\u00f3mico de M\u00e9xico\u201d, expres\u00f3.[\/quote]<\/p>\n<p>Con la firma del convenio, las autoridades municipales se comprometen a reducir el proceso de revisi\u00f3n documental, y con ello la entrega de permisos para la construcci\u00f3n de vivienda, esto auxiliados de la Ventanilla \u00danica virtual.<\/p>\n","protected":false},"excerpt":{"rendered":"<p>El objetivo es agilizar la tramitolog\u00eda e impulsar el desarrollo de vivienda<\/p>\n","protected":false},"author":47,"featured_media":93122,"comment_status":"open","ping_status":"closed","sticky":false,"template":"","format":"standard","meta":{"om_disable_all_campaigns":false,"inline_featured_image":false,"_monsterinsights_skip_tracking":false,"_monsterinsights_sitenote_active":false,"_monsterinsights_sitenote_note":"","_monsterinsights_sitenote_category":0,"footnotes":""},"categories":[12],"tags":[607,1508,104,14591],"class_list":["post-93121","post","type-post","status-publish","format-standard","has-post-thumbnail","hentry","category-vivienda","tag-campeche","tag-registro-unico-de-vivienda","tag-ruv","tag-ventanilla-unica-virtual"],"yoast_head":"<!-- This site is optimized with the Yoast SEO plugin v27.5 - https:\/\/yoast.com\/product\/yoast-seo-wordpress\/ -->\n<title>Implementar\u00e1 RUV ventanilla \u00fanica virtual en Campeche<\/title>\n<meta name=\"description\" content=\"Con el fin de agilizar los procesos e impulsar la construcci\u00f3n de vivienda, el Registro \u00danico de Vivienda (RUV) y el ayuntamiento de Campeche...\" \/>\n<meta name=\"robots\" content=\"index, follow, max-snippet:-1, max-image-preview:large, max-video-preview:-1\" \/>\n<link rel=\"canonical\" href=\"https:\/\/centrourbano.com\/revista\/vivienda\/iruv-ventanilla-unica-campeche\/\" \/>\n<meta property=\"og:locale\" content=\"es_ES\" \/>\n<meta property=\"og:type\" content=\"article\" \/>\n<meta property=\"og:title\" content=\"Implementar\u00e1 RUV ventanilla \u00fanica virtual en Campeche\" \/>\n<meta property=\"og:description\" content=\"Con el fin de agilizar los procesos e impulsar la construcci\u00f3n de vivienda, el Registro \u00danico de Vivienda (RUV) y el ayuntamiento de Campeche...\" \/>\n<meta property=\"og:url\" content=\"https:\/\/centrourbano.com\/revista\/vivienda\/iruv-ventanilla-unica-campeche\/\" \/>\n<meta property=\"og:site_name\" content=\"Centro Urbano\" \/>\n<meta property=\"article:publisher\" content=\"https:\/\/www.facebook.com\/portalcentrourbano\" \/>\n<meta property=\"article:published_time\" content=\"2019-07-11T21:20:16+00:00\" \/>\n<meta property=\"article:modified_time\" content=\"2019-07-11T21:31:59+00:00\" \/>\n<meta property=\"og:image\" content=\"https:\/\/centrourbano.com\/revista\/wp-content\/uploads\/67138361_10156110314277511_997432388432691200_n.jpg\" \/>\n\t<meta property=\"og:image:width\" content=\"960\" \/>\n\t<meta property=\"og:image:height\" content=\"720\" \/>\n\t<meta property=\"og:image:type\" content=\"image\/jpeg\" \/>\n<meta name=\"author\" content=\"Edgar Rosas\" \/>\n<meta name=\"twitter:card\" content=\"summary_large_image\" \/>\n<meta name=\"twitter:creator\" content=\"@https:\/\/twitter.com\/ERosasCU?s=09\" \/>\n<meta name=\"twitter:site\" content=\"@CentroUrbano\" \/>\n<meta name=\"twitter:label1\" content=\"Escrito por\" \/>\n\t<meta name=\"twitter:data1\" content=\"Edgar Rosas\" \/>\n\t<meta name=\"twitter:label2\" content=\"Tiempo de lectura\" \/>\n\t<meta name=\"twitter:data2\" content=\"1 minuto\" \/>\n<script type=\"application\/ld+json\" class=\"yoast-schema-graph\">{\"@context\":\"https:\\\/\\\/schema.org\",\"@graph\":[{\"@type\":\"Article\",\"@id\":\"https:\\\/\\\/centrourbano.com\\\/revista\\\/vivienda\\\/iruv-ventanilla-unica-campeche\\\/#article\",\"isPartOf\":{\"@id\":\"https:\\\/\\\/centrourbano.com\\\/revista\\\/vivienda\\\/iruv-ventanilla-unica-campeche\\\/\"},\"author\":{\"name\":\"Edgar Rosas\",\"@id\":\"https:\\\/\\\/centrourbano.com\\\/revista\\\/#\\\/schema\\\/person\\\/ff3c00651ce5b1630479d2cd0c2e3ac0\"},\"headline\":\"Implementar\u00e1 RUV ventanilla \u00fanica en Campeche\",\"datePublished\":\"2019-07-11T21:20:16+00:00\",\"dateModified\":\"2019-07-11T21:31:59+00:00\",\"mainEntityOfPage\":{\"@id\":\"https:\\\/\\\/centrourbano.com\\\/revista\\\/vivienda\\\/iruv-ventanilla-unica-campeche\\\/\"},\"wordCount\":278,\"commentCount\":0,\"publisher\":{\"@id\":\"https:\\\/\\\/centrourbano.com\\\/revista\\\/#organization\"},\"image\":{\"@id\":\"https:\\\/\\\/centrourbano.com\\\/revista\\\/vivienda\\\/iruv-ventanilla-unica-campeche\\\/#primaryimage\"},\"thumbnailUrl\":\"https:\\\/\\\/centrourbano.com\\\/revista\\\/wp-content\\\/uploads\\\/67138361_10156110314277511_997432388432691200_n.jpg\",\"keywords\":[\"campeche\",\"Registro \u00danico de Vivienda\",\"RUV\",\"Ventanilla \u00danica Virtual\"],\"articleSection\":[\"Vivienda\"],\"inLanguage\":\"es\",\"potentialAction\":[{\"@type\":\"CommentAction\",\"name\":\"Comment\",\"target\":[\"https:\\\/\\\/centrourbano.com\\\/revista\\\/vivienda\\\/iruv-ventanilla-unica-campeche\\\/#respond\"]}]},{\"@type\":\"WebPage\",\"@id\":\"https:\\\/\\\/centrourbano.com\\\/revista\\\/vivienda\\\/iruv-ventanilla-unica-campeche\\\/\",\"url\":\"https:\\\/\\\/centrourbano.com\\\/revista\\\/vivienda\\\/iruv-ventanilla-unica-campeche\\\/\",\"name\":\"Implementar\u00e1 RUV ventanilla \u00fanica virtual en Campeche\",\"isPartOf\":{\"@id\":\"https:\\\/\\\/centrourbano.com\\\/revista\\\/#website\"},\"primaryImageOfPage\":{\"@id\":\"https:\\\/\\\/centrourbano.com\\\/revista\\\/vivienda\\\/iruv-ventanilla-unica-campeche\\\/#primaryimage\"},\"image\":{\"@id\":\"https:\\\/\\\/centrourbano.com\\\/revista\\\/vivienda\\\/iruv-ventanilla-unica-campeche\\\/#primaryimage\"},\"thumbnailUrl\":\"https:\\\/\\\/centrourbano.com\\\/revista\\\/wp-content\\\/uploads\\\/67138361_10156110314277511_997432388432691200_n.jpg\",\"datePublished\":\"2019-07-11T21:20:16+00:00\",\"dateModified\":\"2019-07-11T21:31:59+00:00\",\"description\":\"Con el fin de agilizar los procesos e impulsar la construcci\u00f3n de vivienda, el Registro \u00danico de Vivienda (RUV) y el ayuntamiento de Campeche...\",\"breadcrumb\":{\"@id\":\"https:\\\/\\\/centrourbano.com\\\/revista\\\/vivienda\\\/iruv-ventanilla-unica-campeche\\\/#breadcrumb\"},\"inLanguage\":\"es\",\"potentialAction\":[{\"@type\":\"ReadAction\",\"target\":[\"https:\\\/\\\/centrourbano.com\\\/revista\\\/vivienda\\\/iruv-ventanilla-unica-campeche\\\/\"]}]},{\"@type\":\"ImageObject\",\"inLanguage\":\"es\",\"@id\":\"https:\\\/\\\/centrourbano.com\\\/revista\\\/vivienda\\\/iruv-ventanilla-unica-campeche\\\/#primaryimage\",\"url\":\"https:\\\/\\\/centrourbano.com\\\/revista\\\/wp-content\\\/uploads\\\/67138361_10156110314277511_997432388432691200_n.jpg\",\"contentUrl\":\"https:\\\/\\\/centrourbano.com\\\/revista\\\/wp-content\\\/uploads\\\/67138361_10156110314277511_997432388432691200_n.jpg\",\"width\":960,\"height\":720,\"caption\":\"El objetivo es agilizar la tramitolog\u00eda e impulsar el desarrollo de vivienda\"},{\"@type\":\"BreadcrumbList\",\"@id\":\"https:\\\/\\\/centrourbano.com\\\/revista\\\/vivienda\\\/iruv-ventanilla-unica-campeche\\\/#breadcrumb\",\"itemListElement\":[{\"@type\":\"ListItem\",\"position\":1,\"name\":\"Portada\",\"item\":\"https:\\\/\\\/centrourbano.com\\\/revista\\\/\"},{\"@type\":\"ListItem\",\"position\":2,\"name\":\"Implementar\u00e1 RUV ventanilla \u00fanica en Campeche\"}]},{\"@type\":\"WebSite\",\"@id\":\"https:\\\/\\\/centrourbano.com\\\/revista\\\/#website\",\"url\":\"https:\\\/\\\/centrourbano.com\\\/revista\\\/\",\"name\":\"Centro Urbano\",\"description\":\"Medio especializado en los sectores vivienda, inmobiliario, construcci\u00f3n, arquitectura y urbanismo.\",\"publisher\":{\"@id\":\"https:\\\/\\\/centrourbano.com\\\/revista\\\/#organization\"},\"potentialAction\":[{\"@type\":\"SearchAction\",\"target\":{\"@type\":\"EntryPoint\",\"urlTemplate\":\"https:\\\/\\\/centrourbano.com\\\/revista\\\/?s={search_term_string}\"},\"query-input\":{\"@type\":\"PropertyValueSpecification\",\"valueRequired\":true,\"valueName\":\"search_term_string\"}}],\"inLanguage\":\"es\"},{\"@type\":\"Organization\",\"@id\":\"https:\\\/\\\/centrourbano.com\\\/revista\\\/#organization\",\"name\":\"Centro Urbano\",\"url\":\"https:\\\/\\\/centrourbano.com\\\/revista\\\/\",\"logo\":{\"@type\":\"ImageObject\",\"inLanguage\":\"es\",\"@id\":\"https:\\\/\\\/centrourbano.com\\\/revista\\\/#\\\/schema\\\/logo\\\/image\\\/\",\"url\":\"https:\\\/\\\/centrourbano.com\\\/revista\\\/wp-content\\\/uploads\\\/web_CU_logo-1.png\",\"contentUrl\":\"https:\\\/\\\/centrourbano.com\\\/revista\\\/wp-content\\\/uploads\\\/web_CU_logo-1.png\",\"width\":350,\"height\":91,\"caption\":\"Centro Urbano\"},\"image\":{\"@id\":\"https:\\\/\\\/centrourbano.com\\\/revista\\\/#\\\/schema\\\/logo\\\/image\\\/\"},\"sameAs\":[\"https:\\\/\\\/www.facebook.com\\\/portalcentrourbano\",\"https:\\\/\\\/x.com\\\/CentroUrbano\",\"https:\\\/\\\/www.instagram.com\\\/centro_urbano\\\/\",\"https:\\\/\\\/www.linkedin.com\\\/company\\\/centro-urbano\\\/\",\"http:\\\/\\\/www.youtube.com\\\/user\\\/portalcentrourbano\"]},{\"@type\":\"Person\",\"@id\":\"https:\\\/\\\/centrourbano.com\\\/revista\\\/#\\\/schema\\\/person\\\/ff3c00651ce5b1630479d2cd0c2e3ac0\",\"name\":\"Edgar Rosas\",\"image\":{\"@type\":\"ImageObject\",\"inLanguage\":\"es\",\"@id\":\"https:\\\/\\\/secure.gravatar.com\\\/avatar\\\/94440c4283495211faa5300bf85e80061036b83fced868c3783aa1310b350d9c?s=96&d=mm&r=g\",\"url\":\"https:\\\/\\\/secure.gravatar.com\\\/avatar\\\/94440c4283495211faa5300bf85e80061036b83fced868c3783aa1310b350d9c?s=96&d=mm&r=g\",\"contentUrl\":\"https:\\\/\\\/secure.gravatar.com\\\/avatar\\\/94440c4283495211faa5300bf85e80061036b83fced868c3783aa1310b350d9c?s=96&d=mm&r=g\",\"caption\":\"Edgar Rosas\"},\"description\":\"Editor en Jefe de Centro Urbano. Egresado de la maestr\u00eda en Periodismo Pol\u00edtico de la Escuela de Periodismo Carlos Septi\u00e9n Garc\u00eda (EPCSG). Estudi\u00f3 la licenciatura en Comunicaci\u00f3n en la Universidad Mexicana. Amante de la cr\u00f3nica y el reportaje. Admirador de Vicente Le\u00f1ero y Miguel \u00c1ngel Granados Chapa.\",\"sameAs\":[\"https:\\\/\\\/x.com\\\/https:\\\/\\\/twitter.com\\\/ERosasCU?s=09\"],\"url\":\"https:\\\/\\\/centrourbano.com\\\/revista\\\/author\\\/edgar-rosas\\\/\"}]}<\/script>\n<!-- \/ Yoast SEO plugin. -->","yoast_head_json":{"title":"Implementar\u00e1 RUV ventanilla \u00fanica virtual en Campeche","description":"Con el fin de agilizar los procesos e impulsar la construcci\u00f3n de vivienda, el Registro \u00danico de Vivienda (RUV) y el ayuntamiento de Campeche...","robots":{"index":"index","follow":"follow","max-snippet":"max-snippet:-1","max-image-preview":"max-image-preview:large","max-video-preview":"max-video-preview:-1"},"canonical":"https:\/\/centrourbano.com\/revista\/vivienda\/iruv-ventanilla-unica-campeche\/","og_locale":"es_ES","og_type":"article","og_title":"Implementar\u00e1 RUV ventanilla \u00fanica virtual en Campeche","og_description":"Con el fin de agilizar los procesos e impulsar la construcci\u00f3n de vivienda, el Registro \u00danico de Vivienda (RUV) y el ayuntamiento de Campeche...","og_url":"https:\/\/centrourbano.com\/revista\/vivienda\/iruv-ventanilla-unica-campeche\/","og_site_name":"Centro Urbano","article_publisher":"https:\/\/www.facebook.com\/portalcentrourbano","article_published_time":"2019-07-11T21:20:16+00:00","article_modified_time":"2019-07-11T21:31:59+00:00","og_image":[{"width":960,"height":720,"url":"https:\/\/centrourbano.com\/revista\/wp-content\/uploads\/67138361_10156110314277511_997432388432691200_n.jpg","type":"image\/jpeg"}],"author":"Edgar Rosas","twitter_card":"summary_large_image","twitter_creator":"@https:\/\/twitter.com\/ERosasCU?s=09","twitter_site":"@CentroUrbano","twitter_misc":{"Escrito por":"Edgar Rosas","Tiempo de lectura":"1 minuto"},"schema":{"@context":"https:\/\/schema.org","@graph":[{"@type":"Article","@id":"https:\/\/centrourbano.com\/revista\/vivienda\/iruv-ventanilla-unica-campeche\/#article","isPartOf":{"@id":"https:\/\/centrourbano.com\/revista\/vivienda\/iruv-ventanilla-unica-campeche\/"},"author":{"name":"Edgar Rosas","@id":"https:\/\/centrourbano.com\/revista\/#\/schema\/person\/ff3c00651ce5b1630479d2cd0c2e3ac0"},"headline":"Implementar\u00e1 RUV ventanilla \u00fanica en Campeche","datePublished":"2019-07-11T21:20:16+00:00","dateModified":"2019-07-11T21:31:59+00:00","mainEntityOfPage":{"@id":"https:\/\/centrourbano.com\/revista\/vivienda\/iruv-ventanilla-unica-campeche\/"},"wordCount":278,"commentCount":0,"publisher":{"@id":"https:\/\/centrourbano.com\/revista\/#organization"},"image":{"@id":"https:\/\/centrourbano.com\/revista\/vivienda\/iruv-ventanilla-unica-campeche\/#primaryimage"},"thumbnailUrl":"https:\/\/centrourbano.com\/revista\/wp-content\/uploads\/67138361_10156110314277511_997432388432691200_n.jpg","keywords":["campeche","Registro \u00danico de Vivienda","RUV","Ventanilla \u00danica Virtual"],"articleSection":["Vivienda"],"inLanguage":"es","potentialAction":[{"@type":"CommentAction","name":"Comment","target":["https:\/\/centrourbano.com\/revista\/vivienda\/iruv-ventanilla-unica-campeche\/#respond"]}]},{"@type":"WebPage","@id":"https:\/\/centrourbano.com\/revista\/vivienda\/iruv-ventanilla-unica-campeche\/","url":"https:\/\/centrourbano.com\/revista\/vivienda\/iruv-ventanilla-unica-campeche\/","name":"Implementar\u00e1 RUV ventanilla \u00fanica virtual en Campeche","isPartOf":{"@id":"https:\/\/centrourbano.com\/revista\/#website"},"primaryImageOfPage":{"@id":"https:\/\/centrourbano.com\/revista\/vivienda\/iruv-ventanilla-unica-campeche\/#primaryimage"},"image":{"@id":"https:\/\/centrourbano.com\/revista\/vivienda\/iruv-ventanilla-unica-campeche\/#primaryimage"},"thumbnailUrl":"https:\/\/centrourbano.com\/revista\/wp-content\/uploads\/67138361_10156110314277511_997432388432691200_n.jpg","datePublished":"2019-07-11T21:20:16+00:00","dateModified":"2019-07-11T21:31:59+00:00","description":"Con el fin de agilizar los procesos e impulsar la construcci\u00f3n de vivienda, el Registro \u00danico de Vivienda (RUV) y el ayuntamiento de Campeche...","breadcrumb":{"@id":"https:\/\/centrourbano.com\/revista\/vivienda\/iruv-ventanilla-unica-campeche\/#breadcrumb"},"inLanguage":"es","potentialAction":[{"@type":"ReadAction","target":["https:\/\/centrourbano.com\/revista\/vivienda\/iruv-ventanilla-unica-campeche\/"]}]},{"@type":"ImageObject","inLanguage":"es","@id":"https:\/\/centrourbano.com\/revista\/vivienda\/iruv-ventanilla-unica-campeche\/#primaryimage","url":"https:\/\/centrourbano.com\/revista\/wp-content\/uploads\/67138361_10156110314277511_997432388432691200_n.jpg","contentUrl":"https:\/\/centrourbano.com\/revista\/wp-content\/uploads\/67138361_10156110314277511_997432388432691200_n.jpg","width":960,"height":720,"caption":"El objetivo es agilizar la tramitolog\u00eda e impulsar el desarrollo de vivienda"},{"@type":"BreadcrumbList","@id":"https:\/\/centrourbano.com\/revista\/vivienda\/iruv-ventanilla-unica-campeche\/#breadcrumb","itemListElement":[{"@type":"ListItem","position":1,"name":"Portada","item":"https:\/\/centrourbano.com\/revista\/"},{"@type":"ListItem","position":2,"name":"Implementar\u00e1 RUV ventanilla \u00fanica en Campeche"}]},{"@type":"WebSite","@id":"https:\/\/centrourbano.com\/revista\/#website","url":"https:\/\/centrourbano.com\/revista\/","name":"Centro Urbano","description":"Medio especializado en los sectores vivienda, inmobiliario, construcci\u00f3n, arquitectura y urbanismo.","publisher":{"@id":"https:\/\/centrourbano.com\/revista\/#organization"},"potentialAction":[{"@type":"SearchAction","target":{"@type":"EntryPoint","urlTemplate":"https:\/\/centrourbano.com\/revista\/?s={search_term_string}"},"query-input":{"@type":"PropertyValueSpecification","valueRequired":true,"valueName":"search_term_string"}}],"inLanguage":"es"},{"@type":"Organization","@id":"https:\/\/centrourbano.com\/revista\/#organization","name":"Centro Urbano","url":"https:\/\/centrourbano.com\/revista\/","logo":{"@type":"ImageObject","inLanguage":"es","@id":"https:\/\/centrourbano.com\/revista\/#\/schema\/logo\/image\/","url":"https:\/\/centrourbano.com\/revista\/wp-content\/uploads\/web_CU_logo-1.png","contentUrl":"https:\/\/centrourbano.com\/revista\/wp-content\/uploads\/web_CU_logo-1.png","width":350,"height":91,"caption":"Centro Urbano"},"image":{"@id":"https:\/\/centrourbano.com\/revista\/#\/schema\/logo\/image\/"},"sameAs":["https:\/\/www.facebook.com\/portalcentrourbano","https:\/\/x.com\/CentroUrbano","https:\/\/www.instagram.com\/centro_urbano\/","https:\/\/www.linkedin.com\/company\/centro-urbano\/","http:\/\/www.youtube.com\/user\/portalcentrourbano"]},{"@type":"Person","@id":"https:\/\/centrourbano.com\/revista\/#\/schema\/person\/ff3c00651ce5b1630479d2cd0c2e3ac0","name":"Edgar Rosas","image":{"@type":"ImageObject","inLanguage":"es","@id":"https:\/\/secure.gravatar.com\/avatar\/94440c4283495211faa5300bf85e80061036b83fced868c3783aa1310b350d9c?s=96&d=mm&r=g","url":"https:\/\/secure.gravatar.com\/avatar\/94440c4283495211faa5300bf85e80061036b83fced868c3783aa1310b350d9c?s=96&d=mm&r=g","contentUrl":"https:\/\/secure.gravatar.com\/avatar\/94440c4283495211faa5300bf85e80061036b83fced868c3783aa1310b350d9c?s=96&d=mm&r=g","caption":"Edgar Rosas"},"description":"Editor en Jefe de Centro Urbano. Egresado de la maestr\u00eda en Periodismo Pol\u00edtico de la Escuela de Periodismo Carlos Septi\u00e9n Garc\u00eda (EPCSG). Estudi\u00f3 la licenciatura en Comunicaci\u00f3n en la Universidad Mexicana. Amante de la cr\u00f3nica y el reportaje. Admirador de Vicente Le\u00f1ero y Miguel \u00c1ngel Granados Chapa.","sameAs":["https:\/\/x.com\/https:\/\/twitter.com\/ERosasCU?s=09"],"url":"https:\/\/centrourbano.com\/revista\/author\/edgar-rosas\/"}]}},"_links":{"self":[{"href":"https:\/\/centrourbano.com\/revista\/wp-json\/wp\/v2\/posts\/93121","targetHints":{"allow":["GET"]}}],"collection":[{"href":"https:\/\/centrourbano.com\/revista\/wp-json\/wp\/v2\/posts"}],"about":[{"href":"https:\/\/centrourbano.com\/revista\/wp-json\/wp\/v2\/types\/post"}],"author":[{"embeddable":true,"href":"https:\/\/centrourbano.com\/revista\/wp-json\/wp\/v2\/users\/47"}],"replies":[{"embeddable":true,"href":"https:\/\/centrourbano.com\/revista\/wp-json\/wp\/v2\/comments?post=93121"}],"version-history":[{"count":3,"href":"https:\/\/centrourbano.com\/revista\/wp-json\/wp\/v2\/posts\/93121\/revisions"}],"predecessor-version":[{"id":93126,"href":"https:\/\/centrourbano.com\/revista\/wp-json\/wp\/v2\/posts\/93121\/revisions\/93126"}],"wp:featuredmedia":[{"embeddable":true,"href":"https:\/\/centrourbano.com\/revista\/wp-json\/wp\/v2\/media\/93122"}],"wp:attachment":[{"href":"https:\/\/centrourbano.com\/revista\/wp-json\/wp\/v2\/media?parent=93121"}],"wp:term":[{"taxonomy":"category","embeddable":true,"href":"https:\/\/centrourbano.com\/revista\/wp-json\/wp\/v2\/categories?post=93121"},{"taxonomy":"post_tag","embeddable":true,"href":"https:\/\/centrourbano.com\/revista\/wp-json\/wp\/v2\/tags?post=93121"}],"curies":[{"name":"wp","href":"https:\/\/api.w.org\/{rel}","templated":true}]}}