{"id":92849,"date":"2019-07-08T13:55:55","date_gmt":"2019-07-08T18:55:55","guid":{"rendered":"https:\/\/centrourbano.com\/?p=92849"},"modified":"2019-07-08T13:57:53","modified_gmt":"2019-07-08T18:57:53","slug":"sector-industrial-en-cdmx-busca-reactivacion","status":"publish","type":"post","link":"https:\/\/centrourbano.com\/revista\/inmobiliario\/sector-industrial-en-cdmx-busca-reactivacion\/","title":{"rendered":"Sector industrial en CDMX busca reactivaci\u00f3n"},"content":{"rendered":"<p><em>El arranque de nuevos proyectos industriales en la ciudad estuvo lenta, ya que s\u00f3lo se reporta el inicio de tres construcciones en el 2T<\/em><!--more--><\/p>\n<p>El mercado <strong>industrial<\/strong> de la Ciudad de M\u00e9xico y zona metropolitana quiere \u00abmayor agilidad\u00bb en las pol\u00edticas del nuevo gobierno para reactivar su actividad y atraer inversiones, de acuerdo informaci\u00f3n proporcionada por la plataforma de an\u00e1lisis de mercado Solili.<\/p>\n<p>En su Reporte Industrial 2019, la firma detalla que despu\u00e9s del primer semestre de 2019 \u00abinfluenciado por las decisiones del actual gobierno, los <strong>desarrolladores<\/strong> esperan mayor agilidad y continuidad de los proyectos\u00bb en el mercado industrial de esta regi\u00f3n.<\/p>\n<p>\u00abDepender\u00e1 de la certeza en pol\u00edtica econ\u00f3mica que emprenda el gobierno federal para determinar el comportamiento pr\u00f3ximo del mercado <strong>inmobiliario<\/strong> industrial en la Ciudad de M\u00e9xico\u00bb, agregan.<\/p>\n<p>En el segundo trimestre de 2019 el inventario industrial de la Ciudad de M\u00e9xico<strong> creci\u00f3 3.1%<\/strong>, con lo que a este periodo ronda ya en los 15.2 millones de metros cuadrados (m\u00b2). En este periodo se incorporaron <strong>8 naves de clase A y B,<\/strong> de m\u00e1s de 160,000 m\u00b2,\u00a045% de estas en el corredor de <strong>Tultitl\u00e1n<\/strong>.<\/p>\n<p>Sin embargo, el arranque de nuevos proyectos industriales en la ciudad estuvo lenta, ya que s\u00f3lo se reporta el inicio de<strong> tres construcciones Clase A<\/strong>, dos en <strong>Toluca<\/strong>, que suman casi 25,000 metros de \u00e1rea neta rentable, y otra en <strong>Vallejo<\/strong> con 5,000 metros.<\/p>\n","protected":false},"excerpt":{"rendered":"<p>El arranque de nuevos proyectos industriales en la ciudad estuvo lenta, ya que s\u00f3lo se reporta el inicio de tres construcciones en el 2T<\/p>\n","protected":false},"author":69,"featured_media":86332,"comment_status":"open","ping_status":"closed","sticky":false,"template":"","format":"standard","meta":{"om_disable_all_campaigns":false,"inline_featured_image":false,"_monsterinsights_skip_tracking":false,"_monsterinsights_sitenote_active":false,"_monsterinsights_sitenote_note":"","_monsterinsights_sitenote_category":0,"footnotes":""},"categories":[15],"tags":[115,21,11764],"class_list":["post-92849","post","type-post","status-publish","format-standard","has-post-thumbnail","hentry","category-inmobiliario","tag-industrial","tag-inmobiliario-2","tag-zmcdmx"],"yoast_head":"<!-- This site is optimized with the Yoast SEO plugin v27.4 - https:\/\/yoast.com\/product\/yoast-seo-wordpress\/ -->\n<title>Sector industrial en CDMX busca reactivaci\u00f3n<\/title>\n<meta name=\"description\" content=\"El arranque de nuevos proyectos industriales en la ciudad estuvo lenta, ya que s\u00f3lo se reporta el inicio de tres construcciones en el 2T\" \/>\n<meta name=\"robots\" content=\"index, follow, max-snippet:-1, max-image-preview:large, max-video-preview:-1\" \/>\n<link rel=\"canonical\" href=\"https:\/\/centrourbano.com\/revista\/inmobiliario\/sector-industrial-en-cdmx-busca-reactivacion\/\" \/>\n<meta property=\"og:locale\" content=\"es_ES\" \/>\n<meta property=\"og:type\" content=\"article\" \/>\n<meta property=\"og:title\" content=\"Sector industrial en CDMX busca reactivaci\u00f3n\" \/>\n<meta property=\"og:description\" content=\"El arranque de nuevos proyectos industriales en la ciudad estuvo lenta, ya que s\u00f3lo se reporta el inicio de tres construcciones en el 2T\" \/>\n<meta property=\"og:url\" content=\"https:\/\/centrourbano.com\/revista\/inmobiliario\/sector-industrial-en-cdmx-busca-reactivacion\/\" \/>\n<meta property=\"og:site_name\" content=\"Centro Urbano\" \/>\n<meta property=\"article:publisher\" content=\"https:\/\/www.facebook.com\/portalcentrourbano\" \/>\n<meta property=\"article:published_time\" content=\"2019-07-08T18:55:55+00:00\" \/>\n<meta property=\"article:modified_time\" content=\"2019-07-08T18:57:53+00:00\" \/>\n<meta property=\"og:image\" content=\"https:\/\/centrourbano.com\/revista\/wp-content\/uploads\/PARQUES_INDUS_1462818176.jpg\" \/>\n\t<meta property=\"og:image:width\" content=\"1920\" \/>\n\t<meta property=\"og:image:height\" content=\"1091\" \/>\n\t<meta property=\"og:image:type\" content=\"image\/jpeg\" \/>\n<meta name=\"author\" content=\"Fernando Navarrete\" \/>\n<meta name=\"twitter:card\" content=\"summary_large_image\" \/>\n<meta name=\"twitter:creator\" content=\"@CentroUrbano\" \/>\n<meta name=\"twitter:site\" content=\"@CentroUrbano\" \/>\n<meta name=\"twitter:label1\" content=\"Escrito por\" \/>\n\t<meta name=\"twitter:data1\" content=\"Fernando Navarrete\" \/>\n\t<meta name=\"twitter:label2\" content=\"Tiempo de lectura\" \/>\n\t<meta name=\"twitter:data2\" content=\"1 minuto\" \/>\n<script type=\"application\/ld+json\" class=\"yoast-schema-graph\">{\"@context\":\"https:\\\/\\\/schema.org\",\"@graph\":[{\"@type\":\"Article\",\"@id\":\"https:\\\/\\\/centrourbano.com\\\/revista\\\/inmobiliario\\\/sector-industrial-en-cdmx-busca-reactivacion\\\/#article\",\"isPartOf\":{\"@id\":\"https:\\\/\\\/centrourbano.com\\\/revista\\\/inmobiliario\\\/sector-industrial-en-cdmx-busca-reactivacion\\\/\"},\"author\":{\"name\":\"Fernando Navarrete\",\"@id\":\"https:\\\/\\\/centrourbano.com\\\/revista\\\/#\\\/schema\\\/person\\\/515c32d01ece40d20a7ed3fdf34051af\"},\"headline\":\"Sector industrial en CDMX busca reactivaci\u00f3n\",\"datePublished\":\"2019-07-08T18:55:55+00:00\",\"dateModified\":\"2019-07-08T18:57:53+00:00\",\"mainEntityOfPage\":{\"@id\":\"https:\\\/\\\/centrourbano.com\\\/revista\\\/inmobiliario\\\/sector-industrial-en-cdmx-busca-reactivacion\\\/\"},\"wordCount\":242,\"commentCount\":0,\"publisher\":{\"@id\":\"https:\\\/\\\/centrourbano.com\\\/revista\\\/#organization\"},\"image\":{\"@id\":\"https:\\\/\\\/centrourbano.com\\\/revista\\\/inmobiliario\\\/sector-industrial-en-cdmx-busca-reactivacion\\\/#primaryimage\"},\"thumbnailUrl\":\"https:\\\/\\\/centrourbano.com\\\/revista\\\/wp-content\\\/uploads\\\/PARQUES_INDUS_1462818176.jpg\",\"keywords\":[\"industrial\",\"inmobiliario\",\"ZMCDMX\"],\"articleSection\":[\"Inmobiliario\"],\"inLanguage\":\"es\",\"potentialAction\":[{\"@type\":\"CommentAction\",\"name\":\"Comment\",\"target\":[\"https:\\\/\\\/centrourbano.com\\\/revista\\\/inmobiliario\\\/sector-industrial-en-cdmx-busca-reactivacion\\\/#respond\"]}]},{\"@type\":\"WebPage\",\"@id\":\"https:\\\/\\\/centrourbano.com\\\/revista\\\/inmobiliario\\\/sector-industrial-en-cdmx-busca-reactivacion\\\/\",\"url\":\"https:\\\/\\\/centrourbano.com\\\/revista\\\/inmobiliario\\\/sector-industrial-en-cdmx-busca-reactivacion\\\/\",\"name\":\"Sector industrial en CDMX busca reactivaci\u00f3n\",\"isPartOf\":{\"@id\":\"https:\\\/\\\/centrourbano.com\\\/revista\\\/#website\"},\"primaryImageOfPage\":{\"@id\":\"https:\\\/\\\/centrourbano.com\\\/revista\\\/inmobiliario\\\/sector-industrial-en-cdmx-busca-reactivacion\\\/#primaryimage\"},\"image\":{\"@id\":\"https:\\\/\\\/centrourbano.com\\\/revista\\\/inmobiliario\\\/sector-industrial-en-cdmx-busca-reactivacion\\\/#primaryimage\"},\"thumbnailUrl\":\"https:\\\/\\\/centrourbano.com\\\/revista\\\/wp-content\\\/uploads\\\/PARQUES_INDUS_1462818176.jpg\",\"datePublished\":\"2019-07-08T18:55:55+00:00\",\"dateModified\":\"2019-07-08T18:57:53+00:00\",\"description\":\"El arranque de nuevos proyectos industriales en la ciudad estuvo lenta, ya que s\u00f3lo se reporta el inicio de tres construcciones en el 2T\",\"breadcrumb\":{\"@id\":\"https:\\\/\\\/centrourbano.com\\\/revista\\\/inmobiliario\\\/sector-industrial-en-cdmx-busca-reactivacion\\\/#breadcrumb\"},\"inLanguage\":\"es\",\"potentialAction\":[{\"@type\":\"ReadAction\",\"target\":[\"https:\\\/\\\/centrourbano.com\\\/revista\\\/inmobiliario\\\/sector-industrial-en-cdmx-busca-reactivacion\\\/\"]}]},{\"@type\":\"ImageObject\",\"inLanguage\":\"es\",\"@id\":\"https:\\\/\\\/centrourbano.com\\\/revista\\\/inmobiliario\\\/sector-industrial-en-cdmx-busca-reactivacion\\\/#primaryimage\",\"url\":\"https:\\\/\\\/centrourbano.com\\\/revista\\\/wp-content\\\/uploads\\\/PARQUES_INDUS_1462818176.jpg\",\"contentUrl\":\"https:\\\/\\\/centrourbano.com\\\/revista\\\/wp-content\\\/uploads\\\/PARQUES_INDUS_1462818176.jpg\",\"width\":1920,\"height\":1091,\"caption\":\"Con T-MEC se espera mayor demanda en el Baj\u00edo y Noreste: CBRE M\u00e9xico\"},{\"@type\":\"BreadcrumbList\",\"@id\":\"https:\\\/\\\/centrourbano.com\\\/revista\\\/inmobiliario\\\/sector-industrial-en-cdmx-busca-reactivacion\\\/#breadcrumb\",\"itemListElement\":[{\"@type\":\"ListItem\",\"position\":1,\"name\":\"Portada\",\"item\":\"https:\\\/\\\/centrourbano.com\\\/revista\\\/\"},{\"@type\":\"ListItem\",\"position\":2,\"name\":\"Sector industrial en CDMX busca reactivaci\u00f3n\"}]},{\"@type\":\"WebSite\",\"@id\":\"https:\\\/\\\/centrourbano.com\\\/revista\\\/#website\",\"url\":\"https:\\\/\\\/centrourbano.com\\\/revista\\\/\",\"name\":\"Centro Urbano\",\"description\":\"Medio especializado en los sectores vivienda, inmobiliario, construcci\u00f3n, arquitectura y urbanismo.\",\"publisher\":{\"@id\":\"https:\\\/\\\/centrourbano.com\\\/revista\\\/#organization\"},\"potentialAction\":[{\"@type\":\"SearchAction\",\"target\":{\"@type\":\"EntryPoint\",\"urlTemplate\":\"https:\\\/\\\/centrourbano.com\\\/revista\\\/?s={search_term_string}\"},\"query-input\":{\"@type\":\"PropertyValueSpecification\",\"valueRequired\":true,\"valueName\":\"search_term_string\"}}],\"inLanguage\":\"es\"},{\"@type\":\"Organization\",\"@id\":\"https:\\\/\\\/centrourbano.com\\\/revista\\\/#organization\",\"name\":\"Centro Urbano\",\"url\":\"https:\\\/\\\/centrourbano.com\\\/revista\\\/\",\"logo\":{\"@type\":\"ImageObject\",\"inLanguage\":\"es\",\"@id\":\"https:\\\/\\\/centrourbano.com\\\/revista\\\/#\\\/schema\\\/logo\\\/image\\\/\",\"url\":\"https:\\\/\\\/centrourbano.com\\\/revista\\\/wp-content\\\/uploads\\\/web_CU_logo-1.png\",\"contentUrl\":\"https:\\\/\\\/centrourbano.com\\\/revista\\\/wp-content\\\/uploads\\\/web_CU_logo-1.png\",\"width\":350,\"height\":91,\"caption\":\"Centro Urbano\"},\"image\":{\"@id\":\"https:\\\/\\\/centrourbano.com\\\/revista\\\/#\\\/schema\\\/logo\\\/image\\\/\"},\"sameAs\":[\"https:\\\/\\\/www.facebook.com\\\/portalcentrourbano\",\"https:\\\/\\\/x.com\\\/CentroUrbano\",\"https:\\\/\\\/www.instagram.com\\\/centro_urbano\\\/\",\"https:\\\/\\\/www.linkedin.com\\\/company\\\/centro-urbano\\\/\",\"http:\\\/\\\/www.youtube.com\\\/user\\\/portalcentrourbano\"]},{\"@type\":\"Person\",\"@id\":\"https:\\\/\\\/centrourbano.com\\\/revista\\\/#\\\/schema\\\/person\\\/515c32d01ece40d20a7ed3fdf34051af\",\"name\":\"Fernando Navarrete\",\"image\":{\"@type\":\"ImageObject\",\"inLanguage\":\"es\",\"@id\":\"https:\\\/\\\/secure.gravatar.com\\\/avatar\\\/f4dd6927a99e72698473e350e20ec8a38bd48cb668e15b03d04e8e537da41ad0?s=96&d=mm&r=g\",\"url\":\"https:\\\/\\\/secure.gravatar.com\\\/avatar\\\/f4dd6927a99e72698473e350e20ec8a38bd48cb668e15b03d04e8e537da41ad0?s=96&d=mm&r=g\",\"contentUrl\":\"https:\\\/\\\/secure.gravatar.com\\\/avatar\\\/f4dd6927a99e72698473e350e20ec8a38bd48cb668e15b03d04e8e537da41ad0?s=96&d=mm&r=g\",\"caption\":\"Fernando Navarrete\"},\"description\":\"Reportero de negocios, inmobiliario, construcci\u00f3n e industria. Me interesa la econom\u00eda, pol\u00edtica, historia y antropolog\u00eda. Estudi\u00e9 en la Facultad de Ciencias Pol\u00edticas y Sociales de la UNAM. Tengo experiencia en el sector p\u00fablico, la industria del acero, ingenier\u00eda civil, IT y corporativos; soy un nost\u00e1lgico nacionalista contempor\u00e1neo que cree en la grandeza de su pa\u00eds. Asiduo lector de Juan Rulfo, Jos\u00e9 Revueltas y J. R. R Tolkien.\",\"url\":\"https:\\\/\\\/centrourbano.com\\\/revista\\\/author\\\/fernando-navarrete\\\/\"}]}<\/script>\n<!-- \/ Yoast SEO plugin. -->","yoast_head_json":{"title":"Sector industrial en CDMX busca reactivaci\u00f3n","description":"El arranque de nuevos proyectos industriales en la ciudad estuvo lenta, ya que s\u00f3lo se reporta el inicio de tres construcciones en el 2T","robots":{"index":"index","follow":"follow","max-snippet":"max-snippet:-1","max-image-preview":"max-image-preview:large","max-video-preview":"max-video-preview:-1"},"canonical":"https:\/\/centrourbano.com\/revista\/inmobiliario\/sector-industrial-en-cdmx-busca-reactivacion\/","og_locale":"es_ES","og_type":"article","og_title":"Sector industrial en CDMX busca reactivaci\u00f3n","og_description":"El arranque de nuevos proyectos industriales en la ciudad estuvo lenta, ya que s\u00f3lo se reporta el inicio de tres construcciones en el 2T","og_url":"https:\/\/centrourbano.com\/revista\/inmobiliario\/sector-industrial-en-cdmx-busca-reactivacion\/","og_site_name":"Centro Urbano","article_publisher":"https:\/\/www.facebook.com\/portalcentrourbano","article_published_time":"2019-07-08T18:55:55+00:00","article_modified_time":"2019-07-08T18:57:53+00:00","og_image":[{"width":1920,"height":1091,"url":"https:\/\/centrourbano.com\/revista\/wp-content\/uploads\/PARQUES_INDUS_1462818176.jpg","type":"image\/jpeg"}],"author":"Fernando Navarrete","twitter_card":"summary_large_image","twitter_creator":"@CentroUrbano","twitter_site":"@CentroUrbano","twitter_misc":{"Escrito por":"Fernando Navarrete","Tiempo de lectura":"1 minuto"},"schema":{"@context":"https:\/\/schema.org","@graph":[{"@type":"Article","@id":"https:\/\/centrourbano.com\/revista\/inmobiliario\/sector-industrial-en-cdmx-busca-reactivacion\/#article","isPartOf":{"@id":"https:\/\/centrourbano.com\/revista\/inmobiliario\/sector-industrial-en-cdmx-busca-reactivacion\/"},"author":{"name":"Fernando Navarrete","@id":"https:\/\/centrourbano.com\/revista\/#\/schema\/person\/515c32d01ece40d20a7ed3fdf34051af"},"headline":"Sector industrial en CDMX busca reactivaci\u00f3n","datePublished":"2019-07-08T18:55:55+00:00","dateModified":"2019-07-08T18:57:53+00:00","mainEntityOfPage":{"@id":"https:\/\/centrourbano.com\/revista\/inmobiliario\/sector-industrial-en-cdmx-busca-reactivacion\/"},"wordCount":242,"commentCount":0,"publisher":{"@id":"https:\/\/centrourbano.com\/revista\/#organization"},"image":{"@id":"https:\/\/centrourbano.com\/revista\/inmobiliario\/sector-industrial-en-cdmx-busca-reactivacion\/#primaryimage"},"thumbnailUrl":"https:\/\/centrourbano.com\/revista\/wp-content\/uploads\/PARQUES_INDUS_1462818176.jpg","keywords":["industrial","inmobiliario","ZMCDMX"],"articleSection":["Inmobiliario"],"inLanguage":"es","potentialAction":[{"@type":"CommentAction","name":"Comment","target":["https:\/\/centrourbano.com\/revista\/inmobiliario\/sector-industrial-en-cdmx-busca-reactivacion\/#respond"]}]},{"@type":"WebPage","@id":"https:\/\/centrourbano.com\/revista\/inmobiliario\/sector-industrial-en-cdmx-busca-reactivacion\/","url":"https:\/\/centrourbano.com\/revista\/inmobiliario\/sector-industrial-en-cdmx-busca-reactivacion\/","name":"Sector industrial en CDMX busca reactivaci\u00f3n","isPartOf":{"@id":"https:\/\/centrourbano.com\/revista\/#website"},"primaryImageOfPage":{"@id":"https:\/\/centrourbano.com\/revista\/inmobiliario\/sector-industrial-en-cdmx-busca-reactivacion\/#primaryimage"},"image":{"@id":"https:\/\/centrourbano.com\/revista\/inmobiliario\/sector-industrial-en-cdmx-busca-reactivacion\/#primaryimage"},"thumbnailUrl":"https:\/\/centrourbano.com\/revista\/wp-content\/uploads\/PARQUES_INDUS_1462818176.jpg","datePublished":"2019-07-08T18:55:55+00:00","dateModified":"2019-07-08T18:57:53+00:00","description":"El arranque de nuevos proyectos industriales en la ciudad estuvo lenta, ya que s\u00f3lo se reporta el inicio de tres construcciones en el 2T","breadcrumb":{"@id":"https:\/\/centrourbano.com\/revista\/inmobiliario\/sector-industrial-en-cdmx-busca-reactivacion\/#breadcrumb"},"inLanguage":"es","potentialAction":[{"@type":"ReadAction","target":["https:\/\/centrourbano.com\/revista\/inmobiliario\/sector-industrial-en-cdmx-busca-reactivacion\/"]}]},{"@type":"ImageObject","inLanguage":"es","@id":"https:\/\/centrourbano.com\/revista\/inmobiliario\/sector-industrial-en-cdmx-busca-reactivacion\/#primaryimage","url":"https:\/\/centrourbano.com\/revista\/wp-content\/uploads\/PARQUES_INDUS_1462818176.jpg","contentUrl":"https:\/\/centrourbano.com\/revista\/wp-content\/uploads\/PARQUES_INDUS_1462818176.jpg","width":1920,"height":1091,"caption":"Con T-MEC se espera mayor demanda en el Baj\u00edo y Noreste: CBRE M\u00e9xico"},{"@type":"BreadcrumbList","@id":"https:\/\/centrourbano.com\/revista\/inmobiliario\/sector-industrial-en-cdmx-busca-reactivacion\/#breadcrumb","itemListElement":[{"@type":"ListItem","position":1,"name":"Portada","item":"https:\/\/centrourbano.com\/revista\/"},{"@type":"ListItem","position":2,"name":"Sector industrial en CDMX busca reactivaci\u00f3n"}]},{"@type":"WebSite","@id":"https:\/\/centrourbano.com\/revista\/#website","url":"https:\/\/centrourbano.com\/revista\/","name":"Centro Urbano","description":"Medio especializado en los sectores vivienda, inmobiliario, construcci\u00f3n, arquitectura y urbanismo.","publisher":{"@id":"https:\/\/centrourbano.com\/revista\/#organization"},"potentialAction":[{"@type":"SearchAction","target":{"@type":"EntryPoint","urlTemplate":"https:\/\/centrourbano.com\/revista\/?s={search_term_string}"},"query-input":{"@type":"PropertyValueSpecification","valueRequired":true,"valueName":"search_term_string"}}],"inLanguage":"es"},{"@type":"Organization","@id":"https:\/\/centrourbano.com\/revista\/#organization","name":"Centro Urbano","url":"https:\/\/centrourbano.com\/revista\/","logo":{"@type":"ImageObject","inLanguage":"es","@id":"https:\/\/centrourbano.com\/revista\/#\/schema\/logo\/image\/","url":"https:\/\/centrourbano.com\/revista\/wp-content\/uploads\/web_CU_logo-1.png","contentUrl":"https:\/\/centrourbano.com\/revista\/wp-content\/uploads\/web_CU_logo-1.png","width":350,"height":91,"caption":"Centro Urbano"},"image":{"@id":"https:\/\/centrourbano.com\/revista\/#\/schema\/logo\/image\/"},"sameAs":["https:\/\/www.facebook.com\/portalcentrourbano","https:\/\/x.com\/CentroUrbano","https:\/\/www.instagram.com\/centro_urbano\/","https:\/\/www.linkedin.com\/company\/centro-urbano\/","http:\/\/www.youtube.com\/user\/portalcentrourbano"]},{"@type":"Person","@id":"https:\/\/centrourbano.com\/revista\/#\/schema\/person\/515c32d01ece40d20a7ed3fdf34051af","name":"Fernando Navarrete","image":{"@type":"ImageObject","inLanguage":"es","@id":"https:\/\/secure.gravatar.com\/avatar\/f4dd6927a99e72698473e350e20ec8a38bd48cb668e15b03d04e8e537da41ad0?s=96&d=mm&r=g","url":"https:\/\/secure.gravatar.com\/avatar\/f4dd6927a99e72698473e350e20ec8a38bd48cb668e15b03d04e8e537da41ad0?s=96&d=mm&r=g","contentUrl":"https:\/\/secure.gravatar.com\/avatar\/f4dd6927a99e72698473e350e20ec8a38bd48cb668e15b03d04e8e537da41ad0?s=96&d=mm&r=g","caption":"Fernando Navarrete"},"description":"Reportero de negocios, inmobiliario, construcci\u00f3n e industria. Me interesa la econom\u00eda, pol\u00edtica, historia y antropolog\u00eda. Estudi\u00e9 en la Facultad de Ciencias Pol\u00edticas y Sociales de la UNAM. Tengo experiencia en el sector p\u00fablico, la industria del acero, ingenier\u00eda civil, IT y corporativos; soy un nost\u00e1lgico nacionalista contempor\u00e1neo que cree en la grandeza de su pa\u00eds. Asiduo lector de Juan Rulfo, Jos\u00e9 Revueltas y J. R. R Tolkien.","url":"https:\/\/centrourbano.com\/revista\/author\/fernando-navarrete\/"}]}},"_links":{"self":[{"href":"https:\/\/centrourbano.com\/revista\/wp-json\/wp\/v2\/posts\/92849","targetHints":{"allow":["GET"]}}],"collection":[{"href":"https:\/\/centrourbano.com\/revista\/wp-json\/wp\/v2\/posts"}],"about":[{"href":"https:\/\/centrourbano.com\/revista\/wp-json\/wp\/v2\/types\/post"}],"author":[{"embeddable":true,"href":"https:\/\/centrourbano.com\/revista\/wp-json\/wp\/v2\/users\/69"}],"replies":[{"embeddable":true,"href":"https:\/\/centrourbano.com\/revista\/wp-json\/wp\/v2\/comments?post=92849"}],"version-history":[{"count":2,"href":"https:\/\/centrourbano.com\/revista\/wp-json\/wp\/v2\/posts\/92849\/revisions"}],"predecessor-version":[{"id":92854,"href":"https:\/\/centrourbano.com\/revista\/wp-json\/wp\/v2\/posts\/92849\/revisions\/92854"}],"wp:featuredmedia":[{"embeddable":true,"href":"https:\/\/centrourbano.com\/revista\/wp-json\/wp\/v2\/media\/86332"}],"wp:attachment":[{"href":"https:\/\/centrourbano.com\/revista\/wp-json\/wp\/v2\/media?parent=92849"}],"wp:term":[{"taxonomy":"category","embeddable":true,"href":"https:\/\/centrourbano.com\/revista\/wp-json\/wp\/v2\/categories?post=92849"},{"taxonomy":"post_tag","embeddable":true,"href":"https:\/\/centrourbano.com\/revista\/wp-json\/wp\/v2\/tags?post=92849"}],"curies":[{"name":"wp","href":"https:\/\/api.w.org\/{rel}","templated":true}]}}