{"id":92699,"date":"2019-07-04T13:52:13","date_gmt":"2019-07-04T18:52:13","guid":{"rendered":"https:\/\/centrourbano.com\/?p=92699"},"modified":"2019-07-04T13:52:13","modified_gmt":"2019-07-04T18:52:13","slug":"nasa-aem-espacial-nanosatelite","status":"publish","type":"post","link":"https:\/\/centrourbano.com\/revista\/construccion\/nasa-aem-espacial-nanosatelite\/","title":{"rendered":"NASA y AEM impulsar\u00e1n sector espacial con nanosat\u00e9lite"},"content":{"rendered":"<p><em>Con el lanzamiento del primer nanosat\u00e9lite mexicano\u00a0se abrir\u00e1 la oportunidad de acercar a las nuevas generaciones a las ciencias y tecnolog\u00edas espaciales<\/em><!--more--><\/p>\n<p>La <strong>Agencia Espacial Mexicana<\/strong> (AEM) colaborar\u00e1 con la\u00a0<strong>National Aeronautics and Space Administration<\/strong> (NASA) en el desarrollo de un nanosat\u00e9lite perteneciente al <strong>Estado de M\u00e9xico,<\/strong> a fin de\u00a0impulsar el <strong>sector espacial<\/strong> en la entidad.<\/p>\n<p>En el marco de la &#8216;Primera Jornada de Ciencia y Tecnolog\u00eda Espacial&#8217;, organizada por la <strong>C\u00e1mara de Diputados de la LX Legislatura del Estado de M\u00e9xico<\/strong>, las agencias tecnol\u00f3gicas acordaron sumar esfuerzos para desarrollar el <strong>primer nanosat\u00e9lite &#8216;AztechSat-1&#8217;,<\/strong>\u00a0mismo que iniciar\u00e1 las operaciones del primer <strong>centro espacial de M\u00e9xico<\/strong> en el municipio de <strong>Atlacomulco<\/strong> en el Estado de M\u00e9xico.<\/p>\n<p>Javier Mendieta, director general de la AEM, se\u00f1al\u00f3 que este centro\u00a0se construye por la <strong>Secretar\u00eda de la Defensa Nacional<\/strong> (Sedena) y una vez el &#8216;AztechSat-1&#8217; sea lanzado desde la <strong>Estaci\u00f3n Espacial Internacional<\/strong> en<strong> octubre de 2019<\/strong>, el centro espacial mexicano continuar\u00e1 recibiendo el apoyo de la NASA para <strong>desarrollar<\/strong> <strong>nanosat\u00e9lites<\/strong> e impulsar a la nuevas generaciones en vocaciones de <strong>ciencia<\/strong>, <strong>tecnolog\u00eda<\/strong>, <strong>ingenier\u00eda<\/strong> y <strong>matem\u00e1ticas<\/strong>.<\/p>\n<p>Seg\u00fan datos de las autoridades, los sectores aeroespacial, de telecomunicaciones y de tecnolog\u00edas de la informaci\u00f3n han crecido con un<strong> promedio anual de 16.5%<\/strong>, destacaron que si el sector aeroespacial de M\u00e9xico fuera un pa\u00eds su <strong>crecimiento<\/strong> ser\u00eda el doble que pa\u00edses con <strong>India<\/strong> o <strong>China<\/strong>.<\/p>\n<p>&nbsp;<\/p>\n","protected":false},"excerpt":{"rendered":"<p>Con el lanzamiento del primer nanosat\u00e9lite mexicano\u00a0se abrir\u00e1 la oportunidad de acercar a las nuevas generaciones a las ciencias y tecnolog\u00edas espaciales<\/p>\n","protected":false},"author":72,"featured_media":92705,"comment_status":"open","ping_status":"closed","sticky":false,"template":"","format":"standard","meta":{"om_disable_all_campaigns":false,"inline_featured_image":false,"_monsterinsights_skip_tracking":false,"_monsterinsights_sitenote_active":false,"_monsterinsights_sitenote_note":"","_monsterinsights_sitenote_category":0,"footnotes":""},"categories":[14],"tags":[2724,15922,22,303,2004],"class_list":["post-92699","post","type-post","status-publish","format-standard","has-post-thumbnail","hentry","category-construccion","tag-aem","tag-aztechsat-1","tag-construccion-2","tag-estado-de-mexico","tag-nasa"],"yoast_head":"<!-- This site is optimized with the Yoast SEO plugin v27.4 - https:\/\/yoast.com\/product\/yoast-seo-wordpress\/ -->\n<title>NASA y AEM impulsar\u00e1n sector espacial con nanosat\u00e9lite<\/title>\n<meta name=\"description\" content=\"\ufeffCon el lanzamiento del primer nanosat\u00e9lite mexicano se abrir\u00e1 la oportunidad de acercar a las nuevas generaciones a las ciencias y tecnolog\u00edas espaciales\" \/>\n<meta name=\"robots\" content=\"index, follow, max-snippet:-1, max-image-preview:large, max-video-preview:-1\" \/>\n<link rel=\"canonical\" href=\"https:\/\/centrourbano.com\/revista\/construccion\/nasa-aem-espacial-nanosatelite\/\" \/>\n<meta property=\"og:locale\" content=\"es_ES\" \/>\n<meta property=\"og:type\" content=\"article\" \/>\n<meta property=\"og:title\" content=\"NASA y AEM impulsar\u00e1n sector espacial con nanosat\u00e9lite\" \/>\n<meta property=\"og:description\" content=\"\ufeffCon el lanzamiento del primer nanosat\u00e9lite mexicano se abrir\u00e1 la oportunidad de acercar a las nuevas generaciones a las ciencias y tecnolog\u00edas espaciales\" \/>\n<meta property=\"og:url\" content=\"https:\/\/centrourbano.com\/revista\/construccion\/nasa-aem-espacial-nanosatelite\/\" \/>\n<meta property=\"og:site_name\" content=\"Centro Urbano\" \/>\n<meta property=\"article:publisher\" content=\"https:\/\/www.facebook.com\/portalcentrourbano\" \/>\n<meta property=\"article:published_time\" content=\"2019-07-04T18:52:13+00:00\" \/>\n<meta property=\"og:image\" content=\"https:\/\/centrourbano.com\/revista\/wp-content\/uploads\/NASA-y-AEM-impulsar\u00e1n-sector-espacial-con-nanosat\u00e9lite.jpg\" \/>\n\t<meta property=\"og:image:width\" content=\"653\" \/>\n\t<meta property=\"og:image:height\" content=\"528\" \/>\n\t<meta property=\"og:image:type\" content=\"image\/jpeg\" \/>\n<meta name=\"author\" content=\"Erika Escobar\" \/>\n<meta name=\"twitter:card\" content=\"summary_large_image\" \/>\n<meta name=\"twitter:creator\" content=\"@CentroUrbano\" \/>\n<meta name=\"twitter:site\" content=\"@CentroUrbano\" \/>\n<meta name=\"twitter:label1\" content=\"Escrito por\" \/>\n\t<meta name=\"twitter:data1\" content=\"Erika Escobar\" \/>\n\t<meta name=\"twitter:label2\" content=\"Tiempo de lectura\" \/>\n\t<meta name=\"twitter:data2\" content=\"1 minuto\" \/>\n<script type=\"application\/ld+json\" class=\"yoast-schema-graph\">{\"@context\":\"https:\\\/\\\/schema.org\",\"@graph\":[{\"@type\":\"Article\",\"@id\":\"https:\\\/\\\/centrourbano.com\\\/revista\\\/construccion\\\/nasa-aem-espacial-nanosatelite\\\/#article\",\"isPartOf\":{\"@id\":\"https:\\\/\\\/centrourbano.com\\\/revista\\\/construccion\\\/nasa-aem-espacial-nanosatelite\\\/\"},\"author\":{\"name\":\"Erika Escobar\",\"@id\":\"https:\\\/\\\/centrourbano.com\\\/revista\\\/#\\\/schema\\\/person\\\/8469a7904fe3cf3ff7a3c2e0686b6587\"},\"headline\":\"NASA y AEM impulsar\u00e1n sector espacial con nanosat\u00e9lite\",\"datePublished\":\"2019-07-04T18:52:13+00:00\",\"mainEntityOfPage\":{\"@id\":\"https:\\\/\\\/centrourbano.com\\\/revista\\\/construccion\\\/nasa-aem-espacial-nanosatelite\\\/\"},\"wordCount\":262,\"commentCount\":0,\"publisher\":{\"@id\":\"https:\\\/\\\/centrourbano.com\\\/revista\\\/#organization\"},\"image\":{\"@id\":\"https:\\\/\\\/centrourbano.com\\\/revista\\\/construccion\\\/nasa-aem-espacial-nanosatelite\\\/#primaryimage\"},\"thumbnailUrl\":\"https:\\\/\\\/centrourbano.com\\\/revista\\\/wp-content\\\/uploads\\\/NASA-y-AEM-impulsar\u00e1n-sector-espacial-con-nanosat\u00e9lite.jpg\",\"keywords\":[\"AEM\",\"AztechSat-1\",\"construcci\u00f3n\",\"Estado de M\u00e9xico\",\"NASA\"],\"articleSection\":[\"Construcci\u00f3n\"],\"inLanguage\":\"es\",\"potentialAction\":[{\"@type\":\"CommentAction\",\"name\":\"Comment\",\"target\":[\"https:\\\/\\\/centrourbano.com\\\/revista\\\/construccion\\\/nasa-aem-espacial-nanosatelite\\\/#respond\"]}]},{\"@type\":\"WebPage\",\"@id\":\"https:\\\/\\\/centrourbano.com\\\/revista\\\/construccion\\\/nasa-aem-espacial-nanosatelite\\\/\",\"url\":\"https:\\\/\\\/centrourbano.com\\\/revista\\\/construccion\\\/nasa-aem-espacial-nanosatelite\\\/\",\"name\":\"NASA y AEM impulsar\u00e1n sector espacial con nanosat\u00e9lite\",\"isPartOf\":{\"@id\":\"https:\\\/\\\/centrourbano.com\\\/revista\\\/#website\"},\"primaryImageOfPage\":{\"@id\":\"https:\\\/\\\/centrourbano.com\\\/revista\\\/construccion\\\/nasa-aem-espacial-nanosatelite\\\/#primaryimage\"},\"image\":{\"@id\":\"https:\\\/\\\/centrourbano.com\\\/revista\\\/construccion\\\/nasa-aem-espacial-nanosatelite\\\/#primaryimage\"},\"thumbnailUrl\":\"https:\\\/\\\/centrourbano.com\\\/revista\\\/wp-content\\\/uploads\\\/NASA-y-AEM-impulsar\u00e1n-sector-espacial-con-nanosat\u00e9lite.jpg\",\"datePublished\":\"2019-07-04T18:52:13+00:00\",\"description\":\"\ufeffCon el lanzamiento del primer nanosat\u00e9lite mexicano se abrir\u00e1 la oportunidad de acercar a las nuevas generaciones a las ciencias y tecnolog\u00edas espaciales\",\"breadcrumb\":{\"@id\":\"https:\\\/\\\/centrourbano.com\\\/revista\\\/construccion\\\/nasa-aem-espacial-nanosatelite\\\/#breadcrumb\"},\"inLanguage\":\"es\",\"potentialAction\":[{\"@type\":\"ReadAction\",\"target\":[\"https:\\\/\\\/centrourbano.com\\\/revista\\\/construccion\\\/nasa-aem-espacial-nanosatelite\\\/\"]}]},{\"@type\":\"ImageObject\",\"inLanguage\":\"es\",\"@id\":\"https:\\\/\\\/centrourbano.com\\\/revista\\\/construccion\\\/nasa-aem-espacial-nanosatelite\\\/#primaryimage\",\"url\":\"https:\\\/\\\/centrourbano.com\\\/revista\\\/wp-content\\\/uploads\\\/NASA-y-AEM-impulsar\u00e1n-sector-espacial-con-nanosat\u00e9lite.jpg\",\"contentUrl\":\"https:\\\/\\\/centrourbano.com\\\/revista\\\/wp-content\\\/uploads\\\/NASA-y-AEM-impulsar\u00e1n-sector-espacial-con-nanosat\u00e9lite.jpg\",\"width\":653,\"height\":528,\"caption\":\"NASA y AEM impulsar\u00e1n sector espacial con nanosat\u00e9lite\"},{\"@type\":\"BreadcrumbList\",\"@id\":\"https:\\\/\\\/centrourbano.com\\\/revista\\\/construccion\\\/nasa-aem-espacial-nanosatelite\\\/#breadcrumb\",\"itemListElement\":[{\"@type\":\"ListItem\",\"position\":1,\"name\":\"Portada\",\"item\":\"https:\\\/\\\/centrourbano.com\\\/revista\\\/\"},{\"@type\":\"ListItem\",\"position\":2,\"name\":\"NASA y AEM impulsar\u00e1n sector espacial con nanosat\u00e9lite\"}]},{\"@type\":\"WebSite\",\"@id\":\"https:\\\/\\\/centrourbano.com\\\/revista\\\/#website\",\"url\":\"https:\\\/\\\/centrourbano.com\\\/revista\\\/\",\"name\":\"Centro Urbano\",\"description\":\"Medio especializado en los sectores vivienda, inmobiliario, construcci\u00f3n, arquitectura y urbanismo.\",\"publisher\":{\"@id\":\"https:\\\/\\\/centrourbano.com\\\/revista\\\/#organization\"},\"potentialAction\":[{\"@type\":\"SearchAction\",\"target\":{\"@type\":\"EntryPoint\",\"urlTemplate\":\"https:\\\/\\\/centrourbano.com\\\/revista\\\/?s={search_term_string}\"},\"query-input\":{\"@type\":\"PropertyValueSpecification\",\"valueRequired\":true,\"valueName\":\"search_term_string\"}}],\"inLanguage\":\"es\"},{\"@type\":\"Organization\",\"@id\":\"https:\\\/\\\/centrourbano.com\\\/revista\\\/#organization\",\"name\":\"Centro Urbano\",\"url\":\"https:\\\/\\\/centrourbano.com\\\/revista\\\/\",\"logo\":{\"@type\":\"ImageObject\",\"inLanguage\":\"es\",\"@id\":\"https:\\\/\\\/centrourbano.com\\\/revista\\\/#\\\/schema\\\/logo\\\/image\\\/\",\"url\":\"https:\\\/\\\/centrourbano.com\\\/revista\\\/wp-content\\\/uploads\\\/web_CU_logo-1.png\",\"contentUrl\":\"https:\\\/\\\/centrourbano.com\\\/revista\\\/wp-content\\\/uploads\\\/web_CU_logo-1.png\",\"width\":350,\"height\":91,\"caption\":\"Centro Urbano\"},\"image\":{\"@id\":\"https:\\\/\\\/centrourbano.com\\\/revista\\\/#\\\/schema\\\/logo\\\/image\\\/\"},\"sameAs\":[\"https:\\\/\\\/www.facebook.com\\\/portalcentrourbano\",\"https:\\\/\\\/x.com\\\/CentroUrbano\",\"https:\\\/\\\/www.instagram.com\\\/centro_urbano\\\/\",\"https:\\\/\\\/www.linkedin.com\\\/company\\\/centro-urbano\\\/\",\"http:\\\/\\\/www.youtube.com\\\/user\\\/portalcentrourbano\"]},{\"@type\":\"Person\",\"@id\":\"https:\\\/\\\/centrourbano.com\\\/revista\\\/#\\\/schema\\\/person\\\/8469a7904fe3cf3ff7a3c2e0686b6587\",\"name\":\"Erika Escobar\",\"image\":{\"@type\":\"ImageObject\",\"inLanguage\":\"es\",\"@id\":\"https:\\\/\\\/secure.gravatar.com\\\/avatar\\\/b1a25103701e9979acaf062795c9a583ddab62261a614b46accfcaf729f55957?s=96&d=mm&r=g\",\"url\":\"https:\\\/\\\/secure.gravatar.com\\\/avatar\\\/b1a25103701e9979acaf062795c9a583ddab62261a614b46accfcaf729f55957?s=96&d=mm&r=g\",\"contentUrl\":\"https:\\\/\\\/secure.gravatar.com\\\/avatar\\\/b1a25103701e9979acaf062795c9a583ddab62261a614b46accfcaf729f55957?s=96&d=mm&r=g\",\"caption\":\"Erika Escobar\"},\"url\":\"https:\\\/\\\/centrourbano.com\\\/revista\\\/author\\\/erika-escobar\\\/\"}]}<\/script>\n<!-- \/ Yoast SEO plugin. -->","yoast_head_json":{"title":"NASA y AEM impulsar\u00e1n sector espacial con nanosat\u00e9lite","description":"\ufeffCon el lanzamiento del primer nanosat\u00e9lite mexicano se abrir\u00e1 la oportunidad de acercar a las nuevas generaciones a las ciencias y tecnolog\u00edas espaciales","robots":{"index":"index","follow":"follow","max-snippet":"max-snippet:-1","max-image-preview":"max-image-preview:large","max-video-preview":"max-video-preview:-1"},"canonical":"https:\/\/centrourbano.com\/revista\/construccion\/nasa-aem-espacial-nanosatelite\/","og_locale":"es_ES","og_type":"article","og_title":"NASA y AEM impulsar\u00e1n sector espacial con nanosat\u00e9lite","og_description":"\ufeffCon el lanzamiento del primer nanosat\u00e9lite mexicano se abrir\u00e1 la oportunidad de acercar a las nuevas generaciones a las ciencias y tecnolog\u00edas espaciales","og_url":"https:\/\/centrourbano.com\/revista\/construccion\/nasa-aem-espacial-nanosatelite\/","og_site_name":"Centro Urbano","article_publisher":"https:\/\/www.facebook.com\/portalcentrourbano","article_published_time":"2019-07-04T18:52:13+00:00","og_image":[{"width":653,"height":528,"url":"https:\/\/centrourbano.com\/revista\/wp-content\/uploads\/NASA-y-AEM-impulsar\u00e1n-sector-espacial-con-nanosat\u00e9lite.jpg","type":"image\/jpeg"}],"author":"Erika Escobar","twitter_card":"summary_large_image","twitter_creator":"@CentroUrbano","twitter_site":"@CentroUrbano","twitter_misc":{"Escrito por":"Erika Escobar","Tiempo de lectura":"1 minuto"},"schema":{"@context":"https:\/\/schema.org","@graph":[{"@type":"Article","@id":"https:\/\/centrourbano.com\/revista\/construccion\/nasa-aem-espacial-nanosatelite\/#article","isPartOf":{"@id":"https:\/\/centrourbano.com\/revista\/construccion\/nasa-aem-espacial-nanosatelite\/"},"author":{"name":"Erika Escobar","@id":"https:\/\/centrourbano.com\/revista\/#\/schema\/person\/8469a7904fe3cf3ff7a3c2e0686b6587"},"headline":"NASA y AEM impulsar\u00e1n sector espacial con nanosat\u00e9lite","datePublished":"2019-07-04T18:52:13+00:00","mainEntityOfPage":{"@id":"https:\/\/centrourbano.com\/revista\/construccion\/nasa-aem-espacial-nanosatelite\/"},"wordCount":262,"commentCount":0,"publisher":{"@id":"https:\/\/centrourbano.com\/revista\/#organization"},"image":{"@id":"https:\/\/centrourbano.com\/revista\/construccion\/nasa-aem-espacial-nanosatelite\/#primaryimage"},"thumbnailUrl":"https:\/\/centrourbano.com\/revista\/wp-content\/uploads\/NASA-y-AEM-impulsar\u00e1n-sector-espacial-con-nanosat\u00e9lite.jpg","keywords":["AEM","AztechSat-1","construcci\u00f3n","Estado de M\u00e9xico","NASA"],"articleSection":["Construcci\u00f3n"],"inLanguage":"es","potentialAction":[{"@type":"CommentAction","name":"Comment","target":["https:\/\/centrourbano.com\/revista\/construccion\/nasa-aem-espacial-nanosatelite\/#respond"]}]},{"@type":"WebPage","@id":"https:\/\/centrourbano.com\/revista\/construccion\/nasa-aem-espacial-nanosatelite\/","url":"https:\/\/centrourbano.com\/revista\/construccion\/nasa-aem-espacial-nanosatelite\/","name":"NASA y AEM impulsar\u00e1n sector espacial con nanosat\u00e9lite","isPartOf":{"@id":"https:\/\/centrourbano.com\/revista\/#website"},"primaryImageOfPage":{"@id":"https:\/\/centrourbano.com\/revista\/construccion\/nasa-aem-espacial-nanosatelite\/#primaryimage"},"image":{"@id":"https:\/\/centrourbano.com\/revista\/construccion\/nasa-aem-espacial-nanosatelite\/#primaryimage"},"thumbnailUrl":"https:\/\/centrourbano.com\/revista\/wp-content\/uploads\/NASA-y-AEM-impulsar\u00e1n-sector-espacial-con-nanosat\u00e9lite.jpg","datePublished":"2019-07-04T18:52:13+00:00","description":"\ufeffCon el lanzamiento del primer nanosat\u00e9lite mexicano se abrir\u00e1 la oportunidad de acercar a las nuevas generaciones a las ciencias y tecnolog\u00edas espaciales","breadcrumb":{"@id":"https:\/\/centrourbano.com\/revista\/construccion\/nasa-aem-espacial-nanosatelite\/#breadcrumb"},"inLanguage":"es","potentialAction":[{"@type":"ReadAction","target":["https:\/\/centrourbano.com\/revista\/construccion\/nasa-aem-espacial-nanosatelite\/"]}]},{"@type":"ImageObject","inLanguage":"es","@id":"https:\/\/centrourbano.com\/revista\/construccion\/nasa-aem-espacial-nanosatelite\/#primaryimage","url":"https:\/\/centrourbano.com\/revista\/wp-content\/uploads\/NASA-y-AEM-impulsar\u00e1n-sector-espacial-con-nanosat\u00e9lite.jpg","contentUrl":"https:\/\/centrourbano.com\/revista\/wp-content\/uploads\/NASA-y-AEM-impulsar\u00e1n-sector-espacial-con-nanosat\u00e9lite.jpg","width":653,"height":528,"caption":"NASA y AEM impulsar\u00e1n sector espacial con nanosat\u00e9lite"},{"@type":"BreadcrumbList","@id":"https:\/\/centrourbano.com\/revista\/construccion\/nasa-aem-espacial-nanosatelite\/#breadcrumb","itemListElement":[{"@type":"ListItem","position":1,"name":"Portada","item":"https:\/\/centrourbano.com\/revista\/"},{"@type":"ListItem","position":2,"name":"NASA y AEM impulsar\u00e1n sector espacial con nanosat\u00e9lite"}]},{"@type":"WebSite","@id":"https:\/\/centrourbano.com\/revista\/#website","url":"https:\/\/centrourbano.com\/revista\/","name":"Centro Urbano","description":"Medio especializado en los sectores vivienda, inmobiliario, construcci\u00f3n, arquitectura y urbanismo.","publisher":{"@id":"https:\/\/centrourbano.com\/revista\/#organization"},"potentialAction":[{"@type":"SearchAction","target":{"@type":"EntryPoint","urlTemplate":"https:\/\/centrourbano.com\/revista\/?s={search_term_string}"},"query-input":{"@type":"PropertyValueSpecification","valueRequired":true,"valueName":"search_term_string"}}],"inLanguage":"es"},{"@type":"Organization","@id":"https:\/\/centrourbano.com\/revista\/#organization","name":"Centro Urbano","url":"https:\/\/centrourbano.com\/revista\/","logo":{"@type":"ImageObject","inLanguage":"es","@id":"https:\/\/centrourbano.com\/revista\/#\/schema\/logo\/image\/","url":"https:\/\/centrourbano.com\/revista\/wp-content\/uploads\/web_CU_logo-1.png","contentUrl":"https:\/\/centrourbano.com\/revista\/wp-content\/uploads\/web_CU_logo-1.png","width":350,"height":91,"caption":"Centro Urbano"},"image":{"@id":"https:\/\/centrourbano.com\/revista\/#\/schema\/logo\/image\/"},"sameAs":["https:\/\/www.facebook.com\/portalcentrourbano","https:\/\/x.com\/CentroUrbano","https:\/\/www.instagram.com\/centro_urbano\/","https:\/\/www.linkedin.com\/company\/centro-urbano\/","http:\/\/www.youtube.com\/user\/portalcentrourbano"]},{"@type":"Person","@id":"https:\/\/centrourbano.com\/revista\/#\/schema\/person\/8469a7904fe3cf3ff7a3c2e0686b6587","name":"Erika Escobar","image":{"@type":"ImageObject","inLanguage":"es","@id":"https:\/\/secure.gravatar.com\/avatar\/b1a25103701e9979acaf062795c9a583ddab62261a614b46accfcaf729f55957?s=96&d=mm&r=g","url":"https:\/\/secure.gravatar.com\/avatar\/b1a25103701e9979acaf062795c9a583ddab62261a614b46accfcaf729f55957?s=96&d=mm&r=g","contentUrl":"https:\/\/secure.gravatar.com\/avatar\/b1a25103701e9979acaf062795c9a583ddab62261a614b46accfcaf729f55957?s=96&d=mm&r=g","caption":"Erika Escobar"},"url":"https:\/\/centrourbano.com\/revista\/author\/erika-escobar\/"}]}},"_links":{"self":[{"href":"https:\/\/centrourbano.com\/revista\/wp-json\/wp\/v2\/posts\/92699","targetHints":{"allow":["GET"]}}],"collection":[{"href":"https:\/\/centrourbano.com\/revista\/wp-json\/wp\/v2\/posts"}],"about":[{"href":"https:\/\/centrourbano.com\/revista\/wp-json\/wp\/v2\/types\/post"}],"author":[{"embeddable":true,"href":"https:\/\/centrourbano.com\/revista\/wp-json\/wp\/v2\/users\/72"}],"replies":[{"embeddable":true,"href":"https:\/\/centrourbano.com\/revista\/wp-json\/wp\/v2\/comments?post=92699"}],"version-history":[{"count":3,"href":"https:\/\/centrourbano.com\/revista\/wp-json\/wp\/v2\/posts\/92699\/revisions"}],"predecessor-version":[{"id":92720,"href":"https:\/\/centrourbano.com\/revista\/wp-json\/wp\/v2\/posts\/92699\/revisions\/92720"}],"wp:featuredmedia":[{"embeddable":true,"href":"https:\/\/centrourbano.com\/revista\/wp-json\/wp\/v2\/media\/92705"}],"wp:attachment":[{"href":"https:\/\/centrourbano.com\/revista\/wp-json\/wp\/v2\/media?parent=92699"}],"wp:term":[{"taxonomy":"category","embeddable":true,"href":"https:\/\/centrourbano.com\/revista\/wp-json\/wp\/v2\/categories?post=92699"},{"taxonomy":"post_tag","embeddable":true,"href":"https:\/\/centrourbano.com\/revista\/wp-json\/wp\/v2\/tags?post=92699"}],"curies":[{"name":"wp","href":"https:\/\/api.w.org\/{rel}","templated":true}]}}