{"id":92578,"date":"2019-07-03T09:00:29","date_gmt":"2019-07-03T14:00:29","guid":{"rendered":"https:\/\/centrourbano.com\/?p=92578"},"modified":"2019-07-03T10:00:46","modified_gmt":"2019-07-03T15:00:46","slug":"aiam-premios-ingenieria-arquitectura","status":"publish","type":"post","link":"https:\/\/centrourbano.com\/revista\/construccion\/aiam-premios-ingenieria-arquitectura\/","title":{"rendered":"AIAM abre convocatoria para premios de Ingenier\u00eda y Arquitectura"},"content":{"rendered":"<p><em>La AIAM galardonar\u00e1 a las personalidades destacadas en el campo profesional de la ingenier\u00eda e arquitectura con diploma y medalla de honor<\/em><!--more--><\/p>\n<p>La <strong>Asociaci\u00f3n de Ingenieros y Arquitectos\u00a0de M\u00e9xico A. C.<\/strong> abri\u00f3 la convocatoria para el <strong>Premio Nacional de Ingenier\u00eda 2018<\/strong> y el <strong>Premio Nacional de Arquitectura 2018,<\/strong> a fin de galardonar a las personalidades destacadas de ambas profesiones.<\/p>\n<p>La convocatoria est\u00e1 dirigida a <strong>instituciones acad\u00e9micas<\/strong>, <strong>educativas<\/strong> y de <strong>investigaci\u00f3n<\/strong>, as\u00ed como a los <strong>colegios y asociaciones de profesionistas<\/strong> que est\u00e9n vinculados con la <strong>ingenier\u00eda<\/strong> y la <strong>arquitectura<\/strong> nacional, para que propongan candidatos en vida cuya obra sea destacada y aporte al desarrollo del pa\u00eds.<\/p>\n<p>Los candidatos deber\u00e1n cumplir con un m\u00ednimo de <strong>25 a\u00f1os de funci\u00f3n profesional<\/strong>, no desempe\u00f1ar alg\u00fan cargo ejecutivo en la <strong>Asociaci\u00f3n<\/strong> o en\u00a0cargos de primer y segundo nivel en <strong>dependencias<\/strong> <strong>del gobierno<\/strong> a nivel federal o estatal.<\/p>\n<p>El <strong>Comit\u00e9 Auxiliar de los Premios Nacionales de Ingenier\u00eda y Arquitectura de la AIAM A. C.<\/strong> recibir\u00e1 las propuestas de candidatos\u00a0por <strong>escrito en papel membretado de la organizaci\u00f3n<\/strong> proponente y en <strong>formato digital<\/strong> (versi\u00f3n PDF)\u00a0incluido el<strong> Curriculum Vitae<\/strong> del <strong>candidato con fotograf\u00eda;<\/strong>\u00a0adem\u00e1s, ser\u00e1 necesario agregar una versi\u00f3n extensa no mayor a <strong>15 cuartillas<\/strong> y una versi\u00f3n sintetizada de m\u00e1ximo<strong> dos cuartillas<\/strong>.<\/p>\n<p>Las propuestas se deber\u00e1n entregar en\u00a0la direcci\u00f3n de la actual presidencia de la Asociaci\u00f3n: <strong>San Antonio 123, despacho 2, colonia N\u00e1poles<\/strong>, Alcald\u00eda Benito Ju\u00e1rez, CDMX, C.P. 03810, con previa cita telef\u00f3nica Of. <strong>55 5563-6174<\/strong> y Cel. <strong>55 1298-9467<\/strong> en un horario de <strong>10:00 a 14:00 horas,<\/strong> a partir del<strong>\u00a022 al 26 de julio de 2019<\/strong>.<\/p>\n<p>Para\u00a0otorgar a los seleccionados el\u00a0<strong>Diploma de Honor<\/strong> y la\u00a0<strong>Medalla alusiva<\/strong>\u00a0se llevar\u00e1 a cabo una ceremonia, cuya <strong>fecha y sede<\/strong> se informar\u00e1n con <strong>anticipaci\u00f3n.\u00a0<\/strong><\/p>\n","protected":false},"excerpt":{"rendered":"<p>La AIAM galardonar\u00e1 a las personalidades destacadas en el campo profesional de la ingenier\u00eda e arquitectura con diploma y medalla de honor<\/p>\n","protected":false},"author":72,"featured_media":92584,"comment_status":"open","ping_status":"closed","sticky":false,"template":"","format":"standard","meta":{"om_disable_all_campaigns":false,"inline_featured_image":false,"_monsterinsights_skip_tracking":false,"_monsterinsights_sitenote_active":false,"_monsterinsights_sitenote_note":"","_monsterinsights_sitenote_category":0,"footnotes":""},"categories":[81,14,10612],"tags":[2190,20,22,8029,15904],"class_list":["post-92578","post","type-post","status-publish","format-standard","has-post-thumbnail","hentry","category-arquitectura-2","category-construccion","category-convocatorias","tag-aiam","tag-arquitectura","tag-construccion-2","tag-premio-nacional-de-arquitectura","tag-premio-nacional-de-ingenieria"],"yoast_head":"<!-- This site is optimized with the Yoast SEO plugin v27.4 - https:\/\/yoast.com\/product\/yoast-seo-wordpress\/ -->\n<title>AIAM abre convocatoria para premios de Ingenier\u00eda y Arquitectura<\/title>\n<meta name=\"description\" content=\"La AIAM A. C. galardonar\u00e1 a las personalidades destacadas en el campo profesional de la ingenier\u00eda e arquitectura con diploma y medalla de honor\" \/>\n<meta name=\"robots\" content=\"index, follow, max-snippet:-1, max-image-preview:large, max-video-preview:-1\" \/>\n<link rel=\"canonical\" href=\"https:\/\/centrourbano.com\/revista\/construccion\/aiam-premios-ingenieria-arquitectura\/\" \/>\n<meta property=\"og:locale\" content=\"es_ES\" \/>\n<meta property=\"og:type\" content=\"article\" \/>\n<meta property=\"og:title\" content=\"AIAM abre convocatoria para premios de Ingenier\u00eda y Arquitectura\" \/>\n<meta property=\"og:description\" content=\"La AIAM A. C. galardonar\u00e1 a las personalidades destacadas en el campo profesional de la ingenier\u00eda e arquitectura con diploma y medalla de honor\" \/>\n<meta property=\"og:url\" content=\"https:\/\/centrourbano.com\/revista\/construccion\/aiam-premios-ingenieria-arquitectura\/\" \/>\n<meta property=\"og:site_name\" content=\"Centro Urbano\" \/>\n<meta property=\"article:publisher\" content=\"https:\/\/www.facebook.com\/portalcentrourbano\" \/>\n<meta property=\"article:published_time\" content=\"2019-07-03T14:00:29+00:00\" \/>\n<meta property=\"article:modified_time\" content=\"2019-07-03T15:00:46+00:00\" \/>\n<meta property=\"og:image\" content=\"https:\/\/centrourbano.com\/revista\/wp-content\/uploads\/AIAM-abre-convocatoria-para-premios-de-Ingenier\u00eda-y-Arquitectura.jpg\" \/>\n\t<meta property=\"og:image:width\" content=\"700\" \/>\n\t<meta property=\"og:image:height\" content=\"700\" \/>\n\t<meta property=\"og:image:type\" content=\"image\/jpeg\" \/>\n<meta name=\"author\" content=\"Erika Escobar\" \/>\n<meta name=\"twitter:card\" content=\"summary_large_image\" \/>\n<meta name=\"twitter:creator\" content=\"@CentroUrbano\" \/>\n<meta name=\"twitter:site\" content=\"@CentroUrbano\" \/>\n<meta name=\"twitter:label1\" content=\"Escrito por\" \/>\n\t<meta name=\"twitter:data1\" content=\"Erika Escobar\" \/>\n\t<meta name=\"twitter:label2\" content=\"Tiempo de lectura\" \/>\n\t<meta name=\"twitter:data2\" content=\"2 minutos\" \/>\n<script type=\"application\/ld+json\" class=\"yoast-schema-graph\">{\"@context\":\"https:\\\/\\\/schema.org\",\"@graph\":[{\"@type\":\"Article\",\"@id\":\"https:\\\/\\\/centrourbano.com\\\/revista\\\/construccion\\\/aiam-premios-ingenieria-arquitectura\\\/#article\",\"isPartOf\":{\"@id\":\"https:\\\/\\\/centrourbano.com\\\/revista\\\/construccion\\\/aiam-premios-ingenieria-arquitectura\\\/\"},\"author\":{\"name\":\"Erika Escobar\",\"@id\":\"https:\\\/\\\/centrourbano.com\\\/revista\\\/#\\\/schema\\\/person\\\/8469a7904fe3cf3ff7a3c2e0686b6587\"},\"headline\":\"AIAM abre convocatoria para premios de Ingenier\u00eda y Arquitectura\",\"datePublished\":\"2019-07-03T14:00:29+00:00\",\"dateModified\":\"2019-07-03T15:00:46+00:00\",\"mainEntityOfPage\":{\"@id\":\"https:\\\/\\\/centrourbano.com\\\/revista\\\/construccion\\\/aiam-premios-ingenieria-arquitectura\\\/\"},\"wordCount\":322,\"commentCount\":0,\"publisher\":{\"@id\":\"https:\\\/\\\/centrourbano.com\\\/revista\\\/#organization\"},\"image\":{\"@id\":\"https:\\\/\\\/centrourbano.com\\\/revista\\\/construccion\\\/aiam-premios-ingenieria-arquitectura\\\/#primaryimage\"},\"thumbnailUrl\":\"https:\\\/\\\/centrourbano.com\\\/revista\\\/wp-content\\\/uploads\\\/AIAM-abre-convocatoria-para-premios-de-Ingenier\u00eda-y-Arquitectura.jpg\",\"keywords\":[\"AIAM\",\"arquitectura\",\"construcci\u00f3n\",\"Premio Nacional de Arquitectura\",\"Premio Nacional de Ingenier\u00eda\"],\"articleSection\":[\"Arquitectura\",\"Construcci\u00f3n\",\"Convocatorias\"],\"inLanguage\":\"es\",\"potentialAction\":[{\"@type\":\"CommentAction\",\"name\":\"Comment\",\"target\":[\"https:\\\/\\\/centrourbano.com\\\/revista\\\/construccion\\\/aiam-premios-ingenieria-arquitectura\\\/#respond\"]}]},{\"@type\":\"WebPage\",\"@id\":\"https:\\\/\\\/centrourbano.com\\\/revista\\\/construccion\\\/aiam-premios-ingenieria-arquitectura\\\/\",\"url\":\"https:\\\/\\\/centrourbano.com\\\/revista\\\/construccion\\\/aiam-premios-ingenieria-arquitectura\\\/\",\"name\":\"AIAM abre convocatoria para premios de Ingenier\u00eda y Arquitectura\",\"isPartOf\":{\"@id\":\"https:\\\/\\\/centrourbano.com\\\/revista\\\/#website\"},\"primaryImageOfPage\":{\"@id\":\"https:\\\/\\\/centrourbano.com\\\/revista\\\/construccion\\\/aiam-premios-ingenieria-arquitectura\\\/#primaryimage\"},\"image\":{\"@id\":\"https:\\\/\\\/centrourbano.com\\\/revista\\\/construccion\\\/aiam-premios-ingenieria-arquitectura\\\/#primaryimage\"},\"thumbnailUrl\":\"https:\\\/\\\/centrourbano.com\\\/revista\\\/wp-content\\\/uploads\\\/AIAM-abre-convocatoria-para-premios-de-Ingenier\u00eda-y-Arquitectura.jpg\",\"datePublished\":\"2019-07-03T14:00:29+00:00\",\"dateModified\":\"2019-07-03T15:00:46+00:00\",\"description\":\"La AIAM A. C. galardonar\u00e1 a las personalidades destacadas en el campo profesional de la ingenier\u00eda e arquitectura con diploma y medalla de honor\",\"breadcrumb\":{\"@id\":\"https:\\\/\\\/centrourbano.com\\\/revista\\\/construccion\\\/aiam-premios-ingenieria-arquitectura\\\/#breadcrumb\"},\"inLanguage\":\"es\",\"potentialAction\":[{\"@type\":\"ReadAction\",\"target\":[\"https:\\\/\\\/centrourbano.com\\\/revista\\\/construccion\\\/aiam-premios-ingenieria-arquitectura\\\/\"]}]},{\"@type\":\"ImageObject\",\"inLanguage\":\"es\",\"@id\":\"https:\\\/\\\/centrourbano.com\\\/revista\\\/construccion\\\/aiam-premios-ingenieria-arquitectura\\\/#primaryimage\",\"url\":\"https:\\\/\\\/centrourbano.com\\\/revista\\\/wp-content\\\/uploads\\\/AIAM-abre-convocatoria-para-premios-de-Ingenier\u00eda-y-Arquitectura.jpg\",\"contentUrl\":\"https:\\\/\\\/centrourbano.com\\\/revista\\\/wp-content\\\/uploads\\\/AIAM-abre-convocatoria-para-premios-de-Ingenier\u00eda-y-Arquitectura.jpg\",\"width\":700,\"height\":700,\"caption\":\"AIAM abre convocatoria para premios de Ingenier\u00eda y Arquitectura\"},{\"@type\":\"BreadcrumbList\",\"@id\":\"https:\\\/\\\/centrourbano.com\\\/revista\\\/construccion\\\/aiam-premios-ingenieria-arquitectura\\\/#breadcrumb\",\"itemListElement\":[{\"@type\":\"ListItem\",\"position\":1,\"name\":\"Portada\",\"item\":\"https:\\\/\\\/centrourbano.com\\\/revista\\\/\"},{\"@type\":\"ListItem\",\"position\":2,\"name\":\"AIAM abre convocatoria para premios de Ingenier\u00eda y Arquitectura\"}]},{\"@type\":\"WebSite\",\"@id\":\"https:\\\/\\\/centrourbano.com\\\/revista\\\/#website\",\"url\":\"https:\\\/\\\/centrourbano.com\\\/revista\\\/\",\"name\":\"Centro Urbano\",\"description\":\"Medio especializado en los sectores vivienda, inmobiliario, construcci\u00f3n, arquitectura y urbanismo.\",\"publisher\":{\"@id\":\"https:\\\/\\\/centrourbano.com\\\/revista\\\/#organization\"},\"potentialAction\":[{\"@type\":\"SearchAction\",\"target\":{\"@type\":\"EntryPoint\",\"urlTemplate\":\"https:\\\/\\\/centrourbano.com\\\/revista\\\/?s={search_term_string}\"},\"query-input\":{\"@type\":\"PropertyValueSpecification\",\"valueRequired\":true,\"valueName\":\"search_term_string\"}}],\"inLanguage\":\"es\"},{\"@type\":\"Organization\",\"@id\":\"https:\\\/\\\/centrourbano.com\\\/revista\\\/#organization\",\"name\":\"Centro Urbano\",\"url\":\"https:\\\/\\\/centrourbano.com\\\/revista\\\/\",\"logo\":{\"@type\":\"ImageObject\",\"inLanguage\":\"es\",\"@id\":\"https:\\\/\\\/centrourbano.com\\\/revista\\\/#\\\/schema\\\/logo\\\/image\\\/\",\"url\":\"https:\\\/\\\/centrourbano.com\\\/revista\\\/wp-content\\\/uploads\\\/web_CU_logo-1.png\",\"contentUrl\":\"https:\\\/\\\/centrourbano.com\\\/revista\\\/wp-content\\\/uploads\\\/web_CU_logo-1.png\",\"width\":350,\"height\":91,\"caption\":\"Centro Urbano\"},\"image\":{\"@id\":\"https:\\\/\\\/centrourbano.com\\\/revista\\\/#\\\/schema\\\/logo\\\/image\\\/\"},\"sameAs\":[\"https:\\\/\\\/www.facebook.com\\\/portalcentrourbano\",\"https:\\\/\\\/x.com\\\/CentroUrbano\",\"https:\\\/\\\/www.instagram.com\\\/centro_urbano\\\/\",\"https:\\\/\\\/www.linkedin.com\\\/company\\\/centro-urbano\\\/\",\"http:\\\/\\\/www.youtube.com\\\/user\\\/portalcentrourbano\"]},{\"@type\":\"Person\",\"@id\":\"https:\\\/\\\/centrourbano.com\\\/revista\\\/#\\\/schema\\\/person\\\/8469a7904fe3cf3ff7a3c2e0686b6587\",\"name\":\"Erika Escobar\",\"image\":{\"@type\":\"ImageObject\",\"inLanguage\":\"es\",\"@id\":\"https:\\\/\\\/secure.gravatar.com\\\/avatar\\\/b1a25103701e9979acaf062795c9a583ddab62261a614b46accfcaf729f55957?s=96&d=mm&r=g\",\"url\":\"https:\\\/\\\/secure.gravatar.com\\\/avatar\\\/b1a25103701e9979acaf062795c9a583ddab62261a614b46accfcaf729f55957?s=96&d=mm&r=g\",\"contentUrl\":\"https:\\\/\\\/secure.gravatar.com\\\/avatar\\\/b1a25103701e9979acaf062795c9a583ddab62261a614b46accfcaf729f55957?s=96&d=mm&r=g\",\"caption\":\"Erika Escobar\"},\"url\":\"https:\\\/\\\/centrourbano.com\\\/revista\\\/author\\\/erika-escobar\\\/\"}]}<\/script>\n<!-- \/ Yoast SEO plugin. -->","yoast_head_json":{"title":"AIAM abre convocatoria para premios de Ingenier\u00eda y Arquitectura","description":"La AIAM A. C. galardonar\u00e1 a las personalidades destacadas en el campo profesional de la ingenier\u00eda e arquitectura con diploma y medalla de honor","robots":{"index":"index","follow":"follow","max-snippet":"max-snippet:-1","max-image-preview":"max-image-preview:large","max-video-preview":"max-video-preview:-1"},"canonical":"https:\/\/centrourbano.com\/revista\/construccion\/aiam-premios-ingenieria-arquitectura\/","og_locale":"es_ES","og_type":"article","og_title":"AIAM abre convocatoria para premios de Ingenier\u00eda y Arquitectura","og_description":"La AIAM A. C. galardonar\u00e1 a las personalidades destacadas en el campo profesional de la ingenier\u00eda e arquitectura con diploma y medalla de honor","og_url":"https:\/\/centrourbano.com\/revista\/construccion\/aiam-premios-ingenieria-arquitectura\/","og_site_name":"Centro Urbano","article_publisher":"https:\/\/www.facebook.com\/portalcentrourbano","article_published_time":"2019-07-03T14:00:29+00:00","article_modified_time":"2019-07-03T15:00:46+00:00","og_image":[{"width":700,"height":700,"url":"https:\/\/centrourbano.com\/revista\/wp-content\/uploads\/AIAM-abre-convocatoria-para-premios-de-Ingenier\u00eda-y-Arquitectura.jpg","type":"image\/jpeg"}],"author":"Erika Escobar","twitter_card":"summary_large_image","twitter_creator":"@CentroUrbano","twitter_site":"@CentroUrbano","twitter_misc":{"Escrito por":"Erika Escobar","Tiempo de lectura":"2 minutos"},"schema":{"@context":"https:\/\/schema.org","@graph":[{"@type":"Article","@id":"https:\/\/centrourbano.com\/revista\/construccion\/aiam-premios-ingenieria-arquitectura\/#article","isPartOf":{"@id":"https:\/\/centrourbano.com\/revista\/construccion\/aiam-premios-ingenieria-arquitectura\/"},"author":{"name":"Erika Escobar","@id":"https:\/\/centrourbano.com\/revista\/#\/schema\/person\/8469a7904fe3cf3ff7a3c2e0686b6587"},"headline":"AIAM abre convocatoria para premios de Ingenier\u00eda y Arquitectura","datePublished":"2019-07-03T14:00:29+00:00","dateModified":"2019-07-03T15:00:46+00:00","mainEntityOfPage":{"@id":"https:\/\/centrourbano.com\/revista\/construccion\/aiam-premios-ingenieria-arquitectura\/"},"wordCount":322,"commentCount":0,"publisher":{"@id":"https:\/\/centrourbano.com\/revista\/#organization"},"image":{"@id":"https:\/\/centrourbano.com\/revista\/construccion\/aiam-premios-ingenieria-arquitectura\/#primaryimage"},"thumbnailUrl":"https:\/\/centrourbano.com\/revista\/wp-content\/uploads\/AIAM-abre-convocatoria-para-premios-de-Ingenier\u00eda-y-Arquitectura.jpg","keywords":["AIAM","arquitectura","construcci\u00f3n","Premio Nacional de Arquitectura","Premio Nacional de Ingenier\u00eda"],"articleSection":["Arquitectura","Construcci\u00f3n","Convocatorias"],"inLanguage":"es","potentialAction":[{"@type":"CommentAction","name":"Comment","target":["https:\/\/centrourbano.com\/revista\/construccion\/aiam-premios-ingenieria-arquitectura\/#respond"]}]},{"@type":"WebPage","@id":"https:\/\/centrourbano.com\/revista\/construccion\/aiam-premios-ingenieria-arquitectura\/","url":"https:\/\/centrourbano.com\/revista\/construccion\/aiam-premios-ingenieria-arquitectura\/","name":"AIAM abre convocatoria para premios de Ingenier\u00eda y Arquitectura","isPartOf":{"@id":"https:\/\/centrourbano.com\/revista\/#website"},"primaryImageOfPage":{"@id":"https:\/\/centrourbano.com\/revista\/construccion\/aiam-premios-ingenieria-arquitectura\/#primaryimage"},"image":{"@id":"https:\/\/centrourbano.com\/revista\/construccion\/aiam-premios-ingenieria-arquitectura\/#primaryimage"},"thumbnailUrl":"https:\/\/centrourbano.com\/revista\/wp-content\/uploads\/AIAM-abre-convocatoria-para-premios-de-Ingenier\u00eda-y-Arquitectura.jpg","datePublished":"2019-07-03T14:00:29+00:00","dateModified":"2019-07-03T15:00:46+00:00","description":"La AIAM A. C. galardonar\u00e1 a las personalidades destacadas en el campo profesional de la ingenier\u00eda e arquitectura con diploma y medalla de honor","breadcrumb":{"@id":"https:\/\/centrourbano.com\/revista\/construccion\/aiam-premios-ingenieria-arquitectura\/#breadcrumb"},"inLanguage":"es","potentialAction":[{"@type":"ReadAction","target":["https:\/\/centrourbano.com\/revista\/construccion\/aiam-premios-ingenieria-arquitectura\/"]}]},{"@type":"ImageObject","inLanguage":"es","@id":"https:\/\/centrourbano.com\/revista\/construccion\/aiam-premios-ingenieria-arquitectura\/#primaryimage","url":"https:\/\/centrourbano.com\/revista\/wp-content\/uploads\/AIAM-abre-convocatoria-para-premios-de-Ingenier\u00eda-y-Arquitectura.jpg","contentUrl":"https:\/\/centrourbano.com\/revista\/wp-content\/uploads\/AIAM-abre-convocatoria-para-premios-de-Ingenier\u00eda-y-Arquitectura.jpg","width":700,"height":700,"caption":"AIAM abre convocatoria para premios de Ingenier\u00eda y Arquitectura"},{"@type":"BreadcrumbList","@id":"https:\/\/centrourbano.com\/revista\/construccion\/aiam-premios-ingenieria-arquitectura\/#breadcrumb","itemListElement":[{"@type":"ListItem","position":1,"name":"Portada","item":"https:\/\/centrourbano.com\/revista\/"},{"@type":"ListItem","position":2,"name":"AIAM abre convocatoria para premios de Ingenier\u00eda y Arquitectura"}]},{"@type":"WebSite","@id":"https:\/\/centrourbano.com\/revista\/#website","url":"https:\/\/centrourbano.com\/revista\/","name":"Centro Urbano","description":"Medio especializado en los sectores vivienda, inmobiliario, construcci\u00f3n, arquitectura y urbanismo.","publisher":{"@id":"https:\/\/centrourbano.com\/revista\/#organization"},"potentialAction":[{"@type":"SearchAction","target":{"@type":"EntryPoint","urlTemplate":"https:\/\/centrourbano.com\/revista\/?s={search_term_string}"},"query-input":{"@type":"PropertyValueSpecification","valueRequired":true,"valueName":"search_term_string"}}],"inLanguage":"es"},{"@type":"Organization","@id":"https:\/\/centrourbano.com\/revista\/#organization","name":"Centro Urbano","url":"https:\/\/centrourbano.com\/revista\/","logo":{"@type":"ImageObject","inLanguage":"es","@id":"https:\/\/centrourbano.com\/revista\/#\/schema\/logo\/image\/","url":"https:\/\/centrourbano.com\/revista\/wp-content\/uploads\/web_CU_logo-1.png","contentUrl":"https:\/\/centrourbano.com\/revista\/wp-content\/uploads\/web_CU_logo-1.png","width":350,"height":91,"caption":"Centro Urbano"},"image":{"@id":"https:\/\/centrourbano.com\/revista\/#\/schema\/logo\/image\/"},"sameAs":["https:\/\/www.facebook.com\/portalcentrourbano","https:\/\/x.com\/CentroUrbano","https:\/\/www.instagram.com\/centro_urbano\/","https:\/\/www.linkedin.com\/company\/centro-urbano\/","http:\/\/www.youtube.com\/user\/portalcentrourbano"]},{"@type":"Person","@id":"https:\/\/centrourbano.com\/revista\/#\/schema\/person\/8469a7904fe3cf3ff7a3c2e0686b6587","name":"Erika Escobar","image":{"@type":"ImageObject","inLanguage":"es","@id":"https:\/\/secure.gravatar.com\/avatar\/b1a25103701e9979acaf062795c9a583ddab62261a614b46accfcaf729f55957?s=96&d=mm&r=g","url":"https:\/\/secure.gravatar.com\/avatar\/b1a25103701e9979acaf062795c9a583ddab62261a614b46accfcaf729f55957?s=96&d=mm&r=g","contentUrl":"https:\/\/secure.gravatar.com\/avatar\/b1a25103701e9979acaf062795c9a583ddab62261a614b46accfcaf729f55957?s=96&d=mm&r=g","caption":"Erika Escobar"},"url":"https:\/\/centrourbano.com\/revista\/author\/erika-escobar\/"}]}},"_links":{"self":[{"href":"https:\/\/centrourbano.com\/revista\/wp-json\/wp\/v2\/posts\/92578","targetHints":{"allow":["GET"]}}],"collection":[{"href":"https:\/\/centrourbano.com\/revista\/wp-json\/wp\/v2\/posts"}],"about":[{"href":"https:\/\/centrourbano.com\/revista\/wp-json\/wp\/v2\/types\/post"}],"author":[{"embeddable":true,"href":"https:\/\/centrourbano.com\/revista\/wp-json\/wp\/v2\/users\/72"}],"replies":[{"embeddable":true,"href":"https:\/\/centrourbano.com\/revista\/wp-json\/wp\/v2\/comments?post=92578"}],"version-history":[{"count":3,"href":"https:\/\/centrourbano.com\/revista\/wp-json\/wp\/v2\/posts\/92578\/revisions"}],"predecessor-version":[{"id":92601,"href":"https:\/\/centrourbano.com\/revista\/wp-json\/wp\/v2\/posts\/92578\/revisions\/92601"}],"wp:featuredmedia":[{"embeddable":true,"href":"https:\/\/centrourbano.com\/revista\/wp-json\/wp\/v2\/media\/92584"}],"wp:attachment":[{"href":"https:\/\/centrourbano.com\/revista\/wp-json\/wp\/v2\/media?parent=92578"}],"wp:term":[{"taxonomy":"category","embeddable":true,"href":"https:\/\/centrourbano.com\/revista\/wp-json\/wp\/v2\/categories?post=92578"},{"taxonomy":"post_tag","embeddable":true,"href":"https:\/\/centrourbano.com\/revista\/wp-json\/wp\/v2\/tags?post=92578"}],"curies":[{"name":"wp","href":"https:\/\/api.w.org\/{rel}","templated":true}]}}