{"id":9210,"date":"2014-07-31T14:57:57","date_gmt":"2014-07-31T19:57:57","guid":{"rendered":"http:\/\/centrourbano.com\/?p=9210"},"modified":"2014-07-31T14:58:09","modified_gmt":"2014-07-31T19:58:09","slug":"lanzaran-en-agosto-licitacion-para-tren-mexico-queretaro","status":"publish","type":"post","link":"https:\/\/centrourbano.com\/revista\/construccion\/lanzaran-en-agosto-licitacion-para-tren-mexico-queretaro\/","title":{"rendered":"Lanzar\u00e1n en agosto licitaci\u00f3n para tren M\u00e9xico-Quer\u00e9taro"},"content":{"rendered":"<p><em>Ser\u00e1 el primero en su tipo en el continente y beneficiar\u00e1 m\u00e1s de 25 millones de personas, con lo que detonar\u00e1 la econom\u00eda en el pa\u00eds<\/em><br \/>\n<!--more--><\/p>\n<p>La Secretar\u00eda de Comunicaciones y Transportes (SCT) public\u00f3 la Pre-Convocatoria de la Licitaci\u00f3n P\u00fablica Internacional Abierta para la construcci\u00f3n del tren de pasajeros M\u00e9xico-Quer\u00e9taro e inform\u00f3 que el 15 de agosto pr\u00f3ximo ser\u00e1 dada a conocer la licitaci\u00f3n.<\/p>\n<p>La ejecuci\u00f3n de este proyecto, que iniciar\u00e1 este a\u00f1o, ser\u00e1 el primero en su tipo en el continente y beneficiar\u00e1 m\u00e1s de 25 millones de personas, con lo que detonar\u00e1 la econom\u00eda y generar\u00e1 durante su construcci\u00f3n 20,000 empleos directos y 41,000 indirectos.<\/p>\n<p>Cabe se\u00f1alar que el tren entrar\u00e1 en operaci\u00f3n a finales de 2017, con lo cual se avanza en el cumplimiento de los 13 compromisos en\u00a0materia ferroviaria de pasajeros\u00a0y de carga firmados por el Gobierno Federal.<\/p>\n<p>El tren de alta velocidad partir\u00e1 desde la Terminal Ferroviaria de Buenavista, en la Ciudad de M\u00e9xico, hasta el centro de la capital de Quer\u00e9taro, en un recorrido de 210 kil\u00f3metros a una velocidad de 300 kil\u00f3metros por hora.<\/p>\n<p>Asimismo, prev\u00e9 transportar diariamente a 23,000 pasajeros, adem\u00e1s de que reducir\u00e1 el tiempo de traslado de dos horas en un viaje sencillo por lo que todos los d\u00edas dejar\u00e1n de circular por la autopista 18,000 veh\u00edculos de baja capacidad.<\/p>\n<p>De acuerdo con el proyecto de convocatoria de la Direcci\u00f3n General de Transporte Ferroviario y Multimodal, se otorgar\u00e1 un contrato mixto de obra p\u00fablica para la construcci\u00f3n, suministro y puesta en operaci\u00f3n de una v\u00eda f\u00e9rrea; material rodante, equipos y sistemas, as\u00ed como los dem\u00e1s componentes del proyecto del Tren M\u00e9xico-Quer\u00e9taro.<\/p>\n<p>&nbsp;<\/p>\n","protected":false},"excerpt":{"rendered":"<p>Ser\u00e1 el primero en su tipo en el continente y beneficiar\u00e1 m\u00e1s de 25 millones de personas, con lo que detonar\u00e1 la econom\u00eda en el pa\u00eds<\/p>\n","protected":false},"author":9,"featured_media":0,"comment_status":"open","ping_status":"closed","sticky":false,"template":"","format":"standard","meta":{"om_disable_all_campaigns":false,"inline_featured_image":false,"_monsterinsights_skip_tracking":false,"_monsterinsights_sitenote_active":false,"_monsterinsights_sitenote_note":"","_monsterinsights_sitenote_category":0,"footnotes":""},"categories":[14],"tags":[460,1258],"class_list":["post-9210","post","type-post","status-publish","format-standard","hentry","category-construccion","tag-mexico-queretaro","tag-tren-mexico-queretaro"],"yoast_head":"<!-- This site is optimized with the Yoast SEO plugin v27.5 - https:\/\/yoast.com\/product\/yoast-seo-wordpress\/ -->\n<title>Lanzar\u00e1n en agosto licitaci\u00f3n para tren M\u00e9xico-Quer\u00e9taro -<\/title>\n<meta name=\"description\" content=\"Ser\u00e1 el primero en su tipo en el continente y beneficiar\u00e1 m\u00e1s de 25 millones de personas, con lo que detonar\u00e1 la econom\u00eda en el pa\u00eds La Secretar\u00eda de\" \/>\n<meta name=\"robots\" content=\"index, follow, max-snippet:-1, max-image-preview:large, max-video-preview:-1\" \/>\n<link rel=\"canonical\" href=\"https:\/\/centrourbano.com\/revista\/construccion\/lanzaran-en-agosto-licitacion-para-tren-mexico-queretaro\/\" \/>\n<meta property=\"og:locale\" content=\"es_ES\" \/>\n<meta property=\"og:type\" content=\"article\" \/>\n<meta property=\"og:title\" content=\"Lanzar\u00e1n en agosto licitaci\u00f3n para tren M\u00e9xico-Quer\u00e9taro -\" \/>\n<meta property=\"og:description\" content=\"Ser\u00e1 el primero en su tipo en el continente y beneficiar\u00e1 m\u00e1s de 25 millones de personas, con lo que detonar\u00e1 la econom\u00eda en el pa\u00eds La Secretar\u00eda de\" \/>\n<meta property=\"og:url\" content=\"https:\/\/centrourbano.com\/revista\/construccion\/lanzaran-en-agosto-licitacion-para-tren-mexico-queretaro\/\" \/>\n<meta property=\"og:site_name\" content=\"Centro Urbano\" \/>\n<meta property=\"article:publisher\" content=\"https:\/\/www.facebook.com\/portalcentrourbano\" \/>\n<meta property=\"article:published_time\" content=\"2014-07-31T19:57:57+00:00\" \/>\n<meta property=\"article:modified_time\" content=\"2014-07-31T19:58:09+00:00\" \/>\n<meta property=\"og:image\" content=\"https:\/\/centrourbano.com\/revista\/wp-content\/uploads\/CU-logo.png\" \/>\n\t<meta property=\"og:image:width\" content=\"350\" \/>\n\t<meta property=\"og:image:height\" content=\"91\" \/>\n\t<meta property=\"og:image:type\" content=\"image\/png\" \/>\n<meta name=\"author\" content=\"Dinorah Nava\" \/>\n<meta name=\"twitter:card\" content=\"summary_large_image\" \/>\n<meta name=\"twitter:creator\" content=\"@https:\/\/twitter.com\/Dinorah_Nava28\" \/>\n<meta name=\"twitter:site\" content=\"@CentroUrbano\" \/>\n<meta name=\"twitter:label1\" content=\"Escrito por\" \/>\n\t<meta name=\"twitter:data1\" content=\"Dinorah Nava\" \/>\n\t<meta name=\"twitter:label2\" content=\"Tiempo de lectura\" \/>\n\t<meta name=\"twitter:data2\" content=\"1 minuto\" \/>\n<script type=\"application\/ld+json\" class=\"yoast-schema-graph\">{\"@context\":\"https:\\\/\\\/schema.org\",\"@graph\":[{\"@type\":\"Article\",\"@id\":\"https:\\\/\\\/centrourbano.com\\\/revista\\\/construccion\\\/lanzaran-en-agosto-licitacion-para-tren-mexico-queretaro\\\/#article\",\"isPartOf\":{\"@id\":\"https:\\\/\\\/centrourbano.com\\\/revista\\\/construccion\\\/lanzaran-en-agosto-licitacion-para-tren-mexico-queretaro\\\/\"},\"author\":{\"name\":\"Dinorah Nava\",\"@id\":\"https:\\\/\\\/centrourbano.com\\\/revista\\\/#\\\/schema\\\/person\\\/baa9e569588d5544150642a11ad28b8b\"},\"headline\":\"Lanzar\u00e1n en agosto licitaci\u00f3n para tren M\u00e9xico-Quer\u00e9taro\",\"datePublished\":\"2014-07-31T19:57:57+00:00\",\"dateModified\":\"2014-07-31T19:58:09+00:00\",\"mainEntityOfPage\":{\"@id\":\"https:\\\/\\\/centrourbano.com\\\/revista\\\/construccion\\\/lanzaran-en-agosto-licitacion-para-tren-mexico-queretaro\\\/\"},\"wordCount\":309,\"commentCount\":0,\"publisher\":{\"@id\":\"https:\\\/\\\/centrourbano.com\\\/revista\\\/#organization\"},\"keywords\":[\"M\u00e9xico-Quer\u00e9taro\",\"tren m\u00e9xico-quer\u00e9taro\"],\"articleSection\":[\"Construcci\u00f3n\"],\"inLanguage\":\"es\",\"potentialAction\":[{\"@type\":\"CommentAction\",\"name\":\"Comment\",\"target\":[\"https:\\\/\\\/centrourbano.com\\\/revista\\\/construccion\\\/lanzaran-en-agosto-licitacion-para-tren-mexico-queretaro\\\/#respond\"]}]},{\"@type\":\"WebPage\",\"@id\":\"https:\\\/\\\/centrourbano.com\\\/revista\\\/construccion\\\/lanzaran-en-agosto-licitacion-para-tren-mexico-queretaro\\\/\",\"url\":\"https:\\\/\\\/centrourbano.com\\\/revista\\\/construccion\\\/lanzaran-en-agosto-licitacion-para-tren-mexico-queretaro\\\/\",\"name\":\"Lanzar\u00e1n en agosto licitaci\u00f3n para tren M\u00e9xico-Quer\u00e9taro -\",\"isPartOf\":{\"@id\":\"https:\\\/\\\/centrourbano.com\\\/revista\\\/#website\"},\"datePublished\":\"2014-07-31T19:57:57+00:00\",\"dateModified\":\"2014-07-31T19:58:09+00:00\",\"description\":\"Ser\u00e1 el primero en su tipo en el continente y beneficiar\u00e1 m\u00e1s de 25 millones de personas, con lo que detonar\u00e1 la econom\u00eda en el pa\u00eds La Secretar\u00eda de\",\"breadcrumb\":{\"@id\":\"https:\\\/\\\/centrourbano.com\\\/revista\\\/construccion\\\/lanzaran-en-agosto-licitacion-para-tren-mexico-queretaro\\\/#breadcrumb\"},\"inLanguage\":\"es\",\"potentialAction\":[{\"@type\":\"ReadAction\",\"target\":[\"https:\\\/\\\/centrourbano.com\\\/revista\\\/construccion\\\/lanzaran-en-agosto-licitacion-para-tren-mexico-queretaro\\\/\"]}]},{\"@type\":\"BreadcrumbList\",\"@id\":\"https:\\\/\\\/centrourbano.com\\\/revista\\\/construccion\\\/lanzaran-en-agosto-licitacion-para-tren-mexico-queretaro\\\/#breadcrumb\",\"itemListElement\":[{\"@type\":\"ListItem\",\"position\":1,\"name\":\"Portada\",\"item\":\"https:\\\/\\\/centrourbano.com\\\/revista\\\/\"},{\"@type\":\"ListItem\",\"position\":2,\"name\":\"Lanzar\u00e1n en agosto licitaci\u00f3n para tren M\u00e9xico-Quer\u00e9taro\"}]},{\"@type\":\"WebSite\",\"@id\":\"https:\\\/\\\/centrourbano.com\\\/revista\\\/#website\",\"url\":\"https:\\\/\\\/centrourbano.com\\\/revista\\\/\",\"name\":\"Centro Urbano\",\"description\":\"Medio especializado en los sectores vivienda, inmobiliario, construcci\u00f3n, arquitectura y urbanismo.\",\"publisher\":{\"@id\":\"https:\\\/\\\/centrourbano.com\\\/revista\\\/#organization\"},\"potentialAction\":[{\"@type\":\"SearchAction\",\"target\":{\"@type\":\"EntryPoint\",\"urlTemplate\":\"https:\\\/\\\/centrourbano.com\\\/revista\\\/?s={search_term_string}\"},\"query-input\":{\"@type\":\"PropertyValueSpecification\",\"valueRequired\":true,\"valueName\":\"search_term_string\"}}],\"inLanguage\":\"es\"},{\"@type\":\"Organization\",\"@id\":\"https:\\\/\\\/centrourbano.com\\\/revista\\\/#organization\",\"name\":\"Centro Urbano\",\"url\":\"https:\\\/\\\/centrourbano.com\\\/revista\\\/\",\"logo\":{\"@type\":\"ImageObject\",\"inLanguage\":\"es\",\"@id\":\"https:\\\/\\\/centrourbano.com\\\/revista\\\/#\\\/schema\\\/logo\\\/image\\\/\",\"url\":\"https:\\\/\\\/centrourbano.com\\\/revista\\\/wp-content\\\/uploads\\\/web_CU_logo-1.png\",\"contentUrl\":\"https:\\\/\\\/centrourbano.com\\\/revista\\\/wp-content\\\/uploads\\\/web_CU_logo-1.png\",\"width\":350,\"height\":91,\"caption\":\"Centro Urbano\"},\"image\":{\"@id\":\"https:\\\/\\\/centrourbano.com\\\/revista\\\/#\\\/schema\\\/logo\\\/image\\\/\"},\"sameAs\":[\"https:\\\/\\\/www.facebook.com\\\/portalcentrourbano\",\"https:\\\/\\\/x.com\\\/CentroUrbano\",\"https:\\\/\\\/www.instagram.com\\\/centro_urbano\\\/\",\"https:\\\/\\\/www.linkedin.com\\\/company\\\/centro-urbano\\\/\",\"http:\\\/\\\/www.youtube.com\\\/user\\\/portalcentrourbano\"]},{\"@type\":\"Person\",\"@id\":\"https:\\\/\\\/centrourbano.com\\\/revista\\\/#\\\/schema\\\/person\\\/baa9e569588d5544150642a11ad28b8b\",\"name\":\"Dinorah Nava\",\"image\":{\"@type\":\"ImageObject\",\"inLanguage\":\"es\",\"@id\":\"https:\\\/\\\/secure.gravatar.com\\\/avatar\\\/f6ca6430c51d147f363940f84e1225aa4b8183885c11802cc3b042305a4ecc1a?s=96&d=mm&r=g\",\"url\":\"https:\\\/\\\/secure.gravatar.com\\\/avatar\\\/f6ca6430c51d147f363940f84e1225aa4b8183885c11802cc3b042305a4ecc1a?s=96&d=mm&r=g\",\"contentUrl\":\"https:\\\/\\\/secure.gravatar.com\\\/avatar\\\/f6ca6430c51d147f363940f84e1225aa4b8183885c11802cc3b042305a4ecc1a?s=96&d=mm&r=g\",\"caption\":\"Dinorah Nava\"},\"description\":\"Editora de Contenidos y Estrategias Digitales en Centro Urbano y Coeditora en Peri\u00f3dico Mi Casa. Egresada de la licenciatura en Comunicaci\u00f3n y Periodismo de la Facultad de Estudios Superiores Arag\u00f3n (UNAM). Amante de la edici\u00f3n y correcci\u00f3n de estilo, las redes sociales y el mundo digital. Especialista en temas son arquitectura, inmobiliario y urbanismo.\",\"sameAs\":[\"linkedin.com\\\/in\\\/dinorah-nava\",\"https:\\\/\\\/x.com\\\/https:\\\/\\\/twitter.com\\\/Dinorah_Nava28\"],\"url\":\"https:\\\/\\\/centrourbano.com\\\/revista\\\/author\\\/dinorah-nava\\\/\"}]}<\/script>\n<!-- \/ Yoast SEO plugin. -->","yoast_head_json":{"title":"Lanzar\u00e1n en agosto licitaci\u00f3n para tren M\u00e9xico-Quer\u00e9taro -","description":"Ser\u00e1 el primero en su tipo en el continente y beneficiar\u00e1 m\u00e1s de 25 millones de personas, con lo que detonar\u00e1 la econom\u00eda en el pa\u00eds La Secretar\u00eda de","robots":{"index":"index","follow":"follow","max-snippet":"max-snippet:-1","max-image-preview":"max-image-preview:large","max-video-preview":"max-video-preview:-1"},"canonical":"https:\/\/centrourbano.com\/revista\/construccion\/lanzaran-en-agosto-licitacion-para-tren-mexico-queretaro\/","og_locale":"es_ES","og_type":"article","og_title":"Lanzar\u00e1n en agosto licitaci\u00f3n para tren M\u00e9xico-Quer\u00e9taro -","og_description":"Ser\u00e1 el primero en su tipo en el continente y beneficiar\u00e1 m\u00e1s de 25 millones de personas, con lo que detonar\u00e1 la econom\u00eda en el pa\u00eds La Secretar\u00eda de","og_url":"https:\/\/centrourbano.com\/revista\/construccion\/lanzaran-en-agosto-licitacion-para-tren-mexico-queretaro\/","og_site_name":"Centro Urbano","article_publisher":"https:\/\/www.facebook.com\/portalcentrourbano","article_published_time":"2014-07-31T19:57:57+00:00","article_modified_time":"2014-07-31T19:58:09+00:00","og_image":[{"width":350,"height":91,"url":"https:\/\/centrourbano.com\/revista\/wp-content\/uploads\/CU-logo.png","type":"image\/png"}],"author":"Dinorah Nava","twitter_card":"summary_large_image","twitter_creator":"@https:\/\/twitter.com\/Dinorah_Nava28","twitter_site":"@CentroUrbano","twitter_misc":{"Escrito por":"Dinorah Nava","Tiempo de lectura":"1 minuto"},"schema":{"@context":"https:\/\/schema.org","@graph":[{"@type":"Article","@id":"https:\/\/centrourbano.com\/revista\/construccion\/lanzaran-en-agosto-licitacion-para-tren-mexico-queretaro\/#article","isPartOf":{"@id":"https:\/\/centrourbano.com\/revista\/construccion\/lanzaran-en-agosto-licitacion-para-tren-mexico-queretaro\/"},"author":{"name":"Dinorah Nava","@id":"https:\/\/centrourbano.com\/revista\/#\/schema\/person\/baa9e569588d5544150642a11ad28b8b"},"headline":"Lanzar\u00e1n en agosto licitaci\u00f3n para tren M\u00e9xico-Quer\u00e9taro","datePublished":"2014-07-31T19:57:57+00:00","dateModified":"2014-07-31T19:58:09+00:00","mainEntityOfPage":{"@id":"https:\/\/centrourbano.com\/revista\/construccion\/lanzaran-en-agosto-licitacion-para-tren-mexico-queretaro\/"},"wordCount":309,"commentCount":0,"publisher":{"@id":"https:\/\/centrourbano.com\/revista\/#organization"},"keywords":["M\u00e9xico-Quer\u00e9taro","tren m\u00e9xico-quer\u00e9taro"],"articleSection":["Construcci\u00f3n"],"inLanguage":"es","potentialAction":[{"@type":"CommentAction","name":"Comment","target":["https:\/\/centrourbano.com\/revista\/construccion\/lanzaran-en-agosto-licitacion-para-tren-mexico-queretaro\/#respond"]}]},{"@type":"WebPage","@id":"https:\/\/centrourbano.com\/revista\/construccion\/lanzaran-en-agosto-licitacion-para-tren-mexico-queretaro\/","url":"https:\/\/centrourbano.com\/revista\/construccion\/lanzaran-en-agosto-licitacion-para-tren-mexico-queretaro\/","name":"Lanzar\u00e1n en agosto licitaci\u00f3n para tren M\u00e9xico-Quer\u00e9taro -","isPartOf":{"@id":"https:\/\/centrourbano.com\/revista\/#website"},"datePublished":"2014-07-31T19:57:57+00:00","dateModified":"2014-07-31T19:58:09+00:00","description":"Ser\u00e1 el primero en su tipo en el continente y beneficiar\u00e1 m\u00e1s de 25 millones de personas, con lo que detonar\u00e1 la econom\u00eda en el pa\u00eds La Secretar\u00eda de","breadcrumb":{"@id":"https:\/\/centrourbano.com\/revista\/construccion\/lanzaran-en-agosto-licitacion-para-tren-mexico-queretaro\/#breadcrumb"},"inLanguage":"es","potentialAction":[{"@type":"ReadAction","target":["https:\/\/centrourbano.com\/revista\/construccion\/lanzaran-en-agosto-licitacion-para-tren-mexico-queretaro\/"]}]},{"@type":"BreadcrumbList","@id":"https:\/\/centrourbano.com\/revista\/construccion\/lanzaran-en-agosto-licitacion-para-tren-mexico-queretaro\/#breadcrumb","itemListElement":[{"@type":"ListItem","position":1,"name":"Portada","item":"https:\/\/centrourbano.com\/revista\/"},{"@type":"ListItem","position":2,"name":"Lanzar\u00e1n en agosto licitaci\u00f3n para tren M\u00e9xico-Quer\u00e9taro"}]},{"@type":"WebSite","@id":"https:\/\/centrourbano.com\/revista\/#website","url":"https:\/\/centrourbano.com\/revista\/","name":"Centro Urbano","description":"Medio especializado en los sectores vivienda, inmobiliario, construcci\u00f3n, arquitectura y urbanismo.","publisher":{"@id":"https:\/\/centrourbano.com\/revista\/#organization"},"potentialAction":[{"@type":"SearchAction","target":{"@type":"EntryPoint","urlTemplate":"https:\/\/centrourbano.com\/revista\/?s={search_term_string}"},"query-input":{"@type":"PropertyValueSpecification","valueRequired":true,"valueName":"search_term_string"}}],"inLanguage":"es"},{"@type":"Organization","@id":"https:\/\/centrourbano.com\/revista\/#organization","name":"Centro Urbano","url":"https:\/\/centrourbano.com\/revista\/","logo":{"@type":"ImageObject","inLanguage":"es","@id":"https:\/\/centrourbano.com\/revista\/#\/schema\/logo\/image\/","url":"https:\/\/centrourbano.com\/revista\/wp-content\/uploads\/web_CU_logo-1.png","contentUrl":"https:\/\/centrourbano.com\/revista\/wp-content\/uploads\/web_CU_logo-1.png","width":350,"height":91,"caption":"Centro Urbano"},"image":{"@id":"https:\/\/centrourbano.com\/revista\/#\/schema\/logo\/image\/"},"sameAs":["https:\/\/www.facebook.com\/portalcentrourbano","https:\/\/x.com\/CentroUrbano","https:\/\/www.instagram.com\/centro_urbano\/","https:\/\/www.linkedin.com\/company\/centro-urbano\/","http:\/\/www.youtube.com\/user\/portalcentrourbano"]},{"@type":"Person","@id":"https:\/\/centrourbano.com\/revista\/#\/schema\/person\/baa9e569588d5544150642a11ad28b8b","name":"Dinorah Nava","image":{"@type":"ImageObject","inLanguage":"es","@id":"https:\/\/secure.gravatar.com\/avatar\/f6ca6430c51d147f363940f84e1225aa4b8183885c11802cc3b042305a4ecc1a?s=96&d=mm&r=g","url":"https:\/\/secure.gravatar.com\/avatar\/f6ca6430c51d147f363940f84e1225aa4b8183885c11802cc3b042305a4ecc1a?s=96&d=mm&r=g","contentUrl":"https:\/\/secure.gravatar.com\/avatar\/f6ca6430c51d147f363940f84e1225aa4b8183885c11802cc3b042305a4ecc1a?s=96&d=mm&r=g","caption":"Dinorah Nava"},"description":"Editora de Contenidos y Estrategias Digitales en Centro Urbano y Coeditora en Peri\u00f3dico Mi Casa. Egresada de la licenciatura en Comunicaci\u00f3n y Periodismo de la Facultad de Estudios Superiores Arag\u00f3n (UNAM). Amante de la edici\u00f3n y correcci\u00f3n de estilo, las redes sociales y el mundo digital. Especialista en temas son arquitectura, inmobiliario y urbanismo.","sameAs":["linkedin.com\/in\/dinorah-nava","https:\/\/x.com\/https:\/\/twitter.com\/Dinorah_Nava28"],"url":"https:\/\/centrourbano.com\/revista\/author\/dinorah-nava\/"}]}},"_links":{"self":[{"href":"https:\/\/centrourbano.com\/revista\/wp-json\/wp\/v2\/posts\/9210","targetHints":{"allow":["GET"]}}],"collection":[{"href":"https:\/\/centrourbano.com\/revista\/wp-json\/wp\/v2\/posts"}],"about":[{"href":"https:\/\/centrourbano.com\/revista\/wp-json\/wp\/v2\/types\/post"}],"author":[{"embeddable":true,"href":"https:\/\/centrourbano.com\/revista\/wp-json\/wp\/v2\/users\/9"}],"replies":[{"embeddable":true,"href":"https:\/\/centrourbano.com\/revista\/wp-json\/wp\/v2\/comments?post=9210"}],"version-history":[{"count":0,"href":"https:\/\/centrourbano.com\/revista\/wp-json\/wp\/v2\/posts\/9210\/revisions"}],"wp:attachment":[{"href":"https:\/\/centrourbano.com\/revista\/wp-json\/wp\/v2\/media?parent=9210"}],"wp:term":[{"taxonomy":"category","embeddable":true,"href":"https:\/\/centrourbano.com\/revista\/wp-json\/wp\/v2\/categories?post=9210"},{"taxonomy":"post_tag","embeddable":true,"href":"https:\/\/centrourbano.com\/revista\/wp-json\/wp\/v2\/tags?post=9210"}],"curies":[{"name":"wp","href":"https:\/\/api.w.org\/{rel}","templated":true}]}}