{"id":91886,"date":"2019-06-17T15:11:45","date_gmt":"2019-06-17T20:11:45","guid":{"rendered":"https:\/\/centrourbano.com\/?p=91886"},"modified":"2019-06-17T19:09:32","modified_gmt":"2019-06-18T00:09:32","slug":"fica-derrama-economica-mil-millones","status":"publish","type":"post","link":"https:\/\/centrourbano.com\/revista\/actualidad\/fica-derrama-economica-mil-millones\/","title":{"rendered":"FICA 2019 deja derrama econ\u00f3mica de m\u00e1s de mil millones de pesos"},"content":{"rendered":"<p><em>Los asistentes a la FICA 2019 disfrutaron de gastronom\u00eda, espect\u00e1culos culturales y artesan\u00edas t\u00edpicas de los 90 pa\u00edses invitados<\/em><!--more--><\/p>\n<p>Este domingo 16 de junio se llev\u00f3 a cabo la <strong>ceremonia de clausura de la Feria Internacional de las Culturas Amigas (FICA) 2019<\/strong>, que, durante dos semanas, permiti\u00f3 a los asistentes disfrutar de gastronom\u00eda, espect\u00e1culos musicales y de danza, artesan\u00edas y trajes t\u00edpicos de los <strong>90 pa\u00edses invitados.<\/strong><\/p>\n<p>De acuerdo con el<strong> secretario de Cultura de la Ciudad de M\u00e9xico, Jos\u00e9 Alfonso Su\u00e1rez del Real y Aguilera,<\/strong> la FICA 2019 logr\u00f3 reunir en el Bosque de Chapultepec a <strong>m\u00e1s de 4 millones 790,000 visitantes<\/strong>, que dejaron una <strong>derrama econ\u00f3mica de 1,020 millones de pesos,<\/strong> lo que indica que \u201chubo una econom\u00eda atra\u00edda por la cultura a este espacio\u201d.<\/p>\n<p>Las cifras demuestran la <strong>revitalizaci\u00f3n de la FICA al trasladarse a una nueva sede,<\/strong> que logr\u00f3 conectar a la naturaleza con la multiculturalidad en la expresi\u00f3n de amistad entre habitantes, visitantes y representantes diplom\u00e1ticos de las naciones invitadas, precis\u00f3 Su\u00e1rez del Real.<\/p>\n<p>La ceremonia de clausura de la FICA se realiz\u00f3 en el <strong>Pabell\u00f3n de la Ciudad de M\u00e9xico<\/strong>, donde <strong>el titular de la Secretar\u00eda de Cultura de la CDMX y el secretario de Turismo, Carlos Mackinlay, entregaron reconocimientos a los mejores stands<\/strong>: Holanda por \u2018Mejor Dise\u00f1o\u2019 y B\u00e9lgica por \u2018Mejor Proyecci\u00f3n Cultural\u2019 en el Pabell\u00f3n de Gastronom\u00eda, \u00a0y Lituania y Jap\u00f3n por \u2018Mejor Dise\u00f1o\u2019 y Armenia por \u2018Mejor Proyecci\u00f3n Cultural\u2019 en el Pabell\u00f3n de la Diversidad.<\/p>\n<p>La d\u00e9cimo primera edici\u00f3n de la Feria fue organizada por el <strong>Gobierno de la Ciudad de M\u00e9xico, a trav\u00e9s de la Secretar\u00eda de Cultura<\/strong>, con apoyo de la Secretar\u00eda de Turismo capitalina y el Fondo Mixto de Promoci\u00f3n Tur\u00edstica.<\/p>\n<p>Seg\u00fan informes\u00a0del secretario de Cultura de la CDMX, <strong>los visitantes de la Feria celebraron la nueva ubicaci\u00f3n:<\/strong> \u201cMe gust\u00f3 m\u00e1s aqu\u00ed porque el espacio es m\u00e1s amplio y puedes ver mejor los stands, est\u00e1 bien organizado y es muy seguro. Te vas de aqu\u00ed contento y con ganas de viajar, yo tuve la oportunidad de probar la comida colombiana y para m\u00ed eso fue una invitaci\u00f3n a ahorrar y visitar el pa\u00eds\u201d, expres\u00f3 Sandra Castro, asistente proveniente del Estado de M\u00e9xico.<\/p>\n","protected":false},"excerpt":{"rendered":"<p>Los asistentes a la FICA 2019 disfrutaron de gastronom\u00eda, espect\u00e1culos culturales y artesan\u00edas t\u00edpicas de los 90 pa\u00edses invitados<\/p>\n","protected":false},"author":73,"featured_media":91887,"comment_status":"open","ping_status":"closed","sticky":false,"template":"","format":"standard","meta":{"om_disable_all_campaigns":false,"inline_featured_image":false,"_monsterinsights_skip_tracking":false,"_monsterinsights_sitenote_active":false,"_monsterinsights_sitenote_note":"","_monsterinsights_sitenote_category":0,"footnotes":""},"categories":[80],"tags":[1142,15833,14607,14606],"class_list":["post-91886","post","type-post","status-publish","format-standard","has-post-thumbnail","hentry","category-actualidad","tag-bosque-de-chapultepec","tag-fica-2019","tag-gobierno-de-la-cdmx","tag-secretaria-de-cultura-de-la-cdmx"],"yoast_head":"<!-- This site is optimized with the Yoast SEO plugin v27.4 - https:\/\/yoast.com\/product\/yoast-seo-wordpress\/ -->\n<title>FICA 2019 deja derrama econ\u00f3mica de m\u00e1s de mil millones de pesos<\/title>\n<meta name=\"description\" content=\"Los asistentes a la FICA 2019 disfrutaron de gastronom\u00eda, espect\u00e1culos culturales y artesan\u00edas t\u00edpicas de los 90 pa\u00edses invitados\" \/>\n<meta name=\"robots\" content=\"index, follow, max-snippet:-1, max-image-preview:large, max-video-preview:-1\" \/>\n<link rel=\"canonical\" href=\"https:\/\/centrourbano.com\/revista\/actualidad\/fica-derrama-economica-mil-millones\/\" \/>\n<meta property=\"og:locale\" content=\"es_ES\" \/>\n<meta property=\"og:type\" content=\"article\" \/>\n<meta property=\"og:title\" content=\"FICA 2019 deja derrama econ\u00f3mica de m\u00e1s de mil millones de pesos\" \/>\n<meta property=\"og:description\" content=\"Los asistentes a la FICA 2019 disfrutaron de gastronom\u00eda, espect\u00e1culos culturales y artesan\u00edas t\u00edpicas de los 90 pa\u00edses invitados\" \/>\n<meta property=\"og:url\" content=\"https:\/\/centrourbano.com\/revista\/actualidad\/fica-derrama-economica-mil-millones\/\" \/>\n<meta property=\"og:site_name\" content=\"Centro Urbano\" \/>\n<meta property=\"article:publisher\" content=\"https:\/\/www.facebook.com\/portalcentrourbano\" \/>\n<meta property=\"article:published_time\" content=\"2019-06-17T20:11:45+00:00\" \/>\n<meta property=\"article:modified_time\" content=\"2019-06-18T00:09:32+00:00\" \/>\n<meta property=\"og:image\" content=\"https:\/\/centrourbano.com\/revista\/wp-content\/uploads\/FICA-2019-deja-derrama-econ\u00f3mica-de-m\u00e1s-de-mil-millones-de-pesos.jpg\" \/>\n\t<meta property=\"og:image:width\" content=\"640\" \/>\n\t<meta property=\"og:image:height\" content=\"427\" \/>\n\t<meta property=\"og:image:type\" content=\"image\/jpeg\" \/>\n<meta name=\"author\" content=\"Fernanda Hern\u00e1ndez\" \/>\n<meta name=\"twitter:card\" content=\"summary_large_image\" \/>\n<meta name=\"twitter:creator\" content=\"@https:\/\/twitter.com\/Nannz_Hernandez\" \/>\n<meta name=\"twitter:site\" content=\"@CentroUrbano\" \/>\n<meta name=\"twitter:label1\" content=\"Escrito por\" \/>\n\t<meta name=\"twitter:data1\" content=\"Fernanda Hern\u00e1ndez\" \/>\n\t<meta name=\"twitter:label2\" content=\"Tiempo de lectura\" \/>\n\t<meta name=\"twitter:data2\" content=\"2 minutos\" \/>\n<script type=\"application\/ld+json\" class=\"yoast-schema-graph\">{\"@context\":\"https:\\\/\\\/schema.org\",\"@graph\":[{\"@type\":\"Article\",\"@id\":\"https:\\\/\\\/centrourbano.com\\\/revista\\\/actualidad\\\/fica-derrama-economica-mil-millones\\\/#article\",\"isPartOf\":{\"@id\":\"https:\\\/\\\/centrourbano.com\\\/revista\\\/actualidad\\\/fica-derrama-economica-mil-millones\\\/\"},\"author\":{\"name\":\"Fernanda Hern\u00e1ndez\",\"@id\":\"https:\\\/\\\/centrourbano.com\\\/revista\\\/#\\\/schema\\\/person\\\/b190b20bbbceb41ec72278c546fa8df3\"},\"headline\":\"FICA 2019 deja derrama econ\u00f3mica de m\u00e1s de mil millones de pesos\",\"datePublished\":\"2019-06-17T20:11:45+00:00\",\"dateModified\":\"2019-06-18T00:09:32+00:00\",\"mainEntityOfPage\":{\"@id\":\"https:\\\/\\\/centrourbano.com\\\/revista\\\/actualidad\\\/fica-derrama-economica-mil-millones\\\/\"},\"wordCount\":416,\"commentCount\":0,\"publisher\":{\"@id\":\"https:\\\/\\\/centrourbano.com\\\/revista\\\/#organization\"},\"image\":{\"@id\":\"https:\\\/\\\/centrourbano.com\\\/revista\\\/actualidad\\\/fica-derrama-economica-mil-millones\\\/#primaryimage\"},\"thumbnailUrl\":\"https:\\\/\\\/centrourbano.com\\\/revista\\\/wp-content\\\/uploads\\\/FICA-2019-deja-derrama-econ\u00f3mica-de-m\u00e1s-de-mil-millones-de-pesos.jpg\",\"keywords\":[\"bosque de Chapultepec\",\"FICA 2019\",\"Gobierno de la CDMX\",\"Secretar\u00eda de Cultura de la CDMX\"],\"articleSection\":[\"Actualidad\"],\"inLanguage\":\"es\",\"potentialAction\":[{\"@type\":\"CommentAction\",\"name\":\"Comment\",\"target\":[\"https:\\\/\\\/centrourbano.com\\\/revista\\\/actualidad\\\/fica-derrama-economica-mil-millones\\\/#respond\"]}]},{\"@type\":\"WebPage\",\"@id\":\"https:\\\/\\\/centrourbano.com\\\/revista\\\/actualidad\\\/fica-derrama-economica-mil-millones\\\/\",\"url\":\"https:\\\/\\\/centrourbano.com\\\/revista\\\/actualidad\\\/fica-derrama-economica-mil-millones\\\/\",\"name\":\"FICA 2019 deja derrama econ\u00f3mica de m\u00e1s de mil millones de pesos\",\"isPartOf\":{\"@id\":\"https:\\\/\\\/centrourbano.com\\\/revista\\\/#website\"},\"primaryImageOfPage\":{\"@id\":\"https:\\\/\\\/centrourbano.com\\\/revista\\\/actualidad\\\/fica-derrama-economica-mil-millones\\\/#primaryimage\"},\"image\":{\"@id\":\"https:\\\/\\\/centrourbano.com\\\/revista\\\/actualidad\\\/fica-derrama-economica-mil-millones\\\/#primaryimage\"},\"thumbnailUrl\":\"https:\\\/\\\/centrourbano.com\\\/revista\\\/wp-content\\\/uploads\\\/FICA-2019-deja-derrama-econ\u00f3mica-de-m\u00e1s-de-mil-millones-de-pesos.jpg\",\"datePublished\":\"2019-06-17T20:11:45+00:00\",\"dateModified\":\"2019-06-18T00:09:32+00:00\",\"description\":\"Los asistentes a la FICA 2019 disfrutaron de gastronom\u00eda, espect\u00e1culos culturales y artesan\u00edas t\u00edpicas de los 90 pa\u00edses invitados\",\"breadcrumb\":{\"@id\":\"https:\\\/\\\/centrourbano.com\\\/revista\\\/actualidad\\\/fica-derrama-economica-mil-millones\\\/#breadcrumb\"},\"inLanguage\":\"es\",\"potentialAction\":[{\"@type\":\"ReadAction\",\"target\":[\"https:\\\/\\\/centrourbano.com\\\/revista\\\/actualidad\\\/fica-derrama-economica-mil-millones\\\/\"]}]},{\"@type\":\"ImageObject\",\"inLanguage\":\"es\",\"@id\":\"https:\\\/\\\/centrourbano.com\\\/revista\\\/actualidad\\\/fica-derrama-economica-mil-millones\\\/#primaryimage\",\"url\":\"https:\\\/\\\/centrourbano.com\\\/revista\\\/wp-content\\\/uploads\\\/FICA-2019-deja-derrama-econ\u00f3mica-de-m\u00e1s-de-mil-millones-de-pesos.jpg\",\"contentUrl\":\"https:\\\/\\\/centrourbano.com\\\/revista\\\/wp-content\\\/uploads\\\/FICA-2019-deja-derrama-econ\u00f3mica-de-m\u00e1s-de-mil-millones-de-pesos.jpg\",\"width\":640,\"height\":427,\"caption\":\"Los asistentes a la FICA 2019 disfrutaron de gastronom\u00eda, espect\u00e1culos culturales y artesan\u00edas t\u00edpicas de los 90 pa\u00edses invitados\"},{\"@type\":\"BreadcrumbList\",\"@id\":\"https:\\\/\\\/centrourbano.com\\\/revista\\\/actualidad\\\/fica-derrama-economica-mil-millones\\\/#breadcrumb\",\"itemListElement\":[{\"@type\":\"ListItem\",\"position\":1,\"name\":\"Portada\",\"item\":\"https:\\\/\\\/centrourbano.com\\\/revista\\\/\"},{\"@type\":\"ListItem\",\"position\":2,\"name\":\"FICA 2019 deja derrama econ\u00f3mica de m\u00e1s de mil millones de pesos\"}]},{\"@type\":\"WebSite\",\"@id\":\"https:\\\/\\\/centrourbano.com\\\/revista\\\/#website\",\"url\":\"https:\\\/\\\/centrourbano.com\\\/revista\\\/\",\"name\":\"Centro Urbano\",\"description\":\"Medio especializado en los sectores vivienda, inmobiliario, construcci\u00f3n, arquitectura y urbanismo.\",\"publisher\":{\"@id\":\"https:\\\/\\\/centrourbano.com\\\/revista\\\/#organization\"},\"potentialAction\":[{\"@type\":\"SearchAction\",\"target\":{\"@type\":\"EntryPoint\",\"urlTemplate\":\"https:\\\/\\\/centrourbano.com\\\/revista\\\/?s={search_term_string}\"},\"query-input\":{\"@type\":\"PropertyValueSpecification\",\"valueRequired\":true,\"valueName\":\"search_term_string\"}}],\"inLanguage\":\"es\"},{\"@type\":\"Organization\",\"@id\":\"https:\\\/\\\/centrourbano.com\\\/revista\\\/#organization\",\"name\":\"Centro Urbano\",\"url\":\"https:\\\/\\\/centrourbano.com\\\/revista\\\/\",\"logo\":{\"@type\":\"ImageObject\",\"inLanguage\":\"es\",\"@id\":\"https:\\\/\\\/centrourbano.com\\\/revista\\\/#\\\/schema\\\/logo\\\/image\\\/\",\"url\":\"https:\\\/\\\/centrourbano.com\\\/revista\\\/wp-content\\\/uploads\\\/web_CU_logo-1.png\",\"contentUrl\":\"https:\\\/\\\/centrourbano.com\\\/revista\\\/wp-content\\\/uploads\\\/web_CU_logo-1.png\",\"width\":350,\"height\":91,\"caption\":\"Centro Urbano\"},\"image\":{\"@id\":\"https:\\\/\\\/centrourbano.com\\\/revista\\\/#\\\/schema\\\/logo\\\/image\\\/\"},\"sameAs\":[\"https:\\\/\\\/www.facebook.com\\\/portalcentrourbano\",\"https:\\\/\\\/x.com\\\/CentroUrbano\",\"https:\\\/\\\/www.instagram.com\\\/centro_urbano\\\/\",\"https:\\\/\\\/www.linkedin.com\\\/company\\\/centro-urbano\\\/\",\"http:\\\/\\\/www.youtube.com\\\/user\\\/portalcentrourbano\"]},{\"@type\":\"Person\",\"@id\":\"https:\\\/\\\/centrourbano.com\\\/revista\\\/#\\\/schema\\\/person\\\/b190b20bbbceb41ec72278c546fa8df3\",\"name\":\"Fernanda Hern\u00e1ndez\",\"image\":{\"@type\":\"ImageObject\",\"inLanguage\":\"es\",\"@id\":\"https:\\\/\\\/secure.gravatar.com\\\/avatar\\\/9471831fb0a24eae9d32d826a7cb8ef07c34a41520aca1a0ab1f5c0903ba49b9?s=96&d=mm&r=g\",\"url\":\"https:\\\/\\\/secure.gravatar.com\\\/avatar\\\/9471831fb0a24eae9d32d826a7cb8ef07c34a41520aca1a0ab1f5c0903ba49b9?s=96&d=mm&r=g\",\"contentUrl\":\"https:\\\/\\\/secure.gravatar.com\\\/avatar\\\/9471831fb0a24eae9d32d826a7cb8ef07c34a41520aca1a0ab1f5c0903ba49b9?s=96&d=mm&r=g\",\"caption\":\"Fernanda Hern\u00e1ndez\"},\"description\":\"Reportera y redactora en Centro Urbano. Soy egresada de la licenciatura en Ciencias de la Comunicaci\u00f3n de la Facultad de Ciencias Pol\u00edticas y Sociales (UNAM). Me interesa la cultura, el urbanismo y la arquitectura. Amante del mundo digital, el cine, la m\u00fasica, la lectura y la escritura.\",\"sameAs\":[\"https:\\\/\\\/x.com\\\/https:\\\/\\\/twitter.com\\\/Nannz_Hernandez\"],\"url\":\"https:\\\/\\\/centrourbano.com\\\/revista\\\/author\\\/fernanda-hernandez\\\/\"}]}<\/script>\n<!-- \/ Yoast SEO plugin. -->","yoast_head_json":{"title":"FICA 2019 deja derrama econ\u00f3mica de m\u00e1s de mil millones de pesos","description":"Los asistentes a la FICA 2019 disfrutaron de gastronom\u00eda, espect\u00e1culos culturales y artesan\u00edas t\u00edpicas de los 90 pa\u00edses invitados","robots":{"index":"index","follow":"follow","max-snippet":"max-snippet:-1","max-image-preview":"max-image-preview:large","max-video-preview":"max-video-preview:-1"},"canonical":"https:\/\/centrourbano.com\/revista\/actualidad\/fica-derrama-economica-mil-millones\/","og_locale":"es_ES","og_type":"article","og_title":"FICA 2019 deja derrama econ\u00f3mica de m\u00e1s de mil millones de pesos","og_description":"Los asistentes a la FICA 2019 disfrutaron de gastronom\u00eda, espect\u00e1culos culturales y artesan\u00edas t\u00edpicas de los 90 pa\u00edses invitados","og_url":"https:\/\/centrourbano.com\/revista\/actualidad\/fica-derrama-economica-mil-millones\/","og_site_name":"Centro Urbano","article_publisher":"https:\/\/www.facebook.com\/portalcentrourbano","article_published_time":"2019-06-17T20:11:45+00:00","article_modified_time":"2019-06-18T00:09:32+00:00","og_image":[{"width":640,"height":427,"url":"https:\/\/centrourbano.com\/revista\/wp-content\/uploads\/FICA-2019-deja-derrama-econ\u00f3mica-de-m\u00e1s-de-mil-millones-de-pesos.jpg","type":"image\/jpeg"}],"author":"Fernanda Hern\u00e1ndez","twitter_card":"summary_large_image","twitter_creator":"@https:\/\/twitter.com\/Nannz_Hernandez","twitter_site":"@CentroUrbano","twitter_misc":{"Escrito por":"Fernanda Hern\u00e1ndez","Tiempo de lectura":"2 minutos"},"schema":{"@context":"https:\/\/schema.org","@graph":[{"@type":"Article","@id":"https:\/\/centrourbano.com\/revista\/actualidad\/fica-derrama-economica-mil-millones\/#article","isPartOf":{"@id":"https:\/\/centrourbano.com\/revista\/actualidad\/fica-derrama-economica-mil-millones\/"},"author":{"name":"Fernanda Hern\u00e1ndez","@id":"https:\/\/centrourbano.com\/revista\/#\/schema\/person\/b190b20bbbceb41ec72278c546fa8df3"},"headline":"FICA 2019 deja derrama econ\u00f3mica de m\u00e1s de mil millones de pesos","datePublished":"2019-06-17T20:11:45+00:00","dateModified":"2019-06-18T00:09:32+00:00","mainEntityOfPage":{"@id":"https:\/\/centrourbano.com\/revista\/actualidad\/fica-derrama-economica-mil-millones\/"},"wordCount":416,"commentCount":0,"publisher":{"@id":"https:\/\/centrourbano.com\/revista\/#organization"},"image":{"@id":"https:\/\/centrourbano.com\/revista\/actualidad\/fica-derrama-economica-mil-millones\/#primaryimage"},"thumbnailUrl":"https:\/\/centrourbano.com\/revista\/wp-content\/uploads\/FICA-2019-deja-derrama-econ\u00f3mica-de-m\u00e1s-de-mil-millones-de-pesos.jpg","keywords":["bosque de Chapultepec","FICA 2019","Gobierno de la CDMX","Secretar\u00eda de Cultura de la CDMX"],"articleSection":["Actualidad"],"inLanguage":"es","potentialAction":[{"@type":"CommentAction","name":"Comment","target":["https:\/\/centrourbano.com\/revista\/actualidad\/fica-derrama-economica-mil-millones\/#respond"]}]},{"@type":"WebPage","@id":"https:\/\/centrourbano.com\/revista\/actualidad\/fica-derrama-economica-mil-millones\/","url":"https:\/\/centrourbano.com\/revista\/actualidad\/fica-derrama-economica-mil-millones\/","name":"FICA 2019 deja derrama econ\u00f3mica de m\u00e1s de mil millones de pesos","isPartOf":{"@id":"https:\/\/centrourbano.com\/revista\/#website"},"primaryImageOfPage":{"@id":"https:\/\/centrourbano.com\/revista\/actualidad\/fica-derrama-economica-mil-millones\/#primaryimage"},"image":{"@id":"https:\/\/centrourbano.com\/revista\/actualidad\/fica-derrama-economica-mil-millones\/#primaryimage"},"thumbnailUrl":"https:\/\/centrourbano.com\/revista\/wp-content\/uploads\/FICA-2019-deja-derrama-econ\u00f3mica-de-m\u00e1s-de-mil-millones-de-pesos.jpg","datePublished":"2019-06-17T20:11:45+00:00","dateModified":"2019-06-18T00:09:32+00:00","description":"Los asistentes a la FICA 2019 disfrutaron de gastronom\u00eda, espect\u00e1culos culturales y artesan\u00edas t\u00edpicas de los 90 pa\u00edses invitados","breadcrumb":{"@id":"https:\/\/centrourbano.com\/revista\/actualidad\/fica-derrama-economica-mil-millones\/#breadcrumb"},"inLanguage":"es","potentialAction":[{"@type":"ReadAction","target":["https:\/\/centrourbano.com\/revista\/actualidad\/fica-derrama-economica-mil-millones\/"]}]},{"@type":"ImageObject","inLanguage":"es","@id":"https:\/\/centrourbano.com\/revista\/actualidad\/fica-derrama-economica-mil-millones\/#primaryimage","url":"https:\/\/centrourbano.com\/revista\/wp-content\/uploads\/FICA-2019-deja-derrama-econ\u00f3mica-de-m\u00e1s-de-mil-millones-de-pesos.jpg","contentUrl":"https:\/\/centrourbano.com\/revista\/wp-content\/uploads\/FICA-2019-deja-derrama-econ\u00f3mica-de-m\u00e1s-de-mil-millones-de-pesos.jpg","width":640,"height":427,"caption":"Los asistentes a la FICA 2019 disfrutaron de gastronom\u00eda, espect\u00e1culos culturales y artesan\u00edas t\u00edpicas de los 90 pa\u00edses invitados"},{"@type":"BreadcrumbList","@id":"https:\/\/centrourbano.com\/revista\/actualidad\/fica-derrama-economica-mil-millones\/#breadcrumb","itemListElement":[{"@type":"ListItem","position":1,"name":"Portada","item":"https:\/\/centrourbano.com\/revista\/"},{"@type":"ListItem","position":2,"name":"FICA 2019 deja derrama econ\u00f3mica de m\u00e1s de mil millones de pesos"}]},{"@type":"WebSite","@id":"https:\/\/centrourbano.com\/revista\/#website","url":"https:\/\/centrourbano.com\/revista\/","name":"Centro Urbano","description":"Medio especializado en los sectores vivienda, inmobiliario, construcci\u00f3n, arquitectura y urbanismo.","publisher":{"@id":"https:\/\/centrourbano.com\/revista\/#organization"},"potentialAction":[{"@type":"SearchAction","target":{"@type":"EntryPoint","urlTemplate":"https:\/\/centrourbano.com\/revista\/?s={search_term_string}"},"query-input":{"@type":"PropertyValueSpecification","valueRequired":true,"valueName":"search_term_string"}}],"inLanguage":"es"},{"@type":"Organization","@id":"https:\/\/centrourbano.com\/revista\/#organization","name":"Centro Urbano","url":"https:\/\/centrourbano.com\/revista\/","logo":{"@type":"ImageObject","inLanguage":"es","@id":"https:\/\/centrourbano.com\/revista\/#\/schema\/logo\/image\/","url":"https:\/\/centrourbano.com\/revista\/wp-content\/uploads\/web_CU_logo-1.png","contentUrl":"https:\/\/centrourbano.com\/revista\/wp-content\/uploads\/web_CU_logo-1.png","width":350,"height":91,"caption":"Centro Urbano"},"image":{"@id":"https:\/\/centrourbano.com\/revista\/#\/schema\/logo\/image\/"},"sameAs":["https:\/\/www.facebook.com\/portalcentrourbano","https:\/\/x.com\/CentroUrbano","https:\/\/www.instagram.com\/centro_urbano\/","https:\/\/www.linkedin.com\/company\/centro-urbano\/","http:\/\/www.youtube.com\/user\/portalcentrourbano"]},{"@type":"Person","@id":"https:\/\/centrourbano.com\/revista\/#\/schema\/person\/b190b20bbbceb41ec72278c546fa8df3","name":"Fernanda Hern\u00e1ndez","image":{"@type":"ImageObject","inLanguage":"es","@id":"https:\/\/secure.gravatar.com\/avatar\/9471831fb0a24eae9d32d826a7cb8ef07c34a41520aca1a0ab1f5c0903ba49b9?s=96&d=mm&r=g","url":"https:\/\/secure.gravatar.com\/avatar\/9471831fb0a24eae9d32d826a7cb8ef07c34a41520aca1a0ab1f5c0903ba49b9?s=96&d=mm&r=g","contentUrl":"https:\/\/secure.gravatar.com\/avatar\/9471831fb0a24eae9d32d826a7cb8ef07c34a41520aca1a0ab1f5c0903ba49b9?s=96&d=mm&r=g","caption":"Fernanda Hern\u00e1ndez"},"description":"Reportera y redactora en Centro Urbano. Soy egresada de la licenciatura en Ciencias de la Comunicaci\u00f3n de la Facultad de Ciencias Pol\u00edticas y Sociales (UNAM). Me interesa la cultura, el urbanismo y la arquitectura. Amante del mundo digital, el cine, la m\u00fasica, la lectura y la escritura.","sameAs":["https:\/\/x.com\/https:\/\/twitter.com\/Nannz_Hernandez"],"url":"https:\/\/centrourbano.com\/revista\/author\/fernanda-hernandez\/"}]}},"_links":{"self":[{"href":"https:\/\/centrourbano.com\/revista\/wp-json\/wp\/v2\/posts\/91886","targetHints":{"allow":["GET"]}}],"collection":[{"href":"https:\/\/centrourbano.com\/revista\/wp-json\/wp\/v2\/posts"}],"about":[{"href":"https:\/\/centrourbano.com\/revista\/wp-json\/wp\/v2\/types\/post"}],"author":[{"embeddable":true,"href":"https:\/\/centrourbano.com\/revista\/wp-json\/wp\/v2\/users\/73"}],"replies":[{"embeddable":true,"href":"https:\/\/centrourbano.com\/revista\/wp-json\/wp\/v2\/comments?post=91886"}],"version-history":[{"count":1,"href":"https:\/\/centrourbano.com\/revista\/wp-json\/wp\/v2\/posts\/91886\/revisions"}],"predecessor-version":[{"id":91888,"href":"https:\/\/centrourbano.com\/revista\/wp-json\/wp\/v2\/posts\/91886\/revisions\/91888"}],"wp:featuredmedia":[{"embeddable":true,"href":"https:\/\/centrourbano.com\/revista\/wp-json\/wp\/v2\/media\/91887"}],"wp:attachment":[{"href":"https:\/\/centrourbano.com\/revista\/wp-json\/wp\/v2\/media?parent=91886"}],"wp:term":[{"taxonomy":"category","embeddable":true,"href":"https:\/\/centrourbano.com\/revista\/wp-json\/wp\/v2\/categories?post=91886"},{"taxonomy":"post_tag","embeddable":true,"href":"https:\/\/centrourbano.com\/revista\/wp-json\/wp\/v2\/tags?post=91886"}],"curies":[{"name":"wp","href":"https:\/\/api.w.org\/{rel}","templated":true}]}}