{"id":9188,"date":"2014-07-31T10:29:54","date_gmt":"2014-07-31T15:29:54","guid":{"rendered":"http:\/\/centrourbano.com\/?p=9188"},"modified":"2014-08-01T12:36:16","modified_gmt":"2014-08-01T17:36:16","slug":"reinauguran-el-parque-alcalde-en-guadalajara","status":"publish","type":"post","link":"https:\/\/centrourbano.com\/revista\/urbanismo\/reinauguran-el-parque-alcalde-en-guadalajara\/","title":{"rendered":"Reinauguran el Parque Alcalde en Guadalajara"},"content":{"rendered":"<p>&nbsp;<\/p>\n<p><em>Se planea la construcci\u00f3n de un acuario y un tren, adem\u00e1s de darle mantenimiento a la laguna<\/em><!--more--><\/p>\n<p>Con una inversi\u00f3n de m\u00e1s de 22 millones de pesos, se inaugur\u00f3 la primera etapa del Parque Alcalde, de la ciudad de Guadalajara, el cual ha sido por d\u00e9cadas un sitio tradicional de convivencia y recreaci\u00f3n para los ciudadanos, y que fue sometido a labores de rescate y restauraci\u00f3n de sus espacios.<\/p>\n<p>Esta primera etapa de obras consisti\u00f3 en la construcci\u00f3n de cajones de estacionamiento, el p\u00f3rtico de ingreso, rampas para discapacitados y sanitarios; adem\u00e1s de la rehabilitaci\u00f3n de la fuente monumental, cambio de piso en concreto, instalaci\u00f3n de 76 bancas con respaldo, colocaci\u00f3n de juegos infantiles, rehabilitaci\u00f3n del arbolado, ciclopuertos, instalaci\u00f3n de luminarias, red de riego, reja perimetral, colocaci\u00f3n de pasto y red sanitaria.<\/p>\n<p>Pero los trabajos no han concluido, pues para la segunda etapa se invertir\u00e1n m\u00e1s de 38 millones de pesos en la construcci\u00f3n de un acuario, con el que se busca \u00a0generar una inversi\u00f3n de 270 millones de pesos y convertirlo en el mejor de Latinoam\u00e9rica, y un tren que atraviese el parque; adem\u00e1s de darle mantenimiento a la laguna que se encuentra dentro.<\/p>\n<p>Por su parte, el presidente municipal de Guadalajara, Ramiro Hern\u00e1ndez Garc\u00eda, hizo \u00e9nfasis de que con estas acciones se da un paso m\u00e1s para convertir a Guadalajara en una ciudad renovada, moderna, eficiente y capaz de generar bienestar para todos sus habitantes.<\/p>\n","protected":false},"excerpt":{"rendered":"<p>&nbsp; Se planea la construcci\u00f3n de un acuario y un tren, adem\u00e1s de darle mantenimiento a la laguna<\/p>\n","protected":false},"author":19,"featured_media":0,"comment_status":"open","ping_status":"closed","sticky":false,"template":"","format":"standard","meta":{"om_disable_all_campaigns":false,"inline_featured_image":false,"_monsterinsights_skip_tracking":false,"_monsterinsights_sitenote_active":false,"_monsterinsights_sitenote_note":"","_monsterinsights_sitenote_category":0,"footnotes":""},"categories":[82],"tags":[120,2290,2291],"class_list":["post-9188","post","type-post","status-publish","format-standard","hentry","category-urbanismo","tag-guadalajara","tag-parque-alcalde","tag-ramiro-hernandez-garcia"],"yoast_head":"<!-- This site is optimized with the Yoast SEO plugin v27.4 - https:\/\/yoast.com\/product\/yoast-seo-wordpress\/ -->\n<title>Reinauguran el Parque Alcalde en Guadalajara -<\/title>\n<meta name=\"description\" content=\"&nbsp; Se planea la construcci\u00f3n de un acuario y un tren, adem\u00e1s de darle mantenimiento a la laguna Con una inversi\u00f3n de m\u00e1s de 22 millones de pesos, se\" \/>\n<meta name=\"robots\" content=\"index, follow, max-snippet:-1, max-image-preview:large, max-video-preview:-1\" \/>\n<link rel=\"canonical\" href=\"https:\/\/centrourbano.com\/revista\/urbanismo\/reinauguran-el-parque-alcalde-en-guadalajara\/\" \/>\n<meta property=\"og:locale\" content=\"es_ES\" \/>\n<meta property=\"og:type\" content=\"article\" \/>\n<meta property=\"og:title\" content=\"Reinauguran el Parque Alcalde en Guadalajara -\" \/>\n<meta property=\"og:description\" content=\"&nbsp; Se planea la construcci\u00f3n de un acuario y un tren, adem\u00e1s de darle mantenimiento a la laguna Con una inversi\u00f3n de m\u00e1s de 22 millones de pesos, se\" \/>\n<meta property=\"og:url\" content=\"https:\/\/centrourbano.com\/revista\/urbanismo\/reinauguran-el-parque-alcalde-en-guadalajara\/\" \/>\n<meta property=\"og:site_name\" content=\"Centro Urbano\" \/>\n<meta property=\"article:publisher\" content=\"https:\/\/www.facebook.com\/portalcentrourbano\" \/>\n<meta property=\"article:published_time\" content=\"2014-07-31T15:29:54+00:00\" \/>\n<meta property=\"article:modified_time\" content=\"2014-08-01T17:36:16+00:00\" \/>\n<meta property=\"og:image\" content=\"https:\/\/centrourbano.com\/revista\/wp-content\/uploads\/CU-logo.png\" \/>\n\t<meta property=\"og:image:width\" content=\"350\" \/>\n\t<meta property=\"og:image:height\" content=\"91\" \/>\n\t<meta property=\"og:image:type\" content=\"image\/png\" \/>\n<meta name=\"author\" content=\"Sofia Osorio\" \/>\n<meta name=\"twitter:card\" content=\"summary_large_image\" \/>\n<meta name=\"twitter:creator\" content=\"@CentroUrbano\" \/>\n<meta name=\"twitter:site\" content=\"@CentroUrbano\" \/>\n<meta name=\"twitter:label1\" content=\"Escrito por\" \/>\n\t<meta name=\"twitter:data1\" content=\"Sofia Osorio\" \/>\n\t<meta name=\"twitter:label2\" content=\"Tiempo de lectura\" \/>\n\t<meta name=\"twitter:data2\" content=\"1 minuto\" \/>\n<script type=\"application\/ld+json\" class=\"yoast-schema-graph\">{\"@context\":\"https:\\\/\\\/schema.org\",\"@graph\":[{\"@type\":\"Article\",\"@id\":\"https:\\\/\\\/centrourbano.com\\\/revista\\\/urbanismo\\\/reinauguran-el-parque-alcalde-en-guadalajara\\\/#article\",\"isPartOf\":{\"@id\":\"https:\\\/\\\/centrourbano.com\\\/revista\\\/urbanismo\\\/reinauguran-el-parque-alcalde-en-guadalajara\\\/\"},\"author\":{\"name\":\"Sofia Osorio\",\"@id\":\"https:\\\/\\\/centrourbano.com\\\/revista\\\/#\\\/schema\\\/person\\\/04f16f4cd5d20c119240fb9164874cec\"},\"headline\":\"Reinauguran el Parque Alcalde en Guadalajara\",\"datePublished\":\"2014-07-31T15:29:54+00:00\",\"dateModified\":\"2014-08-01T17:36:16+00:00\",\"mainEntityOfPage\":{\"@id\":\"https:\\\/\\\/centrourbano.com\\\/revista\\\/urbanismo\\\/reinauguran-el-parque-alcalde-en-guadalajara\\\/\"},\"wordCount\":265,\"commentCount\":0,\"publisher\":{\"@id\":\"https:\\\/\\\/centrourbano.com\\\/revista\\\/#organization\"},\"keywords\":[\"Guadalajara\",\"Parque Alcalde\",\"Ramiro Hern\u00e1ndez Garc\u00eda\"],\"articleSection\":[\"Urbanismo\"],\"inLanguage\":\"es\",\"potentialAction\":[{\"@type\":\"CommentAction\",\"name\":\"Comment\",\"target\":[\"https:\\\/\\\/centrourbano.com\\\/revista\\\/urbanismo\\\/reinauguran-el-parque-alcalde-en-guadalajara\\\/#respond\"]}]},{\"@type\":\"WebPage\",\"@id\":\"https:\\\/\\\/centrourbano.com\\\/revista\\\/urbanismo\\\/reinauguran-el-parque-alcalde-en-guadalajara\\\/\",\"url\":\"https:\\\/\\\/centrourbano.com\\\/revista\\\/urbanismo\\\/reinauguran-el-parque-alcalde-en-guadalajara\\\/\",\"name\":\"Reinauguran el Parque Alcalde en Guadalajara -\",\"isPartOf\":{\"@id\":\"https:\\\/\\\/centrourbano.com\\\/revista\\\/#website\"},\"datePublished\":\"2014-07-31T15:29:54+00:00\",\"dateModified\":\"2014-08-01T17:36:16+00:00\",\"description\":\"&nbsp; Se planea la construcci\u00f3n de un acuario y un tren, adem\u00e1s de darle mantenimiento a la laguna Con una inversi\u00f3n de m\u00e1s de 22 millones de pesos, se\",\"breadcrumb\":{\"@id\":\"https:\\\/\\\/centrourbano.com\\\/revista\\\/urbanismo\\\/reinauguran-el-parque-alcalde-en-guadalajara\\\/#breadcrumb\"},\"inLanguage\":\"es\",\"potentialAction\":[{\"@type\":\"ReadAction\",\"target\":[\"https:\\\/\\\/centrourbano.com\\\/revista\\\/urbanismo\\\/reinauguran-el-parque-alcalde-en-guadalajara\\\/\"]}]},{\"@type\":\"BreadcrumbList\",\"@id\":\"https:\\\/\\\/centrourbano.com\\\/revista\\\/urbanismo\\\/reinauguran-el-parque-alcalde-en-guadalajara\\\/#breadcrumb\",\"itemListElement\":[{\"@type\":\"ListItem\",\"position\":1,\"name\":\"Portada\",\"item\":\"https:\\\/\\\/centrourbano.com\\\/revista\\\/\"},{\"@type\":\"ListItem\",\"position\":2,\"name\":\"Reinauguran el Parque Alcalde en Guadalajara\"}]},{\"@type\":\"WebSite\",\"@id\":\"https:\\\/\\\/centrourbano.com\\\/revista\\\/#website\",\"url\":\"https:\\\/\\\/centrourbano.com\\\/revista\\\/\",\"name\":\"Centro Urbano\",\"description\":\"Medio especializado en los sectores vivienda, inmobiliario, construcci\u00f3n, arquitectura y urbanismo.\",\"publisher\":{\"@id\":\"https:\\\/\\\/centrourbano.com\\\/revista\\\/#organization\"},\"potentialAction\":[{\"@type\":\"SearchAction\",\"target\":{\"@type\":\"EntryPoint\",\"urlTemplate\":\"https:\\\/\\\/centrourbano.com\\\/revista\\\/?s={search_term_string}\"},\"query-input\":{\"@type\":\"PropertyValueSpecification\",\"valueRequired\":true,\"valueName\":\"search_term_string\"}}],\"inLanguage\":\"es\"},{\"@type\":\"Organization\",\"@id\":\"https:\\\/\\\/centrourbano.com\\\/revista\\\/#organization\",\"name\":\"Centro Urbano\",\"url\":\"https:\\\/\\\/centrourbano.com\\\/revista\\\/\",\"logo\":{\"@type\":\"ImageObject\",\"inLanguage\":\"es\",\"@id\":\"https:\\\/\\\/centrourbano.com\\\/revista\\\/#\\\/schema\\\/logo\\\/image\\\/\",\"url\":\"https:\\\/\\\/centrourbano.com\\\/revista\\\/wp-content\\\/uploads\\\/web_CU_logo-1.png\",\"contentUrl\":\"https:\\\/\\\/centrourbano.com\\\/revista\\\/wp-content\\\/uploads\\\/web_CU_logo-1.png\",\"width\":350,\"height\":91,\"caption\":\"Centro Urbano\"},\"image\":{\"@id\":\"https:\\\/\\\/centrourbano.com\\\/revista\\\/#\\\/schema\\\/logo\\\/image\\\/\"},\"sameAs\":[\"https:\\\/\\\/www.facebook.com\\\/portalcentrourbano\",\"https:\\\/\\\/x.com\\\/CentroUrbano\",\"https:\\\/\\\/www.instagram.com\\\/centro_urbano\\\/\",\"https:\\\/\\\/www.linkedin.com\\\/company\\\/centro-urbano\\\/\",\"http:\\\/\\\/www.youtube.com\\\/user\\\/portalcentrourbano\"]},{\"@type\":\"Person\",\"@id\":\"https:\\\/\\\/centrourbano.com\\\/revista\\\/#\\\/schema\\\/person\\\/04f16f4cd5d20c119240fb9164874cec\",\"name\":\"Sofia Osorio\",\"image\":{\"@type\":\"ImageObject\",\"inLanguage\":\"es\",\"@id\":\"https:\\\/\\\/secure.gravatar.com\\\/avatar\\\/540346885009217f50383aeae8f93738fea6ce04c37c93d6be2d0515d1be354c?s=96&d=mm&r=g\",\"url\":\"https:\\\/\\\/secure.gravatar.com\\\/avatar\\\/540346885009217f50383aeae8f93738fea6ce04c37c93d6be2d0515d1be354c?s=96&d=mm&r=g\",\"contentUrl\":\"https:\\\/\\\/secure.gravatar.com\\\/avatar\\\/540346885009217f50383aeae8f93738fea6ce04c37c93d6be2d0515d1be354c?s=96&d=mm&r=g\",\"caption\":\"Sofia Osorio\"},\"description\":\"Egresada de la Facultad de Estudios Superiores Arag\u00f3n. Comunicaci\u00f3n y Periodismo. Loca y feliz. Suele re\u00edrse de todo, dormir en el transporte p\u00fablico y terminar corriendo para llegar a cualquier lugar. Cantante de regadera, bailarina frustrada y chiva de coraz\u00f3n, apasionada por lo que hay que hacer. Enojona, gritona y medio amable con la gente. Su primera oportunidad laboral la tuvo como becaria en la revista Klika y fungi\u00f3 como community manager en Grupo Radio Centro. Actualmente explora nuevos campos del periodismo en Centro Urbano.\",\"url\":\"https:\\\/\\\/centrourbano.com\\\/revista\\\/author\\\/sofia-osorio\\\/\"}]}<\/script>\n<!-- \/ Yoast SEO plugin. -->","yoast_head_json":{"title":"Reinauguran el Parque Alcalde en Guadalajara -","description":"&nbsp; Se planea la construcci\u00f3n de un acuario y un tren, adem\u00e1s de darle mantenimiento a la laguna Con una inversi\u00f3n de m\u00e1s de 22 millones de pesos, se","robots":{"index":"index","follow":"follow","max-snippet":"max-snippet:-1","max-image-preview":"max-image-preview:large","max-video-preview":"max-video-preview:-1"},"canonical":"https:\/\/centrourbano.com\/revista\/urbanismo\/reinauguran-el-parque-alcalde-en-guadalajara\/","og_locale":"es_ES","og_type":"article","og_title":"Reinauguran el Parque Alcalde en Guadalajara -","og_description":"&nbsp; Se planea la construcci\u00f3n de un acuario y un tren, adem\u00e1s de darle mantenimiento a la laguna Con una inversi\u00f3n de m\u00e1s de 22 millones de pesos, se","og_url":"https:\/\/centrourbano.com\/revista\/urbanismo\/reinauguran-el-parque-alcalde-en-guadalajara\/","og_site_name":"Centro Urbano","article_publisher":"https:\/\/www.facebook.com\/portalcentrourbano","article_published_time":"2014-07-31T15:29:54+00:00","article_modified_time":"2014-08-01T17:36:16+00:00","og_image":[{"width":350,"height":91,"url":"https:\/\/centrourbano.com\/revista\/wp-content\/uploads\/CU-logo.png","type":"image\/png"}],"author":"Sofia Osorio","twitter_card":"summary_large_image","twitter_creator":"@CentroUrbano","twitter_site":"@CentroUrbano","twitter_misc":{"Escrito por":"Sofia Osorio","Tiempo de lectura":"1 minuto"},"schema":{"@context":"https:\/\/schema.org","@graph":[{"@type":"Article","@id":"https:\/\/centrourbano.com\/revista\/urbanismo\/reinauguran-el-parque-alcalde-en-guadalajara\/#article","isPartOf":{"@id":"https:\/\/centrourbano.com\/revista\/urbanismo\/reinauguran-el-parque-alcalde-en-guadalajara\/"},"author":{"name":"Sofia Osorio","@id":"https:\/\/centrourbano.com\/revista\/#\/schema\/person\/04f16f4cd5d20c119240fb9164874cec"},"headline":"Reinauguran el Parque Alcalde en Guadalajara","datePublished":"2014-07-31T15:29:54+00:00","dateModified":"2014-08-01T17:36:16+00:00","mainEntityOfPage":{"@id":"https:\/\/centrourbano.com\/revista\/urbanismo\/reinauguran-el-parque-alcalde-en-guadalajara\/"},"wordCount":265,"commentCount":0,"publisher":{"@id":"https:\/\/centrourbano.com\/revista\/#organization"},"keywords":["Guadalajara","Parque Alcalde","Ramiro Hern\u00e1ndez Garc\u00eda"],"articleSection":["Urbanismo"],"inLanguage":"es","potentialAction":[{"@type":"CommentAction","name":"Comment","target":["https:\/\/centrourbano.com\/revista\/urbanismo\/reinauguran-el-parque-alcalde-en-guadalajara\/#respond"]}]},{"@type":"WebPage","@id":"https:\/\/centrourbano.com\/revista\/urbanismo\/reinauguran-el-parque-alcalde-en-guadalajara\/","url":"https:\/\/centrourbano.com\/revista\/urbanismo\/reinauguran-el-parque-alcalde-en-guadalajara\/","name":"Reinauguran el Parque Alcalde en Guadalajara -","isPartOf":{"@id":"https:\/\/centrourbano.com\/revista\/#website"},"datePublished":"2014-07-31T15:29:54+00:00","dateModified":"2014-08-01T17:36:16+00:00","description":"&nbsp; Se planea la construcci\u00f3n de un acuario y un tren, adem\u00e1s de darle mantenimiento a la laguna Con una inversi\u00f3n de m\u00e1s de 22 millones de pesos, se","breadcrumb":{"@id":"https:\/\/centrourbano.com\/revista\/urbanismo\/reinauguran-el-parque-alcalde-en-guadalajara\/#breadcrumb"},"inLanguage":"es","potentialAction":[{"@type":"ReadAction","target":["https:\/\/centrourbano.com\/revista\/urbanismo\/reinauguran-el-parque-alcalde-en-guadalajara\/"]}]},{"@type":"BreadcrumbList","@id":"https:\/\/centrourbano.com\/revista\/urbanismo\/reinauguran-el-parque-alcalde-en-guadalajara\/#breadcrumb","itemListElement":[{"@type":"ListItem","position":1,"name":"Portada","item":"https:\/\/centrourbano.com\/revista\/"},{"@type":"ListItem","position":2,"name":"Reinauguran el Parque Alcalde en Guadalajara"}]},{"@type":"WebSite","@id":"https:\/\/centrourbano.com\/revista\/#website","url":"https:\/\/centrourbano.com\/revista\/","name":"Centro Urbano","description":"Medio especializado en los sectores vivienda, inmobiliario, construcci\u00f3n, arquitectura y urbanismo.","publisher":{"@id":"https:\/\/centrourbano.com\/revista\/#organization"},"potentialAction":[{"@type":"SearchAction","target":{"@type":"EntryPoint","urlTemplate":"https:\/\/centrourbano.com\/revista\/?s={search_term_string}"},"query-input":{"@type":"PropertyValueSpecification","valueRequired":true,"valueName":"search_term_string"}}],"inLanguage":"es"},{"@type":"Organization","@id":"https:\/\/centrourbano.com\/revista\/#organization","name":"Centro Urbano","url":"https:\/\/centrourbano.com\/revista\/","logo":{"@type":"ImageObject","inLanguage":"es","@id":"https:\/\/centrourbano.com\/revista\/#\/schema\/logo\/image\/","url":"https:\/\/centrourbano.com\/revista\/wp-content\/uploads\/web_CU_logo-1.png","contentUrl":"https:\/\/centrourbano.com\/revista\/wp-content\/uploads\/web_CU_logo-1.png","width":350,"height":91,"caption":"Centro Urbano"},"image":{"@id":"https:\/\/centrourbano.com\/revista\/#\/schema\/logo\/image\/"},"sameAs":["https:\/\/www.facebook.com\/portalcentrourbano","https:\/\/x.com\/CentroUrbano","https:\/\/www.instagram.com\/centro_urbano\/","https:\/\/www.linkedin.com\/company\/centro-urbano\/","http:\/\/www.youtube.com\/user\/portalcentrourbano"]},{"@type":"Person","@id":"https:\/\/centrourbano.com\/revista\/#\/schema\/person\/04f16f4cd5d20c119240fb9164874cec","name":"Sofia Osorio","image":{"@type":"ImageObject","inLanguage":"es","@id":"https:\/\/secure.gravatar.com\/avatar\/540346885009217f50383aeae8f93738fea6ce04c37c93d6be2d0515d1be354c?s=96&d=mm&r=g","url":"https:\/\/secure.gravatar.com\/avatar\/540346885009217f50383aeae8f93738fea6ce04c37c93d6be2d0515d1be354c?s=96&d=mm&r=g","contentUrl":"https:\/\/secure.gravatar.com\/avatar\/540346885009217f50383aeae8f93738fea6ce04c37c93d6be2d0515d1be354c?s=96&d=mm&r=g","caption":"Sofia Osorio"},"description":"Egresada de la Facultad de Estudios Superiores Arag\u00f3n. Comunicaci\u00f3n y Periodismo. Loca y feliz. Suele re\u00edrse de todo, dormir en el transporte p\u00fablico y terminar corriendo para llegar a cualquier lugar. Cantante de regadera, bailarina frustrada y chiva de coraz\u00f3n, apasionada por lo que hay que hacer. Enojona, gritona y medio amable con la gente. Su primera oportunidad laboral la tuvo como becaria en la revista Klika y fungi\u00f3 como community manager en Grupo Radio Centro. Actualmente explora nuevos campos del periodismo en Centro Urbano.","url":"https:\/\/centrourbano.com\/revista\/author\/sofia-osorio\/"}]}},"_links":{"self":[{"href":"https:\/\/centrourbano.com\/revista\/wp-json\/wp\/v2\/posts\/9188","targetHints":{"allow":["GET"]}}],"collection":[{"href":"https:\/\/centrourbano.com\/revista\/wp-json\/wp\/v2\/posts"}],"about":[{"href":"https:\/\/centrourbano.com\/revista\/wp-json\/wp\/v2\/types\/post"}],"author":[{"embeddable":true,"href":"https:\/\/centrourbano.com\/revista\/wp-json\/wp\/v2\/users\/19"}],"replies":[{"embeddable":true,"href":"https:\/\/centrourbano.com\/revista\/wp-json\/wp\/v2\/comments?post=9188"}],"version-history":[{"count":0,"href":"https:\/\/centrourbano.com\/revista\/wp-json\/wp\/v2\/posts\/9188\/revisions"}],"wp:attachment":[{"href":"https:\/\/centrourbano.com\/revista\/wp-json\/wp\/v2\/media?parent=9188"}],"wp:term":[{"taxonomy":"category","embeddable":true,"href":"https:\/\/centrourbano.com\/revista\/wp-json\/wp\/v2\/categories?post=9188"},{"taxonomy":"post_tag","embeddable":true,"href":"https:\/\/centrourbano.com\/revista\/wp-json\/wp\/v2\/tags?post=9188"}],"curies":[{"name":"wp","href":"https:\/\/api.w.org\/{rel}","templated":true}]}}