{"id":91871,"date":"2019-06-17T08:16:06","date_gmt":"2019-06-17T13:16:06","guid":{"rendered":"https:\/\/centrourbano.com\/?p=91871"},"modified":"2019-06-17T00:19:56","modified_gmt":"2019-06-17T05:19:56","slug":"fovissste-ancla-la-estabilidad-del-sector-vivienda","status":"publish","type":"post","link":"https:\/\/centrourbano.com\/revista\/opinion\/fovissste-ancla-la-estabilidad-del-sector-vivienda\/","title":{"rendered":"Fovissste; el ancla de la estabilidad del sector vivienda"},"content":{"rendered":"<p>Es muy simple, si algo influy\u00f3 en que el golpe por el cambio de gobierno no fuera tan fuerte para el sector <strong>vivienda<\/strong>, fue el desempe\u00f1o del <strong>Fovissste<\/strong>.<!--more--><\/p>\n<p>Y es que no est\u00e1 de m\u00e1s recordar que cada cambio de gobierno ha implicado cierto nivel de desaceleraci\u00f3n para el sector, e incluso, hace seis a\u00f1os, ese nivel fue mucho m\u00e1s alto de lo esperado, acelerando la quiebra de varias de las vivienderas m\u00e1s grandes y bajando la actividad del sector a un nivel del que a\u00fan no se logra recuperar plenamente para llegar a los registros de hace una d\u00e9cada.<\/p>\n<p>El caso es que bajo la direcci\u00f3n de <strong>Agust\u00edn Rodr\u00edguez L\u00f3pez<\/strong>, el Fovissste no solo mantuvo la continuidad en su operaci\u00f3n a pesar de los cambios en gobierno federal, en el <strong>ISSSTE<\/strong> y en la vocal\u00eda ejecutiva y estructura operativa de la misma instituci\u00f3n, sino que tuvo la capacidad de hacer el cambio de llantas sin bajar la velocidad, aceler\u00f3 el ejercicio de su programa crediticio 2019, e incluso se est\u00e1 dando tiempo para fortalecer sus finanzas y desarrollar nuevos productos y estrategias.<\/p>\n<p>Es as\u00ed que en los primeros d\u00edas de la nueva administraci\u00f3n, el organismo liber\u00f3 7,000 cr\u00e9ditos que fueron una bocanada de aire para una industria que sin ello hubiera pasado aceite.<\/p>\n<p>Y a partir de ah\u00ed el Fovissste ha seguido inyectando dinamismo al sector y garantizando el abasto de cr\u00e9ditos para sus derechohabientes; los trabajadores al servicio del Estado.<\/p>\n<p>Y ojo, que las buenas noticias en torno al Fondo no solo tienen que ver con la continuidad de sus programas crediticios, destaca tambi\u00e9n, solo por dar un ejemplo, que en tiempos en que las calificadoras han reducido sus notas para la deuda soberana del pa\u00eds y para Pemex, esas mismas agencias hayan mejorado la calificaci\u00f3n del Fovissste.<\/p>\n<p>Y aqu\u00ed otro ejemplo&#8230; Asumiendo entre sus prioridades la de crear condiciones que garanticen a su derechohabiencia el Derecho a la Ciudad, el organismo est\u00e1 trabajando en el dise\u00f1o de un muy ambicioso programa de vivienda intraurbana, al que sumar\u00e1 a las autoridades locales y a los desarrolladores de vivienda, teniendo como detonador reservas de suelo p\u00fablico propiedad de instancias como el mismo ISSSTE, que dirige Luis Antonio Ram\u00edrez Pineda.<\/p>\n<p>Sintetizando; el Fovissste va como avi\u00f3n, con avances en su programa crediticio que superan por mucho a los de los primeros a\u00f1os de las anteriores administraciones, y estrategias que fortalecen su viabilidad financiera, su capacidad de atenci\u00f3n a las diferentes necesidades de sus derechohabientes y, sobre todo, teniendo como mayor fortaleza una actitud abierta que ha permitido multiplicar sus capacidades al trabajar en forma coordinada con la iniciativa privada.<\/p>\n<p>Y ojo, que aunque es evidente que todo esto ha sido muy positivo para el sector vivienda, no hay duda de que el mayor beneficio ha sido para los trabajadores derechohabientes del Fovissste.<\/p>\n<p><!--more--><\/p>\n<p><strong>\u00a1YA ESTRENAMOS TEMPORADA DE TELE!<\/strong><\/p>\n<p>Gracias&#8230; En Centro Urbano estamos que brincamos de gusto porque como parte de los festejos por nuestro XX Aniversario, el pasado 2 de mayo estrenamos la Tercera Temporada de Vivienda y Ciudad, la \u00fanica serie de la televisi\u00f3n mexicana que habla a profundidad y en exclusiva de estos temas.<\/p>\n<a href=\"https:\/\/centrourbano.com\/revista\/wp-content\/uploads\/bannerBoletin1-1.gif\"><img loading=\"lazy\" decoding=\"async\" class=\"size-full wp-image-89752 aligncenter\" src=\"https:\/\/centrourbano.com\/revista\/wp-content\/uploads\/bannerBoletin1-1.gif\" alt=\"\" width=\"661\" height=\"255\" \/><\/a>\n<p>No nos dejen hablando solos, estaremos transmitiendo los jueves a las 6:30 de la tarde por Efekto Televisi\u00f3n, a trav\u00e9s de los canales 234 de SKY, 163 de Totalplay, 125 de IZZi y 159 de Megacable&#8230; Y estaremos tambi\u00e9n en l\u00ednea desde <a href=\"http:\/\/www.efekto.tv\">www.efekto.tv<\/a>.<\/p>\n<p>Y claro, podr\u00e1n encontrar todos los programas de nuestras Tres Temporadas y todos nuestros contenidos dig\u00edtales en centrourbano.com y en el canal de YouTube de Centro Urbano.<\/p>\n<p>&nbsp;<\/p>\n","protected":false},"excerpt":{"rendered":"<p>Es muy simple, si algo influy\u00f3 en que el golpe por el cambio de gobierno no fuera tan fuerte para el sector vivienda, fue el desempe\u00f1o del Fovissste.<\/p>\n","protected":false},"author":13,"featured_media":66099,"comment_status":"open","ping_status":"closed","sticky":false,"template":"","format":"standard","meta":{"om_disable_all_campaigns":false,"inline_featured_image":false,"_monsterinsights_skip_tracking":false,"_monsterinsights_sitenote_active":false,"_monsterinsights_sitenote_note":"","_monsterinsights_sitenote_category":0,"footnotes":""},"categories":[241,5],"tags":[155],"class_list":["post-91871","post","type-post","status-publish","format-standard","has-post-thumbnail","hentry","category-blog-desde-la-casa","category-opinion","tag-fovissste"],"yoast_head":"<!-- This site is optimized with the Yoast SEO plugin v27.4 - https:\/\/yoast.com\/product\/yoast-seo-wordpress\/ -->\n<title>Fovissste; el ancla de la estabilidad del sector vivienda -<\/title>\n<meta name=\"description\" content=\"Es muy simple, si algo influy\u00f3 en que el golpe por el cambio de gobierno no fuera tan fuerte para el sector vivienda, fue el desempe\u00f1o del Fovissste. Y es\" \/>\n<meta name=\"robots\" content=\"index, follow, max-snippet:-1, max-image-preview:large, max-video-preview:-1\" \/>\n<link rel=\"canonical\" href=\"https:\/\/centrourbano.com\/revista\/opinion\/fovissste-ancla-la-estabilidad-del-sector-vivienda\/\" \/>\n<meta property=\"og:locale\" content=\"es_ES\" \/>\n<meta property=\"og:type\" content=\"article\" \/>\n<meta property=\"og:title\" content=\"Fovissste; el ancla de la estabilidad del sector vivienda -\" \/>\n<meta property=\"og:description\" content=\"Es muy simple, si algo influy\u00f3 en que el golpe por el cambio de gobierno no fuera tan fuerte para el sector vivienda, fue el desempe\u00f1o del Fovissste. Y es\" \/>\n<meta property=\"og:url\" content=\"https:\/\/centrourbano.com\/revista\/opinion\/fovissste-ancla-la-estabilidad-del-sector-vivienda\/\" \/>\n<meta property=\"og:site_name\" content=\"Centro Urbano\" \/>\n<meta property=\"article:publisher\" content=\"https:\/\/www.facebook.com\/portalcentrourbano\" \/>\n<meta property=\"article:author\" content=\"https:\/\/www.facebook.com\/urbano.horacio\/\" \/>\n<meta property=\"article:published_time\" content=\"2019-06-17T13:16:06+00:00\" \/>\n<meta property=\"og:image\" content=\"https:\/\/centrourbano.com\/revista\/wp-content\/uploads\/Horacio-1.jpg\" \/>\n\t<meta property=\"og:image:width\" content=\"471\" \/>\n\t<meta property=\"og:image:height\" content=\"325\" \/>\n\t<meta property=\"og:image:type\" content=\"image\/jpeg\" \/>\n<meta name=\"author\" content=\"Horacio Urbano\" \/>\n<meta name=\"twitter:card\" content=\"summary_large_image\" \/>\n<meta name=\"twitter:creator\" content=\"@https:\/\/twitter.com\/horacio_urbano\" \/>\n<meta name=\"twitter:site\" content=\"@CentroUrbano\" \/>\n<meta name=\"twitter:label1\" content=\"Escrito por\" \/>\n\t<meta name=\"twitter:data1\" content=\"Horacio Urbano\" \/>\n\t<meta name=\"twitter:label2\" content=\"Tiempo de lectura\" \/>\n\t<meta name=\"twitter:data2\" content=\"3 minutos\" \/>\n<script type=\"application\/ld+json\" class=\"yoast-schema-graph\">{\"@context\":\"https:\\\/\\\/schema.org\",\"@graph\":[{\"@type\":\"Article\",\"@id\":\"https:\\\/\\\/centrourbano.com\\\/revista\\\/opinion\\\/fovissste-ancla-la-estabilidad-del-sector-vivienda\\\/#article\",\"isPartOf\":{\"@id\":\"https:\\\/\\\/centrourbano.com\\\/revista\\\/opinion\\\/fovissste-ancla-la-estabilidad-del-sector-vivienda\\\/\"},\"author\":{\"name\":\"Horacio Urbano\",\"@id\":\"https:\\\/\\\/centrourbano.com\\\/revista\\\/#\\\/schema\\\/person\\\/69755154fe97eeebe4fe9394cb318d28\"},\"headline\":\"Fovissste; el ancla de la estabilidad del sector vivienda\",\"datePublished\":\"2019-06-17T13:16:06+00:00\",\"mainEntityOfPage\":{\"@id\":\"https:\\\/\\\/centrourbano.com\\\/revista\\\/opinion\\\/fovissste-ancla-la-estabilidad-del-sector-vivienda\\\/\"},\"wordCount\":636,\"commentCount\":0,\"publisher\":{\"@id\":\"https:\\\/\\\/centrourbano.com\\\/revista\\\/#organization\"},\"image\":{\"@id\":\"https:\\\/\\\/centrourbano.com\\\/revista\\\/opinion\\\/fovissste-ancla-la-estabilidad-del-sector-vivienda\\\/#primaryimage\"},\"thumbnailUrl\":\"https:\\\/\\\/centrourbano.com\\\/revista\\\/wp-content\\\/uploads\\\/Horacio-1.jpg\",\"keywords\":[\"Fovissste\"],\"articleSection\":[\"Desde la Casa\",\"Opini\u00f3n\"],\"inLanguage\":\"es\",\"potentialAction\":[{\"@type\":\"CommentAction\",\"name\":\"Comment\",\"target\":[\"https:\\\/\\\/centrourbano.com\\\/revista\\\/opinion\\\/fovissste-ancla-la-estabilidad-del-sector-vivienda\\\/#respond\"]}]},{\"@type\":\"WebPage\",\"@id\":\"https:\\\/\\\/centrourbano.com\\\/revista\\\/opinion\\\/fovissste-ancla-la-estabilidad-del-sector-vivienda\\\/\",\"url\":\"https:\\\/\\\/centrourbano.com\\\/revista\\\/opinion\\\/fovissste-ancla-la-estabilidad-del-sector-vivienda\\\/\",\"name\":\"Fovissste; el ancla de la estabilidad del sector vivienda -\",\"isPartOf\":{\"@id\":\"https:\\\/\\\/centrourbano.com\\\/revista\\\/#website\"},\"primaryImageOfPage\":{\"@id\":\"https:\\\/\\\/centrourbano.com\\\/revista\\\/opinion\\\/fovissste-ancla-la-estabilidad-del-sector-vivienda\\\/#primaryimage\"},\"image\":{\"@id\":\"https:\\\/\\\/centrourbano.com\\\/revista\\\/opinion\\\/fovissste-ancla-la-estabilidad-del-sector-vivienda\\\/#primaryimage\"},\"thumbnailUrl\":\"https:\\\/\\\/centrourbano.com\\\/revista\\\/wp-content\\\/uploads\\\/Horacio-1.jpg\",\"datePublished\":\"2019-06-17T13:16:06+00:00\",\"description\":\"Es muy simple, si algo influy\u00f3 en que el golpe por el cambio de gobierno no fuera tan fuerte para el sector vivienda, fue el desempe\u00f1o del Fovissste. Y es\",\"breadcrumb\":{\"@id\":\"https:\\\/\\\/centrourbano.com\\\/revista\\\/opinion\\\/fovissste-ancla-la-estabilidad-del-sector-vivienda\\\/#breadcrumb\"},\"inLanguage\":\"es\",\"potentialAction\":[{\"@type\":\"ReadAction\",\"target\":[\"https:\\\/\\\/centrourbano.com\\\/revista\\\/opinion\\\/fovissste-ancla-la-estabilidad-del-sector-vivienda\\\/\"]}]},{\"@type\":\"ImageObject\",\"inLanguage\":\"es\",\"@id\":\"https:\\\/\\\/centrourbano.com\\\/revista\\\/opinion\\\/fovissste-ancla-la-estabilidad-del-sector-vivienda\\\/#primaryimage\",\"url\":\"https:\\\/\\\/centrourbano.com\\\/revista\\\/wp-content\\\/uploads\\\/Horacio-1.jpg\",\"contentUrl\":\"https:\\\/\\\/centrourbano.com\\\/revista\\\/wp-content\\\/uploads\\\/Horacio-1.jpg\",\"width\":471,\"height\":325,\"caption\":\"Eruviel \u00c1vila no fue un gobernador particularmente interesado en cosas que tuvieran que ver con vivienda y desarrollo urbano.\"},{\"@type\":\"BreadcrumbList\",\"@id\":\"https:\\\/\\\/centrourbano.com\\\/revista\\\/opinion\\\/fovissste-ancla-la-estabilidad-del-sector-vivienda\\\/#breadcrumb\",\"itemListElement\":[{\"@type\":\"ListItem\",\"position\":1,\"name\":\"Portada\",\"item\":\"https:\\\/\\\/centrourbano.com\\\/revista\\\/\"},{\"@type\":\"ListItem\",\"position\":2,\"name\":\"Fovissste; el ancla de la estabilidad del sector vivienda\"}]},{\"@type\":\"WebSite\",\"@id\":\"https:\\\/\\\/centrourbano.com\\\/revista\\\/#website\",\"url\":\"https:\\\/\\\/centrourbano.com\\\/revista\\\/\",\"name\":\"Centro Urbano\",\"description\":\"Medio especializado en los sectores vivienda, inmobiliario, construcci\u00f3n, arquitectura y urbanismo.\",\"publisher\":{\"@id\":\"https:\\\/\\\/centrourbano.com\\\/revista\\\/#organization\"},\"potentialAction\":[{\"@type\":\"SearchAction\",\"target\":{\"@type\":\"EntryPoint\",\"urlTemplate\":\"https:\\\/\\\/centrourbano.com\\\/revista\\\/?s={search_term_string}\"},\"query-input\":{\"@type\":\"PropertyValueSpecification\",\"valueRequired\":true,\"valueName\":\"search_term_string\"}}],\"inLanguage\":\"es\"},{\"@type\":\"Organization\",\"@id\":\"https:\\\/\\\/centrourbano.com\\\/revista\\\/#organization\",\"name\":\"Centro Urbano\",\"url\":\"https:\\\/\\\/centrourbano.com\\\/revista\\\/\",\"logo\":{\"@type\":\"ImageObject\",\"inLanguage\":\"es\",\"@id\":\"https:\\\/\\\/centrourbano.com\\\/revista\\\/#\\\/schema\\\/logo\\\/image\\\/\",\"url\":\"https:\\\/\\\/centrourbano.com\\\/revista\\\/wp-content\\\/uploads\\\/web_CU_logo-1.png\",\"contentUrl\":\"https:\\\/\\\/centrourbano.com\\\/revista\\\/wp-content\\\/uploads\\\/web_CU_logo-1.png\",\"width\":350,\"height\":91,\"caption\":\"Centro Urbano\"},\"image\":{\"@id\":\"https:\\\/\\\/centrourbano.com\\\/revista\\\/#\\\/schema\\\/logo\\\/image\\\/\"},\"sameAs\":[\"https:\\\/\\\/www.facebook.com\\\/portalcentrourbano\",\"https:\\\/\\\/x.com\\\/CentroUrbano\",\"https:\\\/\\\/www.instagram.com\\\/centro_urbano\\\/\",\"https:\\\/\\\/www.linkedin.com\\\/company\\\/centro-urbano\\\/\",\"http:\\\/\\\/www.youtube.com\\\/user\\\/portalcentrourbano\"]},{\"@type\":\"Person\",\"@id\":\"https:\\\/\\\/centrourbano.com\\\/revista\\\/#\\\/schema\\\/person\\\/69755154fe97eeebe4fe9394cb318d28\",\"name\":\"Horacio Urbano\",\"image\":{\"@type\":\"ImageObject\",\"inLanguage\":\"es\",\"@id\":\"https:\\\/\\\/secure.gravatar.com\\\/avatar\\\/bf4232bac122249113b7bcc4636a8d0432b9fa8bcce4243f1ed6c1ecb8fe915f?s=96&d=mm&r=g\",\"url\":\"https:\\\/\\\/secure.gravatar.com\\\/avatar\\\/bf4232bac122249113b7bcc4636a8d0432b9fa8bcce4243f1ed6c1ecb8fe915f?s=96&d=mm&r=g\",\"contentUrl\":\"https:\\\/\\\/secure.gravatar.com\\\/avatar\\\/bf4232bac122249113b7bcc4636a8d0432b9fa8bcce4243f1ed6c1ecb8fe915f?s=96&d=mm&r=g\",\"caption\":\"Horacio Urbano\"},\"description\":\"Horacio Urbano es arquitecto. Su experiencia profesional se ha desarrollado en los diferentes \u00e1mbitos que definen la industria de la vivienda. En 1999 inici\u00f3 un proyecto editorial dirigido a los sectores inmobiliario y construcci\u00f3n que a lo largo de los a\u00f1os se ha convertido en una poderosa plataforma multimedios y en una verdadera referencia para esta industria. Fundador, junto con la tambi\u00e9n arquitecta Roxana Fabris, de Grupo Centro Urbano, firma que impulsa y desarrolla una serie de esfuerzos de comunicaci\u00f3n relacionados con estos sectores. Como parte de su trabajo en M\u00e9xico y el extranjero, ha escrito o participado en una serie de libros especializados, es colaborador de diferentes medios impresos y electr\u00f3nicos, es activo conferencista y bajo diferentes modelos colabora tambi\u00e9n con diversas empresas e instituciones p\u00fablicas y privadas del sector.\",\"sameAs\":[\"http:\\\/\\\/horaciourbano.com\\\/home\\\/\",\"https:\\\/\\\/www.facebook.com\\\/urbano.horacio\\\/\",\"https:\\\/\\\/x.com\\\/https:\\\/\\\/twitter.com\\\/horacio_urbano\"],\"url\":\"https:\\\/\\\/centrourbano.com\\\/revista\\\/author\\\/horacio-urbano\\\/\"}]}<\/script>\n<!-- \/ Yoast SEO plugin. -->","yoast_head_json":{"title":"Fovissste; el ancla de la estabilidad del sector vivienda -","description":"Es muy simple, si algo influy\u00f3 en que el golpe por el cambio de gobierno no fuera tan fuerte para el sector vivienda, fue el desempe\u00f1o del Fovissste. Y es","robots":{"index":"index","follow":"follow","max-snippet":"max-snippet:-1","max-image-preview":"max-image-preview:large","max-video-preview":"max-video-preview:-1"},"canonical":"https:\/\/centrourbano.com\/revista\/opinion\/fovissste-ancla-la-estabilidad-del-sector-vivienda\/","og_locale":"es_ES","og_type":"article","og_title":"Fovissste; el ancla de la estabilidad del sector vivienda -","og_description":"Es muy simple, si algo influy\u00f3 en que el golpe por el cambio de gobierno no fuera tan fuerte para el sector vivienda, fue el desempe\u00f1o del Fovissste. Y es","og_url":"https:\/\/centrourbano.com\/revista\/opinion\/fovissste-ancla-la-estabilidad-del-sector-vivienda\/","og_site_name":"Centro Urbano","article_publisher":"https:\/\/www.facebook.com\/portalcentrourbano","article_author":"https:\/\/www.facebook.com\/urbano.horacio\/","article_published_time":"2019-06-17T13:16:06+00:00","og_image":[{"width":471,"height":325,"url":"https:\/\/centrourbano.com\/revista\/wp-content\/uploads\/Horacio-1.jpg","type":"image\/jpeg"}],"author":"Horacio Urbano","twitter_card":"summary_large_image","twitter_creator":"@https:\/\/twitter.com\/horacio_urbano","twitter_site":"@CentroUrbano","twitter_misc":{"Escrito por":"Horacio Urbano","Tiempo de lectura":"3 minutos"},"schema":{"@context":"https:\/\/schema.org","@graph":[{"@type":"Article","@id":"https:\/\/centrourbano.com\/revista\/opinion\/fovissste-ancla-la-estabilidad-del-sector-vivienda\/#article","isPartOf":{"@id":"https:\/\/centrourbano.com\/revista\/opinion\/fovissste-ancla-la-estabilidad-del-sector-vivienda\/"},"author":{"name":"Horacio Urbano","@id":"https:\/\/centrourbano.com\/revista\/#\/schema\/person\/69755154fe97eeebe4fe9394cb318d28"},"headline":"Fovissste; el ancla de la estabilidad del sector vivienda","datePublished":"2019-06-17T13:16:06+00:00","mainEntityOfPage":{"@id":"https:\/\/centrourbano.com\/revista\/opinion\/fovissste-ancla-la-estabilidad-del-sector-vivienda\/"},"wordCount":636,"commentCount":0,"publisher":{"@id":"https:\/\/centrourbano.com\/revista\/#organization"},"image":{"@id":"https:\/\/centrourbano.com\/revista\/opinion\/fovissste-ancla-la-estabilidad-del-sector-vivienda\/#primaryimage"},"thumbnailUrl":"https:\/\/centrourbano.com\/revista\/wp-content\/uploads\/Horacio-1.jpg","keywords":["Fovissste"],"articleSection":["Desde la Casa","Opini\u00f3n"],"inLanguage":"es","potentialAction":[{"@type":"CommentAction","name":"Comment","target":["https:\/\/centrourbano.com\/revista\/opinion\/fovissste-ancla-la-estabilidad-del-sector-vivienda\/#respond"]}]},{"@type":"WebPage","@id":"https:\/\/centrourbano.com\/revista\/opinion\/fovissste-ancla-la-estabilidad-del-sector-vivienda\/","url":"https:\/\/centrourbano.com\/revista\/opinion\/fovissste-ancla-la-estabilidad-del-sector-vivienda\/","name":"Fovissste; el ancla de la estabilidad del sector vivienda -","isPartOf":{"@id":"https:\/\/centrourbano.com\/revista\/#website"},"primaryImageOfPage":{"@id":"https:\/\/centrourbano.com\/revista\/opinion\/fovissste-ancla-la-estabilidad-del-sector-vivienda\/#primaryimage"},"image":{"@id":"https:\/\/centrourbano.com\/revista\/opinion\/fovissste-ancla-la-estabilidad-del-sector-vivienda\/#primaryimage"},"thumbnailUrl":"https:\/\/centrourbano.com\/revista\/wp-content\/uploads\/Horacio-1.jpg","datePublished":"2019-06-17T13:16:06+00:00","description":"Es muy simple, si algo influy\u00f3 en que el golpe por el cambio de gobierno no fuera tan fuerte para el sector vivienda, fue el desempe\u00f1o del Fovissste. Y es","breadcrumb":{"@id":"https:\/\/centrourbano.com\/revista\/opinion\/fovissste-ancla-la-estabilidad-del-sector-vivienda\/#breadcrumb"},"inLanguage":"es","potentialAction":[{"@type":"ReadAction","target":["https:\/\/centrourbano.com\/revista\/opinion\/fovissste-ancla-la-estabilidad-del-sector-vivienda\/"]}]},{"@type":"ImageObject","inLanguage":"es","@id":"https:\/\/centrourbano.com\/revista\/opinion\/fovissste-ancla-la-estabilidad-del-sector-vivienda\/#primaryimage","url":"https:\/\/centrourbano.com\/revista\/wp-content\/uploads\/Horacio-1.jpg","contentUrl":"https:\/\/centrourbano.com\/revista\/wp-content\/uploads\/Horacio-1.jpg","width":471,"height":325,"caption":"Eruviel \u00c1vila no fue un gobernador particularmente interesado en cosas que tuvieran que ver con vivienda y desarrollo urbano."},{"@type":"BreadcrumbList","@id":"https:\/\/centrourbano.com\/revista\/opinion\/fovissste-ancla-la-estabilidad-del-sector-vivienda\/#breadcrumb","itemListElement":[{"@type":"ListItem","position":1,"name":"Portada","item":"https:\/\/centrourbano.com\/revista\/"},{"@type":"ListItem","position":2,"name":"Fovissste; el ancla de la estabilidad del sector vivienda"}]},{"@type":"WebSite","@id":"https:\/\/centrourbano.com\/revista\/#website","url":"https:\/\/centrourbano.com\/revista\/","name":"Centro Urbano","description":"Medio especializado en los sectores vivienda, inmobiliario, construcci\u00f3n, arquitectura y urbanismo.","publisher":{"@id":"https:\/\/centrourbano.com\/revista\/#organization"},"potentialAction":[{"@type":"SearchAction","target":{"@type":"EntryPoint","urlTemplate":"https:\/\/centrourbano.com\/revista\/?s={search_term_string}"},"query-input":{"@type":"PropertyValueSpecification","valueRequired":true,"valueName":"search_term_string"}}],"inLanguage":"es"},{"@type":"Organization","@id":"https:\/\/centrourbano.com\/revista\/#organization","name":"Centro Urbano","url":"https:\/\/centrourbano.com\/revista\/","logo":{"@type":"ImageObject","inLanguage":"es","@id":"https:\/\/centrourbano.com\/revista\/#\/schema\/logo\/image\/","url":"https:\/\/centrourbano.com\/revista\/wp-content\/uploads\/web_CU_logo-1.png","contentUrl":"https:\/\/centrourbano.com\/revista\/wp-content\/uploads\/web_CU_logo-1.png","width":350,"height":91,"caption":"Centro Urbano"},"image":{"@id":"https:\/\/centrourbano.com\/revista\/#\/schema\/logo\/image\/"},"sameAs":["https:\/\/www.facebook.com\/portalcentrourbano","https:\/\/x.com\/CentroUrbano","https:\/\/www.instagram.com\/centro_urbano\/","https:\/\/www.linkedin.com\/company\/centro-urbano\/","http:\/\/www.youtube.com\/user\/portalcentrourbano"]},{"@type":"Person","@id":"https:\/\/centrourbano.com\/revista\/#\/schema\/person\/69755154fe97eeebe4fe9394cb318d28","name":"Horacio Urbano","image":{"@type":"ImageObject","inLanguage":"es","@id":"https:\/\/secure.gravatar.com\/avatar\/bf4232bac122249113b7bcc4636a8d0432b9fa8bcce4243f1ed6c1ecb8fe915f?s=96&d=mm&r=g","url":"https:\/\/secure.gravatar.com\/avatar\/bf4232bac122249113b7bcc4636a8d0432b9fa8bcce4243f1ed6c1ecb8fe915f?s=96&d=mm&r=g","contentUrl":"https:\/\/secure.gravatar.com\/avatar\/bf4232bac122249113b7bcc4636a8d0432b9fa8bcce4243f1ed6c1ecb8fe915f?s=96&d=mm&r=g","caption":"Horacio Urbano"},"description":"Horacio Urbano es arquitecto. Su experiencia profesional se ha desarrollado en los diferentes \u00e1mbitos que definen la industria de la vivienda. En 1999 inici\u00f3 un proyecto editorial dirigido a los sectores inmobiliario y construcci\u00f3n que a lo largo de los a\u00f1os se ha convertido en una poderosa plataforma multimedios y en una verdadera referencia para esta industria. Fundador, junto con la tambi\u00e9n arquitecta Roxana Fabris, de Grupo Centro Urbano, firma que impulsa y desarrolla una serie de esfuerzos de comunicaci\u00f3n relacionados con estos sectores. Como parte de su trabajo en M\u00e9xico y el extranjero, ha escrito o participado en una serie de libros especializados, es colaborador de diferentes medios impresos y electr\u00f3nicos, es activo conferencista y bajo diferentes modelos colabora tambi\u00e9n con diversas empresas e instituciones p\u00fablicas y privadas del sector.","sameAs":["http:\/\/horaciourbano.com\/home\/","https:\/\/www.facebook.com\/urbano.horacio\/","https:\/\/x.com\/https:\/\/twitter.com\/horacio_urbano"],"url":"https:\/\/centrourbano.com\/revista\/author\/horacio-urbano\/"}]}},"_links":{"self":[{"href":"https:\/\/centrourbano.com\/revista\/wp-json\/wp\/v2\/posts\/91871","targetHints":{"allow":["GET"]}}],"collection":[{"href":"https:\/\/centrourbano.com\/revista\/wp-json\/wp\/v2\/posts"}],"about":[{"href":"https:\/\/centrourbano.com\/revista\/wp-json\/wp\/v2\/types\/post"}],"author":[{"embeddable":true,"href":"https:\/\/centrourbano.com\/revista\/wp-json\/wp\/v2\/users\/13"}],"replies":[{"embeddable":true,"href":"https:\/\/centrourbano.com\/revista\/wp-json\/wp\/v2\/comments?post=91871"}],"version-history":[{"count":1,"href":"https:\/\/centrourbano.com\/revista\/wp-json\/wp\/v2\/posts\/91871\/revisions"}],"predecessor-version":[{"id":91872,"href":"https:\/\/centrourbano.com\/revista\/wp-json\/wp\/v2\/posts\/91871\/revisions\/91872"}],"wp:featuredmedia":[{"embeddable":true,"href":"https:\/\/centrourbano.com\/revista\/wp-json\/wp\/v2\/media\/66099"}],"wp:attachment":[{"href":"https:\/\/centrourbano.com\/revista\/wp-json\/wp\/v2\/media?parent=91871"}],"wp:term":[{"taxonomy":"category","embeddable":true,"href":"https:\/\/centrourbano.com\/revista\/wp-json\/wp\/v2\/categories?post=91871"},{"taxonomy":"post_tag","embeddable":true,"href":"https:\/\/centrourbano.com\/revista\/wp-json\/wp\/v2\/tags?post=91871"}],"curies":[{"name":"wp","href":"https:\/\/api.w.org\/{rel}","templated":true}]}}