{"id":91807,"date":"2019-06-14T13:46:46","date_gmt":"2019-06-14T18:46:46","guid":{"rendered":"https:\/\/centrourbano.com\/?p=91807"},"modified":"2019-06-14T13:46:46","modified_gmt":"2019-06-14T18:46:46","slug":"invierten-290-mdp-desarrollos-vacacionales-renta","status":"publish","type":"post","link":"https:\/\/centrourbano.com\/revista\/inmobiliario\/invierten-290-mdp-desarrollos-vacacionales-renta\/","title":{"rendered":"Invierten 290 mdp en desarrollos vacacionales en renta"},"content":{"rendered":"<p><em>Guadalajara y Los Cabos ser\u00e1n las primeras ciudades con desarrollos vacacionales en renta de Aut\u00e9ntico Vertical\u00a0<\/em><!--more--><\/p>\n<p>La firma inmobiliaria <strong>Aut\u00e9ntico Vertical<\/strong> invirti\u00f3 290 millones de pesos para el desarrollo de dos proyectos vacacionales en renta, uno en <strong>Guadalajara<\/strong> que abrir\u00e1 el 15 de junio y otro m\u00e1s en <strong>Los Cabos<\/strong>, para el segundo semestre de 2019.<\/p>\n<p>\u00abSe trata de una mezcla que nace a partir de la tendencia actual, del servicio de las plataformas digitales para rentar <strong>departamentos<\/strong> y las ventajas de un <strong>hotel<\/strong> con todas las amenidades\u00bb, dijeron\u00a0<strong>Mario Lira y Mauricio Lira<\/strong>, CEOs de la compa\u00f1\u00eda, quienes agregaron los hu\u00e9spedes podr\u00e1n reservar desde su aplicaci\u00f3n.<\/p>\n<p><strong>Aut\u00e9ntico Vertical Guadalajara<\/strong>, localizado en la <strong>Zona Real de Guadalajara<\/strong>, cuenta con una inversi\u00f3n cercana a los 90 mdp, en una extensi\u00f3n territorial de <strong>4,500 metros cuadrados<\/strong> (m\u00b2), cuya construcci\u00f3n tard\u00f3 alrededor de un a\u00f1o. Los directivos agregaron que para el complejo vacacional de Los Cabos, la firma desembols\u00f3 un total de 200 mdp.<\/p>\n<p>El mecanismo para financiar las obras fue capital privado y esperan continuar con esa tendencia de construcci\u00f3n para 2020, donde entregar\u00e1n dos nuevos proyectos, el primero en <strong>Tulum<\/strong> y el segundo en <strong>Punta Cana<\/strong>, Rep\u00fablica Dominicana. Aunque \u201csu principal reto es llegar a la <strong>Ciudad de M\u00e9xico<\/strong>\u201d, apunt\u00f3 Mario Lira.<\/p>\n<p>Los directivos destacaron el nivel de ocupaci\u00f3n que tiene Guadalajara con un 60% durante todo el a\u00f1o, pero consideran en el corto plazo lograr\u00e1n aumentar esa cifra. Como parte de su expansi\u00f3n internacional seleccionaron Rep\u00fablica Dominicana como su primer paso, pero la idea es llegar a Aruba, Panam\u00e1 y Colombia.<\/p>\n<p><strong>Transici\u00f3n, una oportunidad\u00a0<\/strong><\/p>\n<p>Entre los obst\u00e1culos que perciben los representantes de la firma, se encuentra el desconocimiento de su l\u00ednea de negocio por parte de la competencia y lo relacionado a tema de licencias.<\/p>\n<p>Sin embargo, coinciden que su ventaja es haber entrado al mercado en un momento de transici\u00f3n y evoluci\u00f3n donde los hu\u00e9spedes cada vez son m\u00e1s selectivos y cuentan con mayor informaci\u00f3n para tomar la mejor decisi\u00f3n.<\/p>\n","protected":false},"excerpt":{"rendered":"<p>Guadalajara y Los Cabos ser\u00e1n las primeras ciudades con desarrollos vacacionales en renta de Aut\u00e9ntico Vertical\u00a0<\/p>\n","protected":false},"author":69,"featured_media":91812,"comment_status":"open","ping_status":"closed","sticky":false,"template":"","format":"standard","meta":{"om_disable_all_campaigns":false,"inline_featured_image":false,"_monsterinsights_skip_tracking":false,"_monsterinsights_sitenote_active":false,"_monsterinsights_sitenote_note":"","_monsterinsights_sitenote_category":0,"footnotes":""},"categories":[15],"tags":[],"class_list":["post-91807","post","type-post","status-publish","format-standard","has-post-thumbnail","hentry","category-inmobiliario"],"yoast_head":"<!-- This site is optimized with the Yoast SEO plugin v27.5 - https:\/\/yoast.com\/product\/yoast-seo-wordpress\/ -->\n<title>Invierten 290 mdp en desarrollos vacacionales en renta<\/title>\n<meta name=\"description\" content=\"Guadalajara y Los Cabos ser\u00e1n las primeras ciudades con desarrollos vacacionales en renta de Aut\u00e9ntico Vertical\" \/>\n<meta name=\"robots\" content=\"index, follow, max-snippet:-1, max-image-preview:large, max-video-preview:-1\" \/>\n<link rel=\"canonical\" href=\"https:\/\/centrourbano.com\/revista\/inmobiliario\/invierten-290-mdp-desarrollos-vacacionales-renta\/\" \/>\n<meta property=\"og:locale\" content=\"es_ES\" \/>\n<meta property=\"og:type\" content=\"article\" \/>\n<meta property=\"og:title\" content=\"Invierten 290 mdp en desarrollos vacacionales en renta\" \/>\n<meta property=\"og:description\" content=\"Guadalajara y Los Cabos ser\u00e1n las primeras ciudades con desarrollos vacacionales en renta de Aut\u00e9ntico Vertical\" \/>\n<meta property=\"og:url\" content=\"https:\/\/centrourbano.com\/revista\/inmobiliario\/invierten-290-mdp-desarrollos-vacacionales-renta\/\" \/>\n<meta property=\"og:site_name\" content=\"Centro Urbano\" \/>\n<meta property=\"article:publisher\" content=\"https:\/\/www.facebook.com\/portalcentrourbano\" \/>\n<meta property=\"article:published_time\" content=\"2019-06-14T18:46:46+00:00\" \/>\n<meta property=\"og:image\" content=\"https:\/\/centrourbano.com\/revista\/wp-content\/uploads\/Aut\u00e9ntico-Vertical.jpg\" \/>\n\t<meta property=\"og:image:width\" content=\"800\" \/>\n\t<meta property=\"og:image:height\" content=\"600\" \/>\n\t<meta property=\"og:image:type\" content=\"image\/jpeg\" \/>\n<meta name=\"author\" content=\"Fernando Navarrete\" \/>\n<meta name=\"twitter:card\" content=\"summary_large_image\" \/>\n<meta name=\"twitter:creator\" content=\"@CentroUrbano\" \/>\n<meta name=\"twitter:site\" content=\"@CentroUrbano\" \/>\n<meta name=\"twitter:label1\" content=\"Escrito por\" \/>\n\t<meta name=\"twitter:data1\" content=\"Fernando Navarrete\" \/>\n\t<meta name=\"twitter:label2\" content=\"Tiempo de lectura\" \/>\n\t<meta name=\"twitter:data2\" content=\"2 minutos\" \/>\n<script type=\"application\/ld+json\" class=\"yoast-schema-graph\">{\"@context\":\"https:\\\/\\\/schema.org\",\"@graph\":[{\"@type\":\"Article\",\"@id\":\"https:\\\/\\\/centrourbano.com\\\/revista\\\/inmobiliario\\\/invierten-290-mdp-desarrollos-vacacionales-renta\\\/#article\",\"isPartOf\":{\"@id\":\"https:\\\/\\\/centrourbano.com\\\/revista\\\/inmobiliario\\\/invierten-290-mdp-desarrollos-vacacionales-renta\\\/\"},\"author\":{\"name\":\"Fernando Navarrete\",\"@id\":\"https:\\\/\\\/centrourbano.com\\\/revista\\\/#\\\/schema\\\/person\\\/515c32d01ece40d20a7ed3fdf34051af\"},\"headline\":\"Invierten 290 mdp en desarrollos vacacionales en renta\",\"datePublished\":\"2019-06-14T18:46:46+00:00\",\"mainEntityOfPage\":{\"@id\":\"https:\\\/\\\/centrourbano.com\\\/revista\\\/inmobiliario\\\/invierten-290-mdp-desarrollos-vacacionales-renta\\\/\"},\"wordCount\":361,\"commentCount\":0,\"publisher\":{\"@id\":\"https:\\\/\\\/centrourbano.com\\\/revista\\\/#organization\"},\"image\":{\"@id\":\"https:\\\/\\\/centrourbano.com\\\/revista\\\/inmobiliario\\\/invierten-290-mdp-desarrollos-vacacionales-renta\\\/#primaryimage\"},\"thumbnailUrl\":\"https:\\\/\\\/centrourbano.com\\\/revista\\\/wp-content\\\/uploads\\\/Aut\u00e9ntico-Vertical.jpg\",\"articleSection\":[\"Inmobiliario\"],\"inLanguage\":\"es\",\"potentialAction\":[{\"@type\":\"CommentAction\",\"name\":\"Comment\",\"target\":[\"https:\\\/\\\/centrourbano.com\\\/revista\\\/inmobiliario\\\/invierten-290-mdp-desarrollos-vacacionales-renta\\\/#respond\"]}]},{\"@type\":\"WebPage\",\"@id\":\"https:\\\/\\\/centrourbano.com\\\/revista\\\/inmobiliario\\\/invierten-290-mdp-desarrollos-vacacionales-renta\\\/\",\"url\":\"https:\\\/\\\/centrourbano.com\\\/revista\\\/inmobiliario\\\/invierten-290-mdp-desarrollos-vacacionales-renta\\\/\",\"name\":\"Invierten 290 mdp en desarrollos vacacionales en renta\",\"isPartOf\":{\"@id\":\"https:\\\/\\\/centrourbano.com\\\/revista\\\/#website\"},\"primaryImageOfPage\":{\"@id\":\"https:\\\/\\\/centrourbano.com\\\/revista\\\/inmobiliario\\\/invierten-290-mdp-desarrollos-vacacionales-renta\\\/#primaryimage\"},\"image\":{\"@id\":\"https:\\\/\\\/centrourbano.com\\\/revista\\\/inmobiliario\\\/invierten-290-mdp-desarrollos-vacacionales-renta\\\/#primaryimage\"},\"thumbnailUrl\":\"https:\\\/\\\/centrourbano.com\\\/revista\\\/wp-content\\\/uploads\\\/Aut\u00e9ntico-Vertical.jpg\",\"datePublished\":\"2019-06-14T18:46:46+00:00\",\"description\":\"Guadalajara y Los Cabos ser\u00e1n las primeras ciudades con desarrollos vacacionales en renta de Aut\u00e9ntico Vertical\",\"breadcrumb\":{\"@id\":\"https:\\\/\\\/centrourbano.com\\\/revista\\\/inmobiliario\\\/invierten-290-mdp-desarrollos-vacacionales-renta\\\/#breadcrumb\"},\"inLanguage\":\"es\",\"potentialAction\":[{\"@type\":\"ReadAction\",\"target\":[\"https:\\\/\\\/centrourbano.com\\\/revista\\\/inmobiliario\\\/invierten-290-mdp-desarrollos-vacacionales-renta\\\/\"]}]},{\"@type\":\"ImageObject\",\"inLanguage\":\"es\",\"@id\":\"https:\\\/\\\/centrourbano.com\\\/revista\\\/inmobiliario\\\/invierten-290-mdp-desarrollos-vacacionales-renta\\\/#primaryimage\",\"url\":\"https:\\\/\\\/centrourbano.com\\\/revista\\\/wp-content\\\/uploads\\\/Aut\u00e9ntico-Vertical.jpg\",\"contentUrl\":\"https:\\\/\\\/centrourbano.com\\\/revista\\\/wp-content\\\/uploads\\\/Aut\u00e9ntico-Vertical.jpg\",\"width\":800,\"height\":600,\"caption\":\"Guadalajara y Los Cabos ser\u00e1n las primeras ciudades con desarrollos vacacionales en renta de Aut\u00e9ntico Vertical\"},{\"@type\":\"BreadcrumbList\",\"@id\":\"https:\\\/\\\/centrourbano.com\\\/revista\\\/inmobiliario\\\/invierten-290-mdp-desarrollos-vacacionales-renta\\\/#breadcrumb\",\"itemListElement\":[{\"@type\":\"ListItem\",\"position\":1,\"name\":\"Portada\",\"item\":\"https:\\\/\\\/centrourbano.com\\\/revista\\\/\"},{\"@type\":\"ListItem\",\"position\":2,\"name\":\"Invierten 290 mdp en desarrollos vacacionales en renta\"}]},{\"@type\":\"WebSite\",\"@id\":\"https:\\\/\\\/centrourbano.com\\\/revista\\\/#website\",\"url\":\"https:\\\/\\\/centrourbano.com\\\/revista\\\/\",\"name\":\"Centro Urbano\",\"description\":\"Medio especializado en los sectores vivienda, inmobiliario, construcci\u00f3n, arquitectura y urbanismo.\",\"publisher\":{\"@id\":\"https:\\\/\\\/centrourbano.com\\\/revista\\\/#organization\"},\"potentialAction\":[{\"@type\":\"SearchAction\",\"target\":{\"@type\":\"EntryPoint\",\"urlTemplate\":\"https:\\\/\\\/centrourbano.com\\\/revista\\\/?s={search_term_string}\"},\"query-input\":{\"@type\":\"PropertyValueSpecification\",\"valueRequired\":true,\"valueName\":\"search_term_string\"}}],\"inLanguage\":\"es\"},{\"@type\":\"Organization\",\"@id\":\"https:\\\/\\\/centrourbano.com\\\/revista\\\/#organization\",\"name\":\"Centro Urbano\",\"url\":\"https:\\\/\\\/centrourbano.com\\\/revista\\\/\",\"logo\":{\"@type\":\"ImageObject\",\"inLanguage\":\"es\",\"@id\":\"https:\\\/\\\/centrourbano.com\\\/revista\\\/#\\\/schema\\\/logo\\\/image\\\/\",\"url\":\"https:\\\/\\\/centrourbano.com\\\/revista\\\/wp-content\\\/uploads\\\/web_CU_logo-1.png\",\"contentUrl\":\"https:\\\/\\\/centrourbano.com\\\/revista\\\/wp-content\\\/uploads\\\/web_CU_logo-1.png\",\"width\":350,\"height\":91,\"caption\":\"Centro Urbano\"},\"image\":{\"@id\":\"https:\\\/\\\/centrourbano.com\\\/revista\\\/#\\\/schema\\\/logo\\\/image\\\/\"},\"sameAs\":[\"https:\\\/\\\/www.facebook.com\\\/portalcentrourbano\",\"https:\\\/\\\/x.com\\\/CentroUrbano\",\"https:\\\/\\\/www.instagram.com\\\/centro_urbano\\\/\",\"https:\\\/\\\/www.linkedin.com\\\/company\\\/centro-urbano\\\/\",\"http:\\\/\\\/www.youtube.com\\\/user\\\/portalcentrourbano\"]},{\"@type\":\"Person\",\"@id\":\"https:\\\/\\\/centrourbano.com\\\/revista\\\/#\\\/schema\\\/person\\\/515c32d01ece40d20a7ed3fdf34051af\",\"name\":\"Fernando Navarrete\",\"image\":{\"@type\":\"ImageObject\",\"inLanguage\":\"es\",\"@id\":\"https:\\\/\\\/secure.gravatar.com\\\/avatar\\\/f4dd6927a99e72698473e350e20ec8a38bd48cb668e15b03d04e8e537da41ad0?s=96&d=mm&r=g\",\"url\":\"https:\\\/\\\/secure.gravatar.com\\\/avatar\\\/f4dd6927a99e72698473e350e20ec8a38bd48cb668e15b03d04e8e537da41ad0?s=96&d=mm&r=g\",\"contentUrl\":\"https:\\\/\\\/secure.gravatar.com\\\/avatar\\\/f4dd6927a99e72698473e350e20ec8a38bd48cb668e15b03d04e8e537da41ad0?s=96&d=mm&r=g\",\"caption\":\"Fernando Navarrete\"},\"description\":\"Reportero de negocios, inmobiliario, construcci\u00f3n e industria. Me interesa la econom\u00eda, pol\u00edtica, historia y antropolog\u00eda. Estudi\u00e9 en la Facultad de Ciencias Pol\u00edticas y Sociales de la UNAM. Tengo experiencia en el sector p\u00fablico, la industria del acero, ingenier\u00eda civil, IT y corporativos; soy un nost\u00e1lgico nacionalista contempor\u00e1neo que cree en la grandeza de su pa\u00eds. Asiduo lector de Juan Rulfo, Jos\u00e9 Revueltas y J. R. R Tolkien.\",\"url\":\"https:\\\/\\\/centrourbano.com\\\/revista\\\/author\\\/fernando-navarrete\\\/\"}]}<\/script>\n<!-- \/ Yoast SEO plugin. -->","yoast_head_json":{"title":"Invierten 290 mdp en desarrollos vacacionales en renta","description":"Guadalajara y Los Cabos ser\u00e1n las primeras ciudades con desarrollos vacacionales en renta de Aut\u00e9ntico Vertical","robots":{"index":"index","follow":"follow","max-snippet":"max-snippet:-1","max-image-preview":"max-image-preview:large","max-video-preview":"max-video-preview:-1"},"canonical":"https:\/\/centrourbano.com\/revista\/inmobiliario\/invierten-290-mdp-desarrollos-vacacionales-renta\/","og_locale":"es_ES","og_type":"article","og_title":"Invierten 290 mdp en desarrollos vacacionales en renta","og_description":"Guadalajara y Los Cabos ser\u00e1n las primeras ciudades con desarrollos vacacionales en renta de Aut\u00e9ntico Vertical","og_url":"https:\/\/centrourbano.com\/revista\/inmobiliario\/invierten-290-mdp-desarrollos-vacacionales-renta\/","og_site_name":"Centro Urbano","article_publisher":"https:\/\/www.facebook.com\/portalcentrourbano","article_published_time":"2019-06-14T18:46:46+00:00","og_image":[{"width":800,"height":600,"url":"https:\/\/centrourbano.com\/revista\/wp-content\/uploads\/Aut\u00e9ntico-Vertical.jpg","type":"image\/jpeg"}],"author":"Fernando Navarrete","twitter_card":"summary_large_image","twitter_creator":"@CentroUrbano","twitter_site":"@CentroUrbano","twitter_misc":{"Escrito por":"Fernando Navarrete","Tiempo de lectura":"2 minutos"},"schema":{"@context":"https:\/\/schema.org","@graph":[{"@type":"Article","@id":"https:\/\/centrourbano.com\/revista\/inmobiliario\/invierten-290-mdp-desarrollos-vacacionales-renta\/#article","isPartOf":{"@id":"https:\/\/centrourbano.com\/revista\/inmobiliario\/invierten-290-mdp-desarrollos-vacacionales-renta\/"},"author":{"name":"Fernando Navarrete","@id":"https:\/\/centrourbano.com\/revista\/#\/schema\/person\/515c32d01ece40d20a7ed3fdf34051af"},"headline":"Invierten 290 mdp en desarrollos vacacionales en renta","datePublished":"2019-06-14T18:46:46+00:00","mainEntityOfPage":{"@id":"https:\/\/centrourbano.com\/revista\/inmobiliario\/invierten-290-mdp-desarrollos-vacacionales-renta\/"},"wordCount":361,"commentCount":0,"publisher":{"@id":"https:\/\/centrourbano.com\/revista\/#organization"},"image":{"@id":"https:\/\/centrourbano.com\/revista\/inmobiliario\/invierten-290-mdp-desarrollos-vacacionales-renta\/#primaryimage"},"thumbnailUrl":"https:\/\/centrourbano.com\/revista\/wp-content\/uploads\/Aut\u00e9ntico-Vertical.jpg","articleSection":["Inmobiliario"],"inLanguage":"es","potentialAction":[{"@type":"CommentAction","name":"Comment","target":["https:\/\/centrourbano.com\/revista\/inmobiliario\/invierten-290-mdp-desarrollos-vacacionales-renta\/#respond"]}]},{"@type":"WebPage","@id":"https:\/\/centrourbano.com\/revista\/inmobiliario\/invierten-290-mdp-desarrollos-vacacionales-renta\/","url":"https:\/\/centrourbano.com\/revista\/inmobiliario\/invierten-290-mdp-desarrollos-vacacionales-renta\/","name":"Invierten 290 mdp en desarrollos vacacionales en renta","isPartOf":{"@id":"https:\/\/centrourbano.com\/revista\/#website"},"primaryImageOfPage":{"@id":"https:\/\/centrourbano.com\/revista\/inmobiliario\/invierten-290-mdp-desarrollos-vacacionales-renta\/#primaryimage"},"image":{"@id":"https:\/\/centrourbano.com\/revista\/inmobiliario\/invierten-290-mdp-desarrollos-vacacionales-renta\/#primaryimage"},"thumbnailUrl":"https:\/\/centrourbano.com\/revista\/wp-content\/uploads\/Aut\u00e9ntico-Vertical.jpg","datePublished":"2019-06-14T18:46:46+00:00","description":"Guadalajara y Los Cabos ser\u00e1n las primeras ciudades con desarrollos vacacionales en renta de Aut\u00e9ntico Vertical","breadcrumb":{"@id":"https:\/\/centrourbano.com\/revista\/inmobiliario\/invierten-290-mdp-desarrollos-vacacionales-renta\/#breadcrumb"},"inLanguage":"es","potentialAction":[{"@type":"ReadAction","target":["https:\/\/centrourbano.com\/revista\/inmobiliario\/invierten-290-mdp-desarrollos-vacacionales-renta\/"]}]},{"@type":"ImageObject","inLanguage":"es","@id":"https:\/\/centrourbano.com\/revista\/inmobiliario\/invierten-290-mdp-desarrollos-vacacionales-renta\/#primaryimage","url":"https:\/\/centrourbano.com\/revista\/wp-content\/uploads\/Aut\u00e9ntico-Vertical.jpg","contentUrl":"https:\/\/centrourbano.com\/revista\/wp-content\/uploads\/Aut\u00e9ntico-Vertical.jpg","width":800,"height":600,"caption":"Guadalajara y Los Cabos ser\u00e1n las primeras ciudades con desarrollos vacacionales en renta de Aut\u00e9ntico Vertical"},{"@type":"BreadcrumbList","@id":"https:\/\/centrourbano.com\/revista\/inmobiliario\/invierten-290-mdp-desarrollos-vacacionales-renta\/#breadcrumb","itemListElement":[{"@type":"ListItem","position":1,"name":"Portada","item":"https:\/\/centrourbano.com\/revista\/"},{"@type":"ListItem","position":2,"name":"Invierten 290 mdp en desarrollos vacacionales en renta"}]},{"@type":"WebSite","@id":"https:\/\/centrourbano.com\/revista\/#website","url":"https:\/\/centrourbano.com\/revista\/","name":"Centro Urbano","description":"Medio especializado en los sectores vivienda, inmobiliario, construcci\u00f3n, arquitectura y urbanismo.","publisher":{"@id":"https:\/\/centrourbano.com\/revista\/#organization"},"potentialAction":[{"@type":"SearchAction","target":{"@type":"EntryPoint","urlTemplate":"https:\/\/centrourbano.com\/revista\/?s={search_term_string}"},"query-input":{"@type":"PropertyValueSpecification","valueRequired":true,"valueName":"search_term_string"}}],"inLanguage":"es"},{"@type":"Organization","@id":"https:\/\/centrourbano.com\/revista\/#organization","name":"Centro Urbano","url":"https:\/\/centrourbano.com\/revista\/","logo":{"@type":"ImageObject","inLanguage":"es","@id":"https:\/\/centrourbano.com\/revista\/#\/schema\/logo\/image\/","url":"https:\/\/centrourbano.com\/revista\/wp-content\/uploads\/web_CU_logo-1.png","contentUrl":"https:\/\/centrourbano.com\/revista\/wp-content\/uploads\/web_CU_logo-1.png","width":350,"height":91,"caption":"Centro Urbano"},"image":{"@id":"https:\/\/centrourbano.com\/revista\/#\/schema\/logo\/image\/"},"sameAs":["https:\/\/www.facebook.com\/portalcentrourbano","https:\/\/x.com\/CentroUrbano","https:\/\/www.instagram.com\/centro_urbano\/","https:\/\/www.linkedin.com\/company\/centro-urbano\/","http:\/\/www.youtube.com\/user\/portalcentrourbano"]},{"@type":"Person","@id":"https:\/\/centrourbano.com\/revista\/#\/schema\/person\/515c32d01ece40d20a7ed3fdf34051af","name":"Fernando Navarrete","image":{"@type":"ImageObject","inLanguage":"es","@id":"https:\/\/secure.gravatar.com\/avatar\/f4dd6927a99e72698473e350e20ec8a38bd48cb668e15b03d04e8e537da41ad0?s=96&d=mm&r=g","url":"https:\/\/secure.gravatar.com\/avatar\/f4dd6927a99e72698473e350e20ec8a38bd48cb668e15b03d04e8e537da41ad0?s=96&d=mm&r=g","contentUrl":"https:\/\/secure.gravatar.com\/avatar\/f4dd6927a99e72698473e350e20ec8a38bd48cb668e15b03d04e8e537da41ad0?s=96&d=mm&r=g","caption":"Fernando Navarrete"},"description":"Reportero de negocios, inmobiliario, construcci\u00f3n e industria. Me interesa la econom\u00eda, pol\u00edtica, historia y antropolog\u00eda. Estudi\u00e9 en la Facultad de Ciencias Pol\u00edticas y Sociales de la UNAM. Tengo experiencia en el sector p\u00fablico, la industria del acero, ingenier\u00eda civil, IT y corporativos; soy un nost\u00e1lgico nacionalista contempor\u00e1neo que cree en la grandeza de su pa\u00eds. Asiduo lector de Juan Rulfo, Jos\u00e9 Revueltas y J. R. R Tolkien.","url":"https:\/\/centrourbano.com\/revista\/author\/fernando-navarrete\/"}]}},"_links":{"self":[{"href":"https:\/\/centrourbano.com\/revista\/wp-json\/wp\/v2\/posts\/91807","targetHints":{"allow":["GET"]}}],"collection":[{"href":"https:\/\/centrourbano.com\/revista\/wp-json\/wp\/v2\/posts"}],"about":[{"href":"https:\/\/centrourbano.com\/revista\/wp-json\/wp\/v2\/types\/post"}],"author":[{"embeddable":true,"href":"https:\/\/centrourbano.com\/revista\/wp-json\/wp\/v2\/users\/69"}],"replies":[{"embeddable":true,"href":"https:\/\/centrourbano.com\/revista\/wp-json\/wp\/v2\/comments?post=91807"}],"version-history":[{"count":1,"href":"https:\/\/centrourbano.com\/revista\/wp-json\/wp\/v2\/posts\/91807\/revisions"}],"predecessor-version":[{"id":91813,"href":"https:\/\/centrourbano.com\/revista\/wp-json\/wp\/v2\/posts\/91807\/revisions\/91813"}],"wp:featuredmedia":[{"embeddable":true,"href":"https:\/\/centrourbano.com\/revista\/wp-json\/wp\/v2\/media\/91812"}],"wp:attachment":[{"href":"https:\/\/centrourbano.com\/revista\/wp-json\/wp\/v2\/media?parent=91807"}],"wp:term":[{"taxonomy":"category","embeddable":true,"href":"https:\/\/centrourbano.com\/revista\/wp-json\/wp\/v2\/categories?post=91807"},{"taxonomy":"post_tag","embeddable":true,"href":"https:\/\/centrourbano.com\/revista\/wp-json\/wp\/v2\/tags?post=91807"}],"curies":[{"name":"wp","href":"https:\/\/api.w.org\/{rel}","templated":true}]}}