{"id":91752,"date":"2019-06-13T15:59:31","date_gmt":"2019-06-13T20:59:31","guid":{"rendered":"https:\/\/centrourbano.com\/?p=91752"},"modified":"2019-06-13T16:18:10","modified_gmt":"2019-06-13T21:18:10","slug":"colocacion-hipotecas-1t2019","status":"publish","type":"post","link":"https:\/\/centrourbano.com\/revista\/vivienda\/colocacion-hipotecas-1t2019\/","title":{"rendered":"Colocaci\u00f3n de hipotecas baj\u00f3 6.3% en el 1T2019"},"content":{"rendered":"<p><em>La colocaci\u00f3n de los organismos p\u00fablicos descendi\u00f3 7.4% en el arranque del a\u00f1o <\/em><!--more--><\/p>\n<p>Entre los meses de enero y marzo de 2019, la colocaci\u00f3n de cr\u00e9dito a la vivienda en el <strong>mercado tradicional<\/strong>, conformado por los <strong>bancos<\/strong>, <strong>Infonavit<\/strong> y <strong>Fovissste<\/strong>, registr\u00f3 una desaceleraci\u00f3n de 6.3%. As\u00ed, de las 103,800 hipotecas colocados en el 1T2018, para el arranque de este a\u00f1o el n\u00famero de financiamiento lleg\u00f3 a 97,300.<\/p>\n<p>De acuerdo con datos proporcionados por <strong>BBVA Bancomer<\/strong>, este n\u00famero de acciones en hipotecas represent\u00f3 una derrama de 76,300 millones de pesos. Es decir, el monto de la derrama generada tuvo un crecimiento marginal de 0.4%, lo que equivale a 300 millones de pesos.<\/p>\n<p>Los datos difundidos por el banco se\u00f1alan que la colocaci\u00f3n de los <strong>institutos p\u00fablicos<\/strong>, es decir Infonavit y Fovissste, registr\u00f3 una ca\u00edda de 7.4 por ciento. En el caso del Infonavit, la cifra obtenida representa una baja de 7.8%, al pasar de 84,500 financiamientos colocados en 2018, a 78,200 este a\u00f1o; para el Fovissste, la reducci\u00f3n se coloca en 4.2%, con lo que registr\u00f3 9,400 cr\u00e9ditos desplazados.<\/p>\n<p>En t\u00e9rminos de <strong>inversi\u00f3n<\/strong>, los institutos p\u00fablicos tambi\u00e9n registraron una baja. Para el Infonavit, la disminuci\u00f3n se coloc\u00f3 en 5.4%, al pasar de 30,700 millones de pesos apostados en el 1T2019 a una inversi\u00f3n de 29,000 millones de pesos en el mismo periodo, pero de 2019. En el caso del Fovissste, la inversi\u00f3n present\u00f3 un descenso de 15.5% para ubicarse en 6,400 millones de pesos; cabe destacar que en 2018 el monto alcanzado lleg\u00f3 a los 7,500 millones de pesos.<\/p>\n<p>En el caso de la <strong>banca<\/strong>, la participaci\u00f3n en t\u00e9rminos de n\u00fameros de cr\u00e9dito creci\u00f3 4.4% y en mont\u00f3 registr\u00f3 un aumento de 8.3 por ciento. Esta actividad de la banca, se\u00f1al\u00f3 el\u00a0 banco, se da \u00abpor un efecto base debido a un iniio lento durante el 1T2018, adem\u00e1s de \u00abun incremento en el cr\u00e9dito de productos distintos a la adqusici\u00f3n\u00bb.<\/p>\n<p>&nbsp;<\/p>\n<p style=\"text-align: center;\"><a href=\"https:\/\/centrourbano.com\/revista\/wp-content\/uploads\/Cr\u00e9ditos_1T2019_BBVA.jpg\"><img loading=\"lazy\" decoding=\"async\" class=\"aligncenter size-large wp-image-91757\" src=\"https:\/\/centrourbano.com\/revista\/wp-content\/uploads\/Cr\u00e9ditos_1T2019_BBVA-1024x302.jpg\" alt=\"\" width=\"960\" height=\"283\" srcset=\"https:\/\/centrourbano.com\/revista\/wp-content\/uploads\/Cr\u00e9ditos_1T2019_BBVA-1024x302.jpg 1024w, https:\/\/centrourbano.com\/revista\/wp-content\/uploads\/Cr\u00e9ditos_1T2019_BBVA-300x88.jpg 300w, https:\/\/centrourbano.com\/revista\/wp-content\/uploads\/Cr\u00e9ditos_1T2019_BBVA-768x226.jpg 768w, https:\/\/centrourbano.com\/revista\/wp-content\/uploads\/Cr\u00e9ditos_1T2019_BBVA.jpg 1313w\" sizes=\"auto, (max-width: 960px) 100vw, 960px\" \/><\/a>Fuente: Situaci\u00f3n Inmobiliaria M\u00e9xico 1S2019\/ BBVA<\/p>\n","protected":false},"excerpt":{"rendered":"<p>La colocaci\u00f3n de los organismos p\u00fablicos descendi\u00f3 7.4% en el arranque del a\u00f1o<\/p>\n","protected":false},"author":77,"featured_media":48233,"comment_status":"open","ping_status":"closed","sticky":false,"template":"","format":"standard","meta":{"inline_featured_image":false,"footnotes":""},"categories":[12],"tags":[4592,173,155,1291,100,13721,60],"class_list":["post-91752","post","type-post","status-publish","format-standard","has-post-thumbnail","hentry","category-vivienda","tag-bancos","tag-credito","tag-fovissste","tag-hipotecas","tag-infonavit","tag-mercado-tradicional","tag-vivienda-2"],"yoast_head":"<!-- This site is optimized with the Yoast SEO plugin v28.4 - https:\/\/yoast.com\/product\/yoast-seo-wordpress\/ -->\n<title>Colocaci\u00f3n de cr\u00e9dito a la vivienda baj\u00f3 6.3% en el 1T2019<\/title>\n<meta name=\"description\" content=\"Entre los meses de enero y marzo de 2019, la colocaci\u00f3n de cr\u00e9dito a la vivienda en el mercado tradicional, conformado por los bancos...\" \/>\n<meta name=\"robots\" content=\"index, follow, max-snippet:-1, max-image-preview:large, max-video-preview:-1\" \/>\n<link rel=\"canonical\" href=\"https:\/\/centrourbano.com\/revista\/vivienda\/colocacion-hipotecas-1t2019\/\" \/>\n<meta property=\"og:locale\" content=\"es_ES\" \/>\n<meta property=\"og:type\" content=\"article\" \/>\n<meta property=\"og:title\" content=\"Colocaci\u00f3n de cr\u00e9dito a la vivienda baj\u00f3 6.3% en el 1T2019\" \/>\n<meta property=\"og:description\" content=\"Entre los meses de enero y marzo de 2019, la colocaci\u00f3n de cr\u00e9dito a la vivienda en el mercado tradicional, conformado por los bancos...\" \/>\n<meta property=\"og:url\" content=\"https:\/\/centrourbano.com\/revista\/vivienda\/colocacion-hipotecas-1t2019\/\" \/>\n<meta property=\"og:site_name\" content=\"Centro Urbano\" \/>\n<meta property=\"article:publisher\" content=\"https:\/\/www.facebook.com\/portalcentrourbano\" \/>\n<meta property=\"article:published_time\" content=\"2019-06-13T20:59:31+00:00\" \/>\n<meta property=\"article:modified_time\" content=\"2019-06-13T21:18:10+00:00\" \/>\n<meta property=\"og:image\" content=\"https:\/\/centrourbano.com\/revista\/wp-content\/uploads\/movilidad-hipotecaria.jpg\" \/>\n\t<meta property=\"og:image:width\" content=\"720\" \/>\n\t<meta property=\"og:image:height\" content=\"392\" \/>\n\t<meta property=\"og:image:type\" content=\"image\/jpeg\" \/>\n<meta name=\"author\" content=\"G4A\" \/>\n<meta name=\"twitter:card\" content=\"summary_large_image\" \/>\n<meta name=\"twitter:creator\" content=\"@CentroUrbano\" \/>\n<meta name=\"twitter:site\" content=\"@CentroUrbano\" \/>\n<meta name=\"twitter:label1\" content=\"Escrito por\" \/>\n\t<meta name=\"twitter:data1\" content=\"G4A\" \/>\n\t<meta name=\"twitter:label2\" content=\"Tiempo de lectura\" \/>\n\t<meta name=\"twitter:data2\" content=\"2 minutos\" \/>\n<script type=\"application\/ld+json\" class=\"yoast-schema-graph\">{\"@context\":\"https:\\\/\\\/schema.org\",\"@graph\":[{\"@type\":\"Article\",\"@id\":\"https:\\\/\\\/centrourbano.com\\\/revista\\\/vivienda\\\/colocacion-hipotecas-1t2019\\\/#article\",\"isPartOf\":{\"@id\":\"https:\\\/\\\/centrourbano.com\\\/revista\\\/vivienda\\\/colocacion-hipotecas-1t2019\\\/\"},\"author\":{\"name\":\"G4A\",\"@id\":\"https:\\\/\\\/centrourbano.com\\\/revista\\\/#\\\/schema\\\/person\\\/370fa0ba2d8dd5bde3fdb8b62ad360aa\"},\"headline\":\"Colocaci\u00f3n de hipotecas baj\u00f3 6.3% en el 1T2019\",\"datePublished\":\"2019-06-13T20:59:31+00:00\",\"dateModified\":\"2019-06-13T21:18:10+00:00\",\"mainEntityOfPage\":{\"@id\":\"https:\\\/\\\/centrourbano.com\\\/revista\\\/vivienda\\\/colocacion-hipotecas-1t2019\\\/\"},\"wordCount\":342,\"commentCount\":0,\"publisher\":{\"@id\":\"https:\\\/\\\/centrourbano.com\\\/revista\\\/#organization\"},\"image\":{\"@id\":\"https:\\\/\\\/centrourbano.com\\\/revista\\\/vivienda\\\/colocacion-hipotecas-1t2019\\\/#primaryimage\"},\"thumbnailUrl\":\"https:\\\/\\\/centrourbano.com\\\/revista\\\/wp-content\\\/uploads\\\/movilidad-hipotecaria.jpg\",\"keywords\":[\"bancos\",\"cr\u00e9dito\",\"Fovissste\",\"Hipotecas\",\"Infonavit\",\"Mercado tradicional\",\"vivienda\"],\"articleSection\":[\"Vivienda\"],\"inLanguage\":\"es\"},{\"@type\":\"WebPage\",\"@id\":\"https:\\\/\\\/centrourbano.com\\\/revista\\\/vivienda\\\/colocacion-hipotecas-1t2019\\\/\",\"url\":\"https:\\\/\\\/centrourbano.com\\\/revista\\\/vivienda\\\/colocacion-hipotecas-1t2019\\\/\",\"name\":\"Colocaci\u00f3n de cr\u00e9dito a la vivienda baj\u00f3 6.3% en el 1T2019\",\"isPartOf\":{\"@id\":\"https:\\\/\\\/centrourbano.com\\\/revista\\\/#website\"},\"primaryImageOfPage\":{\"@id\":\"https:\\\/\\\/centrourbano.com\\\/revista\\\/vivienda\\\/colocacion-hipotecas-1t2019\\\/#primaryimage\"},\"image\":{\"@id\":\"https:\\\/\\\/centrourbano.com\\\/revista\\\/vivienda\\\/colocacion-hipotecas-1t2019\\\/#primaryimage\"},\"thumbnailUrl\":\"https:\\\/\\\/centrourbano.com\\\/revista\\\/wp-content\\\/uploads\\\/movilidad-hipotecaria.jpg\",\"datePublished\":\"2019-06-13T20:59:31+00:00\",\"dateModified\":\"2019-06-13T21:18:10+00:00\",\"description\":\"Entre los meses de enero y marzo de 2019, la colocaci\u00f3n de cr\u00e9dito a la vivienda en el mercado tradicional, conformado por los bancos...\",\"breadcrumb\":{\"@id\":\"https:\\\/\\\/centrourbano.com\\\/revista\\\/vivienda\\\/colocacion-hipotecas-1t2019\\\/#breadcrumb\"},\"inLanguage\":\"es\",\"potentialAction\":[{\"@type\":\"ReadAction\",\"target\":[\"https:\\\/\\\/centrourbano.com\\\/revista\\\/vivienda\\\/colocacion-hipotecas-1t2019\\\/\"]}]},{\"@type\":\"ImageObject\",\"inLanguage\":\"es\",\"@id\":\"https:\\\/\\\/centrourbano.com\\\/revista\\\/vivienda\\\/colocacion-hipotecas-1t2019\\\/#primaryimage\",\"url\":\"https:\\\/\\\/centrourbano.com\\\/revista\\\/wp-content\\\/uploads\\\/movilidad-hipotecaria.jpg\",\"contentUrl\":\"https:\\\/\\\/centrourbano.com\\\/revista\\\/wp-content\\\/uploads\\\/movilidad-hipotecaria.jpg\",\"width\":720,\"height\":392,\"caption\":\"Santander, Banamex, Scotiabank, BBVA Bancomer y HSBC son los bancos que tienen mayor n\u00famero de cr\u00e9ditos\"},{\"@type\":\"BreadcrumbList\",\"@id\":\"https:\\\/\\\/centrourbano.com\\\/revista\\\/vivienda\\\/colocacion-hipotecas-1t2019\\\/#breadcrumb\",\"itemListElement\":[{\"@type\":\"ListItem\",\"position\":1,\"name\":\"Portada\",\"item\":\"https:\\\/\\\/centrourbano.com\\\/revista\\\/\"},{\"@type\":\"ListItem\",\"position\":2,\"name\":\"Colocaci\u00f3n de hipotecas baj\u00f3 6.3% en el 1T2019\"}]},{\"@type\":\"WebSite\",\"@id\":\"https:\\\/\\\/centrourbano.com\\\/revista\\\/#website\",\"url\":\"https:\\\/\\\/centrourbano.com\\\/revista\\\/\",\"name\":\"Centro Urbano\",\"description\":\"Medio especializado en los sectores vivienda, inmobiliario, construcci\u00f3n, arquitectura y urbanismo.\",\"publisher\":{\"@id\":\"https:\\\/\\\/centrourbano.com\\\/revista\\\/#organization\"},\"potentialAction\":[{\"@type\":\"SearchAction\",\"target\":{\"@type\":\"EntryPoint\",\"urlTemplate\":\"https:\\\/\\\/centrourbano.com\\\/revista\\\/?s={search_term_string}\"},\"query-input\":{\"@type\":\"PropertyValueSpecification\",\"valueRequired\":true,\"valueName\":\"search_term_string\"}}],\"inLanguage\":\"es\"},{\"@type\":\"Organization\",\"@id\":\"https:\\\/\\\/centrourbano.com\\\/revista\\\/#organization\",\"name\":\"Centro Urbano\",\"url\":\"https:\\\/\\\/centrourbano.com\\\/revista\\\/\",\"logo\":{\"@type\":\"ImageObject\",\"inLanguage\":\"es\",\"@id\":\"https:\\\/\\\/centrourbano.com\\\/revista\\\/#\\\/schema\\\/logo\\\/image\\\/\",\"url\":\"https:\\\/\\\/centrourbano.com\\\/revista\\\/wp-content\\\/uploads\\\/web_CU_logo-1.png\",\"contentUrl\":\"https:\\\/\\\/centrourbano.com\\\/revista\\\/wp-content\\\/uploads\\\/web_CU_logo-1.png\",\"width\":350,\"height\":91,\"caption\":\"Centro Urbano\"},\"image\":{\"@id\":\"https:\\\/\\\/centrourbano.com\\\/revista\\\/#\\\/schema\\\/logo\\\/image\\\/\"},\"sameAs\":[\"https:\\\/\\\/www.facebook.com\\\/portalcentrourbano\",\"https:\\\/\\\/x.com\\\/CentroUrbano\",\"https:\\\/\\\/www.instagram.com\\\/centro_urbano\\\/\",\"https:\\\/\\\/www.linkedin.com\\\/company\\\/centro-urbano\\\/\",\"http:\\\/\\\/www.youtube.com\\\/user\\\/portalcentrourbano\"]},{\"@type\":\"Person\",\"@id\":\"https:\\\/\\\/centrourbano.com\\\/revista\\\/#\\\/schema\\\/person\\\/370fa0ba2d8dd5bde3fdb8b62ad360aa\",\"name\":\"G4A\",\"image\":{\"@type\":\"ImageObject\",\"inLanguage\":\"es\",\"@id\":\"https:\\\/\\\/secure.gravatar.com\\\/avatar\\\/932a97121b13d5de5bbd8193c6c83d3b92c9eda0f39623607d4280e7a5778d97?s=96&d=mm&r=g\",\"url\":\"https:\\\/\\\/secure.gravatar.com\\\/avatar\\\/932a97121b13d5de5bbd8193c6c83d3b92c9eda0f39623607d4280e7a5778d97?s=96&d=mm&r=g\",\"contentUrl\":\"https:\\\/\\\/secure.gravatar.com\\\/avatar\\\/932a97121b13d5de5bbd8193c6c83d3b92c9eda0f39623607d4280e7a5778d97?s=96&d=mm&r=g\",\"caption\":\"G4A\"},\"url\":\"https:\\\/\\\/centrourbano.com\\\/revista\\\/author\\\/admin-g4a\\\/\"}]}<\/script>\n<!-- \/ Yoast SEO plugin. -->","yoast_head_json":{"title":"Colocaci\u00f3n de cr\u00e9dito a la vivienda baj\u00f3 6.3% en el 1T2019","description":"Entre los meses de enero y marzo de 2019, la colocaci\u00f3n de cr\u00e9dito a la vivienda en el mercado tradicional, conformado por los bancos...","robots":{"index":"index","follow":"follow","max-snippet":"max-snippet:-1","max-image-preview":"max-image-preview:large","max-video-preview":"max-video-preview:-1"},"canonical":"https:\/\/centrourbano.com\/revista\/vivienda\/colocacion-hipotecas-1t2019\/","og_locale":"es_ES","og_type":"article","og_title":"Colocaci\u00f3n de cr\u00e9dito a la vivienda baj\u00f3 6.3% en el 1T2019","og_description":"Entre los meses de enero y marzo de 2019, la colocaci\u00f3n de cr\u00e9dito a la vivienda en el mercado tradicional, conformado por los bancos...","og_url":"https:\/\/centrourbano.com\/revista\/vivienda\/colocacion-hipotecas-1t2019\/","og_site_name":"Centro Urbano","article_publisher":"https:\/\/www.facebook.com\/portalcentrourbano","article_published_time":"2019-06-13T20:59:31+00:00","article_modified_time":"2019-06-13T21:18:10+00:00","og_image":[{"width":720,"height":392,"url":"https:\/\/centrourbano.com\/revista\/wp-content\/uploads\/movilidad-hipotecaria.jpg","type":"image\/jpeg"}],"author":"G4A","twitter_card":"summary_large_image","twitter_creator":"@CentroUrbano","twitter_site":"@CentroUrbano","twitter_misc":{"Escrito por":"G4A","Tiempo de lectura":"2 minutos"},"schema":{"@context":"https:\/\/schema.org","@graph":[{"@type":"Article","@id":"https:\/\/centrourbano.com\/revista\/vivienda\/colocacion-hipotecas-1t2019\/#article","isPartOf":{"@id":"https:\/\/centrourbano.com\/revista\/vivienda\/colocacion-hipotecas-1t2019\/"},"author":{"name":"G4A","@id":"https:\/\/centrourbano.com\/revista\/#\/schema\/person\/370fa0ba2d8dd5bde3fdb8b62ad360aa"},"headline":"Colocaci\u00f3n de hipotecas baj\u00f3 6.3% en el 1T2019","datePublished":"2019-06-13T20:59:31+00:00","dateModified":"2019-06-13T21:18:10+00:00","mainEntityOfPage":{"@id":"https:\/\/centrourbano.com\/revista\/vivienda\/colocacion-hipotecas-1t2019\/"},"wordCount":342,"commentCount":0,"publisher":{"@id":"https:\/\/centrourbano.com\/revista\/#organization"},"image":{"@id":"https:\/\/centrourbano.com\/revista\/vivienda\/colocacion-hipotecas-1t2019\/#primaryimage"},"thumbnailUrl":"https:\/\/centrourbano.com\/revista\/wp-content\/uploads\/movilidad-hipotecaria.jpg","keywords":["bancos","cr\u00e9dito","Fovissste","Hipotecas","Infonavit","Mercado tradicional","vivienda"],"articleSection":["Vivienda"],"inLanguage":"es"},{"@type":"WebPage","@id":"https:\/\/centrourbano.com\/revista\/vivienda\/colocacion-hipotecas-1t2019\/","url":"https:\/\/centrourbano.com\/revista\/vivienda\/colocacion-hipotecas-1t2019\/","name":"Colocaci\u00f3n de cr\u00e9dito a la vivienda baj\u00f3 6.3% en el 1T2019","isPartOf":{"@id":"https:\/\/centrourbano.com\/revista\/#website"},"primaryImageOfPage":{"@id":"https:\/\/centrourbano.com\/revista\/vivienda\/colocacion-hipotecas-1t2019\/#primaryimage"},"image":{"@id":"https:\/\/centrourbano.com\/revista\/vivienda\/colocacion-hipotecas-1t2019\/#primaryimage"},"thumbnailUrl":"https:\/\/centrourbano.com\/revista\/wp-content\/uploads\/movilidad-hipotecaria.jpg","datePublished":"2019-06-13T20:59:31+00:00","dateModified":"2019-06-13T21:18:10+00:00","description":"Entre los meses de enero y marzo de 2019, la colocaci\u00f3n de cr\u00e9dito a la vivienda en el mercado tradicional, conformado por los bancos...","breadcrumb":{"@id":"https:\/\/centrourbano.com\/revista\/vivienda\/colocacion-hipotecas-1t2019\/#breadcrumb"},"inLanguage":"es","potentialAction":[{"@type":"ReadAction","target":["https:\/\/centrourbano.com\/revista\/vivienda\/colocacion-hipotecas-1t2019\/"]}]},{"@type":"ImageObject","inLanguage":"es","@id":"https:\/\/centrourbano.com\/revista\/vivienda\/colocacion-hipotecas-1t2019\/#primaryimage","url":"https:\/\/centrourbano.com\/revista\/wp-content\/uploads\/movilidad-hipotecaria.jpg","contentUrl":"https:\/\/centrourbano.com\/revista\/wp-content\/uploads\/movilidad-hipotecaria.jpg","width":720,"height":392,"caption":"Santander, Banamex, Scotiabank, BBVA Bancomer y HSBC son los bancos que tienen mayor n\u00famero de cr\u00e9ditos"},{"@type":"BreadcrumbList","@id":"https:\/\/centrourbano.com\/revista\/vivienda\/colocacion-hipotecas-1t2019\/#breadcrumb","itemListElement":[{"@type":"ListItem","position":1,"name":"Portada","item":"https:\/\/centrourbano.com\/revista\/"},{"@type":"ListItem","position":2,"name":"Colocaci\u00f3n de hipotecas baj\u00f3 6.3% en el 1T2019"}]},{"@type":"WebSite","@id":"https:\/\/centrourbano.com\/revista\/#website","url":"https:\/\/centrourbano.com\/revista\/","name":"Centro Urbano","description":"Medio especializado en los sectores vivienda, inmobiliario, construcci\u00f3n, arquitectura y urbanismo.","publisher":{"@id":"https:\/\/centrourbano.com\/revista\/#organization"},"potentialAction":[{"@type":"SearchAction","target":{"@type":"EntryPoint","urlTemplate":"https:\/\/centrourbano.com\/revista\/?s={search_term_string}"},"query-input":{"@type":"PropertyValueSpecification","valueRequired":true,"valueName":"search_term_string"}}],"inLanguage":"es"},{"@type":"Organization","@id":"https:\/\/centrourbano.com\/revista\/#organization","name":"Centro Urbano","url":"https:\/\/centrourbano.com\/revista\/","logo":{"@type":"ImageObject","inLanguage":"es","@id":"https:\/\/centrourbano.com\/revista\/#\/schema\/logo\/image\/","url":"https:\/\/centrourbano.com\/revista\/wp-content\/uploads\/web_CU_logo-1.png","contentUrl":"https:\/\/centrourbano.com\/revista\/wp-content\/uploads\/web_CU_logo-1.png","width":350,"height":91,"caption":"Centro Urbano"},"image":{"@id":"https:\/\/centrourbano.com\/revista\/#\/schema\/logo\/image\/"},"sameAs":["https:\/\/www.facebook.com\/portalcentrourbano","https:\/\/x.com\/CentroUrbano","https:\/\/www.instagram.com\/centro_urbano\/","https:\/\/www.linkedin.com\/company\/centro-urbano\/","http:\/\/www.youtube.com\/user\/portalcentrourbano"]},{"@type":"Person","@id":"https:\/\/centrourbano.com\/revista\/#\/schema\/person\/370fa0ba2d8dd5bde3fdb8b62ad360aa","name":"G4A","image":{"@type":"ImageObject","inLanguage":"es","@id":"https:\/\/secure.gravatar.com\/avatar\/932a97121b13d5de5bbd8193c6c83d3b92c9eda0f39623607d4280e7a5778d97?s=96&d=mm&r=g","url":"https:\/\/secure.gravatar.com\/avatar\/932a97121b13d5de5bbd8193c6c83d3b92c9eda0f39623607d4280e7a5778d97?s=96&d=mm&r=g","contentUrl":"https:\/\/secure.gravatar.com\/avatar\/932a97121b13d5de5bbd8193c6c83d3b92c9eda0f39623607d4280e7a5778d97?s=96&d=mm&r=g","caption":"G4A"},"url":"https:\/\/centrourbano.com\/revista\/author\/admin-g4a\/"}]}},"_links":{"self":[{"href":"https:\/\/centrourbano.com\/revista\/wp-json\/wp\/v2\/posts\/91752","targetHints":{"allow":["GET"]}}],"collection":[{"href":"https:\/\/centrourbano.com\/revista\/wp-json\/wp\/v2\/posts"}],"about":[{"href":"https:\/\/centrourbano.com\/revista\/wp-json\/wp\/v2\/types\/post"}],"author":[{"embeddable":true,"href":"https:\/\/centrourbano.com\/revista\/wp-json\/wp\/v2\/users\/77"}],"replies":[{"embeddable":true,"href":"https:\/\/centrourbano.com\/revista\/wp-json\/wp\/v2\/comments?post=91752"}],"version-history":[{"count":5,"href":"https:\/\/centrourbano.com\/revista\/wp-json\/wp\/v2\/posts\/91752\/revisions"}],"predecessor-version":[{"id":91762,"href":"https:\/\/centrourbano.com\/revista\/wp-json\/wp\/v2\/posts\/91752\/revisions\/91762"}],"wp:featuredmedia":[{"embeddable":true,"href":"https:\/\/centrourbano.com\/revista\/wp-json\/wp\/v2\/media\/48233"}],"wp:attachment":[{"href":"https:\/\/centrourbano.com\/revista\/wp-json\/wp\/v2\/media?parent=91752"}],"wp:term":[{"taxonomy":"category","embeddable":true,"href":"https:\/\/centrourbano.com\/revista\/wp-json\/wp\/v2\/categories?post=91752"},{"taxonomy":"post_tag","embeddable":true,"href":"https:\/\/centrourbano.com\/revista\/wp-json\/wp\/v2\/tags?post=91752"}],"curies":[{"name":"wp","href":"https:\/\/api.w.org\/{rel}","templated":true}]}}