{"id":9174,"date":"2014-07-31T09:02:32","date_gmt":"2014-07-31T14:02:32","guid":{"rendered":"http:\/\/centrourbano.com\/?p=9174"},"modified":"2014-07-30T17:50:01","modified_gmt":"2014-07-30T22:50:01","slug":"city-express-se-une-a-la-conservacion-del-aguila","status":"publish","type":"post","link":"https:\/\/centrourbano.com\/revista\/inmobiliario\/city-express-se-une-a-la-conservacion-del-aguila\/","title":{"rendered":"City Express se une a la conservaci\u00f3n del \u00e1guila"},"content":{"rendered":"<p>&nbsp;<\/p>\n<p><em>La empresa hotelera firm\u00f3 un convenio con el Fondo Mexicano para la Conservaci\u00f3n de la Naturaleza<\/em><!--more--><\/p>\n<p>Este mi\u00e9rcoles, en conferencia de prensa la cadena hotelera City Express firm\u00f3 un convenio para la conservaci\u00f3n del \u00e1guila real, con el Fondo Mexicano para la Conservaci\u00f3n de la Naturaleza A. C. (FMCN), en el cual se compromete con\u00a0 la campa\u00f1a Rescatemos juntos el s\u00edmbolo de M\u00e9xico.<\/p>\n<p>En el convenio se estipula que los m\u00e1s de 86 hoteles de la cadena en M\u00e9xico, Costa Rica y Colombia, donar\u00e1n un peso por cada cierre de cuenta que los hu\u00e9spedes realicen entre el 1 de mayo de 2014 y el 1 de mayo de 2016. Este monto ser\u00e1 triplicado con las aportaciones de City Express\u00a0 y el FMCN, que se esperan llegue a tres millones de pesos.<\/p>\n<p>El proyecto de recuperaci\u00f3n de las poblaciones de \u00e1guila real y su h\u00e1bitat en M\u00e9xico seguir\u00e1 cuatro l\u00edneas\u00a0 de estrategia: monitoreo de la especie, acciones de conservaci\u00f3n en cinco zonas geogr\u00e1ficas prioritarias, sostenibilidad financiera y comunicaci\u00f3n, as\u00ed como la sensibilizaci\u00f3n.<\/p>\n<p>Actualmente s\u00f3lo se reportan alrededor de 100 parejas en el territorio nacional. Los avistamientos se han dado en 17 estados de la Rep\u00fablica Mexicana, principalmente en Chihuahua y Coahuila y Baja California. Estudios muestran que el 57% de los nidos se encuentran en propiedad ejidal, 37% en terrenos de propiedad privada y el 6% en otro tipo de propiedad.<\/p>\n<p>\u00abEn Hoteles City Express nuestro compromiso con el medio ambiente es total, adem\u00e1s de llevar un programa de sustentabilidad en la construcci\u00f3n de nuestros hoteles tambi\u00e9n nos enfocamos en apoyar la biodiversidad en M\u00e9xico. Esta acci\u00f3n la realizamos sin ning\u00fan fin econ\u00f3mico, es s\u00f3lo para contribuir con la naturaleza\u201d, coment\u00f3 Luis Barrios, director general de Hoteles City Express.<\/p>\n<p>Lorenzo J. de Rosenzweig, director ejecutivo de FMCN, se\u00f1al\u00f3: \u201cSon pocas las empresas que act\u00faan de acuerdo a sus ideales y el grupo Hoteles City Express, claramente pone en pr\u00e1ctica su compromiso con el medio ambiente\u201d.<\/p>\n<p>&nbsp;<\/p>\n","protected":false},"excerpt":{"rendered":"<p>&nbsp; La empresa hotelera firm\u00f3 un convenio con el Fondo Mexicano para la Conservaci\u00f3n de la Naturaleza<\/p>\n","protected":false},"author":1,"featured_media":0,"comment_status":"open","ping_status":"closed","sticky":false,"template":"","format":"standard","meta":{"om_disable_all_campaigns":false,"inline_featured_image":false,"_monsterinsights_skip_tracking":false,"_monsterinsights_sitenote_active":false,"_monsterinsights_sitenote_note":"","_monsterinsights_sitenote_category":0,"footnotes":""},"categories":[15],"tags":[2283,425,2284,2282,2285,40,1762,334],"class_list":["post-9174","post","type-post","status-publish","format-standard","hentry","category-inmobiliario","tag-aguila-real","tag-city-express","tag-conservacion","tag-fmcn","tag-hotelera","tag-hoteles","tag-luis-barrios","tag-mexico"],"yoast_head":"<!-- This site is optimized with the Yoast SEO plugin v27.5 - https:\/\/yoast.com\/product\/yoast-seo-wordpress\/ -->\n<title>City Express se une a la conservaci\u00f3n del \u00e1guila -<\/title>\n<meta name=\"description\" content=\"&nbsp; La empresa hotelera firm\u00f3 un convenio con el Fondo Mexicano para la Conservaci\u00f3n de la Naturaleza Este mi\u00e9rcoles, en conferencia de prensa la\" \/>\n<meta name=\"robots\" content=\"index, follow, max-snippet:-1, max-image-preview:large, max-video-preview:-1\" \/>\n<link rel=\"canonical\" href=\"https:\/\/centrourbano.com\/revista\/inmobiliario\/city-express-se-une-a-la-conservacion-del-aguila\/\" \/>\n<meta property=\"og:locale\" content=\"es_ES\" \/>\n<meta property=\"og:type\" content=\"article\" \/>\n<meta property=\"og:title\" content=\"City Express se une a la conservaci\u00f3n del \u00e1guila -\" \/>\n<meta property=\"og:description\" content=\"&nbsp; La empresa hotelera firm\u00f3 un convenio con el Fondo Mexicano para la Conservaci\u00f3n de la Naturaleza Este mi\u00e9rcoles, en conferencia de prensa la\" \/>\n<meta property=\"og:url\" content=\"https:\/\/centrourbano.com\/revista\/inmobiliario\/city-express-se-une-a-la-conservacion-del-aguila\/\" \/>\n<meta property=\"og:site_name\" content=\"Centro Urbano\" \/>\n<meta property=\"article:publisher\" content=\"https:\/\/www.facebook.com\/portalcentrourbano\" \/>\n<meta property=\"article:published_time\" content=\"2014-07-31T14:02:32+00:00\" \/>\n<meta property=\"og:image\" content=\"https:\/\/centrourbano.com\/revista\/wp-content\/uploads\/CU-logo.png\" \/>\n\t<meta property=\"og:image:width\" content=\"350\" \/>\n\t<meta property=\"og:image:height\" content=\"91\" \/>\n\t<meta property=\"og:image:type\" content=\"image\/png\" \/>\n<meta name=\"author\" content=\"BlogCU 2022\" \/>\n<meta name=\"twitter:card\" content=\"summary_large_image\" \/>\n<meta name=\"twitter:creator\" content=\"@CentroUrbano\" \/>\n<meta name=\"twitter:site\" content=\"@CentroUrbano\" \/>\n<meta name=\"twitter:label1\" content=\"Escrito por\" \/>\n\t<meta name=\"twitter:data1\" content=\"BlogCU 2022\" \/>\n\t<meta name=\"twitter:label2\" content=\"Tiempo de lectura\" \/>\n\t<meta name=\"twitter:data2\" content=\"2 minutos\" \/>\n<script type=\"application\/ld+json\" class=\"yoast-schema-graph\">{\"@context\":\"https:\\\/\\\/schema.org\",\"@graph\":[{\"@type\":\"Article\",\"@id\":\"https:\\\/\\\/centrourbano.com\\\/revista\\\/inmobiliario\\\/city-express-se-une-a-la-conservacion-del-aguila\\\/#article\",\"isPartOf\":{\"@id\":\"https:\\\/\\\/centrourbano.com\\\/revista\\\/inmobiliario\\\/city-express-se-une-a-la-conservacion-del-aguila\\\/\"},\"author\":{\"name\":\"BlogCU 2022\",\"@id\":\"https:\\\/\\\/centrourbano.com\\\/revista\\\/#\\\/schema\\\/person\\\/fe5429a2f790d21ed026561f3309426b\"},\"headline\":\"City Express se une a la conservaci\u00f3n del \u00e1guila\",\"datePublished\":\"2014-07-31T14:02:32+00:00\",\"mainEntityOfPage\":{\"@id\":\"https:\\\/\\\/centrourbano.com\\\/revista\\\/inmobiliario\\\/city-express-se-une-a-la-conservacion-del-aguila\\\/\"},\"wordCount\":358,\"commentCount\":0,\"publisher\":{\"@id\":\"https:\\\/\\\/centrourbano.com\\\/revista\\\/#organization\"},\"keywords\":[\"\u00c1guila Real\",\"City Express\",\"Conservaci\u00f3n\",\"FMCN\",\"Hotelera\",\"hoteles\",\"Luis Barrios\",\"M\u00e9xico\"],\"articleSection\":[\"Inmobiliario\"],\"inLanguage\":\"es\",\"potentialAction\":[{\"@type\":\"CommentAction\",\"name\":\"Comment\",\"target\":[\"https:\\\/\\\/centrourbano.com\\\/revista\\\/inmobiliario\\\/city-express-se-une-a-la-conservacion-del-aguila\\\/#respond\"]}]},{\"@type\":\"WebPage\",\"@id\":\"https:\\\/\\\/centrourbano.com\\\/revista\\\/inmobiliario\\\/city-express-se-une-a-la-conservacion-del-aguila\\\/\",\"url\":\"https:\\\/\\\/centrourbano.com\\\/revista\\\/inmobiliario\\\/city-express-se-une-a-la-conservacion-del-aguila\\\/\",\"name\":\"City Express se une a la conservaci\u00f3n del \u00e1guila -\",\"isPartOf\":{\"@id\":\"https:\\\/\\\/centrourbano.com\\\/revista\\\/#website\"},\"datePublished\":\"2014-07-31T14:02:32+00:00\",\"description\":\"&nbsp; La empresa hotelera firm\u00f3 un convenio con el Fondo Mexicano para la Conservaci\u00f3n de la Naturaleza Este mi\u00e9rcoles, en conferencia de prensa la\",\"breadcrumb\":{\"@id\":\"https:\\\/\\\/centrourbano.com\\\/revista\\\/inmobiliario\\\/city-express-se-une-a-la-conservacion-del-aguila\\\/#breadcrumb\"},\"inLanguage\":\"es\",\"potentialAction\":[{\"@type\":\"ReadAction\",\"target\":[\"https:\\\/\\\/centrourbano.com\\\/revista\\\/inmobiliario\\\/city-express-se-une-a-la-conservacion-del-aguila\\\/\"]}]},{\"@type\":\"BreadcrumbList\",\"@id\":\"https:\\\/\\\/centrourbano.com\\\/revista\\\/inmobiliario\\\/city-express-se-une-a-la-conservacion-del-aguila\\\/#breadcrumb\",\"itemListElement\":[{\"@type\":\"ListItem\",\"position\":1,\"name\":\"Portada\",\"item\":\"https:\\\/\\\/centrourbano.com\\\/revista\\\/\"},{\"@type\":\"ListItem\",\"position\":2,\"name\":\"City Express se une a la conservaci\u00f3n del \u00e1guila\"}]},{\"@type\":\"WebSite\",\"@id\":\"https:\\\/\\\/centrourbano.com\\\/revista\\\/#website\",\"url\":\"https:\\\/\\\/centrourbano.com\\\/revista\\\/\",\"name\":\"Centro Urbano\",\"description\":\"Medio especializado en los sectores vivienda, inmobiliario, construcci\u00f3n, arquitectura y urbanismo.\",\"publisher\":{\"@id\":\"https:\\\/\\\/centrourbano.com\\\/revista\\\/#organization\"},\"potentialAction\":[{\"@type\":\"SearchAction\",\"target\":{\"@type\":\"EntryPoint\",\"urlTemplate\":\"https:\\\/\\\/centrourbano.com\\\/revista\\\/?s={search_term_string}\"},\"query-input\":{\"@type\":\"PropertyValueSpecification\",\"valueRequired\":true,\"valueName\":\"search_term_string\"}}],\"inLanguage\":\"es\"},{\"@type\":\"Organization\",\"@id\":\"https:\\\/\\\/centrourbano.com\\\/revista\\\/#organization\",\"name\":\"Centro Urbano\",\"url\":\"https:\\\/\\\/centrourbano.com\\\/revista\\\/\",\"logo\":{\"@type\":\"ImageObject\",\"inLanguage\":\"es\",\"@id\":\"https:\\\/\\\/centrourbano.com\\\/revista\\\/#\\\/schema\\\/logo\\\/image\\\/\",\"url\":\"https:\\\/\\\/centrourbano.com\\\/revista\\\/wp-content\\\/uploads\\\/web_CU_logo-1.png\",\"contentUrl\":\"https:\\\/\\\/centrourbano.com\\\/revista\\\/wp-content\\\/uploads\\\/web_CU_logo-1.png\",\"width\":350,\"height\":91,\"caption\":\"Centro Urbano\"},\"image\":{\"@id\":\"https:\\\/\\\/centrourbano.com\\\/revista\\\/#\\\/schema\\\/logo\\\/image\\\/\"},\"sameAs\":[\"https:\\\/\\\/www.facebook.com\\\/portalcentrourbano\",\"https:\\\/\\\/x.com\\\/CentroUrbano\",\"https:\\\/\\\/www.instagram.com\\\/centro_urbano\\\/\",\"https:\\\/\\\/www.linkedin.com\\\/company\\\/centro-urbano\\\/\",\"http:\\\/\\\/www.youtube.com\\\/user\\\/portalcentrourbano\"]},{\"@type\":\"Person\",\"@id\":\"https:\\\/\\\/centrourbano.com\\\/revista\\\/#\\\/schema\\\/person\\\/fe5429a2f790d21ed026561f3309426b\",\"name\":\"BlogCU 2022\",\"image\":{\"@type\":\"ImageObject\",\"inLanguage\":\"es\",\"@id\":\"https:\\\/\\\/secure.gravatar.com\\\/avatar\\\/5ec2975f6d4b1643c723f08ef135c488131c64cba4524740d438f2e04dbeacdc?s=96&d=mm&r=g\",\"url\":\"https:\\\/\\\/secure.gravatar.com\\\/avatar\\\/5ec2975f6d4b1643c723f08ef135c488131c64cba4524740d438f2e04dbeacdc?s=96&d=mm&r=g\",\"contentUrl\":\"https:\\\/\\\/secure.gravatar.com\\\/avatar\\\/5ec2975f6d4b1643c723f08ef135c488131c64cba4524740d438f2e04dbeacdc?s=96&d=mm&r=g\",\"caption\":\"BlogCU 2022\"},\"url\":\"https:\\\/\\\/centrourbano.com\\\/revista\\\/author\\\/BlogCU 2022\\\/\"}]}<\/script>\n<!-- \/ Yoast SEO plugin. -->","yoast_head_json":{"title":"City Express se une a la conservaci\u00f3n del \u00e1guila -","description":"&nbsp; La empresa hotelera firm\u00f3 un convenio con el Fondo Mexicano para la Conservaci\u00f3n de la Naturaleza Este mi\u00e9rcoles, en conferencia de prensa la","robots":{"index":"index","follow":"follow","max-snippet":"max-snippet:-1","max-image-preview":"max-image-preview:large","max-video-preview":"max-video-preview:-1"},"canonical":"https:\/\/centrourbano.com\/revista\/inmobiliario\/city-express-se-une-a-la-conservacion-del-aguila\/","og_locale":"es_ES","og_type":"article","og_title":"City Express se une a la conservaci\u00f3n del \u00e1guila -","og_description":"&nbsp; La empresa hotelera firm\u00f3 un convenio con el Fondo Mexicano para la Conservaci\u00f3n de la Naturaleza Este mi\u00e9rcoles, en conferencia de prensa la","og_url":"https:\/\/centrourbano.com\/revista\/inmobiliario\/city-express-se-une-a-la-conservacion-del-aguila\/","og_site_name":"Centro Urbano","article_publisher":"https:\/\/www.facebook.com\/portalcentrourbano","article_published_time":"2014-07-31T14:02:32+00:00","og_image":[{"width":350,"height":91,"url":"https:\/\/centrourbano.com\/revista\/wp-content\/uploads\/CU-logo.png","type":"image\/png"}],"author":"BlogCU 2022","twitter_card":"summary_large_image","twitter_creator":"@CentroUrbano","twitter_site":"@CentroUrbano","twitter_misc":{"Escrito por":"BlogCU 2022","Tiempo de lectura":"2 minutos"},"schema":{"@context":"https:\/\/schema.org","@graph":[{"@type":"Article","@id":"https:\/\/centrourbano.com\/revista\/inmobiliario\/city-express-se-une-a-la-conservacion-del-aguila\/#article","isPartOf":{"@id":"https:\/\/centrourbano.com\/revista\/inmobiliario\/city-express-se-une-a-la-conservacion-del-aguila\/"},"author":{"name":"BlogCU 2022","@id":"https:\/\/centrourbano.com\/revista\/#\/schema\/person\/fe5429a2f790d21ed026561f3309426b"},"headline":"City Express se une a la conservaci\u00f3n del \u00e1guila","datePublished":"2014-07-31T14:02:32+00:00","mainEntityOfPage":{"@id":"https:\/\/centrourbano.com\/revista\/inmobiliario\/city-express-se-une-a-la-conservacion-del-aguila\/"},"wordCount":358,"commentCount":0,"publisher":{"@id":"https:\/\/centrourbano.com\/revista\/#organization"},"keywords":["\u00c1guila Real","City Express","Conservaci\u00f3n","FMCN","Hotelera","hoteles","Luis Barrios","M\u00e9xico"],"articleSection":["Inmobiliario"],"inLanguage":"es","potentialAction":[{"@type":"CommentAction","name":"Comment","target":["https:\/\/centrourbano.com\/revista\/inmobiliario\/city-express-se-une-a-la-conservacion-del-aguila\/#respond"]}]},{"@type":"WebPage","@id":"https:\/\/centrourbano.com\/revista\/inmobiliario\/city-express-se-une-a-la-conservacion-del-aguila\/","url":"https:\/\/centrourbano.com\/revista\/inmobiliario\/city-express-se-une-a-la-conservacion-del-aguila\/","name":"City Express se une a la conservaci\u00f3n del \u00e1guila -","isPartOf":{"@id":"https:\/\/centrourbano.com\/revista\/#website"},"datePublished":"2014-07-31T14:02:32+00:00","description":"&nbsp; La empresa hotelera firm\u00f3 un convenio con el Fondo Mexicano para la Conservaci\u00f3n de la Naturaleza Este mi\u00e9rcoles, en conferencia de prensa la","breadcrumb":{"@id":"https:\/\/centrourbano.com\/revista\/inmobiliario\/city-express-se-une-a-la-conservacion-del-aguila\/#breadcrumb"},"inLanguage":"es","potentialAction":[{"@type":"ReadAction","target":["https:\/\/centrourbano.com\/revista\/inmobiliario\/city-express-se-une-a-la-conservacion-del-aguila\/"]}]},{"@type":"BreadcrumbList","@id":"https:\/\/centrourbano.com\/revista\/inmobiliario\/city-express-se-une-a-la-conservacion-del-aguila\/#breadcrumb","itemListElement":[{"@type":"ListItem","position":1,"name":"Portada","item":"https:\/\/centrourbano.com\/revista\/"},{"@type":"ListItem","position":2,"name":"City Express se une a la conservaci\u00f3n del \u00e1guila"}]},{"@type":"WebSite","@id":"https:\/\/centrourbano.com\/revista\/#website","url":"https:\/\/centrourbano.com\/revista\/","name":"Centro Urbano","description":"Medio especializado en los sectores vivienda, inmobiliario, construcci\u00f3n, arquitectura y urbanismo.","publisher":{"@id":"https:\/\/centrourbano.com\/revista\/#organization"},"potentialAction":[{"@type":"SearchAction","target":{"@type":"EntryPoint","urlTemplate":"https:\/\/centrourbano.com\/revista\/?s={search_term_string}"},"query-input":{"@type":"PropertyValueSpecification","valueRequired":true,"valueName":"search_term_string"}}],"inLanguage":"es"},{"@type":"Organization","@id":"https:\/\/centrourbano.com\/revista\/#organization","name":"Centro Urbano","url":"https:\/\/centrourbano.com\/revista\/","logo":{"@type":"ImageObject","inLanguage":"es","@id":"https:\/\/centrourbano.com\/revista\/#\/schema\/logo\/image\/","url":"https:\/\/centrourbano.com\/revista\/wp-content\/uploads\/web_CU_logo-1.png","contentUrl":"https:\/\/centrourbano.com\/revista\/wp-content\/uploads\/web_CU_logo-1.png","width":350,"height":91,"caption":"Centro Urbano"},"image":{"@id":"https:\/\/centrourbano.com\/revista\/#\/schema\/logo\/image\/"},"sameAs":["https:\/\/www.facebook.com\/portalcentrourbano","https:\/\/x.com\/CentroUrbano","https:\/\/www.instagram.com\/centro_urbano\/","https:\/\/www.linkedin.com\/company\/centro-urbano\/","http:\/\/www.youtube.com\/user\/portalcentrourbano"]},{"@type":"Person","@id":"https:\/\/centrourbano.com\/revista\/#\/schema\/person\/fe5429a2f790d21ed026561f3309426b","name":"BlogCU 2022","image":{"@type":"ImageObject","inLanguage":"es","@id":"https:\/\/secure.gravatar.com\/avatar\/5ec2975f6d4b1643c723f08ef135c488131c64cba4524740d438f2e04dbeacdc?s=96&d=mm&r=g","url":"https:\/\/secure.gravatar.com\/avatar\/5ec2975f6d4b1643c723f08ef135c488131c64cba4524740d438f2e04dbeacdc?s=96&d=mm&r=g","contentUrl":"https:\/\/secure.gravatar.com\/avatar\/5ec2975f6d4b1643c723f08ef135c488131c64cba4524740d438f2e04dbeacdc?s=96&d=mm&r=g","caption":"BlogCU 2022"},"url":"https:\/\/centrourbano.com\/revista\/author\/BlogCU 2022\/"}]}},"_links":{"self":[{"href":"https:\/\/centrourbano.com\/revista\/wp-json\/wp\/v2\/posts\/9174","targetHints":{"allow":["GET"]}}],"collection":[{"href":"https:\/\/centrourbano.com\/revista\/wp-json\/wp\/v2\/posts"}],"about":[{"href":"https:\/\/centrourbano.com\/revista\/wp-json\/wp\/v2\/types\/post"}],"author":[{"embeddable":true,"href":"https:\/\/centrourbano.com\/revista\/wp-json\/wp\/v2\/users\/1"}],"replies":[{"embeddable":true,"href":"https:\/\/centrourbano.com\/revista\/wp-json\/wp\/v2\/comments?post=9174"}],"version-history":[{"count":0,"href":"https:\/\/centrourbano.com\/revista\/wp-json\/wp\/v2\/posts\/9174\/revisions"}],"wp:attachment":[{"href":"https:\/\/centrourbano.com\/revista\/wp-json\/wp\/v2\/media?parent=9174"}],"wp:term":[{"taxonomy":"category","embeddable":true,"href":"https:\/\/centrourbano.com\/revista\/wp-json\/wp\/v2\/categories?post=9174"},{"taxonomy":"post_tag","embeddable":true,"href":"https:\/\/centrourbano.com\/revista\/wp-json\/wp\/v2\/tags?post=9174"}],"curies":[{"name":"wp","href":"https:\/\/api.w.org\/{rel}","templated":true}]}}