{"id":91539,"date":"2019-06-12T08:05:10","date_gmt":"2019-06-12T13:05:10","guid":{"rendered":"https:\/\/centrourbano.com\/?p=91539"},"modified":"2019-06-12T09:06:06","modified_gmt":"2019-06-12T14:06:06","slug":"cfe-inpi-convenio-colaboracion-indigenas","status":"publish","type":"post","link":"https:\/\/centrourbano.com\/revista\/construccion\/cfe-inpi-convenio-colaboracion-indigenas\/","title":{"rendered":"Firman CFE e INPI convenio de colaboraci\u00f3n en comunidades ind\u00edgenas"},"content":{"rendered":"<p><em>El convenio de colaboraci\u00f3n firmado por ambos institutos permitir\u00e1 la participaci\u00f3n del INPI en el rescate de la industria el\u00e9ctrica nacional<\/em><!--more--><\/p>\n<p>La\u00a0<strong>Comisi\u00f3n Federal de Electricidad<\/strong> (CFE)\u00a0y el <strong>Instituto Nacional de los Pueblos Ind\u00edgenas<\/strong> (INPI) celebraron la firma del <strong>convenio de colaboraci\u00f3n<\/strong> para electrificar a <strong>comunidades ind\u00edgenas<\/strong> en diversos estados de la rep\u00fablica mexicana.<\/p>\n<p>El convenio compromete a ambos organismos a participar en el <strong>desarrollo y construcci\u00f3n de obras e instalaciones<\/strong> en materia energ\u00e9tica que beneficien la <strong>econom\u00eda<\/strong>, as\u00ed como las <strong>condiciones de vida<\/strong>, de los pueblos y comunidades ind\u00edgenas .<\/p>\n<p>\u201cComo Instituto nos sumamos a su tarea para trabajar en las comunidades ind\u00edgenas con obras de electrificaci\u00f3n conjunta y la asignaci\u00f3n de recursos para este fin\u201d, se\u00f1al\u00f3 <strong>Adelfo Regino Montes<\/strong>, director general del INPI.<\/p>\n<p>Regino Montes acord\u00f3 presentar programas de electrificaci\u00f3n que est\u00e9n dentro de las bases del <strong>Plan de Infraestructura Ind\u00edgena<\/strong> para garantizar que m\u00e1s las comunidades m\u00e1s alejadas de las ciudades cuenten de manera continua con energ\u00eda el\u00e9ctrica.<\/p>\n<p>Por otro lado, <strong>Manuel Bartlett D\u00edaz<\/strong>, director general de la CFE, afirm\u00f3 que se atender\u00e1n de inmediato a las poblaciones ind\u00edgenas con el fin de\u00a0recuperar la capacidad de generaci\u00f3n y poder llegar a m\u00e1s rincones del pa\u00eds en beneficio de los pueblos originarios.<\/p>\n<p>Ambos directores acordaron que esta iniciativa representa un esfuerzo para <strong>rescatar a la industria el\u00e9ctrica<\/strong> de M\u00e9xico y mejorar la calidad de vida de la poblaci\u00f3n.<\/p>\n<p>&nbsp;<\/p>\n","protected":false},"excerpt":{"rendered":"<p>El convenio de colaboraci\u00f3n firmado por ambos institutos permitir\u00e1 la participaci\u00f3n del INPI en el rescate de la industria el\u00e9ctrica nacional<\/p>\n","protected":false},"author":72,"featured_media":91541,"comment_status":"open","ping_status":"closed","sticky":false,"template":"","format":"standard","meta":{"om_disable_all_campaigns":false,"inline_featured_image":false,"_monsterinsights_skip_tracking":false,"_monsterinsights_sitenote_active":false,"_monsterinsights_sitenote_note":"","_monsterinsights_sitenote_category":0,"footnotes":""},"categories":[14],"tags":[612,2456,22,2574,15801],"class_list":["post-91539","post","type-post","status-publish","format-standard","has-post-thumbnail","hentry","category-construccion","tag-cfe","tag-comunidades-indigenas","tag-construccion-2","tag-infraestructura-electrica","tag-inpi"],"yoast_head":"<!-- This site is optimized with the Yoast SEO plugin v27.4 - https:\/\/yoast.com\/product\/yoast-seo-wordpress\/ -->\n<title>Firman CFE e INPI convenio de colaboraci\u00f3n en comunidades ind\u00edgenas<\/title>\n<meta name=\"description\" content=\"\ufeffEl convenio de colaboraci\u00f3n firmado por ambos institutos permitir\u00e1 la participaci\u00f3n del INPI en el rescate de la industria el\u00e9ctrica nacional\" \/>\n<meta name=\"robots\" content=\"index, follow, max-snippet:-1, max-image-preview:large, max-video-preview:-1\" \/>\n<link rel=\"canonical\" href=\"https:\/\/centrourbano.com\/revista\/construccion\/cfe-inpi-convenio-colaboracion-indigenas\/\" \/>\n<meta property=\"og:locale\" content=\"es_ES\" \/>\n<meta property=\"og:type\" content=\"article\" \/>\n<meta property=\"og:title\" content=\"Firman CFE e INPI convenio de colaboraci\u00f3n en comunidades ind\u00edgenas\" \/>\n<meta property=\"og:description\" content=\"\ufeffEl convenio de colaboraci\u00f3n firmado por ambos institutos permitir\u00e1 la participaci\u00f3n del INPI en el rescate de la industria el\u00e9ctrica nacional\" \/>\n<meta property=\"og:url\" content=\"https:\/\/centrourbano.com\/revista\/construccion\/cfe-inpi-convenio-colaboracion-indigenas\/\" \/>\n<meta property=\"og:site_name\" content=\"Centro Urbano\" \/>\n<meta property=\"article:publisher\" content=\"https:\/\/www.facebook.com\/portalcentrourbano\" \/>\n<meta property=\"article:published_time\" content=\"2019-06-12T13:05:10+00:00\" \/>\n<meta property=\"article:modified_time\" content=\"2019-06-12T14:06:06+00:00\" \/>\n<meta property=\"og:image\" content=\"https:\/\/centrourbano.com\/revista\/wp-content\/uploads\/Firman-CFE-e-INPI-convenio-de-colaboraci\u00f3n-en-comunidades-ind\u00edgenas_opt.jpg\" \/>\n\t<meta property=\"og:image:width\" content=\"700\" \/>\n\t<meta property=\"og:image:height\" content=\"466\" \/>\n\t<meta property=\"og:image:type\" content=\"image\/jpeg\" \/>\n<meta name=\"author\" content=\"Erika Escobar\" \/>\n<meta name=\"twitter:card\" content=\"summary_large_image\" \/>\n<meta name=\"twitter:creator\" content=\"@CentroUrbano\" \/>\n<meta name=\"twitter:site\" content=\"@CentroUrbano\" \/>\n<meta name=\"twitter:label1\" content=\"Escrito por\" \/>\n\t<meta name=\"twitter:data1\" content=\"Erika Escobar\" \/>\n\t<meta name=\"twitter:label2\" content=\"Tiempo de lectura\" \/>\n\t<meta name=\"twitter:data2\" content=\"1 minuto\" \/>\n<script type=\"application\/ld+json\" class=\"yoast-schema-graph\">{\"@context\":\"https:\\\/\\\/schema.org\",\"@graph\":[{\"@type\":\"Article\",\"@id\":\"https:\\\/\\\/centrourbano.com\\\/revista\\\/construccion\\\/cfe-inpi-convenio-colaboracion-indigenas\\\/#article\",\"isPartOf\":{\"@id\":\"https:\\\/\\\/centrourbano.com\\\/revista\\\/construccion\\\/cfe-inpi-convenio-colaboracion-indigenas\\\/\"},\"author\":{\"name\":\"Erika Escobar\",\"@id\":\"https:\\\/\\\/centrourbano.com\\\/revista\\\/#\\\/schema\\\/person\\\/8469a7904fe3cf3ff7a3c2e0686b6587\"},\"headline\":\"Firman CFE e INPI convenio de colaboraci\u00f3n en comunidades ind\u00edgenas\",\"datePublished\":\"2019-06-12T13:05:10+00:00\",\"dateModified\":\"2019-06-12T14:06:06+00:00\",\"mainEntityOfPage\":{\"@id\":\"https:\\\/\\\/centrourbano.com\\\/revista\\\/construccion\\\/cfe-inpi-convenio-colaboracion-indigenas\\\/\"},\"wordCount\":276,\"commentCount\":0,\"publisher\":{\"@id\":\"https:\\\/\\\/centrourbano.com\\\/revista\\\/#organization\"},\"image\":{\"@id\":\"https:\\\/\\\/centrourbano.com\\\/revista\\\/construccion\\\/cfe-inpi-convenio-colaboracion-indigenas\\\/#primaryimage\"},\"thumbnailUrl\":\"https:\\\/\\\/centrourbano.com\\\/revista\\\/wp-content\\\/uploads\\\/Firman-CFE-e-INPI-convenio-de-colaboraci\u00f3n-en-comunidades-ind\u00edgenas_opt.jpg\",\"keywords\":[\"CFE\",\"comunidades ind\u00edgenas\",\"construcci\u00f3n\",\"infraestructura el\u00e9ctrica\",\"INPI\"],\"articleSection\":[\"Construcci\u00f3n\"],\"inLanguage\":\"es\",\"potentialAction\":[{\"@type\":\"CommentAction\",\"name\":\"Comment\",\"target\":[\"https:\\\/\\\/centrourbano.com\\\/revista\\\/construccion\\\/cfe-inpi-convenio-colaboracion-indigenas\\\/#respond\"]}]},{\"@type\":\"WebPage\",\"@id\":\"https:\\\/\\\/centrourbano.com\\\/revista\\\/construccion\\\/cfe-inpi-convenio-colaboracion-indigenas\\\/\",\"url\":\"https:\\\/\\\/centrourbano.com\\\/revista\\\/construccion\\\/cfe-inpi-convenio-colaboracion-indigenas\\\/\",\"name\":\"Firman CFE e INPI convenio de colaboraci\u00f3n en comunidades ind\u00edgenas\",\"isPartOf\":{\"@id\":\"https:\\\/\\\/centrourbano.com\\\/revista\\\/#website\"},\"primaryImageOfPage\":{\"@id\":\"https:\\\/\\\/centrourbano.com\\\/revista\\\/construccion\\\/cfe-inpi-convenio-colaboracion-indigenas\\\/#primaryimage\"},\"image\":{\"@id\":\"https:\\\/\\\/centrourbano.com\\\/revista\\\/construccion\\\/cfe-inpi-convenio-colaboracion-indigenas\\\/#primaryimage\"},\"thumbnailUrl\":\"https:\\\/\\\/centrourbano.com\\\/revista\\\/wp-content\\\/uploads\\\/Firman-CFE-e-INPI-convenio-de-colaboraci\u00f3n-en-comunidades-ind\u00edgenas_opt.jpg\",\"datePublished\":\"2019-06-12T13:05:10+00:00\",\"dateModified\":\"2019-06-12T14:06:06+00:00\",\"description\":\"\ufeffEl convenio de colaboraci\u00f3n firmado por ambos institutos permitir\u00e1 la participaci\u00f3n del INPI en el rescate de la industria el\u00e9ctrica nacional\",\"breadcrumb\":{\"@id\":\"https:\\\/\\\/centrourbano.com\\\/revista\\\/construccion\\\/cfe-inpi-convenio-colaboracion-indigenas\\\/#breadcrumb\"},\"inLanguage\":\"es\",\"potentialAction\":[{\"@type\":\"ReadAction\",\"target\":[\"https:\\\/\\\/centrourbano.com\\\/revista\\\/construccion\\\/cfe-inpi-convenio-colaboracion-indigenas\\\/\"]}]},{\"@type\":\"ImageObject\",\"inLanguage\":\"es\",\"@id\":\"https:\\\/\\\/centrourbano.com\\\/revista\\\/construccion\\\/cfe-inpi-convenio-colaboracion-indigenas\\\/#primaryimage\",\"url\":\"https:\\\/\\\/centrourbano.com\\\/revista\\\/wp-content\\\/uploads\\\/Firman-CFE-e-INPI-convenio-de-colaboraci\u00f3n-en-comunidades-ind\u00edgenas_opt.jpg\",\"contentUrl\":\"https:\\\/\\\/centrourbano.com\\\/revista\\\/wp-content\\\/uploads\\\/Firman-CFE-e-INPI-convenio-de-colaboraci\u00f3n-en-comunidades-ind\u00edgenas_opt.jpg\",\"width\":700,\"height\":466,\"caption\":\"Firman CFE e INPI convenio de colaboraci\u00f3n en comunidades ind\u00edgenas\"},{\"@type\":\"BreadcrumbList\",\"@id\":\"https:\\\/\\\/centrourbano.com\\\/revista\\\/construccion\\\/cfe-inpi-convenio-colaboracion-indigenas\\\/#breadcrumb\",\"itemListElement\":[{\"@type\":\"ListItem\",\"position\":1,\"name\":\"Portada\",\"item\":\"https:\\\/\\\/centrourbano.com\\\/revista\\\/\"},{\"@type\":\"ListItem\",\"position\":2,\"name\":\"Firman CFE e INPI convenio de colaboraci\u00f3n en comunidades ind\u00edgenas\"}]},{\"@type\":\"WebSite\",\"@id\":\"https:\\\/\\\/centrourbano.com\\\/revista\\\/#website\",\"url\":\"https:\\\/\\\/centrourbano.com\\\/revista\\\/\",\"name\":\"Centro Urbano\",\"description\":\"Medio especializado en los sectores vivienda, inmobiliario, construcci\u00f3n, arquitectura y urbanismo.\",\"publisher\":{\"@id\":\"https:\\\/\\\/centrourbano.com\\\/revista\\\/#organization\"},\"potentialAction\":[{\"@type\":\"SearchAction\",\"target\":{\"@type\":\"EntryPoint\",\"urlTemplate\":\"https:\\\/\\\/centrourbano.com\\\/revista\\\/?s={search_term_string}\"},\"query-input\":{\"@type\":\"PropertyValueSpecification\",\"valueRequired\":true,\"valueName\":\"search_term_string\"}}],\"inLanguage\":\"es\"},{\"@type\":\"Organization\",\"@id\":\"https:\\\/\\\/centrourbano.com\\\/revista\\\/#organization\",\"name\":\"Centro Urbano\",\"url\":\"https:\\\/\\\/centrourbano.com\\\/revista\\\/\",\"logo\":{\"@type\":\"ImageObject\",\"inLanguage\":\"es\",\"@id\":\"https:\\\/\\\/centrourbano.com\\\/revista\\\/#\\\/schema\\\/logo\\\/image\\\/\",\"url\":\"https:\\\/\\\/centrourbano.com\\\/revista\\\/wp-content\\\/uploads\\\/web_CU_logo-1.png\",\"contentUrl\":\"https:\\\/\\\/centrourbano.com\\\/revista\\\/wp-content\\\/uploads\\\/web_CU_logo-1.png\",\"width\":350,\"height\":91,\"caption\":\"Centro Urbano\"},\"image\":{\"@id\":\"https:\\\/\\\/centrourbano.com\\\/revista\\\/#\\\/schema\\\/logo\\\/image\\\/\"},\"sameAs\":[\"https:\\\/\\\/www.facebook.com\\\/portalcentrourbano\",\"https:\\\/\\\/x.com\\\/CentroUrbano\",\"https:\\\/\\\/www.instagram.com\\\/centro_urbano\\\/\",\"https:\\\/\\\/www.linkedin.com\\\/company\\\/centro-urbano\\\/\",\"http:\\\/\\\/www.youtube.com\\\/user\\\/portalcentrourbano\"]},{\"@type\":\"Person\",\"@id\":\"https:\\\/\\\/centrourbano.com\\\/revista\\\/#\\\/schema\\\/person\\\/8469a7904fe3cf3ff7a3c2e0686b6587\",\"name\":\"Erika Escobar\",\"image\":{\"@type\":\"ImageObject\",\"inLanguage\":\"es\",\"@id\":\"https:\\\/\\\/secure.gravatar.com\\\/avatar\\\/b1a25103701e9979acaf062795c9a583ddab62261a614b46accfcaf729f55957?s=96&d=mm&r=g\",\"url\":\"https:\\\/\\\/secure.gravatar.com\\\/avatar\\\/b1a25103701e9979acaf062795c9a583ddab62261a614b46accfcaf729f55957?s=96&d=mm&r=g\",\"contentUrl\":\"https:\\\/\\\/secure.gravatar.com\\\/avatar\\\/b1a25103701e9979acaf062795c9a583ddab62261a614b46accfcaf729f55957?s=96&d=mm&r=g\",\"caption\":\"Erika Escobar\"},\"url\":\"https:\\\/\\\/centrourbano.com\\\/revista\\\/author\\\/erika-escobar\\\/\"}]}<\/script>\n<!-- \/ Yoast SEO plugin. -->","yoast_head_json":{"title":"Firman CFE e INPI convenio de colaboraci\u00f3n en comunidades ind\u00edgenas","description":"\ufeffEl convenio de colaboraci\u00f3n firmado por ambos institutos permitir\u00e1 la participaci\u00f3n del INPI en el rescate de la industria el\u00e9ctrica nacional","robots":{"index":"index","follow":"follow","max-snippet":"max-snippet:-1","max-image-preview":"max-image-preview:large","max-video-preview":"max-video-preview:-1"},"canonical":"https:\/\/centrourbano.com\/revista\/construccion\/cfe-inpi-convenio-colaboracion-indigenas\/","og_locale":"es_ES","og_type":"article","og_title":"Firman CFE e INPI convenio de colaboraci\u00f3n en comunidades ind\u00edgenas","og_description":"\ufeffEl convenio de colaboraci\u00f3n firmado por ambos institutos permitir\u00e1 la participaci\u00f3n del INPI en el rescate de la industria el\u00e9ctrica nacional","og_url":"https:\/\/centrourbano.com\/revista\/construccion\/cfe-inpi-convenio-colaboracion-indigenas\/","og_site_name":"Centro Urbano","article_publisher":"https:\/\/www.facebook.com\/portalcentrourbano","article_published_time":"2019-06-12T13:05:10+00:00","article_modified_time":"2019-06-12T14:06:06+00:00","og_image":[{"width":700,"height":466,"url":"https:\/\/centrourbano.com\/revista\/wp-content\/uploads\/Firman-CFE-e-INPI-convenio-de-colaboraci\u00f3n-en-comunidades-ind\u00edgenas_opt.jpg","type":"image\/jpeg"}],"author":"Erika Escobar","twitter_card":"summary_large_image","twitter_creator":"@CentroUrbano","twitter_site":"@CentroUrbano","twitter_misc":{"Escrito por":"Erika Escobar","Tiempo de lectura":"1 minuto"},"schema":{"@context":"https:\/\/schema.org","@graph":[{"@type":"Article","@id":"https:\/\/centrourbano.com\/revista\/construccion\/cfe-inpi-convenio-colaboracion-indigenas\/#article","isPartOf":{"@id":"https:\/\/centrourbano.com\/revista\/construccion\/cfe-inpi-convenio-colaboracion-indigenas\/"},"author":{"name":"Erika Escobar","@id":"https:\/\/centrourbano.com\/revista\/#\/schema\/person\/8469a7904fe3cf3ff7a3c2e0686b6587"},"headline":"Firman CFE e INPI convenio de colaboraci\u00f3n en comunidades ind\u00edgenas","datePublished":"2019-06-12T13:05:10+00:00","dateModified":"2019-06-12T14:06:06+00:00","mainEntityOfPage":{"@id":"https:\/\/centrourbano.com\/revista\/construccion\/cfe-inpi-convenio-colaboracion-indigenas\/"},"wordCount":276,"commentCount":0,"publisher":{"@id":"https:\/\/centrourbano.com\/revista\/#organization"},"image":{"@id":"https:\/\/centrourbano.com\/revista\/construccion\/cfe-inpi-convenio-colaboracion-indigenas\/#primaryimage"},"thumbnailUrl":"https:\/\/centrourbano.com\/revista\/wp-content\/uploads\/Firman-CFE-e-INPI-convenio-de-colaboraci\u00f3n-en-comunidades-ind\u00edgenas_opt.jpg","keywords":["CFE","comunidades ind\u00edgenas","construcci\u00f3n","infraestructura el\u00e9ctrica","INPI"],"articleSection":["Construcci\u00f3n"],"inLanguage":"es","potentialAction":[{"@type":"CommentAction","name":"Comment","target":["https:\/\/centrourbano.com\/revista\/construccion\/cfe-inpi-convenio-colaboracion-indigenas\/#respond"]}]},{"@type":"WebPage","@id":"https:\/\/centrourbano.com\/revista\/construccion\/cfe-inpi-convenio-colaboracion-indigenas\/","url":"https:\/\/centrourbano.com\/revista\/construccion\/cfe-inpi-convenio-colaboracion-indigenas\/","name":"Firman CFE e INPI convenio de colaboraci\u00f3n en comunidades ind\u00edgenas","isPartOf":{"@id":"https:\/\/centrourbano.com\/revista\/#website"},"primaryImageOfPage":{"@id":"https:\/\/centrourbano.com\/revista\/construccion\/cfe-inpi-convenio-colaboracion-indigenas\/#primaryimage"},"image":{"@id":"https:\/\/centrourbano.com\/revista\/construccion\/cfe-inpi-convenio-colaboracion-indigenas\/#primaryimage"},"thumbnailUrl":"https:\/\/centrourbano.com\/revista\/wp-content\/uploads\/Firman-CFE-e-INPI-convenio-de-colaboraci\u00f3n-en-comunidades-ind\u00edgenas_opt.jpg","datePublished":"2019-06-12T13:05:10+00:00","dateModified":"2019-06-12T14:06:06+00:00","description":"\ufeffEl convenio de colaboraci\u00f3n firmado por ambos institutos permitir\u00e1 la participaci\u00f3n del INPI en el rescate de la industria el\u00e9ctrica nacional","breadcrumb":{"@id":"https:\/\/centrourbano.com\/revista\/construccion\/cfe-inpi-convenio-colaboracion-indigenas\/#breadcrumb"},"inLanguage":"es","potentialAction":[{"@type":"ReadAction","target":["https:\/\/centrourbano.com\/revista\/construccion\/cfe-inpi-convenio-colaboracion-indigenas\/"]}]},{"@type":"ImageObject","inLanguage":"es","@id":"https:\/\/centrourbano.com\/revista\/construccion\/cfe-inpi-convenio-colaboracion-indigenas\/#primaryimage","url":"https:\/\/centrourbano.com\/revista\/wp-content\/uploads\/Firman-CFE-e-INPI-convenio-de-colaboraci\u00f3n-en-comunidades-ind\u00edgenas_opt.jpg","contentUrl":"https:\/\/centrourbano.com\/revista\/wp-content\/uploads\/Firman-CFE-e-INPI-convenio-de-colaboraci\u00f3n-en-comunidades-ind\u00edgenas_opt.jpg","width":700,"height":466,"caption":"Firman CFE e INPI convenio de colaboraci\u00f3n en comunidades ind\u00edgenas"},{"@type":"BreadcrumbList","@id":"https:\/\/centrourbano.com\/revista\/construccion\/cfe-inpi-convenio-colaboracion-indigenas\/#breadcrumb","itemListElement":[{"@type":"ListItem","position":1,"name":"Portada","item":"https:\/\/centrourbano.com\/revista\/"},{"@type":"ListItem","position":2,"name":"Firman CFE e INPI convenio de colaboraci\u00f3n en comunidades ind\u00edgenas"}]},{"@type":"WebSite","@id":"https:\/\/centrourbano.com\/revista\/#website","url":"https:\/\/centrourbano.com\/revista\/","name":"Centro Urbano","description":"Medio especializado en los sectores vivienda, inmobiliario, construcci\u00f3n, arquitectura y urbanismo.","publisher":{"@id":"https:\/\/centrourbano.com\/revista\/#organization"},"potentialAction":[{"@type":"SearchAction","target":{"@type":"EntryPoint","urlTemplate":"https:\/\/centrourbano.com\/revista\/?s={search_term_string}"},"query-input":{"@type":"PropertyValueSpecification","valueRequired":true,"valueName":"search_term_string"}}],"inLanguage":"es"},{"@type":"Organization","@id":"https:\/\/centrourbano.com\/revista\/#organization","name":"Centro Urbano","url":"https:\/\/centrourbano.com\/revista\/","logo":{"@type":"ImageObject","inLanguage":"es","@id":"https:\/\/centrourbano.com\/revista\/#\/schema\/logo\/image\/","url":"https:\/\/centrourbano.com\/revista\/wp-content\/uploads\/web_CU_logo-1.png","contentUrl":"https:\/\/centrourbano.com\/revista\/wp-content\/uploads\/web_CU_logo-1.png","width":350,"height":91,"caption":"Centro Urbano"},"image":{"@id":"https:\/\/centrourbano.com\/revista\/#\/schema\/logo\/image\/"},"sameAs":["https:\/\/www.facebook.com\/portalcentrourbano","https:\/\/x.com\/CentroUrbano","https:\/\/www.instagram.com\/centro_urbano\/","https:\/\/www.linkedin.com\/company\/centro-urbano\/","http:\/\/www.youtube.com\/user\/portalcentrourbano"]},{"@type":"Person","@id":"https:\/\/centrourbano.com\/revista\/#\/schema\/person\/8469a7904fe3cf3ff7a3c2e0686b6587","name":"Erika Escobar","image":{"@type":"ImageObject","inLanguage":"es","@id":"https:\/\/secure.gravatar.com\/avatar\/b1a25103701e9979acaf062795c9a583ddab62261a614b46accfcaf729f55957?s=96&d=mm&r=g","url":"https:\/\/secure.gravatar.com\/avatar\/b1a25103701e9979acaf062795c9a583ddab62261a614b46accfcaf729f55957?s=96&d=mm&r=g","contentUrl":"https:\/\/secure.gravatar.com\/avatar\/b1a25103701e9979acaf062795c9a583ddab62261a614b46accfcaf729f55957?s=96&d=mm&r=g","caption":"Erika Escobar"},"url":"https:\/\/centrourbano.com\/revista\/author\/erika-escobar\/"}]}},"_links":{"self":[{"href":"https:\/\/centrourbano.com\/revista\/wp-json\/wp\/v2\/posts\/91539","targetHints":{"allow":["GET"]}}],"collection":[{"href":"https:\/\/centrourbano.com\/revista\/wp-json\/wp\/v2\/posts"}],"about":[{"href":"https:\/\/centrourbano.com\/revista\/wp-json\/wp\/v2\/types\/post"}],"author":[{"embeddable":true,"href":"https:\/\/centrourbano.com\/revista\/wp-json\/wp\/v2\/users\/72"}],"replies":[{"embeddable":true,"href":"https:\/\/centrourbano.com\/revista\/wp-json\/wp\/v2\/comments?post=91539"}],"version-history":[{"count":2,"href":"https:\/\/centrourbano.com\/revista\/wp-json\/wp\/v2\/posts\/91539\/revisions"}],"predecessor-version":[{"id":91613,"href":"https:\/\/centrourbano.com\/revista\/wp-json\/wp\/v2\/posts\/91539\/revisions\/91613"}],"wp:featuredmedia":[{"embeddable":true,"href":"https:\/\/centrourbano.com\/revista\/wp-json\/wp\/v2\/media\/91541"}],"wp:attachment":[{"href":"https:\/\/centrourbano.com\/revista\/wp-json\/wp\/v2\/media?parent=91539"}],"wp:term":[{"taxonomy":"category","embeddable":true,"href":"https:\/\/centrourbano.com\/revista\/wp-json\/wp\/v2\/categories?post=91539"},{"taxonomy":"post_tag","embeddable":true,"href":"https:\/\/centrourbano.com\/revista\/wp-json\/wp\/v2\/tags?post=91539"}],"curies":[{"name":"wp","href":"https:\/\/api.w.org\/{rel}","templated":true}]}}