{"id":9153,"date":"2014-07-30T14:23:04","date_gmt":"2014-07-30T19:23:04","guid":{"rendered":"http:\/\/centrourbano.com\/?p=9153"},"modified":"2014-07-30T14:23:04","modified_gmt":"2014-07-30T19:23:04","slug":"grupo-procsa-lidera-la-vivienda-vertical-intraurbana","status":"publish","type":"post","link":"https:\/\/centrourbano.com\/revista\/vivienda\/grupo-procsa-lidera-la-vivienda-vertical-intraurbana\/","title":{"rendered":"Grupo Procsa lidera la vivienda vertical intraurbana"},"content":{"rendered":"<p>&nbsp;<\/p>\n<p><em>La empresa apuesta por este tipo de desarrollos en suelo de reconversi\u00f3n en la ciudad de M\u00e9xico<\/em><!--more--><\/p>\n<p>Compartiendo la preocupaci\u00f3n, tanto del gobierno de la ciudad, como del gobierno federal de construir vivienda en zonas con servicios y cercana a fuentes de empleo, Grupo Procsa, empresa con 53 a\u00f1os en la industria, est\u00e1 enfocando sus esfuerzos en consolidarse como la primera marca de vivienda vertical en la ciudad de M\u00e9xico.<\/p>\n<p>El modelo de negocios de Procsa ha evolucionado para atender a los nuevos nichos de mercado que prefieren vivir dentro de la ciudad, en lugares cercanos y de f\u00e1cil y r\u00e1pido acceso a sus lugares de trabajo y alrededor de centros sociales, educativos y de salud.<\/p>\n<p>El reto de la desarrolladora es potencializar la infraestructura existente en antiguas zonas industriales que quedaron rodeadas de vivienda, para convertir dichas zonas en nuevos espacios de vivienda vertical, optimizando el uso del escaso suelo urbano.<\/p>\n<p>El concepto principal bajo el cual trabaja Procsa es que la redensificaci\u00f3n de la tierra no debe implicar hacinamiento, ni depreciaci\u00f3n de la calidad de vida de sus habitantes, sino optimizar el ya agotado suelo urbanizable, maximizando uso de la tierra al contemplar usos mixtos en sus conjuntos y promoviendo la vida en comunidad de una familia que decide vivir dentro de la ciudad.<\/p>\n<p>Grupo Procsa busca nuevas formas de arquitectura, ofreciendo desarrollos sustentables e integrales, con ubicaciones privilegiadas que cuentan con acceso a diversos sistemas de transporte, a vialidades importantes, y a todos los servicios que requiere una familia; adicionalmente, incluye en sus desarrollos espacios que fomentan la convivencia familiar y la integraci\u00f3n vecinal, generando calidad de vida y la m\u00e1s alta plusval\u00eda de la inversi\u00f3n de sus clientes.<\/p>\n<p>Un rasgo distintivo de los proyectos de Procsa, es el dise\u00f1o arquitect\u00f3nico de sus desarrollos, con grandes plazas comunes y circulaciones abiertas que provocan el contacto directo del ambiente exterior con el interior, creando amplitud en los espacios y la maximizaci\u00f3n de la luz y la ventilaci\u00f3n naturales.<\/p>\n<p>El ahorro de energ\u00eda y la recuperaci\u00f3n de los recursos naturales para su reutilizaci\u00f3n, tambi\u00e9n est\u00e1n impl\u00edcitos en sus proyectos, respetando al medio ambiente y reduciendo los gastos de sus habitantes.<\/p>\n","protected":false},"excerpt":{"rendered":"<p>&nbsp; La empresa apuesta por este tipo de desarrollos en suelo de reconversi\u00f3n en la ciudad de M\u00e9xico<\/p>\n","protected":false},"author":1,"featured_media":0,"comment_status":"open","ping_status":"closed","sticky":false,"template":"","format":"standard","meta":{"om_disable_all_campaigns":false,"inline_featured_image":false,"_monsterinsights_skip_tracking":false,"_monsterinsights_sitenote_active":false,"_monsterinsights_sitenote_note":"","_monsterinsights_sitenote_category":0,"footnotes":""},"categories":[12],"tags":[1492,2267,2266,656],"class_list":["post-9153","post","type-post","status-publish","format-standard","hentry","category-vivienda","tag-grupo-procsa","tag-suelo-de-reconversion","tag-vivienda-intraurbana","tag-vivienda-vertical"],"yoast_head":"<!-- This site is optimized with the Yoast SEO plugin v27.4 - https:\/\/yoast.com\/product\/yoast-seo-wordpress\/ -->\n<title>Grupo Procsa lidera la vivienda vertical intraurbana -<\/title>\n<meta name=\"description\" content=\"&nbsp; La empresa apuesta por este tipo de desarrollos en suelo de reconversi\u00f3n en la ciudad de M\u00e9xico Compartiendo la preocupaci\u00f3n, tanto del gobierno de\" \/>\n<meta name=\"robots\" content=\"index, follow, max-snippet:-1, max-image-preview:large, max-video-preview:-1\" \/>\n<link rel=\"canonical\" href=\"https:\/\/centrourbano.com\/revista\/vivienda\/grupo-procsa-lidera-la-vivienda-vertical-intraurbana\/\" \/>\n<meta property=\"og:locale\" content=\"es_ES\" \/>\n<meta property=\"og:type\" content=\"article\" \/>\n<meta property=\"og:title\" content=\"Grupo Procsa lidera la vivienda vertical intraurbana -\" \/>\n<meta property=\"og:description\" content=\"&nbsp; La empresa apuesta por este tipo de desarrollos en suelo de reconversi\u00f3n en la ciudad de M\u00e9xico Compartiendo la preocupaci\u00f3n, tanto del gobierno de\" \/>\n<meta property=\"og:url\" content=\"https:\/\/centrourbano.com\/revista\/vivienda\/grupo-procsa-lidera-la-vivienda-vertical-intraurbana\/\" \/>\n<meta property=\"og:site_name\" content=\"Centro Urbano\" \/>\n<meta property=\"article:publisher\" content=\"https:\/\/www.facebook.com\/portalcentrourbano\" \/>\n<meta property=\"article:published_time\" content=\"2014-07-30T19:23:04+00:00\" \/>\n<meta property=\"og:image\" content=\"https:\/\/centrourbano.com\/revista\/wp-content\/uploads\/CU-logo.png\" \/>\n\t<meta property=\"og:image:width\" content=\"350\" \/>\n\t<meta property=\"og:image:height\" content=\"91\" \/>\n\t<meta property=\"og:image:type\" content=\"image\/png\" \/>\n<meta name=\"author\" content=\"BlogCU 2022\" \/>\n<meta name=\"twitter:card\" content=\"summary_large_image\" \/>\n<meta name=\"twitter:creator\" content=\"@CentroUrbano\" \/>\n<meta name=\"twitter:site\" content=\"@CentroUrbano\" \/>\n<meta name=\"twitter:label1\" content=\"Escrito por\" \/>\n\t<meta name=\"twitter:data1\" content=\"BlogCU 2022\" \/>\n\t<meta name=\"twitter:label2\" content=\"Tiempo de lectura\" \/>\n\t<meta name=\"twitter:data2\" content=\"2 minutos\" \/>\n<script type=\"application\/ld+json\" class=\"yoast-schema-graph\">{\"@context\":\"https:\\\/\\\/schema.org\",\"@graph\":[{\"@type\":\"Article\",\"@id\":\"https:\\\/\\\/centrourbano.com\\\/revista\\\/vivienda\\\/grupo-procsa-lidera-la-vivienda-vertical-intraurbana\\\/#article\",\"isPartOf\":{\"@id\":\"https:\\\/\\\/centrourbano.com\\\/revista\\\/vivienda\\\/grupo-procsa-lidera-la-vivienda-vertical-intraurbana\\\/\"},\"author\":{\"name\":\"BlogCU 2022\",\"@id\":\"https:\\\/\\\/centrourbano.com\\\/revista\\\/#\\\/schema\\\/person\\\/26c0ab2d8952e32eb17ccf62f8e88ce6\"},\"headline\":\"Grupo Procsa lidera la vivienda vertical intraurbana\",\"datePublished\":\"2014-07-30T19:23:04+00:00\",\"mainEntityOfPage\":{\"@id\":\"https:\\\/\\\/centrourbano.com\\\/revista\\\/vivienda\\\/grupo-procsa-lidera-la-vivienda-vertical-intraurbana\\\/\"},\"wordCount\":391,\"commentCount\":0,\"publisher\":{\"@id\":\"https:\\\/\\\/centrourbano.com\\\/revista\\\/#organization\"},\"keywords\":[\"Grupo Procsa\",\"suelo de reconversi\u00f3n\",\"vivienda intraurbana\",\"Vivienda vertical\"],\"articleSection\":[\"Vivienda\"],\"inLanguage\":\"es\",\"potentialAction\":[{\"@type\":\"CommentAction\",\"name\":\"Comment\",\"target\":[\"https:\\\/\\\/centrourbano.com\\\/revista\\\/vivienda\\\/grupo-procsa-lidera-la-vivienda-vertical-intraurbana\\\/#respond\"]}]},{\"@type\":\"WebPage\",\"@id\":\"https:\\\/\\\/centrourbano.com\\\/revista\\\/vivienda\\\/grupo-procsa-lidera-la-vivienda-vertical-intraurbana\\\/\",\"url\":\"https:\\\/\\\/centrourbano.com\\\/revista\\\/vivienda\\\/grupo-procsa-lidera-la-vivienda-vertical-intraurbana\\\/\",\"name\":\"Grupo Procsa lidera la vivienda vertical intraurbana -\",\"isPartOf\":{\"@id\":\"https:\\\/\\\/centrourbano.com\\\/revista\\\/#website\"},\"datePublished\":\"2014-07-30T19:23:04+00:00\",\"description\":\"&nbsp; La empresa apuesta por este tipo de desarrollos en suelo de reconversi\u00f3n en la ciudad de M\u00e9xico Compartiendo la preocupaci\u00f3n, tanto del gobierno de\",\"breadcrumb\":{\"@id\":\"https:\\\/\\\/centrourbano.com\\\/revista\\\/vivienda\\\/grupo-procsa-lidera-la-vivienda-vertical-intraurbana\\\/#breadcrumb\"},\"inLanguage\":\"es\",\"potentialAction\":[{\"@type\":\"ReadAction\",\"target\":[\"https:\\\/\\\/centrourbano.com\\\/revista\\\/vivienda\\\/grupo-procsa-lidera-la-vivienda-vertical-intraurbana\\\/\"]}]},{\"@type\":\"BreadcrumbList\",\"@id\":\"https:\\\/\\\/centrourbano.com\\\/revista\\\/vivienda\\\/grupo-procsa-lidera-la-vivienda-vertical-intraurbana\\\/#breadcrumb\",\"itemListElement\":[{\"@type\":\"ListItem\",\"position\":1,\"name\":\"Portada\",\"item\":\"https:\\\/\\\/centrourbano.com\\\/revista\\\/\"},{\"@type\":\"ListItem\",\"position\":2,\"name\":\"Grupo Procsa lidera la vivienda vertical intraurbana\"}]},{\"@type\":\"WebSite\",\"@id\":\"https:\\\/\\\/centrourbano.com\\\/revista\\\/#website\",\"url\":\"https:\\\/\\\/centrourbano.com\\\/revista\\\/\",\"name\":\"Centro Urbano\",\"description\":\"Medio especializado en los sectores vivienda, inmobiliario, construcci\u00f3n, arquitectura y urbanismo.\",\"publisher\":{\"@id\":\"https:\\\/\\\/centrourbano.com\\\/revista\\\/#organization\"},\"potentialAction\":[{\"@type\":\"SearchAction\",\"target\":{\"@type\":\"EntryPoint\",\"urlTemplate\":\"https:\\\/\\\/centrourbano.com\\\/revista\\\/?s={search_term_string}\"},\"query-input\":{\"@type\":\"PropertyValueSpecification\",\"valueRequired\":true,\"valueName\":\"search_term_string\"}}],\"inLanguage\":\"es\"},{\"@type\":\"Organization\",\"@id\":\"https:\\\/\\\/centrourbano.com\\\/revista\\\/#organization\",\"name\":\"Centro Urbano\",\"url\":\"https:\\\/\\\/centrourbano.com\\\/revista\\\/\",\"logo\":{\"@type\":\"ImageObject\",\"inLanguage\":\"es\",\"@id\":\"https:\\\/\\\/centrourbano.com\\\/revista\\\/#\\\/schema\\\/logo\\\/image\\\/\",\"url\":\"https:\\\/\\\/centrourbano.com\\\/revista\\\/wp-content\\\/uploads\\\/web_CU_logo-1.png\",\"contentUrl\":\"https:\\\/\\\/centrourbano.com\\\/revista\\\/wp-content\\\/uploads\\\/web_CU_logo-1.png\",\"width\":350,\"height\":91,\"caption\":\"Centro Urbano\"},\"image\":{\"@id\":\"https:\\\/\\\/centrourbano.com\\\/revista\\\/#\\\/schema\\\/logo\\\/image\\\/\"},\"sameAs\":[\"https:\\\/\\\/www.facebook.com\\\/portalcentrourbano\",\"https:\\\/\\\/x.com\\\/CentroUrbano\",\"https:\\\/\\\/www.instagram.com\\\/centro_urbano\\\/\",\"https:\\\/\\\/www.linkedin.com\\\/company\\\/centro-urbano\\\/\",\"http:\\\/\\\/www.youtube.com\\\/user\\\/portalcentrourbano\"]},{\"@type\":\"Person\",\"@id\":\"https:\\\/\\\/centrourbano.com\\\/revista\\\/#\\\/schema\\\/person\\\/26c0ab2d8952e32eb17ccf62f8e88ce6\",\"name\":\"BlogCU 2022\",\"image\":{\"@type\":\"ImageObject\",\"inLanguage\":\"es\",\"@id\":\"https:\\\/\\\/secure.gravatar.com\\\/avatar\\\/5ec2975f6d4b1643c723f08ef135c488131c64cba4524740d438f2e04dbeacdc?s=96&d=mm&r=g\",\"url\":\"https:\\\/\\\/secure.gravatar.com\\\/avatar\\\/5ec2975f6d4b1643c723f08ef135c488131c64cba4524740d438f2e04dbeacdc?s=96&d=mm&r=g\",\"contentUrl\":\"https:\\\/\\\/secure.gravatar.com\\\/avatar\\\/5ec2975f6d4b1643c723f08ef135c488131c64cba4524740d438f2e04dbeacdc?s=96&d=mm&r=g\",\"caption\":\"BlogCU 2022\"},\"url\":\"https:\\\/\\\/centrourbano.com\\\/revista\\\/author\\\/BlogCU 2022\\\/\"}]}<\/script>\n<!-- \/ Yoast SEO plugin. -->","yoast_head_json":{"title":"Grupo Procsa lidera la vivienda vertical intraurbana -","description":"&nbsp; La empresa apuesta por este tipo de desarrollos en suelo de reconversi\u00f3n en la ciudad de M\u00e9xico Compartiendo la preocupaci\u00f3n, tanto del gobierno de","robots":{"index":"index","follow":"follow","max-snippet":"max-snippet:-1","max-image-preview":"max-image-preview:large","max-video-preview":"max-video-preview:-1"},"canonical":"https:\/\/centrourbano.com\/revista\/vivienda\/grupo-procsa-lidera-la-vivienda-vertical-intraurbana\/","og_locale":"es_ES","og_type":"article","og_title":"Grupo Procsa lidera la vivienda vertical intraurbana -","og_description":"&nbsp; La empresa apuesta por este tipo de desarrollos en suelo de reconversi\u00f3n en la ciudad de M\u00e9xico Compartiendo la preocupaci\u00f3n, tanto del gobierno de","og_url":"https:\/\/centrourbano.com\/revista\/vivienda\/grupo-procsa-lidera-la-vivienda-vertical-intraurbana\/","og_site_name":"Centro Urbano","article_publisher":"https:\/\/www.facebook.com\/portalcentrourbano","article_published_time":"2014-07-30T19:23:04+00:00","og_image":[{"width":350,"height":91,"url":"https:\/\/centrourbano.com\/revista\/wp-content\/uploads\/CU-logo.png","type":"image\/png"}],"author":"BlogCU 2022","twitter_card":"summary_large_image","twitter_creator":"@CentroUrbano","twitter_site":"@CentroUrbano","twitter_misc":{"Escrito por":"BlogCU 2022","Tiempo de lectura":"2 minutos"},"schema":{"@context":"https:\/\/schema.org","@graph":[{"@type":"Article","@id":"https:\/\/centrourbano.com\/revista\/vivienda\/grupo-procsa-lidera-la-vivienda-vertical-intraurbana\/#article","isPartOf":{"@id":"https:\/\/centrourbano.com\/revista\/vivienda\/grupo-procsa-lidera-la-vivienda-vertical-intraurbana\/"},"author":{"name":"BlogCU 2022","@id":"https:\/\/centrourbano.com\/revista\/#\/schema\/person\/26c0ab2d8952e32eb17ccf62f8e88ce6"},"headline":"Grupo Procsa lidera la vivienda vertical intraurbana","datePublished":"2014-07-30T19:23:04+00:00","mainEntityOfPage":{"@id":"https:\/\/centrourbano.com\/revista\/vivienda\/grupo-procsa-lidera-la-vivienda-vertical-intraurbana\/"},"wordCount":391,"commentCount":0,"publisher":{"@id":"https:\/\/centrourbano.com\/revista\/#organization"},"keywords":["Grupo Procsa","suelo de reconversi\u00f3n","vivienda intraurbana","Vivienda vertical"],"articleSection":["Vivienda"],"inLanguage":"es","potentialAction":[{"@type":"CommentAction","name":"Comment","target":["https:\/\/centrourbano.com\/revista\/vivienda\/grupo-procsa-lidera-la-vivienda-vertical-intraurbana\/#respond"]}]},{"@type":"WebPage","@id":"https:\/\/centrourbano.com\/revista\/vivienda\/grupo-procsa-lidera-la-vivienda-vertical-intraurbana\/","url":"https:\/\/centrourbano.com\/revista\/vivienda\/grupo-procsa-lidera-la-vivienda-vertical-intraurbana\/","name":"Grupo Procsa lidera la vivienda vertical intraurbana -","isPartOf":{"@id":"https:\/\/centrourbano.com\/revista\/#website"},"datePublished":"2014-07-30T19:23:04+00:00","description":"&nbsp; La empresa apuesta por este tipo de desarrollos en suelo de reconversi\u00f3n en la ciudad de M\u00e9xico Compartiendo la preocupaci\u00f3n, tanto del gobierno de","breadcrumb":{"@id":"https:\/\/centrourbano.com\/revista\/vivienda\/grupo-procsa-lidera-la-vivienda-vertical-intraurbana\/#breadcrumb"},"inLanguage":"es","potentialAction":[{"@type":"ReadAction","target":["https:\/\/centrourbano.com\/revista\/vivienda\/grupo-procsa-lidera-la-vivienda-vertical-intraurbana\/"]}]},{"@type":"BreadcrumbList","@id":"https:\/\/centrourbano.com\/revista\/vivienda\/grupo-procsa-lidera-la-vivienda-vertical-intraurbana\/#breadcrumb","itemListElement":[{"@type":"ListItem","position":1,"name":"Portada","item":"https:\/\/centrourbano.com\/revista\/"},{"@type":"ListItem","position":2,"name":"Grupo Procsa lidera la vivienda vertical intraurbana"}]},{"@type":"WebSite","@id":"https:\/\/centrourbano.com\/revista\/#website","url":"https:\/\/centrourbano.com\/revista\/","name":"Centro Urbano","description":"Medio especializado en los sectores vivienda, inmobiliario, construcci\u00f3n, arquitectura y urbanismo.","publisher":{"@id":"https:\/\/centrourbano.com\/revista\/#organization"},"potentialAction":[{"@type":"SearchAction","target":{"@type":"EntryPoint","urlTemplate":"https:\/\/centrourbano.com\/revista\/?s={search_term_string}"},"query-input":{"@type":"PropertyValueSpecification","valueRequired":true,"valueName":"search_term_string"}}],"inLanguage":"es"},{"@type":"Organization","@id":"https:\/\/centrourbano.com\/revista\/#organization","name":"Centro Urbano","url":"https:\/\/centrourbano.com\/revista\/","logo":{"@type":"ImageObject","inLanguage":"es","@id":"https:\/\/centrourbano.com\/revista\/#\/schema\/logo\/image\/","url":"https:\/\/centrourbano.com\/revista\/wp-content\/uploads\/web_CU_logo-1.png","contentUrl":"https:\/\/centrourbano.com\/revista\/wp-content\/uploads\/web_CU_logo-1.png","width":350,"height":91,"caption":"Centro Urbano"},"image":{"@id":"https:\/\/centrourbano.com\/revista\/#\/schema\/logo\/image\/"},"sameAs":["https:\/\/www.facebook.com\/portalcentrourbano","https:\/\/x.com\/CentroUrbano","https:\/\/www.instagram.com\/centro_urbano\/","https:\/\/www.linkedin.com\/company\/centro-urbano\/","http:\/\/www.youtube.com\/user\/portalcentrourbano"]},{"@type":"Person","@id":"https:\/\/centrourbano.com\/revista\/#\/schema\/person\/26c0ab2d8952e32eb17ccf62f8e88ce6","name":"BlogCU 2022","image":{"@type":"ImageObject","inLanguage":"es","@id":"https:\/\/secure.gravatar.com\/avatar\/5ec2975f6d4b1643c723f08ef135c488131c64cba4524740d438f2e04dbeacdc?s=96&d=mm&r=g","url":"https:\/\/secure.gravatar.com\/avatar\/5ec2975f6d4b1643c723f08ef135c488131c64cba4524740d438f2e04dbeacdc?s=96&d=mm&r=g","contentUrl":"https:\/\/secure.gravatar.com\/avatar\/5ec2975f6d4b1643c723f08ef135c488131c64cba4524740d438f2e04dbeacdc?s=96&d=mm&r=g","caption":"BlogCU 2022"},"url":"https:\/\/centrourbano.com\/revista\/author\/BlogCU 2022\/"}]}},"_links":{"self":[{"href":"https:\/\/centrourbano.com\/revista\/wp-json\/wp\/v2\/posts\/9153","targetHints":{"allow":["GET"]}}],"collection":[{"href":"https:\/\/centrourbano.com\/revista\/wp-json\/wp\/v2\/posts"}],"about":[{"href":"https:\/\/centrourbano.com\/revista\/wp-json\/wp\/v2\/types\/post"}],"author":[{"embeddable":true,"href":"https:\/\/centrourbano.com\/revista\/wp-json\/wp\/v2\/users\/1"}],"replies":[{"embeddable":true,"href":"https:\/\/centrourbano.com\/revista\/wp-json\/wp\/v2\/comments?post=9153"}],"version-history":[{"count":0,"href":"https:\/\/centrourbano.com\/revista\/wp-json\/wp\/v2\/posts\/9153\/revisions"}],"wp:attachment":[{"href":"https:\/\/centrourbano.com\/revista\/wp-json\/wp\/v2\/media?parent=9153"}],"wp:term":[{"taxonomy":"category","embeddable":true,"href":"https:\/\/centrourbano.com\/revista\/wp-json\/wp\/v2\/categories?post=9153"},{"taxonomy":"post_tag","embeddable":true,"href":"https:\/\/centrourbano.com\/revista\/wp-json\/wp\/v2\/tags?post=9153"}],"curies":[{"name":"wp","href":"https:\/\/api.w.org\/{rel}","templated":true}]}}