{"id":91477,"date":"2019-06-11T08:48:47","date_gmt":"2019-06-11T13:48:47","guid":{"rendered":"https:\/\/centrourbano.com\/?p=91477"},"modified":"2019-07-26T14:17:39","modified_gmt":"2019-07-26T19:17:39","slug":"fundacion-lafargeholcim-construccion-sustentable","status":"publish","type":"post","link":"https:\/\/centrourbano.com\/revista\/construccion\/fundacion-lafargeholcim-construccion-sustentable\/","title":{"rendered":"Fundaci\u00f3n LafargeHolcim premia construcciones sustentables"},"content":{"rendered":"<p><em>Los &#8216;LafargeHolcim Awards&#8217; son conocidos como la competencia intenacional sobre arquitectura sustentable m\u00e1s importante del mundo<\/em><br \/>\n<!--more--><\/p>\n<p>La <strong>Fundaci\u00f3n LafargeHolcim<\/strong>\u00a0abri\u00f3 las incripciones al <strong>6\u00b0 ciclo<\/strong> de la competencia internacional &#8216;<strong>LafargeHolcim Awards<\/strong>&#8216;, que tiene el fin de impulsar y premiar a las ideas con mayor potencial para la <strong>reducci\u00f3n de emisiones de CO2<\/strong> en la construcci\u00f3n y urbanizaci\u00f3n.<\/p>\n<p>Los &#8216;LafargeHolcim Awards&#8217; convocan a <strong>proyectos<\/strong> de <strong>arquitectura<\/strong>,\u00a0<strong>ingenier\u00eda<\/strong>, <strong>urbanismo<\/strong>, <strong>tecnolog\u00edas de materiales<\/strong> y <strong>construcci\u00f3n<\/strong> realizados por profesionales, as\u00ed como <strong>ideas<\/strong> de las <strong>nuevas generaciones<\/strong> que combinen <strong>soluciones de construcci\u00f3n sustentable<\/strong> con\u00a0excelencia arquitect\u00f3nica.<\/p>\n<p>Los proyectos y conceptos se dividir\u00e1n en dos categor\u00edas: &#8216;<strong>Next Generation<\/strong>&#8216;, dirigida a las<strong> ideas visionarias<\/strong> en arquitectura y dise\u00f1o en\u00a0una etapa preliminar de desarrollo, as\u00ed como <strong>trabajos de investigaci\u00f3n<\/strong> y de <strong>estudios de dise\u00f1o<\/strong> realizados por menores de 30 a\u00f1os. La<strong>\u00a0categor\u00eda principal<\/strong> del galard\u00f3n convoca a los\u00a0 <strong>proyectos<\/strong> <strong>de construcci\u00f3n sustentable<\/strong> en estado avanzado de dise\u00f1o cuya construcci\u00f3n o participaci\u00f3n no haya iniciado antes del 1 de enero de 2019.<\/p>\n<p>En esta convocatoria pueden participar estudiantes y profesionales.\u00a0Los ganadores recibir\u00e1n un total de <strong>dos\u00a0millones de d\u00f3lares estadounidenses<\/strong> (mdd) en premios por parte de la Fundaci\u00f3n LafargeHolcim, de los cuales <strong>330 mdd<\/strong> se entregar\u00e1n a los <strong>ganadores de la principal categor\u00eda<\/strong> por cada regi\u00f3n y <strong>70 mdd<\/strong> ser\u00e1n otorgados al ganador de &#8216;<strong>Next Generation<\/strong>&#8216;.<\/p>\n<p>Los interesados deber\u00e1n realizar su inscripci\u00f3n en ingl\u00e9s a trav\u00e9s de un <a href=\"http:\/\/www.lafargeholcim-awards.org\/enter\" target=\"_blank\" rel=\"noopener noreferrer\">formulario<\/a>\u00a0acompa\u00f1ado de resumen del proyecto, detalles t\u00e9cnicos e imag\u00e9nes o ilustraciones.<\/p>\n<p>Los proyectos ser\u00e1n calificados por un panel de expertos\u00a0independientes en las <strong>cinco regiones geogr\u00e1ficas<\/strong> del mundo, quienes se basar\u00e1n en los &#8216;<strong>aspectos objetivo<\/strong>&#8216; de la\u00a0construcci\u00f3n sustentable formuladas por la Fundaci\u00f3n LafargeHolcim, los cuales incluyen<strong>\u00a0criterios de innovaci\u00f3n y transferibilidad<\/strong>, <strong>est\u00e1ndares \u00e9ticos e inclusi\u00f3n socia<\/strong>l, <strong>desempe\u00f1o ambiental y utilizaci\u00f3n de recursos<\/strong>,<strong> viabilidad econ\u00f3mica y compatibilidad<\/strong>, e <strong>impacto contextual y est\u00e9tico<\/strong>.<\/p>\n<p>Las inscripciones estar\u00e1n abiertas hasta el <strong>25 de febrero de 2020<\/strong>, los ganadores ser\u00e1n anunciados entre <strong>septiembre y noviembre de 2020<\/strong>.<\/p>\n<p>Cabe destacar que un equipo mexicano encabezado por la arquitecta\u00a0Loreta Castro de\u00a0<strong>Taller Capital<\/strong>\u00a0y el investigador\u00a0Manuel Perl\u00f3\u00a0de la\u00a0<strong>Universidad Nacional Aut\u00f3noma de M\u00e9xico\u00a0<\/strong>(UNAM) fueron los <strong>ganadores <\/strong>de la<strong> 5\u00b0 edici\u00f3n<\/strong> con la\u00a0creaci\u00f3n de una infraestructura para el manejo del agua en respuesta a una necesidad urgente en la periferia este de la Ciudad de M\u00e9xico, mejor conocida como el <strong>parque hidr\u00e1ulico<\/strong> &#8216;<strong>La Quebradora<\/strong>&#8216;.<\/p>\n","protected":false},"excerpt":{"rendered":"<p>Los &#8216;LafargeHolcim Awards&#8217; son conocidos como la competencia intenacional sobre arquitectura sustentable m\u00e1s importante del mundo<\/p>\n","protected":false},"author":72,"featured_media":91494,"comment_status":"open","ping_status":"closed","sticky":false,"template":"","format":"standard","meta":{"om_disable_all_campaigns":false,"inline_featured_image":false,"_monsterinsights_skip_tracking":false,"_monsterinsights_sitenote_active":false,"_monsterinsights_sitenote_note":"","_monsterinsights_sitenote_category":0,"footnotes":""},"categories":[14,15401],"tags":[22,4136,8443,260],"class_list":["post-91477","post","type-post","status-publish","format-standard","has-post-thumbnail","hentry","category-construccion","category-fundaciones","tag-construccion-2","tag-construccion-sustentable","tag-lafargeholcim-awards","tag-premio"],"yoast_head":"<!-- This site is optimized with the Yoast SEO plugin v27.4 - https:\/\/yoast.com\/product\/yoast-seo-wordpress\/ -->\n<title>Fundaci\u00f3n LafargeHolcim premia construcciones sustentables<\/title>\n<meta name=\"description\" content=\"Los &#039;LafargeHolcim Awards&#039; son conocidos como la competencia intenacional sobre arquitectura sustentable m\u00e1s importante del mundo\" \/>\n<meta name=\"robots\" content=\"index, follow, max-snippet:-1, max-image-preview:large, max-video-preview:-1\" \/>\n<link rel=\"canonical\" href=\"https:\/\/centrourbano.com\/revista\/construccion\/fundacion-lafargeholcim-construccion-sustentable\/\" \/>\n<meta property=\"og:locale\" content=\"es_ES\" \/>\n<meta property=\"og:type\" content=\"article\" \/>\n<meta property=\"og:title\" content=\"Fundaci\u00f3n LafargeHolcim premia construcciones sustentables\" \/>\n<meta property=\"og:description\" content=\"Los &#039;LafargeHolcim Awards&#039; son conocidos como la competencia intenacional sobre arquitectura sustentable m\u00e1s importante del mundo\" \/>\n<meta property=\"og:url\" content=\"https:\/\/centrourbano.com\/revista\/construccion\/fundacion-lafargeholcim-construccion-sustentable\/\" \/>\n<meta property=\"og:site_name\" content=\"Centro Urbano\" \/>\n<meta property=\"article:publisher\" content=\"https:\/\/www.facebook.com\/portalcentrourbano\" \/>\n<meta property=\"article:published_time\" content=\"2019-06-11T13:48:47+00:00\" \/>\n<meta property=\"article:modified_time\" content=\"2019-07-26T19:17:39+00:00\" \/>\n<meta property=\"og:image\" content=\"https:\/\/centrourbano.com\/revista\/wp-content\/uploads\/Fundaci\u00f3n-LafargeHolcim-premia-construcciones-sustentables.jpg\" \/>\n\t<meta property=\"og:image:width\" content=\"737\" \/>\n\t<meta property=\"og:image:height\" content=\"549\" \/>\n\t<meta property=\"og:image:type\" content=\"image\/jpeg\" \/>\n<meta name=\"author\" content=\"Erika Escobar\" \/>\n<meta name=\"twitter:card\" content=\"summary_large_image\" \/>\n<meta name=\"twitter:creator\" content=\"@CentroUrbano\" \/>\n<meta name=\"twitter:site\" content=\"@CentroUrbano\" \/>\n<meta name=\"twitter:label1\" content=\"Escrito por\" \/>\n\t<meta name=\"twitter:data1\" content=\"Erika Escobar\" \/>\n\t<meta name=\"twitter:label2\" content=\"Tiempo de lectura\" \/>\n\t<meta name=\"twitter:data2\" content=\"2 minutos\" \/>\n<script type=\"application\/ld+json\" class=\"yoast-schema-graph\">{\"@context\":\"https:\\\/\\\/schema.org\",\"@graph\":[{\"@type\":\"Article\",\"@id\":\"https:\\\/\\\/centrourbano.com\\\/revista\\\/construccion\\\/fundacion-lafargeholcim-construccion-sustentable\\\/#article\",\"isPartOf\":{\"@id\":\"https:\\\/\\\/centrourbano.com\\\/revista\\\/construccion\\\/fundacion-lafargeholcim-construccion-sustentable\\\/\"},\"author\":{\"name\":\"Erika Escobar\",\"@id\":\"https:\\\/\\\/centrourbano.com\\\/revista\\\/#\\\/schema\\\/person\\\/8469a7904fe3cf3ff7a3c2e0686b6587\"},\"headline\":\"Fundaci\u00f3n LafargeHolcim premia construcciones sustentables\",\"datePublished\":\"2019-06-11T13:48:47+00:00\",\"dateModified\":\"2019-07-26T19:17:39+00:00\",\"mainEntityOfPage\":{\"@id\":\"https:\\\/\\\/centrourbano.com\\\/revista\\\/construccion\\\/fundacion-lafargeholcim-construccion-sustentable\\\/\"},\"wordCount\":446,\"commentCount\":0,\"publisher\":{\"@id\":\"https:\\\/\\\/centrourbano.com\\\/revista\\\/#organization\"},\"image\":{\"@id\":\"https:\\\/\\\/centrourbano.com\\\/revista\\\/construccion\\\/fundacion-lafargeholcim-construccion-sustentable\\\/#primaryimage\"},\"thumbnailUrl\":\"https:\\\/\\\/centrourbano.com\\\/revista\\\/wp-content\\\/uploads\\\/Fundaci\u00f3n-LafargeHolcim-premia-construcciones-sustentables.jpg\",\"keywords\":[\"construcci\u00f3n\",\"construcci\u00f3n sustentable\",\"LafargeHolcim Awards\",\"Premio\"],\"articleSection\":[\"Construcci\u00f3n\",\"Fundaciones\"],\"inLanguage\":\"es\",\"potentialAction\":[{\"@type\":\"CommentAction\",\"name\":\"Comment\",\"target\":[\"https:\\\/\\\/centrourbano.com\\\/revista\\\/construccion\\\/fundacion-lafargeholcim-construccion-sustentable\\\/#respond\"]}]},{\"@type\":\"WebPage\",\"@id\":\"https:\\\/\\\/centrourbano.com\\\/revista\\\/construccion\\\/fundacion-lafargeholcim-construccion-sustentable\\\/\",\"url\":\"https:\\\/\\\/centrourbano.com\\\/revista\\\/construccion\\\/fundacion-lafargeholcim-construccion-sustentable\\\/\",\"name\":\"Fundaci\u00f3n LafargeHolcim premia construcciones sustentables\",\"isPartOf\":{\"@id\":\"https:\\\/\\\/centrourbano.com\\\/revista\\\/#website\"},\"primaryImageOfPage\":{\"@id\":\"https:\\\/\\\/centrourbano.com\\\/revista\\\/construccion\\\/fundacion-lafargeholcim-construccion-sustentable\\\/#primaryimage\"},\"image\":{\"@id\":\"https:\\\/\\\/centrourbano.com\\\/revista\\\/construccion\\\/fundacion-lafargeholcim-construccion-sustentable\\\/#primaryimage\"},\"thumbnailUrl\":\"https:\\\/\\\/centrourbano.com\\\/revista\\\/wp-content\\\/uploads\\\/Fundaci\u00f3n-LafargeHolcim-premia-construcciones-sustentables.jpg\",\"datePublished\":\"2019-06-11T13:48:47+00:00\",\"dateModified\":\"2019-07-26T19:17:39+00:00\",\"description\":\"Los 'LafargeHolcim Awards' son conocidos como la competencia intenacional sobre arquitectura sustentable m\u00e1s importante del mundo\",\"breadcrumb\":{\"@id\":\"https:\\\/\\\/centrourbano.com\\\/revista\\\/construccion\\\/fundacion-lafargeholcim-construccion-sustentable\\\/#breadcrumb\"},\"inLanguage\":\"es\",\"potentialAction\":[{\"@type\":\"ReadAction\",\"target\":[\"https:\\\/\\\/centrourbano.com\\\/revista\\\/construccion\\\/fundacion-lafargeholcim-construccion-sustentable\\\/\"]}]},{\"@type\":\"ImageObject\",\"inLanguage\":\"es\",\"@id\":\"https:\\\/\\\/centrourbano.com\\\/revista\\\/construccion\\\/fundacion-lafargeholcim-construccion-sustentable\\\/#primaryimage\",\"url\":\"https:\\\/\\\/centrourbano.com\\\/revista\\\/wp-content\\\/uploads\\\/Fundaci\u00f3n-LafargeHolcim-premia-construcciones-sustentables.jpg\",\"contentUrl\":\"https:\\\/\\\/centrourbano.com\\\/revista\\\/wp-content\\\/uploads\\\/Fundaci\u00f3n-LafargeHolcim-premia-construcciones-sustentables.jpg\",\"width\":737,\"height\":549,\"caption\":\"Fundaci\u00f3n LafargeHolcim premia construcciones sustentables\"},{\"@type\":\"BreadcrumbList\",\"@id\":\"https:\\\/\\\/centrourbano.com\\\/revista\\\/construccion\\\/fundacion-lafargeholcim-construccion-sustentable\\\/#breadcrumb\",\"itemListElement\":[{\"@type\":\"ListItem\",\"position\":1,\"name\":\"Portada\",\"item\":\"https:\\\/\\\/centrourbano.com\\\/revista\\\/\"},{\"@type\":\"ListItem\",\"position\":2,\"name\":\"Fundaci\u00f3n LafargeHolcim premia construcciones sustentables\"}]},{\"@type\":\"WebSite\",\"@id\":\"https:\\\/\\\/centrourbano.com\\\/revista\\\/#website\",\"url\":\"https:\\\/\\\/centrourbano.com\\\/revista\\\/\",\"name\":\"Centro Urbano\",\"description\":\"Medio especializado en los sectores vivienda, inmobiliario, construcci\u00f3n, arquitectura y urbanismo.\",\"publisher\":{\"@id\":\"https:\\\/\\\/centrourbano.com\\\/revista\\\/#organization\"},\"potentialAction\":[{\"@type\":\"SearchAction\",\"target\":{\"@type\":\"EntryPoint\",\"urlTemplate\":\"https:\\\/\\\/centrourbano.com\\\/revista\\\/?s={search_term_string}\"},\"query-input\":{\"@type\":\"PropertyValueSpecification\",\"valueRequired\":true,\"valueName\":\"search_term_string\"}}],\"inLanguage\":\"es\"},{\"@type\":\"Organization\",\"@id\":\"https:\\\/\\\/centrourbano.com\\\/revista\\\/#organization\",\"name\":\"Centro Urbano\",\"url\":\"https:\\\/\\\/centrourbano.com\\\/revista\\\/\",\"logo\":{\"@type\":\"ImageObject\",\"inLanguage\":\"es\",\"@id\":\"https:\\\/\\\/centrourbano.com\\\/revista\\\/#\\\/schema\\\/logo\\\/image\\\/\",\"url\":\"https:\\\/\\\/centrourbano.com\\\/revista\\\/wp-content\\\/uploads\\\/web_CU_logo-1.png\",\"contentUrl\":\"https:\\\/\\\/centrourbano.com\\\/revista\\\/wp-content\\\/uploads\\\/web_CU_logo-1.png\",\"width\":350,\"height\":91,\"caption\":\"Centro Urbano\"},\"image\":{\"@id\":\"https:\\\/\\\/centrourbano.com\\\/revista\\\/#\\\/schema\\\/logo\\\/image\\\/\"},\"sameAs\":[\"https:\\\/\\\/www.facebook.com\\\/portalcentrourbano\",\"https:\\\/\\\/x.com\\\/CentroUrbano\",\"https:\\\/\\\/www.instagram.com\\\/centro_urbano\\\/\",\"https:\\\/\\\/www.linkedin.com\\\/company\\\/centro-urbano\\\/\",\"http:\\\/\\\/www.youtube.com\\\/user\\\/portalcentrourbano\"]},{\"@type\":\"Person\",\"@id\":\"https:\\\/\\\/centrourbano.com\\\/revista\\\/#\\\/schema\\\/person\\\/8469a7904fe3cf3ff7a3c2e0686b6587\",\"name\":\"Erika Escobar\",\"image\":{\"@type\":\"ImageObject\",\"inLanguage\":\"es\",\"@id\":\"https:\\\/\\\/secure.gravatar.com\\\/avatar\\\/b1a25103701e9979acaf062795c9a583ddab62261a614b46accfcaf729f55957?s=96&d=mm&r=g\",\"url\":\"https:\\\/\\\/secure.gravatar.com\\\/avatar\\\/b1a25103701e9979acaf062795c9a583ddab62261a614b46accfcaf729f55957?s=96&d=mm&r=g\",\"contentUrl\":\"https:\\\/\\\/secure.gravatar.com\\\/avatar\\\/b1a25103701e9979acaf062795c9a583ddab62261a614b46accfcaf729f55957?s=96&d=mm&r=g\",\"caption\":\"Erika Escobar\"},\"url\":\"https:\\\/\\\/centrourbano.com\\\/revista\\\/author\\\/erika-escobar\\\/\"}]}<\/script>\n<!-- \/ Yoast SEO plugin. -->","yoast_head_json":{"title":"Fundaci\u00f3n LafargeHolcim premia construcciones sustentables","description":"Los 'LafargeHolcim Awards' son conocidos como la competencia intenacional sobre arquitectura sustentable m\u00e1s importante del mundo","robots":{"index":"index","follow":"follow","max-snippet":"max-snippet:-1","max-image-preview":"max-image-preview:large","max-video-preview":"max-video-preview:-1"},"canonical":"https:\/\/centrourbano.com\/revista\/construccion\/fundacion-lafargeholcim-construccion-sustentable\/","og_locale":"es_ES","og_type":"article","og_title":"Fundaci\u00f3n LafargeHolcim premia construcciones sustentables","og_description":"Los 'LafargeHolcim Awards' son conocidos como la competencia intenacional sobre arquitectura sustentable m\u00e1s importante del mundo","og_url":"https:\/\/centrourbano.com\/revista\/construccion\/fundacion-lafargeholcim-construccion-sustentable\/","og_site_name":"Centro Urbano","article_publisher":"https:\/\/www.facebook.com\/portalcentrourbano","article_published_time":"2019-06-11T13:48:47+00:00","article_modified_time":"2019-07-26T19:17:39+00:00","og_image":[{"width":737,"height":549,"url":"https:\/\/centrourbano.com\/revista\/wp-content\/uploads\/Fundaci\u00f3n-LafargeHolcim-premia-construcciones-sustentables.jpg","type":"image\/jpeg"}],"author":"Erika Escobar","twitter_card":"summary_large_image","twitter_creator":"@CentroUrbano","twitter_site":"@CentroUrbano","twitter_misc":{"Escrito por":"Erika Escobar","Tiempo de lectura":"2 minutos"},"schema":{"@context":"https:\/\/schema.org","@graph":[{"@type":"Article","@id":"https:\/\/centrourbano.com\/revista\/construccion\/fundacion-lafargeholcim-construccion-sustentable\/#article","isPartOf":{"@id":"https:\/\/centrourbano.com\/revista\/construccion\/fundacion-lafargeholcim-construccion-sustentable\/"},"author":{"name":"Erika Escobar","@id":"https:\/\/centrourbano.com\/revista\/#\/schema\/person\/8469a7904fe3cf3ff7a3c2e0686b6587"},"headline":"Fundaci\u00f3n LafargeHolcim premia construcciones sustentables","datePublished":"2019-06-11T13:48:47+00:00","dateModified":"2019-07-26T19:17:39+00:00","mainEntityOfPage":{"@id":"https:\/\/centrourbano.com\/revista\/construccion\/fundacion-lafargeholcim-construccion-sustentable\/"},"wordCount":446,"commentCount":0,"publisher":{"@id":"https:\/\/centrourbano.com\/revista\/#organization"},"image":{"@id":"https:\/\/centrourbano.com\/revista\/construccion\/fundacion-lafargeholcim-construccion-sustentable\/#primaryimage"},"thumbnailUrl":"https:\/\/centrourbano.com\/revista\/wp-content\/uploads\/Fundaci\u00f3n-LafargeHolcim-premia-construcciones-sustentables.jpg","keywords":["construcci\u00f3n","construcci\u00f3n sustentable","LafargeHolcim Awards","Premio"],"articleSection":["Construcci\u00f3n","Fundaciones"],"inLanguage":"es","potentialAction":[{"@type":"CommentAction","name":"Comment","target":["https:\/\/centrourbano.com\/revista\/construccion\/fundacion-lafargeholcim-construccion-sustentable\/#respond"]}]},{"@type":"WebPage","@id":"https:\/\/centrourbano.com\/revista\/construccion\/fundacion-lafargeholcim-construccion-sustentable\/","url":"https:\/\/centrourbano.com\/revista\/construccion\/fundacion-lafargeholcim-construccion-sustentable\/","name":"Fundaci\u00f3n LafargeHolcim premia construcciones sustentables","isPartOf":{"@id":"https:\/\/centrourbano.com\/revista\/#website"},"primaryImageOfPage":{"@id":"https:\/\/centrourbano.com\/revista\/construccion\/fundacion-lafargeholcim-construccion-sustentable\/#primaryimage"},"image":{"@id":"https:\/\/centrourbano.com\/revista\/construccion\/fundacion-lafargeholcim-construccion-sustentable\/#primaryimage"},"thumbnailUrl":"https:\/\/centrourbano.com\/revista\/wp-content\/uploads\/Fundaci\u00f3n-LafargeHolcim-premia-construcciones-sustentables.jpg","datePublished":"2019-06-11T13:48:47+00:00","dateModified":"2019-07-26T19:17:39+00:00","description":"Los 'LafargeHolcim Awards' son conocidos como la competencia intenacional sobre arquitectura sustentable m\u00e1s importante del mundo","breadcrumb":{"@id":"https:\/\/centrourbano.com\/revista\/construccion\/fundacion-lafargeholcim-construccion-sustentable\/#breadcrumb"},"inLanguage":"es","potentialAction":[{"@type":"ReadAction","target":["https:\/\/centrourbano.com\/revista\/construccion\/fundacion-lafargeholcim-construccion-sustentable\/"]}]},{"@type":"ImageObject","inLanguage":"es","@id":"https:\/\/centrourbano.com\/revista\/construccion\/fundacion-lafargeholcim-construccion-sustentable\/#primaryimage","url":"https:\/\/centrourbano.com\/revista\/wp-content\/uploads\/Fundaci\u00f3n-LafargeHolcim-premia-construcciones-sustentables.jpg","contentUrl":"https:\/\/centrourbano.com\/revista\/wp-content\/uploads\/Fundaci\u00f3n-LafargeHolcim-premia-construcciones-sustentables.jpg","width":737,"height":549,"caption":"Fundaci\u00f3n LafargeHolcim premia construcciones sustentables"},{"@type":"BreadcrumbList","@id":"https:\/\/centrourbano.com\/revista\/construccion\/fundacion-lafargeholcim-construccion-sustentable\/#breadcrumb","itemListElement":[{"@type":"ListItem","position":1,"name":"Portada","item":"https:\/\/centrourbano.com\/revista\/"},{"@type":"ListItem","position":2,"name":"Fundaci\u00f3n LafargeHolcim premia construcciones sustentables"}]},{"@type":"WebSite","@id":"https:\/\/centrourbano.com\/revista\/#website","url":"https:\/\/centrourbano.com\/revista\/","name":"Centro Urbano","description":"Medio especializado en los sectores vivienda, inmobiliario, construcci\u00f3n, arquitectura y urbanismo.","publisher":{"@id":"https:\/\/centrourbano.com\/revista\/#organization"},"potentialAction":[{"@type":"SearchAction","target":{"@type":"EntryPoint","urlTemplate":"https:\/\/centrourbano.com\/revista\/?s={search_term_string}"},"query-input":{"@type":"PropertyValueSpecification","valueRequired":true,"valueName":"search_term_string"}}],"inLanguage":"es"},{"@type":"Organization","@id":"https:\/\/centrourbano.com\/revista\/#organization","name":"Centro Urbano","url":"https:\/\/centrourbano.com\/revista\/","logo":{"@type":"ImageObject","inLanguage":"es","@id":"https:\/\/centrourbano.com\/revista\/#\/schema\/logo\/image\/","url":"https:\/\/centrourbano.com\/revista\/wp-content\/uploads\/web_CU_logo-1.png","contentUrl":"https:\/\/centrourbano.com\/revista\/wp-content\/uploads\/web_CU_logo-1.png","width":350,"height":91,"caption":"Centro Urbano"},"image":{"@id":"https:\/\/centrourbano.com\/revista\/#\/schema\/logo\/image\/"},"sameAs":["https:\/\/www.facebook.com\/portalcentrourbano","https:\/\/x.com\/CentroUrbano","https:\/\/www.instagram.com\/centro_urbano\/","https:\/\/www.linkedin.com\/company\/centro-urbano\/","http:\/\/www.youtube.com\/user\/portalcentrourbano"]},{"@type":"Person","@id":"https:\/\/centrourbano.com\/revista\/#\/schema\/person\/8469a7904fe3cf3ff7a3c2e0686b6587","name":"Erika Escobar","image":{"@type":"ImageObject","inLanguage":"es","@id":"https:\/\/secure.gravatar.com\/avatar\/b1a25103701e9979acaf062795c9a583ddab62261a614b46accfcaf729f55957?s=96&d=mm&r=g","url":"https:\/\/secure.gravatar.com\/avatar\/b1a25103701e9979acaf062795c9a583ddab62261a614b46accfcaf729f55957?s=96&d=mm&r=g","contentUrl":"https:\/\/secure.gravatar.com\/avatar\/b1a25103701e9979acaf062795c9a583ddab62261a614b46accfcaf729f55957?s=96&d=mm&r=g","caption":"Erika Escobar"},"url":"https:\/\/centrourbano.com\/revista\/author\/erika-escobar\/"}]}},"_links":{"self":[{"href":"https:\/\/centrourbano.com\/revista\/wp-json\/wp\/v2\/posts\/91477","targetHints":{"allow":["GET"]}}],"collection":[{"href":"https:\/\/centrourbano.com\/revista\/wp-json\/wp\/v2\/posts"}],"about":[{"href":"https:\/\/centrourbano.com\/revista\/wp-json\/wp\/v2\/types\/post"}],"author":[{"embeddable":true,"href":"https:\/\/centrourbano.com\/revista\/wp-json\/wp\/v2\/users\/72"}],"replies":[{"embeddable":true,"href":"https:\/\/centrourbano.com\/revista\/wp-json\/wp\/v2\/comments?post=91477"}],"version-history":[{"count":4,"href":"https:\/\/centrourbano.com\/revista\/wp-json\/wp\/v2\/posts\/91477\/revisions"}],"predecessor-version":[{"id":91530,"href":"https:\/\/centrourbano.com\/revista\/wp-json\/wp\/v2\/posts\/91477\/revisions\/91530"}],"wp:featuredmedia":[{"embeddable":true,"href":"https:\/\/centrourbano.com\/revista\/wp-json\/wp\/v2\/media\/91494"}],"wp:attachment":[{"href":"https:\/\/centrourbano.com\/revista\/wp-json\/wp\/v2\/media?parent=91477"}],"wp:term":[{"taxonomy":"category","embeddable":true,"href":"https:\/\/centrourbano.com\/revista\/wp-json\/wp\/v2\/categories?post=91477"},{"taxonomy":"post_tag","embeddable":true,"href":"https:\/\/centrourbano.com\/revista\/wp-json\/wp\/v2\/tags?post=91477"}],"curies":[{"name":"wp","href":"https:\/\/api.w.org\/{rel}","templated":true}]}}