{"id":91267,"date":"2019-06-05T14:34:03","date_gmt":"2019-06-05T19:34:03","guid":{"rendered":"https:\/\/centrourbano.com\/?p=91267"},"modified":"2019-06-05T14:56:55","modified_gmt":"2019-06-05T19:56:55","slug":"vivienda-produccion-cdmx","status":"publish","type":"post","link":"https:\/\/centrourbano.com\/revista\/vivienda\/vivienda-produccion-cdmx\/","title":{"rendered":"Producci\u00f3n de vivienda en CDMX baj\u00f3 44% en el primer cuatrimestre"},"content":{"rendered":"<p><em>En abril, el descenso en el n\u00famero de unidades desarrolladas se ubic\u00f3 por arriba de 80%<\/em><!--more--><\/p>\n<p>La <strong>producci\u00f3n de vivienda<\/strong> en la Ciudad de M\u00e9xico ha ca\u00eddo 44.6% en los primeros cuatro meses de 2019. Y es que de acuerdo con datos del <strong>Registro \u00danico de Vivienda<\/strong> (RUV), el n\u00famero de unidades pas\u00f3 de 618 en 2018 a 342 en el primer cuatrimestre del presente a\u00f1o.<\/p>\n<p>Seg\u00fan la informaci\u00f3n difundida, en la actividad por mes, abril se ubic\u00f3 como el de mayor descenso. Los datos del RUV muestran que la producci\u00f3n tuvo una baja de <strong>83%<\/strong>, al pasar de 275 viviendas generadas en 2018, a 46 contabilizadas este a\u00f1o.<\/p>\n<p>En el caso de los meses de <strong>marzo<\/strong> y <strong>abril<\/strong>, la producci\u00f3n de vivienda se concentr\u00f3 en los segmentos <strong>tradicional<\/strong> y <strong>medio<\/strong>, en donde el tradicional ha representado m\u00e1s del 80% de la producci\u00f3n.<\/p>\n<p>En el mes de <strong>febrero<\/strong>, la producci\u00f3n se dividi\u00f3 de la siguiente forma: 64% en vivienda media y 30% tradicional; el resto se divide en popular (3.80%) y residencial (1.10%). Para <strong>enero<\/strong>, la producci\u00f3n se fragment\u00f3 en 74.5% en tradicional, 12.73% en vivienda media, y el resto en el segmento popular.<\/p>\n<p>&nbsp;<\/p>\n<a href=\"https:\/\/centrourbano.com\/revista\/wp-content\/uploads\/Producci\u00f3n-vivienda-CDMX_abril-2019-1.jpg\" target=\"_blank\" rel=\"noopener noreferrer\"><img loading=\"lazy\" decoding=\"async\" class=\"aligncenter wp-image-91273\" src=\"https:\/\/centrourbano.com\/revista\/wp-content\/uploads\/Producci\u00f3n-vivienda-CDMX_abril-2019-1-1024x502.jpg\" alt=\"\" width=\"1121\" height=\"550\" srcset=\"https:\/\/centrourbano.com\/revista\/wp-content\/uploads\/Producci\u00f3n-vivienda-CDMX_abril-2019-1-1024x502.jpg 1024w, https:\/\/centrourbano.com\/revista\/wp-content\/uploads\/Producci\u00f3n-vivienda-CDMX_abril-2019-1-300x147.jpg 300w, https:\/\/centrourbano.com\/revista\/wp-content\/uploads\/Producci\u00f3n-vivienda-CDMX_abril-2019-1-768x377.jpg 768w, https:\/\/centrourbano.com\/revista\/wp-content\/uploads\/Producci\u00f3n-vivienda-CDMX_abril-2019-1.jpg 1440w\" sizes=\"auto, (max-width: 1121px) 100vw, 1121px\" \/><\/a>\n","protected":false},"excerpt":{"rendered":"<p>En abril, el descenso en el n\u00famero de unidades desarrolladas se ubic\u00f3 por arriba de 80%<\/p>\n","protected":false},"author":47,"featured_media":84665,"comment_status":"open","ping_status":"closed","sticky":false,"template":"","format":"standard","meta":{"om_disable_all_campaigns":false,"inline_featured_image":false,"_monsterinsights_skip_tracking":false,"_monsterinsights_sitenote_active":false,"_monsterinsights_sitenote_note":"","_monsterinsights_sitenote_category":0,"footnotes":""},"categories":[12],"tags":[290,3790,1508,104,60],"class_list":["post-91267","post","type-post","status-publish","format-standard","has-post-thumbnail","hentry","category-vivienda","tag-ciudad-de-mexico","tag-produccion","tag-registro-unico-de-vivienda","tag-ruv","tag-vivienda-2"],"yoast_head":"<!-- This site is optimized with the Yoast SEO plugin v27.4 - https:\/\/yoast.com\/product\/yoast-seo-wordpress\/ -->\n<title>Producci\u00f3n de vivienda en Ciudad de M\u00e9xico baj\u00f3 44%<\/title>\n<meta name=\"description\" content=\"La producci\u00f3n de vivienda en la Ciudad de M\u00e9xico ha ca\u00eddo 44.6% en los primeros cuatro meses de 2019. Y es que de acuerdo...\" \/>\n<meta name=\"robots\" content=\"index, follow, max-snippet:-1, max-image-preview:large, max-video-preview:-1\" \/>\n<link rel=\"canonical\" href=\"https:\/\/centrourbano.com\/revista\/vivienda\/vivienda-produccion-cdmx\/\" \/>\n<meta property=\"og:locale\" content=\"es_ES\" \/>\n<meta property=\"og:type\" content=\"article\" \/>\n<meta property=\"og:title\" content=\"Producci\u00f3n de vivienda en Ciudad de M\u00e9xico baj\u00f3 44%\" \/>\n<meta property=\"og:description\" content=\"La producci\u00f3n de vivienda en la Ciudad de M\u00e9xico ha ca\u00eddo 44.6% en los primeros cuatro meses de 2019. Y es que de acuerdo...\" \/>\n<meta property=\"og:url\" content=\"https:\/\/centrourbano.com\/revista\/vivienda\/vivienda-produccion-cdmx\/\" \/>\n<meta property=\"og:site_name\" content=\"Centro Urbano\" \/>\n<meta property=\"article:publisher\" content=\"https:\/\/www.facebook.com\/portalcentrourbano\" \/>\n<meta property=\"article:published_time\" content=\"2019-06-05T19:34:03+00:00\" \/>\n<meta property=\"article:modified_time\" content=\"2019-06-05T19:56:55+00:00\" \/>\n<meta property=\"og:image\" content=\"https:\/\/centrourbano.com\/revista\/wp-content\/uploads\/Quiero-Casa_Iztapalapa-e1547567341750.jpg\" \/>\n\t<meta property=\"og:image:width\" content=\"800\" \/>\n\t<meta property=\"og:image:height\" content=\"450\" \/>\n\t<meta property=\"og:image:type\" content=\"image\/jpeg\" \/>\n<meta name=\"author\" content=\"Edgar Rosas\" \/>\n<meta name=\"twitter:card\" content=\"summary_large_image\" \/>\n<meta name=\"twitter:creator\" content=\"@https:\/\/twitter.com\/ERosasCU?s=09\" \/>\n<meta name=\"twitter:site\" content=\"@CentroUrbano\" \/>\n<meta name=\"twitter:label1\" content=\"Escrito por\" \/>\n\t<meta name=\"twitter:data1\" content=\"Edgar Rosas\" \/>\n\t<meta name=\"twitter:label2\" content=\"Tiempo de lectura\" \/>\n\t<meta name=\"twitter:data2\" content=\"1 minuto\" \/>\n<script type=\"application\/ld+json\" class=\"yoast-schema-graph\">{\"@context\":\"https:\\\/\\\/schema.org\",\"@graph\":[{\"@type\":\"Article\",\"@id\":\"https:\\\/\\\/centrourbano.com\\\/revista\\\/vivienda\\\/vivienda-produccion-cdmx\\\/#article\",\"isPartOf\":{\"@id\":\"https:\\\/\\\/centrourbano.com\\\/revista\\\/vivienda\\\/vivienda-produccion-cdmx\\\/\"},\"author\":{\"name\":\"Edgar Rosas\",\"@id\":\"https:\\\/\\\/centrourbano.com\\\/revista\\\/#\\\/schema\\\/person\\\/ff3c00651ce5b1630479d2cd0c2e3ac0\"},\"headline\":\"Producci\u00f3n de vivienda en CDMX baj\u00f3 44% en el primer cuatrimestre\",\"datePublished\":\"2019-06-05T19:34:03+00:00\",\"dateModified\":\"2019-06-05T19:56:55+00:00\",\"mainEntityOfPage\":{\"@id\":\"https:\\\/\\\/centrourbano.com\\\/revista\\\/vivienda\\\/vivienda-produccion-cdmx\\\/\"},\"wordCount\":204,\"commentCount\":0,\"publisher\":{\"@id\":\"https:\\\/\\\/centrourbano.com\\\/revista\\\/#organization\"},\"image\":{\"@id\":\"https:\\\/\\\/centrourbano.com\\\/revista\\\/vivienda\\\/vivienda-produccion-cdmx\\\/#primaryimage\"},\"thumbnailUrl\":\"https:\\\/\\\/centrourbano.com\\\/revista\\\/wp-content\\\/uploads\\\/Quiero-Casa_Iztapalapa-e1547567341750.jpg\",\"keywords\":[\"ciudad de M\u00e9xico\",\"producci\u00f3n\",\"Registro \u00danico de Vivienda\",\"RUV\",\"vivienda\"],\"articleSection\":[\"Vivienda\"],\"inLanguage\":\"es\",\"potentialAction\":[{\"@type\":\"CommentAction\",\"name\":\"Comment\",\"target\":[\"https:\\\/\\\/centrourbano.com\\\/revista\\\/vivienda\\\/vivienda-produccion-cdmx\\\/#respond\"]}]},{\"@type\":\"WebPage\",\"@id\":\"https:\\\/\\\/centrourbano.com\\\/revista\\\/vivienda\\\/vivienda-produccion-cdmx\\\/\",\"url\":\"https:\\\/\\\/centrourbano.com\\\/revista\\\/vivienda\\\/vivienda-produccion-cdmx\\\/\",\"name\":\"Producci\u00f3n de vivienda en Ciudad de M\u00e9xico baj\u00f3 44%\",\"isPartOf\":{\"@id\":\"https:\\\/\\\/centrourbano.com\\\/revista\\\/#website\"},\"primaryImageOfPage\":{\"@id\":\"https:\\\/\\\/centrourbano.com\\\/revista\\\/vivienda\\\/vivienda-produccion-cdmx\\\/#primaryimage\"},\"image\":{\"@id\":\"https:\\\/\\\/centrourbano.com\\\/revista\\\/vivienda\\\/vivienda-produccion-cdmx\\\/#primaryimage\"},\"thumbnailUrl\":\"https:\\\/\\\/centrourbano.com\\\/revista\\\/wp-content\\\/uploads\\\/Quiero-Casa_Iztapalapa-e1547567341750.jpg\",\"datePublished\":\"2019-06-05T19:34:03+00:00\",\"dateModified\":\"2019-06-05T19:56:55+00:00\",\"description\":\"La producci\u00f3n de vivienda en la Ciudad de M\u00e9xico ha ca\u00eddo 44.6% en los primeros cuatro meses de 2019. Y es que de acuerdo...\",\"breadcrumb\":{\"@id\":\"https:\\\/\\\/centrourbano.com\\\/revista\\\/vivienda\\\/vivienda-produccion-cdmx\\\/#breadcrumb\"},\"inLanguage\":\"es\",\"potentialAction\":[{\"@type\":\"ReadAction\",\"target\":[\"https:\\\/\\\/centrourbano.com\\\/revista\\\/vivienda\\\/vivienda-produccion-cdmx\\\/\"]}]},{\"@type\":\"ImageObject\",\"inLanguage\":\"es\",\"@id\":\"https:\\\/\\\/centrourbano.com\\\/revista\\\/vivienda\\\/vivienda-produccion-cdmx\\\/#primaryimage\",\"url\":\"https:\\\/\\\/centrourbano.com\\\/revista\\\/wp-content\\\/uploads\\\/Quiero-Casa_Iztapalapa-e1547567341750.jpg\",\"contentUrl\":\"https:\\\/\\\/centrourbano.com\\\/revista\\\/wp-content\\\/uploads\\\/Quiero-Casa_Iztapalapa-e1547567341750.jpg\",\"width\":800,\"height\":450,\"caption\":\"En la parte final de 2018, el Estado de M\u00e9xico registr\u00f3 un crecimiento de 14%\"},{\"@type\":\"BreadcrumbList\",\"@id\":\"https:\\\/\\\/centrourbano.com\\\/revista\\\/vivienda\\\/vivienda-produccion-cdmx\\\/#breadcrumb\",\"itemListElement\":[{\"@type\":\"ListItem\",\"position\":1,\"name\":\"Portada\",\"item\":\"https:\\\/\\\/centrourbano.com\\\/revista\\\/\"},{\"@type\":\"ListItem\",\"position\":2,\"name\":\"Producci\u00f3n de vivienda en CDMX baj\u00f3 44% en el primer cuatrimestre\"}]},{\"@type\":\"WebSite\",\"@id\":\"https:\\\/\\\/centrourbano.com\\\/revista\\\/#website\",\"url\":\"https:\\\/\\\/centrourbano.com\\\/revista\\\/\",\"name\":\"Centro Urbano\",\"description\":\"Medio especializado en los sectores vivienda, inmobiliario, construcci\u00f3n, arquitectura y urbanismo.\",\"publisher\":{\"@id\":\"https:\\\/\\\/centrourbano.com\\\/revista\\\/#organization\"},\"potentialAction\":[{\"@type\":\"SearchAction\",\"target\":{\"@type\":\"EntryPoint\",\"urlTemplate\":\"https:\\\/\\\/centrourbano.com\\\/revista\\\/?s={search_term_string}\"},\"query-input\":{\"@type\":\"PropertyValueSpecification\",\"valueRequired\":true,\"valueName\":\"search_term_string\"}}],\"inLanguage\":\"es\"},{\"@type\":\"Organization\",\"@id\":\"https:\\\/\\\/centrourbano.com\\\/revista\\\/#organization\",\"name\":\"Centro Urbano\",\"url\":\"https:\\\/\\\/centrourbano.com\\\/revista\\\/\",\"logo\":{\"@type\":\"ImageObject\",\"inLanguage\":\"es\",\"@id\":\"https:\\\/\\\/centrourbano.com\\\/revista\\\/#\\\/schema\\\/logo\\\/image\\\/\",\"url\":\"https:\\\/\\\/centrourbano.com\\\/revista\\\/wp-content\\\/uploads\\\/web_CU_logo-1.png\",\"contentUrl\":\"https:\\\/\\\/centrourbano.com\\\/revista\\\/wp-content\\\/uploads\\\/web_CU_logo-1.png\",\"width\":350,\"height\":91,\"caption\":\"Centro Urbano\"},\"image\":{\"@id\":\"https:\\\/\\\/centrourbano.com\\\/revista\\\/#\\\/schema\\\/logo\\\/image\\\/\"},\"sameAs\":[\"https:\\\/\\\/www.facebook.com\\\/portalcentrourbano\",\"https:\\\/\\\/x.com\\\/CentroUrbano\",\"https:\\\/\\\/www.instagram.com\\\/centro_urbano\\\/\",\"https:\\\/\\\/www.linkedin.com\\\/company\\\/centro-urbano\\\/\",\"http:\\\/\\\/www.youtube.com\\\/user\\\/portalcentrourbano\"]},{\"@type\":\"Person\",\"@id\":\"https:\\\/\\\/centrourbano.com\\\/revista\\\/#\\\/schema\\\/person\\\/ff3c00651ce5b1630479d2cd0c2e3ac0\",\"name\":\"Edgar Rosas\",\"image\":{\"@type\":\"ImageObject\",\"inLanguage\":\"es\",\"@id\":\"https:\\\/\\\/secure.gravatar.com\\\/avatar\\\/94440c4283495211faa5300bf85e80061036b83fced868c3783aa1310b350d9c?s=96&d=mm&r=g\",\"url\":\"https:\\\/\\\/secure.gravatar.com\\\/avatar\\\/94440c4283495211faa5300bf85e80061036b83fced868c3783aa1310b350d9c?s=96&d=mm&r=g\",\"contentUrl\":\"https:\\\/\\\/secure.gravatar.com\\\/avatar\\\/94440c4283495211faa5300bf85e80061036b83fced868c3783aa1310b350d9c?s=96&d=mm&r=g\",\"caption\":\"Edgar Rosas\"},\"description\":\"Editor en Jefe de Centro Urbano. Egresado de la maestr\u00eda en Periodismo Pol\u00edtico de la Escuela de Periodismo Carlos Septi\u00e9n Garc\u00eda (EPCSG). Estudi\u00f3 la licenciatura en Comunicaci\u00f3n en la Universidad Mexicana. Amante de la cr\u00f3nica y el reportaje. Admirador de Vicente Le\u00f1ero y Miguel \u00c1ngel Granados Chapa.\",\"sameAs\":[\"https:\\\/\\\/x.com\\\/https:\\\/\\\/twitter.com\\\/ERosasCU?s=09\"],\"url\":\"https:\\\/\\\/centrourbano.com\\\/revista\\\/author\\\/edgar-rosas\\\/\"}]}<\/script>\n<!-- \/ Yoast SEO plugin. -->","yoast_head_json":{"title":"Producci\u00f3n de vivienda en Ciudad de M\u00e9xico baj\u00f3 44%","description":"La producci\u00f3n de vivienda en la Ciudad de M\u00e9xico ha ca\u00eddo 44.6% en los primeros cuatro meses de 2019. Y es que de acuerdo...","robots":{"index":"index","follow":"follow","max-snippet":"max-snippet:-1","max-image-preview":"max-image-preview:large","max-video-preview":"max-video-preview:-1"},"canonical":"https:\/\/centrourbano.com\/revista\/vivienda\/vivienda-produccion-cdmx\/","og_locale":"es_ES","og_type":"article","og_title":"Producci\u00f3n de vivienda en Ciudad de M\u00e9xico baj\u00f3 44%","og_description":"La producci\u00f3n de vivienda en la Ciudad de M\u00e9xico ha ca\u00eddo 44.6% en los primeros cuatro meses de 2019. Y es que de acuerdo...","og_url":"https:\/\/centrourbano.com\/revista\/vivienda\/vivienda-produccion-cdmx\/","og_site_name":"Centro Urbano","article_publisher":"https:\/\/www.facebook.com\/portalcentrourbano","article_published_time":"2019-06-05T19:34:03+00:00","article_modified_time":"2019-06-05T19:56:55+00:00","og_image":[{"width":800,"height":450,"url":"https:\/\/centrourbano.com\/revista\/wp-content\/uploads\/Quiero-Casa_Iztapalapa-e1547567341750.jpg","type":"image\/jpeg"}],"author":"Edgar Rosas","twitter_card":"summary_large_image","twitter_creator":"@https:\/\/twitter.com\/ERosasCU?s=09","twitter_site":"@CentroUrbano","twitter_misc":{"Escrito por":"Edgar Rosas","Tiempo de lectura":"1 minuto"},"schema":{"@context":"https:\/\/schema.org","@graph":[{"@type":"Article","@id":"https:\/\/centrourbano.com\/revista\/vivienda\/vivienda-produccion-cdmx\/#article","isPartOf":{"@id":"https:\/\/centrourbano.com\/revista\/vivienda\/vivienda-produccion-cdmx\/"},"author":{"name":"Edgar Rosas","@id":"https:\/\/centrourbano.com\/revista\/#\/schema\/person\/ff3c00651ce5b1630479d2cd0c2e3ac0"},"headline":"Producci\u00f3n de vivienda en CDMX baj\u00f3 44% en el primer cuatrimestre","datePublished":"2019-06-05T19:34:03+00:00","dateModified":"2019-06-05T19:56:55+00:00","mainEntityOfPage":{"@id":"https:\/\/centrourbano.com\/revista\/vivienda\/vivienda-produccion-cdmx\/"},"wordCount":204,"commentCount":0,"publisher":{"@id":"https:\/\/centrourbano.com\/revista\/#organization"},"image":{"@id":"https:\/\/centrourbano.com\/revista\/vivienda\/vivienda-produccion-cdmx\/#primaryimage"},"thumbnailUrl":"https:\/\/centrourbano.com\/revista\/wp-content\/uploads\/Quiero-Casa_Iztapalapa-e1547567341750.jpg","keywords":["ciudad de M\u00e9xico","producci\u00f3n","Registro \u00danico de Vivienda","RUV","vivienda"],"articleSection":["Vivienda"],"inLanguage":"es","potentialAction":[{"@type":"CommentAction","name":"Comment","target":["https:\/\/centrourbano.com\/revista\/vivienda\/vivienda-produccion-cdmx\/#respond"]}]},{"@type":"WebPage","@id":"https:\/\/centrourbano.com\/revista\/vivienda\/vivienda-produccion-cdmx\/","url":"https:\/\/centrourbano.com\/revista\/vivienda\/vivienda-produccion-cdmx\/","name":"Producci\u00f3n de vivienda en Ciudad de M\u00e9xico baj\u00f3 44%","isPartOf":{"@id":"https:\/\/centrourbano.com\/revista\/#website"},"primaryImageOfPage":{"@id":"https:\/\/centrourbano.com\/revista\/vivienda\/vivienda-produccion-cdmx\/#primaryimage"},"image":{"@id":"https:\/\/centrourbano.com\/revista\/vivienda\/vivienda-produccion-cdmx\/#primaryimage"},"thumbnailUrl":"https:\/\/centrourbano.com\/revista\/wp-content\/uploads\/Quiero-Casa_Iztapalapa-e1547567341750.jpg","datePublished":"2019-06-05T19:34:03+00:00","dateModified":"2019-06-05T19:56:55+00:00","description":"La producci\u00f3n de vivienda en la Ciudad de M\u00e9xico ha ca\u00eddo 44.6% en los primeros cuatro meses de 2019. Y es que de acuerdo...","breadcrumb":{"@id":"https:\/\/centrourbano.com\/revista\/vivienda\/vivienda-produccion-cdmx\/#breadcrumb"},"inLanguage":"es","potentialAction":[{"@type":"ReadAction","target":["https:\/\/centrourbano.com\/revista\/vivienda\/vivienda-produccion-cdmx\/"]}]},{"@type":"ImageObject","inLanguage":"es","@id":"https:\/\/centrourbano.com\/revista\/vivienda\/vivienda-produccion-cdmx\/#primaryimage","url":"https:\/\/centrourbano.com\/revista\/wp-content\/uploads\/Quiero-Casa_Iztapalapa-e1547567341750.jpg","contentUrl":"https:\/\/centrourbano.com\/revista\/wp-content\/uploads\/Quiero-Casa_Iztapalapa-e1547567341750.jpg","width":800,"height":450,"caption":"En la parte final de 2018, el Estado de M\u00e9xico registr\u00f3 un crecimiento de 14%"},{"@type":"BreadcrumbList","@id":"https:\/\/centrourbano.com\/revista\/vivienda\/vivienda-produccion-cdmx\/#breadcrumb","itemListElement":[{"@type":"ListItem","position":1,"name":"Portada","item":"https:\/\/centrourbano.com\/revista\/"},{"@type":"ListItem","position":2,"name":"Producci\u00f3n de vivienda en CDMX baj\u00f3 44% en el primer cuatrimestre"}]},{"@type":"WebSite","@id":"https:\/\/centrourbano.com\/revista\/#website","url":"https:\/\/centrourbano.com\/revista\/","name":"Centro Urbano","description":"Medio especializado en los sectores vivienda, inmobiliario, construcci\u00f3n, arquitectura y urbanismo.","publisher":{"@id":"https:\/\/centrourbano.com\/revista\/#organization"},"potentialAction":[{"@type":"SearchAction","target":{"@type":"EntryPoint","urlTemplate":"https:\/\/centrourbano.com\/revista\/?s={search_term_string}"},"query-input":{"@type":"PropertyValueSpecification","valueRequired":true,"valueName":"search_term_string"}}],"inLanguage":"es"},{"@type":"Organization","@id":"https:\/\/centrourbano.com\/revista\/#organization","name":"Centro Urbano","url":"https:\/\/centrourbano.com\/revista\/","logo":{"@type":"ImageObject","inLanguage":"es","@id":"https:\/\/centrourbano.com\/revista\/#\/schema\/logo\/image\/","url":"https:\/\/centrourbano.com\/revista\/wp-content\/uploads\/web_CU_logo-1.png","contentUrl":"https:\/\/centrourbano.com\/revista\/wp-content\/uploads\/web_CU_logo-1.png","width":350,"height":91,"caption":"Centro Urbano"},"image":{"@id":"https:\/\/centrourbano.com\/revista\/#\/schema\/logo\/image\/"},"sameAs":["https:\/\/www.facebook.com\/portalcentrourbano","https:\/\/x.com\/CentroUrbano","https:\/\/www.instagram.com\/centro_urbano\/","https:\/\/www.linkedin.com\/company\/centro-urbano\/","http:\/\/www.youtube.com\/user\/portalcentrourbano"]},{"@type":"Person","@id":"https:\/\/centrourbano.com\/revista\/#\/schema\/person\/ff3c00651ce5b1630479d2cd0c2e3ac0","name":"Edgar Rosas","image":{"@type":"ImageObject","inLanguage":"es","@id":"https:\/\/secure.gravatar.com\/avatar\/94440c4283495211faa5300bf85e80061036b83fced868c3783aa1310b350d9c?s=96&d=mm&r=g","url":"https:\/\/secure.gravatar.com\/avatar\/94440c4283495211faa5300bf85e80061036b83fced868c3783aa1310b350d9c?s=96&d=mm&r=g","contentUrl":"https:\/\/secure.gravatar.com\/avatar\/94440c4283495211faa5300bf85e80061036b83fced868c3783aa1310b350d9c?s=96&d=mm&r=g","caption":"Edgar Rosas"},"description":"Editor en Jefe de Centro Urbano. Egresado de la maestr\u00eda en Periodismo Pol\u00edtico de la Escuela de Periodismo Carlos Septi\u00e9n Garc\u00eda (EPCSG). Estudi\u00f3 la licenciatura en Comunicaci\u00f3n en la Universidad Mexicana. Amante de la cr\u00f3nica y el reportaje. Admirador de Vicente Le\u00f1ero y Miguel \u00c1ngel Granados Chapa.","sameAs":["https:\/\/x.com\/https:\/\/twitter.com\/ERosasCU?s=09"],"url":"https:\/\/centrourbano.com\/revista\/author\/edgar-rosas\/"}]}},"_links":{"self":[{"href":"https:\/\/centrourbano.com\/revista\/wp-json\/wp\/v2\/posts\/91267","targetHints":{"allow":["GET"]}}],"collection":[{"href":"https:\/\/centrourbano.com\/revista\/wp-json\/wp\/v2\/posts"}],"about":[{"href":"https:\/\/centrourbano.com\/revista\/wp-json\/wp\/v2\/types\/post"}],"author":[{"embeddable":true,"href":"https:\/\/centrourbano.com\/revista\/wp-json\/wp\/v2\/users\/47"}],"replies":[{"embeddable":true,"href":"https:\/\/centrourbano.com\/revista\/wp-json\/wp\/v2\/comments?post=91267"}],"version-history":[{"count":6,"href":"https:\/\/centrourbano.com\/revista\/wp-json\/wp\/v2\/posts\/91267\/revisions"}],"predecessor-version":[{"id":91281,"href":"https:\/\/centrourbano.com\/revista\/wp-json\/wp\/v2\/posts\/91267\/revisions\/91281"}],"wp:featuredmedia":[{"embeddable":true,"href":"https:\/\/centrourbano.com\/revista\/wp-json\/wp\/v2\/media\/84665"}],"wp:attachment":[{"href":"https:\/\/centrourbano.com\/revista\/wp-json\/wp\/v2\/media?parent=91267"}],"wp:term":[{"taxonomy":"category","embeddable":true,"href":"https:\/\/centrourbano.com\/revista\/wp-json\/wp\/v2\/categories?post=91267"},{"taxonomy":"post_tag","embeddable":true,"href":"https:\/\/centrourbano.com\/revista\/wp-json\/wp\/v2\/tags?post=91267"}],"curies":[{"name":"wp","href":"https:\/\/api.w.org\/{rel}","templated":true}]}}