{"id":91151,"date":"2019-05-30T18:05:34","date_gmt":"2019-05-30T23:05:34","guid":{"rendered":"https:\/\/centrourbano.com\/?p=91151"},"modified":"2019-06-04T19:07:37","modified_gmt":"2019-06-05T00:07:37","slug":"infonavit-cercano-carlos-martinez","status":"publish","type":"post","link":"https:\/\/centrourbano.com\/revista\/publicaciones\/infonavit-cercano-carlos-martinez\/","title":{"rendered":"Un Infonavit cercano y eficiente, la meta de Carlos Mart\u00ednez"},"content":{"rendered":"<p><em>A decir del nuevo Director General, ser\u00e1 importante poner al organismo del lado del trabajador y flexibilizarlo para mejorar la atenci\u00f3n <\/em><!--more--><\/p>\n<p>Por Edgar Rosas<\/p>\n<p>Convertir al Infonavit en un organismo cercano a la gente, y lograr un balance entre la visi\u00f3n del Instituto como una entidad financiera que debe generar <strong>rentabilidad <\/strong>y su car\u00e1cter de organismo de <strong>seguridad social<\/strong> que ponga al centro de la agenda al trabajador, son elementos torales que la nueva a administraci\u00f3n del Instituto quiere impulsar.<\/p>\n<p>As\u00ed lo se\u00f1al\u00f3 <strong>Carlos Mart\u00ednez Vel\u00e1zquez<\/strong>, director general del Infonavit, quien subray\u00f3 que la intenci\u00f3n en esta nueva etapa del organismo es encaminar los esfuerzos para convertir al Instituto en un organismo \u201c<strong>eficaz, austero y sobre todo cercano a las y los trabajadores, ocupado en su bienestar<\/strong>\u201d. Dijo que es necesario voltear a ver las necesidades de los derechohabientes, y en funci\u00f3n de ello, trabajar para satisfacer la demanda de vivienda. Por ello, expuso, parte de las prioridades para la segunda mitad del a\u00f1o ser\u00e1 empujar el programa para atender el tema de la vivienda abandonada, as\u00ed como concretar una l\u00ednea para apoyar la autoproducci\u00f3n.<\/p>\n<p>En entrevista con <strong>Revista Vivienda<\/strong>, el directivo reconoci\u00f3 que, si bien hay experiencias positivas generadas en administraciones pasadas, es necesario traerlas a la actualidad. Coment\u00f3 que uno de los problemas detectados es que parte de las experiencias pasadas para mejorar la atenci\u00f3n del Instituto no se esquematiz\u00f3, por lo que qued\u00f3 soterrado.<\/p>\n<p>\u201cCuando llegamos hab\u00eda una administraci\u00f3n que estaba muy dedicada al tema de ser una Instituci\u00f3n financiera, m\u00e1s que entenderse como una Instituci\u00f3n de seguridad social. Y creo que hay cosas muy positivas, hay experiencias que se recogen de administraciones anteriores. Sin embargo, muchas de las cosas exitosas que se han hecho no se han documentado, no se han aterrizado en aprendizajes concretos para la Instituci\u00f3n.<\/p>\n<p>\u201cPor ejemplo, apenas me encontr\u00e9 un trabajo que se hizo en 2015 sobre c\u00f3mo ver el tema de las viviendas abandonadas con la Universidad de Chicago, y al final no se esquematiz\u00f3, no se documenta, no genera cambios normativos, o sea, en muchos de los programas que pueden ser muy vistosos o muy buenos, pero no se genera este aprendizaje\u201d.<\/p>\n<p>En palabras de Carlos Mart\u00ednez, la idea de la nueva a administraci\u00f3n es \u201cponer al Infonavit del lado del trabajador\u201d. En tal sentido, precis\u00f3, se buscar\u00e1 mejorar la atenci\u00f3n del Instituto con sistemas automatizados y herramientas como la ventanilla \u00fanica.<\/p>\n<p>[quote]\u201cLa idea es ponernos del lado del usuario y flexibilizar el Infonavit, automatizarlo para que todo se haga en un mismo lugar, que no anden dando vueltas por todos lados. Y, como digo, para m\u00ed el factor de \u00e9xito m\u00e1s importante de mi administraci\u00f3n ser\u00e1 que cuando un trabajador venga, use los servicios, hable al Infonatel o visite el portal web, se sienta satisfecho y feliz de que encontr\u00f3 en Infonavit una herramienta para acrecentar su patrimonio\u201d.[\/quote]<\/p>\n<p><strong>Las metas en la segunda mitad del a\u00f1o<\/strong><\/p>\n<p>De acuerdo con Carlos Mart\u00ednez, para el Infonavit vienen dos retos importantes por atender: lanzar el <strong>Programa Nacional de Recuperaci\u00f3n de Vivienda<\/strong> y poner en marcha el esquema para financiar la <strong>autoproducci\u00f3n<\/strong> de vivienda.<\/p>\n<p>En relaci\u00f3n al tema de vivienda abandonada, el Director General se\u00f1al\u00f3 que se trabaja en un an\u00e1lisis profundo para entender las causas del fen\u00f3meno. Asegur\u00f3 que la soluci\u00f3n a la problem\u00e1tica partir\u00e1 de conocer la situaci\u00f3n de los inmuebles.<\/p>\n<p>\u201cHemos estado en an\u00e1lisis. Hicimos un foro el pasado 11 de abril con expertos nacionales e internacionales sobre el tema. En este caso, lo principal es investigar y tener los datos muy claros sobre la situaci\u00f3n de la vivienda relacionada con la cartera del Infonavit. Necesitamos saber de nuestra cartera qu\u00e9 est\u00e1 en proceso judicial, cu\u00e1les apenas est\u00e1n en una demanda por ser viviendas detectadas como abandonadas. Hay muchos supuestos jur\u00eddicos.<\/p>\n<p>\u201cPara m\u00ed, el problema de la vivienda abandonada es un problema de propiedad. El qu\u00e9 hacer con ellas tiene que ver con qui\u00e9n es el due\u00f1o y c\u00f3mo est\u00e1 puesta la propiedad. Todo es un asunto de la propiedad, por eso es importante hacer esta investigaci\u00f3n\u201d, apunt\u00f3.<\/p>\n<p>En relaci\u00f3n a la l\u00ednea de financiamiento para autoproducci\u00f3n, Mart\u00ednez Vel\u00e1zquez consider\u00f3 que hay mucho potencial por explotar en el rubro. Indic\u00f3 que, si bien el Instituto est\u00e1 facultado para participar en este segmento, los esfuerzos han sido limitados.<\/p>\n<p>\u201cEn el segundo semestre del a\u00f1o se presentar\u00e1 la l\u00ednea de financiamiento en materia de autoproducci\u00f3n de vivienda, que para nosotros es muy relevante. La ley del Infonavit prev\u00e9 que el Instituto pueda participar en la producci\u00f3n de vivienda. Sin embargo, todos los esfuerzos institucionales se han orientado hacia la pura adquisici\u00f3n de vivienda nueva, a pesar de que la ley te da varios supuestos.<\/p>\n<p>\u201cEs importante avanzar en las cuatro l\u00edneas (vivienda nueva, usada, pago de pasivos y autoproducci\u00f3n), pero en el tema de autoproducci\u00f3n de vivienda solo hab\u00eda habido un intento, que fue el \u2018Infonavit Tu Propia Obra\u2019, que estaba circunscrito s\u00f3lo a ciudades ejidales, por ejemplo, y es importante poder avanzar. El a\u00f1o pasado se dieron alrededor de 72 cr\u00e9ditos nada m\u00e1s de este programa, y creemos que puede avanzar, y que, adem\u00e1s, no es competencia de la vivienda nueva. Muchos de los trabajadores que tienen la posibilidad, o que califican para un cr\u00e9dito hipotecario, no lo usan, precisamente, porque preferir\u00edan construir su propia casa\u201d, declar\u00f3.<\/p>\n<p>Aunado a lo anterior, Mart\u00ednez Vel\u00e1zquez explic\u00f3 que el organismo trabaja en rubros como la <strong>automatizaci\u00f3n<\/strong> del esquema Infonavit-Fovissste. A\u00f1adi\u00f3 que con la banca se trabaja para que los cr\u00e9ditos que se otorgan en conjunto se hagan en una <strong>ventanilla \u00fanica<\/strong>.<\/p>\n<p>Por otro lado, el Director General manifest\u00f3 que el Infonavit se alinear\u00e1 a la nueva Pol\u00edtica de Vivienda. Por tal motivo, expres\u00f3, el Instituto est\u00e1 a la espera de la nueva pol\u00edtica en la materia para \u201cpoder cambiar, o adecuar, las pol\u00edticas de otorgamiento de cr\u00e9dito del a\u00f1o que viene y, en el mismo sentido, que venga la pol\u00edtica de vivienda del Programa Sectorial\u201d.<\/p>\n<h6>Este texto se incluye en la edici\u00f3n 119 de Revista Vivienda.<\/h6>\n<p>&nbsp;<\/p>\n<h5 style=\"text-align: center;\">Consulta la versi\u00f3n digital de Revista Vivienda<a href=\"https:\/\/centrourbano.com\/2019\/05\/30\/revista-vivienda-mayo-junio-2019\/\" target=\"_blank\" rel=\"noopener noreferrer\"><img loading=\"lazy\" decoding=\"async\" class=\"aligncenter wp-image-91154\" src=\"https:\/\/centrourbano.com\/revista\/wp-content\/uploads\/vivienda119-1024x1018.jpg\" alt=\"\" width=\"500\" height=\"497\" srcset=\"https:\/\/centrourbano.com\/revista\/wp-content\/uploads\/vivienda119-1024x1018.jpg 1024w, https:\/\/centrourbano.com\/revista\/wp-content\/uploads\/vivienda119-150x150.jpg 150w, https:\/\/centrourbano.com\/revista\/wp-content\/uploads\/vivienda119-300x298.jpg 300w, https:\/\/centrourbano.com\/revista\/wp-content\/uploads\/vivienda119-768x764.jpg 768w, https:\/\/centrourbano.com\/revista\/wp-content\/uploads\/vivienda119.jpg 1411w\" sizes=\"auto, (max-width: 500px) 100vw, 500px\" \/><\/a><\/h5>\n","protected":false},"excerpt":{"rendered":"<p>A decir del nuevo Director General, ser\u00e1 importante poner al organismo del lado del trabajador y flexibilizarlo para mejorar la atenci\u00f3n<\/p>\n","protected":false},"author":14,"featured_media":91153,"comment_status":"open","ping_status":"closed","sticky":false,"template":"","format":"standard","meta":{"om_disable_all_campaigns":false,"inline_featured_image":false,"_monsterinsights_skip_tracking":false,"_monsterinsights_sitenote_active":false,"_monsterinsights_sitenote_note":"","_monsterinsights_sitenote_category":0,"footnotes":""},"categories":[4,7860],"tags":[],"class_list":["post-91151","post","type-post","status-publish","format-standard","has-post-thumbnail","hentry","category-publicaciones","category-revista-vivienda"],"yoast_head":"<!-- This site is optimized with the Yoast SEO plugin v27.5 - https:\/\/yoast.com\/product\/yoast-seo-wordpress\/ -->\n<title>Un Infonavit cercano y eficiente, la meta de Carlos Mart\u00ednez<\/title>\n<meta name=\"description\" content=\"Convertir al Infonavit en un organismo cercano a la gente, y lograr un balance entre la visi\u00f3n del Instituto como una entidad financiera que debe...\" \/>\n<meta name=\"robots\" content=\"index, follow, max-snippet:-1, max-image-preview:large, max-video-preview:-1\" \/>\n<link rel=\"canonical\" href=\"https:\/\/centrourbano.com\/revista\/publicaciones\/infonavit-cercano-carlos-martinez\/\" \/>\n<meta property=\"og:locale\" content=\"es_ES\" \/>\n<meta property=\"og:type\" content=\"article\" \/>\n<meta property=\"og:title\" content=\"Un Infonavit cercano y eficiente, la meta de Carlos Mart\u00ednez\" \/>\n<meta property=\"og:description\" content=\"Convertir al Infonavit en un organismo cercano a la gente, y lograr un balance entre la visi\u00f3n del Instituto como una entidad financiera que debe...\" \/>\n<meta property=\"og:url\" content=\"https:\/\/centrourbano.com\/revista\/publicaciones\/infonavit-cercano-carlos-martinez\/\" \/>\n<meta property=\"og:site_name\" content=\"Centro Urbano\" \/>\n<meta property=\"article:publisher\" content=\"https:\/\/www.facebook.com\/portalcentrourbano\" \/>\n<meta property=\"article:published_time\" content=\"2019-05-30T23:05:34+00:00\" \/>\n<meta property=\"article:modified_time\" content=\"2019-06-05T00:07:37+00:00\" \/>\n<meta property=\"og:image\" content=\"https:\/\/centrourbano.com\/revista\/wp-content\/uploads\/Carlos-Mart\u00ednez_Infonavit_Conferencia-e1559674298459.jpg\" \/>\n\t<meta property=\"og:image:width\" content=\"800\" \/>\n\t<meta property=\"og:image:height\" content=\"533\" \/>\n\t<meta property=\"og:image:type\" content=\"image\/jpeg\" \/>\n<meta name=\"author\" content=\"Redacci\u00f3n Centro Urbano\" \/>\n<meta name=\"twitter:card\" content=\"summary_large_image\" \/>\n<meta name=\"twitter:creator\" content=\"@CentroUrbano\" \/>\n<meta name=\"twitter:site\" content=\"@CentroUrbano\" \/>\n<meta name=\"twitter:label1\" content=\"Escrito por\" \/>\n\t<meta name=\"twitter:data1\" content=\"Redacci\u00f3n Centro Urbano\" \/>\n\t<meta name=\"twitter:label2\" content=\"Tiempo de lectura\" \/>\n\t<meta name=\"twitter:data2\" content=\"5 minutos\" \/>\n<script type=\"application\/ld+json\" class=\"yoast-schema-graph\">{\"@context\":\"https:\\\/\\\/schema.org\",\"@graph\":[{\"@type\":\"Article\",\"@id\":\"https:\\\/\\\/centrourbano.com\\\/revista\\\/publicaciones\\\/infonavit-cercano-carlos-martinez\\\/#article\",\"isPartOf\":{\"@id\":\"https:\\\/\\\/centrourbano.com\\\/revista\\\/publicaciones\\\/infonavit-cercano-carlos-martinez\\\/\"},\"author\":{\"name\":\"Redacci\u00f3n Centro Urbano\",\"@id\":\"https:\\\/\\\/centrourbano.com\\\/revista\\\/#\\\/schema\\\/person\\\/5259f06e282c59482812d0e9a84a6440\"},\"headline\":\"Un Infonavit cercano y eficiente, la meta de Carlos Mart\u00ednez\",\"datePublished\":\"2019-05-30T23:05:34+00:00\",\"dateModified\":\"2019-06-05T00:07:37+00:00\",\"mainEntityOfPage\":{\"@id\":\"https:\\\/\\\/centrourbano.com\\\/revista\\\/publicaciones\\\/infonavit-cercano-carlos-martinez\\\/\"},\"wordCount\":1098,\"commentCount\":0,\"publisher\":{\"@id\":\"https:\\\/\\\/centrourbano.com\\\/revista\\\/#organization\"},\"image\":{\"@id\":\"https:\\\/\\\/centrourbano.com\\\/revista\\\/publicaciones\\\/infonavit-cercano-carlos-martinez\\\/#primaryimage\"},\"thumbnailUrl\":\"https:\\\/\\\/centrourbano.com\\\/revista\\\/wp-content\\\/uploads\\\/Carlos-Mart\u00ednez_Infonavit_Conferencia-e1559674298459.jpg\",\"articleSection\":[\"Publicaciones\",\"Revista Vivienda\"],\"inLanguage\":\"es\",\"potentialAction\":[{\"@type\":\"CommentAction\",\"name\":\"Comment\",\"target\":[\"https:\\\/\\\/centrourbano.com\\\/revista\\\/publicaciones\\\/infonavit-cercano-carlos-martinez\\\/#respond\"]}]},{\"@type\":\"WebPage\",\"@id\":\"https:\\\/\\\/centrourbano.com\\\/revista\\\/publicaciones\\\/infonavit-cercano-carlos-martinez\\\/\",\"url\":\"https:\\\/\\\/centrourbano.com\\\/revista\\\/publicaciones\\\/infonavit-cercano-carlos-martinez\\\/\",\"name\":\"Un Infonavit cercano y eficiente, la meta de Carlos Mart\u00ednez\",\"isPartOf\":{\"@id\":\"https:\\\/\\\/centrourbano.com\\\/revista\\\/#website\"},\"primaryImageOfPage\":{\"@id\":\"https:\\\/\\\/centrourbano.com\\\/revista\\\/publicaciones\\\/infonavit-cercano-carlos-martinez\\\/#primaryimage\"},\"image\":{\"@id\":\"https:\\\/\\\/centrourbano.com\\\/revista\\\/publicaciones\\\/infonavit-cercano-carlos-martinez\\\/#primaryimage\"},\"thumbnailUrl\":\"https:\\\/\\\/centrourbano.com\\\/revista\\\/wp-content\\\/uploads\\\/Carlos-Mart\u00ednez_Infonavit_Conferencia-e1559674298459.jpg\",\"datePublished\":\"2019-05-30T23:05:34+00:00\",\"dateModified\":\"2019-06-05T00:07:37+00:00\",\"description\":\"Convertir al Infonavit en un organismo cercano a la gente, y lograr un balance entre la visi\u00f3n del Instituto como una entidad financiera que debe...\",\"breadcrumb\":{\"@id\":\"https:\\\/\\\/centrourbano.com\\\/revista\\\/publicaciones\\\/infonavit-cercano-carlos-martinez\\\/#breadcrumb\"},\"inLanguage\":\"es\",\"potentialAction\":[{\"@type\":\"ReadAction\",\"target\":[\"https:\\\/\\\/centrourbano.com\\\/revista\\\/publicaciones\\\/infonavit-cercano-carlos-martinez\\\/\"]}]},{\"@type\":\"ImageObject\",\"inLanguage\":\"es\",\"@id\":\"https:\\\/\\\/centrourbano.com\\\/revista\\\/publicaciones\\\/infonavit-cercano-carlos-martinez\\\/#primaryimage\",\"url\":\"https:\\\/\\\/centrourbano.com\\\/revista\\\/wp-content\\\/uploads\\\/Carlos-Mart\u00ednez_Infonavit_Conferencia-e1559674298459.jpg\",\"contentUrl\":\"https:\\\/\\\/centrourbano.com\\\/revista\\\/wp-content\\\/uploads\\\/Carlos-Mart\u00ednez_Infonavit_Conferencia-e1559674298459.jpg\",\"width\":800,\"height\":533,\"caption\":\"A decir del nuevo Director General, ser\u00e1 importante poner al organismo del lado del trabajador y flexibilizarlo para mejorar la atenci\u00f3n\"},{\"@type\":\"BreadcrumbList\",\"@id\":\"https:\\\/\\\/centrourbano.com\\\/revista\\\/publicaciones\\\/infonavit-cercano-carlos-martinez\\\/#breadcrumb\",\"itemListElement\":[{\"@type\":\"ListItem\",\"position\":1,\"name\":\"Portada\",\"item\":\"https:\\\/\\\/centrourbano.com\\\/revista\\\/\"},{\"@type\":\"ListItem\",\"position\":2,\"name\":\"Un Infonavit cercano y eficiente, la meta de Carlos Mart\u00ednez\"}]},{\"@type\":\"WebSite\",\"@id\":\"https:\\\/\\\/centrourbano.com\\\/revista\\\/#website\",\"url\":\"https:\\\/\\\/centrourbano.com\\\/revista\\\/\",\"name\":\"Centro Urbano\",\"description\":\"Medio especializado en los sectores vivienda, inmobiliario, construcci\u00f3n, arquitectura y urbanismo.\",\"publisher\":{\"@id\":\"https:\\\/\\\/centrourbano.com\\\/revista\\\/#organization\"},\"potentialAction\":[{\"@type\":\"SearchAction\",\"target\":{\"@type\":\"EntryPoint\",\"urlTemplate\":\"https:\\\/\\\/centrourbano.com\\\/revista\\\/?s={search_term_string}\"},\"query-input\":{\"@type\":\"PropertyValueSpecification\",\"valueRequired\":true,\"valueName\":\"search_term_string\"}}],\"inLanguage\":\"es\"},{\"@type\":\"Organization\",\"@id\":\"https:\\\/\\\/centrourbano.com\\\/revista\\\/#organization\",\"name\":\"Centro Urbano\",\"url\":\"https:\\\/\\\/centrourbano.com\\\/revista\\\/\",\"logo\":{\"@type\":\"ImageObject\",\"inLanguage\":\"es\",\"@id\":\"https:\\\/\\\/centrourbano.com\\\/revista\\\/#\\\/schema\\\/logo\\\/image\\\/\",\"url\":\"https:\\\/\\\/centrourbano.com\\\/revista\\\/wp-content\\\/uploads\\\/web_CU_logo-1.png\",\"contentUrl\":\"https:\\\/\\\/centrourbano.com\\\/revista\\\/wp-content\\\/uploads\\\/web_CU_logo-1.png\",\"width\":350,\"height\":91,\"caption\":\"Centro Urbano\"},\"image\":{\"@id\":\"https:\\\/\\\/centrourbano.com\\\/revista\\\/#\\\/schema\\\/logo\\\/image\\\/\"},\"sameAs\":[\"https:\\\/\\\/www.facebook.com\\\/portalcentrourbano\",\"https:\\\/\\\/x.com\\\/CentroUrbano\",\"https:\\\/\\\/www.instagram.com\\\/centro_urbano\\\/\",\"https:\\\/\\\/www.linkedin.com\\\/company\\\/centro-urbano\\\/\",\"http:\\\/\\\/www.youtube.com\\\/user\\\/portalcentrourbano\"]},{\"@type\":\"Person\",\"@id\":\"https:\\\/\\\/centrourbano.com\\\/revista\\\/#\\\/schema\\\/person\\\/5259f06e282c59482812d0e9a84a6440\",\"name\":\"Redacci\u00f3n Centro Urbano\",\"image\":{\"@type\":\"ImageObject\",\"inLanguage\":\"es\",\"@id\":\"https:\\\/\\\/secure.gravatar.com\\\/avatar\\\/15a789f894398c0f311f3a7a2ee28032bbc0483098539da66b6a045aa810bf35?s=96&d=mm&r=g\",\"url\":\"https:\\\/\\\/secure.gravatar.com\\\/avatar\\\/15a789f894398c0f311f3a7a2ee28032bbc0483098539da66b6a045aa810bf35?s=96&d=mm&r=g\",\"contentUrl\":\"https:\\\/\\\/secure.gravatar.com\\\/avatar\\\/15a789f894398c0f311f3a7a2ee28032bbc0483098539da66b6a045aa810bf35?s=96&d=mm&r=g\",\"caption\":\"Redacci\u00f3n Centro Urbano\"},\"url\":\"https:\\\/\\\/centrourbano.com\\\/revista\\\/author\\\/editorial\\\/\"}]}<\/script>\n<!-- \/ Yoast SEO plugin. -->","yoast_head_json":{"title":"Un Infonavit cercano y eficiente, la meta de Carlos Mart\u00ednez","description":"Convertir al Infonavit en un organismo cercano a la gente, y lograr un balance entre la visi\u00f3n del Instituto como una entidad financiera que debe...","robots":{"index":"index","follow":"follow","max-snippet":"max-snippet:-1","max-image-preview":"max-image-preview:large","max-video-preview":"max-video-preview:-1"},"canonical":"https:\/\/centrourbano.com\/revista\/publicaciones\/infonavit-cercano-carlos-martinez\/","og_locale":"es_ES","og_type":"article","og_title":"Un Infonavit cercano y eficiente, la meta de Carlos Mart\u00ednez","og_description":"Convertir al Infonavit en un organismo cercano a la gente, y lograr un balance entre la visi\u00f3n del Instituto como una entidad financiera que debe...","og_url":"https:\/\/centrourbano.com\/revista\/publicaciones\/infonavit-cercano-carlos-martinez\/","og_site_name":"Centro Urbano","article_publisher":"https:\/\/www.facebook.com\/portalcentrourbano","article_published_time":"2019-05-30T23:05:34+00:00","article_modified_time":"2019-06-05T00:07:37+00:00","og_image":[{"width":800,"height":533,"url":"https:\/\/centrourbano.com\/revista\/wp-content\/uploads\/Carlos-Mart\u00ednez_Infonavit_Conferencia-e1559674298459.jpg","type":"image\/jpeg"}],"author":"Redacci\u00f3n Centro Urbano","twitter_card":"summary_large_image","twitter_creator":"@CentroUrbano","twitter_site":"@CentroUrbano","twitter_misc":{"Escrito por":"Redacci\u00f3n Centro Urbano","Tiempo de lectura":"5 minutos"},"schema":{"@context":"https:\/\/schema.org","@graph":[{"@type":"Article","@id":"https:\/\/centrourbano.com\/revista\/publicaciones\/infonavit-cercano-carlos-martinez\/#article","isPartOf":{"@id":"https:\/\/centrourbano.com\/revista\/publicaciones\/infonavit-cercano-carlos-martinez\/"},"author":{"name":"Redacci\u00f3n Centro Urbano","@id":"https:\/\/centrourbano.com\/revista\/#\/schema\/person\/5259f06e282c59482812d0e9a84a6440"},"headline":"Un Infonavit cercano y eficiente, la meta de Carlos Mart\u00ednez","datePublished":"2019-05-30T23:05:34+00:00","dateModified":"2019-06-05T00:07:37+00:00","mainEntityOfPage":{"@id":"https:\/\/centrourbano.com\/revista\/publicaciones\/infonavit-cercano-carlos-martinez\/"},"wordCount":1098,"commentCount":0,"publisher":{"@id":"https:\/\/centrourbano.com\/revista\/#organization"},"image":{"@id":"https:\/\/centrourbano.com\/revista\/publicaciones\/infonavit-cercano-carlos-martinez\/#primaryimage"},"thumbnailUrl":"https:\/\/centrourbano.com\/revista\/wp-content\/uploads\/Carlos-Mart\u00ednez_Infonavit_Conferencia-e1559674298459.jpg","articleSection":["Publicaciones","Revista Vivienda"],"inLanguage":"es","potentialAction":[{"@type":"CommentAction","name":"Comment","target":["https:\/\/centrourbano.com\/revista\/publicaciones\/infonavit-cercano-carlos-martinez\/#respond"]}]},{"@type":"WebPage","@id":"https:\/\/centrourbano.com\/revista\/publicaciones\/infonavit-cercano-carlos-martinez\/","url":"https:\/\/centrourbano.com\/revista\/publicaciones\/infonavit-cercano-carlos-martinez\/","name":"Un Infonavit cercano y eficiente, la meta de Carlos Mart\u00ednez","isPartOf":{"@id":"https:\/\/centrourbano.com\/revista\/#website"},"primaryImageOfPage":{"@id":"https:\/\/centrourbano.com\/revista\/publicaciones\/infonavit-cercano-carlos-martinez\/#primaryimage"},"image":{"@id":"https:\/\/centrourbano.com\/revista\/publicaciones\/infonavit-cercano-carlos-martinez\/#primaryimage"},"thumbnailUrl":"https:\/\/centrourbano.com\/revista\/wp-content\/uploads\/Carlos-Mart\u00ednez_Infonavit_Conferencia-e1559674298459.jpg","datePublished":"2019-05-30T23:05:34+00:00","dateModified":"2019-06-05T00:07:37+00:00","description":"Convertir al Infonavit en un organismo cercano a la gente, y lograr un balance entre la visi\u00f3n del Instituto como una entidad financiera que debe...","breadcrumb":{"@id":"https:\/\/centrourbano.com\/revista\/publicaciones\/infonavit-cercano-carlos-martinez\/#breadcrumb"},"inLanguage":"es","potentialAction":[{"@type":"ReadAction","target":["https:\/\/centrourbano.com\/revista\/publicaciones\/infonavit-cercano-carlos-martinez\/"]}]},{"@type":"ImageObject","inLanguage":"es","@id":"https:\/\/centrourbano.com\/revista\/publicaciones\/infonavit-cercano-carlos-martinez\/#primaryimage","url":"https:\/\/centrourbano.com\/revista\/wp-content\/uploads\/Carlos-Mart\u00ednez_Infonavit_Conferencia-e1559674298459.jpg","contentUrl":"https:\/\/centrourbano.com\/revista\/wp-content\/uploads\/Carlos-Mart\u00ednez_Infonavit_Conferencia-e1559674298459.jpg","width":800,"height":533,"caption":"A decir del nuevo Director General, ser\u00e1 importante poner al organismo del lado del trabajador y flexibilizarlo para mejorar la atenci\u00f3n"},{"@type":"BreadcrumbList","@id":"https:\/\/centrourbano.com\/revista\/publicaciones\/infonavit-cercano-carlos-martinez\/#breadcrumb","itemListElement":[{"@type":"ListItem","position":1,"name":"Portada","item":"https:\/\/centrourbano.com\/revista\/"},{"@type":"ListItem","position":2,"name":"Un Infonavit cercano y eficiente, la meta de Carlos Mart\u00ednez"}]},{"@type":"WebSite","@id":"https:\/\/centrourbano.com\/revista\/#website","url":"https:\/\/centrourbano.com\/revista\/","name":"Centro Urbano","description":"Medio especializado en los sectores vivienda, inmobiliario, construcci\u00f3n, arquitectura y urbanismo.","publisher":{"@id":"https:\/\/centrourbano.com\/revista\/#organization"},"potentialAction":[{"@type":"SearchAction","target":{"@type":"EntryPoint","urlTemplate":"https:\/\/centrourbano.com\/revista\/?s={search_term_string}"},"query-input":{"@type":"PropertyValueSpecification","valueRequired":true,"valueName":"search_term_string"}}],"inLanguage":"es"},{"@type":"Organization","@id":"https:\/\/centrourbano.com\/revista\/#organization","name":"Centro Urbano","url":"https:\/\/centrourbano.com\/revista\/","logo":{"@type":"ImageObject","inLanguage":"es","@id":"https:\/\/centrourbano.com\/revista\/#\/schema\/logo\/image\/","url":"https:\/\/centrourbano.com\/revista\/wp-content\/uploads\/web_CU_logo-1.png","contentUrl":"https:\/\/centrourbano.com\/revista\/wp-content\/uploads\/web_CU_logo-1.png","width":350,"height":91,"caption":"Centro Urbano"},"image":{"@id":"https:\/\/centrourbano.com\/revista\/#\/schema\/logo\/image\/"},"sameAs":["https:\/\/www.facebook.com\/portalcentrourbano","https:\/\/x.com\/CentroUrbano","https:\/\/www.instagram.com\/centro_urbano\/","https:\/\/www.linkedin.com\/company\/centro-urbano\/","http:\/\/www.youtube.com\/user\/portalcentrourbano"]},{"@type":"Person","@id":"https:\/\/centrourbano.com\/revista\/#\/schema\/person\/5259f06e282c59482812d0e9a84a6440","name":"Redacci\u00f3n Centro Urbano","image":{"@type":"ImageObject","inLanguage":"es","@id":"https:\/\/secure.gravatar.com\/avatar\/15a789f894398c0f311f3a7a2ee28032bbc0483098539da66b6a045aa810bf35?s=96&d=mm&r=g","url":"https:\/\/secure.gravatar.com\/avatar\/15a789f894398c0f311f3a7a2ee28032bbc0483098539da66b6a045aa810bf35?s=96&d=mm&r=g","contentUrl":"https:\/\/secure.gravatar.com\/avatar\/15a789f894398c0f311f3a7a2ee28032bbc0483098539da66b6a045aa810bf35?s=96&d=mm&r=g","caption":"Redacci\u00f3n Centro Urbano"},"url":"https:\/\/centrourbano.com\/revista\/author\/editorial\/"}]}},"_links":{"self":[{"href":"https:\/\/centrourbano.com\/revista\/wp-json\/wp\/v2\/posts\/91151","targetHints":{"allow":["GET"]}}],"collection":[{"href":"https:\/\/centrourbano.com\/revista\/wp-json\/wp\/v2\/posts"}],"about":[{"href":"https:\/\/centrourbano.com\/revista\/wp-json\/wp\/v2\/types\/post"}],"author":[{"embeddable":true,"href":"https:\/\/centrourbano.com\/revista\/wp-json\/wp\/v2\/users\/14"}],"replies":[{"embeddable":true,"href":"https:\/\/centrourbano.com\/revista\/wp-json\/wp\/v2\/comments?post=91151"}],"version-history":[{"count":5,"href":"https:\/\/centrourbano.com\/revista\/wp-json\/wp\/v2\/posts\/91151\/revisions"}],"predecessor-version":[{"id":91211,"href":"https:\/\/centrourbano.com\/revista\/wp-json\/wp\/v2\/posts\/91151\/revisions\/91211"}],"wp:featuredmedia":[{"embeddable":true,"href":"https:\/\/centrourbano.com\/revista\/wp-json\/wp\/v2\/media\/91153"}],"wp:attachment":[{"href":"https:\/\/centrourbano.com\/revista\/wp-json\/wp\/v2\/media?parent=91151"}],"wp:term":[{"taxonomy":"category","embeddable":true,"href":"https:\/\/centrourbano.com\/revista\/wp-json\/wp\/v2\/categories?post=91151"},{"taxonomy":"post_tag","embeddable":true,"href":"https:\/\/centrourbano.com\/revista\/wp-json\/wp\/v2\/tags?post=91151"}],"curies":[{"name":"wp","href":"https:\/\/api.w.org\/{rel}","templated":true}]}}