{"id":91137,"date":"2019-06-04T11:58:13","date_gmt":"2019-06-04T16:58:13","guid":{"rendered":"https:\/\/centrourbano.com\/?p=91137"},"modified":"2019-06-04T12:59:36","modified_gmt":"2019-06-04T17:59:36","slug":"amlo-acatara-orden-suspension-santa-lucia","status":"publish","type":"post","link":"https:\/\/centrourbano.com\/revista\/construccion\/amlo-acatara-orden-suspension-santa-lucia\/","title":{"rendered":"AMLO acatar\u00e1 orden de suspensi\u00f3n en Santa Luc\u00eda"},"content":{"rendered":"<p><em>El gobierno federal asegura que es un amparo previo ya que a\u00fan no inicia la construcci\u00f3n de esta obra\u00a0<\/em><!--more--><\/p>\n<p>Luego de que un tribunal federal suspendiera los trabajos para iniciar la construcci\u00f3n del Aeropuerto Internacional de Santa Luc\u00eda, uno de los proyectos prioritarios del nuevo gobierno, el presidente Andr\u00e9s Manuel L\u00f3pez Obrador dijo que se acatar\u00e1 la orden en tanto se resuelve dicha controversia, para no retrasar el proyecto que tendr\u00eda que entregarse en tres a\u00f1os.<\/p>\n<p>En conferencia de prensa, dijo que dicha resoluci\u00f3n se hizo por la falta de estudios de impacto ambiental para este proyecto, mismos en los que -asegur\u00f3- ya se est\u00e1n trabajando a finales de este mes y principios de julio. Adem\u00e1s denunci\u00f3 que hay \u00abintereses\u00bb de grupos que financian drones para explorar la zona donde se construir\u00e1 el proyecto y reportar cualquier obra.<\/p>\n<p>\u00abTenemos informaci\u00f3n de qui\u00e9nes son los que est\u00e1n financiando los drones y los vamos a dar a conocer. No vamos a detenernos porque eso es afectar el desarrollo del pa\u00eds\u00bb, asegur\u00f3 el mandatario.<\/p>\n<p>Por su parte,\u00a0Javier Jimenez Espri\u00fa, Secretario de Comunicaciones de Transporte, recalc\u00f3 que se acatar\u00e1n dichas \u00f3rdenes aunque record\u00f3 que se trata de una suspensi\u00f3n previa, ya que la construcci\u00f3n como tal a\u00fan no ha iniciado, pues a\u00fan se est\u00e1 trabajando en los estudios de geolog\u00eda y de alto impacto ambiental.<\/p>\n<p>\u00abNo se han iniciado las obras, por lo tanto el amparo es previo, una vez que se tenga la manifestaci\u00f3n de impacto ambiental aprobada y esto dijimos que ser\u00eda a finales de junio, estamos esperando y mientras atenderemos estos requisitos judiciales\u00bb, dijo el funcionario.<\/p>\n","protected":false},"excerpt":{"rendered":"<p>El gobierno federal asegura que es un amparo previo ya que a\u00fan no inicia la construcci\u00f3n de esta obra\u00a0<\/p>\n","protected":false},"author":69,"featured_media":89455,"comment_status":"open","ping_status":"closed","sticky":false,"template":"","format":"standard","meta":{"om_disable_all_campaigns":false,"inline_featured_image":false,"_monsterinsights_skip_tracking":false,"_monsterinsights_sitenote_active":false,"_monsterinsights_sitenote_note":"","_monsterinsights_sitenote_category":0,"footnotes":""},"categories":[14],"tags":[],"class_list":["post-91137","post","type-post","status-publish","format-standard","has-post-thumbnail","hentry","category-construccion"],"yoast_head":"<!-- This site is optimized with the Yoast SEO plugin v27.4 - https:\/\/yoast.com\/product\/yoast-seo-wordpress\/ -->\n<title>AMLO acatar\u00e1 orden de suspensi\u00f3n en Santa Luc\u00eda -<\/title>\n<meta name=\"description\" content=\"El gobierno federal asegura que es un amparo previo ya que a\u00fan no inicia la construcci\u00f3n de esta obra\u00a0 Luego de que un tribunal federal suspendiera los\" \/>\n<meta name=\"robots\" content=\"index, follow, max-snippet:-1, max-image-preview:large, max-video-preview:-1\" \/>\n<link rel=\"canonical\" href=\"https:\/\/centrourbano.com\/revista\/construccion\/amlo-acatara-orden-suspension-santa-lucia\/\" \/>\n<meta property=\"og:locale\" content=\"es_ES\" \/>\n<meta property=\"og:type\" content=\"article\" \/>\n<meta property=\"og:title\" content=\"AMLO acatar\u00e1 orden de suspensi\u00f3n en Santa Luc\u00eda -\" \/>\n<meta property=\"og:description\" content=\"El gobierno federal asegura que es un amparo previo ya que a\u00fan no inicia la construcci\u00f3n de esta obra\u00a0 Luego de que un tribunal federal suspendiera los\" \/>\n<meta property=\"og:url\" content=\"https:\/\/centrourbano.com\/revista\/construccion\/amlo-acatara-orden-suspension-santa-lucia\/\" \/>\n<meta property=\"og:site_name\" content=\"Centro Urbano\" \/>\n<meta property=\"article:publisher\" content=\"https:\/\/www.facebook.com\/portalcentrourbano\" \/>\n<meta property=\"article:published_time\" content=\"2019-06-04T16:58:13+00:00\" \/>\n<meta property=\"article:modified_time\" content=\"2019-06-04T17:59:36+00:00\" \/>\n<meta property=\"og:image\" content=\"https:\/\/centrourbano.com\/revista\/wp-content\/uploads\/aeropuerto-de-santa-lucia.png\" \/>\n\t<meta property=\"og:image:width\" content=\"979\" \/>\n\t<meta property=\"og:image:height\" content=\"546\" \/>\n\t<meta property=\"og:image:type\" content=\"image\/png\" \/>\n<meta name=\"author\" content=\"Fernando Navarrete\" \/>\n<meta name=\"twitter:card\" content=\"summary_large_image\" \/>\n<meta name=\"twitter:creator\" content=\"@CentroUrbano\" \/>\n<meta name=\"twitter:site\" content=\"@CentroUrbano\" \/>\n<meta name=\"twitter:label1\" content=\"Escrito por\" \/>\n\t<meta name=\"twitter:data1\" content=\"Fernando Navarrete\" \/>\n\t<meta name=\"twitter:label2\" content=\"Tiempo de lectura\" \/>\n\t<meta name=\"twitter:data2\" content=\"1 minuto\" \/>\n<script type=\"application\/ld+json\" class=\"yoast-schema-graph\">{\"@context\":\"https:\\\/\\\/schema.org\",\"@graph\":[{\"@type\":\"Article\",\"@id\":\"https:\\\/\\\/centrourbano.com\\\/revista\\\/construccion\\\/amlo-acatara-orden-suspension-santa-lucia\\\/#article\",\"isPartOf\":{\"@id\":\"https:\\\/\\\/centrourbano.com\\\/revista\\\/construccion\\\/amlo-acatara-orden-suspension-santa-lucia\\\/\"},\"author\":{\"name\":\"Fernando Navarrete\",\"@id\":\"https:\\\/\\\/centrourbano.com\\\/revista\\\/#\\\/schema\\\/person\\\/515c32d01ece40d20a7ed3fdf34051af\"},\"headline\":\"AMLO acatar\u00e1 orden de suspensi\u00f3n en Santa Luc\u00eda\",\"datePublished\":\"2019-06-04T16:58:13+00:00\",\"dateModified\":\"2019-06-04T17:59:36+00:00\",\"mainEntityOfPage\":{\"@id\":\"https:\\\/\\\/centrourbano.com\\\/revista\\\/construccion\\\/amlo-acatara-orden-suspension-santa-lucia\\\/\"},\"wordCount\":300,\"commentCount\":0,\"publisher\":{\"@id\":\"https:\\\/\\\/centrourbano.com\\\/revista\\\/#organization\"},\"image\":{\"@id\":\"https:\\\/\\\/centrourbano.com\\\/revista\\\/construccion\\\/amlo-acatara-orden-suspension-santa-lucia\\\/#primaryimage\"},\"thumbnailUrl\":\"https:\\\/\\\/centrourbano.com\\\/revista\\\/wp-content\\\/uploads\\\/aeropuerto-de-santa-lucia.png\",\"articleSection\":[\"Construcci\u00f3n\"],\"inLanguage\":\"es\",\"potentialAction\":[{\"@type\":\"CommentAction\",\"name\":\"Comment\",\"target\":[\"https:\\\/\\\/centrourbano.com\\\/revista\\\/construccion\\\/amlo-acatara-orden-suspension-santa-lucia\\\/#respond\"]}]},{\"@type\":\"WebPage\",\"@id\":\"https:\\\/\\\/centrourbano.com\\\/revista\\\/construccion\\\/amlo-acatara-orden-suspension-santa-lucia\\\/\",\"url\":\"https:\\\/\\\/centrourbano.com\\\/revista\\\/construccion\\\/amlo-acatara-orden-suspension-santa-lucia\\\/\",\"name\":\"AMLO acatar\u00e1 orden de suspensi\u00f3n en Santa Luc\u00eda -\",\"isPartOf\":{\"@id\":\"https:\\\/\\\/centrourbano.com\\\/revista\\\/#website\"},\"primaryImageOfPage\":{\"@id\":\"https:\\\/\\\/centrourbano.com\\\/revista\\\/construccion\\\/amlo-acatara-orden-suspension-santa-lucia\\\/#primaryimage\"},\"image\":{\"@id\":\"https:\\\/\\\/centrourbano.com\\\/revista\\\/construccion\\\/amlo-acatara-orden-suspension-santa-lucia\\\/#primaryimage\"},\"thumbnailUrl\":\"https:\\\/\\\/centrourbano.com\\\/revista\\\/wp-content\\\/uploads\\\/aeropuerto-de-santa-lucia.png\",\"datePublished\":\"2019-06-04T16:58:13+00:00\",\"dateModified\":\"2019-06-04T17:59:36+00:00\",\"description\":\"El gobierno federal asegura que es un amparo previo ya que a\u00fan no inicia la construcci\u00f3n de esta obra\u00a0 Luego de que un tribunal federal suspendiera los\",\"breadcrumb\":{\"@id\":\"https:\\\/\\\/centrourbano.com\\\/revista\\\/construccion\\\/amlo-acatara-orden-suspension-santa-lucia\\\/#breadcrumb\"},\"inLanguage\":\"es\",\"potentialAction\":[{\"@type\":\"ReadAction\",\"target\":[\"https:\\\/\\\/centrourbano.com\\\/revista\\\/construccion\\\/amlo-acatara-orden-suspension-santa-lucia\\\/\"]}]},{\"@type\":\"ImageObject\",\"inLanguage\":\"es\",\"@id\":\"https:\\\/\\\/centrourbano.com\\\/revista\\\/construccion\\\/amlo-acatara-orden-suspension-santa-lucia\\\/#primaryimage\",\"url\":\"https:\\\/\\\/centrourbano.com\\\/revista\\\/wp-content\\\/uploads\\\/aeropuerto-de-santa-lucia.png\",\"contentUrl\":\"https:\\\/\\\/centrourbano.com\\\/revista\\\/wp-content\\\/uploads\\\/aeropuerto-de-santa-lucia.png\",\"width\":979,\"height\":546,\"caption\":\"El actual gobierno planea terminar esta obra en 2021\"},{\"@type\":\"BreadcrumbList\",\"@id\":\"https:\\\/\\\/centrourbano.com\\\/revista\\\/construccion\\\/amlo-acatara-orden-suspension-santa-lucia\\\/#breadcrumb\",\"itemListElement\":[{\"@type\":\"ListItem\",\"position\":1,\"name\":\"Portada\",\"item\":\"https:\\\/\\\/centrourbano.com\\\/revista\\\/\"},{\"@type\":\"ListItem\",\"position\":2,\"name\":\"AMLO acatar\u00e1 orden de suspensi\u00f3n en Santa Luc\u00eda\"}]},{\"@type\":\"WebSite\",\"@id\":\"https:\\\/\\\/centrourbano.com\\\/revista\\\/#website\",\"url\":\"https:\\\/\\\/centrourbano.com\\\/revista\\\/\",\"name\":\"Centro Urbano\",\"description\":\"Medio especializado en los sectores vivienda, inmobiliario, construcci\u00f3n, arquitectura y urbanismo.\",\"publisher\":{\"@id\":\"https:\\\/\\\/centrourbano.com\\\/revista\\\/#organization\"},\"potentialAction\":[{\"@type\":\"SearchAction\",\"target\":{\"@type\":\"EntryPoint\",\"urlTemplate\":\"https:\\\/\\\/centrourbano.com\\\/revista\\\/?s={search_term_string}\"},\"query-input\":{\"@type\":\"PropertyValueSpecification\",\"valueRequired\":true,\"valueName\":\"search_term_string\"}}],\"inLanguage\":\"es\"},{\"@type\":\"Organization\",\"@id\":\"https:\\\/\\\/centrourbano.com\\\/revista\\\/#organization\",\"name\":\"Centro Urbano\",\"url\":\"https:\\\/\\\/centrourbano.com\\\/revista\\\/\",\"logo\":{\"@type\":\"ImageObject\",\"inLanguage\":\"es\",\"@id\":\"https:\\\/\\\/centrourbano.com\\\/revista\\\/#\\\/schema\\\/logo\\\/image\\\/\",\"url\":\"https:\\\/\\\/centrourbano.com\\\/revista\\\/wp-content\\\/uploads\\\/web_CU_logo-1.png\",\"contentUrl\":\"https:\\\/\\\/centrourbano.com\\\/revista\\\/wp-content\\\/uploads\\\/web_CU_logo-1.png\",\"width\":350,\"height\":91,\"caption\":\"Centro Urbano\"},\"image\":{\"@id\":\"https:\\\/\\\/centrourbano.com\\\/revista\\\/#\\\/schema\\\/logo\\\/image\\\/\"},\"sameAs\":[\"https:\\\/\\\/www.facebook.com\\\/portalcentrourbano\",\"https:\\\/\\\/x.com\\\/CentroUrbano\",\"https:\\\/\\\/www.instagram.com\\\/centro_urbano\\\/\",\"https:\\\/\\\/www.linkedin.com\\\/company\\\/centro-urbano\\\/\",\"http:\\\/\\\/www.youtube.com\\\/user\\\/portalcentrourbano\"]},{\"@type\":\"Person\",\"@id\":\"https:\\\/\\\/centrourbano.com\\\/revista\\\/#\\\/schema\\\/person\\\/515c32d01ece40d20a7ed3fdf34051af\",\"name\":\"Fernando Navarrete\",\"image\":{\"@type\":\"ImageObject\",\"inLanguage\":\"es\",\"@id\":\"https:\\\/\\\/secure.gravatar.com\\\/avatar\\\/f4dd6927a99e72698473e350e20ec8a38bd48cb668e15b03d04e8e537da41ad0?s=96&d=mm&r=g\",\"url\":\"https:\\\/\\\/secure.gravatar.com\\\/avatar\\\/f4dd6927a99e72698473e350e20ec8a38bd48cb668e15b03d04e8e537da41ad0?s=96&d=mm&r=g\",\"contentUrl\":\"https:\\\/\\\/secure.gravatar.com\\\/avatar\\\/f4dd6927a99e72698473e350e20ec8a38bd48cb668e15b03d04e8e537da41ad0?s=96&d=mm&r=g\",\"caption\":\"Fernando Navarrete\"},\"description\":\"Reportero de negocios, inmobiliario, construcci\u00f3n e industria. Me interesa la econom\u00eda, pol\u00edtica, historia y antropolog\u00eda. Estudi\u00e9 en la Facultad de Ciencias Pol\u00edticas y Sociales de la UNAM. Tengo experiencia en el sector p\u00fablico, la industria del acero, ingenier\u00eda civil, IT y corporativos; soy un nost\u00e1lgico nacionalista contempor\u00e1neo que cree en la grandeza de su pa\u00eds. Asiduo lector de Juan Rulfo, Jos\u00e9 Revueltas y J. R. R Tolkien.\",\"url\":\"https:\\\/\\\/centrourbano.com\\\/revista\\\/author\\\/fernando-navarrete\\\/\"}]}<\/script>\n<!-- \/ Yoast SEO plugin. -->","yoast_head_json":{"title":"AMLO acatar\u00e1 orden de suspensi\u00f3n en Santa Luc\u00eda -","description":"El gobierno federal asegura que es un amparo previo ya que a\u00fan no inicia la construcci\u00f3n de esta obra\u00a0 Luego de que un tribunal federal suspendiera los","robots":{"index":"index","follow":"follow","max-snippet":"max-snippet:-1","max-image-preview":"max-image-preview:large","max-video-preview":"max-video-preview:-1"},"canonical":"https:\/\/centrourbano.com\/revista\/construccion\/amlo-acatara-orden-suspension-santa-lucia\/","og_locale":"es_ES","og_type":"article","og_title":"AMLO acatar\u00e1 orden de suspensi\u00f3n en Santa Luc\u00eda -","og_description":"El gobierno federal asegura que es un amparo previo ya que a\u00fan no inicia la construcci\u00f3n de esta obra\u00a0 Luego de que un tribunal federal suspendiera los","og_url":"https:\/\/centrourbano.com\/revista\/construccion\/amlo-acatara-orden-suspension-santa-lucia\/","og_site_name":"Centro Urbano","article_publisher":"https:\/\/www.facebook.com\/portalcentrourbano","article_published_time":"2019-06-04T16:58:13+00:00","article_modified_time":"2019-06-04T17:59:36+00:00","og_image":[{"width":979,"height":546,"url":"https:\/\/centrourbano.com\/revista\/wp-content\/uploads\/aeropuerto-de-santa-lucia.png","type":"image\/png"}],"author":"Fernando Navarrete","twitter_card":"summary_large_image","twitter_creator":"@CentroUrbano","twitter_site":"@CentroUrbano","twitter_misc":{"Escrito por":"Fernando Navarrete","Tiempo de lectura":"1 minuto"},"schema":{"@context":"https:\/\/schema.org","@graph":[{"@type":"Article","@id":"https:\/\/centrourbano.com\/revista\/construccion\/amlo-acatara-orden-suspension-santa-lucia\/#article","isPartOf":{"@id":"https:\/\/centrourbano.com\/revista\/construccion\/amlo-acatara-orden-suspension-santa-lucia\/"},"author":{"name":"Fernando Navarrete","@id":"https:\/\/centrourbano.com\/revista\/#\/schema\/person\/515c32d01ece40d20a7ed3fdf34051af"},"headline":"AMLO acatar\u00e1 orden de suspensi\u00f3n en Santa Luc\u00eda","datePublished":"2019-06-04T16:58:13+00:00","dateModified":"2019-06-04T17:59:36+00:00","mainEntityOfPage":{"@id":"https:\/\/centrourbano.com\/revista\/construccion\/amlo-acatara-orden-suspension-santa-lucia\/"},"wordCount":300,"commentCount":0,"publisher":{"@id":"https:\/\/centrourbano.com\/revista\/#organization"},"image":{"@id":"https:\/\/centrourbano.com\/revista\/construccion\/amlo-acatara-orden-suspension-santa-lucia\/#primaryimage"},"thumbnailUrl":"https:\/\/centrourbano.com\/revista\/wp-content\/uploads\/aeropuerto-de-santa-lucia.png","articleSection":["Construcci\u00f3n"],"inLanguage":"es","potentialAction":[{"@type":"CommentAction","name":"Comment","target":["https:\/\/centrourbano.com\/revista\/construccion\/amlo-acatara-orden-suspension-santa-lucia\/#respond"]}]},{"@type":"WebPage","@id":"https:\/\/centrourbano.com\/revista\/construccion\/amlo-acatara-orden-suspension-santa-lucia\/","url":"https:\/\/centrourbano.com\/revista\/construccion\/amlo-acatara-orden-suspension-santa-lucia\/","name":"AMLO acatar\u00e1 orden de suspensi\u00f3n en Santa Luc\u00eda -","isPartOf":{"@id":"https:\/\/centrourbano.com\/revista\/#website"},"primaryImageOfPage":{"@id":"https:\/\/centrourbano.com\/revista\/construccion\/amlo-acatara-orden-suspension-santa-lucia\/#primaryimage"},"image":{"@id":"https:\/\/centrourbano.com\/revista\/construccion\/amlo-acatara-orden-suspension-santa-lucia\/#primaryimage"},"thumbnailUrl":"https:\/\/centrourbano.com\/revista\/wp-content\/uploads\/aeropuerto-de-santa-lucia.png","datePublished":"2019-06-04T16:58:13+00:00","dateModified":"2019-06-04T17:59:36+00:00","description":"El gobierno federal asegura que es un amparo previo ya que a\u00fan no inicia la construcci\u00f3n de esta obra\u00a0 Luego de que un tribunal federal suspendiera los","breadcrumb":{"@id":"https:\/\/centrourbano.com\/revista\/construccion\/amlo-acatara-orden-suspension-santa-lucia\/#breadcrumb"},"inLanguage":"es","potentialAction":[{"@type":"ReadAction","target":["https:\/\/centrourbano.com\/revista\/construccion\/amlo-acatara-orden-suspension-santa-lucia\/"]}]},{"@type":"ImageObject","inLanguage":"es","@id":"https:\/\/centrourbano.com\/revista\/construccion\/amlo-acatara-orden-suspension-santa-lucia\/#primaryimage","url":"https:\/\/centrourbano.com\/revista\/wp-content\/uploads\/aeropuerto-de-santa-lucia.png","contentUrl":"https:\/\/centrourbano.com\/revista\/wp-content\/uploads\/aeropuerto-de-santa-lucia.png","width":979,"height":546,"caption":"El actual gobierno planea terminar esta obra en 2021"},{"@type":"BreadcrumbList","@id":"https:\/\/centrourbano.com\/revista\/construccion\/amlo-acatara-orden-suspension-santa-lucia\/#breadcrumb","itemListElement":[{"@type":"ListItem","position":1,"name":"Portada","item":"https:\/\/centrourbano.com\/revista\/"},{"@type":"ListItem","position":2,"name":"AMLO acatar\u00e1 orden de suspensi\u00f3n en Santa Luc\u00eda"}]},{"@type":"WebSite","@id":"https:\/\/centrourbano.com\/revista\/#website","url":"https:\/\/centrourbano.com\/revista\/","name":"Centro Urbano","description":"Medio especializado en los sectores vivienda, inmobiliario, construcci\u00f3n, arquitectura y urbanismo.","publisher":{"@id":"https:\/\/centrourbano.com\/revista\/#organization"},"potentialAction":[{"@type":"SearchAction","target":{"@type":"EntryPoint","urlTemplate":"https:\/\/centrourbano.com\/revista\/?s={search_term_string}"},"query-input":{"@type":"PropertyValueSpecification","valueRequired":true,"valueName":"search_term_string"}}],"inLanguage":"es"},{"@type":"Organization","@id":"https:\/\/centrourbano.com\/revista\/#organization","name":"Centro Urbano","url":"https:\/\/centrourbano.com\/revista\/","logo":{"@type":"ImageObject","inLanguage":"es","@id":"https:\/\/centrourbano.com\/revista\/#\/schema\/logo\/image\/","url":"https:\/\/centrourbano.com\/revista\/wp-content\/uploads\/web_CU_logo-1.png","contentUrl":"https:\/\/centrourbano.com\/revista\/wp-content\/uploads\/web_CU_logo-1.png","width":350,"height":91,"caption":"Centro Urbano"},"image":{"@id":"https:\/\/centrourbano.com\/revista\/#\/schema\/logo\/image\/"},"sameAs":["https:\/\/www.facebook.com\/portalcentrourbano","https:\/\/x.com\/CentroUrbano","https:\/\/www.instagram.com\/centro_urbano\/","https:\/\/www.linkedin.com\/company\/centro-urbano\/","http:\/\/www.youtube.com\/user\/portalcentrourbano"]},{"@type":"Person","@id":"https:\/\/centrourbano.com\/revista\/#\/schema\/person\/515c32d01ece40d20a7ed3fdf34051af","name":"Fernando Navarrete","image":{"@type":"ImageObject","inLanguage":"es","@id":"https:\/\/secure.gravatar.com\/avatar\/f4dd6927a99e72698473e350e20ec8a38bd48cb668e15b03d04e8e537da41ad0?s=96&d=mm&r=g","url":"https:\/\/secure.gravatar.com\/avatar\/f4dd6927a99e72698473e350e20ec8a38bd48cb668e15b03d04e8e537da41ad0?s=96&d=mm&r=g","contentUrl":"https:\/\/secure.gravatar.com\/avatar\/f4dd6927a99e72698473e350e20ec8a38bd48cb668e15b03d04e8e537da41ad0?s=96&d=mm&r=g","caption":"Fernando Navarrete"},"description":"Reportero de negocios, inmobiliario, construcci\u00f3n e industria. Me interesa la econom\u00eda, pol\u00edtica, historia y antropolog\u00eda. Estudi\u00e9 en la Facultad de Ciencias Pol\u00edticas y Sociales de la UNAM. Tengo experiencia en el sector p\u00fablico, la industria del acero, ingenier\u00eda civil, IT y corporativos; soy un nost\u00e1lgico nacionalista contempor\u00e1neo que cree en la grandeza de su pa\u00eds. Asiduo lector de Juan Rulfo, Jos\u00e9 Revueltas y J. R. R Tolkien.","url":"https:\/\/centrourbano.com\/revista\/author\/fernando-navarrete\/"}]}},"_links":{"self":[{"href":"https:\/\/centrourbano.com\/revista\/wp-json\/wp\/v2\/posts\/91137","targetHints":{"allow":["GET"]}}],"collection":[{"href":"https:\/\/centrourbano.com\/revista\/wp-json\/wp\/v2\/posts"}],"about":[{"href":"https:\/\/centrourbano.com\/revista\/wp-json\/wp\/v2\/types\/post"}],"author":[{"embeddable":true,"href":"https:\/\/centrourbano.com\/revista\/wp-json\/wp\/v2\/users\/69"}],"replies":[{"embeddable":true,"href":"https:\/\/centrourbano.com\/revista\/wp-json\/wp\/v2\/comments?post=91137"}],"version-history":[{"count":2,"href":"https:\/\/centrourbano.com\/revista\/wp-json\/wp\/v2\/posts\/91137\/revisions"}],"predecessor-version":[{"id":91141,"href":"https:\/\/centrourbano.com\/revista\/wp-json\/wp\/v2\/posts\/91137\/revisions\/91141"}],"wp:featuredmedia":[{"embeddable":true,"href":"https:\/\/centrourbano.com\/revista\/wp-json\/wp\/v2\/media\/89455"}],"wp:attachment":[{"href":"https:\/\/centrourbano.com\/revista\/wp-json\/wp\/v2\/media?parent=91137"}],"wp:term":[{"taxonomy":"category","embeddable":true,"href":"https:\/\/centrourbano.com\/revista\/wp-json\/wp\/v2\/categories?post=91137"},{"taxonomy":"post_tag","embeddable":true,"href":"https:\/\/centrourbano.com\/revista\/wp-json\/wp\/v2\/tags?post=91137"}],"curies":[{"name":"wp","href":"https:\/\/api.w.org\/{rel}","templated":true}]}}