{"id":90461,"date":"2019-05-20T17:26:29","date_gmt":"2019-05-20T22:26:29","guid":{"rendered":"https:\/\/centrourbano.com\/?p=90461"},"modified":"2019-05-21T01:10:31","modified_gmt":"2019-05-21T06:10:31","slug":"seduvi-programa-desarrollo","status":"publish","type":"post","link":"https:\/\/centrourbano.com\/revista\/entrevistas\/seduvi-programa-desarrollo\/","title":{"rendered":"Trabaja Seduvi en actualizar el Programa General de Desarrollo Urbano"},"content":{"rendered":"<p><em>Las autoridades ya entregaron al Congreso la propuesta de la Ley de Planeaci\u00f3n, que es el marco regulatorio base para de ah\u00ed partir en la actualizaci\u00f3n de los diversos instrumentos<\/em><!--more--><\/p>\n<p>La <strong>Secretar\u00eda de Desarrollo Urbano y Vivienda<\/strong> (Seduvi) ya trabaja en un anteproyecto para actualizar el <strong>Programa General de Desarrollo Urbano<\/strong>. Sin embargo, este ser\u00e1 presentado hasta que se apruebe la <strong>Ley de Planeaci\u00f3n<\/strong> y se alinean los diversos instrumentos normativos en materia de desarrollo urbano a lo que dicta la Constituci\u00f3n de la Ciudad de M\u00e9xico.<\/p>\n<p>As\u00ed lo dio a conocer <strong>Ileana Villalobos<\/strong>, titular de la Seduvi, quien detall\u00f3 que, si bien la dependencia a su cargo ha comenzado con el<strong> trabajo t\u00e9cnico<\/strong> para actualizar el Programa General de Desarrollo Urbano, ser\u00e1 hasta que existan las condiciones legales cuando se presente en forma.<\/p>\n<p>En entrevista, la funcionaria capitalina precis\u00f3 que para robustecer el trabajo en materia de reglamentaci\u00f3n del desarrollo urbano, primero es necesario contar con la \u201cley madre\u201d que regular\u00e1 el crecimiento de la capital: la Ley de Planeaci\u00f3n. Mientras tanto, dijo, la secretar\u00eda ya trabaja en los diversos esquemas para que, en el momento preciso, se presenten y se debatan.<\/p>\n<p>[quote]\u201cEstamos haciendo desde luego el trabajo t\u00e9cnico necesario para que en el momento legal oportuno podamos hacer una presentaci\u00f3n de un anteproyecto del programa de desarrollo Urbano, que desde luego deber\u00e1 contar con el consenso de la sociedad.<\/p>\n<p>\u201cNo s\u00f3lo es el trabajo t\u00e9cnico, sino que ese trabajo t\u00e9cnico luego hay que elevarlo a un consenso social para que exista la corresponsabilidad, justamente tanto en el proceso de aprobaci\u00f3n como en el proceso de su cumplimiento hacia el futuro\u201d, dijo.[\/quote]<\/p>\n<p>La Secretaria detall\u00f3 que la propuesta de Ley de Planeaci\u00f3n ya fue entregada al <strong>Congreso de la Ciudad<\/strong>. En tal sentido, manifest\u00f3 que las autoridades esperan que esta iniciativa pueda estar aprobada antes de <strong>septiembre<\/strong>. No obstante, dijo, en ese intermedio, la Secretar\u00eda continuar\u00e1 trabajando y abrir\u00e1 el dialogo para que una vez que se tenga la legislaci\u00f3n, se pueda avanzar con los otros pendientes, como el Programa General de Desarrollo Urbano.<\/p>\n<p>\u201cEse es el plan: vamos a seguir trabajando en la actualizaci\u00f3n de la ley de Ordenamiento territorial y Desarrollo Urbano y con toda la preparaci\u00f3n de los trabajos t\u00e9cnicos, solamente t\u00e9cnicos que requiere el programa general de desarrollo Urbano (\u2026)<\/p>\n<p>\u201cEs muy lamentable que una ciudad como la nuestra, que ocupa un lugar muy relevante en el conjunto de ciudades del mundo, cuente con un Programa de Desarrollo Urbano que data de 2003. Y esto no es menor porque la ciudad requiere una visi\u00f3n, una estrategia, objetivos claros de corto, mediano y largo plazo, eso lo tiene cualquier ciudad y no es posible que la nuestra lo tenga\u201d, dijo.<\/p>\n<p>La importancia de la Ley de Planeaci\u00f3n en temas de desarrollo urbano recae en el sentido que ser\u00e1 la que establezca las previsiones relacionadas con el ordenamiento territorial, adem\u00e1s que es el marco que dar\u00e1 la pauta para la actualizaci\u00f3n de los diversos marcos jur\u00eddicos.<\/p>\n<p>[quote]\u201cLa ley de planeaci\u00f3n ya fue entregada el Congreso y ahora s\u00ed que son los tiempos del congreso. Desde luego esperemos que antes de septiembre, que es el inicio del pr\u00f3ximo periodo de sesiones, est\u00e9 aprobada, porque nos permitir\u00eda avanzar en las siguientes leyes\u201d.[\/quote]<\/p>\n<p><strong>Pendientes <\/strong><\/p>\n<p>Ileana Villalobos se\u00f1al\u00f3 que la nueva administraci\u00f3n buscar\u00e1 resolver algunos temas particulares, entre ellos, la <strong>eficiencia en los tr\u00e1mites<\/strong> que realiza Seduvi.<\/p>\n<p>\u201cLa velocidad de actuaci\u00f3n de la Secretar\u00eda no es adecuada y eso genera mucha incertidumbre e inseguridad. Entonces tendremos que hacer un esfuerzo de continuar estudiando los tr\u00e1mites que atiende la Secretar\u00eda en el sentido de mejorarlos y reducirlos o compactarlo si est\u00e1 legalmente posible\u201d, apunt\u00f3.<\/p>\n<p>Por otro lado, la funcionaria subray\u00f3 que uno de los temas prioritarios para Seduvi ser\u00e1 <strong>alinear los instrumentos jur\u00eddicos<\/strong> con los que cuenta la Ciudad a los par\u00e1metros definidos en la Constituci\u00f3n de la Ciudad. La Secretaria consider\u00f3 que este es uno de los trabajos pendientes que hered\u00f3 la anterior administraci\u00f3n.<\/p>\n<p>[quote]\u201cTenemos que atender un asunto que la administraci\u00f3n anterior no pod\u00eda resolver porque la nueva constituci\u00f3n reci\u00e9n entr\u00f3 en vigor, y se trata de alinear todos los instrumentos jur\u00eddicos que necesitamos para darle mayor seguridad y certeza jur\u00eddica a los particulares\u201d.[\/quote]<\/p>\n","protected":false},"excerpt":{"rendered":"<p>Las autoridades ya entregaron al Congreso la propuesta de la Ley de Planeaci\u00f3n, que es el marco regulatorio base para de ah\u00ed partir en la actualizaci\u00f3n de los diversos instrumentos<\/p>\n","protected":false},"author":47,"featured_media":42347,"comment_status":"open","ping_status":"closed","sticky":false,"template":"","format":"standard","meta":{"om_disable_all_campaigns":false,"inline_featured_image":false,"_monsterinsights_skip_tracking":false,"_monsterinsights_sitenote_active":false,"_monsterinsights_sitenote_note":"","_monsterinsights_sitenote_category":0,"footnotes":""},"categories":[13],"tags":[290,13974,5926,126],"class_list":["post-90461","post","type-post","status-publish","format-standard","has-post-thumbnail","hentry","category-entrevistas","tag-ciudad-de-mexico","tag-ileana-villalobos","tag-programa-general-de-desarrollo-urbano","tag-seduvi"],"yoast_head":"<!-- This site is optimized with the Yoast SEO plugin v27.4 - https:\/\/yoast.com\/product\/yoast-seo-wordpress\/ -->\n<title>Trabaja Seduvi en la actualizaci\u00f3n del Programa de Desarrollo Urbano<\/title>\n<meta name=\"description\" content=\"La Secretar\u00eda de Desarrollo Urbano y Vivienda (Seduvi) ya trabaja en un anteproyecto para actualizar el Programa General de Desarrollo...\" \/>\n<meta name=\"robots\" content=\"index, follow, max-snippet:-1, max-image-preview:large, max-video-preview:-1\" \/>\n<link rel=\"canonical\" href=\"https:\/\/centrourbano.com\/revista\/entrevistas\/seduvi-programa-desarrollo\/\" \/>\n<meta property=\"og:locale\" content=\"es_ES\" \/>\n<meta property=\"og:type\" content=\"article\" \/>\n<meta property=\"og:title\" content=\"Trabaja Seduvi en la actualizaci\u00f3n del Programa de Desarrollo Urbano\" \/>\n<meta property=\"og:description\" content=\"La Secretar\u00eda de Desarrollo Urbano y Vivienda (Seduvi) ya trabaja en un anteproyecto para actualizar el Programa General de Desarrollo...\" \/>\n<meta property=\"og:url\" content=\"https:\/\/centrourbano.com\/revista\/entrevistas\/seduvi-programa-desarrollo\/\" \/>\n<meta property=\"og:site_name\" content=\"Centro Urbano\" \/>\n<meta property=\"article:publisher\" content=\"https:\/\/www.facebook.com\/portalcentrourbano\" \/>\n<meta property=\"article:published_time\" content=\"2019-05-20T22:26:29+00:00\" \/>\n<meta property=\"article:modified_time\" content=\"2019-05-21T06:10:31+00:00\" \/>\n<meta property=\"og:image\" content=\"https:\/\/centrourbano.com\/revista\/wp-content\/uploads\/Ciudad.de_.M\u00e9xico.Distrito.Federal.Centro.jpg\" \/>\n\t<meta property=\"og:image:width\" content=\"800\" \/>\n\t<meta property=\"og:image:height\" content=\"530\" \/>\n\t<meta property=\"og:image:type\" content=\"image\/jpeg\" \/>\n<meta name=\"author\" content=\"Edgar Rosas\" \/>\n<meta name=\"twitter:card\" content=\"summary_large_image\" \/>\n<meta name=\"twitter:creator\" content=\"@https:\/\/twitter.com\/ERosasCU?s=09\" \/>\n<meta name=\"twitter:site\" content=\"@CentroUrbano\" \/>\n<meta name=\"twitter:label1\" content=\"Escrito por\" \/>\n\t<meta name=\"twitter:data1\" content=\"Edgar Rosas\" \/>\n\t<meta name=\"twitter:label2\" content=\"Tiempo de lectura\" \/>\n\t<meta name=\"twitter:data2\" content=\"4 minutos\" \/>\n<script type=\"application\/ld+json\" class=\"yoast-schema-graph\">{\"@context\":\"https:\\\/\\\/schema.org\",\"@graph\":[{\"@type\":\"Article\",\"@id\":\"https:\\\/\\\/centrourbano.com\\\/revista\\\/entrevistas\\\/seduvi-programa-desarrollo\\\/#article\",\"isPartOf\":{\"@id\":\"https:\\\/\\\/centrourbano.com\\\/revista\\\/entrevistas\\\/seduvi-programa-desarrollo\\\/\"},\"author\":{\"name\":\"Edgar Rosas\",\"@id\":\"https:\\\/\\\/centrourbano.com\\\/revista\\\/#\\\/schema\\\/person\\\/ff3c00651ce5b1630479d2cd0c2e3ac0\"},\"headline\":\"Trabaja Seduvi en actualizar el Programa General de Desarrollo Urbano\",\"datePublished\":\"2019-05-20T22:26:29+00:00\",\"dateModified\":\"2019-05-21T06:10:31+00:00\",\"mainEntityOfPage\":{\"@id\":\"https:\\\/\\\/centrourbano.com\\\/revista\\\/entrevistas\\\/seduvi-programa-desarrollo\\\/\"},\"wordCount\":766,\"commentCount\":0,\"publisher\":{\"@id\":\"https:\\\/\\\/centrourbano.com\\\/revista\\\/#organization\"},\"image\":{\"@id\":\"https:\\\/\\\/centrourbano.com\\\/revista\\\/entrevistas\\\/seduvi-programa-desarrollo\\\/#primaryimage\"},\"thumbnailUrl\":\"https:\\\/\\\/centrourbano.com\\\/revista\\\/wp-content\\\/uploads\\\/Ciudad.de_.M\u00e9xico.Distrito.Federal.Centro.jpg\",\"keywords\":[\"ciudad de M\u00e9xico\",\"Ileana Villalobos\",\"Programa General de Desarrollo Urbano\",\"Seduvi\"],\"articleSection\":[\"Entrevistas\"],\"inLanguage\":\"es\",\"potentialAction\":[{\"@type\":\"CommentAction\",\"name\":\"Comment\",\"target\":[\"https:\\\/\\\/centrourbano.com\\\/revista\\\/entrevistas\\\/seduvi-programa-desarrollo\\\/#respond\"]}]},{\"@type\":\"WebPage\",\"@id\":\"https:\\\/\\\/centrourbano.com\\\/revista\\\/entrevistas\\\/seduvi-programa-desarrollo\\\/\",\"url\":\"https:\\\/\\\/centrourbano.com\\\/revista\\\/entrevistas\\\/seduvi-programa-desarrollo\\\/\",\"name\":\"Trabaja Seduvi en la actualizaci\u00f3n del Programa de Desarrollo Urbano\",\"isPartOf\":{\"@id\":\"https:\\\/\\\/centrourbano.com\\\/revista\\\/#website\"},\"primaryImageOfPage\":{\"@id\":\"https:\\\/\\\/centrourbano.com\\\/revista\\\/entrevistas\\\/seduvi-programa-desarrollo\\\/#primaryimage\"},\"image\":{\"@id\":\"https:\\\/\\\/centrourbano.com\\\/revista\\\/entrevistas\\\/seduvi-programa-desarrollo\\\/#primaryimage\"},\"thumbnailUrl\":\"https:\\\/\\\/centrourbano.com\\\/revista\\\/wp-content\\\/uploads\\\/Ciudad.de_.M\u00e9xico.Distrito.Federal.Centro.jpg\",\"datePublished\":\"2019-05-20T22:26:29+00:00\",\"dateModified\":\"2019-05-21T06:10:31+00:00\",\"description\":\"La Secretar\u00eda de Desarrollo Urbano y Vivienda (Seduvi) ya trabaja en un anteproyecto para actualizar el Programa General de Desarrollo...\",\"breadcrumb\":{\"@id\":\"https:\\\/\\\/centrourbano.com\\\/revista\\\/entrevistas\\\/seduvi-programa-desarrollo\\\/#breadcrumb\"},\"inLanguage\":\"es\",\"potentialAction\":[{\"@type\":\"ReadAction\",\"target\":[\"https:\\\/\\\/centrourbano.com\\\/revista\\\/entrevistas\\\/seduvi-programa-desarrollo\\\/\"]}]},{\"@type\":\"ImageObject\",\"inLanguage\":\"es\",\"@id\":\"https:\\\/\\\/centrourbano.com\\\/revista\\\/entrevistas\\\/seduvi-programa-desarrollo\\\/#primaryimage\",\"url\":\"https:\\\/\\\/centrourbano.com\\\/revista\\\/wp-content\\\/uploads\\\/Ciudad.de_.M\u00e9xico.Distrito.Federal.Centro.jpg\",\"contentUrl\":\"https:\\\/\\\/centrourbano.com\\\/revista\\\/wp-content\\\/uploads\\\/Ciudad.de_.M\u00e9xico.Distrito.Federal.Centro.jpg\",\"width\":800,\"height\":530,\"caption\":\"En esta zona de la CDMX se pueden encontrar precios de hasta 16 d\u00f3lares por metro cuadrado\"},{\"@type\":\"BreadcrumbList\",\"@id\":\"https:\\\/\\\/centrourbano.com\\\/revista\\\/entrevistas\\\/seduvi-programa-desarrollo\\\/#breadcrumb\",\"itemListElement\":[{\"@type\":\"ListItem\",\"position\":1,\"name\":\"Portada\",\"item\":\"https:\\\/\\\/centrourbano.com\\\/revista\\\/\"},{\"@type\":\"ListItem\",\"position\":2,\"name\":\"Trabaja Seduvi en actualizar el Programa General de Desarrollo Urbano\"}]},{\"@type\":\"WebSite\",\"@id\":\"https:\\\/\\\/centrourbano.com\\\/revista\\\/#website\",\"url\":\"https:\\\/\\\/centrourbano.com\\\/revista\\\/\",\"name\":\"Centro Urbano\",\"description\":\"Medio especializado en los sectores vivienda, inmobiliario, construcci\u00f3n, arquitectura y urbanismo.\",\"publisher\":{\"@id\":\"https:\\\/\\\/centrourbano.com\\\/revista\\\/#organization\"},\"potentialAction\":[{\"@type\":\"SearchAction\",\"target\":{\"@type\":\"EntryPoint\",\"urlTemplate\":\"https:\\\/\\\/centrourbano.com\\\/revista\\\/?s={search_term_string}\"},\"query-input\":{\"@type\":\"PropertyValueSpecification\",\"valueRequired\":true,\"valueName\":\"search_term_string\"}}],\"inLanguage\":\"es\"},{\"@type\":\"Organization\",\"@id\":\"https:\\\/\\\/centrourbano.com\\\/revista\\\/#organization\",\"name\":\"Centro Urbano\",\"url\":\"https:\\\/\\\/centrourbano.com\\\/revista\\\/\",\"logo\":{\"@type\":\"ImageObject\",\"inLanguage\":\"es\",\"@id\":\"https:\\\/\\\/centrourbano.com\\\/revista\\\/#\\\/schema\\\/logo\\\/image\\\/\",\"url\":\"https:\\\/\\\/centrourbano.com\\\/revista\\\/wp-content\\\/uploads\\\/web_CU_logo-1.png\",\"contentUrl\":\"https:\\\/\\\/centrourbano.com\\\/revista\\\/wp-content\\\/uploads\\\/web_CU_logo-1.png\",\"width\":350,\"height\":91,\"caption\":\"Centro Urbano\"},\"image\":{\"@id\":\"https:\\\/\\\/centrourbano.com\\\/revista\\\/#\\\/schema\\\/logo\\\/image\\\/\"},\"sameAs\":[\"https:\\\/\\\/www.facebook.com\\\/portalcentrourbano\",\"https:\\\/\\\/x.com\\\/CentroUrbano\",\"https:\\\/\\\/www.instagram.com\\\/centro_urbano\\\/\",\"https:\\\/\\\/www.linkedin.com\\\/company\\\/centro-urbano\\\/\",\"http:\\\/\\\/www.youtube.com\\\/user\\\/portalcentrourbano\"]},{\"@type\":\"Person\",\"@id\":\"https:\\\/\\\/centrourbano.com\\\/revista\\\/#\\\/schema\\\/person\\\/ff3c00651ce5b1630479d2cd0c2e3ac0\",\"name\":\"Edgar Rosas\",\"image\":{\"@type\":\"ImageObject\",\"inLanguage\":\"es\",\"@id\":\"https:\\\/\\\/secure.gravatar.com\\\/avatar\\\/94440c4283495211faa5300bf85e80061036b83fced868c3783aa1310b350d9c?s=96&d=mm&r=g\",\"url\":\"https:\\\/\\\/secure.gravatar.com\\\/avatar\\\/94440c4283495211faa5300bf85e80061036b83fced868c3783aa1310b350d9c?s=96&d=mm&r=g\",\"contentUrl\":\"https:\\\/\\\/secure.gravatar.com\\\/avatar\\\/94440c4283495211faa5300bf85e80061036b83fced868c3783aa1310b350d9c?s=96&d=mm&r=g\",\"caption\":\"Edgar Rosas\"},\"description\":\"Editor en Jefe de Centro Urbano. Egresado de la maestr\u00eda en Periodismo Pol\u00edtico de la Escuela de Periodismo Carlos Septi\u00e9n Garc\u00eda (EPCSG). Estudi\u00f3 la licenciatura en Comunicaci\u00f3n en la Universidad Mexicana. Amante de la cr\u00f3nica y el reportaje. Admirador de Vicente Le\u00f1ero y Miguel \u00c1ngel Granados Chapa.\",\"sameAs\":[\"https:\\\/\\\/x.com\\\/https:\\\/\\\/twitter.com\\\/ERosasCU?s=09\"],\"url\":\"https:\\\/\\\/centrourbano.com\\\/revista\\\/author\\\/edgar-rosas\\\/\"}]}<\/script>\n<!-- \/ Yoast SEO plugin. -->","yoast_head_json":{"title":"Trabaja Seduvi en la actualizaci\u00f3n del Programa de Desarrollo Urbano","description":"La Secretar\u00eda de Desarrollo Urbano y Vivienda (Seduvi) ya trabaja en un anteproyecto para actualizar el Programa General de Desarrollo...","robots":{"index":"index","follow":"follow","max-snippet":"max-snippet:-1","max-image-preview":"max-image-preview:large","max-video-preview":"max-video-preview:-1"},"canonical":"https:\/\/centrourbano.com\/revista\/entrevistas\/seduvi-programa-desarrollo\/","og_locale":"es_ES","og_type":"article","og_title":"Trabaja Seduvi en la actualizaci\u00f3n del Programa de Desarrollo Urbano","og_description":"La Secretar\u00eda de Desarrollo Urbano y Vivienda (Seduvi) ya trabaja en un anteproyecto para actualizar el Programa General de Desarrollo...","og_url":"https:\/\/centrourbano.com\/revista\/entrevistas\/seduvi-programa-desarrollo\/","og_site_name":"Centro Urbano","article_publisher":"https:\/\/www.facebook.com\/portalcentrourbano","article_published_time":"2019-05-20T22:26:29+00:00","article_modified_time":"2019-05-21T06:10:31+00:00","og_image":[{"width":800,"height":530,"url":"https:\/\/centrourbano.com\/revista\/wp-content\/uploads\/Ciudad.de_.M\u00e9xico.Distrito.Federal.Centro.jpg","type":"image\/jpeg"}],"author":"Edgar Rosas","twitter_card":"summary_large_image","twitter_creator":"@https:\/\/twitter.com\/ERosasCU?s=09","twitter_site":"@CentroUrbano","twitter_misc":{"Escrito por":"Edgar Rosas","Tiempo de lectura":"4 minutos"},"schema":{"@context":"https:\/\/schema.org","@graph":[{"@type":"Article","@id":"https:\/\/centrourbano.com\/revista\/entrevistas\/seduvi-programa-desarrollo\/#article","isPartOf":{"@id":"https:\/\/centrourbano.com\/revista\/entrevistas\/seduvi-programa-desarrollo\/"},"author":{"name":"Edgar Rosas","@id":"https:\/\/centrourbano.com\/revista\/#\/schema\/person\/ff3c00651ce5b1630479d2cd0c2e3ac0"},"headline":"Trabaja Seduvi en actualizar el Programa General de Desarrollo Urbano","datePublished":"2019-05-20T22:26:29+00:00","dateModified":"2019-05-21T06:10:31+00:00","mainEntityOfPage":{"@id":"https:\/\/centrourbano.com\/revista\/entrevistas\/seduvi-programa-desarrollo\/"},"wordCount":766,"commentCount":0,"publisher":{"@id":"https:\/\/centrourbano.com\/revista\/#organization"},"image":{"@id":"https:\/\/centrourbano.com\/revista\/entrevistas\/seduvi-programa-desarrollo\/#primaryimage"},"thumbnailUrl":"https:\/\/centrourbano.com\/revista\/wp-content\/uploads\/Ciudad.de_.M\u00e9xico.Distrito.Federal.Centro.jpg","keywords":["ciudad de M\u00e9xico","Ileana Villalobos","Programa General de Desarrollo Urbano","Seduvi"],"articleSection":["Entrevistas"],"inLanguage":"es","potentialAction":[{"@type":"CommentAction","name":"Comment","target":["https:\/\/centrourbano.com\/revista\/entrevistas\/seduvi-programa-desarrollo\/#respond"]}]},{"@type":"WebPage","@id":"https:\/\/centrourbano.com\/revista\/entrevistas\/seduvi-programa-desarrollo\/","url":"https:\/\/centrourbano.com\/revista\/entrevistas\/seduvi-programa-desarrollo\/","name":"Trabaja Seduvi en la actualizaci\u00f3n del Programa de Desarrollo Urbano","isPartOf":{"@id":"https:\/\/centrourbano.com\/revista\/#website"},"primaryImageOfPage":{"@id":"https:\/\/centrourbano.com\/revista\/entrevistas\/seduvi-programa-desarrollo\/#primaryimage"},"image":{"@id":"https:\/\/centrourbano.com\/revista\/entrevistas\/seduvi-programa-desarrollo\/#primaryimage"},"thumbnailUrl":"https:\/\/centrourbano.com\/revista\/wp-content\/uploads\/Ciudad.de_.M\u00e9xico.Distrito.Federal.Centro.jpg","datePublished":"2019-05-20T22:26:29+00:00","dateModified":"2019-05-21T06:10:31+00:00","description":"La Secretar\u00eda de Desarrollo Urbano y Vivienda (Seduvi) ya trabaja en un anteproyecto para actualizar el Programa General de Desarrollo...","breadcrumb":{"@id":"https:\/\/centrourbano.com\/revista\/entrevistas\/seduvi-programa-desarrollo\/#breadcrumb"},"inLanguage":"es","potentialAction":[{"@type":"ReadAction","target":["https:\/\/centrourbano.com\/revista\/entrevistas\/seduvi-programa-desarrollo\/"]}]},{"@type":"ImageObject","inLanguage":"es","@id":"https:\/\/centrourbano.com\/revista\/entrevistas\/seduvi-programa-desarrollo\/#primaryimage","url":"https:\/\/centrourbano.com\/revista\/wp-content\/uploads\/Ciudad.de_.M\u00e9xico.Distrito.Federal.Centro.jpg","contentUrl":"https:\/\/centrourbano.com\/revista\/wp-content\/uploads\/Ciudad.de_.M\u00e9xico.Distrito.Federal.Centro.jpg","width":800,"height":530,"caption":"En esta zona de la CDMX se pueden encontrar precios de hasta 16 d\u00f3lares por metro cuadrado"},{"@type":"BreadcrumbList","@id":"https:\/\/centrourbano.com\/revista\/entrevistas\/seduvi-programa-desarrollo\/#breadcrumb","itemListElement":[{"@type":"ListItem","position":1,"name":"Portada","item":"https:\/\/centrourbano.com\/revista\/"},{"@type":"ListItem","position":2,"name":"Trabaja Seduvi en actualizar el Programa General de Desarrollo Urbano"}]},{"@type":"WebSite","@id":"https:\/\/centrourbano.com\/revista\/#website","url":"https:\/\/centrourbano.com\/revista\/","name":"Centro Urbano","description":"Medio especializado en los sectores vivienda, inmobiliario, construcci\u00f3n, arquitectura y urbanismo.","publisher":{"@id":"https:\/\/centrourbano.com\/revista\/#organization"},"potentialAction":[{"@type":"SearchAction","target":{"@type":"EntryPoint","urlTemplate":"https:\/\/centrourbano.com\/revista\/?s={search_term_string}"},"query-input":{"@type":"PropertyValueSpecification","valueRequired":true,"valueName":"search_term_string"}}],"inLanguage":"es"},{"@type":"Organization","@id":"https:\/\/centrourbano.com\/revista\/#organization","name":"Centro Urbano","url":"https:\/\/centrourbano.com\/revista\/","logo":{"@type":"ImageObject","inLanguage":"es","@id":"https:\/\/centrourbano.com\/revista\/#\/schema\/logo\/image\/","url":"https:\/\/centrourbano.com\/revista\/wp-content\/uploads\/web_CU_logo-1.png","contentUrl":"https:\/\/centrourbano.com\/revista\/wp-content\/uploads\/web_CU_logo-1.png","width":350,"height":91,"caption":"Centro Urbano"},"image":{"@id":"https:\/\/centrourbano.com\/revista\/#\/schema\/logo\/image\/"},"sameAs":["https:\/\/www.facebook.com\/portalcentrourbano","https:\/\/x.com\/CentroUrbano","https:\/\/www.instagram.com\/centro_urbano\/","https:\/\/www.linkedin.com\/company\/centro-urbano\/","http:\/\/www.youtube.com\/user\/portalcentrourbano"]},{"@type":"Person","@id":"https:\/\/centrourbano.com\/revista\/#\/schema\/person\/ff3c00651ce5b1630479d2cd0c2e3ac0","name":"Edgar Rosas","image":{"@type":"ImageObject","inLanguage":"es","@id":"https:\/\/secure.gravatar.com\/avatar\/94440c4283495211faa5300bf85e80061036b83fced868c3783aa1310b350d9c?s=96&d=mm&r=g","url":"https:\/\/secure.gravatar.com\/avatar\/94440c4283495211faa5300bf85e80061036b83fced868c3783aa1310b350d9c?s=96&d=mm&r=g","contentUrl":"https:\/\/secure.gravatar.com\/avatar\/94440c4283495211faa5300bf85e80061036b83fced868c3783aa1310b350d9c?s=96&d=mm&r=g","caption":"Edgar Rosas"},"description":"Editor en Jefe de Centro Urbano. Egresado de la maestr\u00eda en Periodismo Pol\u00edtico de la Escuela de Periodismo Carlos Septi\u00e9n Garc\u00eda (EPCSG). Estudi\u00f3 la licenciatura en Comunicaci\u00f3n en la Universidad Mexicana. Amante de la cr\u00f3nica y el reportaje. Admirador de Vicente Le\u00f1ero y Miguel \u00c1ngel Granados Chapa.","sameAs":["https:\/\/x.com\/https:\/\/twitter.com\/ERosasCU?s=09"],"url":"https:\/\/centrourbano.com\/revista\/author\/edgar-rosas\/"}]}},"_links":{"self":[{"href":"https:\/\/centrourbano.com\/revista\/wp-json\/wp\/v2\/posts\/90461","targetHints":{"allow":["GET"]}}],"collection":[{"href":"https:\/\/centrourbano.com\/revista\/wp-json\/wp\/v2\/posts"}],"about":[{"href":"https:\/\/centrourbano.com\/revista\/wp-json\/wp\/v2\/types\/post"}],"author":[{"embeddable":true,"href":"https:\/\/centrourbano.com\/revista\/wp-json\/wp\/v2\/users\/47"}],"replies":[{"embeddable":true,"href":"https:\/\/centrourbano.com\/revista\/wp-json\/wp\/v2\/comments?post=90461"}],"version-history":[{"count":7,"href":"https:\/\/centrourbano.com\/revista\/wp-json\/wp\/v2\/posts\/90461\/revisions"}],"predecessor-version":[{"id":90481,"href":"https:\/\/centrourbano.com\/revista\/wp-json\/wp\/v2\/posts\/90461\/revisions\/90481"}],"wp:featuredmedia":[{"embeddable":true,"href":"https:\/\/centrourbano.com\/revista\/wp-json\/wp\/v2\/media\/42347"}],"wp:attachment":[{"href":"https:\/\/centrourbano.com\/revista\/wp-json\/wp\/v2\/media?parent=90461"}],"wp:term":[{"taxonomy":"category","embeddable":true,"href":"https:\/\/centrourbano.com\/revista\/wp-json\/wp\/v2\/categories?post=90461"},{"taxonomy":"post_tag","embeddable":true,"href":"https:\/\/centrourbano.com\/revista\/wp-json\/wp\/v2\/tags?post=90461"}],"curies":[{"name":"wp","href":"https:\/\/api.w.org\/{rel}","templated":true}]}}