{"id":90236,"date":"2019-05-15T10:31:43","date_gmt":"2019-05-15T15:31:43","guid":{"rendered":"https:\/\/centrourbano.com\/?p=90236"},"modified":"2019-05-15T14:27:26","modified_gmt":"2019-05-15T19:27:26","slug":"%e2%96%b6%ef%b8%8fvideo-estiman-menor-absorcion-oficinas-la-capital-este-ano","status":"publish","type":"post","link":"https:\/\/centrourbano.com\/revista\/entrevistas\/%e2%96%b6%ef%b8%8fvideo-estiman-menor-absorcion-oficinas-la-capital-este-ano\/","title":{"rendered":"\u25b6\ufe0fVIDEO | Estiman menor absorci\u00f3n de oficinas en la capital este a\u00f1o"},"content":{"rendered":"<p><strong>Guillermo Sep\u00falveda<\/strong>, socio y director general de la oficina de <a href=\"https:\/\/twitter.com\/avisonyoungmex\" target=\"_blank\" rel=\"noopener noreferrer\">Avison Young en la Ciudad de M\u00e9xico<\/a>, se\u00f1al\u00f3 que el principal impacto que experimentar\u00e1 el mercado de oficinas se ver\u00e1 reflejado en una menor tasa de disponibilidad que para este a\u00f1o se calculaba llegar\u00eda al 20 por ciento.<\/p>\n","protected":false},"excerpt":{"rendered":"<p>Guillermo Sep\u00falveda, socio y director general de la oficina de Avison Young en la Ciudad de M\u00e9xico, se\u00f1al\u00f3 que el principal impacto que experimentar\u00e1 el mercado de oficinas se ver\u00e1 reflejado en una menor tasa de disponibilidad que para este a\u00f1o se calculaba llegar\u00eda al 20 por ciento.<\/p>\n","protected":false},"author":69,"featured_media":90241,"comment_status":"open","ping_status":"closed","sticky":false,"template":"","format":"video","meta":{"om_disable_all_campaigns":false,"inline_featured_image":false,"_monsterinsights_skip_tracking":false,"_monsterinsights_sitenote_active":false,"_monsterinsights_sitenote_note":"","_monsterinsights_sitenote_category":0,"footnotes":""},"categories":[13],"tags":[13043],"class_list":["post-90236","post","type-post","status-publish","format-video","has-post-thumbnail","hentry","category-entrevistas","tag-centrourbanoradio","post_format-post-format-video"],"yoast_head":"<!-- This site is optimized with the Yoast SEO plugin v27.4 - https:\/\/yoast.com\/product\/yoast-seo-wordpress\/ -->\n<title>\u25b6\ufe0fVIDEO | Estiman menor absorci\u00f3n de oficinas en la capital este a\u00f1o -<\/title>\n<meta name=\"description\" content=\"Guillermo Sep\u00falveda, socio y director general de la oficina de Avison Young en la Ciudad de M\u00e9xico, se\u00f1al\u00f3 que el principal impacto que experimentar\u00e1 el\" \/>\n<meta name=\"robots\" content=\"index, follow, max-snippet:-1, max-image-preview:large, max-video-preview:-1\" \/>\n<link rel=\"canonical\" href=\"https:\/\/centrourbano.com\/revista\/entrevistas\/\u25b6\ufe0fvideo-estiman-menor-absorcion-oficinas-la-capital-este-ano\/\" \/>\n<meta property=\"og:locale\" content=\"es_ES\" \/>\n<meta property=\"og:type\" content=\"article\" \/>\n<meta property=\"og:title\" content=\"\u25b6\ufe0fVIDEO | Estiman menor absorci\u00f3n de oficinas en la capital este a\u00f1o -\" \/>\n<meta property=\"og:description\" content=\"Guillermo Sep\u00falveda, socio y director general de la oficina de Avison Young en la Ciudad de M\u00e9xico, se\u00f1al\u00f3 que el principal impacto que experimentar\u00e1 el\" \/>\n<meta property=\"og:url\" content=\"https:\/\/centrourbano.com\/revista\/entrevistas\/\u25b6\ufe0fvideo-estiman-menor-absorcion-oficinas-la-capital-este-ano\/\" \/>\n<meta property=\"og:site_name\" content=\"Centro Urbano\" \/>\n<meta property=\"article:publisher\" content=\"https:\/\/www.facebook.com\/portalcentrourbano\" \/>\n<meta property=\"article:published_time\" content=\"2019-05-15T15:31:43+00:00\" \/>\n<meta property=\"article:modified_time\" content=\"2019-05-15T19:27:26+00:00\" \/>\n<meta property=\"og:image\" content=\"https:\/\/centrourbano.com\/revista\/wp-content\/uploads\/001_MiniSepulveda14mayo-e1557948023957.jpg\" \/>\n\t<meta property=\"og:image:width\" content=\"711\" \/>\n\t<meta property=\"og:image:height\" content=\"400\" \/>\n\t<meta property=\"og:image:type\" content=\"image\/jpeg\" \/>\n<meta name=\"author\" content=\"Fernando Navarrete\" \/>\n<meta name=\"twitter:card\" content=\"summary_large_image\" \/>\n<meta name=\"twitter:creator\" content=\"@CentroUrbano\" \/>\n<meta name=\"twitter:site\" content=\"@CentroUrbano\" \/>\n<meta name=\"twitter:label1\" content=\"Escrito por\" \/>\n\t<meta name=\"twitter:data1\" content=\"Fernando Navarrete\" \/>\n<script type=\"application\/ld+json\" class=\"yoast-schema-graph\">{\"@context\":\"https:\\\/\\\/schema.org\",\"@graph\":[{\"@type\":\"Article\",\"@id\":\"https:\\\/\\\/centrourbano.com\\\/revista\\\/entrevistas\\\/%e2%96%b6%ef%b8%8fvideo-estiman-menor-absorcion-oficinas-la-capital-este-ano\\\/#article\",\"isPartOf\":{\"@id\":\"https:\\\/\\\/centrourbano.com\\\/revista\\\/entrevistas\\\/%e2%96%b6%ef%b8%8fvideo-estiman-menor-absorcion-oficinas-la-capital-este-ano\\\/\"},\"author\":{\"name\":\"Fernando Navarrete\",\"@id\":\"https:\\\/\\\/centrourbano.com\\\/revista\\\/#\\\/schema\\\/person\\\/515c32d01ece40d20a7ed3fdf34051af\"},\"headline\":\"\u25b6\ufe0fVIDEO | Estiman menor absorci\u00f3n de oficinas en la capital este a\u00f1o\",\"datePublished\":\"2019-05-15T15:31:43+00:00\",\"dateModified\":\"2019-05-15T19:27:26+00:00\",\"mainEntityOfPage\":{\"@id\":\"https:\\\/\\\/centrourbano.com\\\/revista\\\/entrevistas\\\/%e2%96%b6%ef%b8%8fvideo-estiman-menor-absorcion-oficinas-la-capital-este-ano\\\/\"},\"wordCount\":65,\"commentCount\":0,\"publisher\":{\"@id\":\"https:\\\/\\\/centrourbano.com\\\/revista\\\/#organization\"},\"image\":{\"@id\":\"https:\\\/\\\/centrourbano.com\\\/revista\\\/entrevistas\\\/%e2%96%b6%ef%b8%8fvideo-estiman-menor-absorcion-oficinas-la-capital-este-ano\\\/#primaryimage\"},\"thumbnailUrl\":\"https:\\\/\\\/centrourbano.com\\\/revista\\\/wp-content\\\/uploads\\\/001_MiniSepulveda14mayo-e1557948023957.jpg\",\"keywords\":[\"#CentroUrbanoRADIO\"],\"articleSection\":[\"Entrevistas\"],\"inLanguage\":\"es\",\"potentialAction\":[{\"@type\":\"CommentAction\",\"name\":\"Comment\",\"target\":[\"https:\\\/\\\/centrourbano.com\\\/revista\\\/entrevistas\\\/%e2%96%b6%ef%b8%8fvideo-estiman-menor-absorcion-oficinas-la-capital-este-ano\\\/#respond\"]}]},{\"@type\":\"WebPage\",\"@id\":\"https:\\\/\\\/centrourbano.com\\\/revista\\\/entrevistas\\\/%e2%96%b6%ef%b8%8fvideo-estiman-menor-absorcion-oficinas-la-capital-este-ano\\\/\",\"url\":\"https:\\\/\\\/centrourbano.com\\\/revista\\\/entrevistas\\\/%e2%96%b6%ef%b8%8fvideo-estiman-menor-absorcion-oficinas-la-capital-este-ano\\\/\",\"name\":\"\u25b6\ufe0fVIDEO | Estiman menor absorci\u00f3n de oficinas en la capital este a\u00f1o -\",\"isPartOf\":{\"@id\":\"https:\\\/\\\/centrourbano.com\\\/revista\\\/#website\"},\"primaryImageOfPage\":{\"@id\":\"https:\\\/\\\/centrourbano.com\\\/revista\\\/entrevistas\\\/%e2%96%b6%ef%b8%8fvideo-estiman-menor-absorcion-oficinas-la-capital-este-ano\\\/#primaryimage\"},\"image\":{\"@id\":\"https:\\\/\\\/centrourbano.com\\\/revista\\\/entrevistas\\\/%e2%96%b6%ef%b8%8fvideo-estiman-menor-absorcion-oficinas-la-capital-este-ano\\\/#primaryimage\"},\"thumbnailUrl\":\"https:\\\/\\\/centrourbano.com\\\/revista\\\/wp-content\\\/uploads\\\/001_MiniSepulveda14mayo-e1557948023957.jpg\",\"datePublished\":\"2019-05-15T15:31:43+00:00\",\"dateModified\":\"2019-05-15T19:27:26+00:00\",\"description\":\"Guillermo Sep\u00falveda, socio y director general de la oficina de Avison Young en la Ciudad de M\u00e9xico, se\u00f1al\u00f3 que el principal impacto que experimentar\u00e1 el\",\"breadcrumb\":{\"@id\":\"https:\\\/\\\/centrourbano.com\\\/revista\\\/entrevistas\\\/%e2%96%b6%ef%b8%8fvideo-estiman-menor-absorcion-oficinas-la-capital-este-ano\\\/#breadcrumb\"},\"inLanguage\":\"es\",\"potentialAction\":[{\"@type\":\"ReadAction\",\"target\":[\"https:\\\/\\\/centrourbano.com\\\/revista\\\/entrevistas\\\/%e2%96%b6%ef%b8%8fvideo-estiman-menor-absorcion-oficinas-la-capital-este-ano\\\/\"]}]},{\"@type\":\"ImageObject\",\"inLanguage\":\"es\",\"@id\":\"https:\\\/\\\/centrourbano.com\\\/revista\\\/entrevistas\\\/%e2%96%b6%ef%b8%8fvideo-estiman-menor-absorcion-oficinas-la-capital-este-ano\\\/#primaryimage\",\"url\":\"https:\\\/\\\/centrourbano.com\\\/revista\\\/wp-content\\\/uploads\\\/001_MiniSepulveda14mayo-e1557948023957.jpg\",\"contentUrl\":\"https:\\\/\\\/centrourbano.com\\\/revista\\\/wp-content\\\/uploads\\\/001_MiniSepulveda14mayo-e1557948023957.jpg\",\"width\":711,\"height\":400,\"caption\":\"Guillermo Sep\u00falveda, socio y director general de la oficina de Avison Young en la Ciudad de M\u00e9xico, se\u00f1al\u00f3 que el principal impacto que experimentar\u00e1 el mercado de oficinas se ver\u00e1 reflejado en una menor tasa de disponibilidad que para este a\u00f1o se calculaba llegar\u00eda al 20 por ciento.\"},{\"@type\":\"BreadcrumbList\",\"@id\":\"https:\\\/\\\/centrourbano.com\\\/revista\\\/entrevistas\\\/%e2%96%b6%ef%b8%8fvideo-estiman-menor-absorcion-oficinas-la-capital-este-ano\\\/#breadcrumb\",\"itemListElement\":[{\"@type\":\"ListItem\",\"position\":1,\"name\":\"Portada\",\"item\":\"https:\\\/\\\/centrourbano.com\\\/revista\\\/\"},{\"@type\":\"ListItem\",\"position\":2,\"name\":\"\u25b6\ufe0fVIDEO | Estiman menor absorci\u00f3n de oficinas en la capital este a\u00f1o\"}]},{\"@type\":\"WebSite\",\"@id\":\"https:\\\/\\\/centrourbano.com\\\/revista\\\/#website\",\"url\":\"https:\\\/\\\/centrourbano.com\\\/revista\\\/\",\"name\":\"Centro Urbano\",\"description\":\"Medio especializado en los sectores vivienda, inmobiliario, construcci\u00f3n, arquitectura y urbanismo.\",\"publisher\":{\"@id\":\"https:\\\/\\\/centrourbano.com\\\/revista\\\/#organization\"},\"potentialAction\":[{\"@type\":\"SearchAction\",\"target\":{\"@type\":\"EntryPoint\",\"urlTemplate\":\"https:\\\/\\\/centrourbano.com\\\/revista\\\/?s={search_term_string}\"},\"query-input\":{\"@type\":\"PropertyValueSpecification\",\"valueRequired\":true,\"valueName\":\"search_term_string\"}}],\"inLanguage\":\"es\"},{\"@type\":\"Organization\",\"@id\":\"https:\\\/\\\/centrourbano.com\\\/revista\\\/#organization\",\"name\":\"Centro Urbano\",\"url\":\"https:\\\/\\\/centrourbano.com\\\/revista\\\/\",\"logo\":{\"@type\":\"ImageObject\",\"inLanguage\":\"es\",\"@id\":\"https:\\\/\\\/centrourbano.com\\\/revista\\\/#\\\/schema\\\/logo\\\/image\\\/\",\"url\":\"https:\\\/\\\/centrourbano.com\\\/revista\\\/wp-content\\\/uploads\\\/web_CU_logo-1.png\",\"contentUrl\":\"https:\\\/\\\/centrourbano.com\\\/revista\\\/wp-content\\\/uploads\\\/web_CU_logo-1.png\",\"width\":350,\"height\":91,\"caption\":\"Centro Urbano\"},\"image\":{\"@id\":\"https:\\\/\\\/centrourbano.com\\\/revista\\\/#\\\/schema\\\/logo\\\/image\\\/\"},\"sameAs\":[\"https:\\\/\\\/www.facebook.com\\\/portalcentrourbano\",\"https:\\\/\\\/x.com\\\/CentroUrbano\",\"https:\\\/\\\/www.instagram.com\\\/centro_urbano\\\/\",\"https:\\\/\\\/www.linkedin.com\\\/company\\\/centro-urbano\\\/\",\"http:\\\/\\\/www.youtube.com\\\/user\\\/portalcentrourbano\"]},{\"@type\":\"Person\",\"@id\":\"https:\\\/\\\/centrourbano.com\\\/revista\\\/#\\\/schema\\\/person\\\/515c32d01ece40d20a7ed3fdf34051af\",\"name\":\"Fernando Navarrete\",\"image\":{\"@type\":\"ImageObject\",\"inLanguage\":\"es\",\"@id\":\"https:\\\/\\\/secure.gravatar.com\\\/avatar\\\/f4dd6927a99e72698473e350e20ec8a38bd48cb668e15b03d04e8e537da41ad0?s=96&d=mm&r=g\",\"url\":\"https:\\\/\\\/secure.gravatar.com\\\/avatar\\\/f4dd6927a99e72698473e350e20ec8a38bd48cb668e15b03d04e8e537da41ad0?s=96&d=mm&r=g\",\"contentUrl\":\"https:\\\/\\\/secure.gravatar.com\\\/avatar\\\/f4dd6927a99e72698473e350e20ec8a38bd48cb668e15b03d04e8e537da41ad0?s=96&d=mm&r=g\",\"caption\":\"Fernando Navarrete\"},\"description\":\"Reportero de negocios, inmobiliario, construcci\u00f3n e industria. Me interesa la econom\u00eda, pol\u00edtica, historia y antropolog\u00eda. Estudi\u00e9 en la Facultad de Ciencias Pol\u00edticas y Sociales de la UNAM. Tengo experiencia en el sector p\u00fablico, la industria del acero, ingenier\u00eda civil, IT y corporativos; soy un nost\u00e1lgico nacionalista contempor\u00e1neo que cree en la grandeza de su pa\u00eds. Asiduo lector de Juan Rulfo, Jos\u00e9 Revueltas y J. R. R Tolkien.\",\"url\":\"https:\\\/\\\/centrourbano.com\\\/revista\\\/author\\\/fernando-navarrete\\\/\"}]}<\/script>\n<!-- \/ Yoast SEO plugin. -->","yoast_head_json":{"title":"\u25b6\ufe0fVIDEO | Estiman menor absorci\u00f3n de oficinas en la capital este a\u00f1o -","description":"Guillermo Sep\u00falveda, socio y director general de la oficina de Avison Young en la Ciudad de M\u00e9xico, se\u00f1al\u00f3 que el principal impacto que experimentar\u00e1 el","robots":{"index":"index","follow":"follow","max-snippet":"max-snippet:-1","max-image-preview":"max-image-preview:large","max-video-preview":"max-video-preview:-1"},"canonical":"https:\/\/centrourbano.com\/revista\/entrevistas\/\u25b6\ufe0fvideo-estiman-menor-absorcion-oficinas-la-capital-este-ano\/","og_locale":"es_ES","og_type":"article","og_title":"\u25b6\ufe0fVIDEO | Estiman menor absorci\u00f3n de oficinas en la capital este a\u00f1o -","og_description":"Guillermo Sep\u00falveda, socio y director general de la oficina de Avison Young en la Ciudad de M\u00e9xico, se\u00f1al\u00f3 que el principal impacto que experimentar\u00e1 el","og_url":"https:\/\/centrourbano.com\/revista\/entrevistas\/\u25b6\ufe0fvideo-estiman-menor-absorcion-oficinas-la-capital-este-ano\/","og_site_name":"Centro Urbano","article_publisher":"https:\/\/www.facebook.com\/portalcentrourbano","article_published_time":"2019-05-15T15:31:43+00:00","article_modified_time":"2019-05-15T19:27:26+00:00","og_image":[{"width":711,"height":400,"url":"https:\/\/centrourbano.com\/revista\/wp-content\/uploads\/001_MiniSepulveda14mayo-e1557948023957.jpg","type":"image\/jpeg"}],"author":"Fernando Navarrete","twitter_card":"summary_large_image","twitter_creator":"@CentroUrbano","twitter_site":"@CentroUrbano","twitter_misc":{"Escrito por":"Fernando Navarrete"},"schema":{"@context":"https:\/\/schema.org","@graph":[{"@type":"Article","@id":"https:\/\/centrourbano.com\/revista\/entrevistas\/%e2%96%b6%ef%b8%8fvideo-estiman-menor-absorcion-oficinas-la-capital-este-ano\/#article","isPartOf":{"@id":"https:\/\/centrourbano.com\/revista\/entrevistas\/%e2%96%b6%ef%b8%8fvideo-estiman-menor-absorcion-oficinas-la-capital-este-ano\/"},"author":{"name":"Fernando Navarrete","@id":"https:\/\/centrourbano.com\/revista\/#\/schema\/person\/515c32d01ece40d20a7ed3fdf34051af"},"headline":"\u25b6\ufe0fVIDEO | Estiman menor absorci\u00f3n de oficinas en la capital este a\u00f1o","datePublished":"2019-05-15T15:31:43+00:00","dateModified":"2019-05-15T19:27:26+00:00","mainEntityOfPage":{"@id":"https:\/\/centrourbano.com\/revista\/entrevistas\/%e2%96%b6%ef%b8%8fvideo-estiman-menor-absorcion-oficinas-la-capital-este-ano\/"},"wordCount":65,"commentCount":0,"publisher":{"@id":"https:\/\/centrourbano.com\/revista\/#organization"},"image":{"@id":"https:\/\/centrourbano.com\/revista\/entrevistas\/%e2%96%b6%ef%b8%8fvideo-estiman-menor-absorcion-oficinas-la-capital-este-ano\/#primaryimage"},"thumbnailUrl":"https:\/\/centrourbano.com\/revista\/wp-content\/uploads\/001_MiniSepulveda14mayo-e1557948023957.jpg","keywords":["#CentroUrbanoRADIO"],"articleSection":["Entrevistas"],"inLanguage":"es","potentialAction":[{"@type":"CommentAction","name":"Comment","target":["https:\/\/centrourbano.com\/revista\/entrevistas\/%e2%96%b6%ef%b8%8fvideo-estiman-menor-absorcion-oficinas-la-capital-este-ano\/#respond"]}]},{"@type":"WebPage","@id":"https:\/\/centrourbano.com\/revista\/entrevistas\/%e2%96%b6%ef%b8%8fvideo-estiman-menor-absorcion-oficinas-la-capital-este-ano\/","url":"https:\/\/centrourbano.com\/revista\/entrevistas\/%e2%96%b6%ef%b8%8fvideo-estiman-menor-absorcion-oficinas-la-capital-este-ano\/","name":"\u25b6\ufe0fVIDEO | Estiman menor absorci\u00f3n de oficinas en la capital este a\u00f1o -","isPartOf":{"@id":"https:\/\/centrourbano.com\/revista\/#website"},"primaryImageOfPage":{"@id":"https:\/\/centrourbano.com\/revista\/entrevistas\/%e2%96%b6%ef%b8%8fvideo-estiman-menor-absorcion-oficinas-la-capital-este-ano\/#primaryimage"},"image":{"@id":"https:\/\/centrourbano.com\/revista\/entrevistas\/%e2%96%b6%ef%b8%8fvideo-estiman-menor-absorcion-oficinas-la-capital-este-ano\/#primaryimage"},"thumbnailUrl":"https:\/\/centrourbano.com\/revista\/wp-content\/uploads\/001_MiniSepulveda14mayo-e1557948023957.jpg","datePublished":"2019-05-15T15:31:43+00:00","dateModified":"2019-05-15T19:27:26+00:00","description":"Guillermo Sep\u00falveda, socio y director general de la oficina de Avison Young en la Ciudad de M\u00e9xico, se\u00f1al\u00f3 que el principal impacto que experimentar\u00e1 el","breadcrumb":{"@id":"https:\/\/centrourbano.com\/revista\/entrevistas\/%e2%96%b6%ef%b8%8fvideo-estiman-menor-absorcion-oficinas-la-capital-este-ano\/#breadcrumb"},"inLanguage":"es","potentialAction":[{"@type":"ReadAction","target":["https:\/\/centrourbano.com\/revista\/entrevistas\/%e2%96%b6%ef%b8%8fvideo-estiman-menor-absorcion-oficinas-la-capital-este-ano\/"]}]},{"@type":"ImageObject","inLanguage":"es","@id":"https:\/\/centrourbano.com\/revista\/entrevistas\/%e2%96%b6%ef%b8%8fvideo-estiman-menor-absorcion-oficinas-la-capital-este-ano\/#primaryimage","url":"https:\/\/centrourbano.com\/revista\/wp-content\/uploads\/001_MiniSepulveda14mayo-e1557948023957.jpg","contentUrl":"https:\/\/centrourbano.com\/revista\/wp-content\/uploads\/001_MiniSepulveda14mayo-e1557948023957.jpg","width":711,"height":400,"caption":"Guillermo Sep\u00falveda, socio y director general de la oficina de Avison Young en la Ciudad de M\u00e9xico, se\u00f1al\u00f3 que el principal impacto que experimentar\u00e1 el mercado de oficinas se ver\u00e1 reflejado en una menor tasa de disponibilidad que para este a\u00f1o se calculaba llegar\u00eda al 20 por ciento."},{"@type":"BreadcrumbList","@id":"https:\/\/centrourbano.com\/revista\/entrevistas\/%e2%96%b6%ef%b8%8fvideo-estiman-menor-absorcion-oficinas-la-capital-este-ano\/#breadcrumb","itemListElement":[{"@type":"ListItem","position":1,"name":"Portada","item":"https:\/\/centrourbano.com\/revista\/"},{"@type":"ListItem","position":2,"name":"\u25b6\ufe0fVIDEO | Estiman menor absorci\u00f3n de oficinas en la capital este a\u00f1o"}]},{"@type":"WebSite","@id":"https:\/\/centrourbano.com\/revista\/#website","url":"https:\/\/centrourbano.com\/revista\/","name":"Centro Urbano","description":"Medio especializado en los sectores vivienda, inmobiliario, construcci\u00f3n, arquitectura y urbanismo.","publisher":{"@id":"https:\/\/centrourbano.com\/revista\/#organization"},"potentialAction":[{"@type":"SearchAction","target":{"@type":"EntryPoint","urlTemplate":"https:\/\/centrourbano.com\/revista\/?s={search_term_string}"},"query-input":{"@type":"PropertyValueSpecification","valueRequired":true,"valueName":"search_term_string"}}],"inLanguage":"es"},{"@type":"Organization","@id":"https:\/\/centrourbano.com\/revista\/#organization","name":"Centro Urbano","url":"https:\/\/centrourbano.com\/revista\/","logo":{"@type":"ImageObject","inLanguage":"es","@id":"https:\/\/centrourbano.com\/revista\/#\/schema\/logo\/image\/","url":"https:\/\/centrourbano.com\/revista\/wp-content\/uploads\/web_CU_logo-1.png","contentUrl":"https:\/\/centrourbano.com\/revista\/wp-content\/uploads\/web_CU_logo-1.png","width":350,"height":91,"caption":"Centro Urbano"},"image":{"@id":"https:\/\/centrourbano.com\/revista\/#\/schema\/logo\/image\/"},"sameAs":["https:\/\/www.facebook.com\/portalcentrourbano","https:\/\/x.com\/CentroUrbano","https:\/\/www.instagram.com\/centro_urbano\/","https:\/\/www.linkedin.com\/company\/centro-urbano\/","http:\/\/www.youtube.com\/user\/portalcentrourbano"]},{"@type":"Person","@id":"https:\/\/centrourbano.com\/revista\/#\/schema\/person\/515c32d01ece40d20a7ed3fdf34051af","name":"Fernando Navarrete","image":{"@type":"ImageObject","inLanguage":"es","@id":"https:\/\/secure.gravatar.com\/avatar\/f4dd6927a99e72698473e350e20ec8a38bd48cb668e15b03d04e8e537da41ad0?s=96&d=mm&r=g","url":"https:\/\/secure.gravatar.com\/avatar\/f4dd6927a99e72698473e350e20ec8a38bd48cb668e15b03d04e8e537da41ad0?s=96&d=mm&r=g","contentUrl":"https:\/\/secure.gravatar.com\/avatar\/f4dd6927a99e72698473e350e20ec8a38bd48cb668e15b03d04e8e537da41ad0?s=96&d=mm&r=g","caption":"Fernando Navarrete"},"description":"Reportero de negocios, inmobiliario, construcci\u00f3n e industria. Me interesa la econom\u00eda, pol\u00edtica, historia y antropolog\u00eda. Estudi\u00e9 en la Facultad de Ciencias Pol\u00edticas y Sociales de la UNAM. Tengo experiencia en el sector p\u00fablico, la industria del acero, ingenier\u00eda civil, IT y corporativos; soy un nost\u00e1lgico nacionalista contempor\u00e1neo que cree en la grandeza de su pa\u00eds. Asiduo lector de Juan Rulfo, Jos\u00e9 Revueltas y J. R. R Tolkien.","url":"https:\/\/centrourbano.com\/revista\/author\/fernando-navarrete\/"}]}},"_links":{"self":[{"href":"https:\/\/centrourbano.com\/revista\/wp-json\/wp\/v2\/posts\/90236","targetHints":{"allow":["GET"]}}],"collection":[{"href":"https:\/\/centrourbano.com\/revista\/wp-json\/wp\/v2\/posts"}],"about":[{"href":"https:\/\/centrourbano.com\/revista\/wp-json\/wp\/v2\/types\/post"}],"author":[{"embeddable":true,"href":"https:\/\/centrourbano.com\/revista\/wp-json\/wp\/v2\/users\/69"}],"replies":[{"embeddable":true,"href":"https:\/\/centrourbano.com\/revista\/wp-json\/wp\/v2\/comments?post=90236"}],"version-history":[{"count":1,"href":"https:\/\/centrourbano.com\/revista\/wp-json\/wp\/v2\/posts\/90236\/revisions"}],"predecessor-version":[{"id":90242,"href":"https:\/\/centrourbano.com\/revista\/wp-json\/wp\/v2\/posts\/90236\/revisions\/90242"}],"wp:featuredmedia":[{"embeddable":true,"href":"https:\/\/centrourbano.com\/revista\/wp-json\/wp\/v2\/media\/90241"}],"wp:attachment":[{"href":"https:\/\/centrourbano.com\/revista\/wp-json\/wp\/v2\/media?parent=90236"}],"wp:term":[{"taxonomy":"category","embeddable":true,"href":"https:\/\/centrourbano.com\/revista\/wp-json\/wp\/v2\/categories?post=90236"},{"taxonomy":"post_tag","embeddable":true,"href":"https:\/\/centrourbano.com\/revista\/wp-json\/wp\/v2\/tags?post=90236"}],"curies":[{"name":"wp","href":"https:\/\/api.w.org\/{rel}","templated":true}]}}