{"id":90175,"date":"2019-05-15T08:58:30","date_gmt":"2019-05-15T13:58:30","guid":{"rendered":"https:\/\/centrourbano.com\/?p=90175"},"modified":"2019-05-15T08:58:30","modified_gmt":"2019-05-15T13:58:30","slug":"ipn-apoya-en-rescate-de-espacio-deportivo-en-valle-de-chalco","status":"publish","type":"post","link":"https:\/\/centrourbano.com\/revista\/urbanismo\/ipn-apoya-en-rescate-de-espacio-deportivo-en-valle-de-chalco\/","title":{"rendered":"IPN apoya en rescate de espacio deportivo en Valle de Chalco"},"content":{"rendered":"<p><em>La cancha &#8216;La Doce&#8217; esta destinada a ser un lugar donde la comunidad de Valle de Chalco pueda luchar contra la marginaci\u00f3n en la que se encuentra sumergida<\/em><!--more--><\/p>\n<p>El despacho <strong>All Arquitectura<\/strong>, el club de f\u00fatbol ingl\u00e9s<strong> Manchester City<\/strong>\u00a0y la\u00a0organizaci\u00f3n no lucrativa <strong>love.f\u00fatbol<\/strong> colaboraron en la construcci\u00f3n del\u00a0espacio deportivo &#8216;<strong>La Doce<\/strong>&#8216; en el municipio <strong>Valle de Chalco<\/strong> del Estado de M\u00e9xico, esto con el fin de reestablecer el tejido social de la localidad.<\/p>\n<p>All Arquitectura est\u00e1 conformado por egresados de la <strong>Escuela Superior de Ingenier\u00eda y Arquitectura<\/strong> perteneciente al <strong>Instituto Polit\u00e9cnico Nacional<\/strong> (IPN). En palabras de sus l\u00edderes <strong>Alejandro Guardado<\/strong> y <strong>Allan Ugalde<\/strong>, el despacho se caracteriza por proponer soluciones a problemas comunitarios como la pobreza o la desigualdad social.<\/p>\n<p>En este proyecto\u00a0se dise\u00f1\u00f3\u00a0la transformaci\u00f3n completa de la cancha al\u00a0reubicarla sobre el <strong>eje Norte-Sur<\/strong> para aprovechar la luz solar. Tambi\u00e9n se incluy\u00f3 un pabell\u00f3n abierto en una de las aristas de la cancha que alberga la oficina administrativa, bodega, sanitarios, un gimnasio de box\u00a0y una sala de usos m\u00faltiples donde se\u00a0impartir\u00e1n diversos talleres para la comunidad.<\/p>\n<p>Ugalde se\u00f1al\u00f3 como\u00a0los aspectos m\u00e1s emblem\u00e1ticos de la cancha, el mural con el <strong>escudo municipal<\/strong> de Valle de Chalco\u00a0y los tonos azules\u00a0de identificaci\u00f3n del equipo de f\u00fatbol ingl\u00e9s Manchester City que\u00a0aport\u00f3 <strong>35,000 d\u00f3lares<\/strong> para la construcci\u00f3n de la cancha a trav\u00e9s de su fundaci\u00f3n &#8216;<strong>Cityzens Giving<\/strong>&#8216;, organizaci\u00f3n\u00a0destinada a apoyar\u00a0comunidades marginadas en colaboraci\u00f3n con love.f\u00fatbol, que realiza la gesti\u00f3n, patrocinio, restauraci\u00f3n y recuperaci\u00f3n de canchas deportivas en desuso para mejorar las comunidades por medio del deporte.<\/p>\n<p>&#8216;La Doce&#8217; se encuentra en la <strong>calle Sur 12<\/strong>, entre la <strong>Segunda Secci\u00f3n del Valle de Chalco Solidaridad<\/strong>, en el Estado de M\u00e9xico, esta destinada a ser un colorido espacio deportivo para que ni\u00f1os y j\u00f3venes encuentren actividades recreativas y surjan nuevos talentos de f\u00fatbol.<\/p>\n","protected":false},"excerpt":{"rendered":"<p>La cancha &#8216;La Doce&#8217; esta destinada a ser un lugar donde la comunidad de Valle de Chalco pueda luchar contra la marginaci\u00f3n en la que se encuentra sumergida<\/p>\n","protected":false},"author":72,"featured_media":90178,"comment_status":"open","ping_status":"closed","sticky":false,"template":"","format":"standard","meta":{"om_disable_all_campaigns":false,"inline_featured_image":false,"_monsterinsights_skip_tracking":false,"_monsterinsights_sitenote_active":false,"_monsterinsights_sitenote_note":"","_monsterinsights_sitenote_category":0,"footnotes":""},"categories":[82],"tags":[9492,5789,490,15674,15673],"class_list":["post-90175","post","type-post","status-publish","format-standard","has-post-thumbnail","hentry","category-urbanismo","tag-arquitectura-y-urbanismo","tag-infraestructura-deportiva","tag-ipn","tag-manchester-city","tag-valle-de-chalco"],"yoast_head":"<!-- This site is optimized with the Yoast SEO plugin v27.5 - https:\/\/yoast.com\/product\/yoast-seo-wordpress\/ -->\n<title>IPN apoya en rescate de espacio deportivo en Valle de Chalco<\/title>\n<meta name=\"description\" content=\"\ufeffLa cancha &#039;La Doce&#039; esta destinada a ser un lugar donde la comunidad de Valle de Chalco pueda luchar contra la marginaci\u00f3n en la que se encuentra sumergida\" \/>\n<meta name=\"robots\" content=\"index, follow, max-snippet:-1, max-image-preview:large, max-video-preview:-1\" \/>\n<link rel=\"canonical\" href=\"https:\/\/centrourbano.com\/revista\/urbanismo\/ipn-apoya-en-rescate-de-espacio-deportivo-en-valle-de-chalco\/\" \/>\n<meta property=\"og:locale\" content=\"es_ES\" \/>\n<meta property=\"og:type\" content=\"article\" \/>\n<meta property=\"og:title\" content=\"IPN apoya en rescate de espacio deportivo en Valle de Chalco\" \/>\n<meta property=\"og:description\" content=\"\ufeffLa cancha &#039;La Doce&#039; esta destinada a ser un lugar donde la comunidad de Valle de Chalco pueda luchar contra la marginaci\u00f3n en la que se encuentra sumergida\" \/>\n<meta property=\"og:url\" content=\"https:\/\/centrourbano.com\/revista\/urbanismo\/ipn-apoya-en-rescate-de-espacio-deportivo-en-valle-de-chalco\/\" \/>\n<meta property=\"og:site_name\" content=\"Centro Urbano\" \/>\n<meta property=\"article:publisher\" content=\"https:\/\/www.facebook.com\/portalcentrourbano\" \/>\n<meta property=\"article:published_time\" content=\"2019-05-15T13:58:30+00:00\" \/>\n<meta property=\"og:image\" content=\"https:\/\/centrourbano.com\/revista\/wp-content\/uploads\/IPN-y-Manchester-City-FC-rescatan-espacio-deportivo-en-Valle-de-Chalco.jpg\" \/>\n\t<meta property=\"og:image:width\" content=\"500\" \/>\n\t<meta property=\"og:image:height\" content=\"333\" \/>\n\t<meta property=\"og:image:type\" content=\"image\/jpeg\" \/>\n<meta name=\"author\" content=\"Erika Escobar\" \/>\n<meta name=\"twitter:card\" content=\"summary_large_image\" \/>\n<meta name=\"twitter:creator\" content=\"@CentroUrbano\" \/>\n<meta name=\"twitter:site\" content=\"@CentroUrbano\" \/>\n<meta name=\"twitter:label1\" content=\"Escrito por\" \/>\n\t<meta name=\"twitter:data1\" content=\"Erika Escobar\" \/>\n\t<meta name=\"twitter:label2\" content=\"Tiempo de lectura\" \/>\n\t<meta name=\"twitter:data2\" content=\"2 minutos\" \/>\n<script type=\"application\/ld+json\" class=\"yoast-schema-graph\">{\"@context\":\"https:\\\/\\\/schema.org\",\"@graph\":[{\"@type\":\"Article\",\"@id\":\"https:\\\/\\\/centrourbano.com\\\/revista\\\/urbanismo\\\/ipn-apoya-en-rescate-de-espacio-deportivo-en-valle-de-chalco\\\/#article\",\"isPartOf\":{\"@id\":\"https:\\\/\\\/centrourbano.com\\\/revista\\\/urbanismo\\\/ipn-apoya-en-rescate-de-espacio-deportivo-en-valle-de-chalco\\\/\"},\"author\":{\"name\":\"Erika Escobar\",\"@id\":\"https:\\\/\\\/centrourbano.com\\\/revista\\\/#\\\/schema\\\/person\\\/0ec37109b56519283b9cbbcb34e70646\"},\"headline\":\"IPN apoya en rescate de espacio deportivo en Valle de Chalco\",\"datePublished\":\"2019-05-15T13:58:30+00:00\",\"mainEntityOfPage\":{\"@id\":\"https:\\\/\\\/centrourbano.com\\\/revista\\\/urbanismo\\\/ipn-apoya-en-rescate-de-espacio-deportivo-en-valle-de-chalco\\\/\"},\"wordCount\":357,\"commentCount\":0,\"publisher\":{\"@id\":\"https:\\\/\\\/centrourbano.com\\\/revista\\\/#organization\"},\"image\":{\"@id\":\"https:\\\/\\\/centrourbano.com\\\/revista\\\/urbanismo\\\/ipn-apoya-en-rescate-de-espacio-deportivo-en-valle-de-chalco\\\/#primaryimage\"},\"thumbnailUrl\":\"https:\\\/\\\/centrourbano.com\\\/revista\\\/wp-content\\\/uploads\\\/IPN-y-Manchester-City-FC-rescatan-espacio-deportivo-en-Valle-de-Chalco.jpg\",\"keywords\":[\"Arquitectura y Urbanismo\",\"infraestructura deportiva\",\"ipn\",\"Manchester City\",\"Valle de Chalco\"],\"articleSection\":[\"Urbanismo\"],\"inLanguage\":\"es\",\"potentialAction\":[{\"@type\":\"CommentAction\",\"name\":\"Comment\",\"target\":[\"https:\\\/\\\/centrourbano.com\\\/revista\\\/urbanismo\\\/ipn-apoya-en-rescate-de-espacio-deportivo-en-valle-de-chalco\\\/#respond\"]}]},{\"@type\":\"WebPage\",\"@id\":\"https:\\\/\\\/centrourbano.com\\\/revista\\\/urbanismo\\\/ipn-apoya-en-rescate-de-espacio-deportivo-en-valle-de-chalco\\\/\",\"url\":\"https:\\\/\\\/centrourbano.com\\\/revista\\\/urbanismo\\\/ipn-apoya-en-rescate-de-espacio-deportivo-en-valle-de-chalco\\\/\",\"name\":\"IPN apoya en rescate de espacio deportivo en Valle de Chalco\",\"isPartOf\":{\"@id\":\"https:\\\/\\\/centrourbano.com\\\/revista\\\/#website\"},\"primaryImageOfPage\":{\"@id\":\"https:\\\/\\\/centrourbano.com\\\/revista\\\/urbanismo\\\/ipn-apoya-en-rescate-de-espacio-deportivo-en-valle-de-chalco\\\/#primaryimage\"},\"image\":{\"@id\":\"https:\\\/\\\/centrourbano.com\\\/revista\\\/urbanismo\\\/ipn-apoya-en-rescate-de-espacio-deportivo-en-valle-de-chalco\\\/#primaryimage\"},\"thumbnailUrl\":\"https:\\\/\\\/centrourbano.com\\\/revista\\\/wp-content\\\/uploads\\\/IPN-y-Manchester-City-FC-rescatan-espacio-deportivo-en-Valle-de-Chalco.jpg\",\"datePublished\":\"2019-05-15T13:58:30+00:00\",\"description\":\"\ufeffLa cancha 'La Doce' esta destinada a ser un lugar donde la comunidad de Valle de Chalco pueda luchar contra la marginaci\u00f3n en la que se encuentra sumergida\",\"breadcrumb\":{\"@id\":\"https:\\\/\\\/centrourbano.com\\\/revista\\\/urbanismo\\\/ipn-apoya-en-rescate-de-espacio-deportivo-en-valle-de-chalco\\\/#breadcrumb\"},\"inLanguage\":\"es\",\"potentialAction\":[{\"@type\":\"ReadAction\",\"target\":[\"https:\\\/\\\/centrourbano.com\\\/revista\\\/urbanismo\\\/ipn-apoya-en-rescate-de-espacio-deportivo-en-valle-de-chalco\\\/\"]}]},{\"@type\":\"ImageObject\",\"inLanguage\":\"es\",\"@id\":\"https:\\\/\\\/centrourbano.com\\\/revista\\\/urbanismo\\\/ipn-apoya-en-rescate-de-espacio-deportivo-en-valle-de-chalco\\\/#primaryimage\",\"url\":\"https:\\\/\\\/centrourbano.com\\\/revista\\\/wp-content\\\/uploads\\\/IPN-y-Manchester-City-FC-rescatan-espacio-deportivo-en-Valle-de-Chalco.jpg\",\"contentUrl\":\"https:\\\/\\\/centrourbano.com\\\/revista\\\/wp-content\\\/uploads\\\/IPN-y-Manchester-City-FC-rescatan-espacio-deportivo-en-Valle-de-Chalco.jpg\",\"width\":500,\"height\":333,\"caption\":\"\ufeffLa cancha 'La Doce' esta destinada a ser un lugar donde la comunidad de Valle de Chalco pueda luchar contra la marginaci\u00f3n en la que se encuentra sumergida\"},{\"@type\":\"BreadcrumbList\",\"@id\":\"https:\\\/\\\/centrourbano.com\\\/revista\\\/urbanismo\\\/ipn-apoya-en-rescate-de-espacio-deportivo-en-valle-de-chalco\\\/#breadcrumb\",\"itemListElement\":[{\"@type\":\"ListItem\",\"position\":1,\"name\":\"Portada\",\"item\":\"https:\\\/\\\/centrourbano.com\\\/revista\\\/\"},{\"@type\":\"ListItem\",\"position\":2,\"name\":\"IPN apoya en rescate de espacio deportivo en Valle de Chalco\"}]},{\"@type\":\"WebSite\",\"@id\":\"https:\\\/\\\/centrourbano.com\\\/revista\\\/#website\",\"url\":\"https:\\\/\\\/centrourbano.com\\\/revista\\\/\",\"name\":\"Centro Urbano\",\"description\":\"Medio especializado en los sectores vivienda, inmobiliario, construcci\u00f3n, arquitectura y urbanismo.\",\"publisher\":{\"@id\":\"https:\\\/\\\/centrourbano.com\\\/revista\\\/#organization\"},\"potentialAction\":[{\"@type\":\"SearchAction\",\"target\":{\"@type\":\"EntryPoint\",\"urlTemplate\":\"https:\\\/\\\/centrourbano.com\\\/revista\\\/?s={search_term_string}\"},\"query-input\":{\"@type\":\"PropertyValueSpecification\",\"valueRequired\":true,\"valueName\":\"search_term_string\"}}],\"inLanguage\":\"es\"},{\"@type\":\"Organization\",\"@id\":\"https:\\\/\\\/centrourbano.com\\\/revista\\\/#organization\",\"name\":\"Centro Urbano\",\"url\":\"https:\\\/\\\/centrourbano.com\\\/revista\\\/\",\"logo\":{\"@type\":\"ImageObject\",\"inLanguage\":\"es\",\"@id\":\"https:\\\/\\\/centrourbano.com\\\/revista\\\/#\\\/schema\\\/logo\\\/image\\\/\",\"url\":\"https:\\\/\\\/centrourbano.com\\\/revista\\\/wp-content\\\/uploads\\\/web_CU_logo-1.png\",\"contentUrl\":\"https:\\\/\\\/centrourbano.com\\\/revista\\\/wp-content\\\/uploads\\\/web_CU_logo-1.png\",\"width\":350,\"height\":91,\"caption\":\"Centro Urbano\"},\"image\":{\"@id\":\"https:\\\/\\\/centrourbano.com\\\/revista\\\/#\\\/schema\\\/logo\\\/image\\\/\"},\"sameAs\":[\"https:\\\/\\\/www.facebook.com\\\/portalcentrourbano\",\"https:\\\/\\\/x.com\\\/CentroUrbano\",\"https:\\\/\\\/www.instagram.com\\\/centro_urbano\\\/\",\"https:\\\/\\\/www.linkedin.com\\\/company\\\/centro-urbano\\\/\",\"http:\\\/\\\/www.youtube.com\\\/user\\\/portalcentrourbano\"]},{\"@type\":\"Person\",\"@id\":\"https:\\\/\\\/centrourbano.com\\\/revista\\\/#\\\/schema\\\/person\\\/0ec37109b56519283b9cbbcb34e70646\",\"name\":\"Erika Escobar\",\"image\":{\"@type\":\"ImageObject\",\"inLanguage\":\"es\",\"@id\":\"https:\\\/\\\/secure.gravatar.com\\\/avatar\\\/b1a25103701e9979acaf062795c9a583ddab62261a614b46accfcaf729f55957?s=96&d=mm&r=g\",\"url\":\"https:\\\/\\\/secure.gravatar.com\\\/avatar\\\/b1a25103701e9979acaf062795c9a583ddab62261a614b46accfcaf729f55957?s=96&d=mm&r=g\",\"contentUrl\":\"https:\\\/\\\/secure.gravatar.com\\\/avatar\\\/b1a25103701e9979acaf062795c9a583ddab62261a614b46accfcaf729f55957?s=96&d=mm&r=g\",\"caption\":\"Erika Escobar\"},\"url\":\"https:\\\/\\\/centrourbano.com\\\/revista\\\/author\\\/erika-escobar\\\/\"}]}<\/script>\n<!-- \/ Yoast SEO plugin. -->","yoast_head_json":{"title":"IPN apoya en rescate de espacio deportivo en Valle de Chalco","description":"\ufeffLa cancha 'La Doce' esta destinada a ser un lugar donde la comunidad de Valle de Chalco pueda luchar contra la marginaci\u00f3n en la que se encuentra sumergida","robots":{"index":"index","follow":"follow","max-snippet":"max-snippet:-1","max-image-preview":"max-image-preview:large","max-video-preview":"max-video-preview:-1"},"canonical":"https:\/\/centrourbano.com\/revista\/urbanismo\/ipn-apoya-en-rescate-de-espacio-deportivo-en-valle-de-chalco\/","og_locale":"es_ES","og_type":"article","og_title":"IPN apoya en rescate de espacio deportivo en Valle de Chalco","og_description":"\ufeffLa cancha 'La Doce' esta destinada a ser un lugar donde la comunidad de Valle de Chalco pueda luchar contra la marginaci\u00f3n en la que se encuentra sumergida","og_url":"https:\/\/centrourbano.com\/revista\/urbanismo\/ipn-apoya-en-rescate-de-espacio-deportivo-en-valle-de-chalco\/","og_site_name":"Centro Urbano","article_publisher":"https:\/\/www.facebook.com\/portalcentrourbano","article_published_time":"2019-05-15T13:58:30+00:00","og_image":[{"width":500,"height":333,"url":"https:\/\/centrourbano.com\/revista\/wp-content\/uploads\/IPN-y-Manchester-City-FC-rescatan-espacio-deportivo-en-Valle-de-Chalco.jpg","type":"image\/jpeg"}],"author":"Erika Escobar","twitter_card":"summary_large_image","twitter_creator":"@CentroUrbano","twitter_site":"@CentroUrbano","twitter_misc":{"Escrito por":"Erika Escobar","Tiempo de lectura":"2 minutos"},"schema":{"@context":"https:\/\/schema.org","@graph":[{"@type":"Article","@id":"https:\/\/centrourbano.com\/revista\/urbanismo\/ipn-apoya-en-rescate-de-espacio-deportivo-en-valle-de-chalco\/#article","isPartOf":{"@id":"https:\/\/centrourbano.com\/revista\/urbanismo\/ipn-apoya-en-rescate-de-espacio-deportivo-en-valle-de-chalco\/"},"author":{"name":"Erika Escobar","@id":"https:\/\/centrourbano.com\/revista\/#\/schema\/person\/0ec37109b56519283b9cbbcb34e70646"},"headline":"IPN apoya en rescate de espacio deportivo en Valle de Chalco","datePublished":"2019-05-15T13:58:30+00:00","mainEntityOfPage":{"@id":"https:\/\/centrourbano.com\/revista\/urbanismo\/ipn-apoya-en-rescate-de-espacio-deportivo-en-valle-de-chalco\/"},"wordCount":357,"commentCount":0,"publisher":{"@id":"https:\/\/centrourbano.com\/revista\/#organization"},"image":{"@id":"https:\/\/centrourbano.com\/revista\/urbanismo\/ipn-apoya-en-rescate-de-espacio-deportivo-en-valle-de-chalco\/#primaryimage"},"thumbnailUrl":"https:\/\/centrourbano.com\/revista\/wp-content\/uploads\/IPN-y-Manchester-City-FC-rescatan-espacio-deportivo-en-Valle-de-Chalco.jpg","keywords":["Arquitectura y Urbanismo","infraestructura deportiva","ipn","Manchester City","Valle de Chalco"],"articleSection":["Urbanismo"],"inLanguage":"es","potentialAction":[{"@type":"CommentAction","name":"Comment","target":["https:\/\/centrourbano.com\/revista\/urbanismo\/ipn-apoya-en-rescate-de-espacio-deportivo-en-valle-de-chalco\/#respond"]}]},{"@type":"WebPage","@id":"https:\/\/centrourbano.com\/revista\/urbanismo\/ipn-apoya-en-rescate-de-espacio-deportivo-en-valle-de-chalco\/","url":"https:\/\/centrourbano.com\/revista\/urbanismo\/ipn-apoya-en-rescate-de-espacio-deportivo-en-valle-de-chalco\/","name":"IPN apoya en rescate de espacio deportivo en Valle de Chalco","isPartOf":{"@id":"https:\/\/centrourbano.com\/revista\/#website"},"primaryImageOfPage":{"@id":"https:\/\/centrourbano.com\/revista\/urbanismo\/ipn-apoya-en-rescate-de-espacio-deportivo-en-valle-de-chalco\/#primaryimage"},"image":{"@id":"https:\/\/centrourbano.com\/revista\/urbanismo\/ipn-apoya-en-rescate-de-espacio-deportivo-en-valle-de-chalco\/#primaryimage"},"thumbnailUrl":"https:\/\/centrourbano.com\/revista\/wp-content\/uploads\/IPN-y-Manchester-City-FC-rescatan-espacio-deportivo-en-Valle-de-Chalco.jpg","datePublished":"2019-05-15T13:58:30+00:00","description":"\ufeffLa cancha 'La Doce' esta destinada a ser un lugar donde la comunidad de Valle de Chalco pueda luchar contra la marginaci\u00f3n en la que se encuentra sumergida","breadcrumb":{"@id":"https:\/\/centrourbano.com\/revista\/urbanismo\/ipn-apoya-en-rescate-de-espacio-deportivo-en-valle-de-chalco\/#breadcrumb"},"inLanguage":"es","potentialAction":[{"@type":"ReadAction","target":["https:\/\/centrourbano.com\/revista\/urbanismo\/ipn-apoya-en-rescate-de-espacio-deportivo-en-valle-de-chalco\/"]}]},{"@type":"ImageObject","inLanguage":"es","@id":"https:\/\/centrourbano.com\/revista\/urbanismo\/ipn-apoya-en-rescate-de-espacio-deportivo-en-valle-de-chalco\/#primaryimage","url":"https:\/\/centrourbano.com\/revista\/wp-content\/uploads\/IPN-y-Manchester-City-FC-rescatan-espacio-deportivo-en-Valle-de-Chalco.jpg","contentUrl":"https:\/\/centrourbano.com\/revista\/wp-content\/uploads\/IPN-y-Manchester-City-FC-rescatan-espacio-deportivo-en-Valle-de-Chalco.jpg","width":500,"height":333,"caption":"\ufeffLa cancha 'La Doce' esta destinada a ser un lugar donde la comunidad de Valle de Chalco pueda luchar contra la marginaci\u00f3n en la que se encuentra sumergida"},{"@type":"BreadcrumbList","@id":"https:\/\/centrourbano.com\/revista\/urbanismo\/ipn-apoya-en-rescate-de-espacio-deportivo-en-valle-de-chalco\/#breadcrumb","itemListElement":[{"@type":"ListItem","position":1,"name":"Portada","item":"https:\/\/centrourbano.com\/revista\/"},{"@type":"ListItem","position":2,"name":"IPN apoya en rescate de espacio deportivo en Valle de Chalco"}]},{"@type":"WebSite","@id":"https:\/\/centrourbano.com\/revista\/#website","url":"https:\/\/centrourbano.com\/revista\/","name":"Centro Urbano","description":"Medio especializado en los sectores vivienda, inmobiliario, construcci\u00f3n, arquitectura y urbanismo.","publisher":{"@id":"https:\/\/centrourbano.com\/revista\/#organization"},"potentialAction":[{"@type":"SearchAction","target":{"@type":"EntryPoint","urlTemplate":"https:\/\/centrourbano.com\/revista\/?s={search_term_string}"},"query-input":{"@type":"PropertyValueSpecification","valueRequired":true,"valueName":"search_term_string"}}],"inLanguage":"es"},{"@type":"Organization","@id":"https:\/\/centrourbano.com\/revista\/#organization","name":"Centro Urbano","url":"https:\/\/centrourbano.com\/revista\/","logo":{"@type":"ImageObject","inLanguage":"es","@id":"https:\/\/centrourbano.com\/revista\/#\/schema\/logo\/image\/","url":"https:\/\/centrourbano.com\/revista\/wp-content\/uploads\/web_CU_logo-1.png","contentUrl":"https:\/\/centrourbano.com\/revista\/wp-content\/uploads\/web_CU_logo-1.png","width":350,"height":91,"caption":"Centro Urbano"},"image":{"@id":"https:\/\/centrourbano.com\/revista\/#\/schema\/logo\/image\/"},"sameAs":["https:\/\/www.facebook.com\/portalcentrourbano","https:\/\/x.com\/CentroUrbano","https:\/\/www.instagram.com\/centro_urbano\/","https:\/\/www.linkedin.com\/company\/centro-urbano\/","http:\/\/www.youtube.com\/user\/portalcentrourbano"]},{"@type":"Person","@id":"https:\/\/centrourbano.com\/revista\/#\/schema\/person\/0ec37109b56519283b9cbbcb34e70646","name":"Erika Escobar","image":{"@type":"ImageObject","inLanguage":"es","@id":"https:\/\/secure.gravatar.com\/avatar\/b1a25103701e9979acaf062795c9a583ddab62261a614b46accfcaf729f55957?s=96&d=mm&r=g","url":"https:\/\/secure.gravatar.com\/avatar\/b1a25103701e9979acaf062795c9a583ddab62261a614b46accfcaf729f55957?s=96&d=mm&r=g","contentUrl":"https:\/\/secure.gravatar.com\/avatar\/b1a25103701e9979acaf062795c9a583ddab62261a614b46accfcaf729f55957?s=96&d=mm&r=g","caption":"Erika Escobar"},"url":"https:\/\/centrourbano.com\/revista\/author\/erika-escobar\/"}]}},"_links":{"self":[{"href":"https:\/\/centrourbano.com\/revista\/wp-json\/wp\/v2\/posts\/90175","targetHints":{"allow":["GET"]}}],"collection":[{"href":"https:\/\/centrourbano.com\/revista\/wp-json\/wp\/v2\/posts"}],"about":[{"href":"https:\/\/centrourbano.com\/revista\/wp-json\/wp\/v2\/types\/post"}],"author":[{"embeddable":true,"href":"https:\/\/centrourbano.com\/revista\/wp-json\/wp\/v2\/users\/72"}],"replies":[{"embeddable":true,"href":"https:\/\/centrourbano.com\/revista\/wp-json\/wp\/v2\/comments?post=90175"}],"version-history":[{"count":3,"href":"https:\/\/centrourbano.com\/revista\/wp-json\/wp\/v2\/posts\/90175\/revisions"}],"predecessor-version":[{"id":90202,"href":"https:\/\/centrourbano.com\/revista\/wp-json\/wp\/v2\/posts\/90175\/revisions\/90202"}],"wp:featuredmedia":[{"embeddable":true,"href":"https:\/\/centrourbano.com\/revista\/wp-json\/wp\/v2\/media\/90178"}],"wp:attachment":[{"href":"https:\/\/centrourbano.com\/revista\/wp-json\/wp\/v2\/media?parent=90175"}],"wp:term":[{"taxonomy":"category","embeddable":true,"href":"https:\/\/centrourbano.com\/revista\/wp-json\/wp\/v2\/categories?post=90175"},{"taxonomy":"post_tag","embeddable":true,"href":"https:\/\/centrourbano.com\/revista\/wp-json\/wp\/v2\/tags?post=90175"}],"curies":[{"name":"wp","href":"https:\/\/api.w.org\/{rel}","templated":true}]}}