{"id":89967,"date":"2019-05-09T12:33:30","date_gmt":"2019-05-09T17:33:30","guid":{"rendered":"https:\/\/centrourbano.com\/?p=89967"},"modified":"2019-05-09T12:42:57","modified_gmt":"2019-05-09T17:42:57","slug":"lanza-ruv-nuevo-portal-web","status":"publish","type":"post","link":"https:\/\/centrourbano.com\/revista\/vivienda\/lanza-ruv-nuevo-portal-web\/","title":{"rendered":"Lanza RUV nuevo portal web"},"content":{"rendered":"<p><em>La intenci\u00f3n es facilitar el acceso a la informaci\u00f3n y llegar a m\u00e1s actores, como el comprador de vivienda<\/em><!--more--><\/p>\n<p>En aras de cumplir con el nuevo enfoque de atenci\u00f3n, el <strong>Registro \u00danico de Vivienda<\/strong> (RUV) lanz\u00f3 este jueves su nuevo portal en internet. Con la modificaci\u00f3n, el Registro no s\u00f3lo renueva la imagen, sino que contempla elementos que buscan facilitar el acceso a la informaci\u00f3n, as\u00ed como llegar no s\u00f3lo a <strong>desarrolladores<\/strong>, sino tambi\u00e9n a <strong>compradores<\/strong>.<\/p>\n<p><strong>Tonatiuh Su\u00e1rez Meaney<\/strong>, director general del RUV, fue el encargado de dar el \u201cbotonazo\u201d con el que la nueva cara del RUV en internet qued\u00f3 establecida. El directivo se\u00f1al\u00f3 que este cambio resulta relevante, sobre todo porque est\u00e1 encaminado a que la ciudadan\u00eda lo entienda y pueda navegar sin problema.<\/p>\n<p>[quote]\u201cEs un momento importante, porque gran parte del trabajo que hemos estado realizando es de tal magnitud que tiene que estar organizado para que la gente lo entienda, y que mejor que una plataforma web para tener el acercamiento\u201d, dijo.[\/quote]<\/p>\n<p>Su\u00e1rez Meaney subray\u00f3 que en esta nueva etapa del RUV hay un cambio de visi\u00f3n. Con ello, dijo, el \u201c<strong>mandato<\/strong> es no s\u00f3lo llegar a desarrolladores, sino a compradores y el gobierno, a quienes tomen decisiones\u201d.<\/p>\n<p>\u201cAqu\u00ed va a existir la informaci\u00f3n de todos los agentes que inciden en el proceso de la vivienda. La transparencia es uno de nuestros mandatos, los datos abiertos, para que quienes compren una casa tenga informaci\u00f3n\u201d, dijo.<\/p>\n<p>En este proceso de cambio, reiter\u00f3 el Director General, el RUV se encuentra por lanzar un par de <strong>aplicaciones digitales<\/strong>, con las que tambi\u00e9n se ofrecer\u00e1 informaci\u00f3n tanto a desarrolladores como a compradores.<\/p>\n<p>\u201cEl RUV se conceb\u00eda como un facilitador del mercado de vivienda. En este nuevo RUV, adem\u00e1s de facilitar el mercado de vivienda para procurar que est\u00e9 en condiciones de equidad, se busca que el derecho la vivienda se haga efectivo.<\/p>\n<p>\u201cAhora el enfoque tambi\u00e9n est\u00e1 en quienes compran una vivienda, a quien la vende. El RUV ahora tiene una visi\u00f3n de poner informaci\u00f3n para el que a adquirir vivienda lo haga de manera m\u00e1s f\u00e1cil o el que lo va a construir no cometa errores como la ubicaci\u00f3n\u201d, apunt\u00f3.<\/p>\n","protected":false},"excerpt":{"rendered":"<p>La intenci\u00f3n es facilitar el acceso a la informaci\u00f3n y llegar a m\u00e1s actores, como el comprador de vivienda<\/p>\n","protected":false},"author":47,"featured_media":89969,"comment_status":"open","ping_status":"closed","sticky":false,"template":"","format":"standard","meta":{"om_disable_all_campaigns":false,"inline_featured_image":false,"_monsterinsights_skip_tracking":false,"_monsterinsights_sitenote_active":false,"_monsterinsights_sitenote_note":"","_monsterinsights_sitenote_category":0,"footnotes":""},"categories":[12],"tags":[15652,190,3215,1508,104,15146,60],"class_list":["post-89967","post","type-post","status-publish","format-standard","has-post-thumbnail","hentry","category-vivienda","tag-compradores","tag-desarrolladores","tag-portal","tag-registro-unico-de-vivienda","tag-ruv","tag-tonatiuh-suarez","tag-vivienda-2"],"yoast_head":"<!-- This site is optimized with the Yoast SEO plugin v27.5 - https:\/\/yoast.com\/product\/yoast-seo-wordpress\/ -->\n<title>Lanza RUV nuevo portal web para facilitar el acceso a la informaci\u00f3n<\/title>\n<meta name=\"description\" content=\"En aras de cumplir con el nuevo enfoque de atenci\u00f3n, el Registro \u00danico de Vivienda (RUV) lanz\u00f3 este jueves su nuevo portal en internet.\" \/>\n<meta name=\"robots\" content=\"index, follow, max-snippet:-1, max-image-preview:large, max-video-preview:-1\" \/>\n<link rel=\"canonical\" href=\"https:\/\/centrourbano.com\/revista\/vivienda\/lanza-ruv-nuevo-portal-web\/\" \/>\n<meta property=\"og:locale\" content=\"es_ES\" \/>\n<meta property=\"og:type\" content=\"article\" \/>\n<meta property=\"og:title\" content=\"Lanza RUV nuevo portal web para facilitar el acceso a la informaci\u00f3n\" \/>\n<meta property=\"og:description\" content=\"En aras de cumplir con el nuevo enfoque de atenci\u00f3n, el Registro \u00danico de Vivienda (RUV) lanz\u00f3 este jueves su nuevo portal en internet.\" \/>\n<meta property=\"og:url\" content=\"https:\/\/centrourbano.com\/revista\/vivienda\/lanza-ruv-nuevo-portal-web\/\" \/>\n<meta property=\"og:site_name\" content=\"Centro Urbano\" \/>\n<meta property=\"article:publisher\" content=\"https:\/\/www.facebook.com\/portalcentrourbano\" \/>\n<meta property=\"article:published_time\" content=\"2019-05-09T17:33:30+00:00\" \/>\n<meta property=\"article:modified_time\" content=\"2019-05-09T17:42:57+00:00\" \/>\n<meta property=\"og:image\" content=\"https:\/\/centrourbano.com\/revista\/wp-content\/uploads\/Tonatiuh-Su\u00e1res_RUV_Nuevo-Portal.png\" \/>\n\t<meta property=\"og:image:width\" content=\"800\" \/>\n\t<meta property=\"og:image:height\" content=\"457\" \/>\n\t<meta property=\"og:image:type\" content=\"image\/png\" \/>\n<meta name=\"author\" content=\"Edgar Rosas\" \/>\n<meta name=\"twitter:card\" content=\"summary_large_image\" \/>\n<meta name=\"twitter:creator\" content=\"@https:\/\/twitter.com\/ERosasCU?s=09\" \/>\n<meta name=\"twitter:site\" content=\"@CentroUrbano\" \/>\n<meta name=\"twitter:label1\" content=\"Escrito por\" \/>\n\t<meta name=\"twitter:data1\" content=\"Edgar Rosas\" \/>\n\t<meta name=\"twitter:label2\" content=\"Tiempo de lectura\" \/>\n\t<meta name=\"twitter:data2\" content=\"2 minutos\" \/>\n<script type=\"application\/ld+json\" class=\"yoast-schema-graph\">{\"@context\":\"https:\\\/\\\/schema.org\",\"@graph\":[{\"@type\":\"Article\",\"@id\":\"https:\\\/\\\/centrourbano.com\\\/revista\\\/vivienda\\\/lanza-ruv-nuevo-portal-web\\\/#article\",\"isPartOf\":{\"@id\":\"https:\\\/\\\/centrourbano.com\\\/revista\\\/vivienda\\\/lanza-ruv-nuevo-portal-web\\\/\"},\"author\":{\"name\":\"Edgar Rosas\",\"@id\":\"https:\\\/\\\/centrourbano.com\\\/revista\\\/#\\\/schema\\\/person\\\/ff3c00651ce5b1630479d2cd0c2e3ac0\"},\"headline\":\"Lanza RUV nuevo portal web\",\"datePublished\":\"2019-05-09T17:33:30+00:00\",\"dateModified\":\"2019-05-09T17:42:57+00:00\",\"mainEntityOfPage\":{\"@id\":\"https:\\\/\\\/centrourbano.com\\\/revista\\\/vivienda\\\/lanza-ruv-nuevo-portal-web\\\/\"},\"wordCount\":395,\"commentCount\":0,\"publisher\":{\"@id\":\"https:\\\/\\\/centrourbano.com\\\/revista\\\/#organization\"},\"image\":{\"@id\":\"https:\\\/\\\/centrourbano.com\\\/revista\\\/vivienda\\\/lanza-ruv-nuevo-portal-web\\\/#primaryimage\"},\"thumbnailUrl\":\"https:\\\/\\\/centrourbano.com\\\/revista\\\/wp-content\\\/uploads\\\/Tonatiuh-Su\u00e1res_RUV_Nuevo-Portal.png\",\"keywords\":[\"compradores\",\"desarrolladores\",\"Portal\",\"Registro \u00danico de Vivienda\",\"RUV\",\"Tonatiuh Su\u00e1rez\",\"vivienda\"],\"articleSection\":[\"Vivienda\"],\"inLanguage\":\"es\",\"potentialAction\":[{\"@type\":\"CommentAction\",\"name\":\"Comment\",\"target\":[\"https:\\\/\\\/centrourbano.com\\\/revista\\\/vivienda\\\/lanza-ruv-nuevo-portal-web\\\/#respond\"]}]},{\"@type\":\"WebPage\",\"@id\":\"https:\\\/\\\/centrourbano.com\\\/revista\\\/vivienda\\\/lanza-ruv-nuevo-portal-web\\\/\",\"url\":\"https:\\\/\\\/centrourbano.com\\\/revista\\\/vivienda\\\/lanza-ruv-nuevo-portal-web\\\/\",\"name\":\"Lanza RUV nuevo portal web para facilitar el acceso a la informaci\u00f3n\",\"isPartOf\":{\"@id\":\"https:\\\/\\\/centrourbano.com\\\/revista\\\/#website\"},\"primaryImageOfPage\":{\"@id\":\"https:\\\/\\\/centrourbano.com\\\/revista\\\/vivienda\\\/lanza-ruv-nuevo-portal-web\\\/#primaryimage\"},\"image\":{\"@id\":\"https:\\\/\\\/centrourbano.com\\\/revista\\\/vivienda\\\/lanza-ruv-nuevo-portal-web\\\/#primaryimage\"},\"thumbnailUrl\":\"https:\\\/\\\/centrourbano.com\\\/revista\\\/wp-content\\\/uploads\\\/Tonatiuh-Su\u00e1res_RUV_Nuevo-Portal.png\",\"datePublished\":\"2019-05-09T17:33:30+00:00\",\"dateModified\":\"2019-05-09T17:42:57+00:00\",\"description\":\"En aras de cumplir con el nuevo enfoque de atenci\u00f3n, el Registro \u00danico de Vivienda (RUV) lanz\u00f3 este jueves su nuevo portal en internet.\",\"breadcrumb\":{\"@id\":\"https:\\\/\\\/centrourbano.com\\\/revista\\\/vivienda\\\/lanza-ruv-nuevo-portal-web\\\/#breadcrumb\"},\"inLanguage\":\"es\",\"potentialAction\":[{\"@type\":\"ReadAction\",\"target\":[\"https:\\\/\\\/centrourbano.com\\\/revista\\\/vivienda\\\/lanza-ruv-nuevo-portal-web\\\/\"]}]},{\"@type\":\"ImageObject\",\"inLanguage\":\"es\",\"@id\":\"https:\\\/\\\/centrourbano.com\\\/revista\\\/vivienda\\\/lanza-ruv-nuevo-portal-web\\\/#primaryimage\",\"url\":\"https:\\\/\\\/centrourbano.com\\\/revista\\\/wp-content\\\/uploads\\\/Tonatiuh-Su\u00e1res_RUV_Nuevo-Portal.png\",\"contentUrl\":\"https:\\\/\\\/centrourbano.com\\\/revista\\\/wp-content\\\/uploads\\\/Tonatiuh-Su\u00e1res_RUV_Nuevo-Portal.png\",\"width\":800,\"height\":457,\"caption\":\"La intenci\u00f3n es facilitar el acceso a la informaci\u00f3n y llegar a m\u00e1s actores, como el comprador de vivienda\"},{\"@type\":\"BreadcrumbList\",\"@id\":\"https:\\\/\\\/centrourbano.com\\\/revista\\\/vivienda\\\/lanza-ruv-nuevo-portal-web\\\/#breadcrumb\",\"itemListElement\":[{\"@type\":\"ListItem\",\"position\":1,\"name\":\"Portada\",\"item\":\"https:\\\/\\\/centrourbano.com\\\/revista\\\/\"},{\"@type\":\"ListItem\",\"position\":2,\"name\":\"Lanza RUV nuevo portal web\"}]},{\"@type\":\"WebSite\",\"@id\":\"https:\\\/\\\/centrourbano.com\\\/revista\\\/#website\",\"url\":\"https:\\\/\\\/centrourbano.com\\\/revista\\\/\",\"name\":\"Centro Urbano\",\"description\":\"Medio especializado en los sectores vivienda, inmobiliario, construcci\u00f3n, arquitectura y urbanismo.\",\"publisher\":{\"@id\":\"https:\\\/\\\/centrourbano.com\\\/revista\\\/#organization\"},\"potentialAction\":[{\"@type\":\"SearchAction\",\"target\":{\"@type\":\"EntryPoint\",\"urlTemplate\":\"https:\\\/\\\/centrourbano.com\\\/revista\\\/?s={search_term_string}\"},\"query-input\":{\"@type\":\"PropertyValueSpecification\",\"valueRequired\":true,\"valueName\":\"search_term_string\"}}],\"inLanguage\":\"es\"},{\"@type\":\"Organization\",\"@id\":\"https:\\\/\\\/centrourbano.com\\\/revista\\\/#organization\",\"name\":\"Centro Urbano\",\"url\":\"https:\\\/\\\/centrourbano.com\\\/revista\\\/\",\"logo\":{\"@type\":\"ImageObject\",\"inLanguage\":\"es\",\"@id\":\"https:\\\/\\\/centrourbano.com\\\/revista\\\/#\\\/schema\\\/logo\\\/image\\\/\",\"url\":\"https:\\\/\\\/centrourbano.com\\\/revista\\\/wp-content\\\/uploads\\\/web_CU_logo-1.png\",\"contentUrl\":\"https:\\\/\\\/centrourbano.com\\\/revista\\\/wp-content\\\/uploads\\\/web_CU_logo-1.png\",\"width\":350,\"height\":91,\"caption\":\"Centro Urbano\"},\"image\":{\"@id\":\"https:\\\/\\\/centrourbano.com\\\/revista\\\/#\\\/schema\\\/logo\\\/image\\\/\"},\"sameAs\":[\"https:\\\/\\\/www.facebook.com\\\/portalcentrourbano\",\"https:\\\/\\\/x.com\\\/CentroUrbano\",\"https:\\\/\\\/www.instagram.com\\\/centro_urbano\\\/\",\"https:\\\/\\\/www.linkedin.com\\\/company\\\/centro-urbano\\\/\",\"http:\\\/\\\/www.youtube.com\\\/user\\\/portalcentrourbano\"]},{\"@type\":\"Person\",\"@id\":\"https:\\\/\\\/centrourbano.com\\\/revista\\\/#\\\/schema\\\/person\\\/ff3c00651ce5b1630479d2cd0c2e3ac0\",\"name\":\"Edgar Rosas\",\"image\":{\"@type\":\"ImageObject\",\"inLanguage\":\"es\",\"@id\":\"https:\\\/\\\/secure.gravatar.com\\\/avatar\\\/94440c4283495211faa5300bf85e80061036b83fced868c3783aa1310b350d9c?s=96&d=mm&r=g\",\"url\":\"https:\\\/\\\/secure.gravatar.com\\\/avatar\\\/94440c4283495211faa5300bf85e80061036b83fced868c3783aa1310b350d9c?s=96&d=mm&r=g\",\"contentUrl\":\"https:\\\/\\\/secure.gravatar.com\\\/avatar\\\/94440c4283495211faa5300bf85e80061036b83fced868c3783aa1310b350d9c?s=96&d=mm&r=g\",\"caption\":\"Edgar Rosas\"},\"description\":\"Editor en Jefe de Centro Urbano. Egresado de la maestr\u00eda en Periodismo Pol\u00edtico de la Escuela de Periodismo Carlos Septi\u00e9n Garc\u00eda (EPCSG). Estudi\u00f3 la licenciatura en Comunicaci\u00f3n en la Universidad Mexicana. Amante de la cr\u00f3nica y el reportaje. Admirador de Vicente Le\u00f1ero y Miguel \u00c1ngel Granados Chapa.\",\"sameAs\":[\"https:\\\/\\\/x.com\\\/https:\\\/\\\/twitter.com\\\/ERosasCU?s=09\"],\"url\":\"https:\\\/\\\/centrourbano.com\\\/revista\\\/author\\\/edgar-rosas\\\/\"}]}<\/script>\n<!-- \/ Yoast SEO plugin. -->","yoast_head_json":{"title":"Lanza RUV nuevo portal web para facilitar el acceso a la informaci\u00f3n","description":"En aras de cumplir con el nuevo enfoque de atenci\u00f3n, el Registro \u00danico de Vivienda (RUV) lanz\u00f3 este jueves su nuevo portal en internet.","robots":{"index":"index","follow":"follow","max-snippet":"max-snippet:-1","max-image-preview":"max-image-preview:large","max-video-preview":"max-video-preview:-1"},"canonical":"https:\/\/centrourbano.com\/revista\/vivienda\/lanza-ruv-nuevo-portal-web\/","og_locale":"es_ES","og_type":"article","og_title":"Lanza RUV nuevo portal web para facilitar el acceso a la informaci\u00f3n","og_description":"En aras de cumplir con el nuevo enfoque de atenci\u00f3n, el Registro \u00danico de Vivienda (RUV) lanz\u00f3 este jueves su nuevo portal en internet.","og_url":"https:\/\/centrourbano.com\/revista\/vivienda\/lanza-ruv-nuevo-portal-web\/","og_site_name":"Centro Urbano","article_publisher":"https:\/\/www.facebook.com\/portalcentrourbano","article_published_time":"2019-05-09T17:33:30+00:00","article_modified_time":"2019-05-09T17:42:57+00:00","og_image":[{"width":800,"height":457,"url":"https:\/\/centrourbano.com\/revista\/wp-content\/uploads\/Tonatiuh-Su\u00e1res_RUV_Nuevo-Portal.png","type":"image\/png"}],"author":"Edgar Rosas","twitter_card":"summary_large_image","twitter_creator":"@https:\/\/twitter.com\/ERosasCU?s=09","twitter_site":"@CentroUrbano","twitter_misc":{"Escrito por":"Edgar Rosas","Tiempo de lectura":"2 minutos"},"schema":{"@context":"https:\/\/schema.org","@graph":[{"@type":"Article","@id":"https:\/\/centrourbano.com\/revista\/vivienda\/lanza-ruv-nuevo-portal-web\/#article","isPartOf":{"@id":"https:\/\/centrourbano.com\/revista\/vivienda\/lanza-ruv-nuevo-portal-web\/"},"author":{"name":"Edgar Rosas","@id":"https:\/\/centrourbano.com\/revista\/#\/schema\/person\/ff3c00651ce5b1630479d2cd0c2e3ac0"},"headline":"Lanza RUV nuevo portal web","datePublished":"2019-05-09T17:33:30+00:00","dateModified":"2019-05-09T17:42:57+00:00","mainEntityOfPage":{"@id":"https:\/\/centrourbano.com\/revista\/vivienda\/lanza-ruv-nuevo-portal-web\/"},"wordCount":395,"commentCount":0,"publisher":{"@id":"https:\/\/centrourbano.com\/revista\/#organization"},"image":{"@id":"https:\/\/centrourbano.com\/revista\/vivienda\/lanza-ruv-nuevo-portal-web\/#primaryimage"},"thumbnailUrl":"https:\/\/centrourbano.com\/revista\/wp-content\/uploads\/Tonatiuh-Su\u00e1res_RUV_Nuevo-Portal.png","keywords":["compradores","desarrolladores","Portal","Registro \u00danico de Vivienda","RUV","Tonatiuh Su\u00e1rez","vivienda"],"articleSection":["Vivienda"],"inLanguage":"es","potentialAction":[{"@type":"CommentAction","name":"Comment","target":["https:\/\/centrourbano.com\/revista\/vivienda\/lanza-ruv-nuevo-portal-web\/#respond"]}]},{"@type":"WebPage","@id":"https:\/\/centrourbano.com\/revista\/vivienda\/lanza-ruv-nuevo-portal-web\/","url":"https:\/\/centrourbano.com\/revista\/vivienda\/lanza-ruv-nuevo-portal-web\/","name":"Lanza RUV nuevo portal web para facilitar el acceso a la informaci\u00f3n","isPartOf":{"@id":"https:\/\/centrourbano.com\/revista\/#website"},"primaryImageOfPage":{"@id":"https:\/\/centrourbano.com\/revista\/vivienda\/lanza-ruv-nuevo-portal-web\/#primaryimage"},"image":{"@id":"https:\/\/centrourbano.com\/revista\/vivienda\/lanza-ruv-nuevo-portal-web\/#primaryimage"},"thumbnailUrl":"https:\/\/centrourbano.com\/revista\/wp-content\/uploads\/Tonatiuh-Su\u00e1res_RUV_Nuevo-Portal.png","datePublished":"2019-05-09T17:33:30+00:00","dateModified":"2019-05-09T17:42:57+00:00","description":"En aras de cumplir con el nuevo enfoque de atenci\u00f3n, el Registro \u00danico de Vivienda (RUV) lanz\u00f3 este jueves su nuevo portal en internet.","breadcrumb":{"@id":"https:\/\/centrourbano.com\/revista\/vivienda\/lanza-ruv-nuevo-portal-web\/#breadcrumb"},"inLanguage":"es","potentialAction":[{"@type":"ReadAction","target":["https:\/\/centrourbano.com\/revista\/vivienda\/lanza-ruv-nuevo-portal-web\/"]}]},{"@type":"ImageObject","inLanguage":"es","@id":"https:\/\/centrourbano.com\/revista\/vivienda\/lanza-ruv-nuevo-portal-web\/#primaryimage","url":"https:\/\/centrourbano.com\/revista\/wp-content\/uploads\/Tonatiuh-Su\u00e1res_RUV_Nuevo-Portal.png","contentUrl":"https:\/\/centrourbano.com\/revista\/wp-content\/uploads\/Tonatiuh-Su\u00e1res_RUV_Nuevo-Portal.png","width":800,"height":457,"caption":"La intenci\u00f3n es facilitar el acceso a la informaci\u00f3n y llegar a m\u00e1s actores, como el comprador de vivienda"},{"@type":"BreadcrumbList","@id":"https:\/\/centrourbano.com\/revista\/vivienda\/lanza-ruv-nuevo-portal-web\/#breadcrumb","itemListElement":[{"@type":"ListItem","position":1,"name":"Portada","item":"https:\/\/centrourbano.com\/revista\/"},{"@type":"ListItem","position":2,"name":"Lanza RUV nuevo portal web"}]},{"@type":"WebSite","@id":"https:\/\/centrourbano.com\/revista\/#website","url":"https:\/\/centrourbano.com\/revista\/","name":"Centro Urbano","description":"Medio especializado en los sectores vivienda, inmobiliario, construcci\u00f3n, arquitectura y urbanismo.","publisher":{"@id":"https:\/\/centrourbano.com\/revista\/#organization"},"potentialAction":[{"@type":"SearchAction","target":{"@type":"EntryPoint","urlTemplate":"https:\/\/centrourbano.com\/revista\/?s={search_term_string}"},"query-input":{"@type":"PropertyValueSpecification","valueRequired":true,"valueName":"search_term_string"}}],"inLanguage":"es"},{"@type":"Organization","@id":"https:\/\/centrourbano.com\/revista\/#organization","name":"Centro Urbano","url":"https:\/\/centrourbano.com\/revista\/","logo":{"@type":"ImageObject","inLanguage":"es","@id":"https:\/\/centrourbano.com\/revista\/#\/schema\/logo\/image\/","url":"https:\/\/centrourbano.com\/revista\/wp-content\/uploads\/web_CU_logo-1.png","contentUrl":"https:\/\/centrourbano.com\/revista\/wp-content\/uploads\/web_CU_logo-1.png","width":350,"height":91,"caption":"Centro Urbano"},"image":{"@id":"https:\/\/centrourbano.com\/revista\/#\/schema\/logo\/image\/"},"sameAs":["https:\/\/www.facebook.com\/portalcentrourbano","https:\/\/x.com\/CentroUrbano","https:\/\/www.instagram.com\/centro_urbano\/","https:\/\/www.linkedin.com\/company\/centro-urbano\/","http:\/\/www.youtube.com\/user\/portalcentrourbano"]},{"@type":"Person","@id":"https:\/\/centrourbano.com\/revista\/#\/schema\/person\/ff3c00651ce5b1630479d2cd0c2e3ac0","name":"Edgar Rosas","image":{"@type":"ImageObject","inLanguage":"es","@id":"https:\/\/secure.gravatar.com\/avatar\/94440c4283495211faa5300bf85e80061036b83fced868c3783aa1310b350d9c?s=96&d=mm&r=g","url":"https:\/\/secure.gravatar.com\/avatar\/94440c4283495211faa5300bf85e80061036b83fced868c3783aa1310b350d9c?s=96&d=mm&r=g","contentUrl":"https:\/\/secure.gravatar.com\/avatar\/94440c4283495211faa5300bf85e80061036b83fced868c3783aa1310b350d9c?s=96&d=mm&r=g","caption":"Edgar Rosas"},"description":"Editor en Jefe de Centro Urbano. Egresado de la maestr\u00eda en Periodismo Pol\u00edtico de la Escuela de Periodismo Carlos Septi\u00e9n Garc\u00eda (EPCSG). Estudi\u00f3 la licenciatura en Comunicaci\u00f3n en la Universidad Mexicana. Amante de la cr\u00f3nica y el reportaje. Admirador de Vicente Le\u00f1ero y Miguel \u00c1ngel Granados Chapa.","sameAs":["https:\/\/x.com\/https:\/\/twitter.com\/ERosasCU?s=09"],"url":"https:\/\/centrourbano.com\/revista\/author\/edgar-rosas\/"}]}},"_links":{"self":[{"href":"https:\/\/centrourbano.com\/revista\/wp-json\/wp\/v2\/posts\/89967","targetHints":{"allow":["GET"]}}],"collection":[{"href":"https:\/\/centrourbano.com\/revista\/wp-json\/wp\/v2\/posts"}],"about":[{"href":"https:\/\/centrourbano.com\/revista\/wp-json\/wp\/v2\/types\/post"}],"author":[{"embeddable":true,"href":"https:\/\/centrourbano.com\/revista\/wp-json\/wp\/v2\/users\/47"}],"replies":[{"embeddable":true,"href":"https:\/\/centrourbano.com\/revista\/wp-json\/wp\/v2\/comments?post=89967"}],"version-history":[{"count":3,"href":"https:\/\/centrourbano.com\/revista\/wp-json\/wp\/v2\/posts\/89967\/revisions"}],"predecessor-version":[{"id":89972,"href":"https:\/\/centrourbano.com\/revista\/wp-json\/wp\/v2\/posts\/89967\/revisions\/89972"}],"wp:featuredmedia":[{"embeddable":true,"href":"https:\/\/centrourbano.com\/revista\/wp-json\/wp\/v2\/media\/89969"}],"wp:attachment":[{"href":"https:\/\/centrourbano.com\/revista\/wp-json\/wp\/v2\/media?parent=89967"}],"wp:term":[{"taxonomy":"category","embeddable":true,"href":"https:\/\/centrourbano.com\/revista\/wp-json\/wp\/v2\/categories?post=89967"},{"taxonomy":"post_tag","embeddable":true,"href":"https:\/\/centrourbano.com\/revista\/wp-json\/wp\/v2\/tags?post=89967"}],"curies":[{"name":"wp","href":"https:\/\/api.w.org\/{rel}","templated":true}]}}