{"id":89961,"date":"2019-05-09T08:47:18","date_gmt":"2019-05-09T13:47:18","guid":{"rendered":"https:\/\/centrourbano.com\/?p=89961"},"modified":"2019-05-09T12:48:52","modified_gmt":"2019-05-09T17:48:52","slug":"constructora-de-slim-remodelara-estadio-santiago-bernabeu","status":"publish","type":"post","link":"https:\/\/centrourbano.com\/revista\/arquitectura-2\/constructora-de-slim-remodelara-estadio-santiago-bernabeu\/","title":{"rendered":"Constructora de Slim remodelar\u00e1 estadio Santiago Bernab\u00e9u"},"content":{"rendered":"<p><em>El plazo para la remodelaci\u00f3n del estadio del Real Madrid es de 39 meses, por lo que las obras deber\u00e1n finalizar en agosto de 2022<\/em><!--more--><\/p>\n<p>A trav\u00e9s de un comunicado oficial, la<strong> Junta Directiva del club de f\u00fatbol espa\u00f1ol Real Madrid<\/strong> anunci\u00f3 que las obras de <strong>remodelaci\u00f3n del estadio Santiago Bernab\u00e9u<\/strong> estar\u00e1n a cargo de la empresa <strong>Fomento de Construcciones y Contratas (FCC)<\/strong>, de la que el ingeniero y empresario mexicano, <strong>Carlos Slim<\/strong>, es accionista mayoritario.<\/p>\n<p>De acuerdo con el<strong> Real Madrid<\/strong>, el plazo para las obras de remodelaci\u00f3n del estadio es de <strong>39 meses<\/strong>, por lo que deber\u00e1n finalizar en <strong>agosto de 2022<\/strong>, extendi\u00e9ndose cuatro meses m\u00e1s para la urbanizaci\u00f3n del entorno exterior del inmueble.<\/p>\n<p>Seg\u00fan informaci\u00f3n del diario espa\u00f1ol <strong>Cinco D\u00edas<\/strong>, el contrato tiene un valor de cerca de <strong>475 millones de euros,<\/strong> lo que se traduce en 532 millones de d\u00f3lares. El pasado mes de abril, el Real Madrid inform\u00f3 que hab\u00eda solicitado un pr\u00e9stamo de 575 millones de euros para financiar un estadio digital.<\/p>\n<p>En el comunicado oficial del <strong>Real Madrid<\/strong> se especifica que la financiaci\u00f3n del contrato finaliz\u00f3 el pasado 12 de abril, por lo que la constructora <strong>FCC<\/strong> podr\u00e1 iniciar las obras inmediatamente. El club a\u00f1adi\u00f3 que dichas obras no interferir\u00e1n con la celebraci\u00f3n de los partidos marcados en el calendario deportivo ni con las dem\u00e1s actividades habituales del <strong>estadio Santiago Bernab\u00e9u<\/strong>, como el Tour Bernab\u00e9u o la operaci\u00f3n de los restaurantes y la tienda oficial.<\/p>\n<p>La <strong>FCC<\/strong> compiti\u00f3 por el contrato de remodelaci\u00f3n con las constructoras m\u00e1s importantes de Espa\u00f1a, siendo la propuesta de la empresa de <strong>Carlos Slim<\/strong> la m\u00e1s econ\u00f3mica, con el menor plazo de ejecuci\u00f3n y con un plan de desarrollo que permite que el estadio opere con la mejor regularidad posible.<\/p>\n<p>&nbsp;<\/p>\n","protected":false},"excerpt":{"rendered":"<p>El plazo para la remodelaci\u00f3n del estadio del Real Madrid es de 39 meses, por lo que las obras deber\u00e1n finalizar en agosto de 2022<\/p>\n","protected":false},"author":73,"featured_media":89965,"comment_status":"open","ping_status":"closed","sticky":false,"template":"","format":"standard","meta":{"om_disable_all_campaigns":false,"inline_featured_image":false,"_monsterinsights_skip_tracking":false,"_monsterinsights_sitenote_active":false,"_monsterinsights_sitenote_note":"","_monsterinsights_sitenote_category":0,"footnotes":""},"categories":[81,14],"tags":[1631,15651,15650,6956,15649],"class_list":["post-89961","post","type-post","status-publish","format-standard","has-post-thumbnail","hentry","category-arquitectura-2","category-construccion","tag-carlos-slim","tag-fcc","tag-fomento-de-construcciones-y-contratas","tag-real-madrid","tag-santiago-bernabeu"],"yoast_head":"<!-- This site is optimized with the Yoast SEO plugin v27.4 - https:\/\/yoast.com\/product\/yoast-seo-wordpress\/ -->\n<title>Constructora de Slim remodelar\u00e1 estadio Santiago Bernab\u00e9u<\/title>\n<meta name=\"description\" content=\"El plazo para la remodelaci\u00f3n del estadio del Real Madrid es de 39 meses, por lo que las obras deber\u00e1n finalizar en agosto de 2022\" \/>\n<meta name=\"robots\" content=\"index, follow, max-snippet:-1, max-image-preview:large, max-video-preview:-1\" \/>\n<link rel=\"canonical\" href=\"https:\/\/centrourbano.com\/revista\/arquitectura-2\/constructora-de-slim-remodelara-estadio-santiago-bernabeu\/\" \/>\n<meta property=\"og:locale\" content=\"es_ES\" \/>\n<meta property=\"og:type\" content=\"article\" \/>\n<meta property=\"og:title\" content=\"Constructora de Slim remodelar\u00e1 estadio Santiago Bernab\u00e9u\" \/>\n<meta property=\"og:description\" content=\"El plazo para la remodelaci\u00f3n del estadio del Real Madrid es de 39 meses, por lo que las obras deber\u00e1n finalizar en agosto de 2022\" \/>\n<meta property=\"og:url\" content=\"https:\/\/centrourbano.com\/revista\/arquitectura-2\/constructora-de-slim-remodelara-estadio-santiago-bernabeu\/\" \/>\n<meta property=\"og:site_name\" content=\"Centro Urbano\" \/>\n<meta property=\"article:publisher\" content=\"https:\/\/www.facebook.com\/portalcentrourbano\" \/>\n<meta property=\"article:published_time\" content=\"2019-05-09T13:47:18+00:00\" \/>\n<meta property=\"article:modified_time\" content=\"2019-05-09T17:48:52+00:00\" \/>\n<meta property=\"og:image\" content=\"https:\/\/centrourbano.com\/revista\/wp-content\/uploads\/Estadio-Madrid.jpg\" \/>\n\t<meta property=\"og:image:width\" content=\"804\" \/>\n\t<meta property=\"og:image:height\" content=\"538\" \/>\n\t<meta property=\"og:image:type\" content=\"image\/jpeg\" \/>\n<meta name=\"author\" content=\"Fernanda Hern\u00e1ndez\" \/>\n<meta name=\"twitter:card\" content=\"summary_large_image\" \/>\n<meta name=\"twitter:creator\" content=\"@https:\/\/twitter.com\/Nannz_Hernandez\" \/>\n<meta name=\"twitter:site\" content=\"@CentroUrbano\" \/>\n<meta name=\"twitter:label1\" content=\"Escrito por\" \/>\n\t<meta name=\"twitter:data1\" content=\"Fernanda Hern\u00e1ndez\" \/>\n\t<meta name=\"twitter:label2\" content=\"Tiempo de lectura\" \/>\n\t<meta name=\"twitter:data2\" content=\"2 minutos\" \/>\n<script type=\"application\/ld+json\" class=\"yoast-schema-graph\">{\"@context\":\"https:\\\/\\\/schema.org\",\"@graph\":[{\"@type\":\"Article\",\"@id\":\"https:\\\/\\\/centrourbano.com\\\/revista\\\/arquitectura-2\\\/constructora-de-slim-remodelara-estadio-santiago-bernabeu\\\/#article\",\"isPartOf\":{\"@id\":\"https:\\\/\\\/centrourbano.com\\\/revista\\\/arquitectura-2\\\/constructora-de-slim-remodelara-estadio-santiago-bernabeu\\\/\"},\"author\":{\"name\":\"Fernanda Hern\u00e1ndez\",\"@id\":\"https:\\\/\\\/centrourbano.com\\\/revista\\\/#\\\/schema\\\/person\\\/b190b20bbbceb41ec72278c546fa8df3\"},\"headline\":\"Constructora de Slim remodelar\u00e1 estadio Santiago Bernab\u00e9u\",\"datePublished\":\"2019-05-09T13:47:18+00:00\",\"dateModified\":\"2019-05-09T17:48:52+00:00\",\"mainEntityOfPage\":{\"@id\":\"https:\\\/\\\/centrourbano.com\\\/revista\\\/arquitectura-2\\\/constructora-de-slim-remodelara-estadio-santiago-bernabeu\\\/\"},\"wordCount\":327,\"commentCount\":0,\"publisher\":{\"@id\":\"https:\\\/\\\/centrourbano.com\\\/revista\\\/#organization\"},\"image\":{\"@id\":\"https:\\\/\\\/centrourbano.com\\\/revista\\\/arquitectura-2\\\/constructora-de-slim-remodelara-estadio-santiago-bernabeu\\\/#primaryimage\"},\"thumbnailUrl\":\"https:\\\/\\\/centrourbano.com\\\/revista\\\/wp-content\\\/uploads\\\/Estadio-Madrid.jpg\",\"keywords\":[\"Carlos Slim\",\"FCC\",\"Fomento de Construcciones y Contratas\",\"Real Madrid\",\"Santiago Bernab\u00e9u\"],\"articleSection\":[\"Arquitectura\",\"Construcci\u00f3n\"],\"inLanguage\":\"es\",\"potentialAction\":[{\"@type\":\"CommentAction\",\"name\":\"Comment\",\"target\":[\"https:\\\/\\\/centrourbano.com\\\/revista\\\/arquitectura-2\\\/constructora-de-slim-remodelara-estadio-santiago-bernabeu\\\/#respond\"]}]},{\"@type\":\"WebPage\",\"@id\":\"https:\\\/\\\/centrourbano.com\\\/revista\\\/arquitectura-2\\\/constructora-de-slim-remodelara-estadio-santiago-bernabeu\\\/\",\"url\":\"https:\\\/\\\/centrourbano.com\\\/revista\\\/arquitectura-2\\\/constructora-de-slim-remodelara-estadio-santiago-bernabeu\\\/\",\"name\":\"Constructora de Slim remodelar\u00e1 estadio Santiago Bernab\u00e9u\",\"isPartOf\":{\"@id\":\"https:\\\/\\\/centrourbano.com\\\/revista\\\/#website\"},\"primaryImageOfPage\":{\"@id\":\"https:\\\/\\\/centrourbano.com\\\/revista\\\/arquitectura-2\\\/constructora-de-slim-remodelara-estadio-santiago-bernabeu\\\/#primaryimage\"},\"image\":{\"@id\":\"https:\\\/\\\/centrourbano.com\\\/revista\\\/arquitectura-2\\\/constructora-de-slim-remodelara-estadio-santiago-bernabeu\\\/#primaryimage\"},\"thumbnailUrl\":\"https:\\\/\\\/centrourbano.com\\\/revista\\\/wp-content\\\/uploads\\\/Estadio-Madrid.jpg\",\"datePublished\":\"2019-05-09T13:47:18+00:00\",\"dateModified\":\"2019-05-09T17:48:52+00:00\",\"description\":\"El plazo para la remodelaci\u00f3n del estadio del Real Madrid es de 39 meses, por lo que las obras deber\u00e1n finalizar en agosto de 2022\",\"breadcrumb\":{\"@id\":\"https:\\\/\\\/centrourbano.com\\\/revista\\\/arquitectura-2\\\/constructora-de-slim-remodelara-estadio-santiago-bernabeu\\\/#breadcrumb\"},\"inLanguage\":\"es\",\"potentialAction\":[{\"@type\":\"ReadAction\",\"target\":[\"https:\\\/\\\/centrourbano.com\\\/revista\\\/arquitectura-2\\\/constructora-de-slim-remodelara-estadio-santiago-bernabeu\\\/\"]}]},{\"@type\":\"ImageObject\",\"inLanguage\":\"es\",\"@id\":\"https:\\\/\\\/centrourbano.com\\\/revista\\\/arquitectura-2\\\/constructora-de-slim-remodelara-estadio-santiago-bernabeu\\\/#primaryimage\",\"url\":\"https:\\\/\\\/centrourbano.com\\\/revista\\\/wp-content\\\/uploads\\\/Estadio-Madrid.jpg\",\"contentUrl\":\"https:\\\/\\\/centrourbano.com\\\/revista\\\/wp-content\\\/uploads\\\/Estadio-Madrid.jpg\",\"width\":804,\"height\":538,\"caption\":\"El plazo para la remodelaci\u00f3n del estadio del Real Madrid es de 39 meses, por lo que las obras deber\u00e1n finalizar en agosto de 2022\"},{\"@type\":\"BreadcrumbList\",\"@id\":\"https:\\\/\\\/centrourbano.com\\\/revista\\\/arquitectura-2\\\/constructora-de-slim-remodelara-estadio-santiago-bernabeu\\\/#breadcrumb\",\"itemListElement\":[{\"@type\":\"ListItem\",\"position\":1,\"name\":\"Portada\",\"item\":\"https:\\\/\\\/centrourbano.com\\\/revista\\\/\"},{\"@type\":\"ListItem\",\"position\":2,\"name\":\"Constructora de Slim remodelar\u00e1 estadio Santiago Bernab\u00e9u\"}]},{\"@type\":\"WebSite\",\"@id\":\"https:\\\/\\\/centrourbano.com\\\/revista\\\/#website\",\"url\":\"https:\\\/\\\/centrourbano.com\\\/revista\\\/\",\"name\":\"Centro Urbano\",\"description\":\"Medio especializado en los sectores vivienda, inmobiliario, construcci\u00f3n, arquitectura y urbanismo.\",\"publisher\":{\"@id\":\"https:\\\/\\\/centrourbano.com\\\/revista\\\/#organization\"},\"potentialAction\":[{\"@type\":\"SearchAction\",\"target\":{\"@type\":\"EntryPoint\",\"urlTemplate\":\"https:\\\/\\\/centrourbano.com\\\/revista\\\/?s={search_term_string}\"},\"query-input\":{\"@type\":\"PropertyValueSpecification\",\"valueRequired\":true,\"valueName\":\"search_term_string\"}}],\"inLanguage\":\"es\"},{\"@type\":\"Organization\",\"@id\":\"https:\\\/\\\/centrourbano.com\\\/revista\\\/#organization\",\"name\":\"Centro Urbano\",\"url\":\"https:\\\/\\\/centrourbano.com\\\/revista\\\/\",\"logo\":{\"@type\":\"ImageObject\",\"inLanguage\":\"es\",\"@id\":\"https:\\\/\\\/centrourbano.com\\\/revista\\\/#\\\/schema\\\/logo\\\/image\\\/\",\"url\":\"https:\\\/\\\/centrourbano.com\\\/revista\\\/wp-content\\\/uploads\\\/web_CU_logo-1.png\",\"contentUrl\":\"https:\\\/\\\/centrourbano.com\\\/revista\\\/wp-content\\\/uploads\\\/web_CU_logo-1.png\",\"width\":350,\"height\":91,\"caption\":\"Centro Urbano\"},\"image\":{\"@id\":\"https:\\\/\\\/centrourbano.com\\\/revista\\\/#\\\/schema\\\/logo\\\/image\\\/\"},\"sameAs\":[\"https:\\\/\\\/www.facebook.com\\\/portalcentrourbano\",\"https:\\\/\\\/x.com\\\/CentroUrbano\",\"https:\\\/\\\/www.instagram.com\\\/centro_urbano\\\/\",\"https:\\\/\\\/www.linkedin.com\\\/company\\\/centro-urbano\\\/\",\"http:\\\/\\\/www.youtube.com\\\/user\\\/portalcentrourbano\"]},{\"@type\":\"Person\",\"@id\":\"https:\\\/\\\/centrourbano.com\\\/revista\\\/#\\\/schema\\\/person\\\/b190b20bbbceb41ec72278c546fa8df3\",\"name\":\"Fernanda Hern\u00e1ndez\",\"image\":{\"@type\":\"ImageObject\",\"inLanguage\":\"es\",\"@id\":\"https:\\\/\\\/secure.gravatar.com\\\/avatar\\\/9471831fb0a24eae9d32d826a7cb8ef07c34a41520aca1a0ab1f5c0903ba49b9?s=96&d=mm&r=g\",\"url\":\"https:\\\/\\\/secure.gravatar.com\\\/avatar\\\/9471831fb0a24eae9d32d826a7cb8ef07c34a41520aca1a0ab1f5c0903ba49b9?s=96&d=mm&r=g\",\"contentUrl\":\"https:\\\/\\\/secure.gravatar.com\\\/avatar\\\/9471831fb0a24eae9d32d826a7cb8ef07c34a41520aca1a0ab1f5c0903ba49b9?s=96&d=mm&r=g\",\"caption\":\"Fernanda Hern\u00e1ndez\"},\"description\":\"Reportera y redactora en Centro Urbano. Soy egresada de la licenciatura en Ciencias de la Comunicaci\u00f3n de la Facultad de Ciencias Pol\u00edticas y Sociales (UNAM). Me interesa la cultura, el urbanismo y la arquitectura. Amante del mundo digital, el cine, la m\u00fasica, la lectura y la escritura.\",\"sameAs\":[\"https:\\\/\\\/x.com\\\/https:\\\/\\\/twitter.com\\\/Nannz_Hernandez\"],\"url\":\"https:\\\/\\\/centrourbano.com\\\/revista\\\/author\\\/fernanda-hernandez\\\/\"}]}<\/script>\n<!-- \/ Yoast SEO plugin. -->","yoast_head_json":{"title":"Constructora de Slim remodelar\u00e1 estadio Santiago Bernab\u00e9u","description":"El plazo para la remodelaci\u00f3n del estadio del Real Madrid es de 39 meses, por lo que las obras deber\u00e1n finalizar en agosto de 2022","robots":{"index":"index","follow":"follow","max-snippet":"max-snippet:-1","max-image-preview":"max-image-preview:large","max-video-preview":"max-video-preview:-1"},"canonical":"https:\/\/centrourbano.com\/revista\/arquitectura-2\/constructora-de-slim-remodelara-estadio-santiago-bernabeu\/","og_locale":"es_ES","og_type":"article","og_title":"Constructora de Slim remodelar\u00e1 estadio Santiago Bernab\u00e9u","og_description":"El plazo para la remodelaci\u00f3n del estadio del Real Madrid es de 39 meses, por lo que las obras deber\u00e1n finalizar en agosto de 2022","og_url":"https:\/\/centrourbano.com\/revista\/arquitectura-2\/constructora-de-slim-remodelara-estadio-santiago-bernabeu\/","og_site_name":"Centro Urbano","article_publisher":"https:\/\/www.facebook.com\/portalcentrourbano","article_published_time":"2019-05-09T13:47:18+00:00","article_modified_time":"2019-05-09T17:48:52+00:00","og_image":[{"width":804,"height":538,"url":"https:\/\/centrourbano.com\/revista\/wp-content\/uploads\/Estadio-Madrid.jpg","type":"image\/jpeg"}],"author":"Fernanda Hern\u00e1ndez","twitter_card":"summary_large_image","twitter_creator":"@https:\/\/twitter.com\/Nannz_Hernandez","twitter_site":"@CentroUrbano","twitter_misc":{"Escrito por":"Fernanda Hern\u00e1ndez","Tiempo de lectura":"2 minutos"},"schema":{"@context":"https:\/\/schema.org","@graph":[{"@type":"Article","@id":"https:\/\/centrourbano.com\/revista\/arquitectura-2\/constructora-de-slim-remodelara-estadio-santiago-bernabeu\/#article","isPartOf":{"@id":"https:\/\/centrourbano.com\/revista\/arquitectura-2\/constructora-de-slim-remodelara-estadio-santiago-bernabeu\/"},"author":{"name":"Fernanda Hern\u00e1ndez","@id":"https:\/\/centrourbano.com\/revista\/#\/schema\/person\/b190b20bbbceb41ec72278c546fa8df3"},"headline":"Constructora de Slim remodelar\u00e1 estadio Santiago Bernab\u00e9u","datePublished":"2019-05-09T13:47:18+00:00","dateModified":"2019-05-09T17:48:52+00:00","mainEntityOfPage":{"@id":"https:\/\/centrourbano.com\/revista\/arquitectura-2\/constructora-de-slim-remodelara-estadio-santiago-bernabeu\/"},"wordCount":327,"commentCount":0,"publisher":{"@id":"https:\/\/centrourbano.com\/revista\/#organization"},"image":{"@id":"https:\/\/centrourbano.com\/revista\/arquitectura-2\/constructora-de-slim-remodelara-estadio-santiago-bernabeu\/#primaryimage"},"thumbnailUrl":"https:\/\/centrourbano.com\/revista\/wp-content\/uploads\/Estadio-Madrid.jpg","keywords":["Carlos Slim","FCC","Fomento de Construcciones y Contratas","Real Madrid","Santiago Bernab\u00e9u"],"articleSection":["Arquitectura","Construcci\u00f3n"],"inLanguage":"es","potentialAction":[{"@type":"CommentAction","name":"Comment","target":["https:\/\/centrourbano.com\/revista\/arquitectura-2\/constructora-de-slim-remodelara-estadio-santiago-bernabeu\/#respond"]}]},{"@type":"WebPage","@id":"https:\/\/centrourbano.com\/revista\/arquitectura-2\/constructora-de-slim-remodelara-estadio-santiago-bernabeu\/","url":"https:\/\/centrourbano.com\/revista\/arquitectura-2\/constructora-de-slim-remodelara-estadio-santiago-bernabeu\/","name":"Constructora de Slim remodelar\u00e1 estadio Santiago Bernab\u00e9u","isPartOf":{"@id":"https:\/\/centrourbano.com\/revista\/#website"},"primaryImageOfPage":{"@id":"https:\/\/centrourbano.com\/revista\/arquitectura-2\/constructora-de-slim-remodelara-estadio-santiago-bernabeu\/#primaryimage"},"image":{"@id":"https:\/\/centrourbano.com\/revista\/arquitectura-2\/constructora-de-slim-remodelara-estadio-santiago-bernabeu\/#primaryimage"},"thumbnailUrl":"https:\/\/centrourbano.com\/revista\/wp-content\/uploads\/Estadio-Madrid.jpg","datePublished":"2019-05-09T13:47:18+00:00","dateModified":"2019-05-09T17:48:52+00:00","description":"El plazo para la remodelaci\u00f3n del estadio del Real Madrid es de 39 meses, por lo que las obras deber\u00e1n finalizar en agosto de 2022","breadcrumb":{"@id":"https:\/\/centrourbano.com\/revista\/arquitectura-2\/constructora-de-slim-remodelara-estadio-santiago-bernabeu\/#breadcrumb"},"inLanguage":"es","potentialAction":[{"@type":"ReadAction","target":["https:\/\/centrourbano.com\/revista\/arquitectura-2\/constructora-de-slim-remodelara-estadio-santiago-bernabeu\/"]}]},{"@type":"ImageObject","inLanguage":"es","@id":"https:\/\/centrourbano.com\/revista\/arquitectura-2\/constructora-de-slim-remodelara-estadio-santiago-bernabeu\/#primaryimage","url":"https:\/\/centrourbano.com\/revista\/wp-content\/uploads\/Estadio-Madrid.jpg","contentUrl":"https:\/\/centrourbano.com\/revista\/wp-content\/uploads\/Estadio-Madrid.jpg","width":804,"height":538,"caption":"El plazo para la remodelaci\u00f3n del estadio del Real Madrid es de 39 meses, por lo que las obras deber\u00e1n finalizar en agosto de 2022"},{"@type":"BreadcrumbList","@id":"https:\/\/centrourbano.com\/revista\/arquitectura-2\/constructora-de-slim-remodelara-estadio-santiago-bernabeu\/#breadcrumb","itemListElement":[{"@type":"ListItem","position":1,"name":"Portada","item":"https:\/\/centrourbano.com\/revista\/"},{"@type":"ListItem","position":2,"name":"Constructora de Slim remodelar\u00e1 estadio Santiago Bernab\u00e9u"}]},{"@type":"WebSite","@id":"https:\/\/centrourbano.com\/revista\/#website","url":"https:\/\/centrourbano.com\/revista\/","name":"Centro Urbano","description":"Medio especializado en los sectores vivienda, inmobiliario, construcci\u00f3n, arquitectura y urbanismo.","publisher":{"@id":"https:\/\/centrourbano.com\/revista\/#organization"},"potentialAction":[{"@type":"SearchAction","target":{"@type":"EntryPoint","urlTemplate":"https:\/\/centrourbano.com\/revista\/?s={search_term_string}"},"query-input":{"@type":"PropertyValueSpecification","valueRequired":true,"valueName":"search_term_string"}}],"inLanguage":"es"},{"@type":"Organization","@id":"https:\/\/centrourbano.com\/revista\/#organization","name":"Centro Urbano","url":"https:\/\/centrourbano.com\/revista\/","logo":{"@type":"ImageObject","inLanguage":"es","@id":"https:\/\/centrourbano.com\/revista\/#\/schema\/logo\/image\/","url":"https:\/\/centrourbano.com\/revista\/wp-content\/uploads\/web_CU_logo-1.png","contentUrl":"https:\/\/centrourbano.com\/revista\/wp-content\/uploads\/web_CU_logo-1.png","width":350,"height":91,"caption":"Centro Urbano"},"image":{"@id":"https:\/\/centrourbano.com\/revista\/#\/schema\/logo\/image\/"},"sameAs":["https:\/\/www.facebook.com\/portalcentrourbano","https:\/\/x.com\/CentroUrbano","https:\/\/www.instagram.com\/centro_urbano\/","https:\/\/www.linkedin.com\/company\/centro-urbano\/","http:\/\/www.youtube.com\/user\/portalcentrourbano"]},{"@type":"Person","@id":"https:\/\/centrourbano.com\/revista\/#\/schema\/person\/b190b20bbbceb41ec72278c546fa8df3","name":"Fernanda Hern\u00e1ndez","image":{"@type":"ImageObject","inLanguage":"es","@id":"https:\/\/secure.gravatar.com\/avatar\/9471831fb0a24eae9d32d826a7cb8ef07c34a41520aca1a0ab1f5c0903ba49b9?s=96&d=mm&r=g","url":"https:\/\/secure.gravatar.com\/avatar\/9471831fb0a24eae9d32d826a7cb8ef07c34a41520aca1a0ab1f5c0903ba49b9?s=96&d=mm&r=g","contentUrl":"https:\/\/secure.gravatar.com\/avatar\/9471831fb0a24eae9d32d826a7cb8ef07c34a41520aca1a0ab1f5c0903ba49b9?s=96&d=mm&r=g","caption":"Fernanda Hern\u00e1ndez"},"description":"Reportera y redactora en Centro Urbano. Soy egresada de la licenciatura en Ciencias de la Comunicaci\u00f3n de la Facultad de Ciencias Pol\u00edticas y Sociales (UNAM). Me interesa la cultura, el urbanismo y la arquitectura. Amante del mundo digital, el cine, la m\u00fasica, la lectura y la escritura.","sameAs":["https:\/\/x.com\/https:\/\/twitter.com\/Nannz_Hernandez"],"url":"https:\/\/centrourbano.com\/revista\/author\/fernanda-hernandez\/"}]}},"_links":{"self":[{"href":"https:\/\/centrourbano.com\/revista\/wp-json\/wp\/v2\/posts\/89961","targetHints":{"allow":["GET"]}}],"collection":[{"href":"https:\/\/centrourbano.com\/revista\/wp-json\/wp\/v2\/posts"}],"about":[{"href":"https:\/\/centrourbano.com\/revista\/wp-json\/wp\/v2\/types\/post"}],"author":[{"embeddable":true,"href":"https:\/\/centrourbano.com\/revista\/wp-json\/wp\/v2\/users\/73"}],"replies":[{"embeddable":true,"href":"https:\/\/centrourbano.com\/revista\/wp-json\/wp\/v2\/comments?post=89961"}],"version-history":[{"count":3,"href":"https:\/\/centrourbano.com\/revista\/wp-json\/wp\/v2\/posts\/89961\/revisions"}],"predecessor-version":[{"id":89974,"href":"https:\/\/centrourbano.com\/revista\/wp-json\/wp\/v2\/posts\/89961\/revisions\/89974"}],"wp:featuredmedia":[{"embeddable":true,"href":"https:\/\/centrourbano.com\/revista\/wp-json\/wp\/v2\/media\/89965"}],"wp:attachment":[{"href":"https:\/\/centrourbano.com\/revista\/wp-json\/wp\/v2\/media?parent=89961"}],"wp:term":[{"taxonomy":"category","embeddable":true,"href":"https:\/\/centrourbano.com\/revista\/wp-json\/wp\/v2\/categories?post=89961"},{"taxonomy":"post_tag","embeddable":true,"href":"https:\/\/centrourbano.com\/revista\/wp-json\/wp\/v2\/tags?post=89961"}],"curies":[{"name":"wp","href":"https:\/\/api.w.org\/{rel}","templated":true}]}}