{"id":8980,"date":"2014-07-28T09:26:48","date_gmt":"2014-07-28T14:26:48","guid":{"rendered":"http:\/\/centrourbano.com\/?p=8980"},"modified":"2014-07-28T11:26:50","modified_gmt":"2014-07-28T16:26:50","slug":"construira-ica-tunel-del-tren-mexico-toluca","status":"publish","type":"post","link":"https:\/\/centrourbano.com\/revista\/construccion\/construira-ica-tunel-del-tren-mexico-toluca\/","title":{"rendered":"Construir\u00e1 ICA t\u00fanel del Tren M\u00e9xico-Toluca"},"content":{"rendered":"<p><em>La construcci\u00f3n del portal poniente del t\u00fanel al portal oriente\u00a0constar\u00e1\u00a0de 4.634 kil\u00f3metros de longitud<\/em><!--more--><\/p>\n<p>Recientemente la Secretar\u00eda de\u00a0Comunicaciones\u00a0y Transportes (SCT) adjudic\u00f3 la construcci\u00f3n para el\u00a0t\u00fanel del Tren M\u00e9xico-Toluca, a Ingenieros Civiles Asociados (ICA) y Construcciones y Trituraciones, cuya propuesta fue por\u00a02 mil 855 millones de pesos.<\/p>\n<p>En el proceso de licitaci\u00f3n\u00a0participaron nueve empresas siendo\u00a0\u00a0la propuesta econ\u00f3mica y t\u00e9cnica de ICA la que obtuvo una calificaci\u00f3n de 50 puntos. Cabe destacar que su m\u00e1s cercano competidor fue conformado por\u00a0La Peninsular Compa\u00f1\u00eda Constructora y Constructoras de Proyectos Viales de M\u00e9xico fue, quienes\u00a0presentaron una propuesta por 3 mil 488 millones de pesos.<\/p>\n<p>Adem\u00e1s, para designar a ICA como ganador, se consider\u00f3 que anteriormente ha participado en la construcci\u00f3n de la L\u00ednea 12 del Metro de la Ciudad de M\u00e9xico, del T\u00fanel Emisor Oriente del Drenaje Profundo del Distrito Federal y del t\u00fanel de la hidroel\u00e9ctrica El Caj\u00f3n.<\/p>\n<p>La construcci\u00f3n del portal poniente del t\u00fanel al portal oriente\u00a0constar\u00e1\u00a0de 4.634 kil\u00f3metros de longitud, del Tren de Pasajeros M\u00e9xico\u2013Toluca, que en su totalidad recorrer\u00e1 58 kil\u00f3metros, con una inversi\u00f3n cercana a 38 mil millones de pesos, de acuerdo con la Secretar\u00eda de Comunicaciones y Transportes.<\/p>\n<p>Al respecto, C\u00e9sar Quevedo, director general de la empresa Sener,\u00a0empresa\u00a0que realiz\u00f3 los estudios previos y el proyecto t\u00e9cnico del Tren M\u00e9xico-Toluca, refiri\u00f3 que la construcci\u00f3n es uno de los aspectos m\u00e1s complicados del proyecto, por el riesgo geol\u00f3gico que conlleva.<\/p>\n","protected":false},"excerpt":{"rendered":"<p>La construcci\u00f3n del portal poniente del t\u00fanel al portal oriente\u00a0constar\u00e1\u00a0de 4.634 kil\u00f3metros de longitud<\/p>\n","protected":false},"author":9,"featured_media":0,"comment_status":"open","ping_status":"closed","sticky":false,"template":"","format":"standard","meta":{"om_disable_all_campaigns":false,"inline_featured_image":false,"_monsterinsights_skip_tracking":false,"_monsterinsights_sitenote_active":false,"_monsterinsights_sitenote_note":"","_monsterinsights_sitenote_category":0,"footnotes":""},"categories":[14],"tags":[562,459,1172],"class_list":["post-8980","post","type-post","status-publish","format-standard","hentry","category-construccion","tag-ica","tag-mexico-toluca","tag-tren-interurbano"],"yoast_head":"<!-- This site is optimized with the Yoast SEO plugin v27.4 - https:\/\/yoast.com\/product\/yoast-seo-wordpress\/ -->\n<title>Construir\u00e1 ICA t\u00fanel del Tren M\u00e9xico-Toluca -<\/title>\n<meta name=\"description\" content=\"La construcci\u00f3n del portal poniente del t\u00fanel al portal oriente\u00a0constar\u00e1\u00a0de 4.634 kil\u00f3metros de longitud Recientemente la Secretar\u00eda de\u00a0Comunicaciones\u00a0y\" \/>\n<meta name=\"robots\" content=\"index, follow, max-snippet:-1, max-image-preview:large, max-video-preview:-1\" \/>\n<link rel=\"canonical\" href=\"https:\/\/centrourbano.com\/revista\/construccion\/construira-ica-tunel-del-tren-mexico-toluca\/\" \/>\n<meta property=\"og:locale\" content=\"es_ES\" \/>\n<meta property=\"og:type\" content=\"article\" \/>\n<meta property=\"og:title\" content=\"Construir\u00e1 ICA t\u00fanel del Tren M\u00e9xico-Toluca -\" \/>\n<meta property=\"og:description\" content=\"La construcci\u00f3n del portal poniente del t\u00fanel al portal oriente\u00a0constar\u00e1\u00a0de 4.634 kil\u00f3metros de longitud Recientemente la Secretar\u00eda de\u00a0Comunicaciones\u00a0y\" \/>\n<meta property=\"og:url\" content=\"https:\/\/centrourbano.com\/revista\/construccion\/construira-ica-tunel-del-tren-mexico-toluca\/\" \/>\n<meta property=\"og:site_name\" content=\"Centro Urbano\" \/>\n<meta property=\"article:publisher\" content=\"https:\/\/www.facebook.com\/portalcentrourbano\" \/>\n<meta property=\"article:published_time\" content=\"2014-07-28T14:26:48+00:00\" \/>\n<meta property=\"article:modified_time\" content=\"2014-07-28T16:26:50+00:00\" \/>\n<meta property=\"og:image\" content=\"https:\/\/centrourbano.com\/revista\/wp-content\/uploads\/CU-logo.png\" \/>\n\t<meta property=\"og:image:width\" content=\"350\" \/>\n\t<meta property=\"og:image:height\" content=\"91\" \/>\n\t<meta property=\"og:image:type\" content=\"image\/png\" \/>\n<meta name=\"author\" content=\"Dinorah Nava\" \/>\n<meta name=\"twitter:card\" content=\"summary_large_image\" \/>\n<meta name=\"twitter:creator\" content=\"@https:\/\/twitter.com\/Dinorah_Nava28\" \/>\n<meta name=\"twitter:site\" content=\"@CentroUrbano\" \/>\n<meta name=\"twitter:label1\" content=\"Escrito por\" \/>\n\t<meta name=\"twitter:data1\" content=\"Dinorah Nava\" \/>\n\t<meta name=\"twitter:label2\" content=\"Tiempo de lectura\" \/>\n\t<meta name=\"twitter:data2\" content=\"1 minuto\" \/>\n<script type=\"application\/ld+json\" class=\"yoast-schema-graph\">{\"@context\":\"https:\\\/\\\/schema.org\",\"@graph\":[{\"@type\":\"Article\",\"@id\":\"https:\\\/\\\/centrourbano.com\\\/revista\\\/construccion\\\/construira-ica-tunel-del-tren-mexico-toluca\\\/#article\",\"isPartOf\":{\"@id\":\"https:\\\/\\\/centrourbano.com\\\/revista\\\/construccion\\\/construira-ica-tunel-del-tren-mexico-toluca\\\/\"},\"author\":{\"name\":\"Dinorah Nava\",\"@id\":\"https:\\\/\\\/centrourbano.com\\\/revista\\\/#\\\/schema\\\/person\\\/b45db815d96831257ba428a3d5a5fbdc\"},\"headline\":\"Construir\u00e1 ICA t\u00fanel del Tren M\u00e9xico-Toluca\",\"datePublished\":\"2014-07-28T14:26:48+00:00\",\"dateModified\":\"2014-07-28T16:26:50+00:00\",\"mainEntityOfPage\":{\"@id\":\"https:\\\/\\\/centrourbano.com\\\/revista\\\/construccion\\\/construira-ica-tunel-del-tren-mexico-toluca\\\/\"},\"wordCount\":277,\"commentCount\":0,\"publisher\":{\"@id\":\"https:\\\/\\\/centrourbano.com\\\/revista\\\/#organization\"},\"keywords\":[\"ICA\",\"M\u00e9xico-Toluca\",\"tren interurbano\"],\"articleSection\":[\"Construcci\u00f3n\"],\"inLanguage\":\"es\",\"potentialAction\":[{\"@type\":\"CommentAction\",\"name\":\"Comment\",\"target\":[\"https:\\\/\\\/centrourbano.com\\\/revista\\\/construccion\\\/construira-ica-tunel-del-tren-mexico-toluca\\\/#respond\"]}]},{\"@type\":\"WebPage\",\"@id\":\"https:\\\/\\\/centrourbano.com\\\/revista\\\/construccion\\\/construira-ica-tunel-del-tren-mexico-toluca\\\/\",\"url\":\"https:\\\/\\\/centrourbano.com\\\/revista\\\/construccion\\\/construira-ica-tunel-del-tren-mexico-toluca\\\/\",\"name\":\"Construir\u00e1 ICA t\u00fanel del Tren M\u00e9xico-Toluca -\",\"isPartOf\":{\"@id\":\"https:\\\/\\\/centrourbano.com\\\/revista\\\/#website\"},\"datePublished\":\"2014-07-28T14:26:48+00:00\",\"dateModified\":\"2014-07-28T16:26:50+00:00\",\"description\":\"La construcci\u00f3n del portal poniente del t\u00fanel al portal oriente\u00a0constar\u00e1\u00a0de 4.634 kil\u00f3metros de longitud Recientemente la Secretar\u00eda de\u00a0Comunicaciones\u00a0y\",\"breadcrumb\":{\"@id\":\"https:\\\/\\\/centrourbano.com\\\/revista\\\/construccion\\\/construira-ica-tunel-del-tren-mexico-toluca\\\/#breadcrumb\"},\"inLanguage\":\"es\",\"potentialAction\":[{\"@type\":\"ReadAction\",\"target\":[\"https:\\\/\\\/centrourbano.com\\\/revista\\\/construccion\\\/construira-ica-tunel-del-tren-mexico-toluca\\\/\"]}]},{\"@type\":\"BreadcrumbList\",\"@id\":\"https:\\\/\\\/centrourbano.com\\\/revista\\\/construccion\\\/construira-ica-tunel-del-tren-mexico-toluca\\\/#breadcrumb\",\"itemListElement\":[{\"@type\":\"ListItem\",\"position\":1,\"name\":\"Portada\",\"item\":\"https:\\\/\\\/centrourbano.com\\\/revista\\\/\"},{\"@type\":\"ListItem\",\"position\":2,\"name\":\"Construir\u00e1 ICA t\u00fanel del Tren M\u00e9xico-Toluca\"}]},{\"@type\":\"WebSite\",\"@id\":\"https:\\\/\\\/centrourbano.com\\\/revista\\\/#website\",\"url\":\"https:\\\/\\\/centrourbano.com\\\/revista\\\/\",\"name\":\"Centro Urbano\",\"description\":\"Medio especializado en los sectores vivienda, inmobiliario, construcci\u00f3n, arquitectura y urbanismo.\",\"publisher\":{\"@id\":\"https:\\\/\\\/centrourbano.com\\\/revista\\\/#organization\"},\"potentialAction\":[{\"@type\":\"SearchAction\",\"target\":{\"@type\":\"EntryPoint\",\"urlTemplate\":\"https:\\\/\\\/centrourbano.com\\\/revista\\\/?s={search_term_string}\"},\"query-input\":{\"@type\":\"PropertyValueSpecification\",\"valueRequired\":true,\"valueName\":\"search_term_string\"}}],\"inLanguage\":\"es\"},{\"@type\":\"Organization\",\"@id\":\"https:\\\/\\\/centrourbano.com\\\/revista\\\/#organization\",\"name\":\"Centro Urbano\",\"url\":\"https:\\\/\\\/centrourbano.com\\\/revista\\\/\",\"logo\":{\"@type\":\"ImageObject\",\"inLanguage\":\"es\",\"@id\":\"https:\\\/\\\/centrourbano.com\\\/revista\\\/#\\\/schema\\\/logo\\\/image\\\/\",\"url\":\"https:\\\/\\\/centrourbano.com\\\/revista\\\/wp-content\\\/uploads\\\/web_CU_logo-1.png\",\"contentUrl\":\"https:\\\/\\\/centrourbano.com\\\/revista\\\/wp-content\\\/uploads\\\/web_CU_logo-1.png\",\"width\":350,\"height\":91,\"caption\":\"Centro Urbano\"},\"image\":{\"@id\":\"https:\\\/\\\/centrourbano.com\\\/revista\\\/#\\\/schema\\\/logo\\\/image\\\/\"},\"sameAs\":[\"https:\\\/\\\/www.facebook.com\\\/portalcentrourbano\",\"https:\\\/\\\/x.com\\\/CentroUrbano\",\"https:\\\/\\\/www.instagram.com\\\/centro_urbano\\\/\",\"https:\\\/\\\/www.linkedin.com\\\/company\\\/centro-urbano\\\/\",\"http:\\\/\\\/www.youtube.com\\\/user\\\/portalcentrourbano\"]},{\"@type\":\"Person\",\"@id\":\"https:\\\/\\\/centrourbano.com\\\/revista\\\/#\\\/schema\\\/person\\\/b45db815d96831257ba428a3d5a5fbdc\",\"name\":\"Dinorah Nava\",\"image\":{\"@type\":\"ImageObject\",\"inLanguage\":\"es\",\"@id\":\"https:\\\/\\\/secure.gravatar.com\\\/avatar\\\/f6ca6430c51d147f363940f84e1225aa4b8183885c11802cc3b042305a4ecc1a?s=96&d=mm&r=g\",\"url\":\"https:\\\/\\\/secure.gravatar.com\\\/avatar\\\/f6ca6430c51d147f363940f84e1225aa4b8183885c11802cc3b042305a4ecc1a?s=96&d=mm&r=g\",\"contentUrl\":\"https:\\\/\\\/secure.gravatar.com\\\/avatar\\\/f6ca6430c51d147f363940f84e1225aa4b8183885c11802cc3b042305a4ecc1a?s=96&d=mm&r=g\",\"caption\":\"Dinorah Nava\"},\"description\":\"Editora de Contenidos y Estrategias Digitales en Centro Urbano y Coeditora en Peri\u00f3dico Mi Casa. Egresada de la licenciatura en Comunicaci\u00f3n y Periodismo de la Facultad de Estudios Superiores Arag\u00f3n (UNAM). Amante de la edici\u00f3n y correcci\u00f3n de estilo, las redes sociales y el mundo digital. Especialista en temas son arquitectura, inmobiliario y urbanismo.\",\"sameAs\":[\"linkedin.com\\\/in\\\/dinorah-nava\",\"https:\\\/\\\/x.com\\\/https:\\\/\\\/twitter.com\\\/Dinorah_Nava28\"],\"url\":\"https:\\\/\\\/centrourbano.com\\\/revista\\\/author\\\/dinorah-nava\\\/\"}]}<\/script>\n<!-- \/ Yoast SEO plugin. -->","yoast_head_json":{"title":"Construir\u00e1 ICA t\u00fanel del Tren M\u00e9xico-Toluca -","description":"La construcci\u00f3n del portal poniente del t\u00fanel al portal oriente\u00a0constar\u00e1\u00a0de 4.634 kil\u00f3metros de longitud Recientemente la Secretar\u00eda de\u00a0Comunicaciones\u00a0y","robots":{"index":"index","follow":"follow","max-snippet":"max-snippet:-1","max-image-preview":"max-image-preview:large","max-video-preview":"max-video-preview:-1"},"canonical":"https:\/\/centrourbano.com\/revista\/construccion\/construira-ica-tunel-del-tren-mexico-toluca\/","og_locale":"es_ES","og_type":"article","og_title":"Construir\u00e1 ICA t\u00fanel del Tren M\u00e9xico-Toluca -","og_description":"La construcci\u00f3n del portal poniente del t\u00fanel al portal oriente\u00a0constar\u00e1\u00a0de 4.634 kil\u00f3metros de longitud Recientemente la Secretar\u00eda de\u00a0Comunicaciones\u00a0y","og_url":"https:\/\/centrourbano.com\/revista\/construccion\/construira-ica-tunel-del-tren-mexico-toluca\/","og_site_name":"Centro Urbano","article_publisher":"https:\/\/www.facebook.com\/portalcentrourbano","article_published_time":"2014-07-28T14:26:48+00:00","article_modified_time":"2014-07-28T16:26:50+00:00","og_image":[{"width":350,"height":91,"url":"https:\/\/centrourbano.com\/revista\/wp-content\/uploads\/CU-logo.png","type":"image\/png"}],"author":"Dinorah Nava","twitter_card":"summary_large_image","twitter_creator":"@https:\/\/twitter.com\/Dinorah_Nava28","twitter_site":"@CentroUrbano","twitter_misc":{"Escrito por":"Dinorah Nava","Tiempo de lectura":"1 minuto"},"schema":{"@context":"https:\/\/schema.org","@graph":[{"@type":"Article","@id":"https:\/\/centrourbano.com\/revista\/construccion\/construira-ica-tunel-del-tren-mexico-toluca\/#article","isPartOf":{"@id":"https:\/\/centrourbano.com\/revista\/construccion\/construira-ica-tunel-del-tren-mexico-toluca\/"},"author":{"name":"Dinorah Nava","@id":"https:\/\/centrourbano.com\/revista\/#\/schema\/person\/b45db815d96831257ba428a3d5a5fbdc"},"headline":"Construir\u00e1 ICA t\u00fanel del Tren M\u00e9xico-Toluca","datePublished":"2014-07-28T14:26:48+00:00","dateModified":"2014-07-28T16:26:50+00:00","mainEntityOfPage":{"@id":"https:\/\/centrourbano.com\/revista\/construccion\/construira-ica-tunel-del-tren-mexico-toluca\/"},"wordCount":277,"commentCount":0,"publisher":{"@id":"https:\/\/centrourbano.com\/revista\/#organization"},"keywords":["ICA","M\u00e9xico-Toluca","tren interurbano"],"articleSection":["Construcci\u00f3n"],"inLanguage":"es","potentialAction":[{"@type":"CommentAction","name":"Comment","target":["https:\/\/centrourbano.com\/revista\/construccion\/construira-ica-tunel-del-tren-mexico-toluca\/#respond"]}]},{"@type":"WebPage","@id":"https:\/\/centrourbano.com\/revista\/construccion\/construira-ica-tunel-del-tren-mexico-toluca\/","url":"https:\/\/centrourbano.com\/revista\/construccion\/construira-ica-tunel-del-tren-mexico-toluca\/","name":"Construir\u00e1 ICA t\u00fanel del Tren M\u00e9xico-Toluca -","isPartOf":{"@id":"https:\/\/centrourbano.com\/revista\/#website"},"datePublished":"2014-07-28T14:26:48+00:00","dateModified":"2014-07-28T16:26:50+00:00","description":"La construcci\u00f3n del portal poniente del t\u00fanel al portal oriente\u00a0constar\u00e1\u00a0de 4.634 kil\u00f3metros de longitud Recientemente la Secretar\u00eda de\u00a0Comunicaciones\u00a0y","breadcrumb":{"@id":"https:\/\/centrourbano.com\/revista\/construccion\/construira-ica-tunel-del-tren-mexico-toluca\/#breadcrumb"},"inLanguage":"es","potentialAction":[{"@type":"ReadAction","target":["https:\/\/centrourbano.com\/revista\/construccion\/construira-ica-tunel-del-tren-mexico-toluca\/"]}]},{"@type":"BreadcrumbList","@id":"https:\/\/centrourbano.com\/revista\/construccion\/construira-ica-tunel-del-tren-mexico-toluca\/#breadcrumb","itemListElement":[{"@type":"ListItem","position":1,"name":"Portada","item":"https:\/\/centrourbano.com\/revista\/"},{"@type":"ListItem","position":2,"name":"Construir\u00e1 ICA t\u00fanel del Tren M\u00e9xico-Toluca"}]},{"@type":"WebSite","@id":"https:\/\/centrourbano.com\/revista\/#website","url":"https:\/\/centrourbano.com\/revista\/","name":"Centro Urbano","description":"Medio especializado en los sectores vivienda, inmobiliario, construcci\u00f3n, arquitectura y urbanismo.","publisher":{"@id":"https:\/\/centrourbano.com\/revista\/#organization"},"potentialAction":[{"@type":"SearchAction","target":{"@type":"EntryPoint","urlTemplate":"https:\/\/centrourbano.com\/revista\/?s={search_term_string}"},"query-input":{"@type":"PropertyValueSpecification","valueRequired":true,"valueName":"search_term_string"}}],"inLanguage":"es"},{"@type":"Organization","@id":"https:\/\/centrourbano.com\/revista\/#organization","name":"Centro Urbano","url":"https:\/\/centrourbano.com\/revista\/","logo":{"@type":"ImageObject","inLanguage":"es","@id":"https:\/\/centrourbano.com\/revista\/#\/schema\/logo\/image\/","url":"https:\/\/centrourbano.com\/revista\/wp-content\/uploads\/web_CU_logo-1.png","contentUrl":"https:\/\/centrourbano.com\/revista\/wp-content\/uploads\/web_CU_logo-1.png","width":350,"height":91,"caption":"Centro Urbano"},"image":{"@id":"https:\/\/centrourbano.com\/revista\/#\/schema\/logo\/image\/"},"sameAs":["https:\/\/www.facebook.com\/portalcentrourbano","https:\/\/x.com\/CentroUrbano","https:\/\/www.instagram.com\/centro_urbano\/","https:\/\/www.linkedin.com\/company\/centro-urbano\/","http:\/\/www.youtube.com\/user\/portalcentrourbano"]},{"@type":"Person","@id":"https:\/\/centrourbano.com\/revista\/#\/schema\/person\/b45db815d96831257ba428a3d5a5fbdc","name":"Dinorah Nava","image":{"@type":"ImageObject","inLanguage":"es","@id":"https:\/\/secure.gravatar.com\/avatar\/f6ca6430c51d147f363940f84e1225aa4b8183885c11802cc3b042305a4ecc1a?s=96&d=mm&r=g","url":"https:\/\/secure.gravatar.com\/avatar\/f6ca6430c51d147f363940f84e1225aa4b8183885c11802cc3b042305a4ecc1a?s=96&d=mm&r=g","contentUrl":"https:\/\/secure.gravatar.com\/avatar\/f6ca6430c51d147f363940f84e1225aa4b8183885c11802cc3b042305a4ecc1a?s=96&d=mm&r=g","caption":"Dinorah Nava"},"description":"Editora de Contenidos y Estrategias Digitales en Centro Urbano y Coeditora en Peri\u00f3dico Mi Casa. Egresada de la licenciatura en Comunicaci\u00f3n y Periodismo de la Facultad de Estudios Superiores Arag\u00f3n (UNAM). Amante de la edici\u00f3n y correcci\u00f3n de estilo, las redes sociales y el mundo digital. Especialista en temas son arquitectura, inmobiliario y urbanismo.","sameAs":["linkedin.com\/in\/dinorah-nava","https:\/\/x.com\/https:\/\/twitter.com\/Dinorah_Nava28"],"url":"https:\/\/centrourbano.com\/revista\/author\/dinorah-nava\/"}]}},"_links":{"self":[{"href":"https:\/\/centrourbano.com\/revista\/wp-json\/wp\/v2\/posts\/8980","targetHints":{"allow":["GET"]}}],"collection":[{"href":"https:\/\/centrourbano.com\/revista\/wp-json\/wp\/v2\/posts"}],"about":[{"href":"https:\/\/centrourbano.com\/revista\/wp-json\/wp\/v2\/types\/post"}],"author":[{"embeddable":true,"href":"https:\/\/centrourbano.com\/revista\/wp-json\/wp\/v2\/users\/9"}],"replies":[{"embeddable":true,"href":"https:\/\/centrourbano.com\/revista\/wp-json\/wp\/v2\/comments?post=8980"}],"version-history":[{"count":0,"href":"https:\/\/centrourbano.com\/revista\/wp-json\/wp\/v2\/posts\/8980\/revisions"}],"wp:attachment":[{"href":"https:\/\/centrourbano.com\/revista\/wp-json\/wp\/v2\/media?parent=8980"}],"wp:term":[{"taxonomy":"category","embeddable":true,"href":"https:\/\/centrourbano.com\/revista\/wp-json\/wp\/v2\/categories?post=8980"},{"taxonomy":"post_tag","embeddable":true,"href":"https:\/\/centrourbano.com\/revista\/wp-json\/wp\/v2\/tags?post=8980"}],"curies":[{"name":"wp","href":"https:\/\/api.w.org\/{rel}","templated":true}]}}