{"id":89587,"date":"2019-05-02T12:20:55","date_gmt":"2019-05-02T17:20:55","guid":{"rendered":"https:\/\/centrourbano.com\/?p=89587"},"modified":"2019-05-02T12:20:55","modified_gmt":"2019-05-02T17:20:55","slug":"se-suman-6-edificios-nuevos-inventario-oficinas-monterrey","status":"publish","type":"post","link":"https:\/\/centrourbano.com\/revista\/inmobiliario\/se-suman-6-edificios-nuevos-inventario-oficinas-monterrey\/","title":{"rendered":"Se suman 6 edificios nuevos a inventario de oficinas en Monterrey"},"content":{"rendered":"<p><em>Se proyecta que se sumen m\u00e1s de\u00a0410,000\u00a0m\u00b2 al inventario total en los siguientes 18 meses<\/em><!--more--><\/p>\n<p>El mercado de oficinas de la ciudad de Monterrey cerr\u00f3 el primer trimestre de 2019 con un inventario de 1.1 mill\u00f3n de metros cuadrados (m\u00b2) con la llegada de seis edificios nuevos que sumaron a la nueva oferta 54,300\u00a0m\u00b2 de estos espacios.<\/p>\n<p>\u00abDos de ellos en el submercado Apodaca, uno en Margain, uno en San Jer\u00f3nimo- Obispado y dos m\u00e1s en Valle Oriente y Sur respectivamente\u00bb, detall\u00f3 la consultora inmobiliaria SiiLa.<\/p>\n<p>De acuerdo con la firma, el inventario total de oficinas en Monterrey al 1T 2019 es de 1 mill\u00f3n 128,000 m\u00b2 y se proyecta que se sumen m\u00e1s de 410,000 m\u00b2 al inventario total en los siguientes 18 meses.<\/p>\n<p>La tasa de disponibilidad promedio al 1T 2019 fue de 15,39% dos puntos porcentuales por arriba de la presentada en el 4T 2018. La\u00a0tendencia es marcada hacia la construcci\u00f3n de edificios de oficinas en tres corredores principales: Santa Mar\u00eda, Valle Oriente y Marga\u00edn- Gomez Mor\u00edn.<\/p>\n","protected":false},"excerpt":{"rendered":"<p>Se proyecta que se sumen m\u00e1s de\u00a0410,000\u00a0m\u00b2 al inventario total en los siguientes 18 meses<\/p>\n","protected":false},"author":77,"featured_media":89588,"comment_status":"open","ping_status":"closed","sticky":false,"template":"","format":"standard","meta":{"inline_featured_image":false,"footnotes":""},"categories":[15],"tags":[213,58],"class_list":["post-89587","post","type-post","status-publish","format-standard","has-post-thumbnail","hentry","category-inmobiliario","tag-monterrey","tag-oficinas"],"yoast_head":"<!-- This site is optimized with the Yoast SEO plugin v28.4 - https:\/\/yoast.com\/product\/yoast-seo-wordpress\/ -->\n<title>Se suman 6 edificios nuevos a inventario de oficinas en Monterrey<\/title>\n<meta name=\"description\" content=\"Se proyecta que se sumen m\u00e1s de 410,000 m\u00b2 al inventario total en los siguientes 18 meses\" \/>\n<meta name=\"robots\" content=\"index, follow, max-snippet:-1, max-image-preview:large, max-video-preview:-1\" \/>\n<link rel=\"canonical\" href=\"https:\/\/centrourbano.com\/revista\/inmobiliario\/se-suman-6-edificios-nuevos-inventario-oficinas-monterrey\/\" \/>\n<meta property=\"og:locale\" content=\"es_ES\" \/>\n<meta property=\"og:type\" content=\"article\" \/>\n<meta property=\"og:title\" content=\"Se suman 6 edificios nuevos a inventario de oficinas en Monterrey\" \/>\n<meta property=\"og:description\" content=\"Se proyecta que se sumen m\u00e1s de 410,000 m\u00b2 al inventario total en los siguientes 18 meses\" \/>\n<meta property=\"og:url\" content=\"https:\/\/centrourbano.com\/revista\/inmobiliario\/se-suman-6-edificios-nuevos-inventario-oficinas-monterrey\/\" \/>\n<meta property=\"og:site_name\" content=\"Centro Urbano\" \/>\n<meta property=\"article:publisher\" content=\"https:\/\/www.facebook.com\/portalcentrourbano\" \/>\n<meta property=\"article:published_time\" content=\"2019-05-02T17:20:55+00:00\" \/>\n<meta property=\"og:image\" content=\"https:\/\/centrourbano.com\/revista\/wp-content\/uploads\/Oficinas-Mty.jpeg\" \/>\n\t<meta property=\"og:image:width\" content=\"1280\" \/>\n\t<meta property=\"og:image:height\" content=\"800\" \/>\n\t<meta property=\"og:image:type\" content=\"image\/jpeg\" \/>\n<meta name=\"author\" content=\"G4A\" \/>\n<meta name=\"twitter:card\" content=\"summary_large_image\" \/>\n<meta name=\"twitter:creator\" content=\"@CentroUrbano\" \/>\n<meta name=\"twitter:site\" content=\"@CentroUrbano\" \/>\n<meta name=\"twitter:label1\" content=\"Escrito por\" \/>\n\t<meta name=\"twitter:data1\" content=\"G4A\" \/>\n\t<meta name=\"twitter:label2\" content=\"Tiempo de lectura\" \/>\n\t<meta name=\"twitter:data2\" content=\"1 minuto\" \/>\n<script type=\"application\/ld+json\" class=\"yoast-schema-graph\">{\"@context\":\"https:\\\/\\\/schema.org\",\"@graph\":[{\"@type\":\"Article\",\"@id\":\"https:\\\/\\\/centrourbano.com\\\/revista\\\/inmobiliario\\\/se-suman-6-edificios-nuevos-inventario-oficinas-monterrey\\\/#article\",\"isPartOf\":{\"@id\":\"https:\\\/\\\/centrourbano.com\\\/revista\\\/inmobiliario\\\/se-suman-6-edificios-nuevos-inventario-oficinas-monterrey\\\/\"},\"author\":{\"name\":\"G4A\",\"@id\":\"https:\\\/\\\/centrourbano.com\\\/revista\\\/#\\\/schema\\\/person\\\/370fa0ba2d8dd5bde3fdb8b62ad360aa\"},\"headline\":\"Se suman 6 edificios nuevos a inventario de oficinas en Monterrey\",\"datePublished\":\"2019-05-02T17:20:55+00:00\",\"mainEntityOfPage\":{\"@id\":\"https:\\\/\\\/centrourbano.com\\\/revista\\\/inmobiliario\\\/se-suman-6-edificios-nuevos-inventario-oficinas-monterrey\\\/\"},\"wordCount\":181,\"commentCount\":0,\"publisher\":{\"@id\":\"https:\\\/\\\/centrourbano.com\\\/revista\\\/#organization\"},\"image\":{\"@id\":\"https:\\\/\\\/centrourbano.com\\\/revista\\\/inmobiliario\\\/se-suman-6-edificios-nuevos-inventario-oficinas-monterrey\\\/#primaryimage\"},\"thumbnailUrl\":\"https:\\\/\\\/centrourbano.com\\\/revista\\\/wp-content\\\/uploads\\\/Oficinas-Mty.jpeg\",\"keywords\":[\"Monterrey\",\"oficinas\"],\"articleSection\":[\"Inmobiliario\"],\"inLanguage\":\"es\"},{\"@type\":\"WebPage\",\"@id\":\"https:\\\/\\\/centrourbano.com\\\/revista\\\/inmobiliario\\\/se-suman-6-edificios-nuevos-inventario-oficinas-monterrey\\\/\",\"url\":\"https:\\\/\\\/centrourbano.com\\\/revista\\\/inmobiliario\\\/se-suman-6-edificios-nuevos-inventario-oficinas-monterrey\\\/\",\"name\":\"Se suman 6 edificios nuevos a inventario de oficinas en Monterrey\",\"isPartOf\":{\"@id\":\"https:\\\/\\\/centrourbano.com\\\/revista\\\/#website\"},\"primaryImageOfPage\":{\"@id\":\"https:\\\/\\\/centrourbano.com\\\/revista\\\/inmobiliario\\\/se-suman-6-edificios-nuevos-inventario-oficinas-monterrey\\\/#primaryimage\"},\"image\":{\"@id\":\"https:\\\/\\\/centrourbano.com\\\/revista\\\/inmobiliario\\\/se-suman-6-edificios-nuevos-inventario-oficinas-monterrey\\\/#primaryimage\"},\"thumbnailUrl\":\"https:\\\/\\\/centrourbano.com\\\/revista\\\/wp-content\\\/uploads\\\/Oficinas-Mty.jpeg\",\"datePublished\":\"2019-05-02T17:20:55+00:00\",\"description\":\"Se proyecta que se sumen m\u00e1s de 410,000 m\u00b2 al inventario total en los siguientes 18 meses\",\"breadcrumb\":{\"@id\":\"https:\\\/\\\/centrourbano.com\\\/revista\\\/inmobiliario\\\/se-suman-6-edificios-nuevos-inventario-oficinas-monterrey\\\/#breadcrumb\"},\"inLanguage\":\"es\",\"potentialAction\":[{\"@type\":\"ReadAction\",\"target\":[\"https:\\\/\\\/centrourbano.com\\\/revista\\\/inmobiliario\\\/se-suman-6-edificios-nuevos-inventario-oficinas-monterrey\\\/\"]}]},{\"@type\":\"ImageObject\",\"inLanguage\":\"es\",\"@id\":\"https:\\\/\\\/centrourbano.com\\\/revista\\\/inmobiliario\\\/se-suman-6-edificios-nuevos-inventario-oficinas-monterrey\\\/#primaryimage\",\"url\":\"https:\\\/\\\/centrourbano.com\\\/revista\\\/wp-content\\\/uploads\\\/Oficinas-Mty.jpeg\",\"contentUrl\":\"https:\\\/\\\/centrourbano.com\\\/revista\\\/wp-content\\\/uploads\\\/Oficinas-Mty.jpeg\",\"width\":1280,\"height\":800,\"caption\":\"Se proyecta que se sumen m\u00e1s de 410,000 m\u00b2 al inventario total en los siguientes 18 meses\"},{\"@type\":\"BreadcrumbList\",\"@id\":\"https:\\\/\\\/centrourbano.com\\\/revista\\\/inmobiliario\\\/se-suman-6-edificios-nuevos-inventario-oficinas-monterrey\\\/#breadcrumb\",\"itemListElement\":[{\"@type\":\"ListItem\",\"position\":1,\"name\":\"Portada\",\"item\":\"https:\\\/\\\/centrourbano.com\\\/revista\\\/\"},{\"@type\":\"ListItem\",\"position\":2,\"name\":\"Se suman 6 edificios nuevos a inventario de oficinas en Monterrey\"}]},{\"@type\":\"WebSite\",\"@id\":\"https:\\\/\\\/centrourbano.com\\\/revista\\\/#website\",\"url\":\"https:\\\/\\\/centrourbano.com\\\/revista\\\/\",\"name\":\"Centro Urbano\",\"description\":\"Medio especializado en los sectores vivienda, inmobiliario, construcci\u00f3n, arquitectura y urbanismo.\",\"publisher\":{\"@id\":\"https:\\\/\\\/centrourbano.com\\\/revista\\\/#organization\"},\"potentialAction\":[{\"@type\":\"SearchAction\",\"target\":{\"@type\":\"EntryPoint\",\"urlTemplate\":\"https:\\\/\\\/centrourbano.com\\\/revista\\\/?s={search_term_string}\"},\"query-input\":{\"@type\":\"PropertyValueSpecification\",\"valueRequired\":true,\"valueName\":\"search_term_string\"}}],\"inLanguage\":\"es\"},{\"@type\":\"Organization\",\"@id\":\"https:\\\/\\\/centrourbano.com\\\/revista\\\/#organization\",\"name\":\"Centro Urbano\",\"url\":\"https:\\\/\\\/centrourbano.com\\\/revista\\\/\",\"logo\":{\"@type\":\"ImageObject\",\"inLanguage\":\"es\",\"@id\":\"https:\\\/\\\/centrourbano.com\\\/revista\\\/#\\\/schema\\\/logo\\\/image\\\/\",\"url\":\"https:\\\/\\\/centrourbano.com\\\/revista\\\/wp-content\\\/uploads\\\/web_CU_logo-1.png\",\"contentUrl\":\"https:\\\/\\\/centrourbano.com\\\/revista\\\/wp-content\\\/uploads\\\/web_CU_logo-1.png\",\"width\":350,\"height\":91,\"caption\":\"Centro Urbano\"},\"image\":{\"@id\":\"https:\\\/\\\/centrourbano.com\\\/revista\\\/#\\\/schema\\\/logo\\\/image\\\/\"},\"sameAs\":[\"https:\\\/\\\/www.facebook.com\\\/portalcentrourbano\",\"https:\\\/\\\/x.com\\\/CentroUrbano\",\"https:\\\/\\\/www.instagram.com\\\/centro_urbano\\\/\",\"https:\\\/\\\/www.linkedin.com\\\/company\\\/centro-urbano\\\/\",\"http:\\\/\\\/www.youtube.com\\\/user\\\/portalcentrourbano\"]},{\"@type\":\"Person\",\"@id\":\"https:\\\/\\\/centrourbano.com\\\/revista\\\/#\\\/schema\\\/person\\\/370fa0ba2d8dd5bde3fdb8b62ad360aa\",\"name\":\"G4A\",\"image\":{\"@type\":\"ImageObject\",\"inLanguage\":\"es\",\"@id\":\"https:\\\/\\\/secure.gravatar.com\\\/avatar\\\/932a97121b13d5de5bbd8193c6c83d3b92c9eda0f39623607d4280e7a5778d97?s=96&d=mm&r=g\",\"url\":\"https:\\\/\\\/secure.gravatar.com\\\/avatar\\\/932a97121b13d5de5bbd8193c6c83d3b92c9eda0f39623607d4280e7a5778d97?s=96&d=mm&r=g\",\"contentUrl\":\"https:\\\/\\\/secure.gravatar.com\\\/avatar\\\/932a97121b13d5de5bbd8193c6c83d3b92c9eda0f39623607d4280e7a5778d97?s=96&d=mm&r=g\",\"caption\":\"G4A\"},\"url\":\"https:\\\/\\\/centrourbano.com\\\/revista\\\/author\\\/admin-g4a\\\/\"}]}<\/script>\n<!-- \/ Yoast SEO plugin. -->","yoast_head_json":{"title":"Se suman 6 edificios nuevos a inventario de oficinas en Monterrey","description":"Se proyecta que se sumen m\u00e1s de 410,000 m\u00b2 al inventario total en los siguientes 18 meses","robots":{"index":"index","follow":"follow","max-snippet":"max-snippet:-1","max-image-preview":"max-image-preview:large","max-video-preview":"max-video-preview:-1"},"canonical":"https:\/\/centrourbano.com\/revista\/inmobiliario\/se-suman-6-edificios-nuevos-inventario-oficinas-monterrey\/","og_locale":"es_ES","og_type":"article","og_title":"Se suman 6 edificios nuevos a inventario de oficinas en Monterrey","og_description":"Se proyecta que se sumen m\u00e1s de 410,000 m\u00b2 al inventario total en los siguientes 18 meses","og_url":"https:\/\/centrourbano.com\/revista\/inmobiliario\/se-suman-6-edificios-nuevos-inventario-oficinas-monterrey\/","og_site_name":"Centro Urbano","article_publisher":"https:\/\/www.facebook.com\/portalcentrourbano","article_published_time":"2019-05-02T17:20:55+00:00","og_image":[{"width":1280,"height":800,"url":"https:\/\/centrourbano.com\/revista\/wp-content\/uploads\/Oficinas-Mty.jpeg","type":"image\/jpeg"}],"author":"G4A","twitter_card":"summary_large_image","twitter_creator":"@CentroUrbano","twitter_site":"@CentroUrbano","twitter_misc":{"Escrito por":"G4A","Tiempo de lectura":"1 minuto"},"schema":{"@context":"https:\/\/schema.org","@graph":[{"@type":"Article","@id":"https:\/\/centrourbano.com\/revista\/inmobiliario\/se-suman-6-edificios-nuevos-inventario-oficinas-monterrey\/#article","isPartOf":{"@id":"https:\/\/centrourbano.com\/revista\/inmobiliario\/se-suman-6-edificios-nuevos-inventario-oficinas-monterrey\/"},"author":{"name":"G4A","@id":"https:\/\/centrourbano.com\/revista\/#\/schema\/person\/370fa0ba2d8dd5bde3fdb8b62ad360aa"},"headline":"Se suman 6 edificios nuevos a inventario de oficinas en Monterrey","datePublished":"2019-05-02T17:20:55+00:00","mainEntityOfPage":{"@id":"https:\/\/centrourbano.com\/revista\/inmobiliario\/se-suman-6-edificios-nuevos-inventario-oficinas-monterrey\/"},"wordCount":181,"commentCount":0,"publisher":{"@id":"https:\/\/centrourbano.com\/revista\/#organization"},"image":{"@id":"https:\/\/centrourbano.com\/revista\/inmobiliario\/se-suman-6-edificios-nuevos-inventario-oficinas-monterrey\/#primaryimage"},"thumbnailUrl":"https:\/\/centrourbano.com\/revista\/wp-content\/uploads\/Oficinas-Mty.jpeg","keywords":["Monterrey","oficinas"],"articleSection":["Inmobiliario"],"inLanguage":"es"},{"@type":"WebPage","@id":"https:\/\/centrourbano.com\/revista\/inmobiliario\/se-suman-6-edificios-nuevos-inventario-oficinas-monterrey\/","url":"https:\/\/centrourbano.com\/revista\/inmobiliario\/se-suman-6-edificios-nuevos-inventario-oficinas-monterrey\/","name":"Se suman 6 edificios nuevos a inventario de oficinas en Monterrey","isPartOf":{"@id":"https:\/\/centrourbano.com\/revista\/#website"},"primaryImageOfPage":{"@id":"https:\/\/centrourbano.com\/revista\/inmobiliario\/se-suman-6-edificios-nuevos-inventario-oficinas-monterrey\/#primaryimage"},"image":{"@id":"https:\/\/centrourbano.com\/revista\/inmobiliario\/se-suman-6-edificios-nuevos-inventario-oficinas-monterrey\/#primaryimage"},"thumbnailUrl":"https:\/\/centrourbano.com\/revista\/wp-content\/uploads\/Oficinas-Mty.jpeg","datePublished":"2019-05-02T17:20:55+00:00","description":"Se proyecta que se sumen m\u00e1s de 410,000 m\u00b2 al inventario total en los siguientes 18 meses","breadcrumb":{"@id":"https:\/\/centrourbano.com\/revista\/inmobiliario\/se-suman-6-edificios-nuevos-inventario-oficinas-monterrey\/#breadcrumb"},"inLanguage":"es","potentialAction":[{"@type":"ReadAction","target":["https:\/\/centrourbano.com\/revista\/inmobiliario\/se-suman-6-edificios-nuevos-inventario-oficinas-monterrey\/"]}]},{"@type":"ImageObject","inLanguage":"es","@id":"https:\/\/centrourbano.com\/revista\/inmobiliario\/se-suman-6-edificios-nuevos-inventario-oficinas-monterrey\/#primaryimage","url":"https:\/\/centrourbano.com\/revista\/wp-content\/uploads\/Oficinas-Mty.jpeg","contentUrl":"https:\/\/centrourbano.com\/revista\/wp-content\/uploads\/Oficinas-Mty.jpeg","width":1280,"height":800,"caption":"Se proyecta que se sumen m\u00e1s de 410,000 m\u00b2 al inventario total en los siguientes 18 meses"},{"@type":"BreadcrumbList","@id":"https:\/\/centrourbano.com\/revista\/inmobiliario\/se-suman-6-edificios-nuevos-inventario-oficinas-monterrey\/#breadcrumb","itemListElement":[{"@type":"ListItem","position":1,"name":"Portada","item":"https:\/\/centrourbano.com\/revista\/"},{"@type":"ListItem","position":2,"name":"Se suman 6 edificios nuevos a inventario de oficinas en Monterrey"}]},{"@type":"WebSite","@id":"https:\/\/centrourbano.com\/revista\/#website","url":"https:\/\/centrourbano.com\/revista\/","name":"Centro Urbano","description":"Medio especializado en los sectores vivienda, inmobiliario, construcci\u00f3n, arquitectura y urbanismo.","publisher":{"@id":"https:\/\/centrourbano.com\/revista\/#organization"},"potentialAction":[{"@type":"SearchAction","target":{"@type":"EntryPoint","urlTemplate":"https:\/\/centrourbano.com\/revista\/?s={search_term_string}"},"query-input":{"@type":"PropertyValueSpecification","valueRequired":true,"valueName":"search_term_string"}}],"inLanguage":"es"},{"@type":"Organization","@id":"https:\/\/centrourbano.com\/revista\/#organization","name":"Centro Urbano","url":"https:\/\/centrourbano.com\/revista\/","logo":{"@type":"ImageObject","inLanguage":"es","@id":"https:\/\/centrourbano.com\/revista\/#\/schema\/logo\/image\/","url":"https:\/\/centrourbano.com\/revista\/wp-content\/uploads\/web_CU_logo-1.png","contentUrl":"https:\/\/centrourbano.com\/revista\/wp-content\/uploads\/web_CU_logo-1.png","width":350,"height":91,"caption":"Centro Urbano"},"image":{"@id":"https:\/\/centrourbano.com\/revista\/#\/schema\/logo\/image\/"},"sameAs":["https:\/\/www.facebook.com\/portalcentrourbano","https:\/\/x.com\/CentroUrbano","https:\/\/www.instagram.com\/centro_urbano\/","https:\/\/www.linkedin.com\/company\/centro-urbano\/","http:\/\/www.youtube.com\/user\/portalcentrourbano"]},{"@type":"Person","@id":"https:\/\/centrourbano.com\/revista\/#\/schema\/person\/370fa0ba2d8dd5bde3fdb8b62ad360aa","name":"G4A","image":{"@type":"ImageObject","inLanguage":"es","@id":"https:\/\/secure.gravatar.com\/avatar\/932a97121b13d5de5bbd8193c6c83d3b92c9eda0f39623607d4280e7a5778d97?s=96&d=mm&r=g","url":"https:\/\/secure.gravatar.com\/avatar\/932a97121b13d5de5bbd8193c6c83d3b92c9eda0f39623607d4280e7a5778d97?s=96&d=mm&r=g","contentUrl":"https:\/\/secure.gravatar.com\/avatar\/932a97121b13d5de5bbd8193c6c83d3b92c9eda0f39623607d4280e7a5778d97?s=96&d=mm&r=g","caption":"G4A"},"url":"https:\/\/centrourbano.com\/revista\/author\/admin-g4a\/"}]}},"_links":{"self":[{"href":"https:\/\/centrourbano.com\/revista\/wp-json\/wp\/v2\/posts\/89587","targetHints":{"allow":["GET"]}}],"collection":[{"href":"https:\/\/centrourbano.com\/revista\/wp-json\/wp\/v2\/posts"}],"about":[{"href":"https:\/\/centrourbano.com\/revista\/wp-json\/wp\/v2\/types\/post"}],"author":[{"embeddable":true,"href":"https:\/\/centrourbano.com\/revista\/wp-json\/wp\/v2\/users\/77"}],"replies":[{"embeddable":true,"href":"https:\/\/centrourbano.com\/revista\/wp-json\/wp\/v2\/comments?post=89587"}],"version-history":[{"count":1,"href":"https:\/\/centrourbano.com\/revista\/wp-json\/wp\/v2\/posts\/89587\/revisions"}],"predecessor-version":[{"id":89589,"href":"https:\/\/centrourbano.com\/revista\/wp-json\/wp\/v2\/posts\/89587\/revisions\/89589"}],"wp:featuredmedia":[{"embeddable":true,"href":"https:\/\/centrourbano.com\/revista\/wp-json\/wp\/v2\/media\/89588"}],"wp:attachment":[{"href":"https:\/\/centrourbano.com\/revista\/wp-json\/wp\/v2\/media?parent=89587"}],"wp:term":[{"taxonomy":"category","embeddable":true,"href":"https:\/\/centrourbano.com\/revista\/wp-json\/wp\/v2\/categories?post=89587"},{"taxonomy":"post_tag","embeddable":true,"href":"https:\/\/centrourbano.com\/revista\/wp-json\/wp\/v2\/tags?post=89587"}],"curies":[{"name":"wp","href":"https:\/\/api.w.org\/{rel}","templated":true}]}}