{"id":8909,"date":"2014-07-24T11:30:55","date_gmt":"2014-07-24T16:30:55","guid":{"rendered":"http:\/\/centrourbano.com\/?p=8909"},"modified":"2014-07-24T11:30:55","modified_gmt":"2014-07-24T16:30:55","slug":"remodelaran-autodromo-para-el-gp-de-mexico","status":"publish","type":"post","link":"https:\/\/centrourbano.com\/revista\/construccion\/remodelaran-autodromo-para-el-gp-de-mexico\/","title":{"rendered":"Remodelar\u00e1n aut\u00f3dromo para el GP de M\u00e9xico"},"content":{"rendered":"<p>&nbsp;<\/p>\n<p>El Aut\u00f3dromo Hermanos Rodr\u00edguez recibir\u00e1 a la F\u00f3rmula 1 en 2015<!--more--><\/p>\n<p>Tras 23 a\u00f1os de ausencia, luego que en 1992 se desarroll\u00f3 el \u00faltimo Gran Premio de M\u00e9xico, la m\u00e1xima categor\u00eda del automovilismo regresar\u00e1 a tierras aztecas para la temporada 2015, informaci\u00f3n confirmada por el Jefe de Gobierno del Distrito Federal Miguel \u00c1ngel Mancera.<\/p>\n<p>Se dio a conocer la firma de un contrato por cinco a\u00f1os con la F\u00f3rmula Uno, con la opci\u00f3n de aumentarlo a otros cinco, por lo que se garantiza la realizaci\u00f3n del evento deportivo hasta el 2019.<\/p>\n<p>\u00bfQu\u00e9 se requiere para recibir el aval de la Federaci\u00f3n Internacional de Automovilismo? La remodelaci\u00f3n total de pista e instalaciones del Aut\u00f3dromo de los Hermanos Rodr\u00edguez, misma que tendr\u00e1 un costo de 50 millones de d\u00f3lares.<\/p>\n<p>Este proyecto ser\u00e1 realizado por Hermann Tilke, quien es conocido por haber dise\u00f1ado el circuito de Austin, Texas, sede del Gran Premio de los Estados Unidos.<\/p>\n<p>El edificio principal ser\u00e1 demolido, ya que ah\u00ed estar\u00e1n ubicados los nuevos pits, torre de control, zona de prensa y un hospital para atenci\u00f3n de terapia intensiva. A parte, se tiene que edificar un complejo habitacional para las escuder\u00edas, quienes se quedan al interior de las instalaciones.<\/p>\n<p>La tribuna actual tambi\u00e9n ser\u00e1 sustituida por un nuevo edificio de 300 metros de largo para los paddocks, adem\u00e1s de la instalaci\u00f3n de nuevas tribunas en distintas zonas.<\/p>\n<p>En total, se prev\u00e9 inyectar cerca de 360 millones de d\u00f3lares para los cinco a\u00f1os, con inversi\u00f3n p\u00fablica y privada, y se crear\u00e1n cerca de 3 mil empleos.<\/p>\n<p>Con esto, se tendr\u00e1 que cerrar el Foro Sol en 2015, ya que formar\u00e1 parte del trazado de la pista (pista 13), por lo que los Diablos Rojos del M\u00e9xico, equipo de b\u00e9isbol que juega como local en la zona, ya est\u00e1 viendo opciones para ser local en otra sede.<\/p>\n<p>Adem\u00e1s, se planea arreglar la ciudad deportiva, operaci\u00f3n que estar\u00e1 a cargo del Gobierno del Distrito Federal.<\/p>\n<p>&nbsp;<\/p>\n","protected":false},"excerpt":{"rendered":"<p>&nbsp; El Aut\u00f3dromo Hermanos Rodr\u00edguez recibir\u00e1 a la F\u00f3rmula 1 en 2015<\/p>\n","protected":false},"author":18,"featured_media":0,"comment_status":"open","ping_status":"closed","sticky":false,"template":"","format":"standard","meta":{"om_disable_all_campaigns":false,"inline_featured_image":false,"_monsterinsights_skip_tracking":false,"_monsterinsights_sitenote_active":false,"_monsterinsights_sitenote_note":"","_monsterinsights_sitenote_category":0,"footnotes":""},"categories":[14],"tags":[2168,2167,2169,2170],"class_list":["post-8909","post","type-post","status-publish","format-standard","hentry","category-construccion","tag-autodromo-hermanos-rodriguez","tag-formula-uno-en-mexico","tag-gp-de-mexico","tag-remodelacion-autodromo"],"yoast_head":"<!-- This site is optimized with the Yoast SEO plugin v27.4 - https:\/\/yoast.com\/product\/yoast-seo-wordpress\/ -->\n<title>Remodelar\u00e1n aut\u00f3dromo para el GP de M\u00e9xico -<\/title>\n<meta name=\"description\" content=\"&nbsp; El Aut\u00f3dromo Hermanos Rodr\u00edguez recibir\u00e1 a la F\u00f3rmula 1 en 2015 Tras 23 a\u00f1os de ausencia, luego que en 1992 se desarroll\u00f3 el \u00faltimo Gran Premio de\" \/>\n<meta name=\"robots\" content=\"index, follow, max-snippet:-1, max-image-preview:large, max-video-preview:-1\" \/>\n<link rel=\"canonical\" href=\"https:\/\/centrourbano.com\/revista\/construccion\/remodelaran-autodromo-para-el-gp-de-mexico\/\" \/>\n<meta property=\"og:locale\" content=\"es_ES\" \/>\n<meta property=\"og:type\" content=\"article\" \/>\n<meta property=\"og:title\" content=\"Remodelar\u00e1n aut\u00f3dromo para el GP de M\u00e9xico -\" \/>\n<meta property=\"og:description\" content=\"&nbsp; El Aut\u00f3dromo Hermanos Rodr\u00edguez recibir\u00e1 a la F\u00f3rmula 1 en 2015 Tras 23 a\u00f1os de ausencia, luego que en 1992 se desarroll\u00f3 el \u00faltimo Gran Premio de\" \/>\n<meta property=\"og:url\" content=\"https:\/\/centrourbano.com\/revista\/construccion\/remodelaran-autodromo-para-el-gp-de-mexico\/\" \/>\n<meta property=\"og:site_name\" content=\"Centro Urbano\" \/>\n<meta property=\"article:publisher\" content=\"https:\/\/www.facebook.com\/portalcentrourbano\" \/>\n<meta property=\"article:published_time\" content=\"2014-07-24T16:30:55+00:00\" \/>\n<meta property=\"og:image\" content=\"https:\/\/centrourbano.com\/revista\/wp-content\/uploads\/CU-logo.png\" \/>\n\t<meta property=\"og:image:width\" content=\"350\" \/>\n\t<meta property=\"og:image:height\" content=\"91\" \/>\n\t<meta property=\"og:image:type\" content=\"image\/png\" \/>\n<meta name=\"author\" content=\"Carlos Garc\u00eda\" \/>\n<meta name=\"twitter:card\" content=\"summary_large_image\" \/>\n<meta name=\"twitter:creator\" content=\"@CentroUrbano\" \/>\n<meta name=\"twitter:site\" content=\"@CentroUrbano\" \/>\n<meta name=\"twitter:label1\" content=\"Escrito por\" \/>\n\t<meta name=\"twitter:data1\" content=\"Carlos Garc\u00eda\" \/>\n\t<meta name=\"twitter:label2\" content=\"Tiempo de lectura\" \/>\n\t<meta name=\"twitter:data2\" content=\"2 minutos\" \/>\n<script type=\"application\/ld+json\" class=\"yoast-schema-graph\">{\"@context\":\"https:\\\/\\\/schema.org\",\"@graph\":[{\"@type\":\"Article\",\"@id\":\"https:\\\/\\\/centrourbano.com\\\/revista\\\/construccion\\\/remodelaran-autodromo-para-el-gp-de-mexico\\\/#article\",\"isPartOf\":{\"@id\":\"https:\\\/\\\/centrourbano.com\\\/revista\\\/construccion\\\/remodelaran-autodromo-para-el-gp-de-mexico\\\/\"},\"author\":{\"name\":\"Carlos Garc\u00eda\",\"@id\":\"https:\\\/\\\/centrourbano.com\\\/revista\\\/#\\\/schema\\\/person\\\/15622a07e4c485a93b48c9ff1145007c\"},\"headline\":\"Remodelar\u00e1n aut\u00f3dromo para el GP de M\u00e9xico\",\"datePublished\":\"2014-07-24T16:30:55+00:00\",\"mainEntityOfPage\":{\"@id\":\"https:\\\/\\\/centrourbano.com\\\/revista\\\/construccion\\\/remodelaran-autodromo-para-el-gp-de-mexico\\\/\"},\"wordCount\":356,\"commentCount\":0,\"publisher\":{\"@id\":\"https:\\\/\\\/centrourbano.com\\\/revista\\\/#organization\"},\"keywords\":[\"Autodromo Hermanos Rodriguez\",\"Formula Uno en M\u00e9xico\",\"GP de M\u00e9xico\",\"remodelacion autodromo\"],\"articleSection\":[\"Construcci\u00f3n\"],\"inLanguage\":\"es\",\"potentialAction\":[{\"@type\":\"CommentAction\",\"name\":\"Comment\",\"target\":[\"https:\\\/\\\/centrourbano.com\\\/revista\\\/construccion\\\/remodelaran-autodromo-para-el-gp-de-mexico\\\/#respond\"]}]},{\"@type\":\"WebPage\",\"@id\":\"https:\\\/\\\/centrourbano.com\\\/revista\\\/construccion\\\/remodelaran-autodromo-para-el-gp-de-mexico\\\/\",\"url\":\"https:\\\/\\\/centrourbano.com\\\/revista\\\/construccion\\\/remodelaran-autodromo-para-el-gp-de-mexico\\\/\",\"name\":\"Remodelar\u00e1n aut\u00f3dromo para el GP de M\u00e9xico -\",\"isPartOf\":{\"@id\":\"https:\\\/\\\/centrourbano.com\\\/revista\\\/#website\"},\"datePublished\":\"2014-07-24T16:30:55+00:00\",\"description\":\"&nbsp; El Aut\u00f3dromo Hermanos Rodr\u00edguez recibir\u00e1 a la F\u00f3rmula 1 en 2015 Tras 23 a\u00f1os de ausencia, luego que en 1992 se desarroll\u00f3 el \u00faltimo Gran Premio de\",\"breadcrumb\":{\"@id\":\"https:\\\/\\\/centrourbano.com\\\/revista\\\/construccion\\\/remodelaran-autodromo-para-el-gp-de-mexico\\\/#breadcrumb\"},\"inLanguage\":\"es\",\"potentialAction\":[{\"@type\":\"ReadAction\",\"target\":[\"https:\\\/\\\/centrourbano.com\\\/revista\\\/construccion\\\/remodelaran-autodromo-para-el-gp-de-mexico\\\/\"]}]},{\"@type\":\"BreadcrumbList\",\"@id\":\"https:\\\/\\\/centrourbano.com\\\/revista\\\/construccion\\\/remodelaran-autodromo-para-el-gp-de-mexico\\\/#breadcrumb\",\"itemListElement\":[{\"@type\":\"ListItem\",\"position\":1,\"name\":\"Portada\",\"item\":\"https:\\\/\\\/centrourbano.com\\\/revista\\\/\"},{\"@type\":\"ListItem\",\"position\":2,\"name\":\"Remodelar\u00e1n aut\u00f3dromo para el GP de M\u00e9xico\"}]},{\"@type\":\"WebSite\",\"@id\":\"https:\\\/\\\/centrourbano.com\\\/revista\\\/#website\",\"url\":\"https:\\\/\\\/centrourbano.com\\\/revista\\\/\",\"name\":\"Centro Urbano\",\"description\":\"Medio especializado en los sectores vivienda, inmobiliario, construcci\u00f3n, arquitectura y urbanismo.\",\"publisher\":{\"@id\":\"https:\\\/\\\/centrourbano.com\\\/revista\\\/#organization\"},\"potentialAction\":[{\"@type\":\"SearchAction\",\"target\":{\"@type\":\"EntryPoint\",\"urlTemplate\":\"https:\\\/\\\/centrourbano.com\\\/revista\\\/?s={search_term_string}\"},\"query-input\":{\"@type\":\"PropertyValueSpecification\",\"valueRequired\":true,\"valueName\":\"search_term_string\"}}],\"inLanguage\":\"es\"},{\"@type\":\"Organization\",\"@id\":\"https:\\\/\\\/centrourbano.com\\\/revista\\\/#organization\",\"name\":\"Centro Urbano\",\"url\":\"https:\\\/\\\/centrourbano.com\\\/revista\\\/\",\"logo\":{\"@type\":\"ImageObject\",\"inLanguage\":\"es\",\"@id\":\"https:\\\/\\\/centrourbano.com\\\/revista\\\/#\\\/schema\\\/logo\\\/image\\\/\",\"url\":\"https:\\\/\\\/centrourbano.com\\\/revista\\\/wp-content\\\/uploads\\\/web_CU_logo-1.png\",\"contentUrl\":\"https:\\\/\\\/centrourbano.com\\\/revista\\\/wp-content\\\/uploads\\\/web_CU_logo-1.png\",\"width\":350,\"height\":91,\"caption\":\"Centro Urbano\"},\"image\":{\"@id\":\"https:\\\/\\\/centrourbano.com\\\/revista\\\/#\\\/schema\\\/logo\\\/image\\\/\"},\"sameAs\":[\"https:\\\/\\\/www.facebook.com\\\/portalcentrourbano\",\"https:\\\/\\\/x.com\\\/CentroUrbano\",\"https:\\\/\\\/www.instagram.com\\\/centro_urbano\\\/\",\"https:\\\/\\\/www.linkedin.com\\\/company\\\/centro-urbano\\\/\",\"http:\\\/\\\/www.youtube.com\\\/user\\\/portalcentrourbano\"]},{\"@type\":\"Person\",\"@id\":\"https:\\\/\\\/centrourbano.com\\\/revista\\\/#\\\/schema\\\/person\\\/15622a07e4c485a93b48c9ff1145007c\",\"name\":\"Carlos Garc\u00eda\",\"image\":{\"@type\":\"ImageObject\",\"inLanguage\":\"es\",\"@id\":\"https:\\\/\\\/secure.gravatar.com\\\/avatar\\\/ad33530f6be00b0762054ba3ddee6e4b9824204d9c8315794c64a7f5841e5add?s=96&d=mm&r=g\",\"url\":\"https:\\\/\\\/secure.gravatar.com\\\/avatar\\\/ad33530f6be00b0762054ba3ddee6e4b9824204d9c8315794c64a7f5841e5add?s=96&d=mm&r=g\",\"contentUrl\":\"https:\\\/\\\/secure.gravatar.com\\\/avatar\\\/ad33530f6be00b0762054ba3ddee6e4b9824204d9c8315794c64a7f5841e5add?s=96&d=mm&r=g\",\"caption\":\"Carlos Garc\u00eda\"},\"description\":\"Egresado de la carrera de Ciencias de la Comunicaci\u00f3n con diplomado de Periodismo Deportivo. Se ha desempe\u00f1ado como reportero y redactor de deportes, como en otras \u00e1reas. Actualmente trabaja en Centro Urbano. Amante del cine, los Beatles, futbol, lucha libre y los viajes.\",\"url\":\"https:\\\/\\\/centrourbano.com\\\/revista\\\/author\\\/carlos-garcia\\\/\"}]}<\/script>\n<!-- \/ Yoast SEO plugin. -->","yoast_head_json":{"title":"Remodelar\u00e1n aut\u00f3dromo para el GP de M\u00e9xico -","description":"&nbsp; El Aut\u00f3dromo Hermanos Rodr\u00edguez recibir\u00e1 a la F\u00f3rmula 1 en 2015 Tras 23 a\u00f1os de ausencia, luego que en 1992 se desarroll\u00f3 el \u00faltimo Gran Premio de","robots":{"index":"index","follow":"follow","max-snippet":"max-snippet:-1","max-image-preview":"max-image-preview:large","max-video-preview":"max-video-preview:-1"},"canonical":"https:\/\/centrourbano.com\/revista\/construccion\/remodelaran-autodromo-para-el-gp-de-mexico\/","og_locale":"es_ES","og_type":"article","og_title":"Remodelar\u00e1n aut\u00f3dromo para el GP de M\u00e9xico -","og_description":"&nbsp; El Aut\u00f3dromo Hermanos Rodr\u00edguez recibir\u00e1 a la F\u00f3rmula 1 en 2015 Tras 23 a\u00f1os de ausencia, luego que en 1992 se desarroll\u00f3 el \u00faltimo Gran Premio de","og_url":"https:\/\/centrourbano.com\/revista\/construccion\/remodelaran-autodromo-para-el-gp-de-mexico\/","og_site_name":"Centro Urbano","article_publisher":"https:\/\/www.facebook.com\/portalcentrourbano","article_published_time":"2014-07-24T16:30:55+00:00","og_image":[{"width":350,"height":91,"url":"https:\/\/centrourbano.com\/revista\/wp-content\/uploads\/CU-logo.png","type":"image\/png"}],"author":"Carlos Garc\u00eda","twitter_card":"summary_large_image","twitter_creator":"@CentroUrbano","twitter_site":"@CentroUrbano","twitter_misc":{"Escrito por":"Carlos Garc\u00eda","Tiempo de lectura":"2 minutos"},"schema":{"@context":"https:\/\/schema.org","@graph":[{"@type":"Article","@id":"https:\/\/centrourbano.com\/revista\/construccion\/remodelaran-autodromo-para-el-gp-de-mexico\/#article","isPartOf":{"@id":"https:\/\/centrourbano.com\/revista\/construccion\/remodelaran-autodromo-para-el-gp-de-mexico\/"},"author":{"name":"Carlos Garc\u00eda","@id":"https:\/\/centrourbano.com\/revista\/#\/schema\/person\/15622a07e4c485a93b48c9ff1145007c"},"headline":"Remodelar\u00e1n aut\u00f3dromo para el GP de M\u00e9xico","datePublished":"2014-07-24T16:30:55+00:00","mainEntityOfPage":{"@id":"https:\/\/centrourbano.com\/revista\/construccion\/remodelaran-autodromo-para-el-gp-de-mexico\/"},"wordCount":356,"commentCount":0,"publisher":{"@id":"https:\/\/centrourbano.com\/revista\/#organization"},"keywords":["Autodromo Hermanos Rodriguez","Formula Uno en M\u00e9xico","GP de M\u00e9xico","remodelacion autodromo"],"articleSection":["Construcci\u00f3n"],"inLanguage":"es","potentialAction":[{"@type":"CommentAction","name":"Comment","target":["https:\/\/centrourbano.com\/revista\/construccion\/remodelaran-autodromo-para-el-gp-de-mexico\/#respond"]}]},{"@type":"WebPage","@id":"https:\/\/centrourbano.com\/revista\/construccion\/remodelaran-autodromo-para-el-gp-de-mexico\/","url":"https:\/\/centrourbano.com\/revista\/construccion\/remodelaran-autodromo-para-el-gp-de-mexico\/","name":"Remodelar\u00e1n aut\u00f3dromo para el GP de M\u00e9xico -","isPartOf":{"@id":"https:\/\/centrourbano.com\/revista\/#website"},"datePublished":"2014-07-24T16:30:55+00:00","description":"&nbsp; El Aut\u00f3dromo Hermanos Rodr\u00edguez recibir\u00e1 a la F\u00f3rmula 1 en 2015 Tras 23 a\u00f1os de ausencia, luego que en 1992 se desarroll\u00f3 el \u00faltimo Gran Premio de","breadcrumb":{"@id":"https:\/\/centrourbano.com\/revista\/construccion\/remodelaran-autodromo-para-el-gp-de-mexico\/#breadcrumb"},"inLanguage":"es","potentialAction":[{"@type":"ReadAction","target":["https:\/\/centrourbano.com\/revista\/construccion\/remodelaran-autodromo-para-el-gp-de-mexico\/"]}]},{"@type":"BreadcrumbList","@id":"https:\/\/centrourbano.com\/revista\/construccion\/remodelaran-autodromo-para-el-gp-de-mexico\/#breadcrumb","itemListElement":[{"@type":"ListItem","position":1,"name":"Portada","item":"https:\/\/centrourbano.com\/revista\/"},{"@type":"ListItem","position":2,"name":"Remodelar\u00e1n aut\u00f3dromo para el GP de M\u00e9xico"}]},{"@type":"WebSite","@id":"https:\/\/centrourbano.com\/revista\/#website","url":"https:\/\/centrourbano.com\/revista\/","name":"Centro Urbano","description":"Medio especializado en los sectores vivienda, inmobiliario, construcci\u00f3n, arquitectura y urbanismo.","publisher":{"@id":"https:\/\/centrourbano.com\/revista\/#organization"},"potentialAction":[{"@type":"SearchAction","target":{"@type":"EntryPoint","urlTemplate":"https:\/\/centrourbano.com\/revista\/?s={search_term_string}"},"query-input":{"@type":"PropertyValueSpecification","valueRequired":true,"valueName":"search_term_string"}}],"inLanguage":"es"},{"@type":"Organization","@id":"https:\/\/centrourbano.com\/revista\/#organization","name":"Centro Urbano","url":"https:\/\/centrourbano.com\/revista\/","logo":{"@type":"ImageObject","inLanguage":"es","@id":"https:\/\/centrourbano.com\/revista\/#\/schema\/logo\/image\/","url":"https:\/\/centrourbano.com\/revista\/wp-content\/uploads\/web_CU_logo-1.png","contentUrl":"https:\/\/centrourbano.com\/revista\/wp-content\/uploads\/web_CU_logo-1.png","width":350,"height":91,"caption":"Centro Urbano"},"image":{"@id":"https:\/\/centrourbano.com\/revista\/#\/schema\/logo\/image\/"},"sameAs":["https:\/\/www.facebook.com\/portalcentrourbano","https:\/\/x.com\/CentroUrbano","https:\/\/www.instagram.com\/centro_urbano\/","https:\/\/www.linkedin.com\/company\/centro-urbano\/","http:\/\/www.youtube.com\/user\/portalcentrourbano"]},{"@type":"Person","@id":"https:\/\/centrourbano.com\/revista\/#\/schema\/person\/15622a07e4c485a93b48c9ff1145007c","name":"Carlos Garc\u00eda","image":{"@type":"ImageObject","inLanguage":"es","@id":"https:\/\/secure.gravatar.com\/avatar\/ad33530f6be00b0762054ba3ddee6e4b9824204d9c8315794c64a7f5841e5add?s=96&d=mm&r=g","url":"https:\/\/secure.gravatar.com\/avatar\/ad33530f6be00b0762054ba3ddee6e4b9824204d9c8315794c64a7f5841e5add?s=96&d=mm&r=g","contentUrl":"https:\/\/secure.gravatar.com\/avatar\/ad33530f6be00b0762054ba3ddee6e4b9824204d9c8315794c64a7f5841e5add?s=96&d=mm&r=g","caption":"Carlos Garc\u00eda"},"description":"Egresado de la carrera de Ciencias de la Comunicaci\u00f3n con diplomado de Periodismo Deportivo. Se ha desempe\u00f1ado como reportero y redactor de deportes, como en otras \u00e1reas. Actualmente trabaja en Centro Urbano. Amante del cine, los Beatles, futbol, lucha libre y los viajes.","url":"https:\/\/centrourbano.com\/revista\/author\/carlos-garcia\/"}]}},"_links":{"self":[{"href":"https:\/\/centrourbano.com\/revista\/wp-json\/wp\/v2\/posts\/8909","targetHints":{"allow":["GET"]}}],"collection":[{"href":"https:\/\/centrourbano.com\/revista\/wp-json\/wp\/v2\/posts"}],"about":[{"href":"https:\/\/centrourbano.com\/revista\/wp-json\/wp\/v2\/types\/post"}],"author":[{"embeddable":true,"href":"https:\/\/centrourbano.com\/revista\/wp-json\/wp\/v2\/users\/18"}],"replies":[{"embeddable":true,"href":"https:\/\/centrourbano.com\/revista\/wp-json\/wp\/v2\/comments?post=8909"}],"version-history":[{"count":0,"href":"https:\/\/centrourbano.com\/revista\/wp-json\/wp\/v2\/posts\/8909\/revisions"}],"wp:attachment":[{"href":"https:\/\/centrourbano.com\/revista\/wp-json\/wp\/v2\/media?parent=8909"}],"wp:term":[{"taxonomy":"category","embeddable":true,"href":"https:\/\/centrourbano.com\/revista\/wp-json\/wp\/v2\/categories?post=8909"},{"taxonomy":"post_tag","embeddable":true,"href":"https:\/\/centrourbano.com\/revista\/wp-json\/wp\/v2\/tags?post=8909"}],"curies":[{"name":"wp","href":"https:\/\/api.w.org\/{rel}","templated":true}]}}