{"id":88619,"date":"2019-04-09T12:49:01","date_gmt":"2019-04-09T17:49:01","guid":{"rendered":"https:\/\/centrourbano.com\/?p=88619"},"modified":"2019-04-09T14:14:54","modified_gmt":"2019-04-09T19:14:54","slug":"thor-urbana-coloca-primera-piedra-de-the-park-en-slp","status":"publish","type":"post","link":"https:\/\/centrourbano.com\/revista\/inmobiliario\/thor-urbana-coloca-primera-piedra-de-the-park-en-slp\/","title":{"rendered":"Thor Urbana coloca primera piedra de The Park en SLP"},"content":{"rendered":"<p><em>El proyecto de seis torres residenciales, dos de oficinas y centro comercial podr\u00eda ser inaugurado a finales de 2021<\/em><!--more--><\/p>\n<p>La desarrolladora Inmobiliaria, Thor Urbana coloc\u00f3 la primera piedra de The Park, el primer proyecto de usos mixtos de la firma en San Luis Potos\u00ed en el que se invertir\u00e1n 8,000 millones de pesos en su primera fase.<\/p>\n<p>En el evento estuvo presente el gobernador del estado de San Luis Potos\u00ed, Juan Manuel Carreras quien destac\u00f3 la apertura de la entidad a la nueva inversi\u00f3n.<\/p>\n<p>El plan maestro de The Park SLP contempla la construcci\u00f3n de seis torres residenciales a cargo de la desarrolladora del sureste Inmobilia M\u00e9xico, y dos torres de oficinas y un centro comercial por parte de Thor Urbana y GFA.<\/p>\n<p>El proyecto tiene un \u00e1rea comercial de 120,000 metros cuadrados (m\u00b2) y se encuentra muy cerca de la capital, frente al Parque Ecol\u00f3gico Tangamanga y el Centro de Convenciones de SLP.<\/p>\n<p>Jaime Fasja, socio fundador de Thor Urbana adelant\u00f3 que el proyecto podr\u00eda abrir sus puertas para finales de 2021.<\/p>\n<p>En el evento esguviestu presentes Roberto Kelleher, director general de Inmobilia, El\u00edas Fasja, fundador de GFA y Xavier Nava, presidente municipal de San Luis.<\/p>\n","protected":false},"excerpt":{"rendered":"<p>El proyecto de seis torres residenciales, dos de oficinas y centro comercial podr\u00eda ser inaugurado a finales de 2021<\/p>\n","protected":false},"author":77,"featured_media":88620,"comment_status":"open","ping_status":"closed","sticky":false,"template":"","format":"standard","meta":{"inline_featured_image":false,"footnotes":""},"categories":[15],"tags":[],"class_list":["post-88619","post","type-post","status-publish","format-standard","has-post-thumbnail","hentry","category-inmobiliario"],"yoast_head":"<!-- This site is optimized with the Yoast SEO plugin v28.4 - https:\/\/yoast.com\/product\/yoast-seo-wordpress\/ -->\n<title>Thor Urbana coloca primera piedra de The Park en SLP<\/title>\n<meta name=\"description\" content=\"El proyecto de seis torres residenciales, dos de oficinas y centro comercial podr\u00eda ser inaugurado a finales de 2021\" \/>\n<meta name=\"robots\" content=\"index, follow, max-snippet:-1, max-image-preview:large, max-video-preview:-1\" \/>\n<link rel=\"canonical\" href=\"https:\/\/centrourbano.com\/revista\/inmobiliario\/thor-urbana-coloca-primera-piedra-de-the-park-en-slp\/\" \/>\n<meta property=\"og:locale\" content=\"es_ES\" \/>\n<meta property=\"og:type\" content=\"article\" \/>\n<meta property=\"og:title\" content=\"Thor Urbana coloca primera piedra de The Park en SLP\" \/>\n<meta property=\"og:description\" content=\"El proyecto de seis torres residenciales, dos de oficinas y centro comercial podr\u00eda ser inaugurado a finales de 2021\" \/>\n<meta property=\"og:url\" content=\"https:\/\/centrourbano.com\/revista\/inmobiliario\/thor-urbana-coloca-primera-piedra-de-the-park-en-slp\/\" \/>\n<meta property=\"og:site_name\" content=\"Centro Urbano\" \/>\n<meta property=\"article:publisher\" content=\"https:\/\/www.facebook.com\/portalcentrourbano\" \/>\n<meta property=\"article:published_time\" content=\"2019-04-09T17:49:01+00:00\" \/>\n<meta property=\"article:modified_time\" content=\"2019-04-09T19:14:54+00:00\" \/>\n<meta property=\"og:image\" content=\"https:\/\/centrourbano.com\/revista\/wp-content\/uploads\/download_20190409_124810.jpg\" \/>\n\t<meta property=\"og:image:width\" content=\"800\" \/>\n\t<meta property=\"og:image:height\" content=\"600\" \/>\n\t<meta property=\"og:image:type\" content=\"image\/jpeg\" \/>\n<meta name=\"author\" content=\"G4A\" \/>\n<meta name=\"twitter:card\" content=\"summary_large_image\" \/>\n<meta name=\"twitter:creator\" content=\"@CentroUrbano\" \/>\n<meta name=\"twitter:site\" content=\"@CentroUrbano\" \/>\n<meta name=\"twitter:label1\" content=\"Escrito por\" \/>\n\t<meta name=\"twitter:data1\" content=\"G4A\" \/>\n\t<meta name=\"twitter:label2\" content=\"Tiempo de lectura\" \/>\n\t<meta name=\"twitter:data2\" content=\"1 minuto\" \/>\n<script type=\"application\/ld+json\" class=\"yoast-schema-graph\">{\"@context\":\"https:\\\/\\\/schema.org\",\"@graph\":[{\"@type\":\"Article\",\"@id\":\"https:\\\/\\\/centrourbano.com\\\/revista\\\/inmobiliario\\\/thor-urbana-coloca-primera-piedra-de-the-park-en-slp\\\/#article\",\"isPartOf\":{\"@id\":\"https:\\\/\\\/centrourbano.com\\\/revista\\\/inmobiliario\\\/thor-urbana-coloca-primera-piedra-de-the-park-en-slp\\\/\"},\"author\":{\"name\":\"G4A\",\"@id\":\"https:\\\/\\\/centrourbano.com\\\/revista\\\/#\\\/schema\\\/person\\\/370fa0ba2d8dd5bde3fdb8b62ad360aa\"},\"headline\":\"Thor Urbana coloca primera piedra de The Park en SLP\",\"datePublished\":\"2019-04-09T17:49:01+00:00\",\"dateModified\":\"2019-04-09T19:14:54+00:00\",\"mainEntityOfPage\":{\"@id\":\"https:\\\/\\\/centrourbano.com\\\/revista\\\/inmobiliario\\\/thor-urbana-coloca-primera-piedra-de-the-park-en-slp\\\/\"},\"wordCount\":211,\"commentCount\":0,\"publisher\":{\"@id\":\"https:\\\/\\\/centrourbano.com\\\/revista\\\/#organization\"},\"image\":{\"@id\":\"https:\\\/\\\/centrourbano.com\\\/revista\\\/inmobiliario\\\/thor-urbana-coloca-primera-piedra-de-the-park-en-slp\\\/#primaryimage\"},\"thumbnailUrl\":\"https:\\\/\\\/centrourbano.com\\\/revista\\\/wp-content\\\/uploads\\\/download_20190409_124810.jpg\",\"articleSection\":[\"Inmobiliario\"],\"inLanguage\":\"es\"},{\"@type\":\"WebPage\",\"@id\":\"https:\\\/\\\/centrourbano.com\\\/revista\\\/inmobiliario\\\/thor-urbana-coloca-primera-piedra-de-the-park-en-slp\\\/\",\"url\":\"https:\\\/\\\/centrourbano.com\\\/revista\\\/inmobiliario\\\/thor-urbana-coloca-primera-piedra-de-the-park-en-slp\\\/\",\"name\":\"Thor Urbana coloca primera piedra de The Park en SLP\",\"isPartOf\":{\"@id\":\"https:\\\/\\\/centrourbano.com\\\/revista\\\/#website\"},\"primaryImageOfPage\":{\"@id\":\"https:\\\/\\\/centrourbano.com\\\/revista\\\/inmobiliario\\\/thor-urbana-coloca-primera-piedra-de-the-park-en-slp\\\/#primaryimage\"},\"image\":{\"@id\":\"https:\\\/\\\/centrourbano.com\\\/revista\\\/inmobiliario\\\/thor-urbana-coloca-primera-piedra-de-the-park-en-slp\\\/#primaryimage\"},\"thumbnailUrl\":\"https:\\\/\\\/centrourbano.com\\\/revista\\\/wp-content\\\/uploads\\\/download_20190409_124810.jpg\",\"datePublished\":\"2019-04-09T17:49:01+00:00\",\"dateModified\":\"2019-04-09T19:14:54+00:00\",\"description\":\"El proyecto de seis torres residenciales, dos de oficinas y centro comercial podr\u00eda ser inaugurado a finales de 2021\",\"breadcrumb\":{\"@id\":\"https:\\\/\\\/centrourbano.com\\\/revista\\\/inmobiliario\\\/thor-urbana-coloca-primera-piedra-de-the-park-en-slp\\\/#breadcrumb\"},\"inLanguage\":\"es\",\"potentialAction\":[{\"@type\":\"ReadAction\",\"target\":[\"https:\\\/\\\/centrourbano.com\\\/revista\\\/inmobiliario\\\/thor-urbana-coloca-primera-piedra-de-the-park-en-slp\\\/\"]}]},{\"@type\":\"ImageObject\",\"inLanguage\":\"es\",\"@id\":\"https:\\\/\\\/centrourbano.com\\\/revista\\\/inmobiliario\\\/thor-urbana-coloca-primera-piedra-de-the-park-en-slp\\\/#primaryimage\",\"url\":\"https:\\\/\\\/centrourbano.com\\\/revista\\\/wp-content\\\/uploads\\\/download_20190409_124810.jpg\",\"contentUrl\":\"https:\\\/\\\/centrourbano.com\\\/revista\\\/wp-content\\\/uploads\\\/download_20190409_124810.jpg\",\"width\":800,\"height\":600},{\"@type\":\"BreadcrumbList\",\"@id\":\"https:\\\/\\\/centrourbano.com\\\/revista\\\/inmobiliario\\\/thor-urbana-coloca-primera-piedra-de-the-park-en-slp\\\/#breadcrumb\",\"itemListElement\":[{\"@type\":\"ListItem\",\"position\":1,\"name\":\"Portada\",\"item\":\"https:\\\/\\\/centrourbano.com\\\/revista\\\/\"},{\"@type\":\"ListItem\",\"position\":2,\"name\":\"Thor Urbana coloca primera piedra de The Park en SLP\"}]},{\"@type\":\"WebSite\",\"@id\":\"https:\\\/\\\/centrourbano.com\\\/revista\\\/#website\",\"url\":\"https:\\\/\\\/centrourbano.com\\\/revista\\\/\",\"name\":\"Centro Urbano\",\"description\":\"Medio especializado en los sectores vivienda, inmobiliario, construcci\u00f3n, arquitectura y urbanismo.\",\"publisher\":{\"@id\":\"https:\\\/\\\/centrourbano.com\\\/revista\\\/#organization\"},\"potentialAction\":[{\"@type\":\"SearchAction\",\"target\":{\"@type\":\"EntryPoint\",\"urlTemplate\":\"https:\\\/\\\/centrourbano.com\\\/revista\\\/?s={search_term_string}\"},\"query-input\":{\"@type\":\"PropertyValueSpecification\",\"valueRequired\":true,\"valueName\":\"search_term_string\"}}],\"inLanguage\":\"es\"},{\"@type\":\"Organization\",\"@id\":\"https:\\\/\\\/centrourbano.com\\\/revista\\\/#organization\",\"name\":\"Centro Urbano\",\"url\":\"https:\\\/\\\/centrourbano.com\\\/revista\\\/\",\"logo\":{\"@type\":\"ImageObject\",\"inLanguage\":\"es\",\"@id\":\"https:\\\/\\\/centrourbano.com\\\/revista\\\/#\\\/schema\\\/logo\\\/image\\\/\",\"url\":\"https:\\\/\\\/centrourbano.com\\\/revista\\\/wp-content\\\/uploads\\\/web_CU_logo-1.png\",\"contentUrl\":\"https:\\\/\\\/centrourbano.com\\\/revista\\\/wp-content\\\/uploads\\\/web_CU_logo-1.png\",\"width\":350,\"height\":91,\"caption\":\"Centro Urbano\"},\"image\":{\"@id\":\"https:\\\/\\\/centrourbano.com\\\/revista\\\/#\\\/schema\\\/logo\\\/image\\\/\"},\"sameAs\":[\"https:\\\/\\\/www.facebook.com\\\/portalcentrourbano\",\"https:\\\/\\\/x.com\\\/CentroUrbano\",\"https:\\\/\\\/www.instagram.com\\\/centro_urbano\\\/\",\"https:\\\/\\\/www.linkedin.com\\\/company\\\/centro-urbano\\\/\",\"http:\\\/\\\/www.youtube.com\\\/user\\\/portalcentrourbano\"]},{\"@type\":\"Person\",\"@id\":\"https:\\\/\\\/centrourbano.com\\\/revista\\\/#\\\/schema\\\/person\\\/370fa0ba2d8dd5bde3fdb8b62ad360aa\",\"name\":\"G4A\",\"image\":{\"@type\":\"ImageObject\",\"inLanguage\":\"es\",\"@id\":\"https:\\\/\\\/secure.gravatar.com\\\/avatar\\\/932a97121b13d5de5bbd8193c6c83d3b92c9eda0f39623607d4280e7a5778d97?s=96&d=mm&r=g\",\"url\":\"https:\\\/\\\/secure.gravatar.com\\\/avatar\\\/932a97121b13d5de5bbd8193c6c83d3b92c9eda0f39623607d4280e7a5778d97?s=96&d=mm&r=g\",\"contentUrl\":\"https:\\\/\\\/secure.gravatar.com\\\/avatar\\\/932a97121b13d5de5bbd8193c6c83d3b92c9eda0f39623607d4280e7a5778d97?s=96&d=mm&r=g\",\"caption\":\"G4A\"},\"url\":\"https:\\\/\\\/centrourbano.com\\\/revista\\\/author\\\/admin-g4a\\\/\"}]}<\/script>\n<!-- \/ Yoast SEO plugin. -->","yoast_head_json":{"title":"Thor Urbana coloca primera piedra de The Park en SLP","description":"El proyecto de seis torres residenciales, dos de oficinas y centro comercial podr\u00eda ser inaugurado a finales de 2021","robots":{"index":"index","follow":"follow","max-snippet":"max-snippet:-1","max-image-preview":"max-image-preview:large","max-video-preview":"max-video-preview:-1"},"canonical":"https:\/\/centrourbano.com\/revista\/inmobiliario\/thor-urbana-coloca-primera-piedra-de-the-park-en-slp\/","og_locale":"es_ES","og_type":"article","og_title":"Thor Urbana coloca primera piedra de The Park en SLP","og_description":"El proyecto de seis torres residenciales, dos de oficinas y centro comercial podr\u00eda ser inaugurado a finales de 2021","og_url":"https:\/\/centrourbano.com\/revista\/inmobiliario\/thor-urbana-coloca-primera-piedra-de-the-park-en-slp\/","og_site_name":"Centro Urbano","article_publisher":"https:\/\/www.facebook.com\/portalcentrourbano","article_published_time":"2019-04-09T17:49:01+00:00","article_modified_time":"2019-04-09T19:14:54+00:00","og_image":[{"width":800,"height":600,"url":"https:\/\/centrourbano.com\/revista\/wp-content\/uploads\/download_20190409_124810.jpg","type":"image\/jpeg"}],"author":"G4A","twitter_card":"summary_large_image","twitter_creator":"@CentroUrbano","twitter_site":"@CentroUrbano","twitter_misc":{"Escrito por":"G4A","Tiempo de lectura":"1 minuto"},"schema":{"@context":"https:\/\/schema.org","@graph":[{"@type":"Article","@id":"https:\/\/centrourbano.com\/revista\/inmobiliario\/thor-urbana-coloca-primera-piedra-de-the-park-en-slp\/#article","isPartOf":{"@id":"https:\/\/centrourbano.com\/revista\/inmobiliario\/thor-urbana-coloca-primera-piedra-de-the-park-en-slp\/"},"author":{"name":"G4A","@id":"https:\/\/centrourbano.com\/revista\/#\/schema\/person\/370fa0ba2d8dd5bde3fdb8b62ad360aa"},"headline":"Thor Urbana coloca primera piedra de The Park en SLP","datePublished":"2019-04-09T17:49:01+00:00","dateModified":"2019-04-09T19:14:54+00:00","mainEntityOfPage":{"@id":"https:\/\/centrourbano.com\/revista\/inmobiliario\/thor-urbana-coloca-primera-piedra-de-the-park-en-slp\/"},"wordCount":211,"commentCount":0,"publisher":{"@id":"https:\/\/centrourbano.com\/revista\/#organization"},"image":{"@id":"https:\/\/centrourbano.com\/revista\/inmobiliario\/thor-urbana-coloca-primera-piedra-de-the-park-en-slp\/#primaryimage"},"thumbnailUrl":"https:\/\/centrourbano.com\/revista\/wp-content\/uploads\/download_20190409_124810.jpg","articleSection":["Inmobiliario"],"inLanguage":"es"},{"@type":"WebPage","@id":"https:\/\/centrourbano.com\/revista\/inmobiliario\/thor-urbana-coloca-primera-piedra-de-the-park-en-slp\/","url":"https:\/\/centrourbano.com\/revista\/inmobiliario\/thor-urbana-coloca-primera-piedra-de-the-park-en-slp\/","name":"Thor Urbana coloca primera piedra de The Park en SLP","isPartOf":{"@id":"https:\/\/centrourbano.com\/revista\/#website"},"primaryImageOfPage":{"@id":"https:\/\/centrourbano.com\/revista\/inmobiliario\/thor-urbana-coloca-primera-piedra-de-the-park-en-slp\/#primaryimage"},"image":{"@id":"https:\/\/centrourbano.com\/revista\/inmobiliario\/thor-urbana-coloca-primera-piedra-de-the-park-en-slp\/#primaryimage"},"thumbnailUrl":"https:\/\/centrourbano.com\/revista\/wp-content\/uploads\/download_20190409_124810.jpg","datePublished":"2019-04-09T17:49:01+00:00","dateModified":"2019-04-09T19:14:54+00:00","description":"El proyecto de seis torres residenciales, dos de oficinas y centro comercial podr\u00eda ser inaugurado a finales de 2021","breadcrumb":{"@id":"https:\/\/centrourbano.com\/revista\/inmobiliario\/thor-urbana-coloca-primera-piedra-de-the-park-en-slp\/#breadcrumb"},"inLanguage":"es","potentialAction":[{"@type":"ReadAction","target":["https:\/\/centrourbano.com\/revista\/inmobiliario\/thor-urbana-coloca-primera-piedra-de-the-park-en-slp\/"]}]},{"@type":"ImageObject","inLanguage":"es","@id":"https:\/\/centrourbano.com\/revista\/inmobiliario\/thor-urbana-coloca-primera-piedra-de-the-park-en-slp\/#primaryimage","url":"https:\/\/centrourbano.com\/revista\/wp-content\/uploads\/download_20190409_124810.jpg","contentUrl":"https:\/\/centrourbano.com\/revista\/wp-content\/uploads\/download_20190409_124810.jpg","width":800,"height":600},{"@type":"BreadcrumbList","@id":"https:\/\/centrourbano.com\/revista\/inmobiliario\/thor-urbana-coloca-primera-piedra-de-the-park-en-slp\/#breadcrumb","itemListElement":[{"@type":"ListItem","position":1,"name":"Portada","item":"https:\/\/centrourbano.com\/revista\/"},{"@type":"ListItem","position":2,"name":"Thor Urbana coloca primera piedra de The Park en SLP"}]},{"@type":"WebSite","@id":"https:\/\/centrourbano.com\/revista\/#website","url":"https:\/\/centrourbano.com\/revista\/","name":"Centro Urbano","description":"Medio especializado en los sectores vivienda, inmobiliario, construcci\u00f3n, arquitectura y urbanismo.","publisher":{"@id":"https:\/\/centrourbano.com\/revista\/#organization"},"potentialAction":[{"@type":"SearchAction","target":{"@type":"EntryPoint","urlTemplate":"https:\/\/centrourbano.com\/revista\/?s={search_term_string}"},"query-input":{"@type":"PropertyValueSpecification","valueRequired":true,"valueName":"search_term_string"}}],"inLanguage":"es"},{"@type":"Organization","@id":"https:\/\/centrourbano.com\/revista\/#organization","name":"Centro Urbano","url":"https:\/\/centrourbano.com\/revista\/","logo":{"@type":"ImageObject","inLanguage":"es","@id":"https:\/\/centrourbano.com\/revista\/#\/schema\/logo\/image\/","url":"https:\/\/centrourbano.com\/revista\/wp-content\/uploads\/web_CU_logo-1.png","contentUrl":"https:\/\/centrourbano.com\/revista\/wp-content\/uploads\/web_CU_logo-1.png","width":350,"height":91,"caption":"Centro Urbano"},"image":{"@id":"https:\/\/centrourbano.com\/revista\/#\/schema\/logo\/image\/"},"sameAs":["https:\/\/www.facebook.com\/portalcentrourbano","https:\/\/x.com\/CentroUrbano","https:\/\/www.instagram.com\/centro_urbano\/","https:\/\/www.linkedin.com\/company\/centro-urbano\/","http:\/\/www.youtube.com\/user\/portalcentrourbano"]},{"@type":"Person","@id":"https:\/\/centrourbano.com\/revista\/#\/schema\/person\/370fa0ba2d8dd5bde3fdb8b62ad360aa","name":"G4A","image":{"@type":"ImageObject","inLanguage":"es","@id":"https:\/\/secure.gravatar.com\/avatar\/932a97121b13d5de5bbd8193c6c83d3b92c9eda0f39623607d4280e7a5778d97?s=96&d=mm&r=g","url":"https:\/\/secure.gravatar.com\/avatar\/932a97121b13d5de5bbd8193c6c83d3b92c9eda0f39623607d4280e7a5778d97?s=96&d=mm&r=g","contentUrl":"https:\/\/secure.gravatar.com\/avatar\/932a97121b13d5de5bbd8193c6c83d3b92c9eda0f39623607d4280e7a5778d97?s=96&d=mm&r=g","caption":"G4A"},"url":"https:\/\/centrourbano.com\/revista\/author\/admin-g4a\/"}]}},"_links":{"self":[{"href":"https:\/\/centrourbano.com\/revista\/wp-json\/wp\/v2\/posts\/88619","targetHints":{"allow":["GET"]}}],"collection":[{"href":"https:\/\/centrourbano.com\/revista\/wp-json\/wp\/v2\/posts"}],"about":[{"href":"https:\/\/centrourbano.com\/revista\/wp-json\/wp\/v2\/types\/post"}],"author":[{"embeddable":true,"href":"https:\/\/centrourbano.com\/revista\/wp-json\/wp\/v2\/users\/77"}],"replies":[{"embeddable":true,"href":"https:\/\/centrourbano.com\/revista\/wp-json\/wp\/v2\/comments?post=88619"}],"version-history":[{"count":3,"href":"https:\/\/centrourbano.com\/revista\/wp-json\/wp\/v2\/posts\/88619\/revisions"}],"predecessor-version":[{"id":88623,"href":"https:\/\/centrourbano.com\/revista\/wp-json\/wp\/v2\/posts\/88619\/revisions\/88623"}],"wp:featuredmedia":[{"embeddable":true,"href":"https:\/\/centrourbano.com\/revista\/wp-json\/wp\/v2\/media\/88620"}],"wp:attachment":[{"href":"https:\/\/centrourbano.com\/revista\/wp-json\/wp\/v2\/media?parent=88619"}],"wp:term":[{"taxonomy":"category","embeddable":true,"href":"https:\/\/centrourbano.com\/revista\/wp-json\/wp\/v2\/categories?post=88619"},{"taxonomy":"post_tag","embeddable":true,"href":"https:\/\/centrourbano.com\/revista\/wp-json\/wp\/v2\/tags?post=88619"}],"curies":[{"name":"wp","href":"https:\/\/api.w.org\/{rel}","templated":true}]}}