{"id":88572,"date":"2019-04-08T11:38:28","date_gmt":"2019-04-08T16:38:28","guid":{"rendered":"https:\/\/centrourbano.com\/?p=88572"},"modified":"2019-04-08T13:36:11","modified_gmt":"2019-04-08T18:36:11","slug":"vivienda-no-adecuada","status":"publish","type":"post","link":"https:\/\/centrourbano.com\/revista\/vivienda\/vivienda-no-adecuada\/","title":{"rendered":"38% de mexicanos habitan una vivienda no adecuada"},"content":{"rendered":"<p><em>ONU H\u00e1bitat present\u00f3 los siete elementos de una vivienda adecuada<\/em><!--more--><\/p>\n<p>A pesar que el acceso a una vivienda adecuada es un derecho humano reconocido a nivel internacional, en M\u00e9xico alrededor de 38% de los ciudadanos habitan en una casa que no cumple con las condiciones \u00f3ptimas para ofrecer una vida de calidad.<\/p>\n<p>As\u00ed lo revel\u00f3 el Programa de la Organizaci\u00f3n de la Naciones Unidas para los Asentamientos Humanos (<strong>ONU H\u00e1bitat<\/strong>), qui\u00e9n destac\u00f3 que este 38% de mexicanos habitan en viviendas con condiciones de hacinamiento, hechas sin materiales duraderos, o que carece de servicios mejorados de agua o saneamiento.<\/p>\n<p>A trav\u00e9s de un documento en el que presenta los siete elementos b\u00e1sicos de la vivienda adecuada, ONU H\u00e1bitat se\u00f1ala que la vivienda debe \u201cproveer m\u00e1s que cuatro paredes y un techo\u201d. Por ello, dijo, se debe tener en mente una serie de factores para considerar que un hogar puede ofrecer una calidad de vida aceptable,<\/p>\n<p>[quote]\u201cEl derecho a una vivienda adecuada es un derecho humano reconocido en la normativa internacional de los derechos humanos como elemento integrante del derecho a un nivel de vida adecuado\u201d, subray\u00f3 ONU H\u00e1bitat.[\/quote]<\/p>\n<p>En el documento, la oficina de ONU H\u00e1bitat se\u00f1ala que para que una vivienda sea adecuada debe ser <strong>asequible<\/strong>, es decir que las familias destinen 30% de sus ingresos para satisfacer esta necesidad; adem\u00e1s de cumplir con condiciones de habitabilidad, que representa que la vivienda \u201cgarantice la seguridad f\u00edsica de sus habitantes y les proporcionan un espacio habitable suficiente\u201d.<\/p>\n<p>Entre otras cosas, dentro de las siete caracter\u00edsticas que una vivienda debe cumplir para considerarse como adecuada se encuentran: <strong>seguridad<\/strong> de la tenencia y disponibilidad de servicios, as\u00ed como materiales, instalaciones e infraestructura adecuada; a estos elementos se suma\u00a0factores\u00a0como el que la vivienda sea <strong>accesible<\/strong>, tenga buena <strong>ubicaci\u00f3n<\/strong> y cumpla con criterios de <strong>adecuaci\u00f3n cultural<\/strong>.<\/p>\n<p>&nbsp;<\/p>\n<a href=\"https:\/\/centrourbano.com\/revista\/wp-content\/uploads\/elementos-de-la-Vivienda-adecuada.jpg\"><img loading=\"lazy\" decoding=\"async\" class=\"aligncenter size-full wp-image-88586\" src=\"https:\/\/centrourbano.com\/revista\/wp-content\/uploads\/elementos-de-la-Vivienda-adecuada.jpg\" alt=\"\" width=\"778\" height=\"536\" srcset=\"https:\/\/centrourbano.com\/revista\/wp-content\/uploads\/elementos-de-la-Vivienda-adecuada.jpg 778w, https:\/\/centrourbano.com\/revista\/wp-content\/uploads\/elementos-de-la-Vivienda-adecuada-300x207.jpg 300w, https:\/\/centrourbano.com\/revista\/wp-content\/uploads\/elementos-de-la-Vivienda-adecuada-768x529.jpg 768w\" sizes=\"auto, (max-width: 778px) 100vw, 778px\" \/><\/a>\n","protected":false},"excerpt":{"rendered":"<p>ONU H\u00e1bitat present\u00f3 los siete elementos de una vivienda adecuada<\/p>\n","protected":false},"author":77,"featured_media":79654,"comment_status":"open","ping_status":"closed","sticky":false,"template":"","format":"standard","meta":{"inline_featured_image":false,"footnotes":""},"categories":[12],"tags":[4873,15513,2653,60,4858],"class_list":["post-88572","post","type-post","status-publish","format-standard","has-post-thumbnail","hentry","category-vivienda","tag-accesibilidad","tag-asequibilidad","tag-onu-habitat","tag-vivienda-2","tag-vivienda-adecuada"],"yoast_head":"<!-- This site is optimized with the Yoast SEO plugin v28.4 - https:\/\/yoast.com\/product\/yoast-seo-wordpress\/ -->\n<title>38% de mexicanos habitan una vivienda no adecuada<\/title>\n<meta name=\"description\" content=\"A pesar que el acceso a una vivienda ae cuadra es un derecho humano reconocido a nivel internacional, en M\u00e9xico alrededor de 38% de los ciudadanos...\" \/>\n<meta name=\"robots\" content=\"index, follow, max-snippet:-1, max-image-preview:large, max-video-preview:-1\" \/>\n<link rel=\"canonical\" href=\"https:\/\/centrourbano.com\/revista\/vivienda\/vivienda-no-adecuada\/\" \/>\n<meta property=\"og:locale\" content=\"es_ES\" \/>\n<meta property=\"og:type\" content=\"article\" \/>\n<meta property=\"og:title\" content=\"38% de mexicanos habitan una vivienda no adecuada\" \/>\n<meta property=\"og:description\" content=\"A pesar que el acceso a una vivienda ae cuadra es un derecho humano reconocido a nivel internacional, en M\u00e9xico alrededor de 38% de los ciudadanos...\" \/>\n<meta property=\"og:url\" content=\"https:\/\/centrourbano.com\/revista\/vivienda\/vivienda-no-adecuada\/\" \/>\n<meta property=\"og:site_name\" content=\"Centro Urbano\" \/>\n<meta property=\"article:publisher\" content=\"https:\/\/www.facebook.com\/portalcentrourbano\" \/>\n<meta property=\"article:published_time\" content=\"2019-04-08T16:38:28+00:00\" \/>\n<meta property=\"article:modified_time\" content=\"2019-04-08T18:36:11+00:00\" \/>\n<meta property=\"og:image\" content=\"https:\/\/centrourbano.com\/revista\/wp-content\/uploads\/DpF64saU8AAEhpG-e1546042637463.jpg\" \/>\n\t<meta property=\"og:image:width\" content=\"800\" \/>\n\t<meta property=\"og:image:height\" content=\"534\" \/>\n\t<meta property=\"og:image:type\" content=\"image\/jpeg\" \/>\n<meta name=\"author\" content=\"G4A\" \/>\n<meta name=\"twitter:card\" content=\"summary_large_image\" \/>\n<meta name=\"twitter:creator\" content=\"@CentroUrbano\" \/>\n<meta name=\"twitter:site\" content=\"@CentroUrbano\" \/>\n<meta name=\"twitter:label1\" content=\"Escrito por\" \/>\n\t<meta name=\"twitter:data1\" content=\"G4A\" \/>\n\t<meta name=\"twitter:label2\" content=\"Tiempo de lectura\" \/>\n\t<meta name=\"twitter:data2\" content=\"2 minutos\" \/>\n<script type=\"application\/ld+json\" class=\"yoast-schema-graph\">{\"@context\":\"https:\\\/\\\/schema.org\",\"@graph\":[{\"@type\":\"Article\",\"@id\":\"https:\\\/\\\/centrourbano.com\\\/revista\\\/vivienda\\\/vivienda-no-adecuada\\\/#article\",\"isPartOf\":{\"@id\":\"https:\\\/\\\/centrourbano.com\\\/revista\\\/vivienda\\\/vivienda-no-adecuada\\\/\"},\"author\":{\"name\":\"G4A\",\"@id\":\"https:\\\/\\\/centrourbano.com\\\/revista\\\/#\\\/schema\\\/person\\\/370fa0ba2d8dd5bde3fdb8b62ad360aa\"},\"headline\":\"38% de mexicanos habitan una vivienda no adecuada\",\"datePublished\":\"2019-04-08T16:38:28+00:00\",\"dateModified\":\"2019-04-08T18:36:11+00:00\",\"mainEntityOfPage\":{\"@id\":\"https:\\\/\\\/centrourbano.com\\\/revista\\\/vivienda\\\/vivienda-no-adecuada\\\/\"},\"wordCount\":328,\"commentCount\":0,\"publisher\":{\"@id\":\"https:\\\/\\\/centrourbano.com\\\/revista\\\/#organization\"},\"image\":{\"@id\":\"https:\\\/\\\/centrourbano.com\\\/revista\\\/vivienda\\\/vivienda-no-adecuada\\\/#primaryimage\"},\"thumbnailUrl\":\"https:\\\/\\\/centrourbano.com\\\/revista\\\/wp-content\\\/uploads\\\/DpF64saU8AAEhpG-e1546042637463.jpg\",\"keywords\":[\"accesibilidad\",\"asequibilidad\",\"ONU-Habitat\",\"vivienda\",\"vivienda adecuada\"],\"articleSection\":[\"Vivienda\"],\"inLanguage\":\"es\"},{\"@type\":\"WebPage\",\"@id\":\"https:\\\/\\\/centrourbano.com\\\/revista\\\/vivienda\\\/vivienda-no-adecuada\\\/\",\"url\":\"https:\\\/\\\/centrourbano.com\\\/revista\\\/vivienda\\\/vivienda-no-adecuada\\\/\",\"name\":\"38% de mexicanos habitan una vivienda no adecuada\",\"isPartOf\":{\"@id\":\"https:\\\/\\\/centrourbano.com\\\/revista\\\/#website\"},\"primaryImageOfPage\":{\"@id\":\"https:\\\/\\\/centrourbano.com\\\/revista\\\/vivienda\\\/vivienda-no-adecuada\\\/#primaryimage\"},\"image\":{\"@id\":\"https:\\\/\\\/centrourbano.com\\\/revista\\\/vivienda\\\/vivienda-no-adecuada\\\/#primaryimage\"},\"thumbnailUrl\":\"https:\\\/\\\/centrourbano.com\\\/revista\\\/wp-content\\\/uploads\\\/DpF64saU8AAEhpG-e1546042637463.jpg\",\"datePublished\":\"2019-04-08T16:38:28+00:00\",\"dateModified\":\"2019-04-08T18:36:11+00:00\",\"description\":\"A pesar que el acceso a una vivienda ae cuadra es un derecho humano reconocido a nivel internacional, en M\u00e9xico alrededor de 38% de los ciudadanos...\",\"breadcrumb\":{\"@id\":\"https:\\\/\\\/centrourbano.com\\\/revista\\\/vivienda\\\/vivienda-no-adecuada\\\/#breadcrumb\"},\"inLanguage\":\"es\",\"potentialAction\":[{\"@type\":\"ReadAction\",\"target\":[\"https:\\\/\\\/centrourbano.com\\\/revista\\\/vivienda\\\/vivienda-no-adecuada\\\/\"]}]},{\"@type\":\"ImageObject\",\"inLanguage\":\"es\",\"@id\":\"https:\\\/\\\/centrourbano.com\\\/revista\\\/vivienda\\\/vivienda-no-adecuada\\\/#primaryimage\",\"url\":\"https:\\\/\\\/centrourbano.com\\\/revista\\\/wp-content\\\/uploads\\\/DpF64saU8AAEhpG-e1546042637463.jpg\",\"contentUrl\":\"https:\\\/\\\/centrourbano.com\\\/revista\\\/wp-content\\\/uploads\\\/DpF64saU8AAEhpG-e1546042637463.jpg\",\"width\":800,\"height\":534,\"caption\":\"M\u00e1s de 50,000 viviendas fueron contabilizadas con da\u00f1o total luego de los sismos de septiembre de 2017\"},{\"@type\":\"BreadcrumbList\",\"@id\":\"https:\\\/\\\/centrourbano.com\\\/revista\\\/vivienda\\\/vivienda-no-adecuada\\\/#breadcrumb\",\"itemListElement\":[{\"@type\":\"ListItem\",\"position\":1,\"name\":\"Portada\",\"item\":\"https:\\\/\\\/centrourbano.com\\\/revista\\\/\"},{\"@type\":\"ListItem\",\"position\":2,\"name\":\"38% de mexicanos habitan una vivienda no adecuada\"}]},{\"@type\":\"WebSite\",\"@id\":\"https:\\\/\\\/centrourbano.com\\\/revista\\\/#website\",\"url\":\"https:\\\/\\\/centrourbano.com\\\/revista\\\/\",\"name\":\"Centro Urbano\",\"description\":\"Medio especializado en los sectores vivienda, inmobiliario, construcci\u00f3n, arquitectura y urbanismo.\",\"publisher\":{\"@id\":\"https:\\\/\\\/centrourbano.com\\\/revista\\\/#organization\"},\"potentialAction\":[{\"@type\":\"SearchAction\",\"target\":{\"@type\":\"EntryPoint\",\"urlTemplate\":\"https:\\\/\\\/centrourbano.com\\\/revista\\\/?s={search_term_string}\"},\"query-input\":{\"@type\":\"PropertyValueSpecification\",\"valueRequired\":true,\"valueName\":\"search_term_string\"}}],\"inLanguage\":\"es\"},{\"@type\":\"Organization\",\"@id\":\"https:\\\/\\\/centrourbano.com\\\/revista\\\/#organization\",\"name\":\"Centro Urbano\",\"url\":\"https:\\\/\\\/centrourbano.com\\\/revista\\\/\",\"logo\":{\"@type\":\"ImageObject\",\"inLanguage\":\"es\",\"@id\":\"https:\\\/\\\/centrourbano.com\\\/revista\\\/#\\\/schema\\\/logo\\\/image\\\/\",\"url\":\"https:\\\/\\\/centrourbano.com\\\/revista\\\/wp-content\\\/uploads\\\/web_CU_logo-1.png\",\"contentUrl\":\"https:\\\/\\\/centrourbano.com\\\/revista\\\/wp-content\\\/uploads\\\/web_CU_logo-1.png\",\"width\":350,\"height\":91,\"caption\":\"Centro Urbano\"},\"image\":{\"@id\":\"https:\\\/\\\/centrourbano.com\\\/revista\\\/#\\\/schema\\\/logo\\\/image\\\/\"},\"sameAs\":[\"https:\\\/\\\/www.facebook.com\\\/portalcentrourbano\",\"https:\\\/\\\/x.com\\\/CentroUrbano\",\"https:\\\/\\\/www.instagram.com\\\/centro_urbano\\\/\",\"https:\\\/\\\/www.linkedin.com\\\/company\\\/centro-urbano\\\/\",\"http:\\\/\\\/www.youtube.com\\\/user\\\/portalcentrourbano\"]},{\"@type\":\"Person\",\"@id\":\"https:\\\/\\\/centrourbano.com\\\/revista\\\/#\\\/schema\\\/person\\\/370fa0ba2d8dd5bde3fdb8b62ad360aa\",\"name\":\"G4A\",\"image\":{\"@type\":\"ImageObject\",\"inLanguage\":\"es\",\"@id\":\"https:\\\/\\\/secure.gravatar.com\\\/avatar\\\/932a97121b13d5de5bbd8193c6c83d3b92c9eda0f39623607d4280e7a5778d97?s=96&d=mm&r=g\",\"url\":\"https:\\\/\\\/secure.gravatar.com\\\/avatar\\\/932a97121b13d5de5bbd8193c6c83d3b92c9eda0f39623607d4280e7a5778d97?s=96&d=mm&r=g\",\"contentUrl\":\"https:\\\/\\\/secure.gravatar.com\\\/avatar\\\/932a97121b13d5de5bbd8193c6c83d3b92c9eda0f39623607d4280e7a5778d97?s=96&d=mm&r=g\",\"caption\":\"G4A\"},\"url\":\"https:\\\/\\\/centrourbano.com\\\/revista\\\/author\\\/admin-g4a\\\/\"}]}<\/script>\n<!-- \/ Yoast SEO plugin. -->","yoast_head_json":{"title":"38% de mexicanos habitan una vivienda no adecuada","description":"A pesar que el acceso a una vivienda ae cuadra es un derecho humano reconocido a nivel internacional, en M\u00e9xico alrededor de 38% de los ciudadanos...","robots":{"index":"index","follow":"follow","max-snippet":"max-snippet:-1","max-image-preview":"max-image-preview:large","max-video-preview":"max-video-preview:-1"},"canonical":"https:\/\/centrourbano.com\/revista\/vivienda\/vivienda-no-adecuada\/","og_locale":"es_ES","og_type":"article","og_title":"38% de mexicanos habitan una vivienda no adecuada","og_description":"A pesar que el acceso a una vivienda ae cuadra es un derecho humano reconocido a nivel internacional, en M\u00e9xico alrededor de 38% de los ciudadanos...","og_url":"https:\/\/centrourbano.com\/revista\/vivienda\/vivienda-no-adecuada\/","og_site_name":"Centro Urbano","article_publisher":"https:\/\/www.facebook.com\/portalcentrourbano","article_published_time":"2019-04-08T16:38:28+00:00","article_modified_time":"2019-04-08T18:36:11+00:00","og_image":[{"width":800,"height":534,"url":"https:\/\/centrourbano.com\/revista\/wp-content\/uploads\/DpF64saU8AAEhpG-e1546042637463.jpg","type":"image\/jpeg"}],"author":"G4A","twitter_card":"summary_large_image","twitter_creator":"@CentroUrbano","twitter_site":"@CentroUrbano","twitter_misc":{"Escrito por":"G4A","Tiempo de lectura":"2 minutos"},"schema":{"@context":"https:\/\/schema.org","@graph":[{"@type":"Article","@id":"https:\/\/centrourbano.com\/revista\/vivienda\/vivienda-no-adecuada\/#article","isPartOf":{"@id":"https:\/\/centrourbano.com\/revista\/vivienda\/vivienda-no-adecuada\/"},"author":{"name":"G4A","@id":"https:\/\/centrourbano.com\/revista\/#\/schema\/person\/370fa0ba2d8dd5bde3fdb8b62ad360aa"},"headline":"38% de mexicanos habitan una vivienda no adecuada","datePublished":"2019-04-08T16:38:28+00:00","dateModified":"2019-04-08T18:36:11+00:00","mainEntityOfPage":{"@id":"https:\/\/centrourbano.com\/revista\/vivienda\/vivienda-no-adecuada\/"},"wordCount":328,"commentCount":0,"publisher":{"@id":"https:\/\/centrourbano.com\/revista\/#organization"},"image":{"@id":"https:\/\/centrourbano.com\/revista\/vivienda\/vivienda-no-adecuada\/#primaryimage"},"thumbnailUrl":"https:\/\/centrourbano.com\/revista\/wp-content\/uploads\/DpF64saU8AAEhpG-e1546042637463.jpg","keywords":["accesibilidad","asequibilidad","ONU-Habitat","vivienda","vivienda adecuada"],"articleSection":["Vivienda"],"inLanguage":"es"},{"@type":"WebPage","@id":"https:\/\/centrourbano.com\/revista\/vivienda\/vivienda-no-adecuada\/","url":"https:\/\/centrourbano.com\/revista\/vivienda\/vivienda-no-adecuada\/","name":"38% de mexicanos habitan una vivienda no adecuada","isPartOf":{"@id":"https:\/\/centrourbano.com\/revista\/#website"},"primaryImageOfPage":{"@id":"https:\/\/centrourbano.com\/revista\/vivienda\/vivienda-no-adecuada\/#primaryimage"},"image":{"@id":"https:\/\/centrourbano.com\/revista\/vivienda\/vivienda-no-adecuada\/#primaryimage"},"thumbnailUrl":"https:\/\/centrourbano.com\/revista\/wp-content\/uploads\/DpF64saU8AAEhpG-e1546042637463.jpg","datePublished":"2019-04-08T16:38:28+00:00","dateModified":"2019-04-08T18:36:11+00:00","description":"A pesar que el acceso a una vivienda ae cuadra es un derecho humano reconocido a nivel internacional, en M\u00e9xico alrededor de 38% de los ciudadanos...","breadcrumb":{"@id":"https:\/\/centrourbano.com\/revista\/vivienda\/vivienda-no-adecuada\/#breadcrumb"},"inLanguage":"es","potentialAction":[{"@type":"ReadAction","target":["https:\/\/centrourbano.com\/revista\/vivienda\/vivienda-no-adecuada\/"]}]},{"@type":"ImageObject","inLanguage":"es","@id":"https:\/\/centrourbano.com\/revista\/vivienda\/vivienda-no-adecuada\/#primaryimage","url":"https:\/\/centrourbano.com\/revista\/wp-content\/uploads\/DpF64saU8AAEhpG-e1546042637463.jpg","contentUrl":"https:\/\/centrourbano.com\/revista\/wp-content\/uploads\/DpF64saU8AAEhpG-e1546042637463.jpg","width":800,"height":534,"caption":"M\u00e1s de 50,000 viviendas fueron contabilizadas con da\u00f1o total luego de los sismos de septiembre de 2017"},{"@type":"BreadcrumbList","@id":"https:\/\/centrourbano.com\/revista\/vivienda\/vivienda-no-adecuada\/#breadcrumb","itemListElement":[{"@type":"ListItem","position":1,"name":"Portada","item":"https:\/\/centrourbano.com\/revista\/"},{"@type":"ListItem","position":2,"name":"38% de mexicanos habitan una vivienda no adecuada"}]},{"@type":"WebSite","@id":"https:\/\/centrourbano.com\/revista\/#website","url":"https:\/\/centrourbano.com\/revista\/","name":"Centro Urbano","description":"Medio especializado en los sectores vivienda, inmobiliario, construcci\u00f3n, arquitectura y urbanismo.","publisher":{"@id":"https:\/\/centrourbano.com\/revista\/#organization"},"potentialAction":[{"@type":"SearchAction","target":{"@type":"EntryPoint","urlTemplate":"https:\/\/centrourbano.com\/revista\/?s={search_term_string}"},"query-input":{"@type":"PropertyValueSpecification","valueRequired":true,"valueName":"search_term_string"}}],"inLanguage":"es"},{"@type":"Organization","@id":"https:\/\/centrourbano.com\/revista\/#organization","name":"Centro Urbano","url":"https:\/\/centrourbano.com\/revista\/","logo":{"@type":"ImageObject","inLanguage":"es","@id":"https:\/\/centrourbano.com\/revista\/#\/schema\/logo\/image\/","url":"https:\/\/centrourbano.com\/revista\/wp-content\/uploads\/web_CU_logo-1.png","contentUrl":"https:\/\/centrourbano.com\/revista\/wp-content\/uploads\/web_CU_logo-1.png","width":350,"height":91,"caption":"Centro Urbano"},"image":{"@id":"https:\/\/centrourbano.com\/revista\/#\/schema\/logo\/image\/"},"sameAs":["https:\/\/www.facebook.com\/portalcentrourbano","https:\/\/x.com\/CentroUrbano","https:\/\/www.instagram.com\/centro_urbano\/","https:\/\/www.linkedin.com\/company\/centro-urbano\/","http:\/\/www.youtube.com\/user\/portalcentrourbano"]},{"@type":"Person","@id":"https:\/\/centrourbano.com\/revista\/#\/schema\/person\/370fa0ba2d8dd5bde3fdb8b62ad360aa","name":"G4A","image":{"@type":"ImageObject","inLanguage":"es","@id":"https:\/\/secure.gravatar.com\/avatar\/932a97121b13d5de5bbd8193c6c83d3b92c9eda0f39623607d4280e7a5778d97?s=96&d=mm&r=g","url":"https:\/\/secure.gravatar.com\/avatar\/932a97121b13d5de5bbd8193c6c83d3b92c9eda0f39623607d4280e7a5778d97?s=96&d=mm&r=g","contentUrl":"https:\/\/secure.gravatar.com\/avatar\/932a97121b13d5de5bbd8193c6c83d3b92c9eda0f39623607d4280e7a5778d97?s=96&d=mm&r=g","caption":"G4A"},"url":"https:\/\/centrourbano.com\/revista\/author\/admin-g4a\/"}]}},"_links":{"self":[{"href":"https:\/\/centrourbano.com\/revista\/wp-json\/wp\/v2\/posts\/88572","targetHints":{"allow":["GET"]}}],"collection":[{"href":"https:\/\/centrourbano.com\/revista\/wp-json\/wp\/v2\/posts"}],"about":[{"href":"https:\/\/centrourbano.com\/revista\/wp-json\/wp\/v2\/types\/post"}],"author":[{"embeddable":true,"href":"https:\/\/centrourbano.com\/revista\/wp-json\/wp\/v2\/users\/77"}],"replies":[{"embeddable":true,"href":"https:\/\/centrourbano.com\/revista\/wp-json\/wp\/v2\/comments?post=88572"}],"version-history":[{"count":4,"href":"https:\/\/centrourbano.com\/revista\/wp-json\/wp\/v2\/posts\/88572\/revisions"}],"predecessor-version":[{"id":88587,"href":"https:\/\/centrourbano.com\/revista\/wp-json\/wp\/v2\/posts\/88572\/revisions\/88587"}],"wp:featuredmedia":[{"embeddable":true,"href":"https:\/\/centrourbano.com\/revista\/wp-json\/wp\/v2\/media\/79654"}],"wp:attachment":[{"href":"https:\/\/centrourbano.com\/revista\/wp-json\/wp\/v2\/media?parent=88572"}],"wp:term":[{"taxonomy":"category","embeddable":true,"href":"https:\/\/centrourbano.com\/revista\/wp-json\/wp\/v2\/categories?post=88572"},{"taxonomy":"post_tag","embeddable":true,"href":"https:\/\/centrourbano.com\/revista\/wp-json\/wp\/v2\/tags?post=88572"}],"curies":[{"name":"wp","href":"https:\/\/api.w.org\/{rel}","templated":true}]}}