{"id":88567,"date":"2019-04-10T08:00:21","date_gmt":"2019-04-10T13:00:21","guid":{"rendered":"https:\/\/centrourbano.com\/?p=88567"},"modified":"2019-04-10T10:51:04","modified_gmt":"2019-04-10T15:51:04","slug":"onu-habitat-plantea-seis-estrategias-para-retos-en-vivienda","status":"publish","type":"post","link":"https:\/\/centrourbano.com\/revista\/vivienda\/onu-habitat-plantea-seis-estrategias-para-retos-en-vivienda\/","title":{"rendered":"ONU-Habitat plantea seis estrategias para retos en vivienda"},"content":{"rendered":"<p><em>Impulsar la vivienda social intraurbana y fomentar la vivienda social en renta son algunas de las acciones que propone el organismo\u00a0<\/em><!--more--><\/p>\n<p>En los \u00faltimos 20 a\u00f1os, M\u00e9xico ha impulsado un modelo de financiamiento y subsidio habitacional con el\u00a0objetivo de combatir el rezago en el pa\u00eds, y con el que se logr\u00f3 la construcci\u00f3n de 9 millones de viviendas nuevas. Sin embargo, el <strong>sector vivienda<\/strong> a\u00fan tiene que afrontar varios retos en cuanto a inclusi\u00f3n social, crecimiento econ\u00f3mico, coordinaci\u00f3n interinstitucional y protecci\u00f3n del medio ambiente.<\/p>\n<p>Ejemplo de lo anterior es la inadecuada localizaci\u00f3n de las viviendas econ\u00f3micas y la inaccesibilidad de la vivienda intraurbana para todos, el rezago habitacional entre los grupos vulnerables, la falta de una pol\u00edtica nacional de vivienda social en renta, la falta de acciones para la consolidaci\u00f3n de las zonas urbanas ya existentes, el impacto ambiental que produce la expansi\u00f3n urbana sobre suelos de alto valor ambiental, y el consumo ineficiente de recursos en el ciclo de vida de una vivienda.<\/p>\n<p>Para hacerles frente a estos retos, el programa de las Naciones Unidas para los asentamientos humanos,\u00a0<strong>ONU-Habitat,\u00a0<\/strong>ha planteado <a href=\"http:\/\/www.onuhabitat.org.mx\/index.php\/la-vivienda-en-el-centro-de-los-ods-en-mexico\" target=\"_blank\" rel=\"noopener noreferrer\">seis estrategias<\/a>:<\/p>\n<p><!--more--><\/p>\n<ol>\n<li>Impulsar la <strong>vivienda social intraurbana<\/strong>.<\/li>\n<\/ol>\n<p><a href=\"https:\/\/centrourbano.com\/revista\/wp-content\/uploads\/01-grafico-1.jpg\"><img loading=\"lazy\" decoding=\"async\" class=\"size-full wp-image-88676 aligncenter\" src=\"https:\/\/centrourbano.com\/revista\/wp-content\/uploads\/01-grafico-1.jpg\" alt=\"\" width=\"542\" height=\"232\" srcset=\"https:\/\/centrourbano.com\/revista\/wp-content\/uploads\/01-grafico-1.jpg 542w, https:\/\/centrourbano.com\/revista\/wp-content\/uploads\/01-grafico-1-300x128.jpg 300w\" sizes=\"auto, (max-width: 542px) 100vw, 542px\" \/><\/a><!--more--><\/p>\n<p>2. Favorecer el acceso de los grupos vulnerables a <strong>viviendas adecuadas<\/strong>.<\/p>\n<p><a href=\"https:\/\/centrourbano.com\/revista\/wp-content\/uploads\/02-grafico-1.jpg\"><img loading=\"lazy\" decoding=\"async\" class=\"size-full wp-image-88677 aligncenter\" src=\"https:\/\/centrourbano.com\/revista\/wp-content\/uploads\/02-grafico-1.jpg\" alt=\"\" width=\"542\" height=\"382\" srcset=\"https:\/\/centrourbano.com\/revista\/wp-content\/uploads\/02-grafico-1.jpg 542w, https:\/\/centrourbano.com\/revista\/wp-content\/uploads\/02-grafico-1-300x211.jpg 300w\" sizes=\"auto, (max-width: 542px) 100vw, 542px\" \/><\/a><!--more--><\/p>\n<p>3. Fomentar la <strong>vivienda social en renta<\/strong>.<\/p>\n<p><a href=\"https:\/\/centrourbano.com\/revista\/wp-content\/uploads\/03-grafico.jpg\"><img loading=\"lazy\" decoding=\"async\" class=\"size-full wp-image-88678 aligncenter\" src=\"https:\/\/centrourbano.com\/revista\/wp-content\/uploads\/03-grafico.jpg\" alt=\"\" width=\"542\" height=\"224\" srcset=\"https:\/\/centrourbano.com\/revista\/wp-content\/uploads\/03-grafico.jpg 542w, https:\/\/centrourbano.com\/revista\/wp-content\/uploads\/03-grafico-300x124.jpg 300w\" sizes=\"auto, (max-width: 542px) 100vw, 542px\" \/><\/a><!--more--><\/p>\n<p>4. Intervenir el <strong>tejido urbano deficitario<\/strong>.<\/p>\n<p><a href=\"https:\/\/centrourbano.com\/revista\/wp-content\/uploads\/04-grafico.jpg\"><img loading=\"lazy\" decoding=\"async\" class=\"size-full wp-image-88679 aligncenter\" src=\"https:\/\/centrourbano.com\/revista\/wp-content\/uploads\/04-grafico.jpg\" alt=\"\" width=\"542\" height=\"224\" srcset=\"https:\/\/centrourbano.com\/revista\/wp-content\/uploads\/04-grafico.jpg 542w, https:\/\/centrourbano.com\/revista\/wp-content\/uploads\/04-grafico-300x124.jpg 300w\" sizes=\"auto, (max-width: 542px) 100vw, 542px\" \/><\/a><!--more--><\/p>\n<p>5.<strong> Reducir el impacto ambiental<\/strong> de la vivienda e incrementar su resiliencia.<\/p>\n<p><a href=\"https:\/\/centrourbano.com\/revista\/wp-content\/uploads\/05-grafico.jpg\"><img loading=\"lazy\" decoding=\"async\" class=\"size-full wp-image-88680 aligncenter\" src=\"https:\/\/centrourbano.com\/revista\/wp-content\/uploads\/05-grafico.jpg\" alt=\"\" width=\"542\" height=\"224\" srcset=\"https:\/\/centrourbano.com\/revista\/wp-content\/uploads\/05-grafico.jpg 542w, https:\/\/centrourbano.com\/revista\/wp-content\/uploads\/05-grafico-300x124.jpg 300w\" sizes=\"auto, (max-width: 542px) 100vw, 542px\" \/><\/a><!--more--><\/p>\n<p>6.<strong> Optimizar el ciclo de vida<\/strong> de la vivienda.<\/p>\n<p><a href=\"https:\/\/centrourbano.com\/revista\/wp-content\/uploads\/06-grafico.jpg\"><img loading=\"lazy\" decoding=\"async\" class=\"size-full wp-image-88681 aligncenter\" src=\"https:\/\/centrourbano.com\/revista\/wp-content\/uploads\/06-grafico.jpg\" alt=\"\" width=\"542\" height=\"360\" srcset=\"https:\/\/centrourbano.com\/revista\/wp-content\/uploads\/06-grafico.jpg 542w, https:\/\/centrourbano.com\/revista\/wp-content\/uploads\/06-grafico-300x199.jpg 300w\" sizes=\"auto, (max-width: 542px) 100vw, 542px\" \/><\/a><!--more--><\/p>\n<p>Estas acciones permitir\u00e1n colocar a la vivienda como un sector crucial en los <strong>Objetivos de Desarrollo Sostenible (ODS)<\/strong> de la Agenda 2030, colocando a los derechos humanos y a las personas en el primer plano de las pol\u00edticas de desarrollo urbano sostenible.<\/p>\n<p>&nbsp;<\/p>\n<p>&nbsp;<\/p>\n","protected":false},"excerpt":{"rendered":"<p>Impulsar la vivienda social intraurbana y fomentar la vivienda social en renta son algunas de las acciones que propone el organismo\u00a0<\/p>\n","protected":false},"author":73,"featured_media":62538,"comment_status":"open","ping_status":"closed","sticky":false,"template":"","format":"standard","meta":{"om_disable_all_campaigns":false,"inline_featured_image":false,"_monsterinsights_skip_tracking":false,"_monsterinsights_sitenote_active":false,"_monsterinsights_sitenote_note":"","_monsterinsights_sitenote_category":0,"footnotes":""},"categories":[12],"tags":[353,5300,13860,8325,709],"class_list":["post-88567","post","type-post","status-publish","format-standard","has-post-thumbnail","hentry","category-vivienda","tag-acceso-a-vivienda","tag-derechos-humanos","tag-ods","tag-programa-onu-habitat","tag-rezago-habitacional"],"yoast_head":"<!-- This site is optimized with the Yoast SEO plugin v27.5 - https:\/\/yoast.com\/product\/yoast-seo-wordpress\/ -->\n<title>ONU-Habitat plantea seis estrategias para retos en vivienda<\/title>\n<meta name=\"description\" content=\"Impulsar la vivienda social intraurbana y fomentar la vivienda social en renta son algunas de las acciones que propone el organismo\" \/>\n<meta name=\"robots\" content=\"index, follow, max-snippet:-1, max-image-preview:large, max-video-preview:-1\" \/>\n<link rel=\"canonical\" href=\"https:\/\/centrourbano.com\/revista\/vivienda\/onu-habitat-plantea-seis-estrategias-para-retos-en-vivienda\/\" \/>\n<meta property=\"og:locale\" content=\"es_ES\" \/>\n<meta property=\"og:type\" content=\"article\" \/>\n<meta property=\"og:title\" content=\"ONU-Habitat plantea seis estrategias para retos en vivienda\" \/>\n<meta property=\"og:description\" content=\"Impulsar la vivienda social intraurbana y fomentar la vivienda social en renta son algunas de las acciones que propone el organismo\" \/>\n<meta property=\"og:url\" content=\"https:\/\/centrourbano.com\/revista\/vivienda\/onu-habitat-plantea-seis-estrategias-para-retos-en-vivienda\/\" \/>\n<meta property=\"og:site_name\" content=\"Centro Urbano\" \/>\n<meta property=\"article:publisher\" content=\"https:\/\/www.facebook.com\/portalcentrourbano\" \/>\n<meta property=\"article:published_time\" content=\"2019-04-10T13:00:21+00:00\" \/>\n<meta property=\"article:modified_time\" content=\"2019-04-10T15:51:04+00:00\" \/>\n<meta property=\"og:image\" content=\"https:\/\/centrourbano.com\/revista\/wp-content\/uploads\/viviendas-2.jpg\" \/>\n\t<meta property=\"og:image:width\" content=\"700\" \/>\n\t<meta property=\"og:image:height\" content=\"465\" \/>\n\t<meta property=\"og:image:type\" content=\"image\/jpeg\" \/>\n<meta name=\"author\" content=\"Fernanda Hern\u00e1ndez\" \/>\n<meta name=\"twitter:card\" content=\"summary_large_image\" \/>\n<meta name=\"twitter:creator\" content=\"@https:\/\/twitter.com\/Nannz_Hernandez\" \/>\n<meta name=\"twitter:site\" content=\"@CentroUrbano\" \/>\n<meta name=\"twitter:label1\" content=\"Escrito por\" \/>\n\t<meta name=\"twitter:data1\" content=\"Fernanda Hern\u00e1ndez\" \/>\n\t<meta name=\"twitter:label2\" content=\"Tiempo de lectura\" \/>\n\t<meta name=\"twitter:data2\" content=\"1 minuto\" \/>\n<script type=\"application\/ld+json\" class=\"yoast-schema-graph\">{\"@context\":\"https:\\\/\\\/schema.org\",\"@graph\":[{\"@type\":\"Article\",\"@id\":\"https:\\\/\\\/centrourbano.com\\\/revista\\\/vivienda\\\/onu-habitat-plantea-seis-estrategias-para-retos-en-vivienda\\\/#article\",\"isPartOf\":{\"@id\":\"https:\\\/\\\/centrourbano.com\\\/revista\\\/vivienda\\\/onu-habitat-plantea-seis-estrategias-para-retos-en-vivienda\\\/\"},\"author\":{\"name\":\"Fernanda Hern\u00e1ndez\",\"@id\":\"https:\\\/\\\/centrourbano.com\\\/revista\\\/#\\\/schema\\\/person\\\/bc284507d99af21c6df75a3f1924b95c\"},\"headline\":\"ONU-Habitat plantea seis estrategias para retos en vivienda\",\"datePublished\":\"2019-04-10T13:00:21+00:00\",\"dateModified\":\"2019-04-10T15:51:04+00:00\",\"mainEntityOfPage\":{\"@id\":\"https:\\\/\\\/centrourbano.com\\\/revista\\\/vivienda\\\/onu-habitat-plantea-seis-estrategias-para-retos-en-vivienda\\\/\"},\"wordCount\":296,\"commentCount\":0,\"publisher\":{\"@id\":\"https:\\\/\\\/centrourbano.com\\\/revista\\\/#organization\"},\"image\":{\"@id\":\"https:\\\/\\\/centrourbano.com\\\/revista\\\/vivienda\\\/onu-habitat-plantea-seis-estrategias-para-retos-en-vivienda\\\/#primaryimage\"},\"thumbnailUrl\":\"https:\\\/\\\/centrourbano.com\\\/revista\\\/wp-content\\\/uploads\\\/viviendas-2.jpg\",\"keywords\":[\"Acceso a vivienda\",\"Derechos Humanos\",\"ODS\",\"Programa ONU-Habitat\",\"Rezago habitacional\"],\"articleSection\":[\"Vivienda\"],\"inLanguage\":\"es\",\"potentialAction\":[{\"@type\":\"CommentAction\",\"name\":\"Comment\",\"target\":[\"https:\\\/\\\/centrourbano.com\\\/revista\\\/vivienda\\\/onu-habitat-plantea-seis-estrategias-para-retos-en-vivienda\\\/#respond\"]}]},{\"@type\":\"WebPage\",\"@id\":\"https:\\\/\\\/centrourbano.com\\\/revista\\\/vivienda\\\/onu-habitat-plantea-seis-estrategias-para-retos-en-vivienda\\\/\",\"url\":\"https:\\\/\\\/centrourbano.com\\\/revista\\\/vivienda\\\/onu-habitat-plantea-seis-estrategias-para-retos-en-vivienda\\\/\",\"name\":\"ONU-Habitat plantea seis estrategias para retos en vivienda\",\"isPartOf\":{\"@id\":\"https:\\\/\\\/centrourbano.com\\\/revista\\\/#website\"},\"primaryImageOfPage\":{\"@id\":\"https:\\\/\\\/centrourbano.com\\\/revista\\\/vivienda\\\/onu-habitat-plantea-seis-estrategias-para-retos-en-vivienda\\\/#primaryimage\"},\"image\":{\"@id\":\"https:\\\/\\\/centrourbano.com\\\/revista\\\/vivienda\\\/onu-habitat-plantea-seis-estrategias-para-retos-en-vivienda\\\/#primaryimage\"},\"thumbnailUrl\":\"https:\\\/\\\/centrourbano.com\\\/revista\\\/wp-content\\\/uploads\\\/viviendas-2.jpg\",\"datePublished\":\"2019-04-10T13:00:21+00:00\",\"dateModified\":\"2019-04-10T15:51:04+00:00\",\"description\":\"Impulsar la vivienda social intraurbana y fomentar la vivienda social en renta son algunas de las acciones que propone el organismo\",\"breadcrumb\":{\"@id\":\"https:\\\/\\\/centrourbano.com\\\/revista\\\/vivienda\\\/onu-habitat-plantea-seis-estrategias-para-retos-en-vivienda\\\/#breadcrumb\"},\"inLanguage\":\"es\",\"potentialAction\":[{\"@type\":\"ReadAction\",\"target\":[\"https:\\\/\\\/centrourbano.com\\\/revista\\\/vivienda\\\/onu-habitat-plantea-seis-estrategias-para-retos-en-vivienda\\\/\"]}]},{\"@type\":\"ImageObject\",\"inLanguage\":\"es\",\"@id\":\"https:\\\/\\\/centrourbano.com\\\/revista\\\/vivienda\\\/onu-habitat-plantea-seis-estrategias-para-retos-en-vivienda\\\/#primaryimage\",\"url\":\"https:\\\/\\\/centrourbano.com\\\/revista\\\/wp-content\\\/uploads\\\/viviendas-2.jpg\",\"contentUrl\":\"https:\\\/\\\/centrourbano.com\\\/revista\\\/wp-content\\\/uploads\\\/viviendas-2.jpg\",\"width\":700,\"height\":465},{\"@type\":\"BreadcrumbList\",\"@id\":\"https:\\\/\\\/centrourbano.com\\\/revista\\\/vivienda\\\/onu-habitat-plantea-seis-estrategias-para-retos-en-vivienda\\\/#breadcrumb\",\"itemListElement\":[{\"@type\":\"ListItem\",\"position\":1,\"name\":\"Portada\",\"item\":\"https:\\\/\\\/centrourbano.com\\\/revista\\\/\"},{\"@type\":\"ListItem\",\"position\":2,\"name\":\"ONU-Habitat plantea seis estrategias para retos en vivienda\"}]},{\"@type\":\"WebSite\",\"@id\":\"https:\\\/\\\/centrourbano.com\\\/revista\\\/#website\",\"url\":\"https:\\\/\\\/centrourbano.com\\\/revista\\\/\",\"name\":\"Centro Urbano\",\"description\":\"Medio especializado en los sectores vivienda, inmobiliario, construcci\u00f3n, arquitectura y urbanismo.\",\"publisher\":{\"@id\":\"https:\\\/\\\/centrourbano.com\\\/revista\\\/#organization\"},\"potentialAction\":[{\"@type\":\"SearchAction\",\"target\":{\"@type\":\"EntryPoint\",\"urlTemplate\":\"https:\\\/\\\/centrourbano.com\\\/revista\\\/?s={search_term_string}\"},\"query-input\":{\"@type\":\"PropertyValueSpecification\",\"valueRequired\":true,\"valueName\":\"search_term_string\"}}],\"inLanguage\":\"es\"},{\"@type\":\"Organization\",\"@id\":\"https:\\\/\\\/centrourbano.com\\\/revista\\\/#organization\",\"name\":\"Centro Urbano\",\"url\":\"https:\\\/\\\/centrourbano.com\\\/revista\\\/\",\"logo\":{\"@type\":\"ImageObject\",\"inLanguage\":\"es\",\"@id\":\"https:\\\/\\\/centrourbano.com\\\/revista\\\/#\\\/schema\\\/logo\\\/image\\\/\",\"url\":\"https:\\\/\\\/centrourbano.com\\\/revista\\\/wp-content\\\/uploads\\\/web_CU_logo-1.png\",\"contentUrl\":\"https:\\\/\\\/centrourbano.com\\\/revista\\\/wp-content\\\/uploads\\\/web_CU_logo-1.png\",\"width\":350,\"height\":91,\"caption\":\"Centro Urbano\"},\"image\":{\"@id\":\"https:\\\/\\\/centrourbano.com\\\/revista\\\/#\\\/schema\\\/logo\\\/image\\\/\"},\"sameAs\":[\"https:\\\/\\\/www.facebook.com\\\/portalcentrourbano\",\"https:\\\/\\\/x.com\\\/CentroUrbano\",\"https:\\\/\\\/www.instagram.com\\\/centro_urbano\\\/\",\"https:\\\/\\\/www.linkedin.com\\\/company\\\/centro-urbano\\\/\",\"http:\\\/\\\/www.youtube.com\\\/user\\\/portalcentrourbano\"]},{\"@type\":\"Person\",\"@id\":\"https:\\\/\\\/centrourbano.com\\\/revista\\\/#\\\/schema\\\/person\\\/bc284507d99af21c6df75a3f1924b95c\",\"name\":\"Fernanda Hern\u00e1ndez\",\"image\":{\"@type\":\"ImageObject\",\"inLanguage\":\"es\",\"@id\":\"https:\\\/\\\/secure.gravatar.com\\\/avatar\\\/9471831fb0a24eae9d32d826a7cb8ef07c34a41520aca1a0ab1f5c0903ba49b9?s=96&d=mm&r=g\",\"url\":\"https:\\\/\\\/secure.gravatar.com\\\/avatar\\\/9471831fb0a24eae9d32d826a7cb8ef07c34a41520aca1a0ab1f5c0903ba49b9?s=96&d=mm&r=g\",\"contentUrl\":\"https:\\\/\\\/secure.gravatar.com\\\/avatar\\\/9471831fb0a24eae9d32d826a7cb8ef07c34a41520aca1a0ab1f5c0903ba49b9?s=96&d=mm&r=g\",\"caption\":\"Fernanda Hern\u00e1ndez\"},\"description\":\"Reportera y redactora en Centro Urbano. Soy egresada de la licenciatura en Ciencias de la Comunicaci\u00f3n de la Facultad de Ciencias Pol\u00edticas y Sociales (UNAM). Me interesa la cultura, el urbanismo y la arquitectura. Amante del mundo digital, el cine, la m\u00fasica, la lectura y la escritura.\",\"sameAs\":[\"https:\\\/\\\/x.com\\\/https:\\\/\\\/twitter.com\\\/Nannz_Hernandez\"],\"url\":\"https:\\\/\\\/centrourbano.com\\\/revista\\\/author\\\/fernanda-hernandez\\\/\"}]}<\/script>\n<!-- \/ Yoast SEO plugin. -->","yoast_head_json":{"title":"ONU-Habitat plantea seis estrategias para retos en vivienda","description":"Impulsar la vivienda social intraurbana y fomentar la vivienda social en renta son algunas de las acciones que propone el organismo","robots":{"index":"index","follow":"follow","max-snippet":"max-snippet:-1","max-image-preview":"max-image-preview:large","max-video-preview":"max-video-preview:-1"},"canonical":"https:\/\/centrourbano.com\/revista\/vivienda\/onu-habitat-plantea-seis-estrategias-para-retos-en-vivienda\/","og_locale":"es_ES","og_type":"article","og_title":"ONU-Habitat plantea seis estrategias para retos en vivienda","og_description":"Impulsar la vivienda social intraurbana y fomentar la vivienda social en renta son algunas de las acciones que propone el organismo","og_url":"https:\/\/centrourbano.com\/revista\/vivienda\/onu-habitat-plantea-seis-estrategias-para-retos-en-vivienda\/","og_site_name":"Centro Urbano","article_publisher":"https:\/\/www.facebook.com\/portalcentrourbano","article_published_time":"2019-04-10T13:00:21+00:00","article_modified_time":"2019-04-10T15:51:04+00:00","og_image":[{"width":700,"height":465,"url":"https:\/\/centrourbano.com\/revista\/wp-content\/uploads\/viviendas-2.jpg","type":"image\/jpeg"}],"author":"Fernanda Hern\u00e1ndez","twitter_card":"summary_large_image","twitter_creator":"@https:\/\/twitter.com\/Nannz_Hernandez","twitter_site":"@CentroUrbano","twitter_misc":{"Escrito por":"Fernanda Hern\u00e1ndez","Tiempo de lectura":"1 minuto"},"schema":{"@context":"https:\/\/schema.org","@graph":[{"@type":"Article","@id":"https:\/\/centrourbano.com\/revista\/vivienda\/onu-habitat-plantea-seis-estrategias-para-retos-en-vivienda\/#article","isPartOf":{"@id":"https:\/\/centrourbano.com\/revista\/vivienda\/onu-habitat-plantea-seis-estrategias-para-retos-en-vivienda\/"},"author":{"name":"Fernanda Hern\u00e1ndez","@id":"https:\/\/centrourbano.com\/revista\/#\/schema\/person\/bc284507d99af21c6df75a3f1924b95c"},"headline":"ONU-Habitat plantea seis estrategias para retos en vivienda","datePublished":"2019-04-10T13:00:21+00:00","dateModified":"2019-04-10T15:51:04+00:00","mainEntityOfPage":{"@id":"https:\/\/centrourbano.com\/revista\/vivienda\/onu-habitat-plantea-seis-estrategias-para-retos-en-vivienda\/"},"wordCount":296,"commentCount":0,"publisher":{"@id":"https:\/\/centrourbano.com\/revista\/#organization"},"image":{"@id":"https:\/\/centrourbano.com\/revista\/vivienda\/onu-habitat-plantea-seis-estrategias-para-retos-en-vivienda\/#primaryimage"},"thumbnailUrl":"https:\/\/centrourbano.com\/revista\/wp-content\/uploads\/viviendas-2.jpg","keywords":["Acceso a vivienda","Derechos Humanos","ODS","Programa ONU-Habitat","Rezago habitacional"],"articleSection":["Vivienda"],"inLanguage":"es","potentialAction":[{"@type":"CommentAction","name":"Comment","target":["https:\/\/centrourbano.com\/revista\/vivienda\/onu-habitat-plantea-seis-estrategias-para-retos-en-vivienda\/#respond"]}]},{"@type":"WebPage","@id":"https:\/\/centrourbano.com\/revista\/vivienda\/onu-habitat-plantea-seis-estrategias-para-retos-en-vivienda\/","url":"https:\/\/centrourbano.com\/revista\/vivienda\/onu-habitat-plantea-seis-estrategias-para-retos-en-vivienda\/","name":"ONU-Habitat plantea seis estrategias para retos en vivienda","isPartOf":{"@id":"https:\/\/centrourbano.com\/revista\/#website"},"primaryImageOfPage":{"@id":"https:\/\/centrourbano.com\/revista\/vivienda\/onu-habitat-plantea-seis-estrategias-para-retos-en-vivienda\/#primaryimage"},"image":{"@id":"https:\/\/centrourbano.com\/revista\/vivienda\/onu-habitat-plantea-seis-estrategias-para-retos-en-vivienda\/#primaryimage"},"thumbnailUrl":"https:\/\/centrourbano.com\/revista\/wp-content\/uploads\/viviendas-2.jpg","datePublished":"2019-04-10T13:00:21+00:00","dateModified":"2019-04-10T15:51:04+00:00","description":"Impulsar la vivienda social intraurbana y fomentar la vivienda social en renta son algunas de las acciones que propone el organismo","breadcrumb":{"@id":"https:\/\/centrourbano.com\/revista\/vivienda\/onu-habitat-plantea-seis-estrategias-para-retos-en-vivienda\/#breadcrumb"},"inLanguage":"es","potentialAction":[{"@type":"ReadAction","target":["https:\/\/centrourbano.com\/revista\/vivienda\/onu-habitat-plantea-seis-estrategias-para-retos-en-vivienda\/"]}]},{"@type":"ImageObject","inLanguage":"es","@id":"https:\/\/centrourbano.com\/revista\/vivienda\/onu-habitat-plantea-seis-estrategias-para-retos-en-vivienda\/#primaryimage","url":"https:\/\/centrourbano.com\/revista\/wp-content\/uploads\/viviendas-2.jpg","contentUrl":"https:\/\/centrourbano.com\/revista\/wp-content\/uploads\/viviendas-2.jpg","width":700,"height":465},{"@type":"BreadcrumbList","@id":"https:\/\/centrourbano.com\/revista\/vivienda\/onu-habitat-plantea-seis-estrategias-para-retos-en-vivienda\/#breadcrumb","itemListElement":[{"@type":"ListItem","position":1,"name":"Portada","item":"https:\/\/centrourbano.com\/revista\/"},{"@type":"ListItem","position":2,"name":"ONU-Habitat plantea seis estrategias para retos en vivienda"}]},{"@type":"WebSite","@id":"https:\/\/centrourbano.com\/revista\/#website","url":"https:\/\/centrourbano.com\/revista\/","name":"Centro Urbano","description":"Medio especializado en los sectores vivienda, inmobiliario, construcci\u00f3n, arquitectura y urbanismo.","publisher":{"@id":"https:\/\/centrourbano.com\/revista\/#organization"},"potentialAction":[{"@type":"SearchAction","target":{"@type":"EntryPoint","urlTemplate":"https:\/\/centrourbano.com\/revista\/?s={search_term_string}"},"query-input":{"@type":"PropertyValueSpecification","valueRequired":true,"valueName":"search_term_string"}}],"inLanguage":"es"},{"@type":"Organization","@id":"https:\/\/centrourbano.com\/revista\/#organization","name":"Centro Urbano","url":"https:\/\/centrourbano.com\/revista\/","logo":{"@type":"ImageObject","inLanguage":"es","@id":"https:\/\/centrourbano.com\/revista\/#\/schema\/logo\/image\/","url":"https:\/\/centrourbano.com\/revista\/wp-content\/uploads\/web_CU_logo-1.png","contentUrl":"https:\/\/centrourbano.com\/revista\/wp-content\/uploads\/web_CU_logo-1.png","width":350,"height":91,"caption":"Centro Urbano"},"image":{"@id":"https:\/\/centrourbano.com\/revista\/#\/schema\/logo\/image\/"},"sameAs":["https:\/\/www.facebook.com\/portalcentrourbano","https:\/\/x.com\/CentroUrbano","https:\/\/www.instagram.com\/centro_urbano\/","https:\/\/www.linkedin.com\/company\/centro-urbano\/","http:\/\/www.youtube.com\/user\/portalcentrourbano"]},{"@type":"Person","@id":"https:\/\/centrourbano.com\/revista\/#\/schema\/person\/bc284507d99af21c6df75a3f1924b95c","name":"Fernanda Hern\u00e1ndez","image":{"@type":"ImageObject","inLanguage":"es","@id":"https:\/\/secure.gravatar.com\/avatar\/9471831fb0a24eae9d32d826a7cb8ef07c34a41520aca1a0ab1f5c0903ba49b9?s=96&d=mm&r=g","url":"https:\/\/secure.gravatar.com\/avatar\/9471831fb0a24eae9d32d826a7cb8ef07c34a41520aca1a0ab1f5c0903ba49b9?s=96&d=mm&r=g","contentUrl":"https:\/\/secure.gravatar.com\/avatar\/9471831fb0a24eae9d32d826a7cb8ef07c34a41520aca1a0ab1f5c0903ba49b9?s=96&d=mm&r=g","caption":"Fernanda Hern\u00e1ndez"},"description":"Reportera y redactora en Centro Urbano. Soy egresada de la licenciatura en Ciencias de la Comunicaci\u00f3n de la Facultad de Ciencias Pol\u00edticas y Sociales (UNAM). Me interesa la cultura, el urbanismo y la arquitectura. Amante del mundo digital, el cine, la m\u00fasica, la lectura y la escritura.","sameAs":["https:\/\/x.com\/https:\/\/twitter.com\/Nannz_Hernandez"],"url":"https:\/\/centrourbano.com\/revista\/author\/fernanda-hernandez\/"}]}},"_links":{"self":[{"href":"https:\/\/centrourbano.com\/revista\/wp-json\/wp\/v2\/posts\/88567","targetHints":{"allow":["GET"]}}],"collection":[{"href":"https:\/\/centrourbano.com\/revista\/wp-json\/wp\/v2\/posts"}],"about":[{"href":"https:\/\/centrourbano.com\/revista\/wp-json\/wp\/v2\/types\/post"}],"author":[{"embeddable":true,"href":"https:\/\/centrourbano.com\/revista\/wp-json\/wp\/v2\/users\/73"}],"replies":[{"embeddable":true,"href":"https:\/\/centrourbano.com\/revista\/wp-json\/wp\/v2\/comments?post=88567"}],"version-history":[{"count":16,"href":"https:\/\/centrourbano.com\/revista\/wp-json\/wp\/v2\/posts\/88567\/revisions"}],"predecessor-version":[{"id":88682,"href":"https:\/\/centrourbano.com\/revista\/wp-json\/wp\/v2\/posts\/88567\/revisions\/88682"}],"wp:featuredmedia":[{"embeddable":true,"href":"https:\/\/centrourbano.com\/revista\/wp-json\/wp\/v2\/media\/62538"}],"wp:attachment":[{"href":"https:\/\/centrourbano.com\/revista\/wp-json\/wp\/v2\/media?parent=88567"}],"wp:term":[{"taxonomy":"category","embeddable":true,"href":"https:\/\/centrourbano.com\/revista\/wp-json\/wp\/v2\/categories?post=88567"},{"taxonomy":"post_tag","embeddable":true,"href":"https:\/\/centrourbano.com\/revista\/wp-json\/wp\/v2\/tags?post=88567"}],"curies":[{"name":"wp","href":"https:\/\/api.w.org\/{rel}","templated":true}]}}