{"id":88448,"date":"2019-04-03T11:56:48","date_gmt":"2019-04-03T17:56:48","guid":{"rendered":"https:\/\/centrourbano.com\/?p=88448"},"modified":"2019-04-03T18:00:04","modified_gmt":"2019-04-04T00:00:04","slug":"abren-convocatorias-para-xxi-bienal-de-arquitectura-y-urbanismo-de-chile","status":"publish","type":"post","link":"https:\/\/centrourbano.com\/revista\/arquitectura-2\/abren-convocatorias-para-xxi-bienal-de-arquitectura-y-urbanismo-de-chile\/","title":{"rendered":"Abren convocatorias para XXI Bienal de Arquitectura y Urbanismo de Chile"},"content":{"rendered":"<p><em>La Bienal invita a sus participantes a enfocarse en lo com\u00fan y corriente de la ciudadan\u00eda colectiva, as\u00ed como las necesidades de sus espacios compartidos<\/em><br \/>\n<!--more--><\/p>\n<p>La <strong>XXI Bienal de Arquitectura y Urbanismo de Chile<\/strong> abri\u00f3 las convocatorias para recibir propuestas arquitect\u00f3nicas\u00a0dirigidas a la ciudadan\u00eda com\u00fan. Bajo el tema de &#8216;<strong>arquitectura com\u00fan y corriente<\/strong>&#8216;, la Bienal invita a sus participantes a enfocarse en las necesidades comunes de los espacios compartidos por la ciudadan\u00eda colectiva.<\/p>\n<p><strong>Juan Pablo Urrutia<\/strong>, co-curador del evento, se\u00f1al\u00f3 que, en las \u00faltimas d\u00e9cadas, la arquitectura de grandes obras o de la pobreza ha acaparado la discusi\u00f3n\u00a0y ha dejado de lado a qui\u00e9nes constituyen la mayor\u00eda de la poblaci\u00f3n. Por ello, en el Bienal bajo el nombre &#8216;<strong>Feria Libre de Arquitectura&#8217;<\/strong>\u00a0se buscar\u00e1 traer lo com\u00fan y corriente a esta disciplina.<\/p>\n<p>Los estudiantes, arquitectos, acad\u00e9micos, profesionales y otros actores interesados en participar deber\u00e1n partir de preguntas para capturar el verdadero desaf\u00edo de esta Bienal: \u00bfQui\u00e9n est\u00e1 produciendo la arquitectura para los \u201cni tan ricos ni tan pobres\u201d? \u00bfCu\u00e1les son sus necesidades? \u00bfC\u00f3mo responden los arquitectos a estas necesidades?<\/p>\n<p>Las propuestas\u00a0que recibir\u00e1 la\u00a0XXI Bienal de Arquitectura y Urbanismo no s\u00f3lo se centrar\u00e1n en obras, proyectos, investigaciones y publicaciones como en a\u00f1os anteriores, tambi\u00e9n se contemplan las propuestas para<strong> talleres, foros, intervenciones y cualquier otra actividad<\/strong> que contemple la participaci\u00f3n de audiencias y est\u00e9 auto-gestionada por los proponentes.<\/p>\n<p>La\u00a0XXI Bienal de Arquitectura y Urbanismo de Chile\u00a0es organizada por el<strong>\u00a0Colegio de Arquitectos de Chile<\/strong>, a trav\u00e9s de la\u00a0<strong>Fundaci\u00f3n Espacio y Desarrollo, <\/strong>mientras que el equipo curatorial est\u00e1 integrado por Beatriz Coeff\u00e9, Vesna Obilinovic, Joaqu\u00edn Gonz\u00e1lez, Juan Pablo Urrutia y Tom\u00e1s Villal\u00f3n.<\/p>\n<p>Las bases y la convocatoria completa podr\u00e1 consultarse en la <a href=\"https:\/\/www.bienaldearquitectura.cl\/\" target=\"_blank\" rel=\"noopener noreferrer\">p\u00e1gina oficial<\/a> del evento.<\/p>\n","protected":false},"excerpt":{"rendered":"<p>La Bienal invita a sus participantes a enfocarse en lo com\u00fan y corriente de la ciudadan\u00eda colectiva, as\u00ed como las necesidades de sus espacios compartidos<\/p>\n","protected":false},"author":72,"featured_media":88450,"comment_status":"open","ping_status":"closed","sticky":false,"template":"","format":"standard","meta":{"om_disable_all_campaigns":false,"inline_featured_image":false,"_monsterinsights_skip_tracking":false,"_monsterinsights_sitenote_active":false,"_monsterinsights_sitenote_note":"","_monsterinsights_sitenote_category":0,"footnotes":""},"categories":[81],"tags":[20,7928,617],"class_list":["post-88448","post","type-post","status-publish","format-standard","has-post-thumbnail","hentry","category-arquitectura-2","tag-arquitectura","tag-bienal-de-arquitectura-y-urbanismo","tag-chile"],"yoast_head":"<!-- This site is optimized with the Yoast SEO plugin v27.4 - https:\/\/yoast.com\/product\/yoast-seo-wordpress\/ -->\n<title>Abren convocatorias para XXI Bienal de Arquitectura y Urbanismo de Chile<\/title>\n<meta name=\"description\" content=\"La Bienal invita a sus participantes a enfocarse en lo com\u00fan y corriente de la ciudadan\u00eda colectiva, as\u00ed como las necesidades de sus espacios compartidos\" \/>\n<meta name=\"robots\" content=\"index, follow, max-snippet:-1, max-image-preview:large, max-video-preview:-1\" \/>\n<link rel=\"canonical\" href=\"https:\/\/centrourbano.com\/revista\/arquitectura-2\/abren-convocatorias-para-xxi-bienal-de-arquitectura-y-urbanismo-de-chile\/\" \/>\n<meta property=\"og:locale\" content=\"es_ES\" \/>\n<meta property=\"og:type\" content=\"article\" \/>\n<meta property=\"og:title\" content=\"Abren convocatorias para XXI Bienal de Arquitectura y Urbanismo de Chile\" \/>\n<meta property=\"og:description\" content=\"La Bienal invita a sus participantes a enfocarse en lo com\u00fan y corriente de la ciudadan\u00eda colectiva, as\u00ed como las necesidades de sus espacios compartidos\" \/>\n<meta property=\"og:url\" content=\"https:\/\/centrourbano.com\/revista\/arquitectura-2\/abren-convocatorias-para-xxi-bienal-de-arquitectura-y-urbanismo-de-chile\/\" \/>\n<meta property=\"og:site_name\" content=\"Centro Urbano\" \/>\n<meta property=\"article:publisher\" content=\"https:\/\/www.facebook.com\/portalcentrourbano\" \/>\n<meta property=\"article:published_time\" content=\"2019-04-03T17:56:48+00:00\" \/>\n<meta property=\"article:modified_time\" content=\"2019-04-04T00:00:04+00:00\" \/>\n<meta property=\"og:image\" content=\"https:\/\/centrourbano.com\/revista\/wp-content\/uploads\/result-8-1.jpg\" \/>\n\t<meta property=\"og:image:width\" content=\"800\" \/>\n\t<meta property=\"og:image:height\" content=\"800\" \/>\n\t<meta property=\"og:image:type\" content=\"image\/jpeg\" \/>\n<meta name=\"author\" content=\"Erika Escobar\" \/>\n<meta name=\"twitter:card\" content=\"summary_large_image\" \/>\n<meta name=\"twitter:creator\" content=\"@CentroUrbano\" \/>\n<meta name=\"twitter:site\" content=\"@CentroUrbano\" \/>\n<meta name=\"twitter:label1\" content=\"Escrito por\" \/>\n\t<meta name=\"twitter:data1\" content=\"Erika Escobar\" \/>\n\t<meta name=\"twitter:label2\" content=\"Tiempo de lectura\" \/>\n\t<meta name=\"twitter:data2\" content=\"2 minutos\" \/>\n<script type=\"application\/ld+json\" class=\"yoast-schema-graph\">{\"@context\":\"https:\\\/\\\/schema.org\",\"@graph\":[{\"@type\":\"Article\",\"@id\":\"https:\\\/\\\/centrourbano.com\\\/revista\\\/arquitectura-2\\\/abren-convocatorias-para-xxi-bienal-de-arquitectura-y-urbanismo-de-chile\\\/#article\",\"isPartOf\":{\"@id\":\"https:\\\/\\\/centrourbano.com\\\/revista\\\/arquitectura-2\\\/abren-convocatorias-para-xxi-bienal-de-arquitectura-y-urbanismo-de-chile\\\/\"},\"author\":{\"name\":\"Erika Escobar\",\"@id\":\"https:\\\/\\\/centrourbano.com\\\/revista\\\/#\\\/schema\\\/person\\\/8469a7904fe3cf3ff7a3c2e0686b6587\"},\"headline\":\"Abren convocatorias para XXI Bienal de Arquitectura y Urbanismo de Chile\",\"datePublished\":\"2019-04-03T17:56:48+00:00\",\"dateModified\":\"2019-04-04T00:00:04+00:00\",\"mainEntityOfPage\":{\"@id\":\"https:\\\/\\\/centrourbano.com\\\/revista\\\/arquitectura-2\\\/abren-convocatorias-para-xxi-bienal-de-arquitectura-y-urbanismo-de-chile\\\/\"},\"wordCount\":334,\"commentCount\":0,\"publisher\":{\"@id\":\"https:\\\/\\\/centrourbano.com\\\/revista\\\/#organization\"},\"image\":{\"@id\":\"https:\\\/\\\/centrourbano.com\\\/revista\\\/arquitectura-2\\\/abren-convocatorias-para-xxi-bienal-de-arquitectura-y-urbanismo-de-chile\\\/#primaryimage\"},\"thumbnailUrl\":\"https:\\\/\\\/centrourbano.com\\\/revista\\\/wp-content\\\/uploads\\\/result-8-1.jpg\",\"keywords\":[\"arquitectura\",\"Bienal de Arquitectura y Urbanismo\",\"Chile\"],\"articleSection\":[\"Arquitectura\"],\"inLanguage\":\"es\",\"potentialAction\":[{\"@type\":\"CommentAction\",\"name\":\"Comment\",\"target\":[\"https:\\\/\\\/centrourbano.com\\\/revista\\\/arquitectura-2\\\/abren-convocatorias-para-xxi-bienal-de-arquitectura-y-urbanismo-de-chile\\\/#respond\"]}]},{\"@type\":\"WebPage\",\"@id\":\"https:\\\/\\\/centrourbano.com\\\/revista\\\/arquitectura-2\\\/abren-convocatorias-para-xxi-bienal-de-arquitectura-y-urbanismo-de-chile\\\/\",\"url\":\"https:\\\/\\\/centrourbano.com\\\/revista\\\/arquitectura-2\\\/abren-convocatorias-para-xxi-bienal-de-arquitectura-y-urbanismo-de-chile\\\/\",\"name\":\"Abren convocatorias para XXI Bienal de Arquitectura y Urbanismo de Chile\",\"isPartOf\":{\"@id\":\"https:\\\/\\\/centrourbano.com\\\/revista\\\/#website\"},\"primaryImageOfPage\":{\"@id\":\"https:\\\/\\\/centrourbano.com\\\/revista\\\/arquitectura-2\\\/abren-convocatorias-para-xxi-bienal-de-arquitectura-y-urbanismo-de-chile\\\/#primaryimage\"},\"image\":{\"@id\":\"https:\\\/\\\/centrourbano.com\\\/revista\\\/arquitectura-2\\\/abren-convocatorias-para-xxi-bienal-de-arquitectura-y-urbanismo-de-chile\\\/#primaryimage\"},\"thumbnailUrl\":\"https:\\\/\\\/centrourbano.com\\\/revista\\\/wp-content\\\/uploads\\\/result-8-1.jpg\",\"datePublished\":\"2019-04-03T17:56:48+00:00\",\"dateModified\":\"2019-04-04T00:00:04+00:00\",\"description\":\"La Bienal invita a sus participantes a enfocarse en lo com\u00fan y corriente de la ciudadan\u00eda colectiva, as\u00ed como las necesidades de sus espacios compartidos\",\"breadcrumb\":{\"@id\":\"https:\\\/\\\/centrourbano.com\\\/revista\\\/arquitectura-2\\\/abren-convocatorias-para-xxi-bienal-de-arquitectura-y-urbanismo-de-chile\\\/#breadcrumb\"},\"inLanguage\":\"es\",\"potentialAction\":[{\"@type\":\"ReadAction\",\"target\":[\"https:\\\/\\\/centrourbano.com\\\/revista\\\/arquitectura-2\\\/abren-convocatorias-para-xxi-bienal-de-arquitectura-y-urbanismo-de-chile\\\/\"]}]},{\"@type\":\"ImageObject\",\"inLanguage\":\"es\",\"@id\":\"https:\\\/\\\/centrourbano.com\\\/revista\\\/arquitectura-2\\\/abren-convocatorias-para-xxi-bienal-de-arquitectura-y-urbanismo-de-chile\\\/#primaryimage\",\"url\":\"https:\\\/\\\/centrourbano.com\\\/revista\\\/wp-content\\\/uploads\\\/result-8-1.jpg\",\"contentUrl\":\"https:\\\/\\\/centrourbano.com\\\/revista\\\/wp-content\\\/uploads\\\/result-8-1.jpg\",\"width\":800,\"height\":800,\"caption\":\"La Bienal invita a sus participantes a enfocarse en lo com\u00fan y corriente de la ciudadan\u00eda colectiva, as\u00ed como las necesidades de sus espacios compartidos\"},{\"@type\":\"BreadcrumbList\",\"@id\":\"https:\\\/\\\/centrourbano.com\\\/revista\\\/arquitectura-2\\\/abren-convocatorias-para-xxi-bienal-de-arquitectura-y-urbanismo-de-chile\\\/#breadcrumb\",\"itemListElement\":[{\"@type\":\"ListItem\",\"position\":1,\"name\":\"Portada\",\"item\":\"https:\\\/\\\/centrourbano.com\\\/revista\\\/\"},{\"@type\":\"ListItem\",\"position\":2,\"name\":\"Abren convocatorias para XXI Bienal de Arquitectura y Urbanismo de Chile\"}]},{\"@type\":\"WebSite\",\"@id\":\"https:\\\/\\\/centrourbano.com\\\/revista\\\/#website\",\"url\":\"https:\\\/\\\/centrourbano.com\\\/revista\\\/\",\"name\":\"Centro Urbano\",\"description\":\"Medio especializado en los sectores vivienda, inmobiliario, construcci\u00f3n, arquitectura y urbanismo.\",\"publisher\":{\"@id\":\"https:\\\/\\\/centrourbano.com\\\/revista\\\/#organization\"},\"potentialAction\":[{\"@type\":\"SearchAction\",\"target\":{\"@type\":\"EntryPoint\",\"urlTemplate\":\"https:\\\/\\\/centrourbano.com\\\/revista\\\/?s={search_term_string}\"},\"query-input\":{\"@type\":\"PropertyValueSpecification\",\"valueRequired\":true,\"valueName\":\"search_term_string\"}}],\"inLanguage\":\"es\"},{\"@type\":\"Organization\",\"@id\":\"https:\\\/\\\/centrourbano.com\\\/revista\\\/#organization\",\"name\":\"Centro Urbano\",\"url\":\"https:\\\/\\\/centrourbano.com\\\/revista\\\/\",\"logo\":{\"@type\":\"ImageObject\",\"inLanguage\":\"es\",\"@id\":\"https:\\\/\\\/centrourbano.com\\\/revista\\\/#\\\/schema\\\/logo\\\/image\\\/\",\"url\":\"https:\\\/\\\/centrourbano.com\\\/revista\\\/wp-content\\\/uploads\\\/web_CU_logo-1.png\",\"contentUrl\":\"https:\\\/\\\/centrourbano.com\\\/revista\\\/wp-content\\\/uploads\\\/web_CU_logo-1.png\",\"width\":350,\"height\":91,\"caption\":\"Centro Urbano\"},\"image\":{\"@id\":\"https:\\\/\\\/centrourbano.com\\\/revista\\\/#\\\/schema\\\/logo\\\/image\\\/\"},\"sameAs\":[\"https:\\\/\\\/www.facebook.com\\\/portalcentrourbano\",\"https:\\\/\\\/x.com\\\/CentroUrbano\",\"https:\\\/\\\/www.instagram.com\\\/centro_urbano\\\/\",\"https:\\\/\\\/www.linkedin.com\\\/company\\\/centro-urbano\\\/\",\"http:\\\/\\\/www.youtube.com\\\/user\\\/portalcentrourbano\"]},{\"@type\":\"Person\",\"@id\":\"https:\\\/\\\/centrourbano.com\\\/revista\\\/#\\\/schema\\\/person\\\/8469a7904fe3cf3ff7a3c2e0686b6587\",\"name\":\"Erika Escobar\",\"image\":{\"@type\":\"ImageObject\",\"inLanguage\":\"es\",\"@id\":\"https:\\\/\\\/secure.gravatar.com\\\/avatar\\\/b1a25103701e9979acaf062795c9a583ddab62261a614b46accfcaf729f55957?s=96&d=mm&r=g\",\"url\":\"https:\\\/\\\/secure.gravatar.com\\\/avatar\\\/b1a25103701e9979acaf062795c9a583ddab62261a614b46accfcaf729f55957?s=96&d=mm&r=g\",\"contentUrl\":\"https:\\\/\\\/secure.gravatar.com\\\/avatar\\\/b1a25103701e9979acaf062795c9a583ddab62261a614b46accfcaf729f55957?s=96&d=mm&r=g\",\"caption\":\"Erika Escobar\"},\"url\":\"https:\\\/\\\/centrourbano.com\\\/revista\\\/author\\\/erika-escobar\\\/\"}]}<\/script>\n<!-- \/ Yoast SEO plugin. -->","yoast_head_json":{"title":"Abren convocatorias para XXI Bienal de Arquitectura y Urbanismo de Chile","description":"La Bienal invita a sus participantes a enfocarse en lo com\u00fan y corriente de la ciudadan\u00eda colectiva, as\u00ed como las necesidades de sus espacios compartidos","robots":{"index":"index","follow":"follow","max-snippet":"max-snippet:-1","max-image-preview":"max-image-preview:large","max-video-preview":"max-video-preview:-1"},"canonical":"https:\/\/centrourbano.com\/revista\/arquitectura-2\/abren-convocatorias-para-xxi-bienal-de-arquitectura-y-urbanismo-de-chile\/","og_locale":"es_ES","og_type":"article","og_title":"Abren convocatorias para XXI Bienal de Arquitectura y Urbanismo de Chile","og_description":"La Bienal invita a sus participantes a enfocarse en lo com\u00fan y corriente de la ciudadan\u00eda colectiva, as\u00ed como las necesidades de sus espacios compartidos","og_url":"https:\/\/centrourbano.com\/revista\/arquitectura-2\/abren-convocatorias-para-xxi-bienal-de-arquitectura-y-urbanismo-de-chile\/","og_site_name":"Centro Urbano","article_publisher":"https:\/\/www.facebook.com\/portalcentrourbano","article_published_time":"2019-04-03T17:56:48+00:00","article_modified_time":"2019-04-04T00:00:04+00:00","og_image":[{"width":800,"height":800,"url":"https:\/\/centrourbano.com\/revista\/wp-content\/uploads\/result-8-1.jpg","type":"image\/jpeg"}],"author":"Erika Escobar","twitter_card":"summary_large_image","twitter_creator":"@CentroUrbano","twitter_site":"@CentroUrbano","twitter_misc":{"Escrito por":"Erika Escobar","Tiempo de lectura":"2 minutos"},"schema":{"@context":"https:\/\/schema.org","@graph":[{"@type":"Article","@id":"https:\/\/centrourbano.com\/revista\/arquitectura-2\/abren-convocatorias-para-xxi-bienal-de-arquitectura-y-urbanismo-de-chile\/#article","isPartOf":{"@id":"https:\/\/centrourbano.com\/revista\/arquitectura-2\/abren-convocatorias-para-xxi-bienal-de-arquitectura-y-urbanismo-de-chile\/"},"author":{"name":"Erika Escobar","@id":"https:\/\/centrourbano.com\/revista\/#\/schema\/person\/8469a7904fe3cf3ff7a3c2e0686b6587"},"headline":"Abren convocatorias para XXI Bienal de Arquitectura y Urbanismo de Chile","datePublished":"2019-04-03T17:56:48+00:00","dateModified":"2019-04-04T00:00:04+00:00","mainEntityOfPage":{"@id":"https:\/\/centrourbano.com\/revista\/arquitectura-2\/abren-convocatorias-para-xxi-bienal-de-arquitectura-y-urbanismo-de-chile\/"},"wordCount":334,"commentCount":0,"publisher":{"@id":"https:\/\/centrourbano.com\/revista\/#organization"},"image":{"@id":"https:\/\/centrourbano.com\/revista\/arquitectura-2\/abren-convocatorias-para-xxi-bienal-de-arquitectura-y-urbanismo-de-chile\/#primaryimage"},"thumbnailUrl":"https:\/\/centrourbano.com\/revista\/wp-content\/uploads\/result-8-1.jpg","keywords":["arquitectura","Bienal de Arquitectura y Urbanismo","Chile"],"articleSection":["Arquitectura"],"inLanguage":"es","potentialAction":[{"@type":"CommentAction","name":"Comment","target":["https:\/\/centrourbano.com\/revista\/arquitectura-2\/abren-convocatorias-para-xxi-bienal-de-arquitectura-y-urbanismo-de-chile\/#respond"]}]},{"@type":"WebPage","@id":"https:\/\/centrourbano.com\/revista\/arquitectura-2\/abren-convocatorias-para-xxi-bienal-de-arquitectura-y-urbanismo-de-chile\/","url":"https:\/\/centrourbano.com\/revista\/arquitectura-2\/abren-convocatorias-para-xxi-bienal-de-arquitectura-y-urbanismo-de-chile\/","name":"Abren convocatorias para XXI Bienal de Arquitectura y Urbanismo de Chile","isPartOf":{"@id":"https:\/\/centrourbano.com\/revista\/#website"},"primaryImageOfPage":{"@id":"https:\/\/centrourbano.com\/revista\/arquitectura-2\/abren-convocatorias-para-xxi-bienal-de-arquitectura-y-urbanismo-de-chile\/#primaryimage"},"image":{"@id":"https:\/\/centrourbano.com\/revista\/arquitectura-2\/abren-convocatorias-para-xxi-bienal-de-arquitectura-y-urbanismo-de-chile\/#primaryimage"},"thumbnailUrl":"https:\/\/centrourbano.com\/revista\/wp-content\/uploads\/result-8-1.jpg","datePublished":"2019-04-03T17:56:48+00:00","dateModified":"2019-04-04T00:00:04+00:00","description":"La Bienal invita a sus participantes a enfocarse en lo com\u00fan y corriente de la ciudadan\u00eda colectiva, as\u00ed como las necesidades de sus espacios compartidos","breadcrumb":{"@id":"https:\/\/centrourbano.com\/revista\/arquitectura-2\/abren-convocatorias-para-xxi-bienal-de-arquitectura-y-urbanismo-de-chile\/#breadcrumb"},"inLanguage":"es","potentialAction":[{"@type":"ReadAction","target":["https:\/\/centrourbano.com\/revista\/arquitectura-2\/abren-convocatorias-para-xxi-bienal-de-arquitectura-y-urbanismo-de-chile\/"]}]},{"@type":"ImageObject","inLanguage":"es","@id":"https:\/\/centrourbano.com\/revista\/arquitectura-2\/abren-convocatorias-para-xxi-bienal-de-arquitectura-y-urbanismo-de-chile\/#primaryimage","url":"https:\/\/centrourbano.com\/revista\/wp-content\/uploads\/result-8-1.jpg","contentUrl":"https:\/\/centrourbano.com\/revista\/wp-content\/uploads\/result-8-1.jpg","width":800,"height":800,"caption":"La Bienal invita a sus participantes a enfocarse en lo com\u00fan y corriente de la ciudadan\u00eda colectiva, as\u00ed como las necesidades de sus espacios compartidos"},{"@type":"BreadcrumbList","@id":"https:\/\/centrourbano.com\/revista\/arquitectura-2\/abren-convocatorias-para-xxi-bienal-de-arquitectura-y-urbanismo-de-chile\/#breadcrumb","itemListElement":[{"@type":"ListItem","position":1,"name":"Portada","item":"https:\/\/centrourbano.com\/revista\/"},{"@type":"ListItem","position":2,"name":"Abren convocatorias para XXI Bienal de Arquitectura y Urbanismo de Chile"}]},{"@type":"WebSite","@id":"https:\/\/centrourbano.com\/revista\/#website","url":"https:\/\/centrourbano.com\/revista\/","name":"Centro Urbano","description":"Medio especializado en los sectores vivienda, inmobiliario, construcci\u00f3n, arquitectura y urbanismo.","publisher":{"@id":"https:\/\/centrourbano.com\/revista\/#organization"},"potentialAction":[{"@type":"SearchAction","target":{"@type":"EntryPoint","urlTemplate":"https:\/\/centrourbano.com\/revista\/?s={search_term_string}"},"query-input":{"@type":"PropertyValueSpecification","valueRequired":true,"valueName":"search_term_string"}}],"inLanguage":"es"},{"@type":"Organization","@id":"https:\/\/centrourbano.com\/revista\/#organization","name":"Centro Urbano","url":"https:\/\/centrourbano.com\/revista\/","logo":{"@type":"ImageObject","inLanguage":"es","@id":"https:\/\/centrourbano.com\/revista\/#\/schema\/logo\/image\/","url":"https:\/\/centrourbano.com\/revista\/wp-content\/uploads\/web_CU_logo-1.png","contentUrl":"https:\/\/centrourbano.com\/revista\/wp-content\/uploads\/web_CU_logo-1.png","width":350,"height":91,"caption":"Centro Urbano"},"image":{"@id":"https:\/\/centrourbano.com\/revista\/#\/schema\/logo\/image\/"},"sameAs":["https:\/\/www.facebook.com\/portalcentrourbano","https:\/\/x.com\/CentroUrbano","https:\/\/www.instagram.com\/centro_urbano\/","https:\/\/www.linkedin.com\/company\/centro-urbano\/","http:\/\/www.youtube.com\/user\/portalcentrourbano"]},{"@type":"Person","@id":"https:\/\/centrourbano.com\/revista\/#\/schema\/person\/8469a7904fe3cf3ff7a3c2e0686b6587","name":"Erika Escobar","image":{"@type":"ImageObject","inLanguage":"es","@id":"https:\/\/secure.gravatar.com\/avatar\/b1a25103701e9979acaf062795c9a583ddab62261a614b46accfcaf729f55957?s=96&d=mm&r=g","url":"https:\/\/secure.gravatar.com\/avatar\/b1a25103701e9979acaf062795c9a583ddab62261a614b46accfcaf729f55957?s=96&d=mm&r=g","contentUrl":"https:\/\/secure.gravatar.com\/avatar\/b1a25103701e9979acaf062795c9a583ddab62261a614b46accfcaf729f55957?s=96&d=mm&r=g","caption":"Erika Escobar"},"url":"https:\/\/centrourbano.com\/revista\/author\/erika-escobar\/"}]}},"_links":{"self":[{"href":"https:\/\/centrourbano.com\/revista\/wp-json\/wp\/v2\/posts\/88448","targetHints":{"allow":["GET"]}}],"collection":[{"href":"https:\/\/centrourbano.com\/revista\/wp-json\/wp\/v2\/posts"}],"about":[{"href":"https:\/\/centrourbano.com\/revista\/wp-json\/wp\/v2\/types\/post"}],"author":[{"embeddable":true,"href":"https:\/\/centrourbano.com\/revista\/wp-json\/wp\/v2\/users\/72"}],"replies":[{"embeddable":true,"href":"https:\/\/centrourbano.com\/revista\/wp-json\/wp\/v2\/comments?post=88448"}],"version-history":[{"count":3,"href":"https:\/\/centrourbano.com\/revista\/wp-json\/wp\/v2\/posts\/88448\/revisions"}],"predecessor-version":[{"id":88453,"href":"https:\/\/centrourbano.com\/revista\/wp-json\/wp\/v2\/posts\/88448\/revisions\/88453"}],"wp:featuredmedia":[{"embeddable":true,"href":"https:\/\/centrourbano.com\/revista\/wp-json\/wp\/v2\/media\/88450"}],"wp:attachment":[{"href":"https:\/\/centrourbano.com\/revista\/wp-json\/wp\/v2\/media?parent=88448"}],"wp:term":[{"taxonomy":"category","embeddable":true,"href":"https:\/\/centrourbano.com\/revista\/wp-json\/wp\/v2\/categories?post=88448"},{"taxonomy":"post_tag","embeddable":true,"href":"https:\/\/centrourbano.com\/revista\/wp-json\/wp\/v2\/tags?post=88448"}],"curies":[{"name":"wp","href":"https:\/\/api.w.org\/{rel}","templated":true}]}}