{"id":87949,"date":"2019-03-25T17:11:21","date_gmt":"2019-03-25T23:11:21","guid":{"rendered":"https:\/\/centrourbano.com\/?p=87949"},"modified":"2019-03-25T17:12:07","modified_gmt":"2019-03-25T23:12:07","slug":"posadas-busca-llegar-las-300-propiedades-2020","status":"publish","type":"post","link":"https:\/\/centrourbano.com\/revista\/inmobiliario\/posadas-busca-llegar-las-300-propiedades-2020\/","title":{"rendered":"Posadas busca llegar a las 300 propiedades en 2020"},"content":{"rendered":"<p><em>La compa\u00f1\u00eda estima abrir un hotel cada dos semanas este 2019<\/em><!--more--><\/p>\n<p>Grupo Posadas estima que para 2020 la compa\u00f1\u00eda podr\u00eda consolidar su portafolio con 300 propiedades en operaci\u00f3n en el pa\u00eds, tal como lo han venido planeando, inform\u00f3\u00a0Jos\u00e9 Carlos Azc\u00e1rraga, director general de la cadena hotelera.<\/p>\n<p>El directivo dijo a medios que invertir\u00e1 cerca de 24,000 millones de pesos para seguir con su estrategia de expansi\u00f3n en 53 hoteles en desarrollo, que equivalen a 10,000 habitaciones con marcas como el Fiesta Americana,\u00a0Grand Fiesta Americana, Live Aqua y The One.<\/p>\n<p>Al cierre del 2018, Grupo Posadas contaba con 180 propiedades\u00a0en 63 destinos, y para este a\u00f1o, la compa\u00f1\u00eda que dirige Carlos Azc\u00e1rraga estar\u00eda abriendo 24 nuevas propiedades; un hotel cada dos semanas, asegura el directivo.<\/p>\n","protected":false},"excerpt":{"rendered":"<p>La compa\u00f1\u00eda estima abrir un hotel cada dos semanas este 2019<\/p>\n","protected":false},"author":77,"featured_media":87962,"comment_status":"open","ping_status":"closed","sticky":false,"template":"","format":"standard","meta":{"inline_featured_image":false,"footnotes":""},"categories":[15],"tags":[],"class_list":["post-87949","post","type-post","status-publish","format-standard","has-post-thumbnail","hentry","category-inmobiliario"],"yoast_head":"<!-- This site is optimized with the Yoast SEO plugin v28.4 - https:\/\/yoast.com\/product\/yoast-seo-wordpress\/ -->\n<title>Posadas busca llegar a las 300 propiedades en 2020<\/title>\n<meta name=\"description\" content=\"La compa\u00f1\u00eda estima abrir un hotel cada dos semanas este 2019\" \/>\n<meta name=\"robots\" content=\"index, follow, max-snippet:-1, max-image-preview:large, max-video-preview:-1\" \/>\n<link rel=\"canonical\" href=\"https:\/\/centrourbano.com\/revista\/inmobiliario\/posadas-busca-llegar-las-300-propiedades-2020\/\" \/>\n<meta property=\"og:locale\" content=\"es_ES\" \/>\n<meta property=\"og:type\" content=\"article\" \/>\n<meta property=\"og:title\" content=\"Posadas busca llegar a las 300 propiedades en 2020\" \/>\n<meta property=\"og:description\" content=\"La compa\u00f1\u00eda estima abrir un hotel cada dos semanas este 2019\" \/>\n<meta property=\"og:url\" content=\"https:\/\/centrourbano.com\/revista\/inmobiliario\/posadas-busca-llegar-las-300-propiedades-2020\/\" \/>\n<meta property=\"og:site_name\" content=\"Centro Urbano\" \/>\n<meta property=\"article:publisher\" content=\"https:\/\/www.facebook.com\/portalcentrourbano\" \/>\n<meta property=\"article:published_time\" content=\"2019-03-25T23:11:21+00:00\" \/>\n<meta property=\"article:modified_time\" content=\"2019-03-25T23:12:07+00:00\" \/>\n<meta property=\"og:image\" content=\"https:\/\/centrourbano.com\/revista\/wp-content\/uploads\/100569.6437.cancun.fiesta-americana-grand-coral-beach-cancun.hero-pacd33Tl-35380-1280x720-1.jpeg\" \/>\n\t<meta property=\"og:image:width\" content=\"1280\" \/>\n\t<meta property=\"og:image:height\" content=\"720\" \/>\n\t<meta property=\"og:image:type\" content=\"image\/jpeg\" \/>\n<meta name=\"author\" content=\"G4A\" \/>\n<meta name=\"twitter:card\" content=\"summary_large_image\" \/>\n<meta name=\"twitter:creator\" content=\"@CentroUrbano\" \/>\n<meta name=\"twitter:site\" content=\"@CentroUrbano\" \/>\n<meta name=\"twitter:label1\" content=\"Escrito por\" \/>\n\t<meta name=\"twitter:data1\" content=\"G4A\" \/>\n\t<meta name=\"twitter:label2\" content=\"Tiempo de lectura\" \/>\n\t<meta name=\"twitter:data2\" content=\"1 minuto\" \/>\n<script type=\"application\/ld+json\" class=\"yoast-schema-graph\">{\"@context\":\"https:\\\/\\\/schema.org\",\"@graph\":[{\"@type\":\"Article\",\"@id\":\"https:\\\/\\\/centrourbano.com\\\/revista\\\/inmobiliario\\\/posadas-busca-llegar-las-300-propiedades-2020\\\/#article\",\"isPartOf\":{\"@id\":\"https:\\\/\\\/centrourbano.com\\\/revista\\\/inmobiliario\\\/posadas-busca-llegar-las-300-propiedades-2020\\\/\"},\"author\":{\"name\":\"G4A\",\"@id\":\"https:\\\/\\\/centrourbano.com\\\/revista\\\/#\\\/schema\\\/person\\\/370fa0ba2d8dd5bde3fdb8b62ad360aa\"},\"headline\":\"Posadas busca llegar a las 300 propiedades en 2020\",\"datePublished\":\"2019-03-25T23:11:21+00:00\",\"dateModified\":\"2019-03-25T23:12:07+00:00\",\"mainEntityOfPage\":{\"@id\":\"https:\\\/\\\/centrourbano.com\\\/revista\\\/inmobiliario\\\/posadas-busca-llegar-las-300-propiedades-2020\\\/\"},\"wordCount\":135,\"commentCount\":0,\"publisher\":{\"@id\":\"https:\\\/\\\/centrourbano.com\\\/revista\\\/#organization\"},\"image\":{\"@id\":\"https:\\\/\\\/centrourbano.com\\\/revista\\\/inmobiliario\\\/posadas-busca-llegar-las-300-propiedades-2020\\\/#primaryimage\"},\"thumbnailUrl\":\"https:\\\/\\\/centrourbano.com\\\/revista\\\/wp-content\\\/uploads\\\/100569.6437.cancun.fiesta-americana-grand-coral-beach-cancun.hero-pacd33Tl-35380-1280x720-1.jpeg\",\"articleSection\":[\"Inmobiliario\"],\"inLanguage\":\"es\"},{\"@type\":\"WebPage\",\"@id\":\"https:\\\/\\\/centrourbano.com\\\/revista\\\/inmobiliario\\\/posadas-busca-llegar-las-300-propiedades-2020\\\/\",\"url\":\"https:\\\/\\\/centrourbano.com\\\/revista\\\/inmobiliario\\\/posadas-busca-llegar-las-300-propiedades-2020\\\/\",\"name\":\"Posadas busca llegar a las 300 propiedades en 2020\",\"isPartOf\":{\"@id\":\"https:\\\/\\\/centrourbano.com\\\/revista\\\/#website\"},\"primaryImageOfPage\":{\"@id\":\"https:\\\/\\\/centrourbano.com\\\/revista\\\/inmobiliario\\\/posadas-busca-llegar-las-300-propiedades-2020\\\/#primaryimage\"},\"image\":{\"@id\":\"https:\\\/\\\/centrourbano.com\\\/revista\\\/inmobiliario\\\/posadas-busca-llegar-las-300-propiedades-2020\\\/#primaryimage\"},\"thumbnailUrl\":\"https:\\\/\\\/centrourbano.com\\\/revista\\\/wp-content\\\/uploads\\\/100569.6437.cancun.fiesta-americana-grand-coral-beach-cancun.hero-pacd33Tl-35380-1280x720-1.jpeg\",\"datePublished\":\"2019-03-25T23:11:21+00:00\",\"dateModified\":\"2019-03-25T23:12:07+00:00\",\"description\":\"La compa\u00f1\u00eda estima abrir un hotel cada dos semanas este 2019\",\"breadcrumb\":{\"@id\":\"https:\\\/\\\/centrourbano.com\\\/revista\\\/inmobiliario\\\/posadas-busca-llegar-las-300-propiedades-2020\\\/#breadcrumb\"},\"inLanguage\":\"es\",\"potentialAction\":[{\"@type\":\"ReadAction\",\"target\":[\"https:\\\/\\\/centrourbano.com\\\/revista\\\/inmobiliario\\\/posadas-busca-llegar-las-300-propiedades-2020\\\/\"]}]},{\"@type\":\"ImageObject\",\"inLanguage\":\"es\",\"@id\":\"https:\\\/\\\/centrourbano.com\\\/revista\\\/inmobiliario\\\/posadas-busca-llegar-las-300-propiedades-2020\\\/#primaryimage\",\"url\":\"https:\\\/\\\/centrourbano.com\\\/revista\\\/wp-content\\\/uploads\\\/100569.6437.cancun.fiesta-americana-grand-coral-beach-cancun.hero-pacd33Tl-35380-1280x720-1.jpeg\",\"contentUrl\":\"https:\\\/\\\/centrourbano.com\\\/revista\\\/wp-content\\\/uploads\\\/100569.6437.cancun.fiesta-americana-grand-coral-beach-cancun.hero-pacd33Tl-35380-1280x720-1.jpeg\",\"width\":1280,\"height\":720,\"caption\":\"La compa\u00f1\u00eda estima abrir un hotel cada dos semanas este 2019\"},{\"@type\":\"BreadcrumbList\",\"@id\":\"https:\\\/\\\/centrourbano.com\\\/revista\\\/inmobiliario\\\/posadas-busca-llegar-las-300-propiedades-2020\\\/#breadcrumb\",\"itemListElement\":[{\"@type\":\"ListItem\",\"position\":1,\"name\":\"Portada\",\"item\":\"https:\\\/\\\/centrourbano.com\\\/revista\\\/\"},{\"@type\":\"ListItem\",\"position\":2,\"name\":\"Posadas busca llegar a las 300 propiedades en 2020\"}]},{\"@type\":\"WebSite\",\"@id\":\"https:\\\/\\\/centrourbano.com\\\/revista\\\/#website\",\"url\":\"https:\\\/\\\/centrourbano.com\\\/revista\\\/\",\"name\":\"Centro Urbano\",\"description\":\"Medio especializado en los sectores vivienda, inmobiliario, construcci\u00f3n, arquitectura y urbanismo.\",\"publisher\":{\"@id\":\"https:\\\/\\\/centrourbano.com\\\/revista\\\/#organization\"},\"potentialAction\":[{\"@type\":\"SearchAction\",\"target\":{\"@type\":\"EntryPoint\",\"urlTemplate\":\"https:\\\/\\\/centrourbano.com\\\/revista\\\/?s={search_term_string}\"},\"query-input\":{\"@type\":\"PropertyValueSpecification\",\"valueRequired\":true,\"valueName\":\"search_term_string\"}}],\"inLanguage\":\"es\"},{\"@type\":\"Organization\",\"@id\":\"https:\\\/\\\/centrourbano.com\\\/revista\\\/#organization\",\"name\":\"Centro Urbano\",\"url\":\"https:\\\/\\\/centrourbano.com\\\/revista\\\/\",\"logo\":{\"@type\":\"ImageObject\",\"inLanguage\":\"es\",\"@id\":\"https:\\\/\\\/centrourbano.com\\\/revista\\\/#\\\/schema\\\/logo\\\/image\\\/\",\"url\":\"https:\\\/\\\/centrourbano.com\\\/revista\\\/wp-content\\\/uploads\\\/web_CU_logo-1.png\",\"contentUrl\":\"https:\\\/\\\/centrourbano.com\\\/revista\\\/wp-content\\\/uploads\\\/web_CU_logo-1.png\",\"width\":350,\"height\":91,\"caption\":\"Centro Urbano\"},\"image\":{\"@id\":\"https:\\\/\\\/centrourbano.com\\\/revista\\\/#\\\/schema\\\/logo\\\/image\\\/\"},\"sameAs\":[\"https:\\\/\\\/www.facebook.com\\\/portalcentrourbano\",\"https:\\\/\\\/x.com\\\/CentroUrbano\",\"https:\\\/\\\/www.instagram.com\\\/centro_urbano\\\/\",\"https:\\\/\\\/www.linkedin.com\\\/company\\\/centro-urbano\\\/\",\"http:\\\/\\\/www.youtube.com\\\/user\\\/portalcentrourbano\"]},{\"@type\":\"Person\",\"@id\":\"https:\\\/\\\/centrourbano.com\\\/revista\\\/#\\\/schema\\\/person\\\/370fa0ba2d8dd5bde3fdb8b62ad360aa\",\"name\":\"G4A\",\"image\":{\"@type\":\"ImageObject\",\"inLanguage\":\"es\",\"@id\":\"https:\\\/\\\/secure.gravatar.com\\\/avatar\\\/932a97121b13d5de5bbd8193c6c83d3b92c9eda0f39623607d4280e7a5778d97?s=96&d=mm&r=g\",\"url\":\"https:\\\/\\\/secure.gravatar.com\\\/avatar\\\/932a97121b13d5de5bbd8193c6c83d3b92c9eda0f39623607d4280e7a5778d97?s=96&d=mm&r=g\",\"contentUrl\":\"https:\\\/\\\/secure.gravatar.com\\\/avatar\\\/932a97121b13d5de5bbd8193c6c83d3b92c9eda0f39623607d4280e7a5778d97?s=96&d=mm&r=g\",\"caption\":\"G4A\"},\"url\":\"https:\\\/\\\/centrourbano.com\\\/revista\\\/author\\\/admin-g4a\\\/\"}]}<\/script>\n<!-- \/ Yoast SEO plugin. -->","yoast_head_json":{"title":"Posadas busca llegar a las 300 propiedades en 2020","description":"La compa\u00f1\u00eda estima abrir un hotel cada dos semanas este 2019","robots":{"index":"index","follow":"follow","max-snippet":"max-snippet:-1","max-image-preview":"max-image-preview:large","max-video-preview":"max-video-preview:-1"},"canonical":"https:\/\/centrourbano.com\/revista\/inmobiliario\/posadas-busca-llegar-las-300-propiedades-2020\/","og_locale":"es_ES","og_type":"article","og_title":"Posadas busca llegar a las 300 propiedades en 2020","og_description":"La compa\u00f1\u00eda estima abrir un hotel cada dos semanas este 2019","og_url":"https:\/\/centrourbano.com\/revista\/inmobiliario\/posadas-busca-llegar-las-300-propiedades-2020\/","og_site_name":"Centro Urbano","article_publisher":"https:\/\/www.facebook.com\/portalcentrourbano","article_published_time":"2019-03-25T23:11:21+00:00","article_modified_time":"2019-03-25T23:12:07+00:00","og_image":[{"width":1280,"height":720,"url":"https:\/\/centrourbano.com\/revista\/wp-content\/uploads\/100569.6437.cancun.fiesta-americana-grand-coral-beach-cancun.hero-pacd33Tl-35380-1280x720-1.jpeg","type":"image\/jpeg"}],"author":"G4A","twitter_card":"summary_large_image","twitter_creator":"@CentroUrbano","twitter_site":"@CentroUrbano","twitter_misc":{"Escrito por":"G4A","Tiempo de lectura":"1 minuto"},"schema":{"@context":"https:\/\/schema.org","@graph":[{"@type":"Article","@id":"https:\/\/centrourbano.com\/revista\/inmobiliario\/posadas-busca-llegar-las-300-propiedades-2020\/#article","isPartOf":{"@id":"https:\/\/centrourbano.com\/revista\/inmobiliario\/posadas-busca-llegar-las-300-propiedades-2020\/"},"author":{"name":"G4A","@id":"https:\/\/centrourbano.com\/revista\/#\/schema\/person\/370fa0ba2d8dd5bde3fdb8b62ad360aa"},"headline":"Posadas busca llegar a las 300 propiedades en 2020","datePublished":"2019-03-25T23:11:21+00:00","dateModified":"2019-03-25T23:12:07+00:00","mainEntityOfPage":{"@id":"https:\/\/centrourbano.com\/revista\/inmobiliario\/posadas-busca-llegar-las-300-propiedades-2020\/"},"wordCount":135,"commentCount":0,"publisher":{"@id":"https:\/\/centrourbano.com\/revista\/#organization"},"image":{"@id":"https:\/\/centrourbano.com\/revista\/inmobiliario\/posadas-busca-llegar-las-300-propiedades-2020\/#primaryimage"},"thumbnailUrl":"https:\/\/centrourbano.com\/revista\/wp-content\/uploads\/100569.6437.cancun.fiesta-americana-grand-coral-beach-cancun.hero-pacd33Tl-35380-1280x720-1.jpeg","articleSection":["Inmobiliario"],"inLanguage":"es"},{"@type":"WebPage","@id":"https:\/\/centrourbano.com\/revista\/inmobiliario\/posadas-busca-llegar-las-300-propiedades-2020\/","url":"https:\/\/centrourbano.com\/revista\/inmobiliario\/posadas-busca-llegar-las-300-propiedades-2020\/","name":"Posadas busca llegar a las 300 propiedades en 2020","isPartOf":{"@id":"https:\/\/centrourbano.com\/revista\/#website"},"primaryImageOfPage":{"@id":"https:\/\/centrourbano.com\/revista\/inmobiliario\/posadas-busca-llegar-las-300-propiedades-2020\/#primaryimage"},"image":{"@id":"https:\/\/centrourbano.com\/revista\/inmobiliario\/posadas-busca-llegar-las-300-propiedades-2020\/#primaryimage"},"thumbnailUrl":"https:\/\/centrourbano.com\/revista\/wp-content\/uploads\/100569.6437.cancun.fiesta-americana-grand-coral-beach-cancun.hero-pacd33Tl-35380-1280x720-1.jpeg","datePublished":"2019-03-25T23:11:21+00:00","dateModified":"2019-03-25T23:12:07+00:00","description":"La compa\u00f1\u00eda estima abrir un hotel cada dos semanas este 2019","breadcrumb":{"@id":"https:\/\/centrourbano.com\/revista\/inmobiliario\/posadas-busca-llegar-las-300-propiedades-2020\/#breadcrumb"},"inLanguage":"es","potentialAction":[{"@type":"ReadAction","target":["https:\/\/centrourbano.com\/revista\/inmobiliario\/posadas-busca-llegar-las-300-propiedades-2020\/"]}]},{"@type":"ImageObject","inLanguage":"es","@id":"https:\/\/centrourbano.com\/revista\/inmobiliario\/posadas-busca-llegar-las-300-propiedades-2020\/#primaryimage","url":"https:\/\/centrourbano.com\/revista\/wp-content\/uploads\/100569.6437.cancun.fiesta-americana-grand-coral-beach-cancun.hero-pacd33Tl-35380-1280x720-1.jpeg","contentUrl":"https:\/\/centrourbano.com\/revista\/wp-content\/uploads\/100569.6437.cancun.fiesta-americana-grand-coral-beach-cancun.hero-pacd33Tl-35380-1280x720-1.jpeg","width":1280,"height":720,"caption":"La compa\u00f1\u00eda estima abrir un hotel cada dos semanas este 2019"},{"@type":"BreadcrumbList","@id":"https:\/\/centrourbano.com\/revista\/inmobiliario\/posadas-busca-llegar-las-300-propiedades-2020\/#breadcrumb","itemListElement":[{"@type":"ListItem","position":1,"name":"Portada","item":"https:\/\/centrourbano.com\/revista\/"},{"@type":"ListItem","position":2,"name":"Posadas busca llegar a las 300 propiedades en 2020"}]},{"@type":"WebSite","@id":"https:\/\/centrourbano.com\/revista\/#website","url":"https:\/\/centrourbano.com\/revista\/","name":"Centro Urbano","description":"Medio especializado en los sectores vivienda, inmobiliario, construcci\u00f3n, arquitectura y urbanismo.","publisher":{"@id":"https:\/\/centrourbano.com\/revista\/#organization"},"potentialAction":[{"@type":"SearchAction","target":{"@type":"EntryPoint","urlTemplate":"https:\/\/centrourbano.com\/revista\/?s={search_term_string}"},"query-input":{"@type":"PropertyValueSpecification","valueRequired":true,"valueName":"search_term_string"}}],"inLanguage":"es"},{"@type":"Organization","@id":"https:\/\/centrourbano.com\/revista\/#organization","name":"Centro Urbano","url":"https:\/\/centrourbano.com\/revista\/","logo":{"@type":"ImageObject","inLanguage":"es","@id":"https:\/\/centrourbano.com\/revista\/#\/schema\/logo\/image\/","url":"https:\/\/centrourbano.com\/revista\/wp-content\/uploads\/web_CU_logo-1.png","contentUrl":"https:\/\/centrourbano.com\/revista\/wp-content\/uploads\/web_CU_logo-1.png","width":350,"height":91,"caption":"Centro Urbano"},"image":{"@id":"https:\/\/centrourbano.com\/revista\/#\/schema\/logo\/image\/"},"sameAs":["https:\/\/www.facebook.com\/portalcentrourbano","https:\/\/x.com\/CentroUrbano","https:\/\/www.instagram.com\/centro_urbano\/","https:\/\/www.linkedin.com\/company\/centro-urbano\/","http:\/\/www.youtube.com\/user\/portalcentrourbano"]},{"@type":"Person","@id":"https:\/\/centrourbano.com\/revista\/#\/schema\/person\/370fa0ba2d8dd5bde3fdb8b62ad360aa","name":"G4A","image":{"@type":"ImageObject","inLanguage":"es","@id":"https:\/\/secure.gravatar.com\/avatar\/932a97121b13d5de5bbd8193c6c83d3b92c9eda0f39623607d4280e7a5778d97?s=96&d=mm&r=g","url":"https:\/\/secure.gravatar.com\/avatar\/932a97121b13d5de5bbd8193c6c83d3b92c9eda0f39623607d4280e7a5778d97?s=96&d=mm&r=g","contentUrl":"https:\/\/secure.gravatar.com\/avatar\/932a97121b13d5de5bbd8193c6c83d3b92c9eda0f39623607d4280e7a5778d97?s=96&d=mm&r=g","caption":"G4A"},"url":"https:\/\/centrourbano.com\/revista\/author\/admin-g4a\/"}]}},"_links":{"self":[{"href":"https:\/\/centrourbano.com\/revista\/wp-json\/wp\/v2\/posts\/87949","targetHints":{"allow":["GET"]}}],"collection":[{"href":"https:\/\/centrourbano.com\/revista\/wp-json\/wp\/v2\/posts"}],"about":[{"href":"https:\/\/centrourbano.com\/revista\/wp-json\/wp\/v2\/types\/post"}],"author":[{"embeddable":true,"href":"https:\/\/centrourbano.com\/revista\/wp-json\/wp\/v2\/users\/77"}],"replies":[{"embeddable":true,"href":"https:\/\/centrourbano.com\/revista\/wp-json\/wp\/v2\/comments?post=87949"}],"version-history":[{"count":1,"href":"https:\/\/centrourbano.com\/revista\/wp-json\/wp\/v2\/posts\/87949\/revisions"}],"predecessor-version":[{"id":87963,"href":"https:\/\/centrourbano.com\/revista\/wp-json\/wp\/v2\/posts\/87949\/revisions\/87963"}],"wp:featuredmedia":[{"embeddable":true,"href":"https:\/\/centrourbano.com\/revista\/wp-json\/wp\/v2\/media\/87962"}],"wp:attachment":[{"href":"https:\/\/centrourbano.com\/revista\/wp-json\/wp\/v2\/media?parent=87949"}],"wp:term":[{"taxonomy":"category","embeddable":true,"href":"https:\/\/centrourbano.com\/revista\/wp-json\/wp\/v2\/categories?post=87949"},{"taxonomy":"post_tag","embeddable":true,"href":"https:\/\/centrourbano.com\/revista\/wp-json\/wp\/v2\/tags?post=87949"}],"curies":[{"name":"wp","href":"https:\/\/api.w.org\/{rel}","templated":true}]}}