{"id":87484,"date":"2019-03-11T15:12:06","date_gmt":"2019-03-11T21:12:06","guid":{"rendered":"https:\/\/centrourbano.com\/?p=87484"},"modified":"2019-03-22T17:51:36","modified_gmt":"2019-03-22T23:51:36","slug":"100-dias-amlo-vivienda","status":"publish","type":"post","link":"https:\/\/centrourbano.com\/revista\/vivienda\/100-dias-amlo-vivienda\/","title":{"rendered":"A 100 d\u00edas de gobierno, \u00bfqu\u00e9 ha pasado en vivienda?"},"content":{"rendered":"<p><em>Las autoridades han iniciado con una din\u00e1mica fuerte el sexenio, lo que se ha visto en el andar dela industria <\/em><!--more--><\/p>\n<p>Este domingo se cumplieron <strong>100 d\u00edas<\/strong> del arranque del nuevo sexenio que encabeza Andr\u00e9s Manuel L\u00f3pez Obrador. Y en este periodo, en el \u00e1mbito de la <strong>vivienda<\/strong>\u00a0se han dado anuncios importantes que le han cambiado la cara al sector y que lo ponen en una nueva perspectiva llena de retos y oportunidades que deber\u00e1 afrontar para mantenerse como uno de los m\u00fasculos econ\u00f3micos m\u00e1s importantes del pa\u00eds.<\/p>\n<p>Las decisiones han ido desde el tema financiero, la eliminaci\u00f3n y puesta en marcha de nuevos esquemas en materia de vivienda y desarrollo urbano, as\u00ed como cambios en facultades de algunas instituciones.<\/p>\n<p><strong>Sedatu <\/strong><\/p>\n<p>Para iniciar con la recapitulaci\u00f3n de lo sucedi\u00f3, la <strong>Secretar\u00eda de Desarrollo agrario, Territorial y Urbano<\/strong> (Sedatu) se posiciona como la referencia obligada al ser la cabeza del sector.<\/p>\n<p>Desde el primer mes, sobre todo con la presentaci\u00f3n del <strong>Presupuesto de Egresos de la Federaci\u00f3n<\/strong>, la Sedatu se coloc\u00f3 al centro de la agenda por los cambios contemplados.<\/p>\n<p>En primera instancia, cabe recordar que en el marco de las modificaciones a la <strong>Ley de la Administraci\u00f3n P\u00fablica Federal<\/strong> se realizaron cambios a las facultades de esta Secretar\u00eda. Las reformas concretadas, de acuerdo con los impulsores, tienen como medida concentrar en Sedatu la <strong>rector\u00eda<\/strong> en la creaci\u00f3n de planes de desarrollo territorial y de vivienda.<\/p>\n<a href=\"https:\/\/centrourbano.com\/2018\/11\/15\/aprueban-cambios-facultades-sedatu\/\" target=\"_blank\" rel=\"noopener noreferrer\"><img loading=\"lazy\" decoding=\"async\" class=\"aligncenter wp-image-87485\" src=\"https:\/\/centrourbano.com\/revista\/wp-content\/uploads\/Modifican_Facultades_sedatu_Nota.png\" alt=\"\" width=\"300\" height=\"229\" srcset=\"https:\/\/centrourbano.com\/revista\/wp-content\/uploads\/Modifican_Facultades_sedatu_Nota.png 603w, https:\/\/centrourbano.com\/revista\/wp-content\/uploads\/Modifican_Facultades_sedatu_Nota-300x229.png 300w, https:\/\/centrourbano.com\/revista\/wp-content\/uploads\/Modifican_Facultades_sedatu_Nota-100x75.png 100w\" sizes=\"auto, (max-width: 300px) 100vw, 300px\" \/><\/a>\n<p>&nbsp;<\/p>\n<p>Sumado a lo anterior, en enero se dio a conocer la eliminaci\u00f3n del <strong>Programa de Acceso al Financiamiento para Soluciones Habitacionales<\/strong> y con ello la supresi\u00f3n de la partida especial para subsidio en materia de <strong>adquisici\u00f3n de vivienda<\/strong>. Para sustituir a este esquema, el gobierno contempl\u00f3 el <strong>Programa de Vivienda Social<\/strong>, en el que se incluye un apartado para la entrega de apoyos en la compra de vivienda, a lo que las autoridades denominarlo \u201c<strong>cofinanciamiento<\/strong>\u201d.<\/p>\n<a href=\"https:\/\/centrourbano.com\/2018\/12\/21\/pef-2019-se-alinea-reorientacion-la-politica-vivienda-dice-sedatu\/\" target=\"_blank\" rel=\"noopener noreferrer\"><img loading=\"lazy\" decoding=\"async\" class=\"wp-image-84327 aligncenter\" src=\"https:\/\/centrourbano.com\/revista\/wp-content\/uploads\/Cambios-en-PEF_Nota.jpg\" alt=\"Liberar\u00e1 Sedatu 400 mdp en subsidio para adquisici\u00f3n\" width=\"300\" height=\"220\" srcset=\"https:\/\/centrourbano.com\/revista\/wp-content\/uploads\/Cambios-en-PEF_Nota.jpg 605w, https:\/\/centrourbano.com\/revista\/wp-content\/uploads\/Cambios-en-PEF_Nota-300x220.jpg 300w\" sizes=\"auto, (max-width: 300px) 100vw, 300px\" \/><\/a>\n<p>En esta l\u00ednea, y para no afectar a la industria que ya contaba con el subsidio, la Sedatu dio a conocer la liberaci\u00f3n de <strong>400 millones de pesos<\/strong> para atender la tuber\u00eda en materia de apoyo que se qued\u00f3 estancada luego que el 31 de octubre de 2018 se acab\u00f3 el recurso para subsidio. Sin embargo, es preciso mencionar que a\u00fan no comienza la liberaci\u00f3n de los recursos.<\/p>\n<p>Por otro lado, y enmarcados dentro de los programas prioritarios, Sedatu dio inicio formal a los trabajos del Programa de Reconstrucci\u00f3n, adem\u00e1s de hacer la presentaci\u00f3n en Baja California del Programa de Mejoramiento Urbano, con lo que se da el banderazo para el inicio de las acciones.<\/p>\n<a href=\"https:\/\/centrourbano.com\/2019\/03\/04\/vivienda-acciones-pmu\/\" target=\"_blank\" rel=\"noopener noreferrer\"><img loading=\"lazy\" decoding=\"async\" class=\"aligncenter wp-image-87476\" src=\"https:\/\/centrourbano.com\/revista\/wp-content\/uploads\/PMU_Presentaci\u00f3n-BC_AMLO_Nota.png\" alt=\"\" width=\"300\" height=\"229\" srcset=\"https:\/\/centrourbano.com\/revista\/wp-content\/uploads\/PMU_Presentaci\u00f3n-BC_AMLO_Nota.png 604w, https:\/\/centrourbano.com\/revista\/wp-content\/uploads\/PMU_Presentaci\u00f3n-BC_AMLO_Nota-300x229.png 300w, https:\/\/centrourbano.com\/revista\/wp-content\/uploads\/PMU_Presentaci\u00f3n-BC_AMLO_Nota-100x75.png 100w\" sizes=\"auto, (max-width: 300px) 100vw, 300px\" \/><\/a>\n<p>Entre los pendientes que le quedan a Sedatu se encuentra la presentaci\u00f3n de la <strong>Pol\u00edtica Nacional de Vivienda<\/strong>, as\u00ed como el <strong>Programa para Recuperaci\u00f3n de Vivienda<\/strong> que anunci\u00f3 el secretario Rom\u00e1n Meyer Falc\u00f3n.<\/p>\n<p><strong>Infonavit<\/strong><\/p>\n<p>En el caso del Infonavit, el evento m\u00e1s destacado registrado hasta el momento fue la presentaci\u00f3n e inicio de operaci\u00f3n del <strong>Programa de Responsabilidad Compartida<\/strong>. Con este esquema, el organismo busca apoyar a los trabajadores a liquidar sus financiamientos mediante la reestructura de los r\u00e9ditos y el otorgamiento de descuentos.<\/p>\n<p>Cabe se\u00f1alar que previ\u00f3 a la presentaci\u00f3n del esquema, el presidente L\u00f3pez Obrador habl\u00f3 por lo menos en un par de ocasiones en su conferencia matutina de los llamados \u201ccr\u00e9ditos <strong>impagables<\/strong> del Infonavit\u201d. Inform\u00f3 que, en sus giras por el pa\u00eds, los derechohabientes denunciaban que, a pesar de pagar puntualmente, el saldo de la deuda con el Instituto no bajaba.<\/p>\n<a href=\"https:\/\/centrourbano.com\/2019\/02\/06\/infonavit-descuentos-creditos\/\" target=\"_blank\" rel=\"noopener noreferrer\"><img loading=\"lazy\" decoding=\"async\" class=\"aligncenter wp-image-85748\" src=\"https:\/\/centrourbano.com\/revista\/wp-content\/uploads\/Infonavit_Programa-Reestructura_Nota-1.jpg\" alt=\"\" width=\"300\" height=\"233\" srcset=\"https:\/\/centrourbano.com\/revista\/wp-content\/uploads\/Infonavit_Programa-Reestructura_Nota-1.jpg 602w, https:\/\/centrourbano.com\/revista\/wp-content\/uploads\/Infonavit_Programa-Reestructura_Nota-1-300x233.jpg 300w\" sizes=\"auto, (max-width: 300px) 100vw, 300px\" \/><\/a>\n<p>Por otro lado, <strong>Carlos Mart\u00ednez<\/strong>, director general del organismo, anunci\u00f3 la suspensi\u00f3n de los procesos de subasta con el que el organismo retornaba al mercado la vivienda recuperada.<\/p>\n<p>En este marco, el director General del Instituto anunci\u00f3 que el Infonavit impulsar\u00eda, en coordinaci\u00f3n con la federaci\u00f3n, un programa para atender el tema de la <strong>vivienda abandonada<\/strong>. El objetivo, dijo en su oportunidad, es analizar las causas del fen\u00f3meno de abandono y a partir de ella dise\u00f1ar soluciones integrales.<\/p>\n<a href=\"https:\/\/centrourbano.com\/2019\/02\/26\/recuperacion-vivienda-infonavit\/\" target=\"_blank\" rel=\"noopener noreferrer\"><img loading=\"lazy\" decoding=\"async\" class=\"aligncenter wp-image-87488\" src=\"https:\/\/centrourbano.com\/revista\/wp-content\/uploads\/vivienda-abandonada_Infonavit_Nota.jpg\" alt=\"\" width=\"300\" height=\"228\" srcset=\"https:\/\/centrourbano.com\/revista\/wp-content\/uploads\/vivienda-abandonada_Infonavit_Nota.jpg 605w, https:\/\/centrourbano.com\/revista\/wp-content\/uploads\/vivienda-abandonada_Infonavit_Nota-300x228.jpg 300w, https:\/\/centrourbano.com\/revista\/wp-content\/uploads\/vivienda-abandonada_Infonavit_Nota-100x75.jpg 100w\" sizes=\"auto, (max-width: 300px) 100vw, 300px\" \/><\/a>\n<p>Cabe se\u00f1alar que de acuerdo con los datos del Instituto, en enero pasado el Insttuto logr\u00f3 el mejor arranque de a\u00f1o observado desde 2016. As\u00ed, en los primeros 31 d\u00edas del a\u00f1o, el organismo cerr\u00f3 enero con 19,367 cr\u00e9ditos otorgados. Esta cifra representa un\u00a0<strong>crecimiento<\/strong>\u00a0de 10% en relaci\u00f3n a lo colocado en el mismo mes, pero de 2018.<\/p>\n<p><strong>Fovissste<\/strong><\/p>\n<p>Para varios empresarios, la actuaci\u00f3n del Fovissste en estos primeros 100 d\u00edas ha sido relevante para mantener el ritmo a la industria, pues a pesar del cambio de administraci\u00f3n, no dej\u00f3 de <strong>colocar<\/strong> financiamiento.<\/p>\n<a href=\"https:\/\/centrourbano.com\/2019\/02\/21\/fovissste-lista-resultados\/\" target=\"_blank\" rel=\"noopener noreferrer\"><img loading=\"lazy\" decoding=\"async\" class=\"aligncenter wp-image-87486\" src=\"https:\/\/centrourbano.com\/revista\/wp-content\/uploads\/Fovissste_Procedimiento-2019_Nota.jpg\" alt=\"\" width=\"300\" height=\"232\" srcset=\"https:\/\/centrourbano.com\/revista\/wp-content\/uploads\/Fovissste_Procedimiento-2019_Nota.jpg 605w, https:\/\/centrourbano.com\/revista\/wp-content\/uploads\/Fovissste_Procedimiento-2019_Nota-300x232.jpg 300w\" sizes=\"auto, (max-width: 300px) 100vw, 300px\" \/><\/a>\n<p>Es preciso recordar que el vocal Ejecutivo del Fondo, <strong>Agust\u00edn Rodr\u00edguez<\/strong> present\u00f3 el plan de trabajo para el organismo, entre lo que destaca la puesta en marcha una reestructura, que contempla un <strong>Plan Anticorrupci\u00f3n<\/strong> y lograr descuentos importantes que pudieran impactar en la colocaci\u00f3n de cr\u00e9dito.<\/p>\n<a href=\"https:\/\/centrourbano.com\/2019\/01\/07\/ahorrar-100-mdp-objetivo-fovissste-los-primeros-100-dias\/\" target=\"_blank\" rel=\"noopener noreferrer\"><img loading=\"lazy\" decoding=\"async\" class=\"aligncenter wp-image-87487\" src=\"https:\/\/centrourbano.com\/revista\/wp-content\/uploads\/Programa-Trabajo-fovissste_Nota.jpg\" alt=\"\" width=\"300\" height=\"228\" srcset=\"https:\/\/centrourbano.com\/revista\/wp-content\/uploads\/Programa-Trabajo-fovissste_Nota.jpg 603w, https:\/\/centrourbano.com\/revista\/wp-content\/uploads\/Programa-Trabajo-fovissste_Nota-300x228.jpg 300w, https:\/\/centrourbano.com\/revista\/wp-content\/uploads\/Programa-Trabajo-fovissste_Nota-100x75.jpg 100w\" sizes=\"auto, (max-width: 300px) 100vw, 300px\" \/><\/a>\n<p>Sumado a lo anterior, el Fovissste busca una alianza con la banca comercial, con lo que logre, entre otras cosas, aumentar la oportunidades de financiamiento con los derechohabientes, as\u00ed como lograr incidir en el costo de las viviendas.<\/p>\n<p><strong>Sociedad Hipotecaria Federal (SHF)<\/strong><\/p>\n<p><strong>\u00a0<\/strong>En el caso de Sociedad Hipotecaria Federal (SHF), <strong>Jorge Mendoza<\/strong>, director general del banco de segundo piso, anunci\u00f3 que el banco dar\u00e1 <strong>continuidad<\/strong> al anaquel de productos financieros que ha ofrecido a los empresarios en los \u00faltimos a\u00f1os. Incluso, anunci\u00f3 la puesta en marcha de un programa especial para apoyar a los desarrolladores que se pudieran ver afectados por la ca\u00edda en el monto de subsidio.<\/p>\n<a href=\"https:\/\/centrourbano.com\/2019\/01\/18\/shf-estrategia-ante-reduccion-subsidio\/\" target=\"_blank\" rel=\"noopener noreferrer\"><img loading=\"lazy\" decoding=\"async\" class=\"aligncenter wp-image-87490 size-medium\" src=\"https:\/\/centrourbano.com\/revista\/wp-content\/uploads\/SHF_esqeuma-apoyo-a-desarrolladores_Nota-300x235.jpg\" alt=\"\" width=\"300\" height=\"235\" srcset=\"https:\/\/centrourbano.com\/revista\/wp-content\/uploads\/SHF_esqeuma-apoyo-a-desarrolladores_Nota-300x235.jpg 300w, https:\/\/centrourbano.com\/revista\/wp-content\/uploads\/SHF_esqeuma-apoyo-a-desarrolladores_Nota.jpg 607w\" sizes=\"auto, (max-width: 300px) 100vw, 300px\" \/><\/a>\n<p>Aunado a lo anterior, el directivo enfatiz\u00f3 que SHF continuar\u00e1 con el impulso a la vivienda en renta, as\u00ed como sustentabilidad.<\/p>\n<a href=\"https:\/\/centrourbano.com\/2019\/01\/21\/habra-continuidad-shf-asegura-jorge-mendoza\/\" target=\"_blank\" rel=\"noopener noreferrer\"><img loading=\"lazy\" decoding=\"async\" class=\"aligncenter wp-image-87489 size-medium\" src=\"https:\/\/centrourbano.com\/revista\/wp-content\/uploads\/SHF_continuidad_Nota-300x225.jpg\" alt=\"\" width=\"300\" height=\"225\" srcset=\"https:\/\/centrourbano.com\/revista\/wp-content\/uploads\/SHF_continuidad_Nota-300x225.jpg 300w, https:\/\/centrourbano.com\/revista\/wp-content\/uploads\/SHF_continuidad_Nota-100x75.jpg 100w, https:\/\/centrourbano.com\/revista\/wp-content\/uploads\/SHF_continuidad_Nota.jpg 605w\" sizes=\"auto, (max-width: 300px) 100vw, 300px\" \/><\/a>\n","protected":false},"excerpt":{"rendered":"<p>Las autoridades han iniciado con una din\u00e1mica fuerte el sexenio, lo que se ha visto en el andar dela industria<\/p>\n","protected":false},"author":47,"featured_media":87493,"comment_status":"open","ping_status":"closed","sticky":false,"template":"","format":"standard","meta":{"om_disable_all_campaigns":false,"inline_featured_image":false,"_monsterinsights_skip_tracking":false,"_monsterinsights_sitenote_active":false,"_monsterinsights_sitenote_note":"","_monsterinsights_sitenote_category":0,"footnotes":""},"categories":[16,12],"tags":[15431,15433,10245,15432,155,100,13493,105,235,60],"class_list":["post-87484","post","type-post","status-publish","format-standard","has-post-thumbnail","hentry","category-reportajes","category-vivienda","tag-100-dias-de-gobierno","tag-agustin","tag-andres-manuel-lopez-obrador","tag-carlos-marti","tag-fovissste","tag-infonavit","tag-roman-meyer-falcon","tag-sedatu","tag-shf","tag-vivienda-2"],"yoast_head":"<!-- This site is optimized with the Yoast SEO plugin v27.4 - https:\/\/yoast.com\/product\/yoast-seo-wordpress\/ -->\n<title>A 100 d\u00edas de gobierno, \u00bfqu\u00e9 ha pasado en vivienda?<\/title>\n<meta name=\"description\" content=\"Este domingo se cumplieron 100 d\u00edas del arranque del nuevo sexenio que encabeza Andr\u00e9s Manuel L\u00f3pez Obrador. Y en este periodo, en el \u00e1mbito...\" \/>\n<meta name=\"robots\" content=\"index, follow, max-snippet:-1, max-image-preview:large, max-video-preview:-1\" \/>\n<link rel=\"canonical\" href=\"https:\/\/centrourbano.com\/revista\/vivienda\/100-dias-amlo-vivienda\/\" \/>\n<meta property=\"og:locale\" content=\"es_ES\" \/>\n<meta property=\"og:type\" content=\"article\" \/>\n<meta property=\"og:title\" content=\"A 100 d\u00edas de gobierno, \u00bfqu\u00e9 ha pasado en vivienda?\" \/>\n<meta property=\"og:description\" content=\"Este domingo se cumplieron 100 d\u00edas del arranque del nuevo sexenio que encabeza Andr\u00e9s Manuel L\u00f3pez Obrador. Y en este periodo, en el \u00e1mbito...\" \/>\n<meta property=\"og:url\" content=\"https:\/\/centrourbano.com\/revista\/vivienda\/100-dias-amlo-vivienda\/\" \/>\n<meta property=\"og:site_name\" content=\"Centro Urbano\" \/>\n<meta property=\"article:publisher\" content=\"https:\/\/www.facebook.com\/portalcentrourbano\" \/>\n<meta property=\"article:published_time\" content=\"2019-03-11T21:12:06+00:00\" \/>\n<meta property=\"article:modified_time\" content=\"2019-03-22T23:51:36+00:00\" \/>\n<meta property=\"og:image\" content=\"https:\/\/centrourbano.com\/revista\/wp-content\/uploads\/L\u00f3pez-Obrador_Rom\u00e1n-Meyer_conferencia-e1552339000666.jpg\" \/>\n\t<meta property=\"og:image:width\" content=\"800\" \/>\n\t<meta property=\"og:image:height\" content=\"554\" \/>\n\t<meta property=\"og:image:type\" content=\"image\/jpeg\" \/>\n<meta name=\"author\" content=\"Edgar Rosas\" \/>\n<meta name=\"twitter:card\" content=\"summary_large_image\" \/>\n<meta name=\"twitter:creator\" content=\"@https:\/\/twitter.com\/ERosasCU?s=09\" \/>\n<meta name=\"twitter:site\" content=\"@CentroUrbano\" \/>\n<meta name=\"twitter:label1\" content=\"Escrito por\" \/>\n\t<meta name=\"twitter:data1\" content=\"Edgar Rosas\" \/>\n\t<meta name=\"twitter:label2\" content=\"Tiempo de lectura\" \/>\n\t<meta name=\"twitter:data2\" content=\"5 minutos\" \/>\n<script type=\"application\/ld+json\" class=\"yoast-schema-graph\">{\"@context\":\"https:\\\/\\\/schema.org\",\"@graph\":[{\"@type\":\"Article\",\"@id\":\"https:\\\/\\\/centrourbano.com\\\/revista\\\/vivienda\\\/100-dias-amlo-vivienda\\\/#article\",\"isPartOf\":{\"@id\":\"https:\\\/\\\/centrourbano.com\\\/revista\\\/vivienda\\\/100-dias-amlo-vivienda\\\/\"},\"author\":{\"name\":\"Edgar Rosas\",\"@id\":\"https:\\\/\\\/centrourbano.com\\\/revista\\\/#\\\/schema\\\/person\\\/ff3c00651ce5b1630479d2cd0c2e3ac0\"},\"headline\":\"A 100 d\u00edas de gobierno, \u00bfqu\u00e9 ha pasado en vivienda?\",\"datePublished\":\"2019-03-11T21:12:06+00:00\",\"dateModified\":\"2019-03-22T23:51:36+00:00\",\"mainEntityOfPage\":{\"@id\":\"https:\\\/\\\/centrourbano.com\\\/revista\\\/vivienda\\\/100-dias-amlo-vivienda\\\/\"},\"wordCount\":983,\"commentCount\":0,\"publisher\":{\"@id\":\"https:\\\/\\\/centrourbano.com\\\/revista\\\/#organization\"},\"image\":{\"@id\":\"https:\\\/\\\/centrourbano.com\\\/revista\\\/vivienda\\\/100-dias-amlo-vivienda\\\/#primaryimage\"},\"thumbnailUrl\":\"https:\\\/\\\/centrourbano.com\\\/revista\\\/wp-content\\\/uploads\\\/L\u00f3pez-Obrador_Rom\u00e1n-Meyer_conferencia-e1552339000666.jpg\",\"keywords\":[\"100 d\u00edas de gobierno\",\"Agust\u00edn\",\"Andres Manuel L\u00f3pez Obrador\",\"Carlos Mart\u00ed\",\"Fovissste\",\"Infonavit\",\"Rom\u00e1n Meyer Falc\u00f3n\",\"Sedatu\",\"SHF\",\"vivienda\"],\"articleSection\":[\"Reportajes\",\"Vivienda\"],\"inLanguage\":\"es\",\"potentialAction\":[{\"@type\":\"CommentAction\",\"name\":\"Comment\",\"target\":[\"https:\\\/\\\/centrourbano.com\\\/revista\\\/vivienda\\\/100-dias-amlo-vivienda\\\/#respond\"]}]},{\"@type\":\"WebPage\",\"@id\":\"https:\\\/\\\/centrourbano.com\\\/revista\\\/vivienda\\\/100-dias-amlo-vivienda\\\/\",\"url\":\"https:\\\/\\\/centrourbano.com\\\/revista\\\/vivienda\\\/100-dias-amlo-vivienda\\\/\",\"name\":\"A 100 d\u00edas de gobierno, \u00bfqu\u00e9 ha pasado en vivienda?\",\"isPartOf\":{\"@id\":\"https:\\\/\\\/centrourbano.com\\\/revista\\\/#website\"},\"primaryImageOfPage\":{\"@id\":\"https:\\\/\\\/centrourbano.com\\\/revista\\\/vivienda\\\/100-dias-amlo-vivienda\\\/#primaryimage\"},\"image\":{\"@id\":\"https:\\\/\\\/centrourbano.com\\\/revista\\\/vivienda\\\/100-dias-amlo-vivienda\\\/#primaryimage\"},\"thumbnailUrl\":\"https:\\\/\\\/centrourbano.com\\\/revista\\\/wp-content\\\/uploads\\\/L\u00f3pez-Obrador_Rom\u00e1n-Meyer_conferencia-e1552339000666.jpg\",\"datePublished\":\"2019-03-11T21:12:06+00:00\",\"dateModified\":\"2019-03-22T23:51:36+00:00\",\"description\":\"Este domingo se cumplieron 100 d\u00edas del arranque del nuevo sexenio que encabeza Andr\u00e9s Manuel L\u00f3pez Obrador. Y en este periodo, en el \u00e1mbito...\",\"breadcrumb\":{\"@id\":\"https:\\\/\\\/centrourbano.com\\\/revista\\\/vivienda\\\/100-dias-amlo-vivienda\\\/#breadcrumb\"},\"inLanguage\":\"es\",\"potentialAction\":[{\"@type\":\"ReadAction\",\"target\":[\"https:\\\/\\\/centrourbano.com\\\/revista\\\/vivienda\\\/100-dias-amlo-vivienda\\\/\"]}]},{\"@type\":\"ImageObject\",\"inLanguage\":\"es\",\"@id\":\"https:\\\/\\\/centrourbano.com\\\/revista\\\/vivienda\\\/100-dias-amlo-vivienda\\\/#primaryimage\",\"url\":\"https:\\\/\\\/centrourbano.com\\\/revista\\\/wp-content\\\/uploads\\\/L\u00f3pez-Obrador_Rom\u00e1n-Meyer_conferencia-e1552339000666.jpg\",\"contentUrl\":\"https:\\\/\\\/centrourbano.com\\\/revista\\\/wp-content\\\/uploads\\\/L\u00f3pez-Obrador_Rom\u00e1n-Meyer_conferencia-e1552339000666.jpg\",\"width\":800,\"height\":554,\"caption\":\"Las autoridades han iniciado con una din\u00e1mica fuerte el sexenio, lo que se ha visto en el andar dela industria\"},{\"@type\":\"BreadcrumbList\",\"@id\":\"https:\\\/\\\/centrourbano.com\\\/revista\\\/vivienda\\\/100-dias-amlo-vivienda\\\/#breadcrumb\",\"itemListElement\":[{\"@type\":\"ListItem\",\"position\":1,\"name\":\"Portada\",\"item\":\"https:\\\/\\\/centrourbano.com\\\/revista\\\/\"},{\"@type\":\"ListItem\",\"position\":2,\"name\":\"A 100 d\u00edas de gobierno, \u00bfqu\u00e9 ha pasado en vivienda?\"}]},{\"@type\":\"WebSite\",\"@id\":\"https:\\\/\\\/centrourbano.com\\\/revista\\\/#website\",\"url\":\"https:\\\/\\\/centrourbano.com\\\/revista\\\/\",\"name\":\"Centro Urbano\",\"description\":\"Medio especializado en los sectores vivienda, inmobiliario, construcci\u00f3n, arquitectura y urbanismo.\",\"publisher\":{\"@id\":\"https:\\\/\\\/centrourbano.com\\\/revista\\\/#organization\"},\"potentialAction\":[{\"@type\":\"SearchAction\",\"target\":{\"@type\":\"EntryPoint\",\"urlTemplate\":\"https:\\\/\\\/centrourbano.com\\\/revista\\\/?s={search_term_string}\"},\"query-input\":{\"@type\":\"PropertyValueSpecification\",\"valueRequired\":true,\"valueName\":\"search_term_string\"}}],\"inLanguage\":\"es\"},{\"@type\":\"Organization\",\"@id\":\"https:\\\/\\\/centrourbano.com\\\/revista\\\/#organization\",\"name\":\"Centro Urbano\",\"url\":\"https:\\\/\\\/centrourbano.com\\\/revista\\\/\",\"logo\":{\"@type\":\"ImageObject\",\"inLanguage\":\"es\",\"@id\":\"https:\\\/\\\/centrourbano.com\\\/revista\\\/#\\\/schema\\\/logo\\\/image\\\/\",\"url\":\"https:\\\/\\\/centrourbano.com\\\/revista\\\/wp-content\\\/uploads\\\/web_CU_logo-1.png\",\"contentUrl\":\"https:\\\/\\\/centrourbano.com\\\/revista\\\/wp-content\\\/uploads\\\/web_CU_logo-1.png\",\"width\":350,\"height\":91,\"caption\":\"Centro Urbano\"},\"image\":{\"@id\":\"https:\\\/\\\/centrourbano.com\\\/revista\\\/#\\\/schema\\\/logo\\\/image\\\/\"},\"sameAs\":[\"https:\\\/\\\/www.facebook.com\\\/portalcentrourbano\",\"https:\\\/\\\/x.com\\\/CentroUrbano\",\"https:\\\/\\\/www.instagram.com\\\/centro_urbano\\\/\",\"https:\\\/\\\/www.linkedin.com\\\/company\\\/centro-urbano\\\/\",\"http:\\\/\\\/www.youtube.com\\\/user\\\/portalcentrourbano\"]},{\"@type\":\"Person\",\"@id\":\"https:\\\/\\\/centrourbano.com\\\/revista\\\/#\\\/schema\\\/person\\\/ff3c00651ce5b1630479d2cd0c2e3ac0\",\"name\":\"Edgar Rosas\",\"image\":{\"@type\":\"ImageObject\",\"inLanguage\":\"es\",\"@id\":\"https:\\\/\\\/secure.gravatar.com\\\/avatar\\\/94440c4283495211faa5300bf85e80061036b83fced868c3783aa1310b350d9c?s=96&d=mm&r=g\",\"url\":\"https:\\\/\\\/secure.gravatar.com\\\/avatar\\\/94440c4283495211faa5300bf85e80061036b83fced868c3783aa1310b350d9c?s=96&d=mm&r=g\",\"contentUrl\":\"https:\\\/\\\/secure.gravatar.com\\\/avatar\\\/94440c4283495211faa5300bf85e80061036b83fced868c3783aa1310b350d9c?s=96&d=mm&r=g\",\"caption\":\"Edgar Rosas\"},\"description\":\"Editor en Jefe de Centro Urbano. Egresado de la maestr\u00eda en Periodismo Pol\u00edtico de la Escuela de Periodismo Carlos Septi\u00e9n Garc\u00eda (EPCSG). Estudi\u00f3 la licenciatura en Comunicaci\u00f3n en la Universidad Mexicana. Amante de la cr\u00f3nica y el reportaje. Admirador de Vicente Le\u00f1ero y Miguel \u00c1ngel Granados Chapa.\",\"sameAs\":[\"https:\\\/\\\/x.com\\\/https:\\\/\\\/twitter.com\\\/ERosasCU?s=09\"],\"url\":\"https:\\\/\\\/centrourbano.com\\\/revista\\\/author\\\/edgar-rosas\\\/\"}]}<\/script>\n<!-- \/ Yoast SEO plugin. -->","yoast_head_json":{"title":"A 100 d\u00edas de gobierno, \u00bfqu\u00e9 ha pasado en vivienda?","description":"Este domingo se cumplieron 100 d\u00edas del arranque del nuevo sexenio que encabeza Andr\u00e9s Manuel L\u00f3pez Obrador. Y en este periodo, en el \u00e1mbito...","robots":{"index":"index","follow":"follow","max-snippet":"max-snippet:-1","max-image-preview":"max-image-preview:large","max-video-preview":"max-video-preview:-1"},"canonical":"https:\/\/centrourbano.com\/revista\/vivienda\/100-dias-amlo-vivienda\/","og_locale":"es_ES","og_type":"article","og_title":"A 100 d\u00edas de gobierno, \u00bfqu\u00e9 ha pasado en vivienda?","og_description":"Este domingo se cumplieron 100 d\u00edas del arranque del nuevo sexenio que encabeza Andr\u00e9s Manuel L\u00f3pez Obrador. Y en este periodo, en el \u00e1mbito...","og_url":"https:\/\/centrourbano.com\/revista\/vivienda\/100-dias-amlo-vivienda\/","og_site_name":"Centro Urbano","article_publisher":"https:\/\/www.facebook.com\/portalcentrourbano","article_published_time":"2019-03-11T21:12:06+00:00","article_modified_time":"2019-03-22T23:51:36+00:00","og_image":[{"width":800,"height":554,"url":"https:\/\/centrourbano.com\/revista\/wp-content\/uploads\/L\u00f3pez-Obrador_Rom\u00e1n-Meyer_conferencia-e1552339000666.jpg","type":"image\/jpeg"}],"author":"Edgar Rosas","twitter_card":"summary_large_image","twitter_creator":"@https:\/\/twitter.com\/ERosasCU?s=09","twitter_site":"@CentroUrbano","twitter_misc":{"Escrito por":"Edgar Rosas","Tiempo de lectura":"5 minutos"},"schema":{"@context":"https:\/\/schema.org","@graph":[{"@type":"Article","@id":"https:\/\/centrourbano.com\/revista\/vivienda\/100-dias-amlo-vivienda\/#article","isPartOf":{"@id":"https:\/\/centrourbano.com\/revista\/vivienda\/100-dias-amlo-vivienda\/"},"author":{"name":"Edgar Rosas","@id":"https:\/\/centrourbano.com\/revista\/#\/schema\/person\/ff3c00651ce5b1630479d2cd0c2e3ac0"},"headline":"A 100 d\u00edas de gobierno, \u00bfqu\u00e9 ha pasado en vivienda?","datePublished":"2019-03-11T21:12:06+00:00","dateModified":"2019-03-22T23:51:36+00:00","mainEntityOfPage":{"@id":"https:\/\/centrourbano.com\/revista\/vivienda\/100-dias-amlo-vivienda\/"},"wordCount":983,"commentCount":0,"publisher":{"@id":"https:\/\/centrourbano.com\/revista\/#organization"},"image":{"@id":"https:\/\/centrourbano.com\/revista\/vivienda\/100-dias-amlo-vivienda\/#primaryimage"},"thumbnailUrl":"https:\/\/centrourbano.com\/revista\/wp-content\/uploads\/L\u00f3pez-Obrador_Rom\u00e1n-Meyer_conferencia-e1552339000666.jpg","keywords":["100 d\u00edas de gobierno","Agust\u00edn","Andres Manuel L\u00f3pez Obrador","Carlos Mart\u00ed","Fovissste","Infonavit","Rom\u00e1n Meyer Falc\u00f3n","Sedatu","SHF","vivienda"],"articleSection":["Reportajes","Vivienda"],"inLanguage":"es","potentialAction":[{"@type":"CommentAction","name":"Comment","target":["https:\/\/centrourbano.com\/revista\/vivienda\/100-dias-amlo-vivienda\/#respond"]}]},{"@type":"WebPage","@id":"https:\/\/centrourbano.com\/revista\/vivienda\/100-dias-amlo-vivienda\/","url":"https:\/\/centrourbano.com\/revista\/vivienda\/100-dias-amlo-vivienda\/","name":"A 100 d\u00edas de gobierno, \u00bfqu\u00e9 ha pasado en vivienda?","isPartOf":{"@id":"https:\/\/centrourbano.com\/revista\/#website"},"primaryImageOfPage":{"@id":"https:\/\/centrourbano.com\/revista\/vivienda\/100-dias-amlo-vivienda\/#primaryimage"},"image":{"@id":"https:\/\/centrourbano.com\/revista\/vivienda\/100-dias-amlo-vivienda\/#primaryimage"},"thumbnailUrl":"https:\/\/centrourbano.com\/revista\/wp-content\/uploads\/L\u00f3pez-Obrador_Rom\u00e1n-Meyer_conferencia-e1552339000666.jpg","datePublished":"2019-03-11T21:12:06+00:00","dateModified":"2019-03-22T23:51:36+00:00","description":"Este domingo se cumplieron 100 d\u00edas del arranque del nuevo sexenio que encabeza Andr\u00e9s Manuel L\u00f3pez Obrador. Y en este periodo, en el \u00e1mbito...","breadcrumb":{"@id":"https:\/\/centrourbano.com\/revista\/vivienda\/100-dias-amlo-vivienda\/#breadcrumb"},"inLanguage":"es","potentialAction":[{"@type":"ReadAction","target":["https:\/\/centrourbano.com\/revista\/vivienda\/100-dias-amlo-vivienda\/"]}]},{"@type":"ImageObject","inLanguage":"es","@id":"https:\/\/centrourbano.com\/revista\/vivienda\/100-dias-amlo-vivienda\/#primaryimage","url":"https:\/\/centrourbano.com\/revista\/wp-content\/uploads\/L\u00f3pez-Obrador_Rom\u00e1n-Meyer_conferencia-e1552339000666.jpg","contentUrl":"https:\/\/centrourbano.com\/revista\/wp-content\/uploads\/L\u00f3pez-Obrador_Rom\u00e1n-Meyer_conferencia-e1552339000666.jpg","width":800,"height":554,"caption":"Las autoridades han iniciado con una din\u00e1mica fuerte el sexenio, lo que se ha visto en el andar dela industria"},{"@type":"BreadcrumbList","@id":"https:\/\/centrourbano.com\/revista\/vivienda\/100-dias-amlo-vivienda\/#breadcrumb","itemListElement":[{"@type":"ListItem","position":1,"name":"Portada","item":"https:\/\/centrourbano.com\/revista\/"},{"@type":"ListItem","position":2,"name":"A 100 d\u00edas de gobierno, \u00bfqu\u00e9 ha pasado en vivienda?"}]},{"@type":"WebSite","@id":"https:\/\/centrourbano.com\/revista\/#website","url":"https:\/\/centrourbano.com\/revista\/","name":"Centro Urbano","description":"Medio especializado en los sectores vivienda, inmobiliario, construcci\u00f3n, arquitectura y urbanismo.","publisher":{"@id":"https:\/\/centrourbano.com\/revista\/#organization"},"potentialAction":[{"@type":"SearchAction","target":{"@type":"EntryPoint","urlTemplate":"https:\/\/centrourbano.com\/revista\/?s={search_term_string}"},"query-input":{"@type":"PropertyValueSpecification","valueRequired":true,"valueName":"search_term_string"}}],"inLanguage":"es"},{"@type":"Organization","@id":"https:\/\/centrourbano.com\/revista\/#organization","name":"Centro Urbano","url":"https:\/\/centrourbano.com\/revista\/","logo":{"@type":"ImageObject","inLanguage":"es","@id":"https:\/\/centrourbano.com\/revista\/#\/schema\/logo\/image\/","url":"https:\/\/centrourbano.com\/revista\/wp-content\/uploads\/web_CU_logo-1.png","contentUrl":"https:\/\/centrourbano.com\/revista\/wp-content\/uploads\/web_CU_logo-1.png","width":350,"height":91,"caption":"Centro Urbano"},"image":{"@id":"https:\/\/centrourbano.com\/revista\/#\/schema\/logo\/image\/"},"sameAs":["https:\/\/www.facebook.com\/portalcentrourbano","https:\/\/x.com\/CentroUrbano","https:\/\/www.instagram.com\/centro_urbano\/","https:\/\/www.linkedin.com\/company\/centro-urbano\/","http:\/\/www.youtube.com\/user\/portalcentrourbano"]},{"@type":"Person","@id":"https:\/\/centrourbano.com\/revista\/#\/schema\/person\/ff3c00651ce5b1630479d2cd0c2e3ac0","name":"Edgar Rosas","image":{"@type":"ImageObject","inLanguage":"es","@id":"https:\/\/secure.gravatar.com\/avatar\/94440c4283495211faa5300bf85e80061036b83fced868c3783aa1310b350d9c?s=96&d=mm&r=g","url":"https:\/\/secure.gravatar.com\/avatar\/94440c4283495211faa5300bf85e80061036b83fced868c3783aa1310b350d9c?s=96&d=mm&r=g","contentUrl":"https:\/\/secure.gravatar.com\/avatar\/94440c4283495211faa5300bf85e80061036b83fced868c3783aa1310b350d9c?s=96&d=mm&r=g","caption":"Edgar Rosas"},"description":"Editor en Jefe de Centro Urbano. Egresado de la maestr\u00eda en Periodismo Pol\u00edtico de la Escuela de Periodismo Carlos Septi\u00e9n Garc\u00eda (EPCSG). Estudi\u00f3 la licenciatura en Comunicaci\u00f3n en la Universidad Mexicana. Amante de la cr\u00f3nica y el reportaje. Admirador de Vicente Le\u00f1ero y Miguel \u00c1ngel Granados Chapa.","sameAs":["https:\/\/x.com\/https:\/\/twitter.com\/ERosasCU?s=09"],"url":"https:\/\/centrourbano.com\/revista\/author\/edgar-rosas\/"}]}},"_links":{"self":[{"href":"https:\/\/centrourbano.com\/revista\/wp-json\/wp\/v2\/posts\/87484","targetHints":{"allow":["GET"]}}],"collection":[{"href":"https:\/\/centrourbano.com\/revista\/wp-json\/wp\/v2\/posts"}],"about":[{"href":"https:\/\/centrourbano.com\/revista\/wp-json\/wp\/v2\/types\/post"}],"author":[{"embeddable":true,"href":"https:\/\/centrourbano.com\/revista\/wp-json\/wp\/v2\/users\/47"}],"replies":[{"embeddable":true,"href":"https:\/\/centrourbano.com\/revista\/wp-json\/wp\/v2\/comments?post=87484"}],"version-history":[{"count":7,"href":"https:\/\/centrourbano.com\/revista\/wp-json\/wp\/v2\/posts\/87484\/revisions"}],"predecessor-version":[{"id":87903,"href":"https:\/\/centrourbano.com\/revista\/wp-json\/wp\/v2\/posts\/87484\/revisions\/87903"}],"wp:featuredmedia":[{"embeddable":true,"href":"https:\/\/centrourbano.com\/revista\/wp-json\/wp\/v2\/media\/87493"}],"wp:attachment":[{"href":"https:\/\/centrourbano.com\/revista\/wp-json\/wp\/v2\/media?parent=87484"}],"wp:term":[{"taxonomy":"category","embeddable":true,"href":"https:\/\/centrourbano.com\/revista\/wp-json\/wp\/v2\/categories?post=87484"},{"taxonomy":"post_tag","embeddable":true,"href":"https:\/\/centrourbano.com\/revista\/wp-json\/wp\/v2\/tags?post=87484"}],"curies":[{"name":"wp","href":"https:\/\/api.w.org\/{rel}","templated":true}]}}