{"id":8748,"date":"2014-07-18T15:21:39","date_gmt":"2014-07-18T20:21:39","guid":{"rendered":"http:\/\/centrourbano.com\/?p=8748"},"modified":"2014-07-18T15:21:39","modified_gmt":"2014-07-18T20:21:39","slug":"invierte-gobierno-de-cdmx-20-mdp-en-pista-de-remo-y-canotaje-en-cuemanco","status":"publish","type":"post","link":"https:\/\/centrourbano.com\/revista\/saladeprensa\/invierte-gobierno-de-cdmx-20-mdp-en-pista-de-remo-y-canotaje-en-cuemanco\/","title":{"rendered":"Invierte gobierno de CDMX 20 MDP en Pista de Remo y Canotaje en Cuemanco"},"content":{"rendered":"<p>&nbsp;<\/p>\n<p><em>Inaugura Mancera competencia como parte del Festival Deportivo Panamericano 2014\u00a0<\/em><!--more--><\/p>\n<p>&nbsp;<\/p>\n<p>El Jefe de Gobierno del Distrito Federal, Miguel \u00c1ngel Mancera Espinosa, inaugur\u00f3 en la Pista Ol\u00edmpica de Remo y Canotaje \u201cVirgilio Uribe\u201d del Deportivo Cuemanco, Xochimilco, la competencia en dicha disciplina como parte del \u201cFestival Deportivo Panamericano 2014\u201d (programado del 11 de julio al 30 de septiembre en 10 sedes de la Rep\u00fablica), y para lo cual la Ciudad de M\u00e9xico alberga a 12 de las 23 actividades deportivas previstas.<\/p>\n<p>&nbsp;<\/p>\n<p>Con esta justa, la capital mexicana presenta igualmente instalaciones renovadas en el sitio que form\u00f3 parte de los Juegos Ol\u00edmpicos de 1968, las cuales despu\u00e9s de 30 a\u00f1os de no recibir rehabilitaci\u00f3n, fueron acondicionadas con un presupuesto de 20 millones de pesos, lo que le ha permitido ser sede de esta competencia internacional.<\/p>\n<p>&nbsp;<\/p>\n<p>Acompa\u00f1ado del\u00a0<em>director general de la Comisi\u00f3n Nacional\u00a0<\/em>de Cultura F\u00edsica y\u00a0<em>Deporte (Conade)<\/em>, Jes\u00fas Mena Campos, y del presidente del Comit\u00e9 Ol\u00edmpico Mexicano (COM), Carlos Padilla, entre otros representantes deportivos; el mandatario local dio la bienvenida a las delegaciones de atletas que competir\u00e1n en remo, as\u00ed como a los cerca de 4 mil deportistas que formar\u00e1n parte de este festival en diferentes disciplinas.<\/p>\n<p>&nbsp;<\/p>\n<p>Miguel \u00c1ngel Mancera acot\u00f3 que este evento fue convocado por la Organizaci\u00f3n Deportiva Panamericana (<em>ODEPA)\u00a0<\/em>para ofrecer a los atletas invitados, los programas necesarios para su preparaci\u00f3n rumbo a los XVll Juegos Panamericanos \u201cToronto 2015\u201d (julio) y los Juegos de la XXXl Olimpiada \u201cR\u00edo 2016\u201d (septiembre).<\/p>\n<p>&nbsp;<\/p>\n<p>En ese sentido, agradeci\u00f3 a las autoridades federales por la aportaci\u00f3n de los recursos y el apoyo decidido para que la Ciudad de M\u00e9xico tenga mejores y m\u00e1s dignas instalaciones, como es el caso de esta emblem\u00e1tica pista de remo y canotaje.<\/p>\n<p>&nbsp;<\/p>\n<p>Ante el director del Instituto del Deporte del Distrito Federal, Horacio de la Vega; el secretario de Gobierno, H\u00e9ctor Serrano; el delegado en Xochimilco, Miguel \u00c1ngel C\u00e1mara Arango; el secretario ejecutivo de la ODEPA, Reynaldo Gonz\u00e1lez, entre otros convocados, Mancera Espinosa hizo un reconocimiento a Mario V\u00e1zquez Ra\u00f1a, titular de la Organizaci\u00f3n Deportiva Panamericana, por el apoyo que ha recibido la CDMX en este primer impulso de 20 millones de pesos destinados a la pista de canotaje.<\/p>\n<p>&nbsp;<\/p>\n<p>Destac\u00f3 que en la ciudad se trabaja en diferentes programas para fomentar el deporte, as\u00ed como en la recuperaci\u00f3n de espacios de la mano de las autoridades delegacionales como es el caso del Deportivo de la Magdalena Mixhuca, en Iztacalco, el cual est\u00e1 en un proceso de remodelaci\u00f3n.<\/p>\n<p>&nbsp;<\/p>\n<p>Es importante mencionar que el Festival Deportivo Panamericano re\u00fane a representantes de la ODEPA, de las Confederaciones Deportivas Panamericanas y es organizado con el apoyo y colaboraci\u00f3n de nueve estados de la Rep\u00fablica y el Distrito Federal. En esta iniciativa, han sido convocados atletas de 23 tipos de disciplinas individuales del Programa Ol\u00edmpico, con una participaci\u00f3n estimada de 3 mil 600 deportistas.<\/p>\n<p>&nbsp;<\/p>\n<p>Para este Festival, habr\u00e1 eventos clasificatorios, preclasificatorios o que dar\u00e1n puntos para el ranking individual en aquellas disciplinas que su clasificaci\u00f3n as\u00ed lo tiene establecido para los Juegos Panamericanos de \u201cToronto 2015\u201d y los Juegos Ol\u00edmpicos de \u201cR\u00edo 2016\u201d.<\/p>\n<p>&nbsp;<\/p>\n<p>Al respecto, Jes\u00fas Mena Campos y Carlos Padilla coincidieron al comentar que a trav\u00e9s del trabajo en equipo, entre la Federaci\u00f3n y -en este caso- el Distrito Federal, es posible convocar a eventos deportivos de este nivel.<\/p>\n<p>&nbsp;<\/p>\n<p>El Festival Deportivo Panamericano propiciar\u00e1 que los atletas de los pa\u00edses de Am\u00e9rica se entrenen y compitan en un evento multidisciplinario de alta calidad t\u00e9cnica.<\/p>\n","protected":false},"excerpt":{"rendered":"<p>&nbsp; Inaugura Mancera competencia como parte del Festival Deportivo Panamericano 2014\u00a0<\/p>\n","protected":false},"author":14,"featured_media":0,"comment_status":"open","ping_status":"closed","sticky":false,"template":"","format":"standard","meta":{"om_disable_all_campaigns":false,"inline_featured_image":false,"_monsterinsights_skip_tracking":false,"_monsterinsights_sitenote_active":false,"_monsterinsights_sitenote_note":"","_monsterinsights_sitenote_category":0,"footnotes":""},"categories":[7],"tags":[2104,606,2103],"class_list":["post-8748","post","type-post","status-publish","format-standard","hentry","category-saladeprensa","tag-canotaje","tag-cdmx","tag-remo"],"yoast_head":"<!-- This site is optimized with the Yoast SEO plugin v27.4 - https:\/\/yoast.com\/product\/yoast-seo-wordpress\/ -->\n<title>Invierte gobierno de CDMX 20 MDP en Pista de Remo y Canotaje en Cuemanco  -<\/title>\n<meta name=\"description\" content=\"&nbsp; Inaugura Mancera competencia como parte del Festival Deportivo Panamericano 2014\u00a0 &nbsp; El Jefe de Gobierno del Distrito Federal, Miguel \u00c1ngel\" \/>\n<meta name=\"robots\" content=\"index, follow, max-snippet:-1, max-image-preview:large, max-video-preview:-1\" \/>\n<link rel=\"canonical\" href=\"https:\/\/centrourbano.com\/revista\/saladeprensa\/invierte-gobierno-de-cdmx-20-mdp-en-pista-de-remo-y-canotaje-en-cuemanco\/\" \/>\n<meta property=\"og:locale\" content=\"es_ES\" \/>\n<meta property=\"og:type\" content=\"article\" \/>\n<meta property=\"og:title\" content=\"Invierte gobierno de CDMX 20 MDP en Pista de Remo y Canotaje en Cuemanco  -\" \/>\n<meta property=\"og:description\" content=\"&nbsp; Inaugura Mancera competencia como parte del Festival Deportivo Panamericano 2014\u00a0 &nbsp; El Jefe de Gobierno del Distrito Federal, Miguel \u00c1ngel\" \/>\n<meta property=\"og:url\" content=\"https:\/\/centrourbano.com\/revista\/saladeprensa\/invierte-gobierno-de-cdmx-20-mdp-en-pista-de-remo-y-canotaje-en-cuemanco\/\" \/>\n<meta property=\"og:site_name\" content=\"Centro Urbano\" \/>\n<meta property=\"article:publisher\" content=\"https:\/\/www.facebook.com\/portalcentrourbano\" \/>\n<meta property=\"article:published_time\" content=\"2014-07-18T20:21:39+00:00\" \/>\n<meta property=\"og:image\" content=\"https:\/\/centrourbano.com\/revista\/wp-content\/uploads\/CU-logo.png\" \/>\n\t<meta property=\"og:image:width\" content=\"350\" \/>\n\t<meta property=\"og:image:height\" content=\"91\" \/>\n\t<meta property=\"og:image:type\" content=\"image\/png\" \/>\n<meta name=\"author\" content=\"Redacci\u00f3n Centro Urbano\" \/>\n<meta name=\"twitter:card\" content=\"summary_large_image\" \/>\n<meta name=\"twitter:creator\" content=\"@CentroUrbano\" \/>\n<meta name=\"twitter:site\" content=\"@CentroUrbano\" \/>\n<meta name=\"twitter:label1\" content=\"Escrito por\" \/>\n\t<meta name=\"twitter:data1\" content=\"Redacci\u00f3n Centro Urbano\" \/>\n\t<meta name=\"twitter:label2\" content=\"Tiempo de lectura\" \/>\n\t<meta name=\"twitter:data2\" content=\"3 minutos\" \/>\n<script type=\"application\/ld+json\" class=\"yoast-schema-graph\">{\"@context\":\"https:\\\/\\\/schema.org\",\"@graph\":[{\"@type\":\"Article\",\"@id\":\"https:\\\/\\\/centrourbano.com\\\/revista\\\/saladeprensa\\\/invierte-gobierno-de-cdmx-20-mdp-en-pista-de-remo-y-canotaje-en-cuemanco\\\/#article\",\"isPartOf\":{\"@id\":\"https:\\\/\\\/centrourbano.com\\\/revista\\\/saladeprensa\\\/invierte-gobierno-de-cdmx-20-mdp-en-pista-de-remo-y-canotaje-en-cuemanco\\\/\"},\"author\":{\"name\":\"Redacci\u00f3n Centro Urbano\",\"@id\":\"https:\\\/\\\/centrourbano.com\\\/revista\\\/#\\\/schema\\\/person\\\/680e7c50f9d6e917e416c9efdc26f996\"},\"headline\":\"Invierte gobierno de CDMX 20 MDP en Pista de Remo y Canotaje en Cuemanco\",\"datePublished\":\"2014-07-18T20:21:39+00:00\",\"mainEntityOfPage\":{\"@id\":\"https:\\\/\\\/centrourbano.com\\\/revista\\\/saladeprensa\\\/invierte-gobierno-de-cdmx-20-mdp-en-pista-de-remo-y-canotaje-en-cuemanco\\\/\"},\"wordCount\":623,\"commentCount\":0,\"publisher\":{\"@id\":\"https:\\\/\\\/centrourbano.com\\\/revista\\\/#organization\"},\"keywords\":[\"Canotaje\",\"CDMX\",\"Remo\"],\"articleSection\":[\"Sala de Prensa\"],\"inLanguage\":\"es\",\"potentialAction\":[{\"@type\":\"CommentAction\",\"name\":\"Comment\",\"target\":[\"https:\\\/\\\/centrourbano.com\\\/revista\\\/saladeprensa\\\/invierte-gobierno-de-cdmx-20-mdp-en-pista-de-remo-y-canotaje-en-cuemanco\\\/#respond\"]}]},{\"@type\":\"WebPage\",\"@id\":\"https:\\\/\\\/centrourbano.com\\\/revista\\\/saladeprensa\\\/invierte-gobierno-de-cdmx-20-mdp-en-pista-de-remo-y-canotaje-en-cuemanco\\\/\",\"url\":\"https:\\\/\\\/centrourbano.com\\\/revista\\\/saladeprensa\\\/invierte-gobierno-de-cdmx-20-mdp-en-pista-de-remo-y-canotaje-en-cuemanco\\\/\",\"name\":\"Invierte gobierno de CDMX 20 MDP en Pista de Remo y Canotaje en Cuemanco -\",\"isPartOf\":{\"@id\":\"https:\\\/\\\/centrourbano.com\\\/revista\\\/#website\"},\"datePublished\":\"2014-07-18T20:21:39+00:00\",\"description\":\"&nbsp; Inaugura Mancera competencia como parte del Festival Deportivo Panamericano 2014\u00a0 &nbsp; El Jefe de Gobierno del Distrito Federal, Miguel \u00c1ngel\",\"breadcrumb\":{\"@id\":\"https:\\\/\\\/centrourbano.com\\\/revista\\\/saladeprensa\\\/invierte-gobierno-de-cdmx-20-mdp-en-pista-de-remo-y-canotaje-en-cuemanco\\\/#breadcrumb\"},\"inLanguage\":\"es\",\"potentialAction\":[{\"@type\":\"ReadAction\",\"target\":[\"https:\\\/\\\/centrourbano.com\\\/revista\\\/saladeprensa\\\/invierte-gobierno-de-cdmx-20-mdp-en-pista-de-remo-y-canotaje-en-cuemanco\\\/\"]}]},{\"@type\":\"BreadcrumbList\",\"@id\":\"https:\\\/\\\/centrourbano.com\\\/revista\\\/saladeprensa\\\/invierte-gobierno-de-cdmx-20-mdp-en-pista-de-remo-y-canotaje-en-cuemanco\\\/#breadcrumb\",\"itemListElement\":[{\"@type\":\"ListItem\",\"position\":1,\"name\":\"Portada\",\"item\":\"https:\\\/\\\/centrourbano.com\\\/revista\\\/\"},{\"@type\":\"ListItem\",\"position\":2,\"name\":\"Invierte gobierno de CDMX 20 MDP en Pista de Remo y Canotaje en Cuemanco\"}]},{\"@type\":\"WebSite\",\"@id\":\"https:\\\/\\\/centrourbano.com\\\/revista\\\/#website\",\"url\":\"https:\\\/\\\/centrourbano.com\\\/revista\\\/\",\"name\":\"Centro Urbano\",\"description\":\"Medio especializado en los sectores vivienda, inmobiliario, construcci\u00f3n, arquitectura y urbanismo.\",\"publisher\":{\"@id\":\"https:\\\/\\\/centrourbano.com\\\/revista\\\/#organization\"},\"potentialAction\":[{\"@type\":\"SearchAction\",\"target\":{\"@type\":\"EntryPoint\",\"urlTemplate\":\"https:\\\/\\\/centrourbano.com\\\/revista\\\/?s={search_term_string}\"},\"query-input\":{\"@type\":\"PropertyValueSpecification\",\"valueRequired\":true,\"valueName\":\"search_term_string\"}}],\"inLanguage\":\"es\"},{\"@type\":\"Organization\",\"@id\":\"https:\\\/\\\/centrourbano.com\\\/revista\\\/#organization\",\"name\":\"Centro Urbano\",\"url\":\"https:\\\/\\\/centrourbano.com\\\/revista\\\/\",\"logo\":{\"@type\":\"ImageObject\",\"inLanguage\":\"es\",\"@id\":\"https:\\\/\\\/centrourbano.com\\\/revista\\\/#\\\/schema\\\/logo\\\/image\\\/\",\"url\":\"https:\\\/\\\/centrourbano.com\\\/revista\\\/wp-content\\\/uploads\\\/web_CU_logo-1.png\",\"contentUrl\":\"https:\\\/\\\/centrourbano.com\\\/revista\\\/wp-content\\\/uploads\\\/web_CU_logo-1.png\",\"width\":350,\"height\":91,\"caption\":\"Centro Urbano\"},\"image\":{\"@id\":\"https:\\\/\\\/centrourbano.com\\\/revista\\\/#\\\/schema\\\/logo\\\/image\\\/\"},\"sameAs\":[\"https:\\\/\\\/www.facebook.com\\\/portalcentrourbano\",\"https:\\\/\\\/x.com\\\/CentroUrbano\",\"https:\\\/\\\/www.instagram.com\\\/centro_urbano\\\/\",\"https:\\\/\\\/www.linkedin.com\\\/company\\\/centro-urbano\\\/\",\"http:\\\/\\\/www.youtube.com\\\/user\\\/portalcentrourbano\"]},{\"@type\":\"Person\",\"@id\":\"https:\\\/\\\/centrourbano.com\\\/revista\\\/#\\\/schema\\\/person\\\/680e7c50f9d6e917e416c9efdc26f996\",\"name\":\"Redacci\u00f3n Centro Urbano\",\"image\":{\"@type\":\"ImageObject\",\"inLanguage\":\"es\",\"@id\":\"https:\\\/\\\/secure.gravatar.com\\\/avatar\\\/15a789f894398c0f311f3a7a2ee28032bbc0483098539da66b6a045aa810bf35?s=96&d=mm&r=g\",\"url\":\"https:\\\/\\\/secure.gravatar.com\\\/avatar\\\/15a789f894398c0f311f3a7a2ee28032bbc0483098539da66b6a045aa810bf35?s=96&d=mm&r=g\",\"contentUrl\":\"https:\\\/\\\/secure.gravatar.com\\\/avatar\\\/15a789f894398c0f311f3a7a2ee28032bbc0483098539da66b6a045aa810bf35?s=96&d=mm&r=g\",\"caption\":\"Redacci\u00f3n Centro Urbano\"},\"url\":\"https:\\\/\\\/centrourbano.com\\\/revista\\\/author\\\/editorial\\\/\"}]}<\/script>\n<!-- \/ Yoast SEO plugin. -->","yoast_head_json":{"title":"Invierte gobierno de CDMX 20 MDP en Pista de Remo y Canotaje en Cuemanco  -","description":"&nbsp; Inaugura Mancera competencia como parte del Festival Deportivo Panamericano 2014\u00a0 &nbsp; El Jefe de Gobierno del Distrito Federal, Miguel \u00c1ngel","robots":{"index":"index","follow":"follow","max-snippet":"max-snippet:-1","max-image-preview":"max-image-preview:large","max-video-preview":"max-video-preview:-1"},"canonical":"https:\/\/centrourbano.com\/revista\/saladeprensa\/invierte-gobierno-de-cdmx-20-mdp-en-pista-de-remo-y-canotaje-en-cuemanco\/","og_locale":"es_ES","og_type":"article","og_title":"Invierte gobierno de CDMX 20 MDP en Pista de Remo y Canotaje en Cuemanco  -","og_description":"&nbsp; Inaugura Mancera competencia como parte del Festival Deportivo Panamericano 2014\u00a0 &nbsp; El Jefe de Gobierno del Distrito Federal, Miguel \u00c1ngel","og_url":"https:\/\/centrourbano.com\/revista\/saladeprensa\/invierte-gobierno-de-cdmx-20-mdp-en-pista-de-remo-y-canotaje-en-cuemanco\/","og_site_name":"Centro Urbano","article_publisher":"https:\/\/www.facebook.com\/portalcentrourbano","article_published_time":"2014-07-18T20:21:39+00:00","og_image":[{"width":350,"height":91,"url":"https:\/\/centrourbano.com\/revista\/wp-content\/uploads\/CU-logo.png","type":"image\/png"}],"author":"Redacci\u00f3n Centro Urbano","twitter_card":"summary_large_image","twitter_creator":"@CentroUrbano","twitter_site":"@CentroUrbano","twitter_misc":{"Escrito por":"Redacci\u00f3n Centro Urbano","Tiempo de lectura":"3 minutos"},"schema":{"@context":"https:\/\/schema.org","@graph":[{"@type":"Article","@id":"https:\/\/centrourbano.com\/revista\/saladeprensa\/invierte-gobierno-de-cdmx-20-mdp-en-pista-de-remo-y-canotaje-en-cuemanco\/#article","isPartOf":{"@id":"https:\/\/centrourbano.com\/revista\/saladeprensa\/invierte-gobierno-de-cdmx-20-mdp-en-pista-de-remo-y-canotaje-en-cuemanco\/"},"author":{"name":"Redacci\u00f3n Centro Urbano","@id":"https:\/\/centrourbano.com\/revista\/#\/schema\/person\/680e7c50f9d6e917e416c9efdc26f996"},"headline":"Invierte gobierno de CDMX 20 MDP en Pista de Remo y Canotaje en Cuemanco","datePublished":"2014-07-18T20:21:39+00:00","mainEntityOfPage":{"@id":"https:\/\/centrourbano.com\/revista\/saladeprensa\/invierte-gobierno-de-cdmx-20-mdp-en-pista-de-remo-y-canotaje-en-cuemanco\/"},"wordCount":623,"commentCount":0,"publisher":{"@id":"https:\/\/centrourbano.com\/revista\/#organization"},"keywords":["Canotaje","CDMX","Remo"],"articleSection":["Sala de Prensa"],"inLanguage":"es","potentialAction":[{"@type":"CommentAction","name":"Comment","target":["https:\/\/centrourbano.com\/revista\/saladeprensa\/invierte-gobierno-de-cdmx-20-mdp-en-pista-de-remo-y-canotaje-en-cuemanco\/#respond"]}]},{"@type":"WebPage","@id":"https:\/\/centrourbano.com\/revista\/saladeprensa\/invierte-gobierno-de-cdmx-20-mdp-en-pista-de-remo-y-canotaje-en-cuemanco\/","url":"https:\/\/centrourbano.com\/revista\/saladeprensa\/invierte-gobierno-de-cdmx-20-mdp-en-pista-de-remo-y-canotaje-en-cuemanco\/","name":"Invierte gobierno de CDMX 20 MDP en Pista de Remo y Canotaje en Cuemanco -","isPartOf":{"@id":"https:\/\/centrourbano.com\/revista\/#website"},"datePublished":"2014-07-18T20:21:39+00:00","description":"&nbsp; Inaugura Mancera competencia como parte del Festival Deportivo Panamericano 2014\u00a0 &nbsp; El Jefe de Gobierno del Distrito Federal, Miguel \u00c1ngel","breadcrumb":{"@id":"https:\/\/centrourbano.com\/revista\/saladeprensa\/invierte-gobierno-de-cdmx-20-mdp-en-pista-de-remo-y-canotaje-en-cuemanco\/#breadcrumb"},"inLanguage":"es","potentialAction":[{"@type":"ReadAction","target":["https:\/\/centrourbano.com\/revista\/saladeprensa\/invierte-gobierno-de-cdmx-20-mdp-en-pista-de-remo-y-canotaje-en-cuemanco\/"]}]},{"@type":"BreadcrumbList","@id":"https:\/\/centrourbano.com\/revista\/saladeprensa\/invierte-gobierno-de-cdmx-20-mdp-en-pista-de-remo-y-canotaje-en-cuemanco\/#breadcrumb","itemListElement":[{"@type":"ListItem","position":1,"name":"Portada","item":"https:\/\/centrourbano.com\/revista\/"},{"@type":"ListItem","position":2,"name":"Invierte gobierno de CDMX 20 MDP en Pista de Remo y Canotaje en Cuemanco"}]},{"@type":"WebSite","@id":"https:\/\/centrourbano.com\/revista\/#website","url":"https:\/\/centrourbano.com\/revista\/","name":"Centro Urbano","description":"Medio especializado en los sectores vivienda, inmobiliario, construcci\u00f3n, arquitectura y urbanismo.","publisher":{"@id":"https:\/\/centrourbano.com\/revista\/#organization"},"potentialAction":[{"@type":"SearchAction","target":{"@type":"EntryPoint","urlTemplate":"https:\/\/centrourbano.com\/revista\/?s={search_term_string}"},"query-input":{"@type":"PropertyValueSpecification","valueRequired":true,"valueName":"search_term_string"}}],"inLanguage":"es"},{"@type":"Organization","@id":"https:\/\/centrourbano.com\/revista\/#organization","name":"Centro Urbano","url":"https:\/\/centrourbano.com\/revista\/","logo":{"@type":"ImageObject","inLanguage":"es","@id":"https:\/\/centrourbano.com\/revista\/#\/schema\/logo\/image\/","url":"https:\/\/centrourbano.com\/revista\/wp-content\/uploads\/web_CU_logo-1.png","contentUrl":"https:\/\/centrourbano.com\/revista\/wp-content\/uploads\/web_CU_logo-1.png","width":350,"height":91,"caption":"Centro Urbano"},"image":{"@id":"https:\/\/centrourbano.com\/revista\/#\/schema\/logo\/image\/"},"sameAs":["https:\/\/www.facebook.com\/portalcentrourbano","https:\/\/x.com\/CentroUrbano","https:\/\/www.instagram.com\/centro_urbano\/","https:\/\/www.linkedin.com\/company\/centro-urbano\/","http:\/\/www.youtube.com\/user\/portalcentrourbano"]},{"@type":"Person","@id":"https:\/\/centrourbano.com\/revista\/#\/schema\/person\/680e7c50f9d6e917e416c9efdc26f996","name":"Redacci\u00f3n Centro Urbano","image":{"@type":"ImageObject","inLanguage":"es","@id":"https:\/\/secure.gravatar.com\/avatar\/15a789f894398c0f311f3a7a2ee28032bbc0483098539da66b6a045aa810bf35?s=96&d=mm&r=g","url":"https:\/\/secure.gravatar.com\/avatar\/15a789f894398c0f311f3a7a2ee28032bbc0483098539da66b6a045aa810bf35?s=96&d=mm&r=g","contentUrl":"https:\/\/secure.gravatar.com\/avatar\/15a789f894398c0f311f3a7a2ee28032bbc0483098539da66b6a045aa810bf35?s=96&d=mm&r=g","caption":"Redacci\u00f3n Centro Urbano"},"url":"https:\/\/centrourbano.com\/revista\/author\/editorial\/"}]}},"_links":{"self":[{"href":"https:\/\/centrourbano.com\/revista\/wp-json\/wp\/v2\/posts\/8748","targetHints":{"allow":["GET"]}}],"collection":[{"href":"https:\/\/centrourbano.com\/revista\/wp-json\/wp\/v2\/posts"}],"about":[{"href":"https:\/\/centrourbano.com\/revista\/wp-json\/wp\/v2\/types\/post"}],"author":[{"embeddable":true,"href":"https:\/\/centrourbano.com\/revista\/wp-json\/wp\/v2\/users\/14"}],"replies":[{"embeddable":true,"href":"https:\/\/centrourbano.com\/revista\/wp-json\/wp\/v2\/comments?post=8748"}],"version-history":[{"count":0,"href":"https:\/\/centrourbano.com\/revista\/wp-json\/wp\/v2\/posts\/8748\/revisions"}],"wp:attachment":[{"href":"https:\/\/centrourbano.com\/revista\/wp-json\/wp\/v2\/media?parent=8748"}],"wp:term":[{"taxonomy":"category","embeddable":true,"href":"https:\/\/centrourbano.com\/revista\/wp-json\/wp\/v2\/categories?post=8748"},{"taxonomy":"post_tag","embeddable":true,"href":"https:\/\/centrourbano.com\/revista\/wp-json\/wp\/v2\/tags?post=8748"}],"curies":[{"name":"wp","href":"https:\/\/api.w.org\/{rel}","templated":true}]}}