{"id":87425,"date":"2019-03-08T16:28:54","date_gmt":"2019-03-08T22:28:54","guid":{"rendered":"https:\/\/centrourbano.com\/?p=87425"},"modified":"2019-03-08T16:41:16","modified_gmt":"2019-03-08T22:41:16","slug":"piden-infonavit-regrese-vivienda-derechohabientes-despojados","status":"publish","type":"post","link":"https:\/\/centrourbano.com\/revista\/vivienda\/piden-infonavit-regrese-vivienda-derechohabientes-despojados\/","title":{"rendered":"Diputados van contra despojos de acreditados Infonavit"},"content":{"rendered":"<p><em>La medida busca apoyar a los trabajadores que se vieron involucrados con procesos de recuperaci\u00f3n de vivienda realizados fuera de los protocolos<\/em><!--more--><\/p>\n<p>Ante las denuncias realizadas por acreditados del <strong>Infonavit<\/strong> en las que se visibilizan procesos judiciales de <strong>despojo<\/strong> de vivienda realizados <strong>fast track<\/strong>, el diputado de la fracci\u00f3n parlamentaria del Partido Acci\u00f3n Nacional (PAN), <strong>Lenin P\u00e9rez Rivera<\/strong>, buscar\u00e1 que el Instituto regrese de manera inmediata los inmuebles retiradas a los derechohabientes y que se realice un <strong>juicio<\/strong> apegado a derecho en los casos de los trabajadores que presentan retraso en los pagos.<\/p>\n<p>De acuerdo con lo expuesto en el punto de acuerdo presentado por el legislador, la serie de despojos denunciados en estados como Nayarit, Sonora, Sinaloa, Chihuahua, Coahuila, Tamaulipas, Nuevo Le\u00f3n, Jalisco y Guanajuato, son un <strong>fraude<\/strong>. Asegur\u00f3 que en estos procedimientos hay despachos, jueces y funcionarios del Infonavit involucrados, que con el argumento de <strong>retraso<\/strong> en el pago del cr\u00e9dito, emprendieron procedimientos para quitar las viviendas a los trabajadores sin respetar los marcos establecidos.<\/p>\n<p>[quote]\u201cTrabajadores que ten\u00edan un retraso en sus pagos, sin notificaci\u00f3n alguna, se les realizaron procedimientos judiciales fast track, con una red de corrupci\u00f3n del Poder Judicial, donde alrededor de 400 mil trabajadores en este pa\u00eds, sin un juicio, fueron despojados de su vivienda\u201d, se\u00f1al\u00f3 el diputado.[\/quote]<\/p>\n<p>El funcionario reiter\u00f3 que el punto de acuerdo presentado busca que el Instituto regrese la vivienda a los derechohabientes involucrados en esta situaci\u00f3n y que se <strong>restituya<\/strong> el proceso que busca la recuperaci\u00f3n de la vivienda, \u201cdesde el inicio de notificaci\u00f3n y audiencia, al cual tiene derecho todo mexicano\u201d.<\/p>\n","protected":false},"excerpt":{"rendered":"<p>La medida busca apoyar a los trabajadores que se vieron involucrados con procesos de recuperaci\u00f3n de vivienda realizados fuera de los protocolos<\/p>\n","protected":false},"author":47,"featured_media":32996,"comment_status":"open","ping_status":"closed","sticky":false,"template":"","format":"standard","meta":{"om_disable_all_campaigns":false,"inline_featured_image":false,"_monsterinsights_skip_tracking":false,"_monsterinsights_sitenote_active":false,"_monsterinsights_sitenote_note":"","_monsterinsights_sitenote_category":0,"footnotes":""},"categories":[12],"tags":[15426,100,15427,554,60],"class_list":["post-87425","post","type-post","status-publish","format-standard","has-post-thumbnail","hentry","category-vivienda","tag-despojo","tag-infonavit","tag-lenin-perez-rivera","tag-pan","tag-vivienda-2"],"yoast_head":"<!-- This site is optimized with the Yoast SEO plugin v27.5 - https:\/\/yoast.com\/product\/yoast-seo-wordpress\/ -->\n<title>Piden que Infonavit regrese vivienda a derechohabientes despojados<\/title>\n<meta name=\"description\" content=\"Ante las denuncias realizadas por acreditados del Infonavit en las que se visibilizan procesos judiciales de despojo de vivienda realizados fast track...\" \/>\n<meta name=\"robots\" content=\"index, follow, max-snippet:-1, max-image-preview:large, max-video-preview:-1\" \/>\n<link rel=\"canonical\" href=\"https:\/\/centrourbano.com\/revista\/vivienda\/piden-infonavit-regrese-vivienda-derechohabientes-despojados\/\" \/>\n<meta property=\"og:locale\" content=\"es_ES\" \/>\n<meta property=\"og:type\" content=\"article\" \/>\n<meta property=\"og:title\" content=\"Piden que Infonavit regrese vivienda a derechohabientes despojados\" \/>\n<meta property=\"og:description\" content=\"Ante las denuncias realizadas por acreditados del Infonavit en las que se visibilizan procesos judiciales de despojo de vivienda realizados fast track...\" \/>\n<meta property=\"og:url\" content=\"https:\/\/centrourbano.com\/revista\/vivienda\/piden-infonavit-regrese-vivienda-derechohabientes-despojados\/\" \/>\n<meta property=\"og:site_name\" content=\"Centro Urbano\" \/>\n<meta property=\"article:publisher\" content=\"https:\/\/www.facebook.com\/portalcentrourbano\" \/>\n<meta property=\"article:published_time\" content=\"2019-03-08T22:28:54+00:00\" \/>\n<meta property=\"article:modified_time\" content=\"2019-03-08T22:41:16+00:00\" \/>\n<meta property=\"og:image\" content=\"https:\/\/centrourbano.com\/revista\/wp-content\/uploads\/c\u00e1mara-de-diputados1-e1539370410939.jpg\" \/>\n\t<meta property=\"og:image:width\" content=\"800\" \/>\n\t<meta property=\"og:image:height\" content=\"462\" \/>\n\t<meta property=\"og:image:type\" content=\"image\/jpeg\" \/>\n<meta name=\"author\" content=\"Edgar Rosas\" \/>\n<meta name=\"twitter:card\" content=\"summary_large_image\" \/>\n<meta name=\"twitter:creator\" content=\"@https:\/\/twitter.com\/ERosasCU?s=09\" \/>\n<meta name=\"twitter:site\" content=\"@CentroUrbano\" \/>\n<meta name=\"twitter:label1\" content=\"Escrito por\" \/>\n\t<meta name=\"twitter:data1\" content=\"Edgar Rosas\" \/>\n\t<meta name=\"twitter:label2\" content=\"Tiempo de lectura\" \/>\n\t<meta name=\"twitter:data2\" content=\"1 minuto\" \/>\n<script type=\"application\/ld+json\" class=\"yoast-schema-graph\">{\"@context\":\"https:\\\/\\\/schema.org\",\"@graph\":[{\"@type\":\"Article\",\"@id\":\"https:\\\/\\\/centrourbano.com\\\/revista\\\/vivienda\\\/piden-infonavit-regrese-vivienda-derechohabientes-despojados\\\/#article\",\"isPartOf\":{\"@id\":\"https:\\\/\\\/centrourbano.com\\\/revista\\\/vivienda\\\/piden-infonavit-regrese-vivienda-derechohabientes-despojados\\\/\"},\"author\":{\"name\":\"Edgar Rosas\",\"@id\":\"https:\\\/\\\/centrourbano.com\\\/revista\\\/#\\\/schema\\\/person\\\/ff3c00651ce5b1630479d2cd0c2e3ac0\"},\"headline\":\"Diputados van contra despojos de acreditados Infonavit\",\"datePublished\":\"2019-03-08T22:28:54+00:00\",\"dateModified\":\"2019-03-08T22:41:16+00:00\",\"mainEntityOfPage\":{\"@id\":\"https:\\\/\\\/centrourbano.com\\\/revista\\\/vivienda\\\/piden-infonavit-regrese-vivienda-derechohabientes-despojados\\\/\"},\"wordCount\":284,\"commentCount\":0,\"publisher\":{\"@id\":\"https:\\\/\\\/centrourbano.com\\\/revista\\\/#organization\"},\"image\":{\"@id\":\"https:\\\/\\\/centrourbano.com\\\/revista\\\/vivienda\\\/piden-infonavit-regrese-vivienda-derechohabientes-despojados\\\/#primaryimage\"},\"thumbnailUrl\":\"https:\\\/\\\/centrourbano.com\\\/revista\\\/wp-content\\\/uploads\\\/c\u00e1mara-de-diputados1-e1539370410939.jpg\",\"keywords\":[\"despojo\",\"Infonavit\",\"Lenin P\u00e9rez Rivera\",\"PAN\",\"vivienda\"],\"articleSection\":[\"Vivienda\"],\"inLanguage\":\"es\",\"potentialAction\":[{\"@type\":\"CommentAction\",\"name\":\"Comment\",\"target\":[\"https:\\\/\\\/centrourbano.com\\\/revista\\\/vivienda\\\/piden-infonavit-regrese-vivienda-derechohabientes-despojados\\\/#respond\"]}]},{\"@type\":\"WebPage\",\"@id\":\"https:\\\/\\\/centrourbano.com\\\/revista\\\/vivienda\\\/piden-infonavit-regrese-vivienda-derechohabientes-despojados\\\/\",\"url\":\"https:\\\/\\\/centrourbano.com\\\/revista\\\/vivienda\\\/piden-infonavit-regrese-vivienda-derechohabientes-despojados\\\/\",\"name\":\"Piden que Infonavit regrese vivienda a derechohabientes despojados\",\"isPartOf\":{\"@id\":\"https:\\\/\\\/centrourbano.com\\\/revista\\\/#website\"},\"primaryImageOfPage\":{\"@id\":\"https:\\\/\\\/centrourbano.com\\\/revista\\\/vivienda\\\/piden-infonavit-regrese-vivienda-derechohabientes-despojados\\\/#primaryimage\"},\"image\":{\"@id\":\"https:\\\/\\\/centrourbano.com\\\/revista\\\/vivienda\\\/piden-infonavit-regrese-vivienda-derechohabientes-despojados\\\/#primaryimage\"},\"thumbnailUrl\":\"https:\\\/\\\/centrourbano.com\\\/revista\\\/wp-content\\\/uploads\\\/c\u00e1mara-de-diputados1-e1539370410939.jpg\",\"datePublished\":\"2019-03-08T22:28:54+00:00\",\"dateModified\":\"2019-03-08T22:41:16+00:00\",\"description\":\"Ante las denuncias realizadas por acreditados del Infonavit en las que se visibilizan procesos judiciales de despojo de vivienda realizados fast track...\",\"breadcrumb\":{\"@id\":\"https:\\\/\\\/centrourbano.com\\\/revista\\\/vivienda\\\/piden-infonavit-regrese-vivienda-derechohabientes-despojados\\\/#breadcrumb\"},\"inLanguage\":\"es\",\"potentialAction\":[{\"@type\":\"ReadAction\",\"target\":[\"https:\\\/\\\/centrourbano.com\\\/revista\\\/vivienda\\\/piden-infonavit-regrese-vivienda-derechohabientes-despojados\\\/\"]}]},{\"@type\":\"ImageObject\",\"inLanguage\":\"es\",\"@id\":\"https:\\\/\\\/centrourbano.com\\\/revista\\\/vivienda\\\/piden-infonavit-regrese-vivienda-derechohabientes-despojados\\\/#primaryimage\",\"url\":\"https:\\\/\\\/centrourbano.com\\\/revista\\\/wp-content\\\/uploads\\\/c\u00e1mara-de-diputados1-e1539370410939.jpg\",\"contentUrl\":\"https:\\\/\\\/centrourbano.com\\\/revista\\\/wp-content\\\/uploads\\\/c\u00e1mara-de-diputados1-e1539370410939.jpg\",\"width\":800,\"height\":462,\"caption\":\"De acuerdo con Raymundo Garc\u00eda Guit\u00e9rrez, la falta de regulaci\u00f3n da lugar a contrataciones sin planeaci\u00f3n, caras y de mala calidad\"},{\"@type\":\"BreadcrumbList\",\"@id\":\"https:\\\/\\\/centrourbano.com\\\/revista\\\/vivienda\\\/piden-infonavit-regrese-vivienda-derechohabientes-despojados\\\/#breadcrumb\",\"itemListElement\":[{\"@type\":\"ListItem\",\"position\":1,\"name\":\"Portada\",\"item\":\"https:\\\/\\\/centrourbano.com\\\/revista\\\/\"},{\"@type\":\"ListItem\",\"position\":2,\"name\":\"Diputados van contra despojos de acreditados Infonavit\"}]},{\"@type\":\"WebSite\",\"@id\":\"https:\\\/\\\/centrourbano.com\\\/revista\\\/#website\",\"url\":\"https:\\\/\\\/centrourbano.com\\\/revista\\\/\",\"name\":\"Centro Urbano\",\"description\":\"Medio especializado en los sectores vivienda, inmobiliario, construcci\u00f3n, arquitectura y urbanismo.\",\"publisher\":{\"@id\":\"https:\\\/\\\/centrourbano.com\\\/revista\\\/#organization\"},\"potentialAction\":[{\"@type\":\"SearchAction\",\"target\":{\"@type\":\"EntryPoint\",\"urlTemplate\":\"https:\\\/\\\/centrourbano.com\\\/revista\\\/?s={search_term_string}\"},\"query-input\":{\"@type\":\"PropertyValueSpecification\",\"valueRequired\":true,\"valueName\":\"search_term_string\"}}],\"inLanguage\":\"es\"},{\"@type\":\"Organization\",\"@id\":\"https:\\\/\\\/centrourbano.com\\\/revista\\\/#organization\",\"name\":\"Centro Urbano\",\"url\":\"https:\\\/\\\/centrourbano.com\\\/revista\\\/\",\"logo\":{\"@type\":\"ImageObject\",\"inLanguage\":\"es\",\"@id\":\"https:\\\/\\\/centrourbano.com\\\/revista\\\/#\\\/schema\\\/logo\\\/image\\\/\",\"url\":\"https:\\\/\\\/centrourbano.com\\\/revista\\\/wp-content\\\/uploads\\\/web_CU_logo-1.png\",\"contentUrl\":\"https:\\\/\\\/centrourbano.com\\\/revista\\\/wp-content\\\/uploads\\\/web_CU_logo-1.png\",\"width\":350,\"height\":91,\"caption\":\"Centro Urbano\"},\"image\":{\"@id\":\"https:\\\/\\\/centrourbano.com\\\/revista\\\/#\\\/schema\\\/logo\\\/image\\\/\"},\"sameAs\":[\"https:\\\/\\\/www.facebook.com\\\/portalcentrourbano\",\"https:\\\/\\\/x.com\\\/CentroUrbano\",\"https:\\\/\\\/www.instagram.com\\\/centro_urbano\\\/\",\"https:\\\/\\\/www.linkedin.com\\\/company\\\/centro-urbano\\\/\",\"http:\\\/\\\/www.youtube.com\\\/user\\\/portalcentrourbano\"]},{\"@type\":\"Person\",\"@id\":\"https:\\\/\\\/centrourbano.com\\\/revista\\\/#\\\/schema\\\/person\\\/ff3c00651ce5b1630479d2cd0c2e3ac0\",\"name\":\"Edgar Rosas\",\"image\":{\"@type\":\"ImageObject\",\"inLanguage\":\"es\",\"@id\":\"https:\\\/\\\/secure.gravatar.com\\\/avatar\\\/94440c4283495211faa5300bf85e80061036b83fced868c3783aa1310b350d9c?s=96&d=mm&r=g\",\"url\":\"https:\\\/\\\/secure.gravatar.com\\\/avatar\\\/94440c4283495211faa5300bf85e80061036b83fced868c3783aa1310b350d9c?s=96&d=mm&r=g\",\"contentUrl\":\"https:\\\/\\\/secure.gravatar.com\\\/avatar\\\/94440c4283495211faa5300bf85e80061036b83fced868c3783aa1310b350d9c?s=96&d=mm&r=g\",\"caption\":\"Edgar Rosas\"},\"description\":\"Editor en Jefe de Centro Urbano. Egresado de la maestr\u00eda en Periodismo Pol\u00edtico de la Escuela de Periodismo Carlos Septi\u00e9n Garc\u00eda (EPCSG). Estudi\u00f3 la licenciatura en Comunicaci\u00f3n en la Universidad Mexicana. Amante de la cr\u00f3nica y el reportaje. Admirador de Vicente Le\u00f1ero y Miguel \u00c1ngel Granados Chapa.\",\"sameAs\":[\"https:\\\/\\\/x.com\\\/https:\\\/\\\/twitter.com\\\/ERosasCU?s=09\"],\"url\":\"https:\\\/\\\/centrourbano.com\\\/revista\\\/author\\\/edgar-rosas\\\/\"}]}<\/script>\n<!-- \/ Yoast SEO plugin. -->","yoast_head_json":{"title":"Piden que Infonavit regrese vivienda a derechohabientes despojados","description":"Ante las denuncias realizadas por acreditados del Infonavit en las que se visibilizan procesos judiciales de despojo de vivienda realizados fast track...","robots":{"index":"index","follow":"follow","max-snippet":"max-snippet:-1","max-image-preview":"max-image-preview:large","max-video-preview":"max-video-preview:-1"},"canonical":"https:\/\/centrourbano.com\/revista\/vivienda\/piden-infonavit-regrese-vivienda-derechohabientes-despojados\/","og_locale":"es_ES","og_type":"article","og_title":"Piden que Infonavit regrese vivienda a derechohabientes despojados","og_description":"Ante las denuncias realizadas por acreditados del Infonavit en las que se visibilizan procesos judiciales de despojo de vivienda realizados fast track...","og_url":"https:\/\/centrourbano.com\/revista\/vivienda\/piden-infonavit-regrese-vivienda-derechohabientes-despojados\/","og_site_name":"Centro Urbano","article_publisher":"https:\/\/www.facebook.com\/portalcentrourbano","article_published_time":"2019-03-08T22:28:54+00:00","article_modified_time":"2019-03-08T22:41:16+00:00","og_image":[{"width":800,"height":462,"url":"https:\/\/centrourbano.com\/revista\/wp-content\/uploads\/c\u00e1mara-de-diputados1-e1539370410939.jpg","type":"image\/jpeg"}],"author":"Edgar Rosas","twitter_card":"summary_large_image","twitter_creator":"@https:\/\/twitter.com\/ERosasCU?s=09","twitter_site":"@CentroUrbano","twitter_misc":{"Escrito por":"Edgar Rosas","Tiempo de lectura":"1 minuto"},"schema":{"@context":"https:\/\/schema.org","@graph":[{"@type":"Article","@id":"https:\/\/centrourbano.com\/revista\/vivienda\/piden-infonavit-regrese-vivienda-derechohabientes-despojados\/#article","isPartOf":{"@id":"https:\/\/centrourbano.com\/revista\/vivienda\/piden-infonavit-regrese-vivienda-derechohabientes-despojados\/"},"author":{"name":"Edgar Rosas","@id":"https:\/\/centrourbano.com\/revista\/#\/schema\/person\/ff3c00651ce5b1630479d2cd0c2e3ac0"},"headline":"Diputados van contra despojos de acreditados Infonavit","datePublished":"2019-03-08T22:28:54+00:00","dateModified":"2019-03-08T22:41:16+00:00","mainEntityOfPage":{"@id":"https:\/\/centrourbano.com\/revista\/vivienda\/piden-infonavit-regrese-vivienda-derechohabientes-despojados\/"},"wordCount":284,"commentCount":0,"publisher":{"@id":"https:\/\/centrourbano.com\/revista\/#organization"},"image":{"@id":"https:\/\/centrourbano.com\/revista\/vivienda\/piden-infonavit-regrese-vivienda-derechohabientes-despojados\/#primaryimage"},"thumbnailUrl":"https:\/\/centrourbano.com\/revista\/wp-content\/uploads\/c\u00e1mara-de-diputados1-e1539370410939.jpg","keywords":["despojo","Infonavit","Lenin P\u00e9rez Rivera","PAN","vivienda"],"articleSection":["Vivienda"],"inLanguage":"es","potentialAction":[{"@type":"CommentAction","name":"Comment","target":["https:\/\/centrourbano.com\/revista\/vivienda\/piden-infonavit-regrese-vivienda-derechohabientes-despojados\/#respond"]}]},{"@type":"WebPage","@id":"https:\/\/centrourbano.com\/revista\/vivienda\/piden-infonavit-regrese-vivienda-derechohabientes-despojados\/","url":"https:\/\/centrourbano.com\/revista\/vivienda\/piden-infonavit-regrese-vivienda-derechohabientes-despojados\/","name":"Piden que Infonavit regrese vivienda a derechohabientes despojados","isPartOf":{"@id":"https:\/\/centrourbano.com\/revista\/#website"},"primaryImageOfPage":{"@id":"https:\/\/centrourbano.com\/revista\/vivienda\/piden-infonavit-regrese-vivienda-derechohabientes-despojados\/#primaryimage"},"image":{"@id":"https:\/\/centrourbano.com\/revista\/vivienda\/piden-infonavit-regrese-vivienda-derechohabientes-despojados\/#primaryimage"},"thumbnailUrl":"https:\/\/centrourbano.com\/revista\/wp-content\/uploads\/c\u00e1mara-de-diputados1-e1539370410939.jpg","datePublished":"2019-03-08T22:28:54+00:00","dateModified":"2019-03-08T22:41:16+00:00","description":"Ante las denuncias realizadas por acreditados del Infonavit en las que se visibilizan procesos judiciales de despojo de vivienda realizados fast track...","breadcrumb":{"@id":"https:\/\/centrourbano.com\/revista\/vivienda\/piden-infonavit-regrese-vivienda-derechohabientes-despojados\/#breadcrumb"},"inLanguage":"es","potentialAction":[{"@type":"ReadAction","target":["https:\/\/centrourbano.com\/revista\/vivienda\/piden-infonavit-regrese-vivienda-derechohabientes-despojados\/"]}]},{"@type":"ImageObject","inLanguage":"es","@id":"https:\/\/centrourbano.com\/revista\/vivienda\/piden-infonavit-regrese-vivienda-derechohabientes-despojados\/#primaryimage","url":"https:\/\/centrourbano.com\/revista\/wp-content\/uploads\/c\u00e1mara-de-diputados1-e1539370410939.jpg","contentUrl":"https:\/\/centrourbano.com\/revista\/wp-content\/uploads\/c\u00e1mara-de-diputados1-e1539370410939.jpg","width":800,"height":462,"caption":"De acuerdo con Raymundo Garc\u00eda Guit\u00e9rrez, la falta de regulaci\u00f3n da lugar a contrataciones sin planeaci\u00f3n, caras y de mala calidad"},{"@type":"BreadcrumbList","@id":"https:\/\/centrourbano.com\/revista\/vivienda\/piden-infonavit-regrese-vivienda-derechohabientes-despojados\/#breadcrumb","itemListElement":[{"@type":"ListItem","position":1,"name":"Portada","item":"https:\/\/centrourbano.com\/revista\/"},{"@type":"ListItem","position":2,"name":"Diputados van contra despojos de acreditados Infonavit"}]},{"@type":"WebSite","@id":"https:\/\/centrourbano.com\/revista\/#website","url":"https:\/\/centrourbano.com\/revista\/","name":"Centro Urbano","description":"Medio especializado en los sectores vivienda, inmobiliario, construcci\u00f3n, arquitectura y urbanismo.","publisher":{"@id":"https:\/\/centrourbano.com\/revista\/#organization"},"potentialAction":[{"@type":"SearchAction","target":{"@type":"EntryPoint","urlTemplate":"https:\/\/centrourbano.com\/revista\/?s={search_term_string}"},"query-input":{"@type":"PropertyValueSpecification","valueRequired":true,"valueName":"search_term_string"}}],"inLanguage":"es"},{"@type":"Organization","@id":"https:\/\/centrourbano.com\/revista\/#organization","name":"Centro Urbano","url":"https:\/\/centrourbano.com\/revista\/","logo":{"@type":"ImageObject","inLanguage":"es","@id":"https:\/\/centrourbano.com\/revista\/#\/schema\/logo\/image\/","url":"https:\/\/centrourbano.com\/revista\/wp-content\/uploads\/web_CU_logo-1.png","contentUrl":"https:\/\/centrourbano.com\/revista\/wp-content\/uploads\/web_CU_logo-1.png","width":350,"height":91,"caption":"Centro Urbano"},"image":{"@id":"https:\/\/centrourbano.com\/revista\/#\/schema\/logo\/image\/"},"sameAs":["https:\/\/www.facebook.com\/portalcentrourbano","https:\/\/x.com\/CentroUrbano","https:\/\/www.instagram.com\/centro_urbano\/","https:\/\/www.linkedin.com\/company\/centro-urbano\/","http:\/\/www.youtube.com\/user\/portalcentrourbano"]},{"@type":"Person","@id":"https:\/\/centrourbano.com\/revista\/#\/schema\/person\/ff3c00651ce5b1630479d2cd0c2e3ac0","name":"Edgar Rosas","image":{"@type":"ImageObject","inLanguage":"es","@id":"https:\/\/secure.gravatar.com\/avatar\/94440c4283495211faa5300bf85e80061036b83fced868c3783aa1310b350d9c?s=96&d=mm&r=g","url":"https:\/\/secure.gravatar.com\/avatar\/94440c4283495211faa5300bf85e80061036b83fced868c3783aa1310b350d9c?s=96&d=mm&r=g","contentUrl":"https:\/\/secure.gravatar.com\/avatar\/94440c4283495211faa5300bf85e80061036b83fced868c3783aa1310b350d9c?s=96&d=mm&r=g","caption":"Edgar Rosas"},"description":"Editor en Jefe de Centro Urbano. Egresado de la maestr\u00eda en Periodismo Pol\u00edtico de la Escuela de Periodismo Carlos Septi\u00e9n Garc\u00eda (EPCSG). Estudi\u00f3 la licenciatura en Comunicaci\u00f3n en la Universidad Mexicana. Amante de la cr\u00f3nica y el reportaje. Admirador de Vicente Le\u00f1ero y Miguel \u00c1ngel Granados Chapa.","sameAs":["https:\/\/x.com\/https:\/\/twitter.com\/ERosasCU?s=09"],"url":"https:\/\/centrourbano.com\/revista\/author\/edgar-rosas\/"}]}},"_links":{"self":[{"href":"https:\/\/centrourbano.com\/revista\/wp-json\/wp\/v2\/posts\/87425","targetHints":{"allow":["GET"]}}],"collection":[{"href":"https:\/\/centrourbano.com\/revista\/wp-json\/wp\/v2\/posts"}],"about":[{"href":"https:\/\/centrourbano.com\/revista\/wp-json\/wp\/v2\/types\/post"}],"author":[{"embeddable":true,"href":"https:\/\/centrourbano.com\/revista\/wp-json\/wp\/v2\/users\/47"}],"replies":[{"embeddable":true,"href":"https:\/\/centrourbano.com\/revista\/wp-json\/wp\/v2\/comments?post=87425"}],"version-history":[{"count":9,"href":"https:\/\/centrourbano.com\/revista\/wp-json\/wp\/v2\/posts\/87425\/revisions"}],"predecessor-version":[{"id":87437,"href":"https:\/\/centrourbano.com\/revista\/wp-json\/wp\/v2\/posts\/87425\/revisions\/87437"}],"wp:featuredmedia":[{"embeddable":true,"href":"https:\/\/centrourbano.com\/revista\/wp-json\/wp\/v2\/media\/32996"}],"wp:attachment":[{"href":"https:\/\/centrourbano.com\/revista\/wp-json\/wp\/v2\/media?parent=87425"}],"wp:term":[{"taxonomy":"category","embeddable":true,"href":"https:\/\/centrourbano.com\/revista\/wp-json\/wp\/v2\/categories?post=87425"},{"taxonomy":"post_tag","embeddable":true,"href":"https:\/\/centrourbano.com\/revista\/wp-json\/wp\/v2\/tags?post=87425"}],"curies":[{"name":"wp","href":"https:\/\/api.w.org\/{rel}","templated":true}]}}