{"id":87320,"date":"2019-03-06T10:47:08","date_gmt":"2019-03-06T16:47:08","guid":{"rendered":"https:\/\/centrourbano.com\/?p=87320"},"modified":"2019-03-06T13:29:26","modified_gmt":"2019-03-06T19:29:26","slug":"%e2%96%b6%ef%b8%8fvideo-reporta-infonavit-avance-11-68","status":"publish","type":"post","link":"https:\/\/centrourbano.com\/revista\/sin-categoria\/%e2%96%b6%ef%b8%8fvideo-reporta-infonavit-avance-11-68\/","title":{"rendered":"\u25b6\ufe0fVIDEO | Reporta Infonavit avance de 11.68%"},"content":{"rendered":"<p>El Instituto del Fondo Nacional de la Vivienda para los Trabajadores (<a href=\"https:\/\/twitter.com\/Infonavit\" target=\"_blank\" rel=\"noopener noreferrer\">Infonavit<\/a>) report\u00f3 la entrega de 61,654 cr\u00e9ditos. Con la cifra, el gobierno logr\u00f3 un avance de<strong> 11.68%<\/strong> en relaci\u00f3n a la metas aprobadas por el Instituto para el a\u00f1o.<\/p>\n","protected":false},"excerpt":{"rendered":"<p>El Instituto del Fondo Nacional de la Vivienda para los Trabajadores (Infonavit) report\u00f3 la entrega de 61,654 cr\u00e9ditos. Con la cifra, el gobierno logr\u00f3 un avance de 11.68% en relaci\u00f3n a la metas aprobadas por el Instituto para el a\u00f1o.<\/p>\n","protected":false},"author":47,"featured_media":87322,"comment_status":"open","ping_status":"closed","sticky":false,"template":"","format":"video","meta":{"om_disable_all_campaigns":false,"inline_featured_image":false,"_monsterinsights_skip_tracking":false,"_monsterinsights_sitenote_active":false,"_monsterinsights_sitenote_note":"","_monsterinsights_sitenote_category":0,"footnotes":""},"categories":[16,1],"tags":[13043],"class_list":["post-87320","post","type-post","status-publish","format-video","has-post-thumbnail","hentry","category-reportajes","category-sin-categoria","tag-centrourbanoradio","post_format-post-format-video"],"yoast_head":"<!-- This site is optimized with the Yoast SEO plugin v27.4 - https:\/\/yoast.com\/product\/yoast-seo-wordpress\/ -->\n<title>\u25b6\ufe0fVIDEO | Reporta Infonavit avance de 11.68% -<\/title>\n<meta name=\"description\" content=\"El Instituto del Fondo Nacional de la Vivienda para los Trabajadores (Infonavit) report\u00f3 la entrega de 61,654 cr\u00e9ditos. Con la cifra, el gobierno logr\u00f3 un\" \/>\n<meta name=\"robots\" content=\"index, follow, max-snippet:-1, max-image-preview:large, max-video-preview:-1\" \/>\n<link rel=\"canonical\" href=\"https:\/\/centrourbano.com\/revista\/sin-categoria\/\u25b6\ufe0fvideo-reporta-infonavit-avance-11-68\/\" \/>\n<meta property=\"og:locale\" content=\"es_ES\" \/>\n<meta property=\"og:type\" content=\"article\" \/>\n<meta property=\"og:title\" content=\"\u25b6\ufe0fVIDEO | Reporta Infonavit avance de 11.68% -\" \/>\n<meta property=\"og:description\" content=\"El Instituto del Fondo Nacional de la Vivienda para los Trabajadores (Infonavit) report\u00f3 la entrega de 61,654 cr\u00e9ditos. Con la cifra, el gobierno logr\u00f3 un\" \/>\n<meta property=\"og:url\" content=\"https:\/\/centrourbano.com\/revista\/sin-categoria\/\u25b6\ufe0fvideo-reporta-infonavit-avance-11-68\/\" \/>\n<meta property=\"og:site_name\" content=\"Centro Urbano\" \/>\n<meta property=\"article:publisher\" content=\"https:\/\/www.facebook.com\/portalcentrourbano\" \/>\n<meta property=\"article:published_time\" content=\"2019-03-06T16:47:08+00:00\" \/>\n<meta property=\"article:modified_time\" content=\"2019-03-06T19:29:26+00:00\" \/>\n<meta property=\"og:image\" content=\"https:\/\/centrourbano.com\/revista\/wp-content\/uploads\/Captura-de-pantalla-2019-03-06-a-las-12.51.20.jpg\" \/>\n\t<meta property=\"og:image:width\" content=\"700\" \/>\n\t<meta property=\"og:image:height\" content=\"400\" \/>\n\t<meta property=\"og:image:type\" content=\"image\/jpeg\" \/>\n<meta name=\"author\" content=\"Edgar Rosas\" \/>\n<meta name=\"twitter:card\" content=\"summary_large_image\" \/>\n<meta name=\"twitter:creator\" content=\"@https:\/\/twitter.com\/ERosasCU?s=09\" \/>\n<meta name=\"twitter:site\" content=\"@CentroUrbano\" \/>\n<meta name=\"twitter:label1\" content=\"Escrito por\" \/>\n\t<meta name=\"twitter:data1\" content=\"Edgar Rosas\" \/>\n<script type=\"application\/ld+json\" class=\"yoast-schema-graph\">{\"@context\":\"https:\\\/\\\/schema.org\",\"@graph\":[{\"@type\":\"Article\",\"@id\":\"https:\\\/\\\/centrourbano.com\\\/revista\\\/sin-categoria\\\/%e2%96%b6%ef%b8%8fvideo-reporta-infonavit-avance-11-68\\\/#article\",\"isPartOf\":{\"@id\":\"https:\\\/\\\/centrourbano.com\\\/revista\\\/sin-categoria\\\/%e2%96%b6%ef%b8%8fvideo-reporta-infonavit-avance-11-68\\\/\"},\"author\":{\"name\":\"Edgar Rosas\",\"@id\":\"https:\\\/\\\/centrourbano.com\\\/revista\\\/#\\\/schema\\\/person\\\/ff3c00651ce5b1630479d2cd0c2e3ac0\"},\"headline\":\"\u25b6\ufe0fVIDEO | Reporta Infonavit avance de 11.68%\",\"datePublished\":\"2019-03-06T16:47:08+00:00\",\"dateModified\":\"2019-03-06T19:29:26+00:00\",\"mainEntityOfPage\":{\"@id\":\"https:\\\/\\\/centrourbano.com\\\/revista\\\/sin-categoria\\\/%e2%96%b6%ef%b8%8fvideo-reporta-infonavit-avance-11-68\\\/\"},\"wordCount\":46,\"commentCount\":0,\"publisher\":{\"@id\":\"https:\\\/\\\/centrourbano.com\\\/revista\\\/#organization\"},\"image\":{\"@id\":\"https:\\\/\\\/centrourbano.com\\\/revista\\\/sin-categoria\\\/%e2%96%b6%ef%b8%8fvideo-reporta-infonavit-avance-11-68\\\/#primaryimage\"},\"thumbnailUrl\":\"https:\\\/\\\/centrourbano.com\\\/revista\\\/wp-content\\\/uploads\\\/Captura-de-pantalla-2019-03-06-a-las-12.51.20.jpg\",\"keywords\":[\"#CentroUrbanoRADIO\"],\"articleSection\":[\"Reportajes\"],\"inLanguage\":\"es\",\"potentialAction\":[{\"@type\":\"CommentAction\",\"name\":\"Comment\",\"target\":[\"https:\\\/\\\/centrourbano.com\\\/revista\\\/sin-categoria\\\/%e2%96%b6%ef%b8%8fvideo-reporta-infonavit-avance-11-68\\\/#respond\"]}]},{\"@type\":\"WebPage\",\"@id\":\"https:\\\/\\\/centrourbano.com\\\/revista\\\/sin-categoria\\\/%e2%96%b6%ef%b8%8fvideo-reporta-infonavit-avance-11-68\\\/\",\"url\":\"https:\\\/\\\/centrourbano.com\\\/revista\\\/sin-categoria\\\/%e2%96%b6%ef%b8%8fvideo-reporta-infonavit-avance-11-68\\\/\",\"name\":\"\u25b6\ufe0fVIDEO | Reporta Infonavit avance de 11.68% -\",\"isPartOf\":{\"@id\":\"https:\\\/\\\/centrourbano.com\\\/revista\\\/#website\"},\"primaryImageOfPage\":{\"@id\":\"https:\\\/\\\/centrourbano.com\\\/revista\\\/sin-categoria\\\/%e2%96%b6%ef%b8%8fvideo-reporta-infonavit-avance-11-68\\\/#primaryimage\"},\"image\":{\"@id\":\"https:\\\/\\\/centrourbano.com\\\/revista\\\/sin-categoria\\\/%e2%96%b6%ef%b8%8fvideo-reporta-infonavit-avance-11-68\\\/#primaryimage\"},\"thumbnailUrl\":\"https:\\\/\\\/centrourbano.com\\\/revista\\\/wp-content\\\/uploads\\\/Captura-de-pantalla-2019-03-06-a-las-12.51.20.jpg\",\"datePublished\":\"2019-03-06T16:47:08+00:00\",\"dateModified\":\"2019-03-06T19:29:26+00:00\",\"description\":\"El Instituto del Fondo Nacional de la Vivienda para los Trabajadores (Infonavit) report\u00f3 la entrega de 61,654 cr\u00e9ditos. Con la cifra, el gobierno logr\u00f3 un\",\"breadcrumb\":{\"@id\":\"https:\\\/\\\/centrourbano.com\\\/revista\\\/sin-categoria\\\/%e2%96%b6%ef%b8%8fvideo-reporta-infonavit-avance-11-68\\\/#breadcrumb\"},\"inLanguage\":\"es\",\"potentialAction\":[{\"@type\":\"ReadAction\",\"target\":[\"https:\\\/\\\/centrourbano.com\\\/revista\\\/sin-categoria\\\/%e2%96%b6%ef%b8%8fvideo-reporta-infonavit-avance-11-68\\\/\"]}]},{\"@type\":\"ImageObject\",\"inLanguage\":\"es\",\"@id\":\"https:\\\/\\\/centrourbano.com\\\/revista\\\/sin-categoria\\\/%e2%96%b6%ef%b8%8fvideo-reporta-infonavit-avance-11-68\\\/#primaryimage\",\"url\":\"https:\\\/\\\/centrourbano.com\\\/revista\\\/wp-content\\\/uploads\\\/Captura-de-pantalla-2019-03-06-a-las-12.51.20.jpg\",\"contentUrl\":\"https:\\\/\\\/centrourbano.com\\\/revista\\\/wp-content\\\/uploads\\\/Captura-de-pantalla-2019-03-06-a-las-12.51.20.jpg\",\"width\":700,\"height\":400,\"caption\":\"El Instituto del Fondo Nacional de la Vivienda para los Trabajadores (Infonavit) report\u00f3 la entrega de 61,654 cr\u00e9ditos. Con la cifra, el gobierno logr\u00f3 un avance e 11.68% en relaci\u00f3n a la metas aprobadas por el Instituto para el a\u00f1o.\"},{\"@type\":\"BreadcrumbList\",\"@id\":\"https:\\\/\\\/centrourbano.com\\\/revista\\\/sin-categoria\\\/%e2%96%b6%ef%b8%8fvideo-reporta-infonavit-avance-11-68\\\/#breadcrumb\",\"itemListElement\":[{\"@type\":\"ListItem\",\"position\":1,\"name\":\"Portada\",\"item\":\"https:\\\/\\\/centrourbano.com\\\/revista\\\/\"},{\"@type\":\"ListItem\",\"position\":2,\"name\":\"\u25b6\ufe0fVIDEO | Reporta Infonavit avance de 11.68%\"}]},{\"@type\":\"WebSite\",\"@id\":\"https:\\\/\\\/centrourbano.com\\\/revista\\\/#website\",\"url\":\"https:\\\/\\\/centrourbano.com\\\/revista\\\/\",\"name\":\"Centro Urbano\",\"description\":\"Medio especializado en los sectores vivienda, inmobiliario, construcci\u00f3n, arquitectura y urbanismo.\",\"publisher\":{\"@id\":\"https:\\\/\\\/centrourbano.com\\\/revista\\\/#organization\"},\"potentialAction\":[{\"@type\":\"SearchAction\",\"target\":{\"@type\":\"EntryPoint\",\"urlTemplate\":\"https:\\\/\\\/centrourbano.com\\\/revista\\\/?s={search_term_string}\"},\"query-input\":{\"@type\":\"PropertyValueSpecification\",\"valueRequired\":true,\"valueName\":\"search_term_string\"}}],\"inLanguage\":\"es\"},{\"@type\":\"Organization\",\"@id\":\"https:\\\/\\\/centrourbano.com\\\/revista\\\/#organization\",\"name\":\"Centro Urbano\",\"url\":\"https:\\\/\\\/centrourbano.com\\\/revista\\\/\",\"logo\":{\"@type\":\"ImageObject\",\"inLanguage\":\"es\",\"@id\":\"https:\\\/\\\/centrourbano.com\\\/revista\\\/#\\\/schema\\\/logo\\\/image\\\/\",\"url\":\"https:\\\/\\\/centrourbano.com\\\/revista\\\/wp-content\\\/uploads\\\/web_CU_logo-1.png\",\"contentUrl\":\"https:\\\/\\\/centrourbano.com\\\/revista\\\/wp-content\\\/uploads\\\/web_CU_logo-1.png\",\"width\":350,\"height\":91,\"caption\":\"Centro Urbano\"},\"image\":{\"@id\":\"https:\\\/\\\/centrourbano.com\\\/revista\\\/#\\\/schema\\\/logo\\\/image\\\/\"},\"sameAs\":[\"https:\\\/\\\/www.facebook.com\\\/portalcentrourbano\",\"https:\\\/\\\/x.com\\\/CentroUrbano\",\"https:\\\/\\\/www.instagram.com\\\/centro_urbano\\\/\",\"https:\\\/\\\/www.linkedin.com\\\/company\\\/centro-urbano\\\/\",\"http:\\\/\\\/www.youtube.com\\\/user\\\/portalcentrourbano\"]},{\"@type\":\"Person\",\"@id\":\"https:\\\/\\\/centrourbano.com\\\/revista\\\/#\\\/schema\\\/person\\\/ff3c00651ce5b1630479d2cd0c2e3ac0\",\"name\":\"Edgar Rosas\",\"image\":{\"@type\":\"ImageObject\",\"inLanguage\":\"es\",\"@id\":\"https:\\\/\\\/secure.gravatar.com\\\/avatar\\\/94440c4283495211faa5300bf85e80061036b83fced868c3783aa1310b350d9c?s=96&d=mm&r=g\",\"url\":\"https:\\\/\\\/secure.gravatar.com\\\/avatar\\\/94440c4283495211faa5300bf85e80061036b83fced868c3783aa1310b350d9c?s=96&d=mm&r=g\",\"contentUrl\":\"https:\\\/\\\/secure.gravatar.com\\\/avatar\\\/94440c4283495211faa5300bf85e80061036b83fced868c3783aa1310b350d9c?s=96&d=mm&r=g\",\"caption\":\"Edgar Rosas\"},\"description\":\"Editor en Jefe de Centro Urbano. Egresado de la maestr\u00eda en Periodismo Pol\u00edtico de la Escuela de Periodismo Carlos Septi\u00e9n Garc\u00eda (EPCSG). Estudi\u00f3 la licenciatura en Comunicaci\u00f3n en la Universidad Mexicana. Amante de la cr\u00f3nica y el reportaje. Admirador de Vicente Le\u00f1ero y Miguel \u00c1ngel Granados Chapa.\",\"sameAs\":[\"https:\\\/\\\/x.com\\\/https:\\\/\\\/twitter.com\\\/ERosasCU?s=09\"],\"url\":\"https:\\\/\\\/centrourbano.com\\\/revista\\\/author\\\/edgar-rosas\\\/\"}]}<\/script>\n<!-- \/ Yoast SEO plugin. -->","yoast_head_json":{"title":"\u25b6\ufe0fVIDEO | Reporta Infonavit avance de 11.68% -","description":"El Instituto del Fondo Nacional de la Vivienda para los Trabajadores (Infonavit) report\u00f3 la entrega de 61,654 cr\u00e9ditos. Con la cifra, el gobierno logr\u00f3 un","robots":{"index":"index","follow":"follow","max-snippet":"max-snippet:-1","max-image-preview":"max-image-preview:large","max-video-preview":"max-video-preview:-1"},"canonical":"https:\/\/centrourbano.com\/revista\/sin-categoria\/\u25b6\ufe0fvideo-reporta-infonavit-avance-11-68\/","og_locale":"es_ES","og_type":"article","og_title":"\u25b6\ufe0fVIDEO | Reporta Infonavit avance de 11.68% -","og_description":"El Instituto del Fondo Nacional de la Vivienda para los Trabajadores (Infonavit) report\u00f3 la entrega de 61,654 cr\u00e9ditos. Con la cifra, el gobierno logr\u00f3 un","og_url":"https:\/\/centrourbano.com\/revista\/sin-categoria\/\u25b6\ufe0fvideo-reporta-infonavit-avance-11-68\/","og_site_name":"Centro Urbano","article_publisher":"https:\/\/www.facebook.com\/portalcentrourbano","article_published_time":"2019-03-06T16:47:08+00:00","article_modified_time":"2019-03-06T19:29:26+00:00","og_image":[{"width":700,"height":400,"url":"https:\/\/centrourbano.com\/revista\/wp-content\/uploads\/Captura-de-pantalla-2019-03-06-a-las-12.51.20.jpg","type":"image\/jpeg"}],"author":"Edgar Rosas","twitter_card":"summary_large_image","twitter_creator":"@https:\/\/twitter.com\/ERosasCU?s=09","twitter_site":"@CentroUrbano","twitter_misc":{"Escrito por":"Edgar Rosas"},"schema":{"@context":"https:\/\/schema.org","@graph":[{"@type":"Article","@id":"https:\/\/centrourbano.com\/revista\/sin-categoria\/%e2%96%b6%ef%b8%8fvideo-reporta-infonavit-avance-11-68\/#article","isPartOf":{"@id":"https:\/\/centrourbano.com\/revista\/sin-categoria\/%e2%96%b6%ef%b8%8fvideo-reporta-infonavit-avance-11-68\/"},"author":{"name":"Edgar Rosas","@id":"https:\/\/centrourbano.com\/revista\/#\/schema\/person\/ff3c00651ce5b1630479d2cd0c2e3ac0"},"headline":"\u25b6\ufe0fVIDEO | Reporta Infonavit avance de 11.68%","datePublished":"2019-03-06T16:47:08+00:00","dateModified":"2019-03-06T19:29:26+00:00","mainEntityOfPage":{"@id":"https:\/\/centrourbano.com\/revista\/sin-categoria\/%e2%96%b6%ef%b8%8fvideo-reporta-infonavit-avance-11-68\/"},"wordCount":46,"commentCount":0,"publisher":{"@id":"https:\/\/centrourbano.com\/revista\/#organization"},"image":{"@id":"https:\/\/centrourbano.com\/revista\/sin-categoria\/%e2%96%b6%ef%b8%8fvideo-reporta-infonavit-avance-11-68\/#primaryimage"},"thumbnailUrl":"https:\/\/centrourbano.com\/revista\/wp-content\/uploads\/Captura-de-pantalla-2019-03-06-a-las-12.51.20.jpg","keywords":["#CentroUrbanoRADIO"],"articleSection":["Reportajes"],"inLanguage":"es","potentialAction":[{"@type":"CommentAction","name":"Comment","target":["https:\/\/centrourbano.com\/revista\/sin-categoria\/%e2%96%b6%ef%b8%8fvideo-reporta-infonavit-avance-11-68\/#respond"]}]},{"@type":"WebPage","@id":"https:\/\/centrourbano.com\/revista\/sin-categoria\/%e2%96%b6%ef%b8%8fvideo-reporta-infonavit-avance-11-68\/","url":"https:\/\/centrourbano.com\/revista\/sin-categoria\/%e2%96%b6%ef%b8%8fvideo-reporta-infonavit-avance-11-68\/","name":"\u25b6\ufe0fVIDEO | Reporta Infonavit avance de 11.68% -","isPartOf":{"@id":"https:\/\/centrourbano.com\/revista\/#website"},"primaryImageOfPage":{"@id":"https:\/\/centrourbano.com\/revista\/sin-categoria\/%e2%96%b6%ef%b8%8fvideo-reporta-infonavit-avance-11-68\/#primaryimage"},"image":{"@id":"https:\/\/centrourbano.com\/revista\/sin-categoria\/%e2%96%b6%ef%b8%8fvideo-reporta-infonavit-avance-11-68\/#primaryimage"},"thumbnailUrl":"https:\/\/centrourbano.com\/revista\/wp-content\/uploads\/Captura-de-pantalla-2019-03-06-a-las-12.51.20.jpg","datePublished":"2019-03-06T16:47:08+00:00","dateModified":"2019-03-06T19:29:26+00:00","description":"El Instituto del Fondo Nacional de la Vivienda para los Trabajadores (Infonavit) report\u00f3 la entrega de 61,654 cr\u00e9ditos. Con la cifra, el gobierno logr\u00f3 un","breadcrumb":{"@id":"https:\/\/centrourbano.com\/revista\/sin-categoria\/%e2%96%b6%ef%b8%8fvideo-reporta-infonavit-avance-11-68\/#breadcrumb"},"inLanguage":"es","potentialAction":[{"@type":"ReadAction","target":["https:\/\/centrourbano.com\/revista\/sin-categoria\/%e2%96%b6%ef%b8%8fvideo-reporta-infonavit-avance-11-68\/"]}]},{"@type":"ImageObject","inLanguage":"es","@id":"https:\/\/centrourbano.com\/revista\/sin-categoria\/%e2%96%b6%ef%b8%8fvideo-reporta-infonavit-avance-11-68\/#primaryimage","url":"https:\/\/centrourbano.com\/revista\/wp-content\/uploads\/Captura-de-pantalla-2019-03-06-a-las-12.51.20.jpg","contentUrl":"https:\/\/centrourbano.com\/revista\/wp-content\/uploads\/Captura-de-pantalla-2019-03-06-a-las-12.51.20.jpg","width":700,"height":400,"caption":"El Instituto del Fondo Nacional de la Vivienda para los Trabajadores (Infonavit) report\u00f3 la entrega de 61,654 cr\u00e9ditos. Con la cifra, el gobierno logr\u00f3 un avance e 11.68% en relaci\u00f3n a la metas aprobadas por el Instituto para el a\u00f1o."},{"@type":"BreadcrumbList","@id":"https:\/\/centrourbano.com\/revista\/sin-categoria\/%e2%96%b6%ef%b8%8fvideo-reporta-infonavit-avance-11-68\/#breadcrumb","itemListElement":[{"@type":"ListItem","position":1,"name":"Portada","item":"https:\/\/centrourbano.com\/revista\/"},{"@type":"ListItem","position":2,"name":"\u25b6\ufe0fVIDEO | Reporta Infonavit avance de 11.68%"}]},{"@type":"WebSite","@id":"https:\/\/centrourbano.com\/revista\/#website","url":"https:\/\/centrourbano.com\/revista\/","name":"Centro Urbano","description":"Medio especializado en los sectores vivienda, inmobiliario, construcci\u00f3n, arquitectura y urbanismo.","publisher":{"@id":"https:\/\/centrourbano.com\/revista\/#organization"},"potentialAction":[{"@type":"SearchAction","target":{"@type":"EntryPoint","urlTemplate":"https:\/\/centrourbano.com\/revista\/?s={search_term_string}"},"query-input":{"@type":"PropertyValueSpecification","valueRequired":true,"valueName":"search_term_string"}}],"inLanguage":"es"},{"@type":"Organization","@id":"https:\/\/centrourbano.com\/revista\/#organization","name":"Centro Urbano","url":"https:\/\/centrourbano.com\/revista\/","logo":{"@type":"ImageObject","inLanguage":"es","@id":"https:\/\/centrourbano.com\/revista\/#\/schema\/logo\/image\/","url":"https:\/\/centrourbano.com\/revista\/wp-content\/uploads\/web_CU_logo-1.png","contentUrl":"https:\/\/centrourbano.com\/revista\/wp-content\/uploads\/web_CU_logo-1.png","width":350,"height":91,"caption":"Centro Urbano"},"image":{"@id":"https:\/\/centrourbano.com\/revista\/#\/schema\/logo\/image\/"},"sameAs":["https:\/\/www.facebook.com\/portalcentrourbano","https:\/\/x.com\/CentroUrbano","https:\/\/www.instagram.com\/centro_urbano\/","https:\/\/www.linkedin.com\/company\/centro-urbano\/","http:\/\/www.youtube.com\/user\/portalcentrourbano"]},{"@type":"Person","@id":"https:\/\/centrourbano.com\/revista\/#\/schema\/person\/ff3c00651ce5b1630479d2cd0c2e3ac0","name":"Edgar Rosas","image":{"@type":"ImageObject","inLanguage":"es","@id":"https:\/\/secure.gravatar.com\/avatar\/94440c4283495211faa5300bf85e80061036b83fced868c3783aa1310b350d9c?s=96&d=mm&r=g","url":"https:\/\/secure.gravatar.com\/avatar\/94440c4283495211faa5300bf85e80061036b83fced868c3783aa1310b350d9c?s=96&d=mm&r=g","contentUrl":"https:\/\/secure.gravatar.com\/avatar\/94440c4283495211faa5300bf85e80061036b83fced868c3783aa1310b350d9c?s=96&d=mm&r=g","caption":"Edgar Rosas"},"description":"Editor en Jefe de Centro Urbano. Egresado de la maestr\u00eda en Periodismo Pol\u00edtico de la Escuela de Periodismo Carlos Septi\u00e9n Garc\u00eda (EPCSG). Estudi\u00f3 la licenciatura en Comunicaci\u00f3n en la Universidad Mexicana. Amante de la cr\u00f3nica y el reportaje. Admirador de Vicente Le\u00f1ero y Miguel \u00c1ngel Granados Chapa.","sameAs":["https:\/\/x.com\/https:\/\/twitter.com\/ERosasCU?s=09"],"url":"https:\/\/centrourbano.com\/revista\/author\/edgar-rosas\/"}]}},"_links":{"self":[{"href":"https:\/\/centrourbano.com\/revista\/wp-json\/wp\/v2\/posts\/87320","targetHints":{"allow":["GET"]}}],"collection":[{"href":"https:\/\/centrourbano.com\/revista\/wp-json\/wp\/v2\/posts"}],"about":[{"href":"https:\/\/centrourbano.com\/revista\/wp-json\/wp\/v2\/types\/post"}],"author":[{"embeddable":true,"href":"https:\/\/centrourbano.com\/revista\/wp-json\/wp\/v2\/users\/47"}],"replies":[{"embeddable":true,"href":"https:\/\/centrourbano.com\/revista\/wp-json\/wp\/v2\/comments?post=87320"}],"version-history":[{"count":1,"href":"https:\/\/centrourbano.com\/revista\/wp-json\/wp\/v2\/posts\/87320\/revisions"}],"predecessor-version":[{"id":87323,"href":"https:\/\/centrourbano.com\/revista\/wp-json\/wp\/v2\/posts\/87320\/revisions\/87323"}],"wp:featuredmedia":[{"embeddable":true,"href":"https:\/\/centrourbano.com\/revista\/wp-json\/wp\/v2\/media\/87322"}],"wp:attachment":[{"href":"https:\/\/centrourbano.com\/revista\/wp-json\/wp\/v2\/media?parent=87320"}],"wp:term":[{"taxonomy":"category","embeddable":true,"href":"https:\/\/centrourbano.com\/revista\/wp-json\/wp\/v2\/categories?post=87320"},{"taxonomy":"post_tag","embeddable":true,"href":"https:\/\/centrourbano.com\/revista\/wp-json\/wp\/v2\/tags?post=87320"}],"curies":[{"name":"wp","href":"https:\/\/api.w.org\/{rel}","templated":true}]}}