{"id":87215,"date":"2019-03-04T08:54:21","date_gmt":"2019-03-04T14:54:21","guid":{"rendered":"https:\/\/centrourbano.com\/?p=87215"},"modified":"2019-03-04T10:16:52","modified_gmt":"2019-03-04T16:16:52","slug":"c-u-b-o-el-proyecto-del-tec-de-monterrey-que-llegara-a-mextropoli","status":"publish","type":"post","link":"https:\/\/centrourbano.com\/revista\/arquitectura-2\/c-u-b-o-el-proyecto-del-tec-de-monterrey-que-llegara-a-mextropoli\/","title":{"rendered":"C.U.B.O, el proyecto del Tec de Monterrey que llegar\u00e1 a Mextr\u00f3poli"},"content":{"rendered":"<p><em>El proyecto &#8216;C\u00e9lula Urbana para el Bienestar y las Oportunidades&#8217; servir\u00e1 como escenario para el encuentro ciudadano, por lo que generar\u00e1\u00a0procesos participativos\u00a0<\/em><!--more--><\/p>\n<p>Del 9 al 12 de marzo se llevar\u00e1 a cabo el Festival de Arquitectura y Ciudad Mextr\u00f3poli 2019, evento que busca\u00a0crear conciencia sobre el aprovechamiento del\u00a0espacio p\u00fablico de las ciudades,\u00a0as\u00ed como fomentar\u00a0el ejercicio\u00a0de la capacidad creativa de las comunidades, la cr\u00edtica y participaci\u00f3n, a partir del conocimiento e interacci\u00f3n con experiencias de\u00a0otros lugares del mundo\u00a0que han volteado hacia M\u00e9xico para generar\u00a0un di\u00e1logo m\u00e1s enriquecedor.<\/p>\n<p>En esta ocasi\u00f3n, el<em>\u00a0<\/em><strong>Tecnol\u00f3gico de Monterrey<\/strong>, a trav\u00e9s de la\u00a0<strong>Escuela de Arquitectura, Arte y Dise\u00f1o\u00a0(EAAD)<\/strong>, estar\u00e1 presente\u00a0en este festival con el proyecto\u00a0<strong><em>C.U.B.O. de los Sue\u00f1os,\u00a0<\/em><\/strong>\u00a0el cual servir\u00e1\u00a0como un escenario para el encuentro ciudadano, por lo que generar\u00e1\u00a0procesos participativos entre las comunidades.<\/p>\n<p>Para ello, se llevar\u00e1n a cabo\u00a0actividades l\u00fadicas como talleres y laboratorios, con el objetivo de que los visitantes generen conciencia acerca de los l\u00edmites de las ciudades, qui\u00e9nes las habitan y en qu\u00e9 condiciones lo hacen.<\/p>\n<p>Asimismo, contar\u00e1 con una exposici\u00f3n fotogr\u00e1fica de los proyectos sociales que han ayudado a la transformaci\u00f3n de diversas comunidades del pa\u00eds y han generado nuevas concepciones acerca de los espacios p\u00fablicos, todos ellos\u00a0realizados por alumnos y profesores de la\u00a0<strong>EAAD.<\/strong><\/p>\n<p style=\"font-weight: 400;\"><strong>C.U.B.O. (C\u00e9lula Urbana para el Bienestar y las Oportunidades)<\/strong><em>\u00a0naci\u00f3 en 2015, y desde entonces\u00a0<\/em>se ha presentado en cinco\u00a0escenarios de espacios p\u00fablicos.\u00a0La primera ocasi\u00f3n fue\u00a0en la colonia Narvarte, en Monterrey, Nuevo Le\u00f3n, donde ni\u00f1os de diversas escuelas de la colonia\u00a0realizaron un ejercicio en este espacio, con la intenci\u00f3n de inspirar a la construcci\u00f3n de un mejor futuro: escribir su \u201cmayor sue\u00f1o\u201d y colgarlo en la estructura.<\/p>\n<p>Adem\u00e1s, C.U.B.O.\u00a0ha servido como espacio de\u00a0proyecciones de pel\u00edculas al aire libre, presentaciones culturales, exposiciones y otras actividades que ayudan a detonar los procesos creativos y reflexivos en torno a la inclusi\u00f3n y el involucramiento de las comunidades.<\/p>\n<p style=\"font-weight: 400;\">\n<p>&nbsp;<\/p>\n","protected":false},"excerpt":{"rendered":"<p>El proyecto &#8216;C\u00e9lula Urbana para el Bienestar y las Oportunidades&#8217; servir\u00e1 como escenario para el encuentro ciudadano, por lo que generar\u00e1\u00a0procesos participativos\u00a0<\/p>\n","protected":false},"author":9,"featured_media":87216,"comment_status":"open","ping_status":"closed","sticky":false,"template":"","format":"standard","meta":{"om_disable_all_campaigns":false,"inline_featured_image":false,"_monsterinsights_skip_tracking":false,"_monsterinsights_sitenote_active":false,"_monsterinsights_sitenote_note":"","_monsterinsights_sitenote_category":0,"footnotes":""},"categories":[81],"tags":[20,15413,15412,132,15414,1295,2264],"class_list":["post-87215","post","type-post","status-publish","format-standard","has-post-thumbnail","hentry","category-arquitectura-2","tag-arquitectura","tag-c-u-b-o","tag-celula-urbana-para-el-bienestar-y-las-oportunidades","tag-ciudad","tag-eaad","tag-mextropoli","tag-tec-de-monterrey"],"yoast_head":"<!-- This site is optimized with the Yoast SEO plugin v27.4 - https:\/\/yoast.com\/product\/yoast-seo-wordpress\/ -->\n<title>C.U.B.O, el proyecto del Tec de Monterrey que llegar\u00e1 a Mextr\u00f3poli<\/title>\n<meta name=\"description\" content=\"El proyecto &#039;C\u00e9lula Urbana para el Bienestar y las Oportunidades&#039; servir\u00e1 como escenario para el encuentro ciudadano, por lo que generar\u00e1\u00a0procesos\" \/>\n<meta name=\"robots\" content=\"index, follow, max-snippet:-1, max-image-preview:large, max-video-preview:-1\" \/>\n<link rel=\"canonical\" href=\"https:\/\/centrourbano.com\/revista\/arquitectura-2\/c-u-b-o-el-proyecto-del-tec-de-monterrey-que-llegara-a-mextropoli\/\" \/>\n<meta property=\"og:locale\" content=\"es_ES\" \/>\n<meta property=\"og:type\" content=\"article\" \/>\n<meta property=\"og:title\" content=\"C.U.B.O, el proyecto del Tec de Monterrey que llegar\u00e1 a Mextr\u00f3poli\" \/>\n<meta property=\"og:description\" content=\"El proyecto &#039;C\u00e9lula Urbana para el Bienestar y las Oportunidades&#039; servir\u00e1 como escenario para el encuentro ciudadano, por lo que generar\u00e1\u00a0procesos\" \/>\n<meta property=\"og:url\" content=\"https:\/\/centrourbano.com\/revista\/arquitectura-2\/c-u-b-o-el-proyecto-del-tec-de-monterrey-que-llegara-a-mextropoli\/\" \/>\n<meta property=\"og:site_name\" content=\"Centro Urbano\" \/>\n<meta property=\"article:publisher\" content=\"https:\/\/www.facebook.com\/portalcentrourbano\" \/>\n<meta property=\"article:published_time\" content=\"2019-03-04T14:54:21+00:00\" \/>\n<meta property=\"article:modified_time\" content=\"2019-03-04T16:16:52+00:00\" \/>\n<meta property=\"og:image\" content=\"https:\/\/centrourbano.com\/revista\/wp-content\/uploads\/C.U.B.O.-de-los-suen\u0303os-e1551714964205.jpg\" \/>\n\t<meta property=\"og:image:width\" content=\"800\" \/>\n\t<meta property=\"og:image:height\" content=\"604\" \/>\n\t<meta property=\"og:image:type\" content=\"image\/jpeg\" \/>\n<meta name=\"author\" content=\"Dinorah Nava\" \/>\n<meta name=\"twitter:card\" content=\"summary_large_image\" \/>\n<meta name=\"twitter:creator\" content=\"@https:\/\/twitter.com\/Dinorah_Nava28\" \/>\n<meta name=\"twitter:site\" content=\"@CentroUrbano\" \/>\n<meta name=\"twitter:label1\" content=\"Escrito por\" \/>\n\t<meta name=\"twitter:data1\" content=\"Dinorah Nava\" \/>\n\t<meta name=\"twitter:label2\" content=\"Tiempo de lectura\" \/>\n\t<meta name=\"twitter:data2\" content=\"2 minutos\" \/>\n<script type=\"application\/ld+json\" class=\"yoast-schema-graph\">{\"@context\":\"https:\\\/\\\/schema.org\",\"@graph\":[{\"@type\":\"Article\",\"@id\":\"https:\\\/\\\/centrourbano.com\\\/revista\\\/arquitectura-2\\\/c-u-b-o-el-proyecto-del-tec-de-monterrey-que-llegara-a-mextropoli\\\/#article\",\"isPartOf\":{\"@id\":\"https:\\\/\\\/centrourbano.com\\\/revista\\\/arquitectura-2\\\/c-u-b-o-el-proyecto-del-tec-de-monterrey-que-llegara-a-mextropoli\\\/\"},\"author\":{\"name\":\"Dinorah Nava\",\"@id\":\"https:\\\/\\\/centrourbano.com\\\/revista\\\/#\\\/schema\\\/person\\\/b45db815d96831257ba428a3d5a5fbdc\"},\"headline\":\"C.U.B.O, el proyecto del Tec de Monterrey que llegar\u00e1 a Mextr\u00f3poli\",\"datePublished\":\"2019-03-04T14:54:21+00:00\",\"dateModified\":\"2019-03-04T16:16:52+00:00\",\"mainEntityOfPage\":{\"@id\":\"https:\\\/\\\/centrourbano.com\\\/revista\\\/arquitectura-2\\\/c-u-b-o-el-proyecto-del-tec-de-monterrey-que-llegara-a-mextropoli\\\/\"},\"wordCount\":387,\"commentCount\":0,\"publisher\":{\"@id\":\"https:\\\/\\\/centrourbano.com\\\/revista\\\/#organization\"},\"image\":{\"@id\":\"https:\\\/\\\/centrourbano.com\\\/revista\\\/arquitectura-2\\\/c-u-b-o-el-proyecto-del-tec-de-monterrey-que-llegara-a-mextropoli\\\/#primaryimage\"},\"thumbnailUrl\":\"https:\\\/\\\/centrourbano.com\\\/revista\\\/wp-content\\\/uploads\\\/C.U.B.O.-de-los-suen\u0303os-e1551714964205.jpg\",\"keywords\":[\"arquitectura\",\"C.U.B.O.\",\"C\u00e9lula Urbana para el Bienestar y las Oportunidades\",\"Ciudad\",\"EAAD\",\"Mextr\u00f3poli\",\"TEC de Monterrey\"],\"articleSection\":[\"Arquitectura\"],\"inLanguage\":\"es\",\"potentialAction\":[{\"@type\":\"CommentAction\",\"name\":\"Comment\",\"target\":[\"https:\\\/\\\/centrourbano.com\\\/revista\\\/arquitectura-2\\\/c-u-b-o-el-proyecto-del-tec-de-monterrey-que-llegara-a-mextropoli\\\/#respond\"]}]},{\"@type\":\"WebPage\",\"@id\":\"https:\\\/\\\/centrourbano.com\\\/revista\\\/arquitectura-2\\\/c-u-b-o-el-proyecto-del-tec-de-monterrey-que-llegara-a-mextropoli\\\/\",\"url\":\"https:\\\/\\\/centrourbano.com\\\/revista\\\/arquitectura-2\\\/c-u-b-o-el-proyecto-del-tec-de-monterrey-que-llegara-a-mextropoli\\\/\",\"name\":\"C.U.B.O, el proyecto del Tec de Monterrey que llegar\u00e1 a Mextr\u00f3poli\",\"isPartOf\":{\"@id\":\"https:\\\/\\\/centrourbano.com\\\/revista\\\/#website\"},\"primaryImageOfPage\":{\"@id\":\"https:\\\/\\\/centrourbano.com\\\/revista\\\/arquitectura-2\\\/c-u-b-o-el-proyecto-del-tec-de-monterrey-que-llegara-a-mextropoli\\\/#primaryimage\"},\"image\":{\"@id\":\"https:\\\/\\\/centrourbano.com\\\/revista\\\/arquitectura-2\\\/c-u-b-o-el-proyecto-del-tec-de-monterrey-que-llegara-a-mextropoli\\\/#primaryimage\"},\"thumbnailUrl\":\"https:\\\/\\\/centrourbano.com\\\/revista\\\/wp-content\\\/uploads\\\/C.U.B.O.-de-los-suen\u0303os-e1551714964205.jpg\",\"datePublished\":\"2019-03-04T14:54:21+00:00\",\"dateModified\":\"2019-03-04T16:16:52+00:00\",\"description\":\"El proyecto 'C\u00e9lula Urbana para el Bienestar y las Oportunidades' servir\u00e1 como escenario para el encuentro ciudadano, por lo que generar\u00e1\u00a0procesos\",\"breadcrumb\":{\"@id\":\"https:\\\/\\\/centrourbano.com\\\/revista\\\/arquitectura-2\\\/c-u-b-o-el-proyecto-del-tec-de-monterrey-que-llegara-a-mextropoli\\\/#breadcrumb\"},\"inLanguage\":\"es\",\"potentialAction\":[{\"@type\":\"ReadAction\",\"target\":[\"https:\\\/\\\/centrourbano.com\\\/revista\\\/arquitectura-2\\\/c-u-b-o-el-proyecto-del-tec-de-monterrey-que-llegara-a-mextropoli\\\/\"]}]},{\"@type\":\"ImageObject\",\"inLanguage\":\"es\",\"@id\":\"https:\\\/\\\/centrourbano.com\\\/revista\\\/arquitectura-2\\\/c-u-b-o-el-proyecto-del-tec-de-monterrey-que-llegara-a-mextropoli\\\/#primaryimage\",\"url\":\"https:\\\/\\\/centrourbano.com\\\/revista\\\/wp-content\\\/uploads\\\/C.U.B.O.-de-los-suen\u0303os-e1551714964205.jpg\",\"contentUrl\":\"https:\\\/\\\/centrourbano.com\\\/revista\\\/wp-content\\\/uploads\\\/C.U.B.O.-de-los-suen\u0303os-e1551714964205.jpg\",\"width\":800,\"height\":604},{\"@type\":\"BreadcrumbList\",\"@id\":\"https:\\\/\\\/centrourbano.com\\\/revista\\\/arquitectura-2\\\/c-u-b-o-el-proyecto-del-tec-de-monterrey-que-llegara-a-mextropoli\\\/#breadcrumb\",\"itemListElement\":[{\"@type\":\"ListItem\",\"position\":1,\"name\":\"Portada\",\"item\":\"https:\\\/\\\/centrourbano.com\\\/revista\\\/\"},{\"@type\":\"ListItem\",\"position\":2,\"name\":\"C.U.B.O, el proyecto del Tec de Monterrey que llegar\u00e1 a Mextr\u00f3poli\"}]},{\"@type\":\"WebSite\",\"@id\":\"https:\\\/\\\/centrourbano.com\\\/revista\\\/#website\",\"url\":\"https:\\\/\\\/centrourbano.com\\\/revista\\\/\",\"name\":\"Centro Urbano\",\"description\":\"Medio especializado en los sectores vivienda, inmobiliario, construcci\u00f3n, arquitectura y urbanismo.\",\"publisher\":{\"@id\":\"https:\\\/\\\/centrourbano.com\\\/revista\\\/#organization\"},\"potentialAction\":[{\"@type\":\"SearchAction\",\"target\":{\"@type\":\"EntryPoint\",\"urlTemplate\":\"https:\\\/\\\/centrourbano.com\\\/revista\\\/?s={search_term_string}\"},\"query-input\":{\"@type\":\"PropertyValueSpecification\",\"valueRequired\":true,\"valueName\":\"search_term_string\"}}],\"inLanguage\":\"es\"},{\"@type\":\"Organization\",\"@id\":\"https:\\\/\\\/centrourbano.com\\\/revista\\\/#organization\",\"name\":\"Centro Urbano\",\"url\":\"https:\\\/\\\/centrourbano.com\\\/revista\\\/\",\"logo\":{\"@type\":\"ImageObject\",\"inLanguage\":\"es\",\"@id\":\"https:\\\/\\\/centrourbano.com\\\/revista\\\/#\\\/schema\\\/logo\\\/image\\\/\",\"url\":\"https:\\\/\\\/centrourbano.com\\\/revista\\\/wp-content\\\/uploads\\\/web_CU_logo-1.png\",\"contentUrl\":\"https:\\\/\\\/centrourbano.com\\\/revista\\\/wp-content\\\/uploads\\\/web_CU_logo-1.png\",\"width\":350,\"height\":91,\"caption\":\"Centro Urbano\"},\"image\":{\"@id\":\"https:\\\/\\\/centrourbano.com\\\/revista\\\/#\\\/schema\\\/logo\\\/image\\\/\"},\"sameAs\":[\"https:\\\/\\\/www.facebook.com\\\/portalcentrourbano\",\"https:\\\/\\\/x.com\\\/CentroUrbano\",\"https:\\\/\\\/www.instagram.com\\\/centro_urbano\\\/\",\"https:\\\/\\\/www.linkedin.com\\\/company\\\/centro-urbano\\\/\",\"http:\\\/\\\/www.youtube.com\\\/user\\\/portalcentrourbano\"]},{\"@type\":\"Person\",\"@id\":\"https:\\\/\\\/centrourbano.com\\\/revista\\\/#\\\/schema\\\/person\\\/b45db815d96831257ba428a3d5a5fbdc\",\"name\":\"Dinorah Nava\",\"image\":{\"@type\":\"ImageObject\",\"inLanguage\":\"es\",\"@id\":\"https:\\\/\\\/secure.gravatar.com\\\/avatar\\\/f6ca6430c51d147f363940f84e1225aa4b8183885c11802cc3b042305a4ecc1a?s=96&d=mm&r=g\",\"url\":\"https:\\\/\\\/secure.gravatar.com\\\/avatar\\\/f6ca6430c51d147f363940f84e1225aa4b8183885c11802cc3b042305a4ecc1a?s=96&d=mm&r=g\",\"contentUrl\":\"https:\\\/\\\/secure.gravatar.com\\\/avatar\\\/f6ca6430c51d147f363940f84e1225aa4b8183885c11802cc3b042305a4ecc1a?s=96&d=mm&r=g\",\"caption\":\"Dinorah Nava\"},\"description\":\"Editora de Contenidos y Estrategias Digitales en Centro Urbano y Coeditora en Peri\u00f3dico Mi Casa. Egresada de la licenciatura en Comunicaci\u00f3n y Periodismo de la Facultad de Estudios Superiores Arag\u00f3n (UNAM). Amante de la edici\u00f3n y correcci\u00f3n de estilo, las redes sociales y el mundo digital. Especialista en temas son arquitectura, inmobiliario y urbanismo.\",\"sameAs\":[\"linkedin.com\\\/in\\\/dinorah-nava\",\"https:\\\/\\\/x.com\\\/https:\\\/\\\/twitter.com\\\/Dinorah_Nava28\"],\"url\":\"https:\\\/\\\/centrourbano.com\\\/revista\\\/author\\\/dinorah-nava\\\/\"}]}<\/script>\n<!-- \/ Yoast SEO plugin. -->","yoast_head_json":{"title":"C.U.B.O, el proyecto del Tec de Monterrey que llegar\u00e1 a Mextr\u00f3poli","description":"El proyecto 'C\u00e9lula Urbana para el Bienestar y las Oportunidades' servir\u00e1 como escenario para el encuentro ciudadano, por lo que generar\u00e1\u00a0procesos","robots":{"index":"index","follow":"follow","max-snippet":"max-snippet:-1","max-image-preview":"max-image-preview:large","max-video-preview":"max-video-preview:-1"},"canonical":"https:\/\/centrourbano.com\/revista\/arquitectura-2\/c-u-b-o-el-proyecto-del-tec-de-monterrey-que-llegara-a-mextropoli\/","og_locale":"es_ES","og_type":"article","og_title":"C.U.B.O, el proyecto del Tec de Monterrey que llegar\u00e1 a Mextr\u00f3poli","og_description":"El proyecto 'C\u00e9lula Urbana para el Bienestar y las Oportunidades' servir\u00e1 como escenario para el encuentro ciudadano, por lo que generar\u00e1\u00a0procesos","og_url":"https:\/\/centrourbano.com\/revista\/arquitectura-2\/c-u-b-o-el-proyecto-del-tec-de-monterrey-que-llegara-a-mextropoli\/","og_site_name":"Centro Urbano","article_publisher":"https:\/\/www.facebook.com\/portalcentrourbano","article_published_time":"2019-03-04T14:54:21+00:00","article_modified_time":"2019-03-04T16:16:52+00:00","og_image":[{"width":800,"height":604,"url":"https:\/\/centrourbano.com\/revista\/wp-content\/uploads\/C.U.B.O.-de-los-suen\u0303os-e1551714964205.jpg","type":"image\/jpeg"}],"author":"Dinorah Nava","twitter_card":"summary_large_image","twitter_creator":"@https:\/\/twitter.com\/Dinorah_Nava28","twitter_site":"@CentroUrbano","twitter_misc":{"Escrito por":"Dinorah Nava","Tiempo de lectura":"2 minutos"},"schema":{"@context":"https:\/\/schema.org","@graph":[{"@type":"Article","@id":"https:\/\/centrourbano.com\/revista\/arquitectura-2\/c-u-b-o-el-proyecto-del-tec-de-monterrey-que-llegara-a-mextropoli\/#article","isPartOf":{"@id":"https:\/\/centrourbano.com\/revista\/arquitectura-2\/c-u-b-o-el-proyecto-del-tec-de-monterrey-que-llegara-a-mextropoli\/"},"author":{"name":"Dinorah Nava","@id":"https:\/\/centrourbano.com\/revista\/#\/schema\/person\/b45db815d96831257ba428a3d5a5fbdc"},"headline":"C.U.B.O, el proyecto del Tec de Monterrey que llegar\u00e1 a Mextr\u00f3poli","datePublished":"2019-03-04T14:54:21+00:00","dateModified":"2019-03-04T16:16:52+00:00","mainEntityOfPage":{"@id":"https:\/\/centrourbano.com\/revista\/arquitectura-2\/c-u-b-o-el-proyecto-del-tec-de-monterrey-que-llegara-a-mextropoli\/"},"wordCount":387,"commentCount":0,"publisher":{"@id":"https:\/\/centrourbano.com\/revista\/#organization"},"image":{"@id":"https:\/\/centrourbano.com\/revista\/arquitectura-2\/c-u-b-o-el-proyecto-del-tec-de-monterrey-que-llegara-a-mextropoli\/#primaryimage"},"thumbnailUrl":"https:\/\/centrourbano.com\/revista\/wp-content\/uploads\/C.U.B.O.-de-los-suen\u0303os-e1551714964205.jpg","keywords":["arquitectura","C.U.B.O.","C\u00e9lula Urbana para el Bienestar y las Oportunidades","Ciudad","EAAD","Mextr\u00f3poli","TEC de Monterrey"],"articleSection":["Arquitectura"],"inLanguage":"es","potentialAction":[{"@type":"CommentAction","name":"Comment","target":["https:\/\/centrourbano.com\/revista\/arquitectura-2\/c-u-b-o-el-proyecto-del-tec-de-monterrey-que-llegara-a-mextropoli\/#respond"]}]},{"@type":"WebPage","@id":"https:\/\/centrourbano.com\/revista\/arquitectura-2\/c-u-b-o-el-proyecto-del-tec-de-monterrey-que-llegara-a-mextropoli\/","url":"https:\/\/centrourbano.com\/revista\/arquitectura-2\/c-u-b-o-el-proyecto-del-tec-de-monterrey-que-llegara-a-mextropoli\/","name":"C.U.B.O, el proyecto del Tec de Monterrey que llegar\u00e1 a Mextr\u00f3poli","isPartOf":{"@id":"https:\/\/centrourbano.com\/revista\/#website"},"primaryImageOfPage":{"@id":"https:\/\/centrourbano.com\/revista\/arquitectura-2\/c-u-b-o-el-proyecto-del-tec-de-monterrey-que-llegara-a-mextropoli\/#primaryimage"},"image":{"@id":"https:\/\/centrourbano.com\/revista\/arquitectura-2\/c-u-b-o-el-proyecto-del-tec-de-monterrey-que-llegara-a-mextropoli\/#primaryimage"},"thumbnailUrl":"https:\/\/centrourbano.com\/revista\/wp-content\/uploads\/C.U.B.O.-de-los-suen\u0303os-e1551714964205.jpg","datePublished":"2019-03-04T14:54:21+00:00","dateModified":"2019-03-04T16:16:52+00:00","description":"El proyecto 'C\u00e9lula Urbana para el Bienestar y las Oportunidades' servir\u00e1 como escenario para el encuentro ciudadano, por lo que generar\u00e1\u00a0procesos","breadcrumb":{"@id":"https:\/\/centrourbano.com\/revista\/arquitectura-2\/c-u-b-o-el-proyecto-del-tec-de-monterrey-que-llegara-a-mextropoli\/#breadcrumb"},"inLanguage":"es","potentialAction":[{"@type":"ReadAction","target":["https:\/\/centrourbano.com\/revista\/arquitectura-2\/c-u-b-o-el-proyecto-del-tec-de-monterrey-que-llegara-a-mextropoli\/"]}]},{"@type":"ImageObject","inLanguage":"es","@id":"https:\/\/centrourbano.com\/revista\/arquitectura-2\/c-u-b-o-el-proyecto-del-tec-de-monterrey-que-llegara-a-mextropoli\/#primaryimage","url":"https:\/\/centrourbano.com\/revista\/wp-content\/uploads\/C.U.B.O.-de-los-suen\u0303os-e1551714964205.jpg","contentUrl":"https:\/\/centrourbano.com\/revista\/wp-content\/uploads\/C.U.B.O.-de-los-suen\u0303os-e1551714964205.jpg","width":800,"height":604},{"@type":"BreadcrumbList","@id":"https:\/\/centrourbano.com\/revista\/arquitectura-2\/c-u-b-o-el-proyecto-del-tec-de-monterrey-que-llegara-a-mextropoli\/#breadcrumb","itemListElement":[{"@type":"ListItem","position":1,"name":"Portada","item":"https:\/\/centrourbano.com\/revista\/"},{"@type":"ListItem","position":2,"name":"C.U.B.O, el proyecto del Tec de Monterrey que llegar\u00e1 a Mextr\u00f3poli"}]},{"@type":"WebSite","@id":"https:\/\/centrourbano.com\/revista\/#website","url":"https:\/\/centrourbano.com\/revista\/","name":"Centro Urbano","description":"Medio especializado en los sectores vivienda, inmobiliario, construcci\u00f3n, arquitectura y urbanismo.","publisher":{"@id":"https:\/\/centrourbano.com\/revista\/#organization"},"potentialAction":[{"@type":"SearchAction","target":{"@type":"EntryPoint","urlTemplate":"https:\/\/centrourbano.com\/revista\/?s={search_term_string}"},"query-input":{"@type":"PropertyValueSpecification","valueRequired":true,"valueName":"search_term_string"}}],"inLanguage":"es"},{"@type":"Organization","@id":"https:\/\/centrourbano.com\/revista\/#organization","name":"Centro Urbano","url":"https:\/\/centrourbano.com\/revista\/","logo":{"@type":"ImageObject","inLanguage":"es","@id":"https:\/\/centrourbano.com\/revista\/#\/schema\/logo\/image\/","url":"https:\/\/centrourbano.com\/revista\/wp-content\/uploads\/web_CU_logo-1.png","contentUrl":"https:\/\/centrourbano.com\/revista\/wp-content\/uploads\/web_CU_logo-1.png","width":350,"height":91,"caption":"Centro Urbano"},"image":{"@id":"https:\/\/centrourbano.com\/revista\/#\/schema\/logo\/image\/"},"sameAs":["https:\/\/www.facebook.com\/portalcentrourbano","https:\/\/x.com\/CentroUrbano","https:\/\/www.instagram.com\/centro_urbano\/","https:\/\/www.linkedin.com\/company\/centro-urbano\/","http:\/\/www.youtube.com\/user\/portalcentrourbano"]},{"@type":"Person","@id":"https:\/\/centrourbano.com\/revista\/#\/schema\/person\/b45db815d96831257ba428a3d5a5fbdc","name":"Dinorah Nava","image":{"@type":"ImageObject","inLanguage":"es","@id":"https:\/\/secure.gravatar.com\/avatar\/f6ca6430c51d147f363940f84e1225aa4b8183885c11802cc3b042305a4ecc1a?s=96&d=mm&r=g","url":"https:\/\/secure.gravatar.com\/avatar\/f6ca6430c51d147f363940f84e1225aa4b8183885c11802cc3b042305a4ecc1a?s=96&d=mm&r=g","contentUrl":"https:\/\/secure.gravatar.com\/avatar\/f6ca6430c51d147f363940f84e1225aa4b8183885c11802cc3b042305a4ecc1a?s=96&d=mm&r=g","caption":"Dinorah Nava"},"description":"Editora de Contenidos y Estrategias Digitales en Centro Urbano y Coeditora en Peri\u00f3dico Mi Casa. Egresada de la licenciatura en Comunicaci\u00f3n y Periodismo de la Facultad de Estudios Superiores Arag\u00f3n (UNAM). Amante de la edici\u00f3n y correcci\u00f3n de estilo, las redes sociales y el mundo digital. Especialista en temas son arquitectura, inmobiliario y urbanismo.","sameAs":["linkedin.com\/in\/dinorah-nava","https:\/\/x.com\/https:\/\/twitter.com\/Dinorah_Nava28"],"url":"https:\/\/centrourbano.com\/revista\/author\/dinorah-nava\/"}]}},"_links":{"self":[{"href":"https:\/\/centrourbano.com\/revista\/wp-json\/wp\/v2\/posts\/87215","targetHints":{"allow":["GET"]}}],"collection":[{"href":"https:\/\/centrourbano.com\/revista\/wp-json\/wp\/v2\/posts"}],"about":[{"href":"https:\/\/centrourbano.com\/revista\/wp-json\/wp\/v2\/types\/post"}],"author":[{"embeddable":true,"href":"https:\/\/centrourbano.com\/revista\/wp-json\/wp\/v2\/users\/9"}],"replies":[{"embeddable":true,"href":"https:\/\/centrourbano.com\/revista\/wp-json\/wp\/v2\/comments?post=87215"}],"version-history":[{"count":1,"href":"https:\/\/centrourbano.com\/revista\/wp-json\/wp\/v2\/posts\/87215\/revisions"}],"predecessor-version":[{"id":87217,"href":"https:\/\/centrourbano.com\/revista\/wp-json\/wp\/v2\/posts\/87215\/revisions\/87217"}],"wp:featuredmedia":[{"embeddable":true,"href":"https:\/\/centrourbano.com\/revista\/wp-json\/wp\/v2\/media\/87216"}],"wp:attachment":[{"href":"https:\/\/centrourbano.com\/revista\/wp-json\/wp\/v2\/media?parent=87215"}],"wp:term":[{"taxonomy":"category","embeddable":true,"href":"https:\/\/centrourbano.com\/revista\/wp-json\/wp\/v2\/categories?post=87215"},{"taxonomy":"post_tag","embeddable":true,"href":"https:\/\/centrourbano.com\/revista\/wp-json\/wp\/v2\/tags?post=87215"}],"curies":[{"name":"wp","href":"https:\/\/api.w.org\/{rel}","templated":true}]}}