{"id":87210,"date":"2019-03-04T09:23:46","date_gmt":"2019-03-04T15:23:46","guid":{"rendered":"https:\/\/centrourbano.com\/?p=87210"},"modified":"2019-03-04T09:23:46","modified_gmt":"2019-03-04T15:23:46","slug":"infonavit-abril-nuevos-montos-credito","status":"publish","type":"post","link":"https:\/\/centrourbano.com\/revista\/opinion\/infonavit-abril-nuevos-montos-credito\/","title":{"rendered":"Infonavit: en abril nuevos montos de cr\u00e9dito"},"content":{"rendered":"<p>La intenci\u00f3n es crear instrumentos que permitan atender la demanda de vivienda de toda la derechohabiencia del Infonavit, en especial, de los segmentos de poblaci\u00f3n de menores ingresos.<!--more--><\/p>\n<p>Pero el nuevo director general del Instituto, Carlos Mart\u00ednez Vel\u00e1zquez, ha dejado muy claro que esta intenci\u00f3n, traducida en metas, no buscar\u00e1 alcanzar \u00fanicamente objetivos estad\u00edsticos, o que se midan solo a partir de criterios financieros, sino que tendr\u00e1 como prioridad privilegiar los derechos humanos de los trabajadores afiliados al Fondo.<\/p>\n<p>Es evidente que ante los dos mandatos del Infonavit, administrar recursos y otorgar cr\u00e9ditos para vivienda, todo apunta a que la nueva administraci\u00f3n se cargar\u00e1 por la de otorgar m\u00e1s y mejores cr\u00e9ditos, sin descuidar la solidez financiera, pero tomando decisiones claramente encaminadas a beneficiar a quienes tomen o ya tomaron un cr\u00e9dito, en especial, insisto, entre los grupos m\u00e1s vulnerables.<\/p>\n<p>Es as\u00ed que el Instituto destinar\u00e1 recursos al ya anunciado programa de reestructuras y al que habr\u00e1 de anunciarse en abril, de incremento de montos de cr\u00e9dito, demostrando con ello la disposici\u00f3n a ceder puntos de rentabilidad del fondo, con tal de ser solidarios con los derechohabientes que m\u00e1s lo necesitan.<\/p>\n<p>Por supuesto, esta decisi\u00f3n refleja tanto la voluntad solidaria de los trabajadores, que son a fin de cuentas los due\u00f1os del Fondo, como los acuerdos alcanzados en un Consejo de administraci\u00f3n marcado por el tripartismo.<\/p>\n<p>Se trata de dos acciones muy importantes, porque el programa de reestructura de cr\u00e9ditos que se anunci\u00f3 apenas el 6 de febrero, ya tiene m\u00e1s de 50,000, de los cerca de 200,000 trabajadores a beneficiar este a\u00f1o.<\/p>\n<p>En tanto que en abril habr\u00e1n de presentarse los nuevos montos de cr\u00e9dito, que habr\u00e1n de sustituir al subsidio como instrumento que permita elevar la capacidad de compra de los trabajadores de menores ingresos.<\/p>\n<p>Repito; lo presentan en abril, y el objetivo inmediato ser\u00e1 acelerar su proceso de implementaci\u00f3n, buscando con ello evitar un colapso de una parte del sector, que hab\u00eda dirigido su producci\u00f3n hacia la vivienda que habr\u00eda de contar con un subsidio.<\/p>\n<p>ENCUESTAS TUITERAS<\/p>\n<p>Generalmente hago encuestas en Twitter. La opini\u00f3n de quienes siguen mi cuenta me ayuda a entender muchas cosas. En esta ocasi\u00f3n pregunt\u00e9 sobre en qu\u00e9 invertir y en qu\u00e9 no invertir este a\u00f1o en materia de vivienda.<\/p>\n<p>De entrada, una muy amplia mayor\u00eda, 76%, opin\u00f3 que en el resto del a\u00f1o la producci\u00f3n de vivienda social se reducir\u00e1 a nivel nacional, 59% se limit\u00f3 a decir que habr\u00e1 reducci\u00f3n, pero 17% fue m\u00e1s all\u00e1 opinando que bajar\u00e1 mucho.<\/p>\n<p>Fue abrumadora la mayor\u00eda que dijo que no invertir\u00eda en vivienda social (o en autoproducci\u00f3n asistida), lo mismo que la que dijo que este a\u00f1o las oportunidades de inversi\u00f3n estaban en la vivienda media.<\/p>\n<p>Tambi\u00e9n una clara mayor\u00eda opin\u00f3 que los precios de la vivienda subir\u00edan en la Ciudad de M\u00e9xico, 39% dijo que subir\u00edan mucho y 36% dijo que el alza ser\u00eda moderada.<\/p>\n<p>Por \u00faltimo pregunt\u00e9 si este era buen momento para comprar casa&#8230; Gan\u00f3 el s\u00ed, pero con un muy apretado 38%, seguido muy de cerca por el no, que registr\u00f3 35%, en tanto que el porcentaje restante se lo repartieron las opciones de: s\u00ed, por supuesto, y no, para nada.<\/p>\n<p>\u00a1ESTAMOS EN RADIO Y TV!<\/p>\n<p>Los invito a que conozcan nuestros contenidos digitales en centrourbano.com y en el canal de YouTube de Centro Urbano. Est\u00e1n todos los cap\u00edtulos de nuestro programa de radio y de la serie de TV que hacemos en conjunto con Efekto Noticias.<\/p>\n<p>Y est\u00e9n atentos, porque estamos preparando la tercera Temporada de nuestro programa de TV: Vivienda y Ciudad.<\/p>\n","protected":false},"excerpt":{"rendered":"<p>La intenci\u00f3n es crear instrumentos que permitan atender la demanda de vivienda de toda la derechohabiencia del Infonavit, en especial, de los segmentos de poblaci\u00f3n de menores ingresos.<\/p>\n","protected":false},"author":13,"featured_media":0,"comment_status":"open","ping_status":"closed","sticky":false,"template":"","format":"standard","meta":{"om_disable_all_campaigns":false,"inline_featured_image":false,"_monsterinsights_skip_tracking":false,"_monsterinsights_sitenote_active":false,"_monsterinsights_sitenote_note":"","_monsterinsights_sitenote_category":0,"footnotes":""},"categories":[241,5],"tags":[],"class_list":["post-87210","post","type-post","status-publish","format-standard","hentry","category-blog-desde-la-casa","category-opinion"],"yoast_head":"<!-- This site is optimized with the Yoast SEO plugin v27.4 - https:\/\/yoast.com\/product\/yoast-seo-wordpress\/ -->\n<title>Infonavit: en abril nuevos montos de cr\u00e9dito<\/title>\n<meta name=\"description\" content=\"La intenci\u00f3n es crear instrumentos que permitan atender la demanda de vivienda de toda la derechohabiencia del Infonavit, en especial, de los segmentos de\" \/>\n<meta name=\"robots\" content=\"index, follow, max-snippet:-1, max-image-preview:large, max-video-preview:-1\" \/>\n<link rel=\"canonical\" href=\"https:\/\/centrourbano.com\/revista\/opinion\/infonavit-abril-nuevos-montos-credito\/\" \/>\n<meta property=\"og:locale\" content=\"es_ES\" \/>\n<meta property=\"og:type\" content=\"article\" \/>\n<meta property=\"og:title\" content=\"Infonavit: en abril nuevos montos de cr\u00e9dito\" \/>\n<meta property=\"og:description\" content=\"La intenci\u00f3n es crear instrumentos que permitan atender la demanda de vivienda de toda la derechohabiencia del Infonavit, en especial, de los segmentos de\" \/>\n<meta property=\"og:url\" content=\"https:\/\/centrourbano.com\/revista\/opinion\/infonavit-abril-nuevos-montos-credito\/\" \/>\n<meta property=\"og:site_name\" content=\"Centro Urbano\" \/>\n<meta property=\"article:publisher\" content=\"https:\/\/www.facebook.com\/portalcentrourbano\" \/>\n<meta property=\"article:author\" content=\"https:\/\/www.facebook.com\/urbano.horacio\/\" \/>\n<meta property=\"article:published_time\" content=\"2019-03-04T15:23:46+00:00\" \/>\n<meta property=\"og:image\" content=\"https:\/\/centrourbano.com\/revista\/wp-content\/uploads\/CU-logo.png\" \/>\n\t<meta property=\"og:image:width\" content=\"350\" \/>\n\t<meta property=\"og:image:height\" content=\"91\" \/>\n\t<meta property=\"og:image:type\" content=\"image\/png\" \/>\n<meta name=\"author\" content=\"Horacio Urbano\" \/>\n<meta name=\"twitter:card\" content=\"summary_large_image\" \/>\n<meta name=\"twitter:creator\" content=\"@https:\/\/twitter.com\/horacio_urbano\" \/>\n<meta name=\"twitter:site\" content=\"@CentroUrbano\" \/>\n<meta name=\"twitter:label1\" content=\"Escrito por\" \/>\n\t<meta name=\"twitter:data1\" content=\"Horacio Urbano\" \/>\n\t<meta name=\"twitter:label2\" content=\"Tiempo de lectura\" \/>\n\t<meta name=\"twitter:data2\" content=\"3 minutos\" \/>\n<script type=\"application\/ld+json\" class=\"yoast-schema-graph\">{\"@context\":\"https:\\\/\\\/schema.org\",\"@graph\":[{\"@type\":\"Article\",\"@id\":\"https:\\\/\\\/centrourbano.com\\\/revista\\\/opinion\\\/infonavit-abril-nuevos-montos-credito\\\/#article\",\"isPartOf\":{\"@id\":\"https:\\\/\\\/centrourbano.com\\\/revista\\\/opinion\\\/infonavit-abril-nuevos-montos-credito\\\/\"},\"author\":{\"name\":\"Horacio Urbano\",\"@id\":\"https:\\\/\\\/centrourbano.com\\\/revista\\\/#\\\/schema\\\/person\\\/69755154fe97eeebe4fe9394cb318d28\"},\"headline\":\"Infonavit: en abril nuevos montos de cr\u00e9dito\",\"datePublished\":\"2019-03-04T15:23:46+00:00\",\"mainEntityOfPage\":{\"@id\":\"https:\\\/\\\/centrourbano.com\\\/revista\\\/opinion\\\/infonavit-abril-nuevos-montos-credito\\\/\"},\"wordCount\":643,\"commentCount\":0,\"publisher\":{\"@id\":\"https:\\\/\\\/centrourbano.com\\\/revista\\\/#organization\"},\"articleSection\":[\"Desde la Casa\",\"Opini\u00f3n\"],\"inLanguage\":\"es\",\"potentialAction\":[{\"@type\":\"CommentAction\",\"name\":\"Comment\",\"target\":[\"https:\\\/\\\/centrourbano.com\\\/revista\\\/opinion\\\/infonavit-abril-nuevos-montos-credito\\\/#respond\"]}]},{\"@type\":\"WebPage\",\"@id\":\"https:\\\/\\\/centrourbano.com\\\/revista\\\/opinion\\\/infonavit-abril-nuevos-montos-credito\\\/\",\"url\":\"https:\\\/\\\/centrourbano.com\\\/revista\\\/opinion\\\/infonavit-abril-nuevos-montos-credito\\\/\",\"name\":\"Infonavit: en abril nuevos montos de cr\u00e9dito\",\"isPartOf\":{\"@id\":\"https:\\\/\\\/centrourbano.com\\\/revista\\\/#website\"},\"datePublished\":\"2019-03-04T15:23:46+00:00\",\"description\":\"La intenci\u00f3n es crear instrumentos que permitan atender la demanda de vivienda de toda la derechohabiencia del Infonavit, en especial, de los segmentos de\",\"breadcrumb\":{\"@id\":\"https:\\\/\\\/centrourbano.com\\\/revista\\\/opinion\\\/infonavit-abril-nuevos-montos-credito\\\/#breadcrumb\"},\"inLanguage\":\"es\",\"potentialAction\":[{\"@type\":\"ReadAction\",\"target\":[\"https:\\\/\\\/centrourbano.com\\\/revista\\\/opinion\\\/infonavit-abril-nuevos-montos-credito\\\/\"]}]},{\"@type\":\"BreadcrumbList\",\"@id\":\"https:\\\/\\\/centrourbano.com\\\/revista\\\/opinion\\\/infonavit-abril-nuevos-montos-credito\\\/#breadcrumb\",\"itemListElement\":[{\"@type\":\"ListItem\",\"position\":1,\"name\":\"Portada\",\"item\":\"https:\\\/\\\/centrourbano.com\\\/revista\\\/\"},{\"@type\":\"ListItem\",\"position\":2,\"name\":\"Infonavit: en abril nuevos montos de cr\u00e9dito\"}]},{\"@type\":\"WebSite\",\"@id\":\"https:\\\/\\\/centrourbano.com\\\/revista\\\/#website\",\"url\":\"https:\\\/\\\/centrourbano.com\\\/revista\\\/\",\"name\":\"Centro Urbano\",\"description\":\"Medio especializado en los sectores vivienda, inmobiliario, construcci\u00f3n, arquitectura y urbanismo.\",\"publisher\":{\"@id\":\"https:\\\/\\\/centrourbano.com\\\/revista\\\/#organization\"},\"potentialAction\":[{\"@type\":\"SearchAction\",\"target\":{\"@type\":\"EntryPoint\",\"urlTemplate\":\"https:\\\/\\\/centrourbano.com\\\/revista\\\/?s={search_term_string}\"},\"query-input\":{\"@type\":\"PropertyValueSpecification\",\"valueRequired\":true,\"valueName\":\"search_term_string\"}}],\"inLanguage\":\"es\"},{\"@type\":\"Organization\",\"@id\":\"https:\\\/\\\/centrourbano.com\\\/revista\\\/#organization\",\"name\":\"Centro Urbano\",\"url\":\"https:\\\/\\\/centrourbano.com\\\/revista\\\/\",\"logo\":{\"@type\":\"ImageObject\",\"inLanguage\":\"es\",\"@id\":\"https:\\\/\\\/centrourbano.com\\\/revista\\\/#\\\/schema\\\/logo\\\/image\\\/\",\"url\":\"https:\\\/\\\/centrourbano.com\\\/revista\\\/wp-content\\\/uploads\\\/web_CU_logo-1.png\",\"contentUrl\":\"https:\\\/\\\/centrourbano.com\\\/revista\\\/wp-content\\\/uploads\\\/web_CU_logo-1.png\",\"width\":350,\"height\":91,\"caption\":\"Centro Urbano\"},\"image\":{\"@id\":\"https:\\\/\\\/centrourbano.com\\\/revista\\\/#\\\/schema\\\/logo\\\/image\\\/\"},\"sameAs\":[\"https:\\\/\\\/www.facebook.com\\\/portalcentrourbano\",\"https:\\\/\\\/x.com\\\/CentroUrbano\",\"https:\\\/\\\/www.instagram.com\\\/centro_urbano\\\/\",\"https:\\\/\\\/www.linkedin.com\\\/company\\\/centro-urbano\\\/\",\"http:\\\/\\\/www.youtube.com\\\/user\\\/portalcentrourbano\"]},{\"@type\":\"Person\",\"@id\":\"https:\\\/\\\/centrourbano.com\\\/revista\\\/#\\\/schema\\\/person\\\/69755154fe97eeebe4fe9394cb318d28\",\"name\":\"Horacio Urbano\",\"image\":{\"@type\":\"ImageObject\",\"inLanguage\":\"es\",\"@id\":\"https:\\\/\\\/secure.gravatar.com\\\/avatar\\\/bf4232bac122249113b7bcc4636a8d0432b9fa8bcce4243f1ed6c1ecb8fe915f?s=96&d=mm&r=g\",\"url\":\"https:\\\/\\\/secure.gravatar.com\\\/avatar\\\/bf4232bac122249113b7bcc4636a8d0432b9fa8bcce4243f1ed6c1ecb8fe915f?s=96&d=mm&r=g\",\"contentUrl\":\"https:\\\/\\\/secure.gravatar.com\\\/avatar\\\/bf4232bac122249113b7bcc4636a8d0432b9fa8bcce4243f1ed6c1ecb8fe915f?s=96&d=mm&r=g\",\"caption\":\"Horacio Urbano\"},\"description\":\"Horacio Urbano es arquitecto. Su experiencia profesional se ha desarrollado en los diferentes \u00e1mbitos que definen la industria de la vivienda. En 1999 inici\u00f3 un proyecto editorial dirigido a los sectores inmobiliario y construcci\u00f3n que a lo largo de los a\u00f1os se ha convertido en una poderosa plataforma multimedios y en una verdadera referencia para esta industria. Fundador, junto con la tambi\u00e9n arquitecta Roxana Fabris, de Grupo Centro Urbano, firma que impulsa y desarrolla una serie de esfuerzos de comunicaci\u00f3n relacionados con estos sectores. Como parte de su trabajo en M\u00e9xico y el extranjero, ha escrito o participado en una serie de libros especializados, es colaborador de diferentes medios impresos y electr\u00f3nicos, es activo conferencista y bajo diferentes modelos colabora tambi\u00e9n con diversas empresas e instituciones p\u00fablicas y privadas del sector.\",\"sameAs\":[\"http:\\\/\\\/horaciourbano.com\\\/home\\\/\",\"https:\\\/\\\/www.facebook.com\\\/urbano.horacio\\\/\",\"https:\\\/\\\/x.com\\\/https:\\\/\\\/twitter.com\\\/horacio_urbano\"],\"url\":\"https:\\\/\\\/centrourbano.com\\\/revista\\\/author\\\/horacio-urbano\\\/\"}]}<\/script>\n<!-- \/ Yoast SEO plugin. -->","yoast_head_json":{"title":"Infonavit: en abril nuevos montos de cr\u00e9dito","description":"La intenci\u00f3n es crear instrumentos que permitan atender la demanda de vivienda de toda la derechohabiencia del Infonavit, en especial, de los segmentos de","robots":{"index":"index","follow":"follow","max-snippet":"max-snippet:-1","max-image-preview":"max-image-preview:large","max-video-preview":"max-video-preview:-1"},"canonical":"https:\/\/centrourbano.com\/revista\/opinion\/infonavit-abril-nuevos-montos-credito\/","og_locale":"es_ES","og_type":"article","og_title":"Infonavit: en abril nuevos montos de cr\u00e9dito","og_description":"La intenci\u00f3n es crear instrumentos que permitan atender la demanda de vivienda de toda la derechohabiencia del Infonavit, en especial, de los segmentos de","og_url":"https:\/\/centrourbano.com\/revista\/opinion\/infonavit-abril-nuevos-montos-credito\/","og_site_name":"Centro Urbano","article_publisher":"https:\/\/www.facebook.com\/portalcentrourbano","article_author":"https:\/\/www.facebook.com\/urbano.horacio\/","article_published_time":"2019-03-04T15:23:46+00:00","og_image":[{"width":350,"height":91,"url":"https:\/\/centrourbano.com\/revista\/wp-content\/uploads\/CU-logo.png","type":"image\/png"}],"author":"Horacio Urbano","twitter_card":"summary_large_image","twitter_creator":"@https:\/\/twitter.com\/horacio_urbano","twitter_site":"@CentroUrbano","twitter_misc":{"Escrito por":"Horacio Urbano","Tiempo de lectura":"3 minutos"},"schema":{"@context":"https:\/\/schema.org","@graph":[{"@type":"Article","@id":"https:\/\/centrourbano.com\/revista\/opinion\/infonavit-abril-nuevos-montos-credito\/#article","isPartOf":{"@id":"https:\/\/centrourbano.com\/revista\/opinion\/infonavit-abril-nuevos-montos-credito\/"},"author":{"name":"Horacio Urbano","@id":"https:\/\/centrourbano.com\/revista\/#\/schema\/person\/69755154fe97eeebe4fe9394cb318d28"},"headline":"Infonavit: en abril nuevos montos de cr\u00e9dito","datePublished":"2019-03-04T15:23:46+00:00","mainEntityOfPage":{"@id":"https:\/\/centrourbano.com\/revista\/opinion\/infonavit-abril-nuevos-montos-credito\/"},"wordCount":643,"commentCount":0,"publisher":{"@id":"https:\/\/centrourbano.com\/revista\/#organization"},"articleSection":["Desde la Casa","Opini\u00f3n"],"inLanguage":"es","potentialAction":[{"@type":"CommentAction","name":"Comment","target":["https:\/\/centrourbano.com\/revista\/opinion\/infonavit-abril-nuevos-montos-credito\/#respond"]}]},{"@type":"WebPage","@id":"https:\/\/centrourbano.com\/revista\/opinion\/infonavit-abril-nuevos-montos-credito\/","url":"https:\/\/centrourbano.com\/revista\/opinion\/infonavit-abril-nuevos-montos-credito\/","name":"Infonavit: en abril nuevos montos de cr\u00e9dito","isPartOf":{"@id":"https:\/\/centrourbano.com\/revista\/#website"},"datePublished":"2019-03-04T15:23:46+00:00","description":"La intenci\u00f3n es crear instrumentos que permitan atender la demanda de vivienda de toda la derechohabiencia del Infonavit, en especial, de los segmentos de","breadcrumb":{"@id":"https:\/\/centrourbano.com\/revista\/opinion\/infonavit-abril-nuevos-montos-credito\/#breadcrumb"},"inLanguage":"es","potentialAction":[{"@type":"ReadAction","target":["https:\/\/centrourbano.com\/revista\/opinion\/infonavit-abril-nuevos-montos-credito\/"]}]},{"@type":"BreadcrumbList","@id":"https:\/\/centrourbano.com\/revista\/opinion\/infonavit-abril-nuevos-montos-credito\/#breadcrumb","itemListElement":[{"@type":"ListItem","position":1,"name":"Portada","item":"https:\/\/centrourbano.com\/revista\/"},{"@type":"ListItem","position":2,"name":"Infonavit: en abril nuevos montos de cr\u00e9dito"}]},{"@type":"WebSite","@id":"https:\/\/centrourbano.com\/revista\/#website","url":"https:\/\/centrourbano.com\/revista\/","name":"Centro Urbano","description":"Medio especializado en los sectores vivienda, inmobiliario, construcci\u00f3n, arquitectura y urbanismo.","publisher":{"@id":"https:\/\/centrourbano.com\/revista\/#organization"},"potentialAction":[{"@type":"SearchAction","target":{"@type":"EntryPoint","urlTemplate":"https:\/\/centrourbano.com\/revista\/?s={search_term_string}"},"query-input":{"@type":"PropertyValueSpecification","valueRequired":true,"valueName":"search_term_string"}}],"inLanguage":"es"},{"@type":"Organization","@id":"https:\/\/centrourbano.com\/revista\/#organization","name":"Centro Urbano","url":"https:\/\/centrourbano.com\/revista\/","logo":{"@type":"ImageObject","inLanguage":"es","@id":"https:\/\/centrourbano.com\/revista\/#\/schema\/logo\/image\/","url":"https:\/\/centrourbano.com\/revista\/wp-content\/uploads\/web_CU_logo-1.png","contentUrl":"https:\/\/centrourbano.com\/revista\/wp-content\/uploads\/web_CU_logo-1.png","width":350,"height":91,"caption":"Centro Urbano"},"image":{"@id":"https:\/\/centrourbano.com\/revista\/#\/schema\/logo\/image\/"},"sameAs":["https:\/\/www.facebook.com\/portalcentrourbano","https:\/\/x.com\/CentroUrbano","https:\/\/www.instagram.com\/centro_urbano\/","https:\/\/www.linkedin.com\/company\/centro-urbano\/","http:\/\/www.youtube.com\/user\/portalcentrourbano"]},{"@type":"Person","@id":"https:\/\/centrourbano.com\/revista\/#\/schema\/person\/69755154fe97eeebe4fe9394cb318d28","name":"Horacio Urbano","image":{"@type":"ImageObject","inLanguage":"es","@id":"https:\/\/secure.gravatar.com\/avatar\/bf4232bac122249113b7bcc4636a8d0432b9fa8bcce4243f1ed6c1ecb8fe915f?s=96&d=mm&r=g","url":"https:\/\/secure.gravatar.com\/avatar\/bf4232bac122249113b7bcc4636a8d0432b9fa8bcce4243f1ed6c1ecb8fe915f?s=96&d=mm&r=g","contentUrl":"https:\/\/secure.gravatar.com\/avatar\/bf4232bac122249113b7bcc4636a8d0432b9fa8bcce4243f1ed6c1ecb8fe915f?s=96&d=mm&r=g","caption":"Horacio Urbano"},"description":"Horacio Urbano es arquitecto. Su experiencia profesional se ha desarrollado en los diferentes \u00e1mbitos que definen la industria de la vivienda. En 1999 inici\u00f3 un proyecto editorial dirigido a los sectores inmobiliario y construcci\u00f3n que a lo largo de los a\u00f1os se ha convertido en una poderosa plataforma multimedios y en una verdadera referencia para esta industria. Fundador, junto con la tambi\u00e9n arquitecta Roxana Fabris, de Grupo Centro Urbano, firma que impulsa y desarrolla una serie de esfuerzos de comunicaci\u00f3n relacionados con estos sectores. Como parte de su trabajo en M\u00e9xico y el extranjero, ha escrito o participado en una serie de libros especializados, es colaborador de diferentes medios impresos y electr\u00f3nicos, es activo conferencista y bajo diferentes modelos colabora tambi\u00e9n con diversas empresas e instituciones p\u00fablicas y privadas del sector.","sameAs":["http:\/\/horaciourbano.com\/home\/","https:\/\/www.facebook.com\/urbano.horacio\/","https:\/\/x.com\/https:\/\/twitter.com\/horacio_urbano"],"url":"https:\/\/centrourbano.com\/revista\/author\/horacio-urbano\/"}]}},"_links":{"self":[{"href":"https:\/\/centrourbano.com\/revista\/wp-json\/wp\/v2\/posts\/87210","targetHints":{"allow":["GET"]}}],"collection":[{"href":"https:\/\/centrourbano.com\/revista\/wp-json\/wp\/v2\/posts"}],"about":[{"href":"https:\/\/centrourbano.com\/revista\/wp-json\/wp\/v2\/types\/post"}],"author":[{"embeddable":true,"href":"https:\/\/centrourbano.com\/revista\/wp-json\/wp\/v2\/users\/13"}],"replies":[{"embeddable":true,"href":"https:\/\/centrourbano.com\/revista\/wp-json\/wp\/v2\/comments?post=87210"}],"version-history":[{"count":1,"href":"https:\/\/centrourbano.com\/revista\/wp-json\/wp\/v2\/posts\/87210\/revisions"}],"predecessor-version":[{"id":87211,"href":"https:\/\/centrourbano.com\/revista\/wp-json\/wp\/v2\/posts\/87210\/revisions\/87211"}],"wp:attachment":[{"href":"https:\/\/centrourbano.com\/revista\/wp-json\/wp\/v2\/media?parent=87210"}],"wp:term":[{"taxonomy":"category","embeddable":true,"href":"https:\/\/centrourbano.com\/revista\/wp-json\/wp\/v2\/categories?post=87210"},{"taxonomy":"post_tag","embeddable":true,"href":"https:\/\/centrourbano.com\/revista\/wp-json\/wp\/v2\/tags?post=87210"}],"curies":[{"name":"wp","href":"https:\/\/api.w.org\/{rel}","templated":true}]}}