{"id":87145,"date":"2019-03-01T10:00:33","date_gmt":"2019-03-01T16:00:33","guid":{"rendered":"https:\/\/centrourbano.com\/?p=87145"},"modified":"2019-03-01T11:29:56","modified_gmt":"2019-03-01T17:29:56","slug":"decepciona-iata-decision-del-gobierno-naim","status":"publish","type":"post","link":"https:\/\/centrourbano.com\/revista\/construccion\/decepciona-iata-decision-del-gobierno-naim\/","title":{"rendered":"Decepciona a IATA decisi\u00f3n del gobierno sobre el NAIM"},"content":{"rendered":"<p><em>Hay una crisis de capacidad en la Ciudad de M\u00e9xico y no hay tiempo que perder para encontrar una soluci\u00f3n: advierte la IATA<\/em><!--more--><\/p>\n<p>La cancelaci\u00f3n del Nuevo Aeropuerto Internacional de M\u00e9xico (NAIM) anunciada desde finales de 2018 ha resultado \u00abdecepcionante\u00bb para la Asociaci\u00f3n de Transporte A\u00e9reo Internacional (IATA, en siglas en ingl\u00e9s).<\/p>\n<p>A trav\u00e9s de un comunicado, la asociaci\u00f3n internacional lament\u00f3 que la decisi\u00f3n se haya tomado sin tomar en cuenta que en\u00a0M\u00e9xico enfrenta una crisis de capacidad para recibir a millones de pasajeros cada a\u00f1o.<\/p>\n<p>\u201cLa industria est\u00e1 decepcionada por la decisi\u00f3n de cancelar el proyecto NAIM. Pero la decisi\u00f3n ha sido tomada (&#8230;)\u00a0La implementaci\u00f3n de una soluci\u00f3n de tres aeropuertos presenta grandes desaf\u00edos t\u00e9cnicos y comerciales\u201d, dijo Alexandre de Juniac,\u00a0director general y CEO de IATA.<\/p>\n<p>Al participar en la apertura del\u00a0Aviation Summit M\u00e9xico, evento organizado por IATA con el apoyo de Canaero, de Juniac record\u00f3 que el actual Aeropuerto Internacional de la Ciudad de M\u00e9xico fue dise\u00f1ado para 32 millones de pasajeros por a\u00f1o, pero el pasado a\u00f1o recibi\u00f3 48 millones.<\/p>\n<p>\u00abEl actual gobierno mexicano cancel\u00f3 el proyecto del Nuevo Aeropuerto Internacional de la Ciudad de M\u00e9xico (NAIM) que estaba planificado para ofrecer una capacidad de 120 millones de pasajeros anuales (&#8230;)<\/p>\n<p>Con una estimaci\u00f3n de crecimiento anual de 3,6% en el n\u00famero de pasajeros para las pr\u00f3ximas dos d\u00e9cadas, M\u00e9xico enfrenta una crisis de capacidad\u00bb, advirti\u00f3 el directivo.<\/p>\n<p>Sobre los planes de coordinar los vuelos con el actual AICM,\u00a0el Aeropuerto de Toluca y la conversi\u00f3n de la Base A\u00e9rea de Santa Luc\u00eda para uso civil, el representante de la industria a\u00e9rea dijo que es imperativo que el gobierno y las partes interesadas encuentren la forma de avanzar juntos.<\/p>\n<p>\u201cHay una crisis de capacidad en la Ciudad de M\u00e9xico y no hay tiempo que perder para encontrar una soluci\u00f3n. Las aerol\u00edneas necesitan saber con urgencia qu\u00e9 infraestructura estar\u00e1 disponible y cu\u00e1ndo. Luego podemos iniciar un di\u00e1logo con el gobierno que se enfocar\u00e1 en la mejor manera de usarlo\u00bb, enfatiz\u00f3.<\/p>\n<p>La industria aporta unos 38,000 millones de d\u00f3lares a la econom\u00eda mexicana y apoya unos 1.4 millones de empleos relacionados a la industria en M\u00e9xico. \u00abLa decisi\u00f3n de cancelar NAIM pone en riesgo 200.000 empleos futuros y una derrama econ\u00f3mica de 20,000 mdd anuales para 2035\u00bb,\u00a0concluy\u00f3.<\/p>\n","protected":false},"excerpt":{"rendered":"<p>Hay una crisis de capacidad en la Ciudad de M\u00e9xico y no hay tiempo que perder para encontrar una soluci\u00f3n: advierte la IATA<\/p>\n","protected":false},"author":69,"featured_media":87148,"comment_status":"open","ping_status":"closed","sticky":false,"template":"","format":"standard","meta":{"om_disable_all_campaigns":false,"inline_featured_image":false,"_monsterinsights_skip_tracking":false,"_monsterinsights_sitenote_active":false,"_monsterinsights_sitenote_note":"","_monsterinsights_sitenote_category":0,"footnotes":""},"categories":[14],"tags":[13099,12159,29],"class_list":["post-87145","post","type-post","status-publish","format-standard","has-post-thumbnail","hentry","category-construccion","tag-iata","tag-naim","tag-sct"],"yoast_head":"<!-- This site is optimized with the Yoast SEO plugin v27.4 - https:\/\/yoast.com\/product\/yoast-seo-wordpress\/ -->\n<title>Decepciona a IATA decisi\u00f3n del gobierno sobre el NAIM<\/title>\n<meta name=\"description\" content=\"Hay una crisis de capacidad en la Ciudad de M\u00e9xico y no hay tiempo que perder para encontrar una soluci\u00f3n: advierte la IATA\" \/>\n<meta name=\"robots\" content=\"index, follow, max-snippet:-1, max-image-preview:large, max-video-preview:-1\" \/>\n<link rel=\"canonical\" href=\"https:\/\/centrourbano.com\/revista\/construccion\/decepciona-iata-decision-del-gobierno-naim\/\" \/>\n<meta property=\"og:locale\" content=\"es_ES\" \/>\n<meta property=\"og:type\" content=\"article\" \/>\n<meta property=\"og:title\" content=\"Decepciona a IATA decisi\u00f3n del gobierno sobre el NAIM\" \/>\n<meta property=\"og:description\" content=\"Hay una crisis de capacidad en la Ciudad de M\u00e9xico y no hay tiempo que perder para encontrar una soluci\u00f3n: advierte la IATA\" \/>\n<meta property=\"og:url\" content=\"https:\/\/centrourbano.com\/revista\/construccion\/decepciona-iata-decision-del-gobierno-naim\/\" \/>\n<meta property=\"og:site_name\" content=\"Centro Urbano\" \/>\n<meta property=\"article:publisher\" content=\"https:\/\/www.facebook.com\/portalcentrourbano\" \/>\n<meta property=\"article:published_time\" content=\"2019-03-01T16:00:33+00:00\" \/>\n<meta property=\"article:modified_time\" content=\"2019-03-01T17:29:56+00:00\" \/>\n<meta property=\"og:image\" content=\"https:\/\/centrourbano.com\/revista\/wp-content\/uploads\/NAIM-IATA.jpg\" \/>\n\t<meta property=\"og:image:width\" content=\"1707\" \/>\n\t<meta property=\"og:image:height\" content=\"899\" \/>\n\t<meta property=\"og:image:type\" content=\"image\/jpeg\" \/>\n<meta name=\"author\" content=\"Fernando Navarrete\" \/>\n<meta name=\"twitter:card\" content=\"summary_large_image\" \/>\n<meta name=\"twitter:creator\" content=\"@CentroUrbano\" \/>\n<meta name=\"twitter:site\" content=\"@CentroUrbano\" \/>\n<meta name=\"twitter:label1\" content=\"Escrito por\" \/>\n\t<meta name=\"twitter:data1\" content=\"Fernando Navarrete\" \/>\n\t<meta name=\"twitter:label2\" content=\"Tiempo de lectura\" \/>\n\t<meta name=\"twitter:data2\" content=\"2 minutos\" \/>\n<script type=\"application\/ld+json\" class=\"yoast-schema-graph\">{\"@context\":\"https:\\\/\\\/schema.org\",\"@graph\":[{\"@type\":\"Article\",\"@id\":\"https:\\\/\\\/centrourbano.com\\\/revista\\\/construccion\\\/decepciona-iata-decision-del-gobierno-naim\\\/#article\",\"isPartOf\":{\"@id\":\"https:\\\/\\\/centrourbano.com\\\/revista\\\/construccion\\\/decepciona-iata-decision-del-gobierno-naim\\\/\"},\"author\":{\"name\":\"Fernando Navarrete\",\"@id\":\"https:\\\/\\\/centrourbano.com\\\/revista\\\/#\\\/schema\\\/person\\\/515c32d01ece40d20a7ed3fdf34051af\"},\"headline\":\"Decepciona a IATA decisi\u00f3n del gobierno sobre el NAIM\",\"datePublished\":\"2019-03-01T16:00:33+00:00\",\"dateModified\":\"2019-03-01T17:29:56+00:00\",\"mainEntityOfPage\":{\"@id\":\"https:\\\/\\\/centrourbano.com\\\/revista\\\/construccion\\\/decepciona-iata-decision-del-gobierno-naim\\\/\"},\"wordCount\":424,\"commentCount\":0,\"publisher\":{\"@id\":\"https:\\\/\\\/centrourbano.com\\\/revista\\\/#organization\"},\"image\":{\"@id\":\"https:\\\/\\\/centrourbano.com\\\/revista\\\/construccion\\\/decepciona-iata-decision-del-gobierno-naim\\\/#primaryimage\"},\"thumbnailUrl\":\"https:\\\/\\\/centrourbano.com\\\/revista\\\/wp-content\\\/uploads\\\/NAIM-IATA.jpg\",\"keywords\":[\"IATA\",\"NAIM\",\"SCT\"],\"articleSection\":[\"Construcci\u00f3n\"],\"inLanguage\":\"es\",\"potentialAction\":[{\"@type\":\"CommentAction\",\"name\":\"Comment\",\"target\":[\"https:\\\/\\\/centrourbano.com\\\/revista\\\/construccion\\\/decepciona-iata-decision-del-gobierno-naim\\\/#respond\"]}]},{\"@type\":\"WebPage\",\"@id\":\"https:\\\/\\\/centrourbano.com\\\/revista\\\/construccion\\\/decepciona-iata-decision-del-gobierno-naim\\\/\",\"url\":\"https:\\\/\\\/centrourbano.com\\\/revista\\\/construccion\\\/decepciona-iata-decision-del-gobierno-naim\\\/\",\"name\":\"Decepciona a IATA decisi\u00f3n del gobierno sobre el NAIM\",\"isPartOf\":{\"@id\":\"https:\\\/\\\/centrourbano.com\\\/revista\\\/#website\"},\"primaryImageOfPage\":{\"@id\":\"https:\\\/\\\/centrourbano.com\\\/revista\\\/construccion\\\/decepciona-iata-decision-del-gobierno-naim\\\/#primaryimage\"},\"image\":{\"@id\":\"https:\\\/\\\/centrourbano.com\\\/revista\\\/construccion\\\/decepciona-iata-decision-del-gobierno-naim\\\/#primaryimage\"},\"thumbnailUrl\":\"https:\\\/\\\/centrourbano.com\\\/revista\\\/wp-content\\\/uploads\\\/NAIM-IATA.jpg\",\"datePublished\":\"2019-03-01T16:00:33+00:00\",\"dateModified\":\"2019-03-01T17:29:56+00:00\",\"description\":\"Hay una crisis de capacidad en la Ciudad de M\u00e9xico y no hay tiempo que perder para encontrar una soluci\u00f3n: advierte la IATA\",\"breadcrumb\":{\"@id\":\"https:\\\/\\\/centrourbano.com\\\/revista\\\/construccion\\\/decepciona-iata-decision-del-gobierno-naim\\\/#breadcrumb\"},\"inLanguage\":\"es\",\"potentialAction\":[{\"@type\":\"ReadAction\",\"target\":[\"https:\\\/\\\/centrourbano.com\\\/revista\\\/construccion\\\/decepciona-iata-decision-del-gobierno-naim\\\/\"]}]},{\"@type\":\"ImageObject\",\"inLanguage\":\"es\",\"@id\":\"https:\\\/\\\/centrourbano.com\\\/revista\\\/construccion\\\/decepciona-iata-decision-del-gobierno-naim\\\/#primaryimage\",\"url\":\"https:\\\/\\\/centrourbano.com\\\/revista\\\/wp-content\\\/uploads\\\/NAIM-IATA.jpg\",\"contentUrl\":\"https:\\\/\\\/centrourbano.com\\\/revista\\\/wp-content\\\/uploads\\\/NAIM-IATA.jpg\",\"width\":1707,\"height\":899,\"caption\":\"Hay una crisis de capacidad en la Ciudad de M\u00e9xico y no hay tiempo que perder para encontrar una soluci\u00f3n: advierte la IATA\"},{\"@type\":\"BreadcrumbList\",\"@id\":\"https:\\\/\\\/centrourbano.com\\\/revista\\\/construccion\\\/decepciona-iata-decision-del-gobierno-naim\\\/#breadcrumb\",\"itemListElement\":[{\"@type\":\"ListItem\",\"position\":1,\"name\":\"Portada\",\"item\":\"https:\\\/\\\/centrourbano.com\\\/revista\\\/\"},{\"@type\":\"ListItem\",\"position\":2,\"name\":\"Decepciona a IATA decisi\u00f3n del gobierno sobre el NAIM\"}]},{\"@type\":\"WebSite\",\"@id\":\"https:\\\/\\\/centrourbano.com\\\/revista\\\/#website\",\"url\":\"https:\\\/\\\/centrourbano.com\\\/revista\\\/\",\"name\":\"Centro Urbano\",\"description\":\"Medio especializado en los sectores vivienda, inmobiliario, construcci\u00f3n, arquitectura y urbanismo.\",\"publisher\":{\"@id\":\"https:\\\/\\\/centrourbano.com\\\/revista\\\/#organization\"},\"potentialAction\":[{\"@type\":\"SearchAction\",\"target\":{\"@type\":\"EntryPoint\",\"urlTemplate\":\"https:\\\/\\\/centrourbano.com\\\/revista\\\/?s={search_term_string}\"},\"query-input\":{\"@type\":\"PropertyValueSpecification\",\"valueRequired\":true,\"valueName\":\"search_term_string\"}}],\"inLanguage\":\"es\"},{\"@type\":\"Organization\",\"@id\":\"https:\\\/\\\/centrourbano.com\\\/revista\\\/#organization\",\"name\":\"Centro Urbano\",\"url\":\"https:\\\/\\\/centrourbano.com\\\/revista\\\/\",\"logo\":{\"@type\":\"ImageObject\",\"inLanguage\":\"es\",\"@id\":\"https:\\\/\\\/centrourbano.com\\\/revista\\\/#\\\/schema\\\/logo\\\/image\\\/\",\"url\":\"https:\\\/\\\/centrourbano.com\\\/revista\\\/wp-content\\\/uploads\\\/web_CU_logo-1.png\",\"contentUrl\":\"https:\\\/\\\/centrourbano.com\\\/revista\\\/wp-content\\\/uploads\\\/web_CU_logo-1.png\",\"width\":350,\"height\":91,\"caption\":\"Centro Urbano\"},\"image\":{\"@id\":\"https:\\\/\\\/centrourbano.com\\\/revista\\\/#\\\/schema\\\/logo\\\/image\\\/\"},\"sameAs\":[\"https:\\\/\\\/www.facebook.com\\\/portalcentrourbano\",\"https:\\\/\\\/x.com\\\/CentroUrbano\",\"https:\\\/\\\/www.instagram.com\\\/centro_urbano\\\/\",\"https:\\\/\\\/www.linkedin.com\\\/company\\\/centro-urbano\\\/\",\"http:\\\/\\\/www.youtube.com\\\/user\\\/portalcentrourbano\"]},{\"@type\":\"Person\",\"@id\":\"https:\\\/\\\/centrourbano.com\\\/revista\\\/#\\\/schema\\\/person\\\/515c32d01ece40d20a7ed3fdf34051af\",\"name\":\"Fernando Navarrete\",\"image\":{\"@type\":\"ImageObject\",\"inLanguage\":\"es\",\"@id\":\"https:\\\/\\\/secure.gravatar.com\\\/avatar\\\/f4dd6927a99e72698473e350e20ec8a38bd48cb668e15b03d04e8e537da41ad0?s=96&d=mm&r=g\",\"url\":\"https:\\\/\\\/secure.gravatar.com\\\/avatar\\\/f4dd6927a99e72698473e350e20ec8a38bd48cb668e15b03d04e8e537da41ad0?s=96&d=mm&r=g\",\"contentUrl\":\"https:\\\/\\\/secure.gravatar.com\\\/avatar\\\/f4dd6927a99e72698473e350e20ec8a38bd48cb668e15b03d04e8e537da41ad0?s=96&d=mm&r=g\",\"caption\":\"Fernando Navarrete\"},\"description\":\"Reportero de negocios, inmobiliario, construcci\u00f3n e industria. Me interesa la econom\u00eda, pol\u00edtica, historia y antropolog\u00eda. Estudi\u00e9 en la Facultad de Ciencias Pol\u00edticas y Sociales de la UNAM. Tengo experiencia en el sector p\u00fablico, la industria del acero, ingenier\u00eda civil, IT y corporativos; soy un nost\u00e1lgico nacionalista contempor\u00e1neo que cree en la grandeza de su pa\u00eds. Asiduo lector de Juan Rulfo, Jos\u00e9 Revueltas y J. R. R Tolkien.\",\"url\":\"https:\\\/\\\/centrourbano.com\\\/revista\\\/author\\\/fernando-navarrete\\\/\"}]}<\/script>\n<!-- \/ Yoast SEO plugin. -->","yoast_head_json":{"title":"Decepciona a IATA decisi\u00f3n del gobierno sobre el NAIM","description":"Hay una crisis de capacidad en la Ciudad de M\u00e9xico y no hay tiempo que perder para encontrar una soluci\u00f3n: advierte la IATA","robots":{"index":"index","follow":"follow","max-snippet":"max-snippet:-1","max-image-preview":"max-image-preview:large","max-video-preview":"max-video-preview:-1"},"canonical":"https:\/\/centrourbano.com\/revista\/construccion\/decepciona-iata-decision-del-gobierno-naim\/","og_locale":"es_ES","og_type":"article","og_title":"Decepciona a IATA decisi\u00f3n del gobierno sobre el NAIM","og_description":"Hay una crisis de capacidad en la Ciudad de M\u00e9xico y no hay tiempo que perder para encontrar una soluci\u00f3n: advierte la IATA","og_url":"https:\/\/centrourbano.com\/revista\/construccion\/decepciona-iata-decision-del-gobierno-naim\/","og_site_name":"Centro Urbano","article_publisher":"https:\/\/www.facebook.com\/portalcentrourbano","article_published_time":"2019-03-01T16:00:33+00:00","article_modified_time":"2019-03-01T17:29:56+00:00","og_image":[{"width":1707,"height":899,"url":"https:\/\/centrourbano.com\/revista\/wp-content\/uploads\/NAIM-IATA.jpg","type":"image\/jpeg"}],"author":"Fernando Navarrete","twitter_card":"summary_large_image","twitter_creator":"@CentroUrbano","twitter_site":"@CentroUrbano","twitter_misc":{"Escrito por":"Fernando Navarrete","Tiempo de lectura":"2 minutos"},"schema":{"@context":"https:\/\/schema.org","@graph":[{"@type":"Article","@id":"https:\/\/centrourbano.com\/revista\/construccion\/decepciona-iata-decision-del-gobierno-naim\/#article","isPartOf":{"@id":"https:\/\/centrourbano.com\/revista\/construccion\/decepciona-iata-decision-del-gobierno-naim\/"},"author":{"name":"Fernando Navarrete","@id":"https:\/\/centrourbano.com\/revista\/#\/schema\/person\/515c32d01ece40d20a7ed3fdf34051af"},"headline":"Decepciona a IATA decisi\u00f3n del gobierno sobre el NAIM","datePublished":"2019-03-01T16:00:33+00:00","dateModified":"2019-03-01T17:29:56+00:00","mainEntityOfPage":{"@id":"https:\/\/centrourbano.com\/revista\/construccion\/decepciona-iata-decision-del-gobierno-naim\/"},"wordCount":424,"commentCount":0,"publisher":{"@id":"https:\/\/centrourbano.com\/revista\/#organization"},"image":{"@id":"https:\/\/centrourbano.com\/revista\/construccion\/decepciona-iata-decision-del-gobierno-naim\/#primaryimage"},"thumbnailUrl":"https:\/\/centrourbano.com\/revista\/wp-content\/uploads\/NAIM-IATA.jpg","keywords":["IATA","NAIM","SCT"],"articleSection":["Construcci\u00f3n"],"inLanguage":"es","potentialAction":[{"@type":"CommentAction","name":"Comment","target":["https:\/\/centrourbano.com\/revista\/construccion\/decepciona-iata-decision-del-gobierno-naim\/#respond"]}]},{"@type":"WebPage","@id":"https:\/\/centrourbano.com\/revista\/construccion\/decepciona-iata-decision-del-gobierno-naim\/","url":"https:\/\/centrourbano.com\/revista\/construccion\/decepciona-iata-decision-del-gobierno-naim\/","name":"Decepciona a IATA decisi\u00f3n del gobierno sobre el NAIM","isPartOf":{"@id":"https:\/\/centrourbano.com\/revista\/#website"},"primaryImageOfPage":{"@id":"https:\/\/centrourbano.com\/revista\/construccion\/decepciona-iata-decision-del-gobierno-naim\/#primaryimage"},"image":{"@id":"https:\/\/centrourbano.com\/revista\/construccion\/decepciona-iata-decision-del-gobierno-naim\/#primaryimage"},"thumbnailUrl":"https:\/\/centrourbano.com\/revista\/wp-content\/uploads\/NAIM-IATA.jpg","datePublished":"2019-03-01T16:00:33+00:00","dateModified":"2019-03-01T17:29:56+00:00","description":"Hay una crisis de capacidad en la Ciudad de M\u00e9xico y no hay tiempo que perder para encontrar una soluci\u00f3n: advierte la IATA","breadcrumb":{"@id":"https:\/\/centrourbano.com\/revista\/construccion\/decepciona-iata-decision-del-gobierno-naim\/#breadcrumb"},"inLanguage":"es","potentialAction":[{"@type":"ReadAction","target":["https:\/\/centrourbano.com\/revista\/construccion\/decepciona-iata-decision-del-gobierno-naim\/"]}]},{"@type":"ImageObject","inLanguage":"es","@id":"https:\/\/centrourbano.com\/revista\/construccion\/decepciona-iata-decision-del-gobierno-naim\/#primaryimage","url":"https:\/\/centrourbano.com\/revista\/wp-content\/uploads\/NAIM-IATA.jpg","contentUrl":"https:\/\/centrourbano.com\/revista\/wp-content\/uploads\/NAIM-IATA.jpg","width":1707,"height":899,"caption":"Hay una crisis de capacidad en la Ciudad de M\u00e9xico y no hay tiempo que perder para encontrar una soluci\u00f3n: advierte la IATA"},{"@type":"BreadcrumbList","@id":"https:\/\/centrourbano.com\/revista\/construccion\/decepciona-iata-decision-del-gobierno-naim\/#breadcrumb","itemListElement":[{"@type":"ListItem","position":1,"name":"Portada","item":"https:\/\/centrourbano.com\/revista\/"},{"@type":"ListItem","position":2,"name":"Decepciona a IATA decisi\u00f3n del gobierno sobre el NAIM"}]},{"@type":"WebSite","@id":"https:\/\/centrourbano.com\/revista\/#website","url":"https:\/\/centrourbano.com\/revista\/","name":"Centro Urbano","description":"Medio especializado en los sectores vivienda, inmobiliario, construcci\u00f3n, arquitectura y urbanismo.","publisher":{"@id":"https:\/\/centrourbano.com\/revista\/#organization"},"potentialAction":[{"@type":"SearchAction","target":{"@type":"EntryPoint","urlTemplate":"https:\/\/centrourbano.com\/revista\/?s={search_term_string}"},"query-input":{"@type":"PropertyValueSpecification","valueRequired":true,"valueName":"search_term_string"}}],"inLanguage":"es"},{"@type":"Organization","@id":"https:\/\/centrourbano.com\/revista\/#organization","name":"Centro Urbano","url":"https:\/\/centrourbano.com\/revista\/","logo":{"@type":"ImageObject","inLanguage":"es","@id":"https:\/\/centrourbano.com\/revista\/#\/schema\/logo\/image\/","url":"https:\/\/centrourbano.com\/revista\/wp-content\/uploads\/web_CU_logo-1.png","contentUrl":"https:\/\/centrourbano.com\/revista\/wp-content\/uploads\/web_CU_logo-1.png","width":350,"height":91,"caption":"Centro Urbano"},"image":{"@id":"https:\/\/centrourbano.com\/revista\/#\/schema\/logo\/image\/"},"sameAs":["https:\/\/www.facebook.com\/portalcentrourbano","https:\/\/x.com\/CentroUrbano","https:\/\/www.instagram.com\/centro_urbano\/","https:\/\/www.linkedin.com\/company\/centro-urbano\/","http:\/\/www.youtube.com\/user\/portalcentrourbano"]},{"@type":"Person","@id":"https:\/\/centrourbano.com\/revista\/#\/schema\/person\/515c32d01ece40d20a7ed3fdf34051af","name":"Fernando Navarrete","image":{"@type":"ImageObject","inLanguage":"es","@id":"https:\/\/secure.gravatar.com\/avatar\/f4dd6927a99e72698473e350e20ec8a38bd48cb668e15b03d04e8e537da41ad0?s=96&d=mm&r=g","url":"https:\/\/secure.gravatar.com\/avatar\/f4dd6927a99e72698473e350e20ec8a38bd48cb668e15b03d04e8e537da41ad0?s=96&d=mm&r=g","contentUrl":"https:\/\/secure.gravatar.com\/avatar\/f4dd6927a99e72698473e350e20ec8a38bd48cb668e15b03d04e8e537da41ad0?s=96&d=mm&r=g","caption":"Fernando Navarrete"},"description":"Reportero de negocios, inmobiliario, construcci\u00f3n e industria. Me interesa la econom\u00eda, pol\u00edtica, historia y antropolog\u00eda. Estudi\u00e9 en la Facultad de Ciencias Pol\u00edticas y Sociales de la UNAM. Tengo experiencia en el sector p\u00fablico, la industria del acero, ingenier\u00eda civil, IT y corporativos; soy un nost\u00e1lgico nacionalista contempor\u00e1neo que cree en la grandeza de su pa\u00eds. Asiduo lector de Juan Rulfo, Jos\u00e9 Revueltas y J. R. R Tolkien.","url":"https:\/\/centrourbano.com\/revista\/author\/fernando-navarrete\/"}]}},"_links":{"self":[{"href":"https:\/\/centrourbano.com\/revista\/wp-json\/wp\/v2\/posts\/87145","targetHints":{"allow":["GET"]}}],"collection":[{"href":"https:\/\/centrourbano.com\/revista\/wp-json\/wp\/v2\/posts"}],"about":[{"href":"https:\/\/centrourbano.com\/revista\/wp-json\/wp\/v2\/types\/post"}],"author":[{"embeddable":true,"href":"https:\/\/centrourbano.com\/revista\/wp-json\/wp\/v2\/users\/69"}],"replies":[{"embeddable":true,"href":"https:\/\/centrourbano.com\/revista\/wp-json\/wp\/v2\/comments?post=87145"}],"version-history":[{"count":1,"href":"https:\/\/centrourbano.com\/revista\/wp-json\/wp\/v2\/posts\/87145\/revisions"}],"predecessor-version":[{"id":87149,"href":"https:\/\/centrourbano.com\/revista\/wp-json\/wp\/v2\/posts\/87145\/revisions\/87149"}],"wp:featuredmedia":[{"embeddable":true,"href":"https:\/\/centrourbano.com\/revista\/wp-json\/wp\/v2\/media\/87148"}],"wp:attachment":[{"href":"https:\/\/centrourbano.com\/revista\/wp-json\/wp\/v2\/media?parent=87145"}],"wp:term":[{"taxonomy":"category","embeddable":true,"href":"https:\/\/centrourbano.com\/revista\/wp-json\/wp\/v2\/categories?post=87145"},{"taxonomy":"post_tag","embeddable":true,"href":"https:\/\/centrourbano.com\/revista\/wp-json\/wp\/v2\/tags?post=87145"}],"curies":[{"name":"wp","href":"https:\/\/api.w.org\/{rel}","templated":true}]}}