{"id":86579,"date":"2019-02-20T11:16:28","date_gmt":"2019-02-20T17:16:28","guid":{"rendered":"https:\/\/centrourbano.com\/?p=86579"},"modified":"2019-02-20T11:39:51","modified_gmt":"2019-02-20T17:39:51","slug":"recursos-pmu-sedatu","status":"publish","type":"post","link":"https:\/\/centrourbano.com\/revista\/vivienda\/recursos-pmu-sedatu\/","title":{"rendered":"PMU cuenta con recursos suficientes: Sedatu"},"content":{"rendered":"<p><em>Autoridades de Tamaulipas, Sonora y Chihuahua se reunieron con Sedatu para analizar los proyectos a impulsar en el marco del PMU<\/em><!--more--><\/p>\n<p>La ejecuci\u00f3n de los proyectos del <strong>Programa de Mejoramiento Urbano<\/strong> (PMU) estar\u00e1 garantizada, pues, a decir de <strong>Armando Rosales<\/strong>, subsecretario de Desarrollo Urbano y Vivienda de la <strong>Secretar\u00eda de Desarrollo Agrario, Territorial y Urbano<\/strong> (Sedatu), las 15 ciudades elegidas a intervenir contar\u00e1n con los <strong>recursos suficientes<\/strong> para echar a andar las obras.<\/p>\n<p>Al sostener una <strong>reuni\u00f3n<\/strong> entre autoridades de Sedatu y representantes de los gobiernos de <strong>Tamaulipas<\/strong>, <strong>Sonora<\/strong> y <strong>Chihuahua<\/strong>, el funcionario record\u00f3 que el Instituto Polit\u00e9cnico Nacional (IPN) colabor\u00f3 con la elaboraci\u00f3n del diagn\u00f3stico de las ciudades a intervenir. En total, puntualiz\u00f3, el estudio contempl\u00f3 537 colonias que ser\u00e1n atendidas para combatir la marginaci\u00f3n.<\/p>\n<p>El encuentro entre las autoridades estatales y federales tuvo como objetivo <strong>analizar<\/strong> las propuestas de proyectos para definir las obras a impulsar en los municipios fronterizos de San Luis R\u00edo Colorado, Nogales, Matamoros, Reynosa, Nuevo Laredo y Ciudad Ju\u00e1rez.<\/p>\n<p>En la reuni\u00f3n, <strong>Rom\u00e1n Meyer Falc\u00f3n<\/strong>, titular de Sedatu, se\u00f1al\u00f3 que las obras a desarrollar ir\u00e1n acompa\u00f1adas de asesoramiento t\u00e9cnico. Expuso que, entre otros, se plantea la puesta en marcha de <strong>proyectos<\/strong> que involucran, adem\u00e1s de mejora de vivienda, escuelas primarias, jard\u00edn de ni\u00f1os, centros culturales, complejos deportivos, plazas, parques, centros de rehabilitaci\u00f3n, centros comunitarios y la pavimentaci\u00f3n de vialidades.<\/p>\n<p>\u201cQuiero destacar la importancia de que todas estas obras se construyan con el acompa\u00f1amiento t\u00e9cnico debido, para garantizar que los proyectos se realicen con transparencia, calidad, en tiempo y forma\u201d, se\u00f1al\u00f3 el Secretario.<\/p>\n<p>&nbsp;<\/p>\n<p style=\"text-align: center;\"><strong><em>Te podr\u00eda interesar:<\/em><\/strong><a href=\"https:\/\/centrourbano.com\/2019\/02\/19\/junio-sedatu-mejoramiento-urbano\/\" target=\"_blank\" rel=\"noopener noreferrer\"><img loading=\"lazy\" decoding=\"async\" class=\"aligncenter wp-image-86586\" src=\"https:\/\/centrourbano.com\/revista\/wp-content\/uploads\/En-junio_PMU_Nota.jpg\" alt=\"\" width=\"405\" height=\"320\" srcset=\"https:\/\/centrourbano.com\/revista\/wp-content\/uploads\/En-junio_PMU_Nota.jpg 604w, https:\/\/centrourbano.com\/revista\/wp-content\/uploads\/En-junio_PMU_Nota-300x237.jpg 300w\" sizes=\"auto, (max-width: 405px) 100vw, 405px\" \/><\/a><\/p>\n","protected":false},"excerpt":{"rendered":"<p>Autoridades de Tamaulipas, Sonora y Chihuahua se reunieron con Sedatu para analizar los proyectos a impulsar en el marco del PMU<\/p>\n","protected":false},"author":77,"featured_media":86580,"comment_status":"open","ping_status":"closed","sticky":false,"template":"","format":"standard","meta":{"inline_featured_image":false,"footnotes":""},"categories":[82,12],"tags":[14355,15120,14661,13493,105],"class_list":["post-86579","post","type-post","status-publish","format-standard","has-post-thumbnail","hentry","category-urbanismo","category-vivienda","tag-armando-rosales","tag-pmu","tag-programa-de-mejoramiento-urbano","tag-roman-meyer-falcon","tag-sedatu"],"yoast_head":"<!-- This site is optimized with the Yoast SEO plugin v28.4 - https:\/\/yoast.com\/product\/yoast-seo-wordpress\/ -->\n<title>Hay recursos suficientes para el Programa de Mejoramiento Urbano: Sedatu<\/title>\n<meta name=\"description\" content=\"La ejecuci\u00f3n de los proyectos del Programa de Mejoramiento Urbano (PMU) estar\u00e1 garantizada, pues, a decir de Armando Rosales...\" \/>\n<meta name=\"robots\" content=\"index, follow, max-snippet:-1, max-image-preview:large, max-video-preview:-1\" \/>\n<link rel=\"canonical\" href=\"https:\/\/centrourbano.com\/revista\/vivienda\/recursos-pmu-sedatu\/\" \/>\n<meta property=\"og:locale\" content=\"es_ES\" \/>\n<meta property=\"og:type\" content=\"article\" \/>\n<meta property=\"og:title\" content=\"Hay recursos suficientes para el Programa de Mejoramiento Urbano: Sedatu\" \/>\n<meta property=\"og:description\" content=\"La ejecuci\u00f3n de los proyectos del Programa de Mejoramiento Urbano (PMU) estar\u00e1 garantizada, pues, a decir de Armando Rosales...\" \/>\n<meta property=\"og:url\" content=\"https:\/\/centrourbano.com\/revista\/vivienda\/recursos-pmu-sedatu\/\" \/>\n<meta property=\"og:site_name\" content=\"Centro Urbano\" \/>\n<meta property=\"article:publisher\" content=\"https:\/\/www.facebook.com\/portalcentrourbano\" \/>\n<meta property=\"article:published_time\" content=\"2019-02-20T17:16:28+00:00\" \/>\n<meta property=\"article:modified_time\" content=\"2019-02-20T17:39:51+00:00\" \/>\n<meta property=\"og:image\" content=\"https:\/\/centrourbano.com\/revista\/wp-content\/uploads\/Reunion-sedatu-PMU_-estados-del-norte-e1550682971538.jpg\" \/>\n\t<meta property=\"og:image:width\" content=\"800\" \/>\n\t<meta property=\"og:image:height\" content=\"533\" \/>\n\t<meta property=\"og:image:type\" content=\"image\/jpeg\" \/>\n<meta name=\"author\" content=\"G4A\" \/>\n<meta name=\"twitter:card\" content=\"summary_large_image\" \/>\n<meta name=\"twitter:creator\" content=\"@CentroUrbano\" \/>\n<meta name=\"twitter:site\" content=\"@CentroUrbano\" \/>\n<meta name=\"twitter:label1\" content=\"Escrito por\" \/>\n\t<meta name=\"twitter:data1\" content=\"G4A\" \/>\n\t<meta name=\"twitter:label2\" content=\"Tiempo de lectura\" \/>\n\t<meta name=\"twitter:data2\" content=\"1 minuto\" \/>\n<script type=\"application\/ld+json\" class=\"yoast-schema-graph\">{\"@context\":\"https:\\\/\\\/schema.org\",\"@graph\":[{\"@type\":\"Article\",\"@id\":\"https:\\\/\\\/centrourbano.com\\\/revista\\\/vivienda\\\/recursos-pmu-sedatu\\\/#article\",\"isPartOf\":{\"@id\":\"https:\\\/\\\/centrourbano.com\\\/revista\\\/vivienda\\\/recursos-pmu-sedatu\\\/\"},\"author\":{\"name\":\"G4A\",\"@id\":\"https:\\\/\\\/centrourbano.com\\\/revista\\\/#\\\/schema\\\/person\\\/370fa0ba2d8dd5bde3fdb8b62ad360aa\"},\"headline\":\"PMU cuenta con recursos suficientes: Sedatu\",\"datePublished\":\"2019-02-20T17:16:28+00:00\",\"dateModified\":\"2019-02-20T17:39:51+00:00\",\"mainEntityOfPage\":{\"@id\":\"https:\\\/\\\/centrourbano.com\\\/revista\\\/vivienda\\\/recursos-pmu-sedatu\\\/\"},\"wordCount\":293,\"commentCount\":0,\"publisher\":{\"@id\":\"https:\\\/\\\/centrourbano.com\\\/revista\\\/#organization\"},\"image\":{\"@id\":\"https:\\\/\\\/centrourbano.com\\\/revista\\\/vivienda\\\/recursos-pmu-sedatu\\\/#primaryimage\"},\"thumbnailUrl\":\"https:\\\/\\\/centrourbano.com\\\/revista\\\/wp-content\\\/uploads\\\/Reunion-sedatu-PMU_-estados-del-norte-e1550682971538.jpg\",\"keywords\":[\"Armando Rosales\",\"PMU\",\"Programa de Mejoramiento Urbano\",\"Rom\u00e1n Meyer Falc\u00f3n\",\"Sedatu\"],\"articleSection\":[\"Urbanismo\",\"Vivienda\"],\"inLanguage\":\"es\"},{\"@type\":\"WebPage\",\"@id\":\"https:\\\/\\\/centrourbano.com\\\/revista\\\/vivienda\\\/recursos-pmu-sedatu\\\/\",\"url\":\"https:\\\/\\\/centrourbano.com\\\/revista\\\/vivienda\\\/recursos-pmu-sedatu\\\/\",\"name\":\"Hay recursos suficientes para el Programa de Mejoramiento Urbano: Sedatu\",\"isPartOf\":{\"@id\":\"https:\\\/\\\/centrourbano.com\\\/revista\\\/#website\"},\"primaryImageOfPage\":{\"@id\":\"https:\\\/\\\/centrourbano.com\\\/revista\\\/vivienda\\\/recursos-pmu-sedatu\\\/#primaryimage\"},\"image\":{\"@id\":\"https:\\\/\\\/centrourbano.com\\\/revista\\\/vivienda\\\/recursos-pmu-sedatu\\\/#primaryimage\"},\"thumbnailUrl\":\"https:\\\/\\\/centrourbano.com\\\/revista\\\/wp-content\\\/uploads\\\/Reunion-sedatu-PMU_-estados-del-norte-e1550682971538.jpg\",\"datePublished\":\"2019-02-20T17:16:28+00:00\",\"dateModified\":\"2019-02-20T17:39:51+00:00\",\"description\":\"La ejecuci\u00f3n de los proyectos del Programa de Mejoramiento Urbano (PMU) estar\u00e1 garantizada, pues, a decir de Armando Rosales...\",\"breadcrumb\":{\"@id\":\"https:\\\/\\\/centrourbano.com\\\/revista\\\/vivienda\\\/recursos-pmu-sedatu\\\/#breadcrumb\"},\"inLanguage\":\"es\",\"potentialAction\":[{\"@type\":\"ReadAction\",\"target\":[\"https:\\\/\\\/centrourbano.com\\\/revista\\\/vivienda\\\/recursos-pmu-sedatu\\\/\"]}]},{\"@type\":\"ImageObject\",\"inLanguage\":\"es\",\"@id\":\"https:\\\/\\\/centrourbano.com\\\/revista\\\/vivienda\\\/recursos-pmu-sedatu\\\/#primaryimage\",\"url\":\"https:\\\/\\\/centrourbano.com\\\/revista\\\/wp-content\\\/uploads\\\/Reunion-sedatu-PMU_-estados-del-norte-e1550682971538.jpg\",\"contentUrl\":\"https:\\\/\\\/centrourbano.com\\\/revista\\\/wp-content\\\/uploads\\\/Reunion-sedatu-PMU_-estados-del-norte-e1550682971538.jpg\",\"width\":800,\"height\":533,\"caption\":\"Autoridades de Tamaulipas, Sonora y Chihuahua se reunieron con Sedatu para analizar los proyectos a impulsar en el marco del PMU\"},{\"@type\":\"BreadcrumbList\",\"@id\":\"https:\\\/\\\/centrourbano.com\\\/revista\\\/vivienda\\\/recursos-pmu-sedatu\\\/#breadcrumb\",\"itemListElement\":[{\"@type\":\"ListItem\",\"position\":1,\"name\":\"Portada\",\"item\":\"https:\\\/\\\/centrourbano.com\\\/revista\\\/\"},{\"@type\":\"ListItem\",\"position\":2,\"name\":\"PMU cuenta con recursos suficientes: Sedatu\"}]},{\"@type\":\"WebSite\",\"@id\":\"https:\\\/\\\/centrourbano.com\\\/revista\\\/#website\",\"url\":\"https:\\\/\\\/centrourbano.com\\\/revista\\\/\",\"name\":\"Centro Urbano\",\"description\":\"Medio especializado en los sectores vivienda, inmobiliario, construcci\u00f3n, arquitectura y urbanismo.\",\"publisher\":{\"@id\":\"https:\\\/\\\/centrourbano.com\\\/revista\\\/#organization\"},\"potentialAction\":[{\"@type\":\"SearchAction\",\"target\":{\"@type\":\"EntryPoint\",\"urlTemplate\":\"https:\\\/\\\/centrourbano.com\\\/revista\\\/?s={search_term_string}\"},\"query-input\":{\"@type\":\"PropertyValueSpecification\",\"valueRequired\":true,\"valueName\":\"search_term_string\"}}],\"inLanguage\":\"es\"},{\"@type\":\"Organization\",\"@id\":\"https:\\\/\\\/centrourbano.com\\\/revista\\\/#organization\",\"name\":\"Centro Urbano\",\"url\":\"https:\\\/\\\/centrourbano.com\\\/revista\\\/\",\"logo\":{\"@type\":\"ImageObject\",\"inLanguage\":\"es\",\"@id\":\"https:\\\/\\\/centrourbano.com\\\/revista\\\/#\\\/schema\\\/logo\\\/image\\\/\",\"url\":\"https:\\\/\\\/centrourbano.com\\\/revista\\\/wp-content\\\/uploads\\\/web_CU_logo-1.png\",\"contentUrl\":\"https:\\\/\\\/centrourbano.com\\\/revista\\\/wp-content\\\/uploads\\\/web_CU_logo-1.png\",\"width\":350,\"height\":91,\"caption\":\"Centro Urbano\"},\"image\":{\"@id\":\"https:\\\/\\\/centrourbano.com\\\/revista\\\/#\\\/schema\\\/logo\\\/image\\\/\"},\"sameAs\":[\"https:\\\/\\\/www.facebook.com\\\/portalcentrourbano\",\"https:\\\/\\\/x.com\\\/CentroUrbano\",\"https:\\\/\\\/www.instagram.com\\\/centro_urbano\\\/\",\"https:\\\/\\\/www.linkedin.com\\\/company\\\/centro-urbano\\\/\",\"http:\\\/\\\/www.youtube.com\\\/user\\\/portalcentrourbano\"]},{\"@type\":\"Person\",\"@id\":\"https:\\\/\\\/centrourbano.com\\\/revista\\\/#\\\/schema\\\/person\\\/370fa0ba2d8dd5bde3fdb8b62ad360aa\",\"name\":\"G4A\",\"image\":{\"@type\":\"ImageObject\",\"inLanguage\":\"es\",\"@id\":\"https:\\\/\\\/secure.gravatar.com\\\/avatar\\\/932a97121b13d5de5bbd8193c6c83d3b92c9eda0f39623607d4280e7a5778d97?s=96&d=mm&r=g\",\"url\":\"https:\\\/\\\/secure.gravatar.com\\\/avatar\\\/932a97121b13d5de5bbd8193c6c83d3b92c9eda0f39623607d4280e7a5778d97?s=96&d=mm&r=g\",\"contentUrl\":\"https:\\\/\\\/secure.gravatar.com\\\/avatar\\\/932a97121b13d5de5bbd8193c6c83d3b92c9eda0f39623607d4280e7a5778d97?s=96&d=mm&r=g\",\"caption\":\"G4A\"},\"url\":\"https:\\\/\\\/centrourbano.com\\\/revista\\\/author\\\/admin-g4a\\\/\"}]}<\/script>\n<!-- \/ Yoast SEO plugin. -->","yoast_head_json":{"title":"Hay recursos suficientes para el Programa de Mejoramiento Urbano: Sedatu","description":"La ejecuci\u00f3n de los proyectos del Programa de Mejoramiento Urbano (PMU) estar\u00e1 garantizada, pues, a decir de Armando Rosales...","robots":{"index":"index","follow":"follow","max-snippet":"max-snippet:-1","max-image-preview":"max-image-preview:large","max-video-preview":"max-video-preview:-1"},"canonical":"https:\/\/centrourbano.com\/revista\/vivienda\/recursos-pmu-sedatu\/","og_locale":"es_ES","og_type":"article","og_title":"Hay recursos suficientes para el Programa de Mejoramiento Urbano: Sedatu","og_description":"La ejecuci\u00f3n de los proyectos del Programa de Mejoramiento Urbano (PMU) estar\u00e1 garantizada, pues, a decir de Armando Rosales...","og_url":"https:\/\/centrourbano.com\/revista\/vivienda\/recursos-pmu-sedatu\/","og_site_name":"Centro Urbano","article_publisher":"https:\/\/www.facebook.com\/portalcentrourbano","article_published_time":"2019-02-20T17:16:28+00:00","article_modified_time":"2019-02-20T17:39:51+00:00","og_image":[{"width":800,"height":533,"url":"https:\/\/centrourbano.com\/revista\/wp-content\/uploads\/Reunion-sedatu-PMU_-estados-del-norte-e1550682971538.jpg","type":"image\/jpeg"}],"author":"G4A","twitter_card":"summary_large_image","twitter_creator":"@CentroUrbano","twitter_site":"@CentroUrbano","twitter_misc":{"Escrito por":"G4A","Tiempo de lectura":"1 minuto"},"schema":{"@context":"https:\/\/schema.org","@graph":[{"@type":"Article","@id":"https:\/\/centrourbano.com\/revista\/vivienda\/recursos-pmu-sedatu\/#article","isPartOf":{"@id":"https:\/\/centrourbano.com\/revista\/vivienda\/recursos-pmu-sedatu\/"},"author":{"name":"G4A","@id":"https:\/\/centrourbano.com\/revista\/#\/schema\/person\/370fa0ba2d8dd5bde3fdb8b62ad360aa"},"headline":"PMU cuenta con recursos suficientes: Sedatu","datePublished":"2019-02-20T17:16:28+00:00","dateModified":"2019-02-20T17:39:51+00:00","mainEntityOfPage":{"@id":"https:\/\/centrourbano.com\/revista\/vivienda\/recursos-pmu-sedatu\/"},"wordCount":293,"commentCount":0,"publisher":{"@id":"https:\/\/centrourbano.com\/revista\/#organization"},"image":{"@id":"https:\/\/centrourbano.com\/revista\/vivienda\/recursos-pmu-sedatu\/#primaryimage"},"thumbnailUrl":"https:\/\/centrourbano.com\/revista\/wp-content\/uploads\/Reunion-sedatu-PMU_-estados-del-norte-e1550682971538.jpg","keywords":["Armando Rosales","PMU","Programa de Mejoramiento Urbano","Rom\u00e1n Meyer Falc\u00f3n","Sedatu"],"articleSection":["Urbanismo","Vivienda"],"inLanguage":"es"},{"@type":"WebPage","@id":"https:\/\/centrourbano.com\/revista\/vivienda\/recursos-pmu-sedatu\/","url":"https:\/\/centrourbano.com\/revista\/vivienda\/recursos-pmu-sedatu\/","name":"Hay recursos suficientes para el Programa de Mejoramiento Urbano: Sedatu","isPartOf":{"@id":"https:\/\/centrourbano.com\/revista\/#website"},"primaryImageOfPage":{"@id":"https:\/\/centrourbano.com\/revista\/vivienda\/recursos-pmu-sedatu\/#primaryimage"},"image":{"@id":"https:\/\/centrourbano.com\/revista\/vivienda\/recursos-pmu-sedatu\/#primaryimage"},"thumbnailUrl":"https:\/\/centrourbano.com\/revista\/wp-content\/uploads\/Reunion-sedatu-PMU_-estados-del-norte-e1550682971538.jpg","datePublished":"2019-02-20T17:16:28+00:00","dateModified":"2019-02-20T17:39:51+00:00","description":"La ejecuci\u00f3n de los proyectos del Programa de Mejoramiento Urbano (PMU) estar\u00e1 garantizada, pues, a decir de Armando Rosales...","breadcrumb":{"@id":"https:\/\/centrourbano.com\/revista\/vivienda\/recursos-pmu-sedatu\/#breadcrumb"},"inLanguage":"es","potentialAction":[{"@type":"ReadAction","target":["https:\/\/centrourbano.com\/revista\/vivienda\/recursos-pmu-sedatu\/"]}]},{"@type":"ImageObject","inLanguage":"es","@id":"https:\/\/centrourbano.com\/revista\/vivienda\/recursos-pmu-sedatu\/#primaryimage","url":"https:\/\/centrourbano.com\/revista\/wp-content\/uploads\/Reunion-sedatu-PMU_-estados-del-norte-e1550682971538.jpg","contentUrl":"https:\/\/centrourbano.com\/revista\/wp-content\/uploads\/Reunion-sedatu-PMU_-estados-del-norte-e1550682971538.jpg","width":800,"height":533,"caption":"Autoridades de Tamaulipas, Sonora y Chihuahua se reunieron con Sedatu para analizar los proyectos a impulsar en el marco del PMU"},{"@type":"BreadcrumbList","@id":"https:\/\/centrourbano.com\/revista\/vivienda\/recursos-pmu-sedatu\/#breadcrumb","itemListElement":[{"@type":"ListItem","position":1,"name":"Portada","item":"https:\/\/centrourbano.com\/revista\/"},{"@type":"ListItem","position":2,"name":"PMU cuenta con recursos suficientes: Sedatu"}]},{"@type":"WebSite","@id":"https:\/\/centrourbano.com\/revista\/#website","url":"https:\/\/centrourbano.com\/revista\/","name":"Centro Urbano","description":"Medio especializado en los sectores vivienda, inmobiliario, construcci\u00f3n, arquitectura y urbanismo.","publisher":{"@id":"https:\/\/centrourbano.com\/revista\/#organization"},"potentialAction":[{"@type":"SearchAction","target":{"@type":"EntryPoint","urlTemplate":"https:\/\/centrourbano.com\/revista\/?s={search_term_string}"},"query-input":{"@type":"PropertyValueSpecification","valueRequired":true,"valueName":"search_term_string"}}],"inLanguage":"es"},{"@type":"Organization","@id":"https:\/\/centrourbano.com\/revista\/#organization","name":"Centro Urbano","url":"https:\/\/centrourbano.com\/revista\/","logo":{"@type":"ImageObject","inLanguage":"es","@id":"https:\/\/centrourbano.com\/revista\/#\/schema\/logo\/image\/","url":"https:\/\/centrourbano.com\/revista\/wp-content\/uploads\/web_CU_logo-1.png","contentUrl":"https:\/\/centrourbano.com\/revista\/wp-content\/uploads\/web_CU_logo-1.png","width":350,"height":91,"caption":"Centro Urbano"},"image":{"@id":"https:\/\/centrourbano.com\/revista\/#\/schema\/logo\/image\/"},"sameAs":["https:\/\/www.facebook.com\/portalcentrourbano","https:\/\/x.com\/CentroUrbano","https:\/\/www.instagram.com\/centro_urbano\/","https:\/\/www.linkedin.com\/company\/centro-urbano\/","http:\/\/www.youtube.com\/user\/portalcentrourbano"]},{"@type":"Person","@id":"https:\/\/centrourbano.com\/revista\/#\/schema\/person\/370fa0ba2d8dd5bde3fdb8b62ad360aa","name":"G4A","image":{"@type":"ImageObject","inLanguage":"es","@id":"https:\/\/secure.gravatar.com\/avatar\/932a97121b13d5de5bbd8193c6c83d3b92c9eda0f39623607d4280e7a5778d97?s=96&d=mm&r=g","url":"https:\/\/secure.gravatar.com\/avatar\/932a97121b13d5de5bbd8193c6c83d3b92c9eda0f39623607d4280e7a5778d97?s=96&d=mm&r=g","contentUrl":"https:\/\/secure.gravatar.com\/avatar\/932a97121b13d5de5bbd8193c6c83d3b92c9eda0f39623607d4280e7a5778d97?s=96&d=mm&r=g","caption":"G4A"},"url":"https:\/\/centrourbano.com\/revista\/author\/admin-g4a\/"}]}},"_links":{"self":[{"href":"https:\/\/centrourbano.com\/revista\/wp-json\/wp\/v2\/posts\/86579","targetHints":{"allow":["GET"]}}],"collection":[{"href":"https:\/\/centrourbano.com\/revista\/wp-json\/wp\/v2\/posts"}],"about":[{"href":"https:\/\/centrourbano.com\/revista\/wp-json\/wp\/v2\/types\/post"}],"author":[{"embeddable":true,"href":"https:\/\/centrourbano.com\/revista\/wp-json\/wp\/v2\/users\/77"}],"replies":[{"embeddable":true,"href":"https:\/\/centrourbano.com\/revista\/wp-json\/wp\/v2\/comments?post=86579"}],"version-history":[{"count":5,"href":"https:\/\/centrourbano.com\/revista\/wp-json\/wp\/v2\/posts\/86579\/revisions"}],"predecessor-version":[{"id":86587,"href":"https:\/\/centrourbano.com\/revista\/wp-json\/wp\/v2\/posts\/86579\/revisions\/86587"}],"wp:featuredmedia":[{"embeddable":true,"href":"https:\/\/centrourbano.com\/revista\/wp-json\/wp\/v2\/media\/86580"}],"wp:attachment":[{"href":"https:\/\/centrourbano.com\/revista\/wp-json\/wp\/v2\/media?parent=86579"}],"wp:term":[{"taxonomy":"category","embeddable":true,"href":"https:\/\/centrourbano.com\/revista\/wp-json\/wp\/v2\/categories?post=86579"},{"taxonomy":"post_tag","embeddable":true,"href":"https:\/\/centrourbano.com\/revista\/wp-json\/wp\/v2\/tags?post=86579"}],"curies":[{"name":"wp","href":"https:\/\/api.w.org\/{rel}","templated":true}]}}