{"id":86406,"date":"2019-02-15T16:30:42","date_gmt":"2019-02-15T22:30:42","guid":{"rendered":"https:\/\/centrourbano.com\/?p=86406"},"modified":"2019-02-15T16:31:12","modified_gmt":"2019-02-15T22:31:12","slug":"piden-autoridades-mejorar-condiciones-proyectos-verdes","status":"publish","type":"post","link":"https:\/\/centrourbano.com\/revista\/vivienda\/piden-autoridades-mejorar-condiciones-proyectos-verdes\/","title":{"rendered":"Piden a autoridades mejorar condiciones para proyectos verdes"},"content":{"rendered":"<p><em>En el tema de tr\u00e1mites hay un \u00e1rea de oportunidad para detonar la construcci\u00f3n de casas verdes, consider\u00f3 Leal Aguirre <\/em><!--more--><\/p>\n<p>En 2019, impulsar una industria de la vivienda verde ser\u00e1 parte de las prioridades, sobre todo para cumplir con las metas en materia de reducci\u00f3n de la huella de carbono. Por ello, a decir de Sergio Leal Aguirre, director general de Vinte, ser\u00e1 importante que los tres \u00f3rdenes de gobierno impulsen esquemas que detonen e incentiven el desarrollo de este tipo de proyectos. <\/p>\n<p>De acuerdo con el empresario, si bien hoy existe la tecnolog\u00eda y herramientas para construir viviendas sustentables, el tema de tramites es uno de los que impiden el desarrollo de este tipo de proyectos. Por lo que, dijo, las autoridades deber\u00e1n trabajar para estrechar lazos con la IP para estimular conjuntos habitacionales verdes. <\/p>\n<p>El empresario, una de las figuras que m\u00e1s ha apostado por el desarrollo de casas sustentables, consider\u00f3 que a la fecha el sector cuenta con esquemas financieros que sirve como palan para la puesta en marcha de fraccionamientos verdes. Sin embargo, insisti\u00f3, se deben crear condiciones para motivar este segmento. <\/p>\n<p>Entre otras cosas, apunt\u00f3, el tema de tr\u00e1mites para proyectos verdes hay un \u00e1rea de oportunidad. Indic\u00f3 que, si otorgan facilidades en este rubro, podr\u00eda existir m\u00e1s inter\u00e9s de la IP para participar en el segmento. <\/p>\n<p>\u201cEs necesario que los gobiernos creen un esquema de incentivos. Por ejemplo, que se entregue m\u00e1s r\u00e1pido la licencia a proyectos que tengan componentes verdes. S\u00ed hay un proceso \u00e1gil, y las autorizaciones se entregan en menor tiempo, hay un \u00e1rea de oportunidad\u201d, dijo. <\/p>\n<p>Leal consider\u00f3 que el orden municipal y estatal debe caminar en la l\u00ednea de impulsar proyectos sustentables. Dijo que en la industria existen muchos desarrolladores deseosos por apostar en este tipo de conjuntos. <\/p>\n<p>\u201cTenemos que cortar la cadena. Hoy contamos con la tecnolog\u00eda y esquemas financieros, pero si los gobiernos no van en sincron\u00eda, se dificulta la labor para el desarrollo\u201d, expuso. <\/p>\n","protected":false},"excerpt":{"rendered":"<p>En el tema de tr\u00e1mites hay un \u00e1rea de oportunidad para detonar la construcci\u00f3n de casas verdes, consider\u00f3 Leal Aguirre<\/p>\n","protected":false},"author":47,"featured_media":38440,"comment_status":"open","ping_status":"closed","sticky":false,"template":"","format":"standard","meta":{"om_disable_all_campaigns":false,"inline_featured_image":false,"_monsterinsights_skip_tracking":false,"_monsterinsights_sitenote_active":false,"_monsterinsights_sitenote_note":"","_monsterinsights_sitenote_category":0,"footnotes":""},"categories":[12],"tags":[15350,14729,6789,165,373,60],"class_list":["post-86406","post","type-post","status-publish","format-standard","has-post-thumbnail","hentry","category-vivienda","tag-incentivos","tag-proyectos-verdes","tag-sergio-leal-aguirre","tag-sustentabilidad","tag-vinte","tag-vivienda-2"],"yoast_head":"<!-- This site is optimized with the Yoast SEO plugin v27.4 - https:\/\/yoast.com\/product\/yoast-seo-wordpress\/ -->\n<title>Piden a autoridades mejorar condiciones para proyectos verdes<\/title>\n<meta name=\"description\" content=\"En 2019, impulsar una industria de la vivienda verde ser\u00e1 parte de las prioridades, sobre todo para cumplir con las metas en materia de reducci\u00f3n de...\" \/>\n<meta name=\"robots\" content=\"index, follow, max-snippet:-1, max-image-preview:large, max-video-preview:-1\" \/>\n<link rel=\"canonical\" href=\"https:\/\/centrourbano.com\/revista\/vivienda\/piden-autoridades-mejorar-condiciones-proyectos-verdes\/\" \/>\n<meta property=\"og:locale\" content=\"es_ES\" \/>\n<meta property=\"og:type\" content=\"article\" \/>\n<meta property=\"og:title\" content=\"Piden a autoridades mejorar condiciones para proyectos verdes\" \/>\n<meta property=\"og:description\" content=\"En 2019, impulsar una industria de la vivienda verde ser\u00e1 parte de las prioridades, sobre todo para cumplir con las metas en materia de reducci\u00f3n de...\" \/>\n<meta property=\"og:url\" content=\"https:\/\/centrourbano.com\/revista\/vivienda\/piden-autoridades-mejorar-condiciones-proyectos-verdes\/\" \/>\n<meta property=\"og:site_name\" content=\"Centro Urbano\" \/>\n<meta property=\"article:publisher\" content=\"https:\/\/www.facebook.com\/portalcentrourbano\" \/>\n<meta property=\"article:published_time\" content=\"2019-02-15T22:30:42+00:00\" \/>\n<meta property=\"article:modified_time\" content=\"2019-02-15T22:31:12+00:00\" \/>\n<meta property=\"og:image\" content=\"https:\/\/centrourbano.com\/revista\/wp-content\/uploads\/hogar-sustentable.jpg\" \/>\n\t<meta property=\"og:image:width\" content=\"675\" \/>\n\t<meta property=\"og:image:height\" content=\"428\" \/>\n\t<meta property=\"og:image:type\" content=\"image\/jpeg\" \/>\n<meta name=\"author\" content=\"Edgar Rosas\" \/>\n<meta name=\"twitter:card\" content=\"summary_large_image\" \/>\n<meta name=\"twitter:creator\" content=\"@https:\/\/twitter.com\/ERosasCU?s=09\" \/>\n<meta name=\"twitter:site\" content=\"@CentroUrbano\" \/>\n<meta name=\"twitter:label1\" content=\"Escrito por\" \/>\n\t<meta name=\"twitter:data1\" content=\"Edgar Rosas\" \/>\n\t<meta name=\"twitter:label2\" content=\"Tiempo de lectura\" \/>\n\t<meta name=\"twitter:data2\" content=\"2 minutos\" \/>\n<script type=\"application\/ld+json\" class=\"yoast-schema-graph\">{\"@context\":\"https:\\\/\\\/schema.org\",\"@graph\":[{\"@type\":\"Article\",\"@id\":\"https:\\\/\\\/centrourbano.com\\\/revista\\\/vivienda\\\/piden-autoridades-mejorar-condiciones-proyectos-verdes\\\/#article\",\"isPartOf\":{\"@id\":\"https:\\\/\\\/centrourbano.com\\\/revista\\\/vivienda\\\/piden-autoridades-mejorar-condiciones-proyectos-verdes\\\/\"},\"author\":{\"name\":\"Edgar Rosas\",\"@id\":\"https:\\\/\\\/centrourbano.com\\\/revista\\\/#\\\/schema\\\/person\\\/ff3c00651ce5b1630479d2cd0c2e3ac0\"},\"headline\":\"Piden a autoridades mejorar condiciones para proyectos verdes\",\"datePublished\":\"2019-02-15T22:30:42+00:00\",\"dateModified\":\"2019-02-15T22:31:12+00:00\",\"mainEntityOfPage\":{\"@id\":\"https:\\\/\\\/centrourbano.com\\\/revista\\\/vivienda\\\/piden-autoridades-mejorar-condiciones-proyectos-verdes\\\/\"},\"wordCount\":350,\"commentCount\":0,\"publisher\":{\"@id\":\"https:\\\/\\\/centrourbano.com\\\/revista\\\/#organization\"},\"image\":{\"@id\":\"https:\\\/\\\/centrourbano.com\\\/revista\\\/vivienda\\\/piden-autoridades-mejorar-condiciones-proyectos-verdes\\\/#primaryimage\"},\"thumbnailUrl\":\"https:\\\/\\\/centrourbano.com\\\/revista\\\/wp-content\\\/uploads\\\/hogar-sustentable.jpg\",\"keywords\":[\"incentivos\",\"Proyectos verdes\",\"Sergio Leal Aguirre\",\"sustentabilidad\",\"Vinte\",\"vivienda\"],\"articleSection\":[\"Vivienda\"],\"inLanguage\":\"es\",\"potentialAction\":[{\"@type\":\"CommentAction\",\"name\":\"Comment\",\"target\":[\"https:\\\/\\\/centrourbano.com\\\/revista\\\/vivienda\\\/piden-autoridades-mejorar-condiciones-proyectos-verdes\\\/#respond\"]}]},{\"@type\":\"WebPage\",\"@id\":\"https:\\\/\\\/centrourbano.com\\\/revista\\\/vivienda\\\/piden-autoridades-mejorar-condiciones-proyectos-verdes\\\/\",\"url\":\"https:\\\/\\\/centrourbano.com\\\/revista\\\/vivienda\\\/piden-autoridades-mejorar-condiciones-proyectos-verdes\\\/\",\"name\":\"Piden a autoridades mejorar condiciones para proyectos verdes\",\"isPartOf\":{\"@id\":\"https:\\\/\\\/centrourbano.com\\\/revista\\\/#website\"},\"primaryImageOfPage\":{\"@id\":\"https:\\\/\\\/centrourbano.com\\\/revista\\\/vivienda\\\/piden-autoridades-mejorar-condiciones-proyectos-verdes\\\/#primaryimage\"},\"image\":{\"@id\":\"https:\\\/\\\/centrourbano.com\\\/revista\\\/vivienda\\\/piden-autoridades-mejorar-condiciones-proyectos-verdes\\\/#primaryimage\"},\"thumbnailUrl\":\"https:\\\/\\\/centrourbano.com\\\/revista\\\/wp-content\\\/uploads\\\/hogar-sustentable.jpg\",\"datePublished\":\"2019-02-15T22:30:42+00:00\",\"dateModified\":\"2019-02-15T22:31:12+00:00\",\"description\":\"En 2019, impulsar una industria de la vivienda verde ser\u00e1 parte de las prioridades, sobre todo para cumplir con las metas en materia de reducci\u00f3n de...\",\"breadcrumb\":{\"@id\":\"https:\\\/\\\/centrourbano.com\\\/revista\\\/vivienda\\\/piden-autoridades-mejorar-condiciones-proyectos-verdes\\\/#breadcrumb\"},\"inLanguage\":\"es\",\"potentialAction\":[{\"@type\":\"ReadAction\",\"target\":[\"https:\\\/\\\/centrourbano.com\\\/revista\\\/vivienda\\\/piden-autoridades-mejorar-condiciones-proyectos-verdes\\\/\"]}]},{\"@type\":\"ImageObject\",\"inLanguage\":\"es\",\"@id\":\"https:\\\/\\\/centrourbano.com\\\/revista\\\/vivienda\\\/piden-autoridades-mejorar-condiciones-proyectos-verdes\\\/#primaryimage\",\"url\":\"https:\\\/\\\/centrourbano.com\\\/revista\\\/wp-content\\\/uploads\\\/hogar-sustentable.jpg\",\"contentUrl\":\"https:\\\/\\\/centrourbano.com\\\/revista\\\/wp-content\\\/uploads\\\/hogar-sustentable.jpg\",\"width\":675,\"height\":428,\"caption\":\"El coordinador de los diputados del Partido Verde Ecologista de M\u00e9xico en la Asamblea Legislativa explic\u00f3 que una vivienda sustentable permitir\u00eda el ahorro y reutilizaci\u00f3n del agua, ya sea de lluvia o del drenaje.\"},{\"@type\":\"BreadcrumbList\",\"@id\":\"https:\\\/\\\/centrourbano.com\\\/revista\\\/vivienda\\\/piden-autoridades-mejorar-condiciones-proyectos-verdes\\\/#breadcrumb\",\"itemListElement\":[{\"@type\":\"ListItem\",\"position\":1,\"name\":\"Portada\",\"item\":\"https:\\\/\\\/centrourbano.com\\\/revista\\\/\"},{\"@type\":\"ListItem\",\"position\":2,\"name\":\"Piden a autoridades mejorar condiciones para proyectos verdes\"}]},{\"@type\":\"WebSite\",\"@id\":\"https:\\\/\\\/centrourbano.com\\\/revista\\\/#website\",\"url\":\"https:\\\/\\\/centrourbano.com\\\/revista\\\/\",\"name\":\"Centro Urbano\",\"description\":\"Medio especializado en los sectores vivienda, inmobiliario, construcci\u00f3n, arquitectura y urbanismo.\",\"publisher\":{\"@id\":\"https:\\\/\\\/centrourbano.com\\\/revista\\\/#organization\"},\"potentialAction\":[{\"@type\":\"SearchAction\",\"target\":{\"@type\":\"EntryPoint\",\"urlTemplate\":\"https:\\\/\\\/centrourbano.com\\\/revista\\\/?s={search_term_string}\"},\"query-input\":{\"@type\":\"PropertyValueSpecification\",\"valueRequired\":true,\"valueName\":\"search_term_string\"}}],\"inLanguage\":\"es\"},{\"@type\":\"Organization\",\"@id\":\"https:\\\/\\\/centrourbano.com\\\/revista\\\/#organization\",\"name\":\"Centro Urbano\",\"url\":\"https:\\\/\\\/centrourbano.com\\\/revista\\\/\",\"logo\":{\"@type\":\"ImageObject\",\"inLanguage\":\"es\",\"@id\":\"https:\\\/\\\/centrourbano.com\\\/revista\\\/#\\\/schema\\\/logo\\\/image\\\/\",\"url\":\"https:\\\/\\\/centrourbano.com\\\/revista\\\/wp-content\\\/uploads\\\/web_CU_logo-1.png\",\"contentUrl\":\"https:\\\/\\\/centrourbano.com\\\/revista\\\/wp-content\\\/uploads\\\/web_CU_logo-1.png\",\"width\":350,\"height\":91,\"caption\":\"Centro Urbano\"},\"image\":{\"@id\":\"https:\\\/\\\/centrourbano.com\\\/revista\\\/#\\\/schema\\\/logo\\\/image\\\/\"},\"sameAs\":[\"https:\\\/\\\/www.facebook.com\\\/portalcentrourbano\",\"https:\\\/\\\/x.com\\\/CentroUrbano\",\"https:\\\/\\\/www.instagram.com\\\/centro_urbano\\\/\",\"https:\\\/\\\/www.linkedin.com\\\/company\\\/centro-urbano\\\/\",\"http:\\\/\\\/www.youtube.com\\\/user\\\/portalcentrourbano\"]},{\"@type\":\"Person\",\"@id\":\"https:\\\/\\\/centrourbano.com\\\/revista\\\/#\\\/schema\\\/person\\\/ff3c00651ce5b1630479d2cd0c2e3ac0\",\"name\":\"Edgar Rosas\",\"image\":{\"@type\":\"ImageObject\",\"inLanguage\":\"es\",\"@id\":\"https:\\\/\\\/secure.gravatar.com\\\/avatar\\\/94440c4283495211faa5300bf85e80061036b83fced868c3783aa1310b350d9c?s=96&d=mm&r=g\",\"url\":\"https:\\\/\\\/secure.gravatar.com\\\/avatar\\\/94440c4283495211faa5300bf85e80061036b83fced868c3783aa1310b350d9c?s=96&d=mm&r=g\",\"contentUrl\":\"https:\\\/\\\/secure.gravatar.com\\\/avatar\\\/94440c4283495211faa5300bf85e80061036b83fced868c3783aa1310b350d9c?s=96&d=mm&r=g\",\"caption\":\"Edgar Rosas\"},\"description\":\"Editor en Jefe de Centro Urbano. Egresado de la maestr\u00eda en Periodismo Pol\u00edtico de la Escuela de Periodismo Carlos Septi\u00e9n Garc\u00eda (EPCSG). Estudi\u00f3 la licenciatura en Comunicaci\u00f3n en la Universidad Mexicana. Amante de la cr\u00f3nica y el reportaje. Admirador de Vicente Le\u00f1ero y Miguel \u00c1ngel Granados Chapa.\",\"sameAs\":[\"https:\\\/\\\/x.com\\\/https:\\\/\\\/twitter.com\\\/ERosasCU?s=09\"],\"url\":\"https:\\\/\\\/centrourbano.com\\\/revista\\\/author\\\/edgar-rosas\\\/\"}]}<\/script>\n<!-- \/ Yoast SEO plugin. -->","yoast_head_json":{"title":"Piden a autoridades mejorar condiciones para proyectos verdes","description":"En 2019, impulsar una industria de la vivienda verde ser\u00e1 parte de las prioridades, sobre todo para cumplir con las metas en materia de reducci\u00f3n de...","robots":{"index":"index","follow":"follow","max-snippet":"max-snippet:-1","max-image-preview":"max-image-preview:large","max-video-preview":"max-video-preview:-1"},"canonical":"https:\/\/centrourbano.com\/revista\/vivienda\/piden-autoridades-mejorar-condiciones-proyectos-verdes\/","og_locale":"es_ES","og_type":"article","og_title":"Piden a autoridades mejorar condiciones para proyectos verdes","og_description":"En 2019, impulsar una industria de la vivienda verde ser\u00e1 parte de las prioridades, sobre todo para cumplir con las metas en materia de reducci\u00f3n de...","og_url":"https:\/\/centrourbano.com\/revista\/vivienda\/piden-autoridades-mejorar-condiciones-proyectos-verdes\/","og_site_name":"Centro Urbano","article_publisher":"https:\/\/www.facebook.com\/portalcentrourbano","article_published_time":"2019-02-15T22:30:42+00:00","article_modified_time":"2019-02-15T22:31:12+00:00","og_image":[{"width":675,"height":428,"url":"https:\/\/centrourbano.com\/revista\/wp-content\/uploads\/hogar-sustentable.jpg","type":"image\/jpeg"}],"author":"Edgar Rosas","twitter_card":"summary_large_image","twitter_creator":"@https:\/\/twitter.com\/ERosasCU?s=09","twitter_site":"@CentroUrbano","twitter_misc":{"Escrito por":"Edgar Rosas","Tiempo de lectura":"2 minutos"},"schema":{"@context":"https:\/\/schema.org","@graph":[{"@type":"Article","@id":"https:\/\/centrourbano.com\/revista\/vivienda\/piden-autoridades-mejorar-condiciones-proyectos-verdes\/#article","isPartOf":{"@id":"https:\/\/centrourbano.com\/revista\/vivienda\/piden-autoridades-mejorar-condiciones-proyectos-verdes\/"},"author":{"name":"Edgar Rosas","@id":"https:\/\/centrourbano.com\/revista\/#\/schema\/person\/ff3c00651ce5b1630479d2cd0c2e3ac0"},"headline":"Piden a autoridades mejorar condiciones para proyectos verdes","datePublished":"2019-02-15T22:30:42+00:00","dateModified":"2019-02-15T22:31:12+00:00","mainEntityOfPage":{"@id":"https:\/\/centrourbano.com\/revista\/vivienda\/piden-autoridades-mejorar-condiciones-proyectos-verdes\/"},"wordCount":350,"commentCount":0,"publisher":{"@id":"https:\/\/centrourbano.com\/revista\/#organization"},"image":{"@id":"https:\/\/centrourbano.com\/revista\/vivienda\/piden-autoridades-mejorar-condiciones-proyectos-verdes\/#primaryimage"},"thumbnailUrl":"https:\/\/centrourbano.com\/revista\/wp-content\/uploads\/hogar-sustentable.jpg","keywords":["incentivos","Proyectos verdes","Sergio Leal Aguirre","sustentabilidad","Vinte","vivienda"],"articleSection":["Vivienda"],"inLanguage":"es","potentialAction":[{"@type":"CommentAction","name":"Comment","target":["https:\/\/centrourbano.com\/revista\/vivienda\/piden-autoridades-mejorar-condiciones-proyectos-verdes\/#respond"]}]},{"@type":"WebPage","@id":"https:\/\/centrourbano.com\/revista\/vivienda\/piden-autoridades-mejorar-condiciones-proyectos-verdes\/","url":"https:\/\/centrourbano.com\/revista\/vivienda\/piden-autoridades-mejorar-condiciones-proyectos-verdes\/","name":"Piden a autoridades mejorar condiciones para proyectos verdes","isPartOf":{"@id":"https:\/\/centrourbano.com\/revista\/#website"},"primaryImageOfPage":{"@id":"https:\/\/centrourbano.com\/revista\/vivienda\/piden-autoridades-mejorar-condiciones-proyectos-verdes\/#primaryimage"},"image":{"@id":"https:\/\/centrourbano.com\/revista\/vivienda\/piden-autoridades-mejorar-condiciones-proyectos-verdes\/#primaryimage"},"thumbnailUrl":"https:\/\/centrourbano.com\/revista\/wp-content\/uploads\/hogar-sustentable.jpg","datePublished":"2019-02-15T22:30:42+00:00","dateModified":"2019-02-15T22:31:12+00:00","description":"En 2019, impulsar una industria de la vivienda verde ser\u00e1 parte de las prioridades, sobre todo para cumplir con las metas en materia de reducci\u00f3n de...","breadcrumb":{"@id":"https:\/\/centrourbano.com\/revista\/vivienda\/piden-autoridades-mejorar-condiciones-proyectos-verdes\/#breadcrumb"},"inLanguage":"es","potentialAction":[{"@type":"ReadAction","target":["https:\/\/centrourbano.com\/revista\/vivienda\/piden-autoridades-mejorar-condiciones-proyectos-verdes\/"]}]},{"@type":"ImageObject","inLanguage":"es","@id":"https:\/\/centrourbano.com\/revista\/vivienda\/piden-autoridades-mejorar-condiciones-proyectos-verdes\/#primaryimage","url":"https:\/\/centrourbano.com\/revista\/wp-content\/uploads\/hogar-sustentable.jpg","contentUrl":"https:\/\/centrourbano.com\/revista\/wp-content\/uploads\/hogar-sustentable.jpg","width":675,"height":428,"caption":"El coordinador de los diputados del Partido Verde Ecologista de M\u00e9xico en la Asamblea Legislativa explic\u00f3 que una vivienda sustentable permitir\u00eda el ahorro y reutilizaci\u00f3n del agua, ya sea de lluvia o del drenaje."},{"@type":"BreadcrumbList","@id":"https:\/\/centrourbano.com\/revista\/vivienda\/piden-autoridades-mejorar-condiciones-proyectos-verdes\/#breadcrumb","itemListElement":[{"@type":"ListItem","position":1,"name":"Portada","item":"https:\/\/centrourbano.com\/revista\/"},{"@type":"ListItem","position":2,"name":"Piden a autoridades mejorar condiciones para proyectos verdes"}]},{"@type":"WebSite","@id":"https:\/\/centrourbano.com\/revista\/#website","url":"https:\/\/centrourbano.com\/revista\/","name":"Centro Urbano","description":"Medio especializado en los sectores vivienda, inmobiliario, construcci\u00f3n, arquitectura y urbanismo.","publisher":{"@id":"https:\/\/centrourbano.com\/revista\/#organization"},"potentialAction":[{"@type":"SearchAction","target":{"@type":"EntryPoint","urlTemplate":"https:\/\/centrourbano.com\/revista\/?s={search_term_string}"},"query-input":{"@type":"PropertyValueSpecification","valueRequired":true,"valueName":"search_term_string"}}],"inLanguage":"es"},{"@type":"Organization","@id":"https:\/\/centrourbano.com\/revista\/#organization","name":"Centro Urbano","url":"https:\/\/centrourbano.com\/revista\/","logo":{"@type":"ImageObject","inLanguage":"es","@id":"https:\/\/centrourbano.com\/revista\/#\/schema\/logo\/image\/","url":"https:\/\/centrourbano.com\/revista\/wp-content\/uploads\/web_CU_logo-1.png","contentUrl":"https:\/\/centrourbano.com\/revista\/wp-content\/uploads\/web_CU_logo-1.png","width":350,"height":91,"caption":"Centro Urbano"},"image":{"@id":"https:\/\/centrourbano.com\/revista\/#\/schema\/logo\/image\/"},"sameAs":["https:\/\/www.facebook.com\/portalcentrourbano","https:\/\/x.com\/CentroUrbano","https:\/\/www.instagram.com\/centro_urbano\/","https:\/\/www.linkedin.com\/company\/centro-urbano\/","http:\/\/www.youtube.com\/user\/portalcentrourbano"]},{"@type":"Person","@id":"https:\/\/centrourbano.com\/revista\/#\/schema\/person\/ff3c00651ce5b1630479d2cd0c2e3ac0","name":"Edgar Rosas","image":{"@type":"ImageObject","inLanguage":"es","@id":"https:\/\/secure.gravatar.com\/avatar\/94440c4283495211faa5300bf85e80061036b83fced868c3783aa1310b350d9c?s=96&d=mm&r=g","url":"https:\/\/secure.gravatar.com\/avatar\/94440c4283495211faa5300bf85e80061036b83fced868c3783aa1310b350d9c?s=96&d=mm&r=g","contentUrl":"https:\/\/secure.gravatar.com\/avatar\/94440c4283495211faa5300bf85e80061036b83fced868c3783aa1310b350d9c?s=96&d=mm&r=g","caption":"Edgar Rosas"},"description":"Editor en Jefe de Centro Urbano. Egresado de la maestr\u00eda en Periodismo Pol\u00edtico de la Escuela de Periodismo Carlos Septi\u00e9n Garc\u00eda (EPCSG). Estudi\u00f3 la licenciatura en Comunicaci\u00f3n en la Universidad Mexicana. Amante de la cr\u00f3nica y el reportaje. Admirador de Vicente Le\u00f1ero y Miguel \u00c1ngel Granados Chapa.","sameAs":["https:\/\/x.com\/https:\/\/twitter.com\/ERosasCU?s=09"],"url":"https:\/\/centrourbano.com\/revista\/author\/edgar-rosas\/"}]}},"_links":{"self":[{"href":"https:\/\/centrourbano.com\/revista\/wp-json\/wp\/v2\/posts\/86406","targetHints":{"allow":["GET"]}}],"collection":[{"href":"https:\/\/centrourbano.com\/revista\/wp-json\/wp\/v2\/posts"}],"about":[{"href":"https:\/\/centrourbano.com\/revista\/wp-json\/wp\/v2\/types\/post"}],"author":[{"embeddable":true,"href":"https:\/\/centrourbano.com\/revista\/wp-json\/wp\/v2\/users\/47"}],"replies":[{"embeddable":true,"href":"https:\/\/centrourbano.com\/revista\/wp-json\/wp\/v2\/comments?post=86406"}],"version-history":[{"count":2,"href":"https:\/\/centrourbano.com\/revista\/wp-json\/wp\/v2\/posts\/86406\/revisions"}],"predecessor-version":[{"id":86408,"href":"https:\/\/centrourbano.com\/revista\/wp-json\/wp\/v2\/posts\/86406\/revisions\/86408"}],"wp:featuredmedia":[{"embeddable":true,"href":"https:\/\/centrourbano.com\/revista\/wp-json\/wp\/v2\/media\/38440"}],"wp:attachment":[{"href":"https:\/\/centrourbano.com\/revista\/wp-json\/wp\/v2\/media?parent=86406"}],"wp:term":[{"taxonomy":"category","embeddable":true,"href":"https:\/\/centrourbano.com\/revista\/wp-json\/wp\/v2\/categories?post=86406"},{"taxonomy":"post_tag","embeddable":true,"href":"https:\/\/centrourbano.com\/revista\/wp-json\/wp\/v2\/tags?post=86406"}],"curies":[{"name":"wp","href":"https:\/\/api.w.org\/{rel}","templated":true}]}}