{"id":86395,"date":"2019-02-15T15:35:23","date_gmt":"2019-02-15T21:35:23","guid":{"rendered":"https:\/\/centrourbano.com\/?p=86395"},"modified":"2019-02-15T16:32:59","modified_gmt":"2019-02-15T22:32:59","slug":"regeneracion-vivienda-abandonada","status":"publish","type":"post","link":"https:\/\/centrourbano.com\/revista\/opinion\/blog-desde-el-terreno\/regeneracion-vivienda-abandonada\/","title":{"rendered":"Regeneraci\u00f3n, el camino para atender la vivienda abandonada"},"content":{"rendered":"<p>El concepto de <strong>regeneraci\u00f3n urbana<\/strong> y <strong>recuperaci\u00f3n del entorno<\/strong> ha sido protagonista en \u00faltimas semanas. Tanto Sedatu como Infonavit han insistido en el tema como una soluci\u00f3n en el marco de atenci\u00f3n del fen\u00f3meno de la <strong>vivienda abandonada<\/strong>.<\/p>\n<p>Y es que, en t\u00e9rminos generales, las autoridades coinciden en el diagn\u00f3stico: la vivienda abandonada es resultado de conjuntos urbanos <strong>mal localizados<\/strong>, carentes de <strong>servicios<\/strong> e <strong>infraestructura<\/strong>, que han ca\u00eddo en una l\u00f3gica de <strong>deterioro<\/strong> en diversos rubros <a href=\"https:\/\/centrourbano.com\/revista\/wp-content\/uploads\/vivienda-abandonada.jpg\" target=\"_blank\" rel=\"noopener noreferrer\"><img loading=\"lazy\" decoding=\"async\" class=\"alignright wp-image-12407\" src=\"https:\/\/centrourbano.com\/revista\/wp-content\/uploads\/vivienda-abandonada.jpg\" alt=\"\" width=\"350\" height=\"250\" srcset=\"https:\/\/centrourbano.com\/revista\/wp-content\/uploads\/vivienda-abandonada.jpg 600w, https:\/\/centrourbano.com\/revista\/wp-content\/uploads\/vivienda-abandonada-300x214.jpg 300w\" sizes=\"auto, (max-width: 350px) 100vw, 350px\" \/><\/a>que convierten el panorama de esas zonas en un escenario desolador para las familias. Esto, sin contemplar factores de orden social, que dificultan la labor y bajan la calidad de vida, como el tema de la <strong>inseguridad<\/strong>.<\/p>\n<p>El ejemplo al que acuden las autoridades para ejemplificar la problem\u00e1tica es el de los municipios de la <strong>frontera norte<\/strong>. En estos, la perspectiva se torna compleja, pues se muestran viviendas no s\u00f3lo deshabitadas, sino <strong>vandalizadas<\/strong>, lo que recrudece la imagen.<\/p>\n<p>Y en este clima de deplorables circunstancias, la regeneraci\u00f3n urbana aparece como la luz al final del t\u00fanel. Sin duda, a pesar que la tarea se antoja tit\u00e1nica, esfuerzos como los emprendidos por diversas organizaciones que concentran su esfuerzos en\u00a0la regeneraci\u00f3n, entre ellos la <strong>Alianza para la Regeneraci\u00f3n Urbana<\/strong> (ARU), <strong>Provive<\/strong> y <strong>Fundaci\u00f3n Tu+Yo<\/strong>, dan muestra que esta es la apuesta a seguir.<\/p>\n<p>Y es que se debe tener en cuenta que la regeneraci\u00f3n urbana y la recuperaci\u00f3n del entorno es un <strong>concepto profundo<\/strong>, que va m\u00e1s all\u00e1 de pintar o mejorar el aspecto de las casas y las comunidades. Es un concepto que busca trastocar la esencia misma de las familias que habitan los sitios para cambiar la cara de las zonas que parecen sin esperanza.<\/p>\n<p>En esa l\u00ednea se ha pronunciado Carlos Mart\u00ednez. El Director General del Infonavit ha reconocido que nada sirve recuperar una vivienda y retornarla al mercado si el fen\u00f3meno por el que fue abandonada se mantiene.<\/p>\n<p>Al respecto, las autoridades ya hablan de un <strong>Plan Nacional de Recuperaci\u00f3n de Vivienda<\/strong>. Este esquema, seg\u00fan los peque\u00f1os detalles que se han mostrado, tomar\u00e1 como bandera a la regeneraci\u00f3n urbana y recuperaci\u00f3n del entorno.<\/p>\n<p><a href=\"https:\/\/centrourbano.com\/revista\/wp-content\/uploads\/Vivienda-abandonada_sedatu_1.jpg\" target=\"_blank\" rel=\"noopener noreferrer\"><img loading=\"lazy\" decoding=\"async\" class=\"alignleft wp-image-86401\" src=\"https:\/\/centrourbano.com\/revista\/wp-content\/uploads\/Vivienda-abandonada_sedatu_1-1024x768.jpg\" alt=\"\" width=\"450\" height=\"338\" srcset=\"https:\/\/centrourbano.com\/revista\/wp-content\/uploads\/Vivienda-abandonada_sedatu_1-1024x768.jpg 1024w, https:\/\/centrourbano.com\/revista\/wp-content\/uploads\/Vivienda-abandonada_sedatu_1-300x225.jpg 300w, https:\/\/centrourbano.com\/revista\/wp-content\/uploads\/Vivienda-abandonada_sedatu_1-768x576.jpg 768w, https:\/\/centrourbano.com\/revista\/wp-content\/uploads\/Vivienda-abandonada_sedatu_1-100x75.jpg 100w, https:\/\/centrourbano.com\/revista\/wp-content\/uploads\/Vivienda-abandonada_sedatu_1.jpg 1280w\" sizes=\"auto, (max-width: 450px) 100vw, 450px\" \/><\/a>Sin duda resulta interesante conocer el modelo que plantear\u00e1n para atender la problem\u00e1tica. Le\u00eda en redes sociales un comentario muy atinado al respecto, en donde se calificaba a este fen\u00f3meno de la vivienda abandonada como el \u201cmonstruo de mil cabezas\u201d.<\/p>\n<p>Y la definici\u00f3n no resultar\u00eda menor. La problem\u00e1tica requiere de un an\u00e1lisis casu\u00edstico para conocer c\u00f3mo atender el problema. Porque cada ejemplo tiene sus matices. Como lo reportado por la propia ARU en Baja California, en donde no s\u00f3lo detalla que el fen\u00f3meno de la vivienda abandona crece, sino que, adem\u00e1s que se abandona, a la postre se <strong>invade<\/strong>, lo que ya contempla un tema de ilegalidad.<\/p>\n<p>En el caso del Infonavit, su director se\u00f1al\u00f3 que en marzo habr\u00eda detalles del programa de recuperaci\u00f3n. Incluso Sedatu, sin precisar m\u00e1s, expuso que ya se trabaja en un censo de gran calado para conocer los niveles reales del fen\u00f3meno de la vivienda abandonada, pues, a pesar de manejar la existencia de 5 millones de viviendas abandonadas a nivel nacional, el titular de la Secretar\u00eda reconoci\u00f3 que <strong>no hay informaci\u00f3n exacta<\/strong> al respecto.<\/p>\n<p>El punto rescatable es impulsar un esquema con esta visi\u00f3n dual, en donde vivienda y entorno son elementos indivisibles. Y m\u00e1s, porque como se ha manejado desde la aprobaci\u00f3n de la <strong>Nueva Agenda Urbana<\/strong>, ya no es posible hablar de la vivienda como un elemento aislado, sino como una composici\u00f3n integral, en donde las viviendas y las ciudades, en este caso el entorno, deben caminar de la mano.<\/p>\n","protected":false},"excerpt":{"rendered":"<p>El concepto de regeneraci\u00f3n urbana y recuperaci\u00f3n del entorno ha sido protagonista en \u00faltimas semanas. Tanto Sedatu como Infonavit han insistido en el tema como una soluci\u00f3n en el marco de atenci\u00f3n del fen\u00f3meno de la vivienda abandonada. Y es que, en t\u00e9rminos generales, las autoridades coinciden en el diagn\u00f3stico: la vivienda abandonada es resultado [&hellip;]<\/p>\n","protected":false},"author":47,"featured_media":75442,"comment_status":"open","ping_status":"closed","sticky":false,"template":"","format":"standard","meta":{"om_disable_all_campaigns":false,"inline_featured_image":false,"_monsterinsights_skip_tracking":false,"_monsterinsights_sitenote_active":false,"_monsterinsights_sitenote_note":"","_monsterinsights_sitenote_category":0,"footnotes":""},"categories":[14067],"tags":[100,15348,384,105,60,583],"class_list":["post-86395","post","type-post","status-publish","format-standard","has-post-thumbnail","hentry","category-blog-desde-el-terreno","tag-infonavit","tag-recuperacion-del-entorno","tag-regeneracion-urbana","tag-sedatu","tag-vivienda-2","tag-vivienda-abandonada"],"yoast_head":"<!-- This site is optimized with the Yoast SEO plugin v27.4 - https:\/\/yoast.com\/product\/yoast-seo-wordpress\/ -->\n<title>Regeneraci\u00f3n, el camino para atender la vivienda abandonada<\/title>\n<meta name=\"description\" content=\"El concepto de regeneraci\u00f3n urbana y recuperaci\u00f3n del entorno ha sido protagonista en \u00faltimas semanas. Tanto Sedatu como Infonavit han...\" \/>\n<meta name=\"robots\" content=\"index, follow, max-snippet:-1, max-image-preview:large, max-video-preview:-1\" \/>\n<link rel=\"canonical\" href=\"https:\/\/centrourbano.com\/revista\/opinion\/blog-desde-el-terreno\/regeneracion-vivienda-abandonada\/\" \/>\n<meta property=\"og:locale\" content=\"es_ES\" \/>\n<meta property=\"og:type\" content=\"article\" \/>\n<meta property=\"og:title\" content=\"Regeneraci\u00f3n, el camino para atender la vivienda abandonada\" \/>\n<meta property=\"og:description\" content=\"El concepto de regeneraci\u00f3n urbana y recuperaci\u00f3n del entorno ha sido protagonista en \u00faltimas semanas. Tanto Sedatu como Infonavit han...\" \/>\n<meta property=\"og:url\" content=\"https:\/\/centrourbano.com\/revista\/opinion\/blog-desde-el-terreno\/regeneracion-vivienda-abandonada\/\" \/>\n<meta property=\"og:site_name\" content=\"Centro Urbano\" \/>\n<meta property=\"article:publisher\" content=\"https:\/\/www.facebook.com\/portalcentrourbano\" \/>\n<meta property=\"article:published_time\" content=\"2019-02-15T21:35:23+00:00\" \/>\n<meta property=\"article:modified_time\" content=\"2019-02-15T22:32:59+00:00\" \/>\n<meta property=\"og:image\" content=\"https:\/\/centrourbano.com\/revista\/wp-content\/uploads\/blog_edgar_rosas.jpg\" \/>\n\t<meta property=\"og:image:width\" content=\"640\" \/>\n\t<meta property=\"og:image:height\" content=\"400\" \/>\n\t<meta property=\"og:image:type\" content=\"image\/jpeg\" \/>\n<meta name=\"author\" content=\"Edgar Rosas\" \/>\n<meta name=\"twitter:card\" content=\"summary_large_image\" \/>\n<meta name=\"twitter:creator\" content=\"@https:\/\/twitter.com\/ERosasCU?s=09\" \/>\n<meta name=\"twitter:site\" content=\"@CentroUrbano\" \/>\n<meta name=\"twitter:label1\" content=\"Escrito por\" \/>\n\t<meta name=\"twitter:data1\" content=\"Edgar Rosas\" \/>\n\t<meta name=\"twitter:label2\" content=\"Tiempo de lectura\" \/>\n\t<meta name=\"twitter:data2\" content=\"3 minutos\" \/>\n<script type=\"application\/ld+json\" class=\"yoast-schema-graph\">{\"@context\":\"https:\\\/\\\/schema.org\",\"@graph\":[{\"@type\":\"Article\",\"@id\":\"https:\\\/\\\/centrourbano.com\\\/revista\\\/opinion\\\/blog-desde-el-terreno\\\/regeneracion-vivienda-abandonada\\\/#article\",\"isPartOf\":{\"@id\":\"https:\\\/\\\/centrourbano.com\\\/revista\\\/opinion\\\/blog-desde-el-terreno\\\/regeneracion-vivienda-abandonada\\\/\"},\"author\":{\"name\":\"Edgar Rosas\",\"@id\":\"https:\\\/\\\/centrourbano.com\\\/revista\\\/#\\\/schema\\\/person\\\/ff3c00651ce5b1630479d2cd0c2e3ac0\"},\"headline\":\"Regeneraci\u00f3n, el camino para atender la vivienda abandonada\",\"datePublished\":\"2019-02-15T21:35:23+00:00\",\"dateModified\":\"2019-02-15T22:32:59+00:00\",\"mainEntityOfPage\":{\"@id\":\"https:\\\/\\\/centrourbano.com\\\/revista\\\/opinion\\\/blog-desde-el-terreno\\\/regeneracion-vivienda-abandonada\\\/\"},\"wordCount\":661,\"commentCount\":0,\"publisher\":{\"@id\":\"https:\\\/\\\/centrourbano.com\\\/revista\\\/#organization\"},\"image\":{\"@id\":\"https:\\\/\\\/centrourbano.com\\\/revista\\\/opinion\\\/blog-desde-el-terreno\\\/regeneracion-vivienda-abandonada\\\/#primaryimage\"},\"thumbnailUrl\":\"https:\\\/\\\/centrourbano.com\\\/revista\\\/wp-content\\\/uploads\\\/blog_edgar_rosas.jpg\",\"keywords\":[\"Infonavit\",\"Recuperaci\u00f3n del entorno\",\"Regeneraci\u00f3n urbana\",\"Sedatu\",\"vivienda\",\"Vivienda abandonada\"],\"articleSection\":[\"Desde el terreno\"],\"inLanguage\":\"es\",\"potentialAction\":[{\"@type\":\"CommentAction\",\"name\":\"Comment\",\"target\":[\"https:\\\/\\\/centrourbano.com\\\/revista\\\/opinion\\\/blog-desde-el-terreno\\\/regeneracion-vivienda-abandonada\\\/#respond\"]}]},{\"@type\":\"WebPage\",\"@id\":\"https:\\\/\\\/centrourbano.com\\\/revista\\\/opinion\\\/blog-desde-el-terreno\\\/regeneracion-vivienda-abandonada\\\/\",\"url\":\"https:\\\/\\\/centrourbano.com\\\/revista\\\/opinion\\\/blog-desde-el-terreno\\\/regeneracion-vivienda-abandonada\\\/\",\"name\":\"Regeneraci\u00f3n, el camino para atender la vivienda abandonada\",\"isPartOf\":{\"@id\":\"https:\\\/\\\/centrourbano.com\\\/revista\\\/#website\"},\"primaryImageOfPage\":{\"@id\":\"https:\\\/\\\/centrourbano.com\\\/revista\\\/opinion\\\/blog-desde-el-terreno\\\/regeneracion-vivienda-abandonada\\\/#primaryimage\"},\"image\":{\"@id\":\"https:\\\/\\\/centrourbano.com\\\/revista\\\/opinion\\\/blog-desde-el-terreno\\\/regeneracion-vivienda-abandonada\\\/#primaryimage\"},\"thumbnailUrl\":\"https:\\\/\\\/centrourbano.com\\\/revista\\\/wp-content\\\/uploads\\\/blog_edgar_rosas.jpg\",\"datePublished\":\"2019-02-15T21:35:23+00:00\",\"dateModified\":\"2019-02-15T22:32:59+00:00\",\"description\":\"El concepto de regeneraci\u00f3n urbana y recuperaci\u00f3n del entorno ha sido protagonista en \u00faltimas semanas. Tanto Sedatu como Infonavit han...\",\"breadcrumb\":{\"@id\":\"https:\\\/\\\/centrourbano.com\\\/revista\\\/opinion\\\/blog-desde-el-terreno\\\/regeneracion-vivienda-abandonada\\\/#breadcrumb\"},\"inLanguage\":\"es\",\"potentialAction\":[{\"@type\":\"ReadAction\",\"target\":[\"https:\\\/\\\/centrourbano.com\\\/revista\\\/opinion\\\/blog-desde-el-terreno\\\/regeneracion-vivienda-abandonada\\\/\"]}]},{\"@type\":\"ImageObject\",\"inLanguage\":\"es\",\"@id\":\"https:\\\/\\\/centrourbano.com\\\/revista\\\/opinion\\\/blog-desde-el-terreno\\\/regeneracion-vivienda-abandonada\\\/#primaryimage\",\"url\":\"https:\\\/\\\/centrourbano.com\\\/revista\\\/wp-content\\\/uploads\\\/blog_edgar_rosas.jpg\",\"contentUrl\":\"https:\\\/\\\/centrourbano.com\\\/revista\\\/wp-content\\\/uploads\\\/blog_edgar_rosas.jpg\",\"width\":640,\"height\":400,\"caption\":\"Columna-Edgar-Rosas\"},{\"@type\":\"BreadcrumbList\",\"@id\":\"https:\\\/\\\/centrourbano.com\\\/revista\\\/opinion\\\/blog-desde-el-terreno\\\/regeneracion-vivienda-abandonada\\\/#breadcrumb\",\"itemListElement\":[{\"@type\":\"ListItem\",\"position\":1,\"name\":\"Portada\",\"item\":\"https:\\\/\\\/centrourbano.com\\\/revista\\\/\"},{\"@type\":\"ListItem\",\"position\":2,\"name\":\"Regeneraci\u00f3n, el camino para atender la vivienda abandonada\"}]},{\"@type\":\"WebSite\",\"@id\":\"https:\\\/\\\/centrourbano.com\\\/revista\\\/#website\",\"url\":\"https:\\\/\\\/centrourbano.com\\\/revista\\\/\",\"name\":\"Centro Urbano\",\"description\":\"Medio especializado en los sectores vivienda, inmobiliario, construcci\u00f3n, arquitectura y urbanismo.\",\"publisher\":{\"@id\":\"https:\\\/\\\/centrourbano.com\\\/revista\\\/#organization\"},\"potentialAction\":[{\"@type\":\"SearchAction\",\"target\":{\"@type\":\"EntryPoint\",\"urlTemplate\":\"https:\\\/\\\/centrourbano.com\\\/revista\\\/?s={search_term_string}\"},\"query-input\":{\"@type\":\"PropertyValueSpecification\",\"valueRequired\":true,\"valueName\":\"search_term_string\"}}],\"inLanguage\":\"es\"},{\"@type\":\"Organization\",\"@id\":\"https:\\\/\\\/centrourbano.com\\\/revista\\\/#organization\",\"name\":\"Centro Urbano\",\"url\":\"https:\\\/\\\/centrourbano.com\\\/revista\\\/\",\"logo\":{\"@type\":\"ImageObject\",\"inLanguage\":\"es\",\"@id\":\"https:\\\/\\\/centrourbano.com\\\/revista\\\/#\\\/schema\\\/logo\\\/image\\\/\",\"url\":\"https:\\\/\\\/centrourbano.com\\\/revista\\\/wp-content\\\/uploads\\\/web_CU_logo-1.png\",\"contentUrl\":\"https:\\\/\\\/centrourbano.com\\\/revista\\\/wp-content\\\/uploads\\\/web_CU_logo-1.png\",\"width\":350,\"height\":91,\"caption\":\"Centro Urbano\"},\"image\":{\"@id\":\"https:\\\/\\\/centrourbano.com\\\/revista\\\/#\\\/schema\\\/logo\\\/image\\\/\"},\"sameAs\":[\"https:\\\/\\\/www.facebook.com\\\/portalcentrourbano\",\"https:\\\/\\\/x.com\\\/CentroUrbano\",\"https:\\\/\\\/www.instagram.com\\\/centro_urbano\\\/\",\"https:\\\/\\\/www.linkedin.com\\\/company\\\/centro-urbano\\\/\",\"http:\\\/\\\/www.youtube.com\\\/user\\\/portalcentrourbano\"]},{\"@type\":\"Person\",\"@id\":\"https:\\\/\\\/centrourbano.com\\\/revista\\\/#\\\/schema\\\/person\\\/ff3c00651ce5b1630479d2cd0c2e3ac0\",\"name\":\"Edgar Rosas\",\"image\":{\"@type\":\"ImageObject\",\"inLanguage\":\"es\",\"@id\":\"https:\\\/\\\/secure.gravatar.com\\\/avatar\\\/94440c4283495211faa5300bf85e80061036b83fced868c3783aa1310b350d9c?s=96&d=mm&r=g\",\"url\":\"https:\\\/\\\/secure.gravatar.com\\\/avatar\\\/94440c4283495211faa5300bf85e80061036b83fced868c3783aa1310b350d9c?s=96&d=mm&r=g\",\"contentUrl\":\"https:\\\/\\\/secure.gravatar.com\\\/avatar\\\/94440c4283495211faa5300bf85e80061036b83fced868c3783aa1310b350d9c?s=96&d=mm&r=g\",\"caption\":\"Edgar Rosas\"},\"description\":\"Editor en Jefe de Centro Urbano. Egresado de la maestr\u00eda en Periodismo Pol\u00edtico de la Escuela de Periodismo Carlos Septi\u00e9n Garc\u00eda (EPCSG). Estudi\u00f3 la licenciatura en Comunicaci\u00f3n en la Universidad Mexicana. Amante de la cr\u00f3nica y el reportaje. Admirador de Vicente Le\u00f1ero y Miguel \u00c1ngel Granados Chapa.\",\"sameAs\":[\"https:\\\/\\\/x.com\\\/https:\\\/\\\/twitter.com\\\/ERosasCU?s=09\"],\"url\":\"https:\\\/\\\/centrourbano.com\\\/revista\\\/author\\\/edgar-rosas\\\/\"}]}<\/script>\n<!-- \/ Yoast SEO plugin. -->","yoast_head_json":{"title":"Regeneraci\u00f3n, el camino para atender la vivienda abandonada","description":"El concepto de regeneraci\u00f3n urbana y recuperaci\u00f3n del entorno ha sido protagonista en \u00faltimas semanas. Tanto Sedatu como Infonavit han...","robots":{"index":"index","follow":"follow","max-snippet":"max-snippet:-1","max-image-preview":"max-image-preview:large","max-video-preview":"max-video-preview:-1"},"canonical":"https:\/\/centrourbano.com\/revista\/opinion\/blog-desde-el-terreno\/regeneracion-vivienda-abandonada\/","og_locale":"es_ES","og_type":"article","og_title":"Regeneraci\u00f3n, el camino para atender la vivienda abandonada","og_description":"El concepto de regeneraci\u00f3n urbana y recuperaci\u00f3n del entorno ha sido protagonista en \u00faltimas semanas. Tanto Sedatu como Infonavit han...","og_url":"https:\/\/centrourbano.com\/revista\/opinion\/blog-desde-el-terreno\/regeneracion-vivienda-abandonada\/","og_site_name":"Centro Urbano","article_publisher":"https:\/\/www.facebook.com\/portalcentrourbano","article_published_time":"2019-02-15T21:35:23+00:00","article_modified_time":"2019-02-15T22:32:59+00:00","og_image":[{"width":640,"height":400,"url":"https:\/\/centrourbano.com\/revista\/wp-content\/uploads\/blog_edgar_rosas.jpg","type":"image\/jpeg"}],"author":"Edgar Rosas","twitter_card":"summary_large_image","twitter_creator":"@https:\/\/twitter.com\/ERosasCU?s=09","twitter_site":"@CentroUrbano","twitter_misc":{"Escrito por":"Edgar Rosas","Tiempo de lectura":"3 minutos"},"schema":{"@context":"https:\/\/schema.org","@graph":[{"@type":"Article","@id":"https:\/\/centrourbano.com\/revista\/opinion\/blog-desde-el-terreno\/regeneracion-vivienda-abandonada\/#article","isPartOf":{"@id":"https:\/\/centrourbano.com\/revista\/opinion\/blog-desde-el-terreno\/regeneracion-vivienda-abandonada\/"},"author":{"name":"Edgar Rosas","@id":"https:\/\/centrourbano.com\/revista\/#\/schema\/person\/ff3c00651ce5b1630479d2cd0c2e3ac0"},"headline":"Regeneraci\u00f3n, el camino para atender la vivienda abandonada","datePublished":"2019-02-15T21:35:23+00:00","dateModified":"2019-02-15T22:32:59+00:00","mainEntityOfPage":{"@id":"https:\/\/centrourbano.com\/revista\/opinion\/blog-desde-el-terreno\/regeneracion-vivienda-abandonada\/"},"wordCount":661,"commentCount":0,"publisher":{"@id":"https:\/\/centrourbano.com\/revista\/#organization"},"image":{"@id":"https:\/\/centrourbano.com\/revista\/opinion\/blog-desde-el-terreno\/regeneracion-vivienda-abandonada\/#primaryimage"},"thumbnailUrl":"https:\/\/centrourbano.com\/revista\/wp-content\/uploads\/blog_edgar_rosas.jpg","keywords":["Infonavit","Recuperaci\u00f3n del entorno","Regeneraci\u00f3n urbana","Sedatu","vivienda","Vivienda abandonada"],"articleSection":["Desde el terreno"],"inLanguage":"es","potentialAction":[{"@type":"CommentAction","name":"Comment","target":["https:\/\/centrourbano.com\/revista\/opinion\/blog-desde-el-terreno\/regeneracion-vivienda-abandonada\/#respond"]}]},{"@type":"WebPage","@id":"https:\/\/centrourbano.com\/revista\/opinion\/blog-desde-el-terreno\/regeneracion-vivienda-abandonada\/","url":"https:\/\/centrourbano.com\/revista\/opinion\/blog-desde-el-terreno\/regeneracion-vivienda-abandonada\/","name":"Regeneraci\u00f3n, el camino para atender la vivienda abandonada","isPartOf":{"@id":"https:\/\/centrourbano.com\/revista\/#website"},"primaryImageOfPage":{"@id":"https:\/\/centrourbano.com\/revista\/opinion\/blog-desde-el-terreno\/regeneracion-vivienda-abandonada\/#primaryimage"},"image":{"@id":"https:\/\/centrourbano.com\/revista\/opinion\/blog-desde-el-terreno\/regeneracion-vivienda-abandonada\/#primaryimage"},"thumbnailUrl":"https:\/\/centrourbano.com\/revista\/wp-content\/uploads\/blog_edgar_rosas.jpg","datePublished":"2019-02-15T21:35:23+00:00","dateModified":"2019-02-15T22:32:59+00:00","description":"El concepto de regeneraci\u00f3n urbana y recuperaci\u00f3n del entorno ha sido protagonista en \u00faltimas semanas. Tanto Sedatu como Infonavit han...","breadcrumb":{"@id":"https:\/\/centrourbano.com\/revista\/opinion\/blog-desde-el-terreno\/regeneracion-vivienda-abandonada\/#breadcrumb"},"inLanguage":"es","potentialAction":[{"@type":"ReadAction","target":["https:\/\/centrourbano.com\/revista\/opinion\/blog-desde-el-terreno\/regeneracion-vivienda-abandonada\/"]}]},{"@type":"ImageObject","inLanguage":"es","@id":"https:\/\/centrourbano.com\/revista\/opinion\/blog-desde-el-terreno\/regeneracion-vivienda-abandonada\/#primaryimage","url":"https:\/\/centrourbano.com\/revista\/wp-content\/uploads\/blog_edgar_rosas.jpg","contentUrl":"https:\/\/centrourbano.com\/revista\/wp-content\/uploads\/blog_edgar_rosas.jpg","width":640,"height":400,"caption":"Columna-Edgar-Rosas"},{"@type":"BreadcrumbList","@id":"https:\/\/centrourbano.com\/revista\/opinion\/blog-desde-el-terreno\/regeneracion-vivienda-abandonada\/#breadcrumb","itemListElement":[{"@type":"ListItem","position":1,"name":"Portada","item":"https:\/\/centrourbano.com\/revista\/"},{"@type":"ListItem","position":2,"name":"Regeneraci\u00f3n, el camino para atender la vivienda abandonada"}]},{"@type":"WebSite","@id":"https:\/\/centrourbano.com\/revista\/#website","url":"https:\/\/centrourbano.com\/revista\/","name":"Centro Urbano","description":"Medio especializado en los sectores vivienda, inmobiliario, construcci\u00f3n, arquitectura y urbanismo.","publisher":{"@id":"https:\/\/centrourbano.com\/revista\/#organization"},"potentialAction":[{"@type":"SearchAction","target":{"@type":"EntryPoint","urlTemplate":"https:\/\/centrourbano.com\/revista\/?s={search_term_string}"},"query-input":{"@type":"PropertyValueSpecification","valueRequired":true,"valueName":"search_term_string"}}],"inLanguage":"es"},{"@type":"Organization","@id":"https:\/\/centrourbano.com\/revista\/#organization","name":"Centro Urbano","url":"https:\/\/centrourbano.com\/revista\/","logo":{"@type":"ImageObject","inLanguage":"es","@id":"https:\/\/centrourbano.com\/revista\/#\/schema\/logo\/image\/","url":"https:\/\/centrourbano.com\/revista\/wp-content\/uploads\/web_CU_logo-1.png","contentUrl":"https:\/\/centrourbano.com\/revista\/wp-content\/uploads\/web_CU_logo-1.png","width":350,"height":91,"caption":"Centro Urbano"},"image":{"@id":"https:\/\/centrourbano.com\/revista\/#\/schema\/logo\/image\/"},"sameAs":["https:\/\/www.facebook.com\/portalcentrourbano","https:\/\/x.com\/CentroUrbano","https:\/\/www.instagram.com\/centro_urbano\/","https:\/\/www.linkedin.com\/company\/centro-urbano\/","http:\/\/www.youtube.com\/user\/portalcentrourbano"]},{"@type":"Person","@id":"https:\/\/centrourbano.com\/revista\/#\/schema\/person\/ff3c00651ce5b1630479d2cd0c2e3ac0","name":"Edgar Rosas","image":{"@type":"ImageObject","inLanguage":"es","@id":"https:\/\/secure.gravatar.com\/avatar\/94440c4283495211faa5300bf85e80061036b83fced868c3783aa1310b350d9c?s=96&d=mm&r=g","url":"https:\/\/secure.gravatar.com\/avatar\/94440c4283495211faa5300bf85e80061036b83fced868c3783aa1310b350d9c?s=96&d=mm&r=g","contentUrl":"https:\/\/secure.gravatar.com\/avatar\/94440c4283495211faa5300bf85e80061036b83fced868c3783aa1310b350d9c?s=96&d=mm&r=g","caption":"Edgar Rosas"},"description":"Editor en Jefe de Centro Urbano. Egresado de la maestr\u00eda en Periodismo Pol\u00edtico de la Escuela de Periodismo Carlos Septi\u00e9n Garc\u00eda (EPCSG). Estudi\u00f3 la licenciatura en Comunicaci\u00f3n en la Universidad Mexicana. Amante de la cr\u00f3nica y el reportaje. Admirador de Vicente Le\u00f1ero y Miguel \u00c1ngel Granados Chapa.","sameAs":["https:\/\/x.com\/https:\/\/twitter.com\/ERosasCU?s=09"],"url":"https:\/\/centrourbano.com\/revista\/author\/edgar-rosas\/"}]}},"_links":{"self":[{"href":"https:\/\/centrourbano.com\/revista\/wp-json\/wp\/v2\/posts\/86395","targetHints":{"allow":["GET"]}}],"collection":[{"href":"https:\/\/centrourbano.com\/revista\/wp-json\/wp\/v2\/posts"}],"about":[{"href":"https:\/\/centrourbano.com\/revista\/wp-json\/wp\/v2\/types\/post"}],"author":[{"embeddable":true,"href":"https:\/\/centrourbano.com\/revista\/wp-json\/wp\/v2\/users\/47"}],"replies":[{"embeddable":true,"href":"https:\/\/centrourbano.com\/revista\/wp-json\/wp\/v2\/comments?post=86395"}],"version-history":[{"count":4,"href":"https:\/\/centrourbano.com\/revista\/wp-json\/wp\/v2\/posts\/86395\/revisions"}],"predecessor-version":[{"id":86409,"href":"https:\/\/centrourbano.com\/revista\/wp-json\/wp\/v2\/posts\/86395\/revisions\/86409"}],"wp:featuredmedia":[{"embeddable":true,"href":"https:\/\/centrourbano.com\/revista\/wp-json\/wp\/v2\/media\/75442"}],"wp:attachment":[{"href":"https:\/\/centrourbano.com\/revista\/wp-json\/wp\/v2\/media?parent=86395"}],"wp:term":[{"taxonomy":"category","embeddable":true,"href":"https:\/\/centrourbano.com\/revista\/wp-json\/wp\/v2\/categories?post=86395"},{"taxonomy":"post_tag","embeddable":true,"href":"https:\/\/centrourbano.com\/revista\/wp-json\/wp\/v2\/tags?post=86395"}],"curies":[{"name":"wp","href":"https:\/\/api.w.org\/{rel}","templated":true}]}}