{"id":8623,"date":"2014-07-16T09:08:45","date_gmt":"2014-07-16T14:08:45","guid":{"rendered":"http:\/\/centrourbano.com\/?p=8623"},"modified":"2014-07-16T09:08:45","modified_gmt":"2014-07-16T14:08:45","slug":"alistan-rehabilitacion-de-monumento-historico","status":"publish","type":"post","link":"https:\/\/centrourbano.com\/revista\/arquitectura-2\/alistan-rehabilitacion-de-monumento-historico\/","title":{"rendered":"Alistan rehabilitaci\u00f3n de Monumento Hist\u00f3rico"},"content":{"rendered":"<p><em>Una vez restaurada La Casa Rivas Mercado, el edificio ser\u00e1 destinado para albergar un centro de educaci\u00f3n musical para orquestas juveniles<\/em><!--more--><\/p>\n<p>La Secretar\u00eda de Desarrollo Urbano y Vivienda (Seduvi) anunci\u00f3 que La Casa Rivas Mercado, ubicada en la colonia Roma Norte, ser\u00e1 rehabilitada debido a los da\u00f1os que han sufrido las instalaciones de este recinto edificado en el a\u00f1o de 1893.<\/p>\n<p>La Casa Rivas Mercado fue construida en el siglo XIX por el arquitecto Antonio Rivas Mercado, y hoy en d\u00eda es considerada como inmueble con valor art\u00edstico por el Instituto Nacional de Bellas Artes (INBA) y como Monumento Hist\u00f3rico por el Instituto Nacional de Antropolog\u00eda e Historia (INAH).<\/p>\n<p>Para llevar a cabo la restauraci\u00f3n de este edificio ser\u00e1 necesario adquirir y colocar pisos de cer\u00e1mica enc\u00e1ustica de manufactura inglesa en aproximadamente mil 500 metros cuadrados, que suman aproximadamente 50 mil piezas con 80 dise\u00f1os distintos.<\/p>\n<p>Una vez que la rehabilitaci\u00f3n de este inmueble patrimonial quede concluida, el recinto ser\u00e1 utilizado para albergar un centro de educaci\u00f3n musical para orquestas juveniles, que estar\u00e1 a cargo de Conaculta.<\/p>\n<p>La determinaci\u00f3n de que este edificio hist\u00f3rico fuera reparado se debi\u00f3 a que hay grietas en muros y losas de la casa, ya no existe el muro que divid\u00eda el predio del monumento hist\u00f3rico y el predio junto a la casa; adem\u00e1s de que la cantera de la entrada tambi\u00e9n tiene visibles grietas, que de no ser reparadas, podr\u00edan ponerlo en riesgo.<\/p>\n<p>Cabe recordar que en el a\u00f1o 2007 se le concedi\u00f3 la custodia a la Fundaci\u00f3n Conmemoraciones para que se encargara de llevar a cabo los trabajos de restauraci\u00f3n.<\/p>\n<p>Al respecto, el titular de la Seduvi, Sim\u00f3n Neumann Ladenzon, quien realizo un recorrido por las instalaciones del edificio para constatar los da\u00f1os, se\u00f1al\u00f3 que la casa Rivas Mercado es un ejemplo de un lenguaje hist\u00f3rico y universal que proyecta una percepci\u00f3n \u00fanica con un estilo ecl\u00e9ctico.<\/p>\n<p>Asimismo, record\u00f3 que el arquitecto Rivas Mercado fue un importante precursor de la cultura de la ciudad de M\u00e9xico durante la \u00e9poca del Porfiriato que utiliz\u00f3 en la casa un n\u00famero considerable de piezas enc\u00e1usticas como recubrimiento de pisos y muros, as\u00ed como frisos y detalles arquitect\u00f3nicos, tanto en el interior como del exterior, logrando una riqueza decorativa excepcional.<\/p>\n","protected":false},"excerpt":{"rendered":"<p>Una vez restaurada La Casa Rivas Mercado, el edificio ser\u00e1 destinado para albergar un centro de educaci\u00f3n musical para orquestas juveniles<\/p>\n","protected":false},"author":9,"featured_media":0,"comment_status":"open","ping_status":"closed","sticky":false,"template":"","format":"standard","meta":{"om_disable_all_campaigns":false,"inline_featured_image":false,"_monsterinsights_skip_tracking":false,"_monsterinsights_sitenote_active":false,"_monsterinsights_sitenote_note":"","_monsterinsights_sitenote_category":0,"footnotes":""},"categories":[81],"tags":[2056,2055,671,388,126],"class_list":["post-8623","post","type-post","status-publish","format-standard","hentry","category-arquitectura-2","tag-antonio-rivas-mercado","tag-casa-rivas-mercado","tag-inah","tag-inba","tag-seduvi"],"yoast_head":"<!-- This site is optimized with the Yoast SEO plugin v27.4 - https:\/\/yoast.com\/product\/yoast-seo-wordpress\/ -->\n<title>Alistan rehabilitaci\u00f3n de Monumento Hist\u00f3rico -<\/title>\n<meta name=\"description\" content=\"Una vez restaurada La Casa Rivas Mercado, el edificio ser\u00e1 destinado para albergar un centro de educaci\u00f3n musical para orquestas juveniles La Secretar\u00eda\" \/>\n<meta name=\"robots\" content=\"index, follow, max-snippet:-1, max-image-preview:large, max-video-preview:-1\" \/>\n<link rel=\"canonical\" href=\"https:\/\/centrourbano.com\/revista\/arquitectura-2\/alistan-rehabilitacion-de-monumento-historico\/\" \/>\n<meta property=\"og:locale\" content=\"es_ES\" \/>\n<meta property=\"og:type\" content=\"article\" \/>\n<meta property=\"og:title\" content=\"Alistan rehabilitaci\u00f3n de Monumento Hist\u00f3rico -\" \/>\n<meta property=\"og:description\" content=\"Una vez restaurada La Casa Rivas Mercado, el edificio ser\u00e1 destinado para albergar un centro de educaci\u00f3n musical para orquestas juveniles La Secretar\u00eda\" \/>\n<meta property=\"og:url\" content=\"https:\/\/centrourbano.com\/revista\/arquitectura-2\/alistan-rehabilitacion-de-monumento-historico\/\" \/>\n<meta property=\"og:site_name\" content=\"Centro Urbano\" \/>\n<meta property=\"article:publisher\" content=\"https:\/\/www.facebook.com\/portalcentrourbano\" \/>\n<meta property=\"article:published_time\" content=\"2014-07-16T14:08:45+00:00\" \/>\n<meta property=\"og:image\" content=\"https:\/\/centrourbano.com\/revista\/wp-content\/uploads\/CU-logo.png\" \/>\n\t<meta property=\"og:image:width\" content=\"350\" \/>\n\t<meta property=\"og:image:height\" content=\"91\" \/>\n\t<meta property=\"og:image:type\" content=\"image\/png\" \/>\n<meta name=\"author\" content=\"Dinorah Nava\" \/>\n<meta name=\"twitter:card\" content=\"summary_large_image\" \/>\n<meta name=\"twitter:creator\" content=\"@https:\/\/twitter.com\/Dinorah_Nava28\" \/>\n<meta name=\"twitter:site\" content=\"@CentroUrbano\" \/>\n<meta name=\"twitter:label1\" content=\"Escrito por\" \/>\n\t<meta name=\"twitter:data1\" content=\"Dinorah Nava\" \/>\n\t<meta name=\"twitter:label2\" content=\"Tiempo de lectura\" \/>\n\t<meta name=\"twitter:data2\" content=\"2 minutos\" \/>\n<script type=\"application\/ld+json\" class=\"yoast-schema-graph\">{\"@context\":\"https:\\\/\\\/schema.org\",\"@graph\":[{\"@type\":\"Article\",\"@id\":\"https:\\\/\\\/centrourbano.com\\\/revista\\\/arquitectura-2\\\/alistan-rehabilitacion-de-monumento-historico\\\/#article\",\"isPartOf\":{\"@id\":\"https:\\\/\\\/centrourbano.com\\\/revista\\\/arquitectura-2\\\/alistan-rehabilitacion-de-monumento-historico\\\/\"},\"author\":{\"name\":\"Dinorah Nava\",\"@id\":\"https:\\\/\\\/centrourbano.com\\\/revista\\\/#\\\/schema\\\/person\\\/b45db815d96831257ba428a3d5a5fbdc\"},\"headline\":\"Alistan rehabilitaci\u00f3n de Monumento Hist\u00f3rico\",\"datePublished\":\"2014-07-16T14:08:45+00:00\",\"mainEntityOfPage\":{\"@id\":\"https:\\\/\\\/centrourbano.com\\\/revista\\\/arquitectura-2\\\/alistan-rehabilitacion-de-monumento-historico\\\/\"},\"wordCount\":409,\"commentCount\":0,\"publisher\":{\"@id\":\"https:\\\/\\\/centrourbano.com\\\/revista\\\/#organization\"},\"keywords\":[\"Antonio Rivas Mercado\",\"Casa Rivas Mercado\",\"INAH\",\"INBA\",\"Seduvi\"],\"articleSection\":[\"Arquitectura\"],\"inLanguage\":\"es\",\"potentialAction\":[{\"@type\":\"CommentAction\",\"name\":\"Comment\",\"target\":[\"https:\\\/\\\/centrourbano.com\\\/revista\\\/arquitectura-2\\\/alistan-rehabilitacion-de-monumento-historico\\\/#respond\"]}]},{\"@type\":\"WebPage\",\"@id\":\"https:\\\/\\\/centrourbano.com\\\/revista\\\/arquitectura-2\\\/alistan-rehabilitacion-de-monumento-historico\\\/\",\"url\":\"https:\\\/\\\/centrourbano.com\\\/revista\\\/arquitectura-2\\\/alistan-rehabilitacion-de-monumento-historico\\\/\",\"name\":\"Alistan rehabilitaci\u00f3n de Monumento Hist\u00f3rico -\",\"isPartOf\":{\"@id\":\"https:\\\/\\\/centrourbano.com\\\/revista\\\/#website\"},\"datePublished\":\"2014-07-16T14:08:45+00:00\",\"description\":\"Una vez restaurada La Casa Rivas Mercado, el edificio ser\u00e1 destinado para albergar un centro de educaci\u00f3n musical para orquestas juveniles La Secretar\u00eda\",\"breadcrumb\":{\"@id\":\"https:\\\/\\\/centrourbano.com\\\/revista\\\/arquitectura-2\\\/alistan-rehabilitacion-de-monumento-historico\\\/#breadcrumb\"},\"inLanguage\":\"es\",\"potentialAction\":[{\"@type\":\"ReadAction\",\"target\":[\"https:\\\/\\\/centrourbano.com\\\/revista\\\/arquitectura-2\\\/alistan-rehabilitacion-de-monumento-historico\\\/\"]}]},{\"@type\":\"BreadcrumbList\",\"@id\":\"https:\\\/\\\/centrourbano.com\\\/revista\\\/arquitectura-2\\\/alistan-rehabilitacion-de-monumento-historico\\\/#breadcrumb\",\"itemListElement\":[{\"@type\":\"ListItem\",\"position\":1,\"name\":\"Portada\",\"item\":\"https:\\\/\\\/centrourbano.com\\\/revista\\\/\"},{\"@type\":\"ListItem\",\"position\":2,\"name\":\"Alistan rehabilitaci\u00f3n de Monumento Hist\u00f3rico\"}]},{\"@type\":\"WebSite\",\"@id\":\"https:\\\/\\\/centrourbano.com\\\/revista\\\/#website\",\"url\":\"https:\\\/\\\/centrourbano.com\\\/revista\\\/\",\"name\":\"Centro Urbano\",\"description\":\"Medio especializado en los sectores vivienda, inmobiliario, construcci\u00f3n, arquitectura y urbanismo.\",\"publisher\":{\"@id\":\"https:\\\/\\\/centrourbano.com\\\/revista\\\/#organization\"},\"potentialAction\":[{\"@type\":\"SearchAction\",\"target\":{\"@type\":\"EntryPoint\",\"urlTemplate\":\"https:\\\/\\\/centrourbano.com\\\/revista\\\/?s={search_term_string}\"},\"query-input\":{\"@type\":\"PropertyValueSpecification\",\"valueRequired\":true,\"valueName\":\"search_term_string\"}}],\"inLanguage\":\"es\"},{\"@type\":\"Organization\",\"@id\":\"https:\\\/\\\/centrourbano.com\\\/revista\\\/#organization\",\"name\":\"Centro Urbano\",\"url\":\"https:\\\/\\\/centrourbano.com\\\/revista\\\/\",\"logo\":{\"@type\":\"ImageObject\",\"inLanguage\":\"es\",\"@id\":\"https:\\\/\\\/centrourbano.com\\\/revista\\\/#\\\/schema\\\/logo\\\/image\\\/\",\"url\":\"https:\\\/\\\/centrourbano.com\\\/revista\\\/wp-content\\\/uploads\\\/web_CU_logo-1.png\",\"contentUrl\":\"https:\\\/\\\/centrourbano.com\\\/revista\\\/wp-content\\\/uploads\\\/web_CU_logo-1.png\",\"width\":350,\"height\":91,\"caption\":\"Centro Urbano\"},\"image\":{\"@id\":\"https:\\\/\\\/centrourbano.com\\\/revista\\\/#\\\/schema\\\/logo\\\/image\\\/\"},\"sameAs\":[\"https:\\\/\\\/www.facebook.com\\\/portalcentrourbano\",\"https:\\\/\\\/x.com\\\/CentroUrbano\",\"https:\\\/\\\/www.instagram.com\\\/centro_urbano\\\/\",\"https:\\\/\\\/www.linkedin.com\\\/company\\\/centro-urbano\\\/\",\"http:\\\/\\\/www.youtube.com\\\/user\\\/portalcentrourbano\"]},{\"@type\":\"Person\",\"@id\":\"https:\\\/\\\/centrourbano.com\\\/revista\\\/#\\\/schema\\\/person\\\/b45db815d96831257ba428a3d5a5fbdc\",\"name\":\"Dinorah Nava\",\"image\":{\"@type\":\"ImageObject\",\"inLanguage\":\"es\",\"@id\":\"https:\\\/\\\/secure.gravatar.com\\\/avatar\\\/f6ca6430c51d147f363940f84e1225aa4b8183885c11802cc3b042305a4ecc1a?s=96&d=mm&r=g\",\"url\":\"https:\\\/\\\/secure.gravatar.com\\\/avatar\\\/f6ca6430c51d147f363940f84e1225aa4b8183885c11802cc3b042305a4ecc1a?s=96&d=mm&r=g\",\"contentUrl\":\"https:\\\/\\\/secure.gravatar.com\\\/avatar\\\/f6ca6430c51d147f363940f84e1225aa4b8183885c11802cc3b042305a4ecc1a?s=96&d=mm&r=g\",\"caption\":\"Dinorah Nava\"},\"description\":\"Editora de Contenidos y Estrategias Digitales en Centro Urbano y Coeditora en Peri\u00f3dico Mi Casa. Egresada de la licenciatura en Comunicaci\u00f3n y Periodismo de la Facultad de Estudios Superiores Arag\u00f3n (UNAM). Amante de la edici\u00f3n y correcci\u00f3n de estilo, las redes sociales y el mundo digital. Especialista en temas son arquitectura, inmobiliario y urbanismo.\",\"sameAs\":[\"linkedin.com\\\/in\\\/dinorah-nava\",\"https:\\\/\\\/x.com\\\/https:\\\/\\\/twitter.com\\\/Dinorah_Nava28\"],\"url\":\"https:\\\/\\\/centrourbano.com\\\/revista\\\/author\\\/dinorah-nava\\\/\"}]}<\/script>\n<!-- \/ Yoast SEO plugin. -->","yoast_head_json":{"title":"Alistan rehabilitaci\u00f3n de Monumento Hist\u00f3rico -","description":"Una vez restaurada La Casa Rivas Mercado, el edificio ser\u00e1 destinado para albergar un centro de educaci\u00f3n musical para orquestas juveniles La Secretar\u00eda","robots":{"index":"index","follow":"follow","max-snippet":"max-snippet:-1","max-image-preview":"max-image-preview:large","max-video-preview":"max-video-preview:-1"},"canonical":"https:\/\/centrourbano.com\/revista\/arquitectura-2\/alistan-rehabilitacion-de-monumento-historico\/","og_locale":"es_ES","og_type":"article","og_title":"Alistan rehabilitaci\u00f3n de Monumento Hist\u00f3rico -","og_description":"Una vez restaurada La Casa Rivas Mercado, el edificio ser\u00e1 destinado para albergar un centro de educaci\u00f3n musical para orquestas juveniles La Secretar\u00eda","og_url":"https:\/\/centrourbano.com\/revista\/arquitectura-2\/alistan-rehabilitacion-de-monumento-historico\/","og_site_name":"Centro Urbano","article_publisher":"https:\/\/www.facebook.com\/portalcentrourbano","article_published_time":"2014-07-16T14:08:45+00:00","og_image":[{"width":350,"height":91,"url":"https:\/\/centrourbano.com\/revista\/wp-content\/uploads\/CU-logo.png","type":"image\/png"}],"author":"Dinorah Nava","twitter_card":"summary_large_image","twitter_creator":"@https:\/\/twitter.com\/Dinorah_Nava28","twitter_site":"@CentroUrbano","twitter_misc":{"Escrito por":"Dinorah Nava","Tiempo de lectura":"2 minutos"},"schema":{"@context":"https:\/\/schema.org","@graph":[{"@type":"Article","@id":"https:\/\/centrourbano.com\/revista\/arquitectura-2\/alistan-rehabilitacion-de-monumento-historico\/#article","isPartOf":{"@id":"https:\/\/centrourbano.com\/revista\/arquitectura-2\/alistan-rehabilitacion-de-monumento-historico\/"},"author":{"name":"Dinorah Nava","@id":"https:\/\/centrourbano.com\/revista\/#\/schema\/person\/b45db815d96831257ba428a3d5a5fbdc"},"headline":"Alistan rehabilitaci\u00f3n de Monumento Hist\u00f3rico","datePublished":"2014-07-16T14:08:45+00:00","mainEntityOfPage":{"@id":"https:\/\/centrourbano.com\/revista\/arquitectura-2\/alistan-rehabilitacion-de-monumento-historico\/"},"wordCount":409,"commentCount":0,"publisher":{"@id":"https:\/\/centrourbano.com\/revista\/#organization"},"keywords":["Antonio Rivas Mercado","Casa Rivas Mercado","INAH","INBA","Seduvi"],"articleSection":["Arquitectura"],"inLanguage":"es","potentialAction":[{"@type":"CommentAction","name":"Comment","target":["https:\/\/centrourbano.com\/revista\/arquitectura-2\/alistan-rehabilitacion-de-monumento-historico\/#respond"]}]},{"@type":"WebPage","@id":"https:\/\/centrourbano.com\/revista\/arquitectura-2\/alistan-rehabilitacion-de-monumento-historico\/","url":"https:\/\/centrourbano.com\/revista\/arquitectura-2\/alistan-rehabilitacion-de-monumento-historico\/","name":"Alistan rehabilitaci\u00f3n de Monumento Hist\u00f3rico -","isPartOf":{"@id":"https:\/\/centrourbano.com\/revista\/#website"},"datePublished":"2014-07-16T14:08:45+00:00","description":"Una vez restaurada La Casa Rivas Mercado, el edificio ser\u00e1 destinado para albergar un centro de educaci\u00f3n musical para orquestas juveniles La Secretar\u00eda","breadcrumb":{"@id":"https:\/\/centrourbano.com\/revista\/arquitectura-2\/alistan-rehabilitacion-de-monumento-historico\/#breadcrumb"},"inLanguage":"es","potentialAction":[{"@type":"ReadAction","target":["https:\/\/centrourbano.com\/revista\/arquitectura-2\/alistan-rehabilitacion-de-monumento-historico\/"]}]},{"@type":"BreadcrumbList","@id":"https:\/\/centrourbano.com\/revista\/arquitectura-2\/alistan-rehabilitacion-de-monumento-historico\/#breadcrumb","itemListElement":[{"@type":"ListItem","position":1,"name":"Portada","item":"https:\/\/centrourbano.com\/revista\/"},{"@type":"ListItem","position":2,"name":"Alistan rehabilitaci\u00f3n de Monumento Hist\u00f3rico"}]},{"@type":"WebSite","@id":"https:\/\/centrourbano.com\/revista\/#website","url":"https:\/\/centrourbano.com\/revista\/","name":"Centro Urbano","description":"Medio especializado en los sectores vivienda, inmobiliario, construcci\u00f3n, arquitectura y urbanismo.","publisher":{"@id":"https:\/\/centrourbano.com\/revista\/#organization"},"potentialAction":[{"@type":"SearchAction","target":{"@type":"EntryPoint","urlTemplate":"https:\/\/centrourbano.com\/revista\/?s={search_term_string}"},"query-input":{"@type":"PropertyValueSpecification","valueRequired":true,"valueName":"search_term_string"}}],"inLanguage":"es"},{"@type":"Organization","@id":"https:\/\/centrourbano.com\/revista\/#organization","name":"Centro Urbano","url":"https:\/\/centrourbano.com\/revista\/","logo":{"@type":"ImageObject","inLanguage":"es","@id":"https:\/\/centrourbano.com\/revista\/#\/schema\/logo\/image\/","url":"https:\/\/centrourbano.com\/revista\/wp-content\/uploads\/web_CU_logo-1.png","contentUrl":"https:\/\/centrourbano.com\/revista\/wp-content\/uploads\/web_CU_logo-1.png","width":350,"height":91,"caption":"Centro Urbano"},"image":{"@id":"https:\/\/centrourbano.com\/revista\/#\/schema\/logo\/image\/"},"sameAs":["https:\/\/www.facebook.com\/portalcentrourbano","https:\/\/x.com\/CentroUrbano","https:\/\/www.instagram.com\/centro_urbano\/","https:\/\/www.linkedin.com\/company\/centro-urbano\/","http:\/\/www.youtube.com\/user\/portalcentrourbano"]},{"@type":"Person","@id":"https:\/\/centrourbano.com\/revista\/#\/schema\/person\/b45db815d96831257ba428a3d5a5fbdc","name":"Dinorah Nava","image":{"@type":"ImageObject","inLanguage":"es","@id":"https:\/\/secure.gravatar.com\/avatar\/f6ca6430c51d147f363940f84e1225aa4b8183885c11802cc3b042305a4ecc1a?s=96&d=mm&r=g","url":"https:\/\/secure.gravatar.com\/avatar\/f6ca6430c51d147f363940f84e1225aa4b8183885c11802cc3b042305a4ecc1a?s=96&d=mm&r=g","contentUrl":"https:\/\/secure.gravatar.com\/avatar\/f6ca6430c51d147f363940f84e1225aa4b8183885c11802cc3b042305a4ecc1a?s=96&d=mm&r=g","caption":"Dinorah Nava"},"description":"Editora de Contenidos y Estrategias Digitales en Centro Urbano y Coeditora en Peri\u00f3dico Mi Casa. Egresada de la licenciatura en Comunicaci\u00f3n y Periodismo de la Facultad de Estudios Superiores Arag\u00f3n (UNAM). Amante de la edici\u00f3n y correcci\u00f3n de estilo, las redes sociales y el mundo digital. Especialista en temas son arquitectura, inmobiliario y urbanismo.","sameAs":["linkedin.com\/in\/dinorah-nava","https:\/\/x.com\/https:\/\/twitter.com\/Dinorah_Nava28"],"url":"https:\/\/centrourbano.com\/revista\/author\/dinorah-nava\/"}]}},"_links":{"self":[{"href":"https:\/\/centrourbano.com\/revista\/wp-json\/wp\/v2\/posts\/8623","targetHints":{"allow":["GET"]}}],"collection":[{"href":"https:\/\/centrourbano.com\/revista\/wp-json\/wp\/v2\/posts"}],"about":[{"href":"https:\/\/centrourbano.com\/revista\/wp-json\/wp\/v2\/types\/post"}],"author":[{"embeddable":true,"href":"https:\/\/centrourbano.com\/revista\/wp-json\/wp\/v2\/users\/9"}],"replies":[{"embeddable":true,"href":"https:\/\/centrourbano.com\/revista\/wp-json\/wp\/v2\/comments?post=8623"}],"version-history":[{"count":0,"href":"https:\/\/centrourbano.com\/revista\/wp-json\/wp\/v2\/posts\/8623\/revisions"}],"wp:attachment":[{"href":"https:\/\/centrourbano.com\/revista\/wp-json\/wp\/v2\/media?parent=8623"}],"wp:term":[{"taxonomy":"category","embeddable":true,"href":"https:\/\/centrourbano.com\/revista\/wp-json\/wp\/v2\/categories?post=8623"},{"taxonomy":"post_tag","embeddable":true,"href":"https:\/\/centrourbano.com\/revista\/wp-json\/wp\/v2\/tags?post=8623"}],"curies":[{"name":"wp","href":"https:\/\/api.w.org\/{rel}","templated":true}]}}