{"id":86060,"date":"2019-02-11T16:19:26","date_gmt":"2019-02-11T22:19:26","guid":{"rendered":"https:\/\/centrourbano.com\/?p=86060"},"modified":"2019-02-11T16:38:49","modified_gmt":"2019-02-11T22:38:49","slug":"buscan-modificar-ley-vivienda-impulsar-areas-verdes","status":"publish","type":"post","link":"https:\/\/centrourbano.com\/revista\/vivienda\/buscan-modificar-ley-vivienda-impulsar-areas-verdes\/","title":{"rendered":"Buscan modificar Ley de Vivienda para impulsar \u00e1reas verdes"},"content":{"rendered":"<p><em>El objetivo es establecer l\u00edmites m\u00ednimos para \u00e1reas verdes en fraccionamientos<\/em><!--more--><\/p>\n<p><strong>Beatriz Manrique Guevara<\/strong>, diputada de la fracci\u00f3n parlamentaria del Partido Verde Ecologista de M\u00e9xico (<strong>PVEM<\/strong>) present\u00f3 una iniciativa para modificar la <strong>Ley de Vivienda<\/strong>. El planteamiento, explic\u00f3 la legisladora, busca establecer que los proyectos habitacionales destinen por lo menos 10% del espacio contemplado para \u00e1reas verdes.<\/p>\n<p>Al presentar la iniciativa, la diputada destac\u00f3 que al no contar con ordenamientos jur\u00eddicos que impulsen el tema ambiental como elemento clave del desarrollo de proyectos inmobiliarios, concretamente en vivienda, se abre la puerta para que se destine una mayor cantidad de suelo a la edificaci\u00f3n y pavimentaci\u00f3n. De manera particular, se\u00f1al\u00f3 que en las normas de construcci\u00f3n no existen especificaciones que velen por las \u00e1reas verdes.<\/p>\n<blockquote><p>\u201cEn la construcci\u00f3n de desarrollos urbanos se sacrifica el entorno natural en las que est\u00e1n asentadas, originando contaminaci\u00f3n citadina que incluye dentro de sus principales elementos, desechos no reciclables, gases nocivos expedidos por autom\u00f3viles e industrias y finalmente contaminaci\u00f3n s\u00f3nica\u201d, dijo.<\/p><\/blockquote>\n<p>A decir de la diputada, en el caso de Zonas Metropolitanas resulta fundamental pugnar por elementos que impulsen las \u00e1reas verdes. Manifest\u00f3 que en estas regiones es donde m\u00e1s se presenta la p\u00e9rdida de \u00e1reas verdes y m\u00e1s da\u00f1o se hace al medio ambiente.<\/p>\n<p>Seg\u00fan lo expuesto por la legisladora, la medida tiene como fin garantizar que todas desarrollos habitacionales incluyan un espacio destinado para \u00e1reas verdes.<\/p>\n<p>&nbsp;<\/p>\n<p style=\"text-align: center;\"><em><strong>Te podr\u00eda interesar:<\/strong><\/em><a href=\"https:\/\/centrourbano.com\/revista\/wp-content\/uploads\/Pide-Rom\u00e1n-Meyer_Ley-de-Vivienda_Nota.jpg\" target=\"_blank\" rel=\"noopener noreferrer\"><img loading=\"lazy\" decoding=\"async\" class=\"aligncenter wp-image-86066\" src=\"https:\/\/centrourbano.com\/revista\/wp-content\/uploads\/Pide-Rom\u00e1n-Meyer_Ley-de-Vivienda_Nota.jpg\" alt=\"\" width=\"450\" height=\"341\" srcset=\"https:\/\/centrourbano.com\/revista\/wp-content\/uploads\/Pide-Rom\u00e1n-Meyer_Ley-de-Vivienda_Nota.jpg 605w, https:\/\/centrourbano.com\/revista\/wp-content\/uploads\/Pide-Rom\u00e1n-Meyer_Ley-de-Vivienda_Nota-300x227.jpg 300w, https:\/\/centrourbano.com\/revista\/wp-content\/uploads\/Pide-Rom\u00e1n-Meyer_Ley-de-Vivienda_Nota-100x75.jpg 100w\" sizes=\"auto, (max-width: 450px) 100vw, 450px\" \/><\/a><\/p>\n","protected":false},"excerpt":{"rendered":"<p>El objetivo es establecer l\u00edmites m\u00ednimos para \u00e1reas verdes en fraccionamientos<\/p>\n","protected":false},"author":47,"featured_media":16359,"comment_status":"open","ping_status":"closed","sticky":false,"template":"","format":"standard","meta":{"om_disable_all_campaigns":false,"inline_featured_image":false,"_monsterinsights_skip_tracking":false,"_monsterinsights_sitenote_active":false,"_monsterinsights_sitenote_note":"","_monsterinsights_sitenote_category":0,"footnotes":""},"categories":[12],"tags":[15319,197,1108,4764,257,60],"class_list":["post-86060","post","type-post","status-publish","format-standard","has-post-thumbnail","hentry","category-vivienda","tag-beatriz-manrique-guevara","tag-camara-de-diputados","tag-ley-de-vivienda","tag-partido-verde-ecologista-de-mexico","tag-pvem","tag-vivienda-2"],"yoast_head":"<!-- This site is optimized with the Yoast SEO plugin v27.5 - https:\/\/yoast.com\/product\/yoast-seo-wordpress\/ -->\n<title>Buscan modificar Ley de Vivienda para impulsar \u00e1reas verdes<\/title>\n<meta name=\"description\" content=\"Beatriz Manrique Guevara, diputada de la fracci\u00f3n parlamentaria del Partido Verde Ecologista de M\u00e9xico (PVEM) present\u00f3 una iniciativa...\" \/>\n<meta name=\"robots\" content=\"index, follow, max-snippet:-1, max-image-preview:large, max-video-preview:-1\" \/>\n<link rel=\"canonical\" href=\"https:\/\/centrourbano.com\/revista\/vivienda\/buscan-modificar-ley-vivienda-impulsar-areas-verdes\/\" \/>\n<meta property=\"og:locale\" content=\"es_ES\" \/>\n<meta property=\"og:type\" content=\"article\" \/>\n<meta property=\"og:title\" content=\"Buscan modificar Ley de Vivienda para impulsar \u00e1reas verdes\" \/>\n<meta property=\"og:description\" content=\"Beatriz Manrique Guevara, diputada de la fracci\u00f3n parlamentaria del Partido Verde Ecologista de M\u00e9xico (PVEM) present\u00f3 una iniciativa...\" \/>\n<meta property=\"og:url\" content=\"https:\/\/centrourbano.com\/revista\/vivienda\/buscan-modificar-ley-vivienda-impulsar-areas-verdes\/\" \/>\n<meta property=\"og:site_name\" content=\"Centro Urbano\" \/>\n<meta property=\"article:publisher\" content=\"https:\/\/www.facebook.com\/portalcentrourbano\" \/>\n<meta property=\"article:published_time\" content=\"2019-02-11T22:19:26+00:00\" \/>\n<meta property=\"article:modified_time\" content=\"2019-02-11T22:38:49+00:00\" \/>\n<meta property=\"og:image\" content=\"https:\/\/centrourbano.com\/revista\/wp-content\/uploads\/Camara-de-Diputados1-e1542907330618.jpg\" \/>\n\t<meta property=\"og:image:width\" content=\"800\" \/>\n\t<meta property=\"og:image:height\" content=\"533\" \/>\n\t<meta property=\"og:image:type\" content=\"image\/jpeg\" \/>\n<meta name=\"author\" content=\"Edgar Rosas\" \/>\n<meta name=\"twitter:card\" content=\"summary_large_image\" \/>\n<meta name=\"twitter:creator\" content=\"@https:\/\/twitter.com\/ERosasCU?s=09\" \/>\n<meta name=\"twitter:site\" content=\"@CentroUrbano\" \/>\n<meta name=\"twitter:label1\" content=\"Escrito por\" \/>\n\t<meta name=\"twitter:data1\" content=\"Edgar Rosas\" \/>\n\t<meta name=\"twitter:label2\" content=\"Tiempo de lectura\" \/>\n\t<meta name=\"twitter:data2\" content=\"1 minuto\" \/>\n<script type=\"application\/ld+json\" class=\"yoast-schema-graph\">{\"@context\":\"https:\\\/\\\/schema.org\",\"@graph\":[{\"@type\":\"Article\",\"@id\":\"https:\\\/\\\/centrourbano.com\\\/revista\\\/vivienda\\\/buscan-modificar-ley-vivienda-impulsar-areas-verdes\\\/#article\",\"isPartOf\":{\"@id\":\"https:\\\/\\\/centrourbano.com\\\/revista\\\/vivienda\\\/buscan-modificar-ley-vivienda-impulsar-areas-verdes\\\/\"},\"author\":{\"name\":\"Edgar Rosas\",\"@id\":\"https:\\\/\\\/centrourbano.com\\\/revista\\\/#\\\/schema\\\/person\\\/131fd76fa17f4ca2c25c65a74d97c6b6\"},\"headline\":\"Buscan modificar Ley de Vivienda para impulsar \u00e1reas verdes\",\"datePublished\":\"2019-02-11T22:19:26+00:00\",\"dateModified\":\"2019-02-11T22:38:49+00:00\",\"mainEntityOfPage\":{\"@id\":\"https:\\\/\\\/centrourbano.com\\\/revista\\\/vivienda\\\/buscan-modificar-ley-vivienda-impulsar-areas-verdes\\\/\"},\"wordCount\":265,\"commentCount\":0,\"publisher\":{\"@id\":\"https:\\\/\\\/centrourbano.com\\\/revista\\\/#organization\"},\"image\":{\"@id\":\"https:\\\/\\\/centrourbano.com\\\/revista\\\/vivienda\\\/buscan-modificar-ley-vivienda-impulsar-areas-verdes\\\/#primaryimage\"},\"thumbnailUrl\":\"https:\\\/\\\/centrourbano.com\\\/revista\\\/wp-content\\\/uploads\\\/Camara-de-Diputados1-e1542907330618.jpg\",\"keywords\":[\"Beatriz Manrique Guevara\",\"C\u00e1mara de diputados\",\"Ley de vivienda\",\"Partido Verde Ecologista de M\u00e9xico\",\"PVEM\",\"vivienda\"],\"articleSection\":[\"Vivienda\"],\"inLanguage\":\"es\",\"potentialAction\":[{\"@type\":\"CommentAction\",\"name\":\"Comment\",\"target\":[\"https:\\\/\\\/centrourbano.com\\\/revista\\\/vivienda\\\/buscan-modificar-ley-vivienda-impulsar-areas-verdes\\\/#respond\"]}]},{\"@type\":\"WebPage\",\"@id\":\"https:\\\/\\\/centrourbano.com\\\/revista\\\/vivienda\\\/buscan-modificar-ley-vivienda-impulsar-areas-verdes\\\/\",\"url\":\"https:\\\/\\\/centrourbano.com\\\/revista\\\/vivienda\\\/buscan-modificar-ley-vivienda-impulsar-areas-verdes\\\/\",\"name\":\"Buscan modificar Ley de Vivienda para impulsar \u00e1reas verdes\",\"isPartOf\":{\"@id\":\"https:\\\/\\\/centrourbano.com\\\/revista\\\/#website\"},\"primaryImageOfPage\":{\"@id\":\"https:\\\/\\\/centrourbano.com\\\/revista\\\/vivienda\\\/buscan-modificar-ley-vivienda-impulsar-areas-verdes\\\/#primaryimage\"},\"image\":{\"@id\":\"https:\\\/\\\/centrourbano.com\\\/revista\\\/vivienda\\\/buscan-modificar-ley-vivienda-impulsar-areas-verdes\\\/#primaryimage\"},\"thumbnailUrl\":\"https:\\\/\\\/centrourbano.com\\\/revista\\\/wp-content\\\/uploads\\\/Camara-de-Diputados1-e1542907330618.jpg\",\"datePublished\":\"2019-02-11T22:19:26+00:00\",\"dateModified\":\"2019-02-11T22:38:49+00:00\",\"description\":\"Beatriz Manrique Guevara, diputada de la fracci\u00f3n parlamentaria del Partido Verde Ecologista de M\u00e9xico (PVEM) present\u00f3 una iniciativa...\",\"breadcrumb\":{\"@id\":\"https:\\\/\\\/centrourbano.com\\\/revista\\\/vivienda\\\/buscan-modificar-ley-vivienda-impulsar-areas-verdes\\\/#breadcrumb\"},\"inLanguage\":\"es\",\"potentialAction\":[{\"@type\":\"ReadAction\",\"target\":[\"https:\\\/\\\/centrourbano.com\\\/revista\\\/vivienda\\\/buscan-modificar-ley-vivienda-impulsar-areas-verdes\\\/\"]}]},{\"@type\":\"ImageObject\",\"inLanguage\":\"es\",\"@id\":\"https:\\\/\\\/centrourbano.com\\\/revista\\\/vivienda\\\/buscan-modificar-ley-vivienda-impulsar-areas-verdes\\\/#primaryimage\",\"url\":\"https:\\\/\\\/centrourbano.com\\\/revista\\\/wp-content\\\/uploads\\\/Camara-de-Diputados1-e1542907330618.jpg\",\"contentUrl\":\"https:\\\/\\\/centrourbano.com\\\/revista\\\/wp-content\\\/uploads\\\/Camara-de-Diputados1-e1542907330618.jpg\",\"width\":800,\"height\":533,\"caption\":\"Impulsar\u00e1n iniciativa de ley para una movilidad segura\"},{\"@type\":\"BreadcrumbList\",\"@id\":\"https:\\\/\\\/centrourbano.com\\\/revista\\\/vivienda\\\/buscan-modificar-ley-vivienda-impulsar-areas-verdes\\\/#breadcrumb\",\"itemListElement\":[{\"@type\":\"ListItem\",\"position\":1,\"name\":\"Portada\",\"item\":\"https:\\\/\\\/centrourbano.com\\\/revista\\\/\"},{\"@type\":\"ListItem\",\"position\":2,\"name\":\"Buscan modificar Ley de Vivienda para impulsar \u00e1reas verdes\"}]},{\"@type\":\"WebSite\",\"@id\":\"https:\\\/\\\/centrourbano.com\\\/revista\\\/#website\",\"url\":\"https:\\\/\\\/centrourbano.com\\\/revista\\\/\",\"name\":\"Centro Urbano\",\"description\":\"Medio especializado en los sectores vivienda, inmobiliario, construcci\u00f3n, arquitectura y urbanismo.\",\"publisher\":{\"@id\":\"https:\\\/\\\/centrourbano.com\\\/revista\\\/#organization\"},\"potentialAction\":[{\"@type\":\"SearchAction\",\"target\":{\"@type\":\"EntryPoint\",\"urlTemplate\":\"https:\\\/\\\/centrourbano.com\\\/revista\\\/?s={search_term_string}\"},\"query-input\":{\"@type\":\"PropertyValueSpecification\",\"valueRequired\":true,\"valueName\":\"search_term_string\"}}],\"inLanguage\":\"es\"},{\"@type\":\"Organization\",\"@id\":\"https:\\\/\\\/centrourbano.com\\\/revista\\\/#organization\",\"name\":\"Centro Urbano\",\"url\":\"https:\\\/\\\/centrourbano.com\\\/revista\\\/\",\"logo\":{\"@type\":\"ImageObject\",\"inLanguage\":\"es\",\"@id\":\"https:\\\/\\\/centrourbano.com\\\/revista\\\/#\\\/schema\\\/logo\\\/image\\\/\",\"url\":\"https:\\\/\\\/centrourbano.com\\\/revista\\\/wp-content\\\/uploads\\\/web_CU_logo-1.png\",\"contentUrl\":\"https:\\\/\\\/centrourbano.com\\\/revista\\\/wp-content\\\/uploads\\\/web_CU_logo-1.png\",\"width\":350,\"height\":91,\"caption\":\"Centro Urbano\"},\"image\":{\"@id\":\"https:\\\/\\\/centrourbano.com\\\/revista\\\/#\\\/schema\\\/logo\\\/image\\\/\"},\"sameAs\":[\"https:\\\/\\\/www.facebook.com\\\/portalcentrourbano\",\"https:\\\/\\\/x.com\\\/CentroUrbano\",\"https:\\\/\\\/www.instagram.com\\\/centro_urbano\\\/\",\"https:\\\/\\\/www.linkedin.com\\\/company\\\/centro-urbano\\\/\",\"http:\\\/\\\/www.youtube.com\\\/user\\\/portalcentrourbano\"]},{\"@type\":\"Person\",\"@id\":\"https:\\\/\\\/centrourbano.com\\\/revista\\\/#\\\/schema\\\/person\\\/131fd76fa17f4ca2c25c65a74d97c6b6\",\"name\":\"Edgar Rosas\",\"image\":{\"@type\":\"ImageObject\",\"inLanguage\":\"es\",\"@id\":\"https:\\\/\\\/secure.gravatar.com\\\/avatar\\\/94440c4283495211faa5300bf85e80061036b83fced868c3783aa1310b350d9c?s=96&d=mm&r=g\",\"url\":\"https:\\\/\\\/secure.gravatar.com\\\/avatar\\\/94440c4283495211faa5300bf85e80061036b83fced868c3783aa1310b350d9c?s=96&d=mm&r=g\",\"contentUrl\":\"https:\\\/\\\/secure.gravatar.com\\\/avatar\\\/94440c4283495211faa5300bf85e80061036b83fced868c3783aa1310b350d9c?s=96&d=mm&r=g\",\"caption\":\"Edgar Rosas\"},\"description\":\"Editor en Jefe de Centro Urbano. Egresado de la maestr\u00eda en Periodismo Pol\u00edtico de la Escuela de Periodismo Carlos Septi\u00e9n Garc\u00eda (EPCSG). Estudi\u00f3 la licenciatura en Comunicaci\u00f3n en la Universidad Mexicana. Amante de la cr\u00f3nica y el reportaje. Admirador de Vicente Le\u00f1ero y Miguel \u00c1ngel Granados Chapa.\",\"sameAs\":[\"https:\\\/\\\/x.com\\\/https:\\\/\\\/twitter.com\\\/ERosasCU?s=09\"],\"url\":\"https:\\\/\\\/centrourbano.com\\\/revista\\\/author\\\/edgar-rosas\\\/\"}]}<\/script>\n<!-- \/ Yoast SEO plugin. -->","yoast_head_json":{"title":"Buscan modificar Ley de Vivienda para impulsar \u00e1reas verdes","description":"Beatriz Manrique Guevara, diputada de la fracci\u00f3n parlamentaria del Partido Verde Ecologista de M\u00e9xico (PVEM) present\u00f3 una iniciativa...","robots":{"index":"index","follow":"follow","max-snippet":"max-snippet:-1","max-image-preview":"max-image-preview:large","max-video-preview":"max-video-preview:-1"},"canonical":"https:\/\/centrourbano.com\/revista\/vivienda\/buscan-modificar-ley-vivienda-impulsar-areas-verdes\/","og_locale":"es_ES","og_type":"article","og_title":"Buscan modificar Ley de Vivienda para impulsar \u00e1reas verdes","og_description":"Beatriz Manrique Guevara, diputada de la fracci\u00f3n parlamentaria del Partido Verde Ecologista de M\u00e9xico (PVEM) present\u00f3 una iniciativa...","og_url":"https:\/\/centrourbano.com\/revista\/vivienda\/buscan-modificar-ley-vivienda-impulsar-areas-verdes\/","og_site_name":"Centro Urbano","article_publisher":"https:\/\/www.facebook.com\/portalcentrourbano","article_published_time":"2019-02-11T22:19:26+00:00","article_modified_time":"2019-02-11T22:38:49+00:00","og_image":[{"width":800,"height":533,"url":"https:\/\/centrourbano.com\/revista\/wp-content\/uploads\/Camara-de-Diputados1-e1542907330618.jpg","type":"image\/jpeg"}],"author":"Edgar Rosas","twitter_card":"summary_large_image","twitter_creator":"@https:\/\/twitter.com\/ERosasCU?s=09","twitter_site":"@CentroUrbano","twitter_misc":{"Escrito por":"Edgar Rosas","Tiempo de lectura":"1 minuto"},"schema":{"@context":"https:\/\/schema.org","@graph":[{"@type":"Article","@id":"https:\/\/centrourbano.com\/revista\/vivienda\/buscan-modificar-ley-vivienda-impulsar-areas-verdes\/#article","isPartOf":{"@id":"https:\/\/centrourbano.com\/revista\/vivienda\/buscan-modificar-ley-vivienda-impulsar-areas-verdes\/"},"author":{"name":"Edgar Rosas","@id":"https:\/\/centrourbano.com\/revista\/#\/schema\/person\/131fd76fa17f4ca2c25c65a74d97c6b6"},"headline":"Buscan modificar Ley de Vivienda para impulsar \u00e1reas verdes","datePublished":"2019-02-11T22:19:26+00:00","dateModified":"2019-02-11T22:38:49+00:00","mainEntityOfPage":{"@id":"https:\/\/centrourbano.com\/revista\/vivienda\/buscan-modificar-ley-vivienda-impulsar-areas-verdes\/"},"wordCount":265,"commentCount":0,"publisher":{"@id":"https:\/\/centrourbano.com\/revista\/#organization"},"image":{"@id":"https:\/\/centrourbano.com\/revista\/vivienda\/buscan-modificar-ley-vivienda-impulsar-areas-verdes\/#primaryimage"},"thumbnailUrl":"https:\/\/centrourbano.com\/revista\/wp-content\/uploads\/Camara-de-Diputados1-e1542907330618.jpg","keywords":["Beatriz Manrique Guevara","C\u00e1mara de diputados","Ley de vivienda","Partido Verde Ecologista de M\u00e9xico","PVEM","vivienda"],"articleSection":["Vivienda"],"inLanguage":"es","potentialAction":[{"@type":"CommentAction","name":"Comment","target":["https:\/\/centrourbano.com\/revista\/vivienda\/buscan-modificar-ley-vivienda-impulsar-areas-verdes\/#respond"]}]},{"@type":"WebPage","@id":"https:\/\/centrourbano.com\/revista\/vivienda\/buscan-modificar-ley-vivienda-impulsar-areas-verdes\/","url":"https:\/\/centrourbano.com\/revista\/vivienda\/buscan-modificar-ley-vivienda-impulsar-areas-verdes\/","name":"Buscan modificar Ley de Vivienda para impulsar \u00e1reas verdes","isPartOf":{"@id":"https:\/\/centrourbano.com\/revista\/#website"},"primaryImageOfPage":{"@id":"https:\/\/centrourbano.com\/revista\/vivienda\/buscan-modificar-ley-vivienda-impulsar-areas-verdes\/#primaryimage"},"image":{"@id":"https:\/\/centrourbano.com\/revista\/vivienda\/buscan-modificar-ley-vivienda-impulsar-areas-verdes\/#primaryimage"},"thumbnailUrl":"https:\/\/centrourbano.com\/revista\/wp-content\/uploads\/Camara-de-Diputados1-e1542907330618.jpg","datePublished":"2019-02-11T22:19:26+00:00","dateModified":"2019-02-11T22:38:49+00:00","description":"Beatriz Manrique Guevara, diputada de la fracci\u00f3n parlamentaria del Partido Verde Ecologista de M\u00e9xico (PVEM) present\u00f3 una iniciativa...","breadcrumb":{"@id":"https:\/\/centrourbano.com\/revista\/vivienda\/buscan-modificar-ley-vivienda-impulsar-areas-verdes\/#breadcrumb"},"inLanguage":"es","potentialAction":[{"@type":"ReadAction","target":["https:\/\/centrourbano.com\/revista\/vivienda\/buscan-modificar-ley-vivienda-impulsar-areas-verdes\/"]}]},{"@type":"ImageObject","inLanguage":"es","@id":"https:\/\/centrourbano.com\/revista\/vivienda\/buscan-modificar-ley-vivienda-impulsar-areas-verdes\/#primaryimage","url":"https:\/\/centrourbano.com\/revista\/wp-content\/uploads\/Camara-de-Diputados1-e1542907330618.jpg","contentUrl":"https:\/\/centrourbano.com\/revista\/wp-content\/uploads\/Camara-de-Diputados1-e1542907330618.jpg","width":800,"height":533,"caption":"Impulsar\u00e1n iniciativa de ley para una movilidad segura"},{"@type":"BreadcrumbList","@id":"https:\/\/centrourbano.com\/revista\/vivienda\/buscan-modificar-ley-vivienda-impulsar-areas-verdes\/#breadcrumb","itemListElement":[{"@type":"ListItem","position":1,"name":"Portada","item":"https:\/\/centrourbano.com\/revista\/"},{"@type":"ListItem","position":2,"name":"Buscan modificar Ley de Vivienda para impulsar \u00e1reas verdes"}]},{"@type":"WebSite","@id":"https:\/\/centrourbano.com\/revista\/#website","url":"https:\/\/centrourbano.com\/revista\/","name":"Centro Urbano","description":"Medio especializado en los sectores vivienda, inmobiliario, construcci\u00f3n, arquitectura y urbanismo.","publisher":{"@id":"https:\/\/centrourbano.com\/revista\/#organization"},"potentialAction":[{"@type":"SearchAction","target":{"@type":"EntryPoint","urlTemplate":"https:\/\/centrourbano.com\/revista\/?s={search_term_string}"},"query-input":{"@type":"PropertyValueSpecification","valueRequired":true,"valueName":"search_term_string"}}],"inLanguage":"es"},{"@type":"Organization","@id":"https:\/\/centrourbano.com\/revista\/#organization","name":"Centro Urbano","url":"https:\/\/centrourbano.com\/revista\/","logo":{"@type":"ImageObject","inLanguage":"es","@id":"https:\/\/centrourbano.com\/revista\/#\/schema\/logo\/image\/","url":"https:\/\/centrourbano.com\/revista\/wp-content\/uploads\/web_CU_logo-1.png","contentUrl":"https:\/\/centrourbano.com\/revista\/wp-content\/uploads\/web_CU_logo-1.png","width":350,"height":91,"caption":"Centro Urbano"},"image":{"@id":"https:\/\/centrourbano.com\/revista\/#\/schema\/logo\/image\/"},"sameAs":["https:\/\/www.facebook.com\/portalcentrourbano","https:\/\/x.com\/CentroUrbano","https:\/\/www.instagram.com\/centro_urbano\/","https:\/\/www.linkedin.com\/company\/centro-urbano\/","http:\/\/www.youtube.com\/user\/portalcentrourbano"]},{"@type":"Person","@id":"https:\/\/centrourbano.com\/revista\/#\/schema\/person\/131fd76fa17f4ca2c25c65a74d97c6b6","name":"Edgar Rosas","image":{"@type":"ImageObject","inLanguage":"es","@id":"https:\/\/secure.gravatar.com\/avatar\/94440c4283495211faa5300bf85e80061036b83fced868c3783aa1310b350d9c?s=96&d=mm&r=g","url":"https:\/\/secure.gravatar.com\/avatar\/94440c4283495211faa5300bf85e80061036b83fced868c3783aa1310b350d9c?s=96&d=mm&r=g","contentUrl":"https:\/\/secure.gravatar.com\/avatar\/94440c4283495211faa5300bf85e80061036b83fced868c3783aa1310b350d9c?s=96&d=mm&r=g","caption":"Edgar Rosas"},"description":"Editor en Jefe de Centro Urbano. Egresado de la maestr\u00eda en Periodismo Pol\u00edtico de la Escuela de Periodismo Carlos Septi\u00e9n Garc\u00eda (EPCSG). Estudi\u00f3 la licenciatura en Comunicaci\u00f3n en la Universidad Mexicana. Amante de la cr\u00f3nica y el reportaje. Admirador de Vicente Le\u00f1ero y Miguel \u00c1ngel Granados Chapa.","sameAs":["https:\/\/x.com\/https:\/\/twitter.com\/ERosasCU?s=09"],"url":"https:\/\/centrourbano.com\/revista\/author\/edgar-rosas\/"}]}},"_links":{"self":[{"href":"https:\/\/centrourbano.com\/revista\/wp-json\/wp\/v2\/posts\/86060","targetHints":{"allow":["GET"]}}],"collection":[{"href":"https:\/\/centrourbano.com\/revista\/wp-json\/wp\/v2\/posts"}],"about":[{"href":"https:\/\/centrourbano.com\/revista\/wp-json\/wp\/v2\/types\/post"}],"author":[{"embeddable":true,"href":"https:\/\/centrourbano.com\/revista\/wp-json\/wp\/v2\/users\/47"}],"replies":[{"embeddable":true,"href":"https:\/\/centrourbano.com\/revista\/wp-json\/wp\/v2\/comments?post=86060"}],"version-history":[{"count":4,"href":"https:\/\/centrourbano.com\/revista\/wp-json\/wp\/v2\/posts\/86060\/revisions"}],"predecessor-version":[{"id":86069,"href":"https:\/\/centrourbano.com\/revista\/wp-json\/wp\/v2\/posts\/86060\/revisions\/86069"}],"wp:featuredmedia":[{"embeddable":true,"href":"https:\/\/centrourbano.com\/revista\/wp-json\/wp\/v2\/media\/16359"}],"wp:attachment":[{"href":"https:\/\/centrourbano.com\/revista\/wp-json\/wp\/v2\/media?parent=86060"}],"wp:term":[{"taxonomy":"category","embeddable":true,"href":"https:\/\/centrourbano.com\/revista\/wp-json\/wp\/v2\/categories?post=86060"},{"taxonomy":"post_tag","embeddable":true,"href":"https:\/\/centrourbano.com\/revista\/wp-json\/wp\/v2\/tags?post=86060"}],"curies":[{"name":"wp","href":"https:\/\/api.w.org\/{rel}","templated":true}]}}