{"id":86012,"date":"2019-02-11T10:29:28","date_gmt":"2019-02-11T16:29:28","guid":{"rendered":"https:\/\/centrourbano.com\/?p=86012"},"modified":"2019-02-11T10:39:30","modified_gmt":"2019-02-11T16:39:30","slug":"santiago-chile-capital-latinoamericana-mas-ventas-vivienda","status":"publish","type":"post","link":"https:\/\/centrourbano.com\/revista\/vivienda\/santiago-chile-capital-latinoamericana-mas-ventas-vivienda\/","title":{"rendered":"Santiago de Chile, capital con m\u00e1s ventas de vivienda"},"content":{"rendered":"<p><em>Mientras en la CDMX la vivienda Residencial es la de mayores ventas, en Chile y Per\u00fa, las unidades del segmento medio concentran la mayor actividad<\/em><!--more--><\/p>\n<p>Durante el 4T2018, las capitales de M\u00e9xico, Chile, Colombia y Per\u00fa registraron la venta de 28,511 unidades. En este escenario, <strong>Santiago de Chile<\/strong> y su zona metropolitana se ubica como l\u00edder en la venta entre estas naciones, al superar la colocaci\u00f3n de casas en m\u00e1s de 10,000 unidades.<\/p>\n<p style=\"text-align: left;\">De acuerdo con el reporte elaborado por Tinsa, correspondiente a los meses de octubre y diciembre de 2018, la <strong>Ciudad de M\u00e9xico<\/strong> y su zona metropolitana se ubica en el tercer sitio de ventas, s\u00f3lo por arriba de Per\u00fa. Seg\u00fan la informaci\u00f3n, la capital mexicana super\u00f3 las 6,000 viviendas vendidas, mientras que Lima se coloc\u00f3 por arriba de las 2,500 unidades.<\/p>\n<h6 style=\"text-align: center;\">Ventas en el 4T2018<\/h6>\n<div id=\"attachment_86016\" style=\"width: 460px\" class=\"wp-caption aligncenter\"><a href=\"https:\/\/centrourbano.com\/revista\/wp-content\/uploads\/Ventas_Tinsa_Capitales_LATAM.jpg\" target=\"_blank\" rel=\"noopener noreferrer\"><img loading=\"lazy\" decoding=\"async\" aria-describedby=\"caption-attachment-86016\" class=\"wp-image-86016\" src=\"https:\/\/centrourbano.com\/revista\/wp-content\/uploads\/Ventas_Tinsa_Capitales_LATAM-1024x624.jpg\" alt=\"\" width=\"450\" height=\"274\" srcset=\"https:\/\/centrourbano.com\/revista\/wp-content\/uploads\/Ventas_Tinsa_Capitales_LATAM-1024x624.jpg 1024w, https:\/\/centrourbano.com\/revista\/wp-content\/uploads\/Ventas_Tinsa_Capitales_LATAM-300x183.jpg 300w, https:\/\/centrourbano.com\/revista\/wp-content\/uploads\/Ventas_Tinsa_Capitales_LATAM-768x468.jpg 768w, https:\/\/centrourbano.com\/revista\/wp-content\/uploads\/Ventas_Tinsa_Capitales_LATAM.jpg 1044w\" sizes=\"auto, (max-width: 450px) 100vw, 450px\" \/><\/a><p id=\"caption-attachment-86016\" class=\"wp-caption-text\">Fuente: Tomado del Informe de coyuntura inmobiliaria Latinoam\u00e9rica del 4T201 \/ Tinsa.<\/p><\/div>\n<p>En el caso de la din\u00e1mica en la Ciudad de M\u00e9xico, se destaca que el segmento de vivienda con mayor operaciones es el <strong>Residencial<\/strong>, al alcanzar 1,343 unidades desplazadas. En Santiago de Chile, el segmento con las mayores ventas es el M<strong>edio<\/strong>, con 5,140 unidades; para Colombia y Per\u00fa, los segmentos con m\u00e1s ventas son el de Inter\u00e9s Social y Medio, respectivamente.<\/p>\n<p>[quote]\u201cLa capital de Chile reporta 49% de sus unidades vendidas en el segmento Medio de vivienda; en la capital de Colombia el 84% de las unidades vendidas corresponden a los segmentos Vis, Medio y Medio Bajo de vivienda\u201d, se\u00f1al\u00f3 el reporte.\u00a0[\/quote]<\/p>\n<p>&nbsp;<\/p>\n<p style=\"text-align: center;\"><strong><em>Te podr\u00eda interesar:<\/em><\/strong><a href=\"https:\/\/centrourbano.com\/2019\/01\/30\/la-baja-la-venta-vivienda-valle-mexico\/\" target=\"_blank\" rel=\"noopener noreferrer\"><img loading=\"lazy\" decoding=\"async\" class=\"aligncenter wp-image-86020\" src=\"https:\/\/centrourbano.com\/revista\/wp-content\/uploads\/Ventas-VM_4T2018_Nota.jpg\" alt=\"\" width=\"450\" height=\"335\" srcset=\"https:\/\/centrourbano.com\/revista\/wp-content\/uploads\/Ventas-VM_4T2018_Nota.jpg 604w, https:\/\/centrourbano.com\/revista\/wp-content\/uploads\/Ventas-VM_4T2018_Nota-300x223.jpg 300w, https:\/\/centrourbano.com\/revista\/wp-content\/uploads\/Ventas-VM_4T2018_Nota-100x75.jpg 100w\" sizes=\"auto, (max-width: 450px) 100vw, 450px\" \/><\/a><\/p>\n","protected":false},"excerpt":{"rendered":"<p>Mientras en la CDMX la vivienda Residencial es la de mayores ventas, en Chile y Per\u00fa, las unidades del segmento medio concentran la mayor actividad<\/p>\n","protected":false},"author":47,"featured_media":79008,"comment_status":"open","ping_status":"closed","sticky":false,"template":"","format":"standard","meta":{"om_disable_all_campaigns":false,"inline_featured_image":false,"_monsterinsights_skip_tracking":false,"_monsterinsights_sitenote_active":false,"_monsterinsights_sitenote_note":"","_monsterinsights_sitenote_category":0,"footnotes":""},"categories":[12],"tags":[2160,15316,290,737,2727,4992,4954,60],"class_list":["post-86012","post","type-post","status-publish","format-standard","has-post-thumbnail","hentry","category-vivienda","tag-bogota","tag-capitales","tag-ciudad-de-mexico","tag-latinoamerica","tag-lima","tag-santiago","tag-ventas","tag-vivienda-2"],"yoast_head":"<!-- This site is optimized with the Yoast SEO plugin v27.5 - https:\/\/yoast.com\/product\/yoast-seo-wordpress\/ -->\n<title>Santiago de Chile, capital latinoamericana con m\u00e1s ventas de vivienda<\/title>\n<meta name=\"description\" content=\"Durante el 4T2018, las capitales de M\u00e9xico, Chile, Colombia y Per\u00fa registraron la venta de 28,511 unidades. En este escenario, Santiago de Chile...\" \/>\n<meta name=\"robots\" content=\"index, follow, max-snippet:-1, max-image-preview:large, max-video-preview:-1\" \/>\n<link rel=\"canonical\" href=\"https:\/\/centrourbano.com\/revista\/vivienda\/santiago-chile-capital-latinoamericana-mas-ventas-vivienda\/\" \/>\n<meta property=\"og:locale\" content=\"es_ES\" \/>\n<meta property=\"og:type\" content=\"article\" \/>\n<meta property=\"og:title\" content=\"Santiago de Chile, capital latinoamericana con m\u00e1s ventas de vivienda\" \/>\n<meta property=\"og:description\" content=\"Durante el 4T2018, las capitales de M\u00e9xico, Chile, Colombia y Per\u00fa registraron la venta de 28,511 unidades. En este escenario, Santiago de Chile...\" \/>\n<meta property=\"og:url\" content=\"https:\/\/centrourbano.com\/revista\/vivienda\/santiago-chile-capital-latinoamericana-mas-ventas-vivienda\/\" \/>\n<meta property=\"og:site_name\" content=\"Centro Urbano\" \/>\n<meta property=\"article:publisher\" content=\"https:\/\/www.facebook.com\/portalcentrourbano\" \/>\n<meta property=\"article:published_time\" content=\"2019-02-11T16:29:28+00:00\" \/>\n<meta property=\"article:modified_time\" content=\"2019-02-11T16:39:30+00:00\" \/>\n<meta property=\"og:image\" content=\"https:\/\/centrourbano.com\/revista\/wp-content\/uploads\/vivienda-plus-inmobiliare-amenidades-atractivo-compradores-desarrollos-e1549902561134.jpeg\" \/>\n\t<meta property=\"og:image:width\" content=\"800\" \/>\n\t<meta property=\"og:image:height\" content=\"450\" \/>\n\t<meta property=\"og:image:type\" content=\"image\/jpeg\" \/>\n<meta name=\"author\" content=\"Edgar Rosas\" \/>\n<meta name=\"twitter:card\" content=\"summary_large_image\" \/>\n<meta name=\"twitter:creator\" content=\"@https:\/\/twitter.com\/ERosasCU?s=09\" \/>\n<meta name=\"twitter:site\" content=\"@CentroUrbano\" \/>\n<meta name=\"twitter:label1\" content=\"Escrito por\" \/>\n\t<meta name=\"twitter:data1\" content=\"Edgar Rosas\" \/>\n\t<meta name=\"twitter:label2\" content=\"Tiempo de lectura\" \/>\n\t<meta name=\"twitter:data2\" content=\"1 minuto\" \/>\n<script type=\"application\/ld+json\" class=\"yoast-schema-graph\">{\"@context\":\"https:\\\/\\\/schema.org\",\"@graph\":[{\"@type\":\"Article\",\"@id\":\"https:\\\/\\\/centrourbano.com\\\/revista\\\/vivienda\\\/santiago-chile-capital-latinoamericana-mas-ventas-vivienda\\\/#article\",\"isPartOf\":{\"@id\":\"https:\\\/\\\/centrourbano.com\\\/revista\\\/vivienda\\\/santiago-chile-capital-latinoamericana-mas-ventas-vivienda\\\/\"},\"author\":{\"name\":\"Edgar Rosas\",\"@id\":\"https:\\\/\\\/centrourbano.com\\\/revista\\\/#\\\/schema\\\/person\\\/ff3c00651ce5b1630479d2cd0c2e3ac0\"},\"headline\":\"Santiago de Chile, capital con m\u00e1s ventas de vivienda\",\"datePublished\":\"2019-02-11T16:29:28+00:00\",\"dateModified\":\"2019-02-11T16:39:30+00:00\",\"mainEntityOfPage\":{\"@id\":\"https:\\\/\\\/centrourbano.com\\\/revista\\\/vivienda\\\/santiago-chile-capital-latinoamericana-mas-ventas-vivienda\\\/\"},\"wordCount\":281,\"commentCount\":0,\"publisher\":{\"@id\":\"https:\\\/\\\/centrourbano.com\\\/revista\\\/#organization\"},\"image\":{\"@id\":\"https:\\\/\\\/centrourbano.com\\\/revista\\\/vivienda\\\/santiago-chile-capital-latinoamericana-mas-ventas-vivienda\\\/#primaryimage\"},\"thumbnailUrl\":\"https:\\\/\\\/centrourbano.com\\\/revista\\\/wp-content\\\/uploads\\\/vivienda-plus-inmobiliare-amenidades-atractivo-compradores-desarrollos-e1549902561134.jpeg\",\"keywords\":[\"Bogot\u00e1\",\"Capitales\",\"ciudad de M\u00e9xico\",\"Latinoam\u00e9rica\",\"Lima\",\"Santiago\",\"Ventas\",\"vivienda\"],\"articleSection\":[\"Vivienda\"],\"inLanguage\":\"es\",\"potentialAction\":[{\"@type\":\"CommentAction\",\"name\":\"Comment\",\"target\":[\"https:\\\/\\\/centrourbano.com\\\/revista\\\/vivienda\\\/santiago-chile-capital-latinoamericana-mas-ventas-vivienda\\\/#respond\"]}]},{\"@type\":\"WebPage\",\"@id\":\"https:\\\/\\\/centrourbano.com\\\/revista\\\/vivienda\\\/santiago-chile-capital-latinoamericana-mas-ventas-vivienda\\\/\",\"url\":\"https:\\\/\\\/centrourbano.com\\\/revista\\\/vivienda\\\/santiago-chile-capital-latinoamericana-mas-ventas-vivienda\\\/\",\"name\":\"Santiago de Chile, capital latinoamericana con m\u00e1s ventas de vivienda\",\"isPartOf\":{\"@id\":\"https:\\\/\\\/centrourbano.com\\\/revista\\\/#website\"},\"primaryImageOfPage\":{\"@id\":\"https:\\\/\\\/centrourbano.com\\\/revista\\\/vivienda\\\/santiago-chile-capital-latinoamericana-mas-ventas-vivienda\\\/#primaryimage\"},\"image\":{\"@id\":\"https:\\\/\\\/centrourbano.com\\\/revista\\\/vivienda\\\/santiago-chile-capital-latinoamericana-mas-ventas-vivienda\\\/#primaryimage\"},\"thumbnailUrl\":\"https:\\\/\\\/centrourbano.com\\\/revista\\\/wp-content\\\/uploads\\\/vivienda-plus-inmobiliare-amenidades-atractivo-compradores-desarrollos-e1549902561134.jpeg\",\"datePublished\":\"2019-02-11T16:29:28+00:00\",\"dateModified\":\"2019-02-11T16:39:30+00:00\",\"description\":\"Durante el 4T2018, las capitales de M\u00e9xico, Chile, Colombia y Per\u00fa registraron la venta de 28,511 unidades. En este escenario, Santiago de Chile...\",\"breadcrumb\":{\"@id\":\"https:\\\/\\\/centrourbano.com\\\/revista\\\/vivienda\\\/santiago-chile-capital-latinoamericana-mas-ventas-vivienda\\\/#breadcrumb\"},\"inLanguage\":\"es\",\"potentialAction\":[{\"@type\":\"ReadAction\",\"target\":[\"https:\\\/\\\/centrourbano.com\\\/revista\\\/vivienda\\\/santiago-chile-capital-latinoamericana-mas-ventas-vivienda\\\/\"]}]},{\"@type\":\"ImageObject\",\"inLanguage\":\"es\",\"@id\":\"https:\\\/\\\/centrourbano.com\\\/revista\\\/vivienda\\\/santiago-chile-capital-latinoamericana-mas-ventas-vivienda\\\/#primaryimage\",\"url\":\"https:\\\/\\\/centrourbano.com\\\/revista\\\/wp-content\\\/uploads\\\/vivienda-plus-inmobiliare-amenidades-atractivo-compradores-desarrollos-e1549902561134.jpeg\",\"contentUrl\":\"https:\\\/\\\/centrourbano.com\\\/revista\\\/wp-content\\\/uploads\\\/vivienda-plus-inmobiliare-amenidades-atractivo-compradores-desarrollos-e1549902561134.jpeg\",\"width\":800,\"height\":450,\"caption\":\"Esta zona se mantiene firme gracias al segmento usado y al mercado en la Roma Norte\"},{\"@type\":\"BreadcrumbList\",\"@id\":\"https:\\\/\\\/centrourbano.com\\\/revista\\\/vivienda\\\/santiago-chile-capital-latinoamericana-mas-ventas-vivienda\\\/#breadcrumb\",\"itemListElement\":[{\"@type\":\"ListItem\",\"position\":1,\"name\":\"Portada\",\"item\":\"https:\\\/\\\/centrourbano.com\\\/revista\\\/\"},{\"@type\":\"ListItem\",\"position\":2,\"name\":\"Santiago de Chile, capital con m\u00e1s ventas de vivienda\"}]},{\"@type\":\"WebSite\",\"@id\":\"https:\\\/\\\/centrourbano.com\\\/revista\\\/#website\",\"url\":\"https:\\\/\\\/centrourbano.com\\\/revista\\\/\",\"name\":\"Centro Urbano\",\"description\":\"Medio especializado en los sectores vivienda, inmobiliario, construcci\u00f3n, arquitectura y urbanismo.\",\"publisher\":{\"@id\":\"https:\\\/\\\/centrourbano.com\\\/revista\\\/#organization\"},\"potentialAction\":[{\"@type\":\"SearchAction\",\"target\":{\"@type\":\"EntryPoint\",\"urlTemplate\":\"https:\\\/\\\/centrourbano.com\\\/revista\\\/?s={search_term_string}\"},\"query-input\":{\"@type\":\"PropertyValueSpecification\",\"valueRequired\":true,\"valueName\":\"search_term_string\"}}],\"inLanguage\":\"es\"},{\"@type\":\"Organization\",\"@id\":\"https:\\\/\\\/centrourbano.com\\\/revista\\\/#organization\",\"name\":\"Centro Urbano\",\"url\":\"https:\\\/\\\/centrourbano.com\\\/revista\\\/\",\"logo\":{\"@type\":\"ImageObject\",\"inLanguage\":\"es\",\"@id\":\"https:\\\/\\\/centrourbano.com\\\/revista\\\/#\\\/schema\\\/logo\\\/image\\\/\",\"url\":\"https:\\\/\\\/centrourbano.com\\\/revista\\\/wp-content\\\/uploads\\\/web_CU_logo-1.png\",\"contentUrl\":\"https:\\\/\\\/centrourbano.com\\\/revista\\\/wp-content\\\/uploads\\\/web_CU_logo-1.png\",\"width\":350,\"height\":91,\"caption\":\"Centro Urbano\"},\"image\":{\"@id\":\"https:\\\/\\\/centrourbano.com\\\/revista\\\/#\\\/schema\\\/logo\\\/image\\\/\"},\"sameAs\":[\"https:\\\/\\\/www.facebook.com\\\/portalcentrourbano\",\"https:\\\/\\\/x.com\\\/CentroUrbano\",\"https:\\\/\\\/www.instagram.com\\\/centro_urbano\\\/\",\"https:\\\/\\\/www.linkedin.com\\\/company\\\/centro-urbano\\\/\",\"http:\\\/\\\/www.youtube.com\\\/user\\\/portalcentrourbano\"]},{\"@type\":\"Person\",\"@id\":\"https:\\\/\\\/centrourbano.com\\\/revista\\\/#\\\/schema\\\/person\\\/ff3c00651ce5b1630479d2cd0c2e3ac0\",\"name\":\"Edgar Rosas\",\"image\":{\"@type\":\"ImageObject\",\"inLanguage\":\"es\",\"@id\":\"https:\\\/\\\/secure.gravatar.com\\\/avatar\\\/94440c4283495211faa5300bf85e80061036b83fced868c3783aa1310b350d9c?s=96&d=mm&r=g\",\"url\":\"https:\\\/\\\/secure.gravatar.com\\\/avatar\\\/94440c4283495211faa5300bf85e80061036b83fced868c3783aa1310b350d9c?s=96&d=mm&r=g\",\"contentUrl\":\"https:\\\/\\\/secure.gravatar.com\\\/avatar\\\/94440c4283495211faa5300bf85e80061036b83fced868c3783aa1310b350d9c?s=96&d=mm&r=g\",\"caption\":\"Edgar Rosas\"},\"description\":\"Editor en Jefe de Centro Urbano. Egresado de la maestr\u00eda en Periodismo Pol\u00edtico de la Escuela de Periodismo Carlos Septi\u00e9n Garc\u00eda (EPCSG). Estudi\u00f3 la licenciatura en Comunicaci\u00f3n en la Universidad Mexicana. Amante de la cr\u00f3nica y el reportaje. Admirador de Vicente Le\u00f1ero y Miguel \u00c1ngel Granados Chapa.\",\"sameAs\":[\"https:\\\/\\\/x.com\\\/https:\\\/\\\/twitter.com\\\/ERosasCU?s=09\"],\"url\":\"https:\\\/\\\/centrourbano.com\\\/revista\\\/author\\\/edgar-rosas\\\/\"}]}<\/script>\n<!-- \/ Yoast SEO plugin. -->","yoast_head_json":{"title":"Santiago de Chile, capital latinoamericana con m\u00e1s ventas de vivienda","description":"Durante el 4T2018, las capitales de M\u00e9xico, Chile, Colombia y Per\u00fa registraron la venta de 28,511 unidades. En este escenario, Santiago de Chile...","robots":{"index":"index","follow":"follow","max-snippet":"max-snippet:-1","max-image-preview":"max-image-preview:large","max-video-preview":"max-video-preview:-1"},"canonical":"https:\/\/centrourbano.com\/revista\/vivienda\/santiago-chile-capital-latinoamericana-mas-ventas-vivienda\/","og_locale":"es_ES","og_type":"article","og_title":"Santiago de Chile, capital latinoamericana con m\u00e1s ventas de vivienda","og_description":"Durante el 4T2018, las capitales de M\u00e9xico, Chile, Colombia y Per\u00fa registraron la venta de 28,511 unidades. En este escenario, Santiago de Chile...","og_url":"https:\/\/centrourbano.com\/revista\/vivienda\/santiago-chile-capital-latinoamericana-mas-ventas-vivienda\/","og_site_name":"Centro Urbano","article_publisher":"https:\/\/www.facebook.com\/portalcentrourbano","article_published_time":"2019-02-11T16:29:28+00:00","article_modified_time":"2019-02-11T16:39:30+00:00","og_image":[{"width":800,"height":450,"url":"https:\/\/centrourbano.com\/revista\/wp-content\/uploads\/vivienda-plus-inmobiliare-amenidades-atractivo-compradores-desarrollos-e1549902561134.jpeg","type":"image\/jpeg"}],"author":"Edgar Rosas","twitter_card":"summary_large_image","twitter_creator":"@https:\/\/twitter.com\/ERosasCU?s=09","twitter_site":"@CentroUrbano","twitter_misc":{"Escrito por":"Edgar Rosas","Tiempo de lectura":"1 minuto"},"schema":{"@context":"https:\/\/schema.org","@graph":[{"@type":"Article","@id":"https:\/\/centrourbano.com\/revista\/vivienda\/santiago-chile-capital-latinoamericana-mas-ventas-vivienda\/#article","isPartOf":{"@id":"https:\/\/centrourbano.com\/revista\/vivienda\/santiago-chile-capital-latinoamericana-mas-ventas-vivienda\/"},"author":{"name":"Edgar Rosas","@id":"https:\/\/centrourbano.com\/revista\/#\/schema\/person\/ff3c00651ce5b1630479d2cd0c2e3ac0"},"headline":"Santiago de Chile, capital con m\u00e1s ventas de vivienda","datePublished":"2019-02-11T16:29:28+00:00","dateModified":"2019-02-11T16:39:30+00:00","mainEntityOfPage":{"@id":"https:\/\/centrourbano.com\/revista\/vivienda\/santiago-chile-capital-latinoamericana-mas-ventas-vivienda\/"},"wordCount":281,"commentCount":0,"publisher":{"@id":"https:\/\/centrourbano.com\/revista\/#organization"},"image":{"@id":"https:\/\/centrourbano.com\/revista\/vivienda\/santiago-chile-capital-latinoamericana-mas-ventas-vivienda\/#primaryimage"},"thumbnailUrl":"https:\/\/centrourbano.com\/revista\/wp-content\/uploads\/vivienda-plus-inmobiliare-amenidades-atractivo-compradores-desarrollos-e1549902561134.jpeg","keywords":["Bogot\u00e1","Capitales","ciudad de M\u00e9xico","Latinoam\u00e9rica","Lima","Santiago","Ventas","vivienda"],"articleSection":["Vivienda"],"inLanguage":"es","potentialAction":[{"@type":"CommentAction","name":"Comment","target":["https:\/\/centrourbano.com\/revista\/vivienda\/santiago-chile-capital-latinoamericana-mas-ventas-vivienda\/#respond"]}]},{"@type":"WebPage","@id":"https:\/\/centrourbano.com\/revista\/vivienda\/santiago-chile-capital-latinoamericana-mas-ventas-vivienda\/","url":"https:\/\/centrourbano.com\/revista\/vivienda\/santiago-chile-capital-latinoamericana-mas-ventas-vivienda\/","name":"Santiago de Chile, capital latinoamericana con m\u00e1s ventas de vivienda","isPartOf":{"@id":"https:\/\/centrourbano.com\/revista\/#website"},"primaryImageOfPage":{"@id":"https:\/\/centrourbano.com\/revista\/vivienda\/santiago-chile-capital-latinoamericana-mas-ventas-vivienda\/#primaryimage"},"image":{"@id":"https:\/\/centrourbano.com\/revista\/vivienda\/santiago-chile-capital-latinoamericana-mas-ventas-vivienda\/#primaryimage"},"thumbnailUrl":"https:\/\/centrourbano.com\/revista\/wp-content\/uploads\/vivienda-plus-inmobiliare-amenidades-atractivo-compradores-desarrollos-e1549902561134.jpeg","datePublished":"2019-02-11T16:29:28+00:00","dateModified":"2019-02-11T16:39:30+00:00","description":"Durante el 4T2018, las capitales de M\u00e9xico, Chile, Colombia y Per\u00fa registraron la venta de 28,511 unidades. En este escenario, Santiago de Chile...","breadcrumb":{"@id":"https:\/\/centrourbano.com\/revista\/vivienda\/santiago-chile-capital-latinoamericana-mas-ventas-vivienda\/#breadcrumb"},"inLanguage":"es","potentialAction":[{"@type":"ReadAction","target":["https:\/\/centrourbano.com\/revista\/vivienda\/santiago-chile-capital-latinoamericana-mas-ventas-vivienda\/"]}]},{"@type":"ImageObject","inLanguage":"es","@id":"https:\/\/centrourbano.com\/revista\/vivienda\/santiago-chile-capital-latinoamericana-mas-ventas-vivienda\/#primaryimage","url":"https:\/\/centrourbano.com\/revista\/wp-content\/uploads\/vivienda-plus-inmobiliare-amenidades-atractivo-compradores-desarrollos-e1549902561134.jpeg","contentUrl":"https:\/\/centrourbano.com\/revista\/wp-content\/uploads\/vivienda-plus-inmobiliare-amenidades-atractivo-compradores-desarrollos-e1549902561134.jpeg","width":800,"height":450,"caption":"Esta zona se mantiene firme gracias al segmento usado y al mercado en la Roma Norte"},{"@type":"BreadcrumbList","@id":"https:\/\/centrourbano.com\/revista\/vivienda\/santiago-chile-capital-latinoamericana-mas-ventas-vivienda\/#breadcrumb","itemListElement":[{"@type":"ListItem","position":1,"name":"Portada","item":"https:\/\/centrourbano.com\/revista\/"},{"@type":"ListItem","position":2,"name":"Santiago de Chile, capital con m\u00e1s ventas de vivienda"}]},{"@type":"WebSite","@id":"https:\/\/centrourbano.com\/revista\/#website","url":"https:\/\/centrourbano.com\/revista\/","name":"Centro Urbano","description":"Medio especializado en los sectores vivienda, inmobiliario, construcci\u00f3n, arquitectura y urbanismo.","publisher":{"@id":"https:\/\/centrourbano.com\/revista\/#organization"},"potentialAction":[{"@type":"SearchAction","target":{"@type":"EntryPoint","urlTemplate":"https:\/\/centrourbano.com\/revista\/?s={search_term_string}"},"query-input":{"@type":"PropertyValueSpecification","valueRequired":true,"valueName":"search_term_string"}}],"inLanguage":"es"},{"@type":"Organization","@id":"https:\/\/centrourbano.com\/revista\/#organization","name":"Centro Urbano","url":"https:\/\/centrourbano.com\/revista\/","logo":{"@type":"ImageObject","inLanguage":"es","@id":"https:\/\/centrourbano.com\/revista\/#\/schema\/logo\/image\/","url":"https:\/\/centrourbano.com\/revista\/wp-content\/uploads\/web_CU_logo-1.png","contentUrl":"https:\/\/centrourbano.com\/revista\/wp-content\/uploads\/web_CU_logo-1.png","width":350,"height":91,"caption":"Centro Urbano"},"image":{"@id":"https:\/\/centrourbano.com\/revista\/#\/schema\/logo\/image\/"},"sameAs":["https:\/\/www.facebook.com\/portalcentrourbano","https:\/\/x.com\/CentroUrbano","https:\/\/www.instagram.com\/centro_urbano\/","https:\/\/www.linkedin.com\/company\/centro-urbano\/","http:\/\/www.youtube.com\/user\/portalcentrourbano"]},{"@type":"Person","@id":"https:\/\/centrourbano.com\/revista\/#\/schema\/person\/ff3c00651ce5b1630479d2cd0c2e3ac0","name":"Edgar Rosas","image":{"@type":"ImageObject","inLanguage":"es","@id":"https:\/\/secure.gravatar.com\/avatar\/94440c4283495211faa5300bf85e80061036b83fced868c3783aa1310b350d9c?s=96&d=mm&r=g","url":"https:\/\/secure.gravatar.com\/avatar\/94440c4283495211faa5300bf85e80061036b83fced868c3783aa1310b350d9c?s=96&d=mm&r=g","contentUrl":"https:\/\/secure.gravatar.com\/avatar\/94440c4283495211faa5300bf85e80061036b83fced868c3783aa1310b350d9c?s=96&d=mm&r=g","caption":"Edgar Rosas"},"description":"Editor en Jefe de Centro Urbano. Egresado de la maestr\u00eda en Periodismo Pol\u00edtico de la Escuela de Periodismo Carlos Septi\u00e9n Garc\u00eda (EPCSG). Estudi\u00f3 la licenciatura en Comunicaci\u00f3n en la Universidad Mexicana. Amante de la cr\u00f3nica y el reportaje. Admirador de Vicente Le\u00f1ero y Miguel \u00c1ngel Granados Chapa.","sameAs":["https:\/\/x.com\/https:\/\/twitter.com\/ERosasCU?s=09"],"url":"https:\/\/centrourbano.com\/revista\/author\/edgar-rosas\/"}]}},"_links":{"self":[{"href":"https:\/\/centrourbano.com\/revista\/wp-json\/wp\/v2\/posts\/86012","targetHints":{"allow":["GET"]}}],"collection":[{"href":"https:\/\/centrourbano.com\/revista\/wp-json\/wp\/v2\/posts"}],"about":[{"href":"https:\/\/centrourbano.com\/revista\/wp-json\/wp\/v2\/types\/post"}],"author":[{"embeddable":true,"href":"https:\/\/centrourbano.com\/revista\/wp-json\/wp\/v2\/users\/47"}],"replies":[{"embeddable":true,"href":"https:\/\/centrourbano.com\/revista\/wp-json\/wp\/v2\/comments?post=86012"}],"version-history":[{"count":7,"href":"https:\/\/centrourbano.com\/revista\/wp-json\/wp\/v2\/posts\/86012\/revisions"}],"predecessor-version":[{"id":86022,"href":"https:\/\/centrourbano.com\/revista\/wp-json\/wp\/v2\/posts\/86012\/revisions\/86022"}],"wp:featuredmedia":[{"embeddable":true,"href":"https:\/\/centrourbano.com\/revista\/wp-json\/wp\/v2\/media\/79008"}],"wp:attachment":[{"href":"https:\/\/centrourbano.com\/revista\/wp-json\/wp\/v2\/media?parent=86012"}],"wp:term":[{"taxonomy":"category","embeddable":true,"href":"https:\/\/centrourbano.com\/revista\/wp-json\/wp\/v2\/categories?post=86012"},{"taxonomy":"post_tag","embeddable":true,"href":"https:\/\/centrourbano.com\/revista\/wp-json\/wp\/v2\/tags?post=86012"}],"curies":[{"name":"wp","href":"https:\/\/api.w.org\/{rel}","templated":true}]}}