{"id":85869,"date":"2019-02-07T13:25:00","date_gmt":"2019-02-07T19:25:00","guid":{"rendered":"https:\/\/centrourbano.com\/?p=85869"},"modified":"2019-02-07T13:25:00","modified_gmt":"2019-02-07T19:25:00","slug":"grupo-lala-se-muda-oficinas-wework-santa-fe","status":"publish","type":"post","link":"https:\/\/centrourbano.com\/revista\/actualidad\/grupo-lala-se-muda-oficinas-wework-santa-fe\/","title":{"rendered":"Grupo LaLa se muda a oficinas de WeWork en Santa Fe"},"content":{"rendered":"<p><em>Santa Fe lidera el mercado de oficinas premium con un inventario de\u00a01.25 millones de m\u00b2<\/em><!--more--><\/p>\n<p><a href=\"https:\/\/www.lala.com.mx\/\" target=\"_blank\" rel=\"noopener noreferrer\">Grupo LaLa<\/a> anunci\u00f3 en su reporte financiero correspondiente al cuarto trimestre de 2018 (4T2018) que a partir de la primera semana de este mes de febrero, sus oficinas corporativas ser\u00edan trasladadas al complejo de <a href=\"https:\/\/www.wework.com\/es-LA\/buildings\/park-plaza--mexico-city--DIF\" target=\"_blank\" rel=\"noopener noreferrer\">WeWork Park Plaza Santa Fe<\/a> para mejorar la productividad de la empresa.<\/p>\n<p><strong>Alejandro Zenteno S\u00e1nchez<\/strong>, director de recursos humanos de LaLa dijo que la alianza entre ambas firmas es un esfuerzo para crear un nuevo entorno de trabajo que fomente el crecimiento de sus empleados y garantice los valores fundamentales de la empresa todos los d\u00edas.<\/p>\n<p>\u00abLos <strong>espacios de trabajo<\/strong> modernos y abiertos en toda la nueva sede de LaLa est\u00e1n dise\u00f1ados para facilitar el trabajo en equipo, la comunicaci\u00f3n, la agilidad y, sobre todo, las mejoras en la productividad y la entrega de resultados (&#8230;)<\/p>\n<p>Buscamos continuamente nuevas formas de brindar a nuestros empleados los mejores entornos de trabajo y herramientas. para optimizar su rendimiento \u00ab, destac\u00f3 el directivo.<\/p>\n<p>Cabe destacar que las oficinas de la empresa a cargo de\u00a0Mauricio Leyva, se ubicaban anteriormente en el Complejo de Samara; a partir de ahora estar\u00e1n en\u00a0Av. Javier Barros Sierra 495, <strong>Park Plaza<\/strong> 3, sexto piso, Zedec Santa Fe.<\/p>\n<p>De acuerdo con datos de <strong>CBRE M\u00e9xico<\/strong>, Santa Fe lidera el mercado de oficinas premium con un inventario de\u00a01.25 millones de m\u00b2 al 3T2018 y una tasa de disponibilidad de 12.29 por ciento.<\/p>\n<p>Por otro lado, Grupo LaLa opera 31 plantas de producci\u00f3n y 176 centros de distribuci\u00f3n en M\u00e9xico, Brasil, Estados Unidos y Centroam\u00e9rica.<\/p>\n","protected":false},"excerpt":{"rendered":"<p>Santa Fe lidera el mercado de oficinas premium con un inventario de\u00a01.25 millones de m\u00b2<\/p>\n","protected":false},"author":69,"featured_media":85873,"comment_status":"open","ping_status":"closed","sticky":false,"template":"","format":"standard","meta":{"om_disable_all_campaigns":false,"inline_featured_image":false,"_monsterinsights_skip_tracking":false,"_monsterinsights_sitenote_active":false,"_monsterinsights_sitenote_note":"","_monsterinsights_sitenote_category":0,"footnotes":""},"categories":[80,15],"tags":[15301,12234,406,58,14489,255,8880],"class_list":["post-85869","post","type-post","status-publish","format-standard","has-post-thumbnail","hentry","category-actualidad","category-inmobiliario","tag-cbremexico","tag-coworking","tag-grupo-lala","tag-oficinas","tag-premium","tag-santa-fe","tag-wework"],"yoast_head":"<!-- This site is optimized with the Yoast SEO plugin v27.5 - https:\/\/yoast.com\/product\/yoast-seo-wordpress\/ -->\n<title>Grupo LaLa se muda a oficinas de WeWork en Santa Fe<\/title>\n<meta name=\"description\" content=\"Santa Fe lidera el mercado de oficinas premium con un inventario de 1.25 millones de m\u00b2\" \/>\n<meta name=\"robots\" content=\"index, follow, max-snippet:-1, max-image-preview:large, max-video-preview:-1\" \/>\n<link rel=\"canonical\" href=\"https:\/\/centrourbano.com\/revista\/actualidad\/grupo-lala-se-muda-oficinas-wework-santa-fe\/\" \/>\n<meta property=\"og:locale\" content=\"es_ES\" \/>\n<meta property=\"og:type\" content=\"article\" \/>\n<meta property=\"og:title\" content=\"Grupo LaLa se muda a oficinas de WeWork en Santa Fe\" \/>\n<meta property=\"og:description\" content=\"Santa Fe lidera el mercado de oficinas premium con un inventario de 1.25 millones de m\u00b2\" \/>\n<meta property=\"og:url\" content=\"https:\/\/centrourbano.com\/revista\/actualidad\/grupo-lala-se-muda-oficinas-wework-santa-fe\/\" \/>\n<meta property=\"og:site_name\" content=\"Centro Urbano\" \/>\n<meta property=\"article:publisher\" content=\"https:\/\/www.facebook.com\/portalcentrourbano\" \/>\n<meta property=\"article:published_time\" content=\"2019-02-07T19:25:00+00:00\" \/>\n<meta property=\"og:image\" content=\"https:\/\/centrourbano.com\/revista\/wp-content\/uploads\/20180116_WeWork_Park_Plaza_-_Common_Areas_-_Wide-3.jpg\" \/>\n\t<meta property=\"og:image:width\" content=\"1200\" \/>\n\t<meta property=\"og:image:height\" content=\"600\" \/>\n\t<meta property=\"og:image:type\" content=\"image\/jpeg\" \/>\n<meta name=\"author\" content=\"Fernando Navarrete\" \/>\n<meta name=\"twitter:card\" content=\"summary_large_image\" \/>\n<meta name=\"twitter:creator\" content=\"@CentroUrbano\" \/>\n<meta name=\"twitter:site\" content=\"@CentroUrbano\" \/>\n<meta name=\"twitter:label1\" content=\"Escrito por\" \/>\n\t<meta name=\"twitter:data1\" content=\"Fernando Navarrete\" \/>\n\t<meta name=\"twitter:label2\" content=\"Tiempo de lectura\" \/>\n\t<meta name=\"twitter:data2\" content=\"1 minuto\" \/>\n<script type=\"application\/ld+json\" class=\"yoast-schema-graph\">{\"@context\":\"https:\\\/\\\/schema.org\",\"@graph\":[{\"@type\":\"Article\",\"@id\":\"https:\\\/\\\/centrourbano.com\\\/revista\\\/actualidad\\\/grupo-lala-se-muda-oficinas-wework-santa-fe\\\/#article\",\"isPartOf\":{\"@id\":\"https:\\\/\\\/centrourbano.com\\\/revista\\\/actualidad\\\/grupo-lala-se-muda-oficinas-wework-santa-fe\\\/\"},\"author\":{\"name\":\"Fernando Navarrete\",\"@id\":\"https:\\\/\\\/centrourbano.com\\\/revista\\\/#\\\/schema\\\/person\\\/2dd6b735ee955456b538202c353e2442\"},\"headline\":\"Grupo LaLa se muda a oficinas de WeWork en Santa Fe\",\"datePublished\":\"2019-02-07T19:25:00+00:00\",\"mainEntityOfPage\":{\"@id\":\"https:\\\/\\\/centrourbano.com\\\/revista\\\/actualidad\\\/grupo-lala-se-muda-oficinas-wework-santa-fe\\\/\"},\"wordCount\":279,\"commentCount\":0,\"publisher\":{\"@id\":\"https:\\\/\\\/centrourbano.com\\\/revista\\\/#organization\"},\"image\":{\"@id\":\"https:\\\/\\\/centrourbano.com\\\/revista\\\/actualidad\\\/grupo-lala-se-muda-oficinas-wework-santa-fe\\\/#primaryimage\"},\"thumbnailUrl\":\"https:\\\/\\\/centrourbano.com\\\/revista\\\/wp-content\\\/uploads\\\/20180116_WeWork_Park_Plaza_-_Common_Areas_-_Wide-3.jpg\",\"keywords\":[\"CBREM\u00e9xico\",\"Coworking\",\"Grupo Lala\",\"oficinas\",\"premium\",\"Santa Fe\",\"WeWork\"],\"articleSection\":[\"Actualidad\",\"Inmobiliario\"],\"inLanguage\":\"es\",\"potentialAction\":[{\"@type\":\"CommentAction\",\"name\":\"Comment\",\"target\":[\"https:\\\/\\\/centrourbano.com\\\/revista\\\/actualidad\\\/grupo-lala-se-muda-oficinas-wework-santa-fe\\\/#respond\"]}]},{\"@type\":\"WebPage\",\"@id\":\"https:\\\/\\\/centrourbano.com\\\/revista\\\/actualidad\\\/grupo-lala-se-muda-oficinas-wework-santa-fe\\\/\",\"url\":\"https:\\\/\\\/centrourbano.com\\\/revista\\\/actualidad\\\/grupo-lala-se-muda-oficinas-wework-santa-fe\\\/\",\"name\":\"Grupo LaLa se muda a oficinas de WeWork en Santa Fe\",\"isPartOf\":{\"@id\":\"https:\\\/\\\/centrourbano.com\\\/revista\\\/#website\"},\"primaryImageOfPage\":{\"@id\":\"https:\\\/\\\/centrourbano.com\\\/revista\\\/actualidad\\\/grupo-lala-se-muda-oficinas-wework-santa-fe\\\/#primaryimage\"},\"image\":{\"@id\":\"https:\\\/\\\/centrourbano.com\\\/revista\\\/actualidad\\\/grupo-lala-se-muda-oficinas-wework-santa-fe\\\/#primaryimage\"},\"thumbnailUrl\":\"https:\\\/\\\/centrourbano.com\\\/revista\\\/wp-content\\\/uploads\\\/20180116_WeWork_Park_Plaza_-_Common_Areas_-_Wide-3.jpg\",\"datePublished\":\"2019-02-07T19:25:00+00:00\",\"description\":\"Santa Fe lidera el mercado de oficinas premium con un inventario de 1.25 millones de m\u00b2\",\"breadcrumb\":{\"@id\":\"https:\\\/\\\/centrourbano.com\\\/revista\\\/actualidad\\\/grupo-lala-se-muda-oficinas-wework-santa-fe\\\/#breadcrumb\"},\"inLanguage\":\"es\",\"potentialAction\":[{\"@type\":\"ReadAction\",\"target\":[\"https:\\\/\\\/centrourbano.com\\\/revista\\\/actualidad\\\/grupo-lala-se-muda-oficinas-wework-santa-fe\\\/\"]}]},{\"@type\":\"ImageObject\",\"inLanguage\":\"es\",\"@id\":\"https:\\\/\\\/centrourbano.com\\\/revista\\\/actualidad\\\/grupo-lala-se-muda-oficinas-wework-santa-fe\\\/#primaryimage\",\"url\":\"https:\\\/\\\/centrourbano.com\\\/revista\\\/wp-content\\\/uploads\\\/20180116_WeWork_Park_Plaza_-_Common_Areas_-_Wide-3.jpg\",\"contentUrl\":\"https:\\\/\\\/centrourbano.com\\\/revista\\\/wp-content\\\/uploads\\\/20180116_WeWork_Park_Plaza_-_Common_Areas_-_Wide-3.jpg\",\"width\":1200,\"height\":600,\"caption\":\"Grupo LaLa se muda a oficinas de WeWork en Santa Fe\"},{\"@type\":\"BreadcrumbList\",\"@id\":\"https:\\\/\\\/centrourbano.com\\\/revista\\\/actualidad\\\/grupo-lala-se-muda-oficinas-wework-santa-fe\\\/#breadcrumb\",\"itemListElement\":[{\"@type\":\"ListItem\",\"position\":1,\"name\":\"Portada\",\"item\":\"https:\\\/\\\/centrourbano.com\\\/revista\\\/\"},{\"@type\":\"ListItem\",\"position\":2,\"name\":\"Grupo LaLa se muda a oficinas de WeWork en Santa Fe\"}]},{\"@type\":\"WebSite\",\"@id\":\"https:\\\/\\\/centrourbano.com\\\/revista\\\/#website\",\"url\":\"https:\\\/\\\/centrourbano.com\\\/revista\\\/\",\"name\":\"Centro Urbano\",\"description\":\"Medio especializado en los sectores vivienda, inmobiliario, construcci\u00f3n, arquitectura y urbanismo.\",\"publisher\":{\"@id\":\"https:\\\/\\\/centrourbano.com\\\/revista\\\/#organization\"},\"potentialAction\":[{\"@type\":\"SearchAction\",\"target\":{\"@type\":\"EntryPoint\",\"urlTemplate\":\"https:\\\/\\\/centrourbano.com\\\/revista\\\/?s={search_term_string}\"},\"query-input\":{\"@type\":\"PropertyValueSpecification\",\"valueRequired\":true,\"valueName\":\"search_term_string\"}}],\"inLanguage\":\"es\"},{\"@type\":\"Organization\",\"@id\":\"https:\\\/\\\/centrourbano.com\\\/revista\\\/#organization\",\"name\":\"Centro Urbano\",\"url\":\"https:\\\/\\\/centrourbano.com\\\/revista\\\/\",\"logo\":{\"@type\":\"ImageObject\",\"inLanguage\":\"es\",\"@id\":\"https:\\\/\\\/centrourbano.com\\\/revista\\\/#\\\/schema\\\/logo\\\/image\\\/\",\"url\":\"https:\\\/\\\/centrourbano.com\\\/revista\\\/wp-content\\\/uploads\\\/web_CU_logo-1.png\",\"contentUrl\":\"https:\\\/\\\/centrourbano.com\\\/revista\\\/wp-content\\\/uploads\\\/web_CU_logo-1.png\",\"width\":350,\"height\":91,\"caption\":\"Centro Urbano\"},\"image\":{\"@id\":\"https:\\\/\\\/centrourbano.com\\\/revista\\\/#\\\/schema\\\/logo\\\/image\\\/\"},\"sameAs\":[\"https:\\\/\\\/www.facebook.com\\\/portalcentrourbano\",\"https:\\\/\\\/x.com\\\/CentroUrbano\",\"https:\\\/\\\/www.instagram.com\\\/centro_urbano\\\/\",\"https:\\\/\\\/www.linkedin.com\\\/company\\\/centro-urbano\\\/\",\"http:\\\/\\\/www.youtube.com\\\/user\\\/portalcentrourbano\"]},{\"@type\":\"Person\",\"@id\":\"https:\\\/\\\/centrourbano.com\\\/revista\\\/#\\\/schema\\\/person\\\/2dd6b735ee955456b538202c353e2442\",\"name\":\"Fernando Navarrete\",\"image\":{\"@type\":\"ImageObject\",\"inLanguage\":\"es\",\"@id\":\"https:\\\/\\\/secure.gravatar.com\\\/avatar\\\/f4dd6927a99e72698473e350e20ec8a38bd48cb668e15b03d04e8e537da41ad0?s=96&d=mm&r=g\",\"url\":\"https:\\\/\\\/secure.gravatar.com\\\/avatar\\\/f4dd6927a99e72698473e350e20ec8a38bd48cb668e15b03d04e8e537da41ad0?s=96&d=mm&r=g\",\"contentUrl\":\"https:\\\/\\\/secure.gravatar.com\\\/avatar\\\/f4dd6927a99e72698473e350e20ec8a38bd48cb668e15b03d04e8e537da41ad0?s=96&d=mm&r=g\",\"caption\":\"Fernando Navarrete\"},\"description\":\"Reportero de negocios, inmobiliario, construcci\u00f3n e industria. Me interesa la econom\u00eda, pol\u00edtica, historia y antropolog\u00eda. Estudi\u00e9 en la Facultad de Ciencias Pol\u00edticas y Sociales de la UNAM. Tengo experiencia en el sector p\u00fablico, la industria del acero, ingenier\u00eda civil, IT y corporativos; soy un nost\u00e1lgico nacionalista contempor\u00e1neo que cree en la grandeza de su pa\u00eds. Asiduo lector de Juan Rulfo, Jos\u00e9 Revueltas y J. R. R Tolkien.\",\"url\":\"https:\\\/\\\/centrourbano.com\\\/revista\\\/author\\\/fernando-navarrete\\\/\"}]}<\/script>\n<!-- \/ Yoast SEO plugin. -->","yoast_head_json":{"title":"Grupo LaLa se muda a oficinas de WeWork en Santa Fe","description":"Santa Fe lidera el mercado de oficinas premium con un inventario de 1.25 millones de m\u00b2","robots":{"index":"index","follow":"follow","max-snippet":"max-snippet:-1","max-image-preview":"max-image-preview:large","max-video-preview":"max-video-preview:-1"},"canonical":"https:\/\/centrourbano.com\/revista\/actualidad\/grupo-lala-se-muda-oficinas-wework-santa-fe\/","og_locale":"es_ES","og_type":"article","og_title":"Grupo LaLa se muda a oficinas de WeWork en Santa Fe","og_description":"Santa Fe lidera el mercado de oficinas premium con un inventario de 1.25 millones de m\u00b2","og_url":"https:\/\/centrourbano.com\/revista\/actualidad\/grupo-lala-se-muda-oficinas-wework-santa-fe\/","og_site_name":"Centro Urbano","article_publisher":"https:\/\/www.facebook.com\/portalcentrourbano","article_published_time":"2019-02-07T19:25:00+00:00","og_image":[{"width":1200,"height":600,"url":"https:\/\/centrourbano.com\/revista\/wp-content\/uploads\/20180116_WeWork_Park_Plaza_-_Common_Areas_-_Wide-3.jpg","type":"image\/jpeg"}],"author":"Fernando Navarrete","twitter_card":"summary_large_image","twitter_creator":"@CentroUrbano","twitter_site":"@CentroUrbano","twitter_misc":{"Escrito por":"Fernando Navarrete","Tiempo de lectura":"1 minuto"},"schema":{"@context":"https:\/\/schema.org","@graph":[{"@type":"Article","@id":"https:\/\/centrourbano.com\/revista\/actualidad\/grupo-lala-se-muda-oficinas-wework-santa-fe\/#article","isPartOf":{"@id":"https:\/\/centrourbano.com\/revista\/actualidad\/grupo-lala-se-muda-oficinas-wework-santa-fe\/"},"author":{"name":"Fernando Navarrete","@id":"https:\/\/centrourbano.com\/revista\/#\/schema\/person\/2dd6b735ee955456b538202c353e2442"},"headline":"Grupo LaLa se muda a oficinas de WeWork en Santa Fe","datePublished":"2019-02-07T19:25:00+00:00","mainEntityOfPage":{"@id":"https:\/\/centrourbano.com\/revista\/actualidad\/grupo-lala-se-muda-oficinas-wework-santa-fe\/"},"wordCount":279,"commentCount":0,"publisher":{"@id":"https:\/\/centrourbano.com\/revista\/#organization"},"image":{"@id":"https:\/\/centrourbano.com\/revista\/actualidad\/grupo-lala-se-muda-oficinas-wework-santa-fe\/#primaryimage"},"thumbnailUrl":"https:\/\/centrourbano.com\/revista\/wp-content\/uploads\/20180116_WeWork_Park_Plaza_-_Common_Areas_-_Wide-3.jpg","keywords":["CBREM\u00e9xico","Coworking","Grupo Lala","oficinas","premium","Santa Fe","WeWork"],"articleSection":["Actualidad","Inmobiliario"],"inLanguage":"es","potentialAction":[{"@type":"CommentAction","name":"Comment","target":["https:\/\/centrourbano.com\/revista\/actualidad\/grupo-lala-se-muda-oficinas-wework-santa-fe\/#respond"]}]},{"@type":"WebPage","@id":"https:\/\/centrourbano.com\/revista\/actualidad\/grupo-lala-se-muda-oficinas-wework-santa-fe\/","url":"https:\/\/centrourbano.com\/revista\/actualidad\/grupo-lala-se-muda-oficinas-wework-santa-fe\/","name":"Grupo LaLa se muda a oficinas de WeWork en Santa Fe","isPartOf":{"@id":"https:\/\/centrourbano.com\/revista\/#website"},"primaryImageOfPage":{"@id":"https:\/\/centrourbano.com\/revista\/actualidad\/grupo-lala-se-muda-oficinas-wework-santa-fe\/#primaryimage"},"image":{"@id":"https:\/\/centrourbano.com\/revista\/actualidad\/grupo-lala-se-muda-oficinas-wework-santa-fe\/#primaryimage"},"thumbnailUrl":"https:\/\/centrourbano.com\/revista\/wp-content\/uploads\/20180116_WeWork_Park_Plaza_-_Common_Areas_-_Wide-3.jpg","datePublished":"2019-02-07T19:25:00+00:00","description":"Santa Fe lidera el mercado de oficinas premium con un inventario de 1.25 millones de m\u00b2","breadcrumb":{"@id":"https:\/\/centrourbano.com\/revista\/actualidad\/grupo-lala-se-muda-oficinas-wework-santa-fe\/#breadcrumb"},"inLanguage":"es","potentialAction":[{"@type":"ReadAction","target":["https:\/\/centrourbano.com\/revista\/actualidad\/grupo-lala-se-muda-oficinas-wework-santa-fe\/"]}]},{"@type":"ImageObject","inLanguage":"es","@id":"https:\/\/centrourbano.com\/revista\/actualidad\/grupo-lala-se-muda-oficinas-wework-santa-fe\/#primaryimage","url":"https:\/\/centrourbano.com\/revista\/wp-content\/uploads\/20180116_WeWork_Park_Plaza_-_Common_Areas_-_Wide-3.jpg","contentUrl":"https:\/\/centrourbano.com\/revista\/wp-content\/uploads\/20180116_WeWork_Park_Plaza_-_Common_Areas_-_Wide-3.jpg","width":1200,"height":600,"caption":"Grupo LaLa se muda a oficinas de WeWork en Santa Fe"},{"@type":"BreadcrumbList","@id":"https:\/\/centrourbano.com\/revista\/actualidad\/grupo-lala-se-muda-oficinas-wework-santa-fe\/#breadcrumb","itemListElement":[{"@type":"ListItem","position":1,"name":"Portada","item":"https:\/\/centrourbano.com\/revista\/"},{"@type":"ListItem","position":2,"name":"Grupo LaLa se muda a oficinas de WeWork en Santa Fe"}]},{"@type":"WebSite","@id":"https:\/\/centrourbano.com\/revista\/#website","url":"https:\/\/centrourbano.com\/revista\/","name":"Centro Urbano","description":"Medio especializado en los sectores vivienda, inmobiliario, construcci\u00f3n, arquitectura y urbanismo.","publisher":{"@id":"https:\/\/centrourbano.com\/revista\/#organization"},"potentialAction":[{"@type":"SearchAction","target":{"@type":"EntryPoint","urlTemplate":"https:\/\/centrourbano.com\/revista\/?s={search_term_string}"},"query-input":{"@type":"PropertyValueSpecification","valueRequired":true,"valueName":"search_term_string"}}],"inLanguage":"es"},{"@type":"Organization","@id":"https:\/\/centrourbano.com\/revista\/#organization","name":"Centro Urbano","url":"https:\/\/centrourbano.com\/revista\/","logo":{"@type":"ImageObject","inLanguage":"es","@id":"https:\/\/centrourbano.com\/revista\/#\/schema\/logo\/image\/","url":"https:\/\/centrourbano.com\/revista\/wp-content\/uploads\/web_CU_logo-1.png","contentUrl":"https:\/\/centrourbano.com\/revista\/wp-content\/uploads\/web_CU_logo-1.png","width":350,"height":91,"caption":"Centro Urbano"},"image":{"@id":"https:\/\/centrourbano.com\/revista\/#\/schema\/logo\/image\/"},"sameAs":["https:\/\/www.facebook.com\/portalcentrourbano","https:\/\/x.com\/CentroUrbano","https:\/\/www.instagram.com\/centro_urbano\/","https:\/\/www.linkedin.com\/company\/centro-urbano\/","http:\/\/www.youtube.com\/user\/portalcentrourbano"]},{"@type":"Person","@id":"https:\/\/centrourbano.com\/revista\/#\/schema\/person\/2dd6b735ee955456b538202c353e2442","name":"Fernando Navarrete","image":{"@type":"ImageObject","inLanguage":"es","@id":"https:\/\/secure.gravatar.com\/avatar\/f4dd6927a99e72698473e350e20ec8a38bd48cb668e15b03d04e8e537da41ad0?s=96&d=mm&r=g","url":"https:\/\/secure.gravatar.com\/avatar\/f4dd6927a99e72698473e350e20ec8a38bd48cb668e15b03d04e8e537da41ad0?s=96&d=mm&r=g","contentUrl":"https:\/\/secure.gravatar.com\/avatar\/f4dd6927a99e72698473e350e20ec8a38bd48cb668e15b03d04e8e537da41ad0?s=96&d=mm&r=g","caption":"Fernando Navarrete"},"description":"Reportero de negocios, inmobiliario, construcci\u00f3n e industria. Me interesa la econom\u00eda, pol\u00edtica, historia y antropolog\u00eda. Estudi\u00e9 en la Facultad de Ciencias Pol\u00edticas y Sociales de la UNAM. Tengo experiencia en el sector p\u00fablico, la industria del acero, ingenier\u00eda civil, IT y corporativos; soy un nost\u00e1lgico nacionalista contempor\u00e1neo que cree en la grandeza de su pa\u00eds. Asiduo lector de Juan Rulfo, Jos\u00e9 Revueltas y J. R. R Tolkien.","url":"https:\/\/centrourbano.com\/revista\/author\/fernando-navarrete\/"}]}},"_links":{"self":[{"href":"https:\/\/centrourbano.com\/revista\/wp-json\/wp\/v2\/posts\/85869","targetHints":{"allow":["GET"]}}],"collection":[{"href":"https:\/\/centrourbano.com\/revista\/wp-json\/wp\/v2\/posts"}],"about":[{"href":"https:\/\/centrourbano.com\/revista\/wp-json\/wp\/v2\/types\/post"}],"author":[{"embeddable":true,"href":"https:\/\/centrourbano.com\/revista\/wp-json\/wp\/v2\/users\/69"}],"replies":[{"embeddable":true,"href":"https:\/\/centrourbano.com\/revista\/wp-json\/wp\/v2\/comments?post=85869"}],"version-history":[{"count":1,"href":"https:\/\/centrourbano.com\/revista\/wp-json\/wp\/v2\/posts\/85869\/revisions"}],"predecessor-version":[{"id":85874,"href":"https:\/\/centrourbano.com\/revista\/wp-json\/wp\/v2\/posts\/85869\/revisions\/85874"}],"wp:featuredmedia":[{"embeddable":true,"href":"https:\/\/centrourbano.com\/revista\/wp-json\/wp\/v2\/media\/85873"}],"wp:attachment":[{"href":"https:\/\/centrourbano.com\/revista\/wp-json\/wp\/v2\/media?parent=85869"}],"wp:term":[{"taxonomy":"category","embeddable":true,"href":"https:\/\/centrourbano.com\/revista\/wp-json\/wp\/v2\/categories?post=85869"},{"taxonomy":"post_tag","embeddable":true,"href":"https:\/\/centrourbano.com\/revista\/wp-json\/wp\/v2\/tags?post=85869"}],"curies":[{"name":"wp","href":"https:\/\/api.w.org\/{rel}","templated":true}]}}