{"id":85677,"date":"2019-02-05T16:45:20","date_gmt":"2019-02-05T22:45:20","guid":{"rendered":"https:\/\/centrourbano.com\/?p=85677"},"modified":"2019-02-05T16:45:20","modified_gmt":"2019-02-05T22:45:20","slug":"lanzaran-programa-nacional-de-electricidad-proxima-semana-cfe","status":"publish","type":"post","link":"https:\/\/centrourbano.com\/revista\/construccion\/lanzaran-programa-nacional-de-electricidad-proxima-semana-cfe\/","title":{"rendered":"Lanzar\u00e1n Programa Nacional de Electricidad pr\u00f3xima semana: CFE"},"content":{"rendered":"<p><em>Destaca el Ejecutivo que actualmente hay 60 hidroel\u00e9ctricas abandonadas que no operan en toda su capacidad\u00a0<\/em><!--more--><\/p>\n<p>Manuel Bartlett, director general de la Comisi\u00f3n Federal de Electricidad (CFE) dio a conocer que la pr\u00f3xima semana el gobierno federal lanzar\u00e1 su Programa Nacional de Electricidad, para lo cual se han realizado ya varias reuniones con \u00e1reas estrat\u00e9gicas del organismo.<\/p>\n<blockquote class=\"twitter-tweet\" data-lang=\"es\">\n<p dir=\"ltr\" lang=\"es\">Sostengo reuniones con \u00e1reas estrat\u00e9gicas de la <a href=\"https:\/\/twitter.com\/CFEmx?ref_src=twsrc%5Etfw\">@CFEmx<\/a> para detallar el <a href=\"https:\/\/twitter.com\/hashtag\/ProgramaNacionaldeElectricidad?src=hash&amp;ref_src=twsrc%5Etfw\">#ProgramaNacionaldeElectricidad<\/a> que presentar\u00e9 la pr\u00f3xima semana en conferencia de prensa con el Presidente Andr\u00e9s Manuel <a href=\"https:\/\/twitter.com\/lopezobrador_?ref_src=twsrc%5Etfw\">@lopezobrador_<\/a>.<\/p>\n<p>\u2014 Manuel Bartlett (@ManuelBartlett) <a href=\"https:\/\/twitter.com\/ManuelBartlett\/status\/1092813167871303681?ref_src=twsrc%5Etfw\">5 de febrero de 2019<\/a><\/p><\/blockquote>\n<p><script async src=\"https:\/\/platform.twitter.com\/widgets.js\" charset=\"utf-8\"><\/script><\/p>\n<p>El\u00a0funcionario asegur\u00f3 el pasado 30 de enero ante diputados de Monera que la estrategia energ\u00e9tica del nuevo gobierno permitir\u00e1 a la\u00a0CFE recuperar su capacidad de generaci\u00f3n de energ\u00eda el\u00e9ctrica y sanear sus finanzas, adem\u00e1s de consolidar como una empresa m\u00e1s competitiva.<\/p>\n<p>El anuncio del nuevo plan lo har\u00e1 el funcionario en conjunto con el presidente de la Rep\u00fablica, Andr\u00e9s Manuel L\u00f3pez Obrador durante una de sus conferencias matutinas ante medios de comunicaci\u00f3n.<\/p>\n<p>Por su parte, el mandatario federal dijo por la ma\u00f1ana que hay 60 hidroel\u00e9ctricas, que fueron abandonadas y no est\u00e1n trabajando a toda su capacidad, pese a ser energ\u00eda limpia y barata.<\/p>\n<p>Adem\u00e1s destac\u00f3 que la CFE tiene un presupuesto de 500,000 millones de pesos, del cual se destinar\u00e1 un porcentaje a la compra de combustible y la generaci\u00f3n de energ\u00eda el\u00e9ctrica; tambi\u00e9n aclar\u00f3 que se respetar\u00e1n los contratos con empresas ya acordados.<\/p>\n","protected":false},"excerpt":{"rendered":"<p>Destaca el Ejecutivo que actualmente hay 60 hidroel\u00e9ctricas abandonadas que no operan en toda su capacidad\u00a0<\/p>\n","protected":false},"author":69,"featured_media":9521,"comment_status":"open","ping_status":"closed","sticky":false,"template":"","format":"standard","meta":{"om_disable_all_campaigns":false,"inline_featured_image":false,"_monsterinsights_skip_tracking":false,"_monsterinsights_sitenote_active":false,"_monsterinsights_sitenote_note":"","_monsterinsights_sitenote_category":0,"footnotes":""},"categories":[14],"tags":[612,15059,311,15284],"class_list":["post-85677","post","type-post","status-publish","format-standard","has-post-thumbnail","hentry","category-construccion","tag-cfe","tag-hidroelectricas","tag-infraestructura","tag-plan-nacional-de-electricidad"],"yoast_head":"<!-- This site is optimized with the Yoast SEO plugin v27.4 - https:\/\/yoast.com\/product\/yoast-seo-wordpress\/ -->\n<title>Lanzar\u00e1n Programa Nacional de Electricidad pr\u00f3xima semana: CFE<\/title>\n<meta name=\"description\" content=\"Destaca el Ejecutivo que actualmente hay 60 hidroel\u00e9ctricas abandonadas que no operan en toda su capacidad\" \/>\n<meta name=\"robots\" content=\"index, follow, max-snippet:-1, max-image-preview:large, max-video-preview:-1\" \/>\n<link rel=\"canonical\" href=\"https:\/\/centrourbano.com\/revista\/construccion\/lanzaran-programa-nacional-de-electricidad-proxima-semana-cfe\/\" \/>\n<meta property=\"og:locale\" content=\"es_ES\" \/>\n<meta property=\"og:type\" content=\"article\" \/>\n<meta property=\"og:title\" content=\"Lanzar\u00e1n Programa Nacional de Electricidad pr\u00f3xima semana: CFE\" \/>\n<meta property=\"og:description\" content=\"Destaca el Ejecutivo que actualmente hay 60 hidroel\u00e9ctricas abandonadas que no operan en toda su capacidad\" \/>\n<meta property=\"og:url\" content=\"https:\/\/centrourbano.com\/revista\/construccion\/lanzaran-programa-nacional-de-electricidad-proxima-semana-cfe\/\" \/>\n<meta property=\"og:site_name\" content=\"Centro Urbano\" \/>\n<meta property=\"article:publisher\" content=\"https:\/\/www.facebook.com\/portalcentrourbano\" \/>\n<meta property=\"article:published_time\" content=\"2019-02-05T22:45:20+00:00\" \/>\n<meta property=\"og:image\" content=\"https:\/\/centrourbano.com\/revista\/wp-content\/uploads\/CFE1.jpg\" \/>\n\t<meta property=\"og:image:width\" content=\"500\" \/>\n\t<meta property=\"og:image:height\" content=\"325\" \/>\n\t<meta property=\"og:image:type\" content=\"image\/jpeg\" \/>\n<meta name=\"author\" content=\"Fernando Navarrete\" \/>\n<meta name=\"twitter:card\" content=\"summary_large_image\" \/>\n<meta name=\"twitter:creator\" content=\"@CentroUrbano\" \/>\n<meta name=\"twitter:site\" content=\"@CentroUrbano\" \/>\n<meta name=\"twitter:label1\" content=\"Escrito por\" \/>\n\t<meta name=\"twitter:data1\" content=\"Fernando Navarrete\" \/>\n\t<meta name=\"twitter:label2\" content=\"Tiempo de lectura\" \/>\n\t<meta name=\"twitter:data2\" content=\"1 minuto\" \/>\n<script type=\"application\/ld+json\" class=\"yoast-schema-graph\">{\"@context\":\"https:\\\/\\\/schema.org\",\"@graph\":[{\"@type\":\"Article\",\"@id\":\"https:\\\/\\\/centrourbano.com\\\/revista\\\/construccion\\\/lanzaran-programa-nacional-de-electricidad-proxima-semana-cfe\\\/#article\",\"isPartOf\":{\"@id\":\"https:\\\/\\\/centrourbano.com\\\/revista\\\/construccion\\\/lanzaran-programa-nacional-de-electricidad-proxima-semana-cfe\\\/\"},\"author\":{\"name\":\"Fernando Navarrete\",\"@id\":\"https:\\\/\\\/centrourbano.com\\\/revista\\\/#\\\/schema\\\/person\\\/515c32d01ece40d20a7ed3fdf34051af\"},\"headline\":\"Lanzar\u00e1n Programa Nacional de Electricidad pr\u00f3xima semana: CFE\",\"datePublished\":\"2019-02-05T22:45:20+00:00\",\"mainEntityOfPage\":{\"@id\":\"https:\\\/\\\/centrourbano.com\\\/revista\\\/construccion\\\/lanzaran-programa-nacional-de-electricidad-proxima-semana-cfe\\\/\"},\"wordCount\":270,\"commentCount\":0,\"publisher\":{\"@id\":\"https:\\\/\\\/centrourbano.com\\\/revista\\\/#organization\"},\"image\":{\"@id\":\"https:\\\/\\\/centrourbano.com\\\/revista\\\/construccion\\\/lanzaran-programa-nacional-de-electricidad-proxima-semana-cfe\\\/#primaryimage\"},\"thumbnailUrl\":\"https:\\\/\\\/centrourbano.com\\\/revista\\\/wp-content\\\/uploads\\\/CFE1.jpg\",\"keywords\":[\"CFE\",\"hidroel\u00e9ctricas\",\"infraestructura\",\"Plan Nacional de Electricidad\"],\"articleSection\":[\"Construcci\u00f3n\"],\"inLanguage\":\"es\",\"potentialAction\":[{\"@type\":\"CommentAction\",\"name\":\"Comment\",\"target\":[\"https:\\\/\\\/centrourbano.com\\\/revista\\\/construccion\\\/lanzaran-programa-nacional-de-electricidad-proxima-semana-cfe\\\/#respond\"]}]},{\"@type\":\"WebPage\",\"@id\":\"https:\\\/\\\/centrourbano.com\\\/revista\\\/construccion\\\/lanzaran-programa-nacional-de-electricidad-proxima-semana-cfe\\\/\",\"url\":\"https:\\\/\\\/centrourbano.com\\\/revista\\\/construccion\\\/lanzaran-programa-nacional-de-electricidad-proxima-semana-cfe\\\/\",\"name\":\"Lanzar\u00e1n Programa Nacional de Electricidad pr\u00f3xima semana: CFE\",\"isPartOf\":{\"@id\":\"https:\\\/\\\/centrourbano.com\\\/revista\\\/#website\"},\"primaryImageOfPage\":{\"@id\":\"https:\\\/\\\/centrourbano.com\\\/revista\\\/construccion\\\/lanzaran-programa-nacional-de-electricidad-proxima-semana-cfe\\\/#primaryimage\"},\"image\":{\"@id\":\"https:\\\/\\\/centrourbano.com\\\/revista\\\/construccion\\\/lanzaran-programa-nacional-de-electricidad-proxima-semana-cfe\\\/#primaryimage\"},\"thumbnailUrl\":\"https:\\\/\\\/centrourbano.com\\\/revista\\\/wp-content\\\/uploads\\\/CFE1.jpg\",\"datePublished\":\"2019-02-05T22:45:20+00:00\",\"description\":\"Destaca el Ejecutivo que actualmente hay 60 hidroel\u00e9ctricas abandonadas que no operan en toda su capacidad\",\"breadcrumb\":{\"@id\":\"https:\\\/\\\/centrourbano.com\\\/revista\\\/construccion\\\/lanzaran-programa-nacional-de-electricidad-proxima-semana-cfe\\\/#breadcrumb\"},\"inLanguage\":\"es\",\"potentialAction\":[{\"@type\":\"ReadAction\",\"target\":[\"https:\\\/\\\/centrourbano.com\\\/revista\\\/construccion\\\/lanzaran-programa-nacional-de-electricidad-proxima-semana-cfe\\\/\"]}]},{\"@type\":\"ImageObject\",\"inLanguage\":\"es\",\"@id\":\"https:\\\/\\\/centrourbano.com\\\/revista\\\/construccion\\\/lanzaran-programa-nacional-de-electricidad-proxima-semana-cfe\\\/#primaryimage\",\"url\":\"https:\\\/\\\/centrourbano.com\\\/revista\\\/wp-content\\\/uploads\\\/CFE1.jpg\",\"contentUrl\":\"https:\\\/\\\/centrourbano.com\\\/revista\\\/wp-content\\\/uploads\\\/CFE1.jpg\",\"width\":500,\"height\":325,\"caption\":\"Destaca el Ejecutivo que actualmente hay 60 hidroel\u00e9ctricas abandonadas que no operan en toda su capacidad\"},{\"@type\":\"BreadcrumbList\",\"@id\":\"https:\\\/\\\/centrourbano.com\\\/revista\\\/construccion\\\/lanzaran-programa-nacional-de-electricidad-proxima-semana-cfe\\\/#breadcrumb\",\"itemListElement\":[{\"@type\":\"ListItem\",\"position\":1,\"name\":\"Portada\",\"item\":\"https:\\\/\\\/centrourbano.com\\\/revista\\\/\"},{\"@type\":\"ListItem\",\"position\":2,\"name\":\"Lanzar\u00e1n Programa Nacional de Electricidad pr\u00f3xima semana: CFE\"}]},{\"@type\":\"WebSite\",\"@id\":\"https:\\\/\\\/centrourbano.com\\\/revista\\\/#website\",\"url\":\"https:\\\/\\\/centrourbano.com\\\/revista\\\/\",\"name\":\"Centro Urbano\",\"description\":\"Medio especializado en los sectores vivienda, inmobiliario, construcci\u00f3n, arquitectura y urbanismo.\",\"publisher\":{\"@id\":\"https:\\\/\\\/centrourbano.com\\\/revista\\\/#organization\"},\"potentialAction\":[{\"@type\":\"SearchAction\",\"target\":{\"@type\":\"EntryPoint\",\"urlTemplate\":\"https:\\\/\\\/centrourbano.com\\\/revista\\\/?s={search_term_string}\"},\"query-input\":{\"@type\":\"PropertyValueSpecification\",\"valueRequired\":true,\"valueName\":\"search_term_string\"}}],\"inLanguage\":\"es\"},{\"@type\":\"Organization\",\"@id\":\"https:\\\/\\\/centrourbano.com\\\/revista\\\/#organization\",\"name\":\"Centro Urbano\",\"url\":\"https:\\\/\\\/centrourbano.com\\\/revista\\\/\",\"logo\":{\"@type\":\"ImageObject\",\"inLanguage\":\"es\",\"@id\":\"https:\\\/\\\/centrourbano.com\\\/revista\\\/#\\\/schema\\\/logo\\\/image\\\/\",\"url\":\"https:\\\/\\\/centrourbano.com\\\/revista\\\/wp-content\\\/uploads\\\/web_CU_logo-1.png\",\"contentUrl\":\"https:\\\/\\\/centrourbano.com\\\/revista\\\/wp-content\\\/uploads\\\/web_CU_logo-1.png\",\"width\":350,\"height\":91,\"caption\":\"Centro Urbano\"},\"image\":{\"@id\":\"https:\\\/\\\/centrourbano.com\\\/revista\\\/#\\\/schema\\\/logo\\\/image\\\/\"},\"sameAs\":[\"https:\\\/\\\/www.facebook.com\\\/portalcentrourbano\",\"https:\\\/\\\/x.com\\\/CentroUrbano\",\"https:\\\/\\\/www.instagram.com\\\/centro_urbano\\\/\",\"https:\\\/\\\/www.linkedin.com\\\/company\\\/centro-urbano\\\/\",\"http:\\\/\\\/www.youtube.com\\\/user\\\/portalcentrourbano\"]},{\"@type\":\"Person\",\"@id\":\"https:\\\/\\\/centrourbano.com\\\/revista\\\/#\\\/schema\\\/person\\\/515c32d01ece40d20a7ed3fdf34051af\",\"name\":\"Fernando Navarrete\",\"image\":{\"@type\":\"ImageObject\",\"inLanguage\":\"es\",\"@id\":\"https:\\\/\\\/secure.gravatar.com\\\/avatar\\\/f4dd6927a99e72698473e350e20ec8a38bd48cb668e15b03d04e8e537da41ad0?s=96&d=mm&r=g\",\"url\":\"https:\\\/\\\/secure.gravatar.com\\\/avatar\\\/f4dd6927a99e72698473e350e20ec8a38bd48cb668e15b03d04e8e537da41ad0?s=96&d=mm&r=g\",\"contentUrl\":\"https:\\\/\\\/secure.gravatar.com\\\/avatar\\\/f4dd6927a99e72698473e350e20ec8a38bd48cb668e15b03d04e8e537da41ad0?s=96&d=mm&r=g\",\"caption\":\"Fernando Navarrete\"},\"description\":\"Reportero de negocios, inmobiliario, construcci\u00f3n e industria. Me interesa la econom\u00eda, pol\u00edtica, historia y antropolog\u00eda. Estudi\u00e9 en la Facultad de Ciencias Pol\u00edticas y Sociales de la UNAM. Tengo experiencia en el sector p\u00fablico, la industria del acero, ingenier\u00eda civil, IT y corporativos; soy un nost\u00e1lgico nacionalista contempor\u00e1neo que cree en la grandeza de su pa\u00eds. Asiduo lector de Juan Rulfo, Jos\u00e9 Revueltas y J. R. R Tolkien.\",\"url\":\"https:\\\/\\\/centrourbano.com\\\/revista\\\/author\\\/fernando-navarrete\\\/\"}]}<\/script>\n<!-- \/ Yoast SEO plugin. -->","yoast_head_json":{"title":"Lanzar\u00e1n Programa Nacional de Electricidad pr\u00f3xima semana: CFE","description":"Destaca el Ejecutivo que actualmente hay 60 hidroel\u00e9ctricas abandonadas que no operan en toda su capacidad","robots":{"index":"index","follow":"follow","max-snippet":"max-snippet:-1","max-image-preview":"max-image-preview:large","max-video-preview":"max-video-preview:-1"},"canonical":"https:\/\/centrourbano.com\/revista\/construccion\/lanzaran-programa-nacional-de-electricidad-proxima-semana-cfe\/","og_locale":"es_ES","og_type":"article","og_title":"Lanzar\u00e1n Programa Nacional de Electricidad pr\u00f3xima semana: CFE","og_description":"Destaca el Ejecutivo que actualmente hay 60 hidroel\u00e9ctricas abandonadas que no operan en toda su capacidad","og_url":"https:\/\/centrourbano.com\/revista\/construccion\/lanzaran-programa-nacional-de-electricidad-proxima-semana-cfe\/","og_site_name":"Centro Urbano","article_publisher":"https:\/\/www.facebook.com\/portalcentrourbano","article_published_time":"2019-02-05T22:45:20+00:00","og_image":[{"width":500,"height":325,"url":"https:\/\/centrourbano.com\/revista\/wp-content\/uploads\/CFE1.jpg","type":"image\/jpeg"}],"author":"Fernando Navarrete","twitter_card":"summary_large_image","twitter_creator":"@CentroUrbano","twitter_site":"@CentroUrbano","twitter_misc":{"Escrito por":"Fernando Navarrete","Tiempo de lectura":"1 minuto"},"schema":{"@context":"https:\/\/schema.org","@graph":[{"@type":"Article","@id":"https:\/\/centrourbano.com\/revista\/construccion\/lanzaran-programa-nacional-de-electricidad-proxima-semana-cfe\/#article","isPartOf":{"@id":"https:\/\/centrourbano.com\/revista\/construccion\/lanzaran-programa-nacional-de-electricidad-proxima-semana-cfe\/"},"author":{"name":"Fernando Navarrete","@id":"https:\/\/centrourbano.com\/revista\/#\/schema\/person\/515c32d01ece40d20a7ed3fdf34051af"},"headline":"Lanzar\u00e1n Programa Nacional de Electricidad pr\u00f3xima semana: CFE","datePublished":"2019-02-05T22:45:20+00:00","mainEntityOfPage":{"@id":"https:\/\/centrourbano.com\/revista\/construccion\/lanzaran-programa-nacional-de-electricidad-proxima-semana-cfe\/"},"wordCount":270,"commentCount":0,"publisher":{"@id":"https:\/\/centrourbano.com\/revista\/#organization"},"image":{"@id":"https:\/\/centrourbano.com\/revista\/construccion\/lanzaran-programa-nacional-de-electricidad-proxima-semana-cfe\/#primaryimage"},"thumbnailUrl":"https:\/\/centrourbano.com\/revista\/wp-content\/uploads\/CFE1.jpg","keywords":["CFE","hidroel\u00e9ctricas","infraestructura","Plan Nacional de Electricidad"],"articleSection":["Construcci\u00f3n"],"inLanguage":"es","potentialAction":[{"@type":"CommentAction","name":"Comment","target":["https:\/\/centrourbano.com\/revista\/construccion\/lanzaran-programa-nacional-de-electricidad-proxima-semana-cfe\/#respond"]}]},{"@type":"WebPage","@id":"https:\/\/centrourbano.com\/revista\/construccion\/lanzaran-programa-nacional-de-electricidad-proxima-semana-cfe\/","url":"https:\/\/centrourbano.com\/revista\/construccion\/lanzaran-programa-nacional-de-electricidad-proxima-semana-cfe\/","name":"Lanzar\u00e1n Programa Nacional de Electricidad pr\u00f3xima semana: CFE","isPartOf":{"@id":"https:\/\/centrourbano.com\/revista\/#website"},"primaryImageOfPage":{"@id":"https:\/\/centrourbano.com\/revista\/construccion\/lanzaran-programa-nacional-de-electricidad-proxima-semana-cfe\/#primaryimage"},"image":{"@id":"https:\/\/centrourbano.com\/revista\/construccion\/lanzaran-programa-nacional-de-electricidad-proxima-semana-cfe\/#primaryimage"},"thumbnailUrl":"https:\/\/centrourbano.com\/revista\/wp-content\/uploads\/CFE1.jpg","datePublished":"2019-02-05T22:45:20+00:00","description":"Destaca el Ejecutivo que actualmente hay 60 hidroel\u00e9ctricas abandonadas que no operan en toda su capacidad","breadcrumb":{"@id":"https:\/\/centrourbano.com\/revista\/construccion\/lanzaran-programa-nacional-de-electricidad-proxima-semana-cfe\/#breadcrumb"},"inLanguage":"es","potentialAction":[{"@type":"ReadAction","target":["https:\/\/centrourbano.com\/revista\/construccion\/lanzaran-programa-nacional-de-electricidad-proxima-semana-cfe\/"]}]},{"@type":"ImageObject","inLanguage":"es","@id":"https:\/\/centrourbano.com\/revista\/construccion\/lanzaran-programa-nacional-de-electricidad-proxima-semana-cfe\/#primaryimage","url":"https:\/\/centrourbano.com\/revista\/wp-content\/uploads\/CFE1.jpg","contentUrl":"https:\/\/centrourbano.com\/revista\/wp-content\/uploads\/CFE1.jpg","width":500,"height":325,"caption":"Destaca el Ejecutivo que actualmente hay 60 hidroel\u00e9ctricas abandonadas que no operan en toda su capacidad"},{"@type":"BreadcrumbList","@id":"https:\/\/centrourbano.com\/revista\/construccion\/lanzaran-programa-nacional-de-electricidad-proxima-semana-cfe\/#breadcrumb","itemListElement":[{"@type":"ListItem","position":1,"name":"Portada","item":"https:\/\/centrourbano.com\/revista\/"},{"@type":"ListItem","position":2,"name":"Lanzar\u00e1n Programa Nacional de Electricidad pr\u00f3xima semana: CFE"}]},{"@type":"WebSite","@id":"https:\/\/centrourbano.com\/revista\/#website","url":"https:\/\/centrourbano.com\/revista\/","name":"Centro Urbano","description":"Medio especializado en los sectores vivienda, inmobiliario, construcci\u00f3n, arquitectura y urbanismo.","publisher":{"@id":"https:\/\/centrourbano.com\/revista\/#organization"},"potentialAction":[{"@type":"SearchAction","target":{"@type":"EntryPoint","urlTemplate":"https:\/\/centrourbano.com\/revista\/?s={search_term_string}"},"query-input":{"@type":"PropertyValueSpecification","valueRequired":true,"valueName":"search_term_string"}}],"inLanguage":"es"},{"@type":"Organization","@id":"https:\/\/centrourbano.com\/revista\/#organization","name":"Centro Urbano","url":"https:\/\/centrourbano.com\/revista\/","logo":{"@type":"ImageObject","inLanguage":"es","@id":"https:\/\/centrourbano.com\/revista\/#\/schema\/logo\/image\/","url":"https:\/\/centrourbano.com\/revista\/wp-content\/uploads\/web_CU_logo-1.png","contentUrl":"https:\/\/centrourbano.com\/revista\/wp-content\/uploads\/web_CU_logo-1.png","width":350,"height":91,"caption":"Centro Urbano"},"image":{"@id":"https:\/\/centrourbano.com\/revista\/#\/schema\/logo\/image\/"},"sameAs":["https:\/\/www.facebook.com\/portalcentrourbano","https:\/\/x.com\/CentroUrbano","https:\/\/www.instagram.com\/centro_urbano\/","https:\/\/www.linkedin.com\/company\/centro-urbano\/","http:\/\/www.youtube.com\/user\/portalcentrourbano"]},{"@type":"Person","@id":"https:\/\/centrourbano.com\/revista\/#\/schema\/person\/515c32d01ece40d20a7ed3fdf34051af","name":"Fernando Navarrete","image":{"@type":"ImageObject","inLanguage":"es","@id":"https:\/\/secure.gravatar.com\/avatar\/f4dd6927a99e72698473e350e20ec8a38bd48cb668e15b03d04e8e537da41ad0?s=96&d=mm&r=g","url":"https:\/\/secure.gravatar.com\/avatar\/f4dd6927a99e72698473e350e20ec8a38bd48cb668e15b03d04e8e537da41ad0?s=96&d=mm&r=g","contentUrl":"https:\/\/secure.gravatar.com\/avatar\/f4dd6927a99e72698473e350e20ec8a38bd48cb668e15b03d04e8e537da41ad0?s=96&d=mm&r=g","caption":"Fernando Navarrete"},"description":"Reportero de negocios, inmobiliario, construcci\u00f3n e industria. Me interesa la econom\u00eda, pol\u00edtica, historia y antropolog\u00eda. Estudi\u00e9 en la Facultad de Ciencias Pol\u00edticas y Sociales de la UNAM. Tengo experiencia en el sector p\u00fablico, la industria del acero, ingenier\u00eda civil, IT y corporativos; soy un nost\u00e1lgico nacionalista contempor\u00e1neo que cree en la grandeza de su pa\u00eds. Asiduo lector de Juan Rulfo, Jos\u00e9 Revueltas y J. R. R Tolkien.","url":"https:\/\/centrourbano.com\/revista\/author\/fernando-navarrete\/"}]}},"_links":{"self":[{"href":"https:\/\/centrourbano.com\/revista\/wp-json\/wp\/v2\/posts\/85677","targetHints":{"allow":["GET"]}}],"collection":[{"href":"https:\/\/centrourbano.com\/revista\/wp-json\/wp\/v2\/posts"}],"about":[{"href":"https:\/\/centrourbano.com\/revista\/wp-json\/wp\/v2\/types\/post"}],"author":[{"embeddable":true,"href":"https:\/\/centrourbano.com\/revista\/wp-json\/wp\/v2\/users\/69"}],"replies":[{"embeddable":true,"href":"https:\/\/centrourbano.com\/revista\/wp-json\/wp\/v2\/comments?post=85677"}],"version-history":[{"count":1,"href":"https:\/\/centrourbano.com\/revista\/wp-json\/wp\/v2\/posts\/85677\/revisions"}],"predecessor-version":[{"id":85678,"href":"https:\/\/centrourbano.com\/revista\/wp-json\/wp\/v2\/posts\/85677\/revisions\/85678"}],"wp:featuredmedia":[{"embeddable":true,"href":"https:\/\/centrourbano.com\/revista\/wp-json\/wp\/v2\/media\/9521"}],"wp:attachment":[{"href":"https:\/\/centrourbano.com\/revista\/wp-json\/wp\/v2\/media?parent=85677"}],"wp:term":[{"taxonomy":"category","embeddable":true,"href":"https:\/\/centrourbano.com\/revista\/wp-json\/wp\/v2\/categories?post=85677"},{"taxonomy":"post_tag","embeddable":true,"href":"https:\/\/centrourbano.com\/revista\/wp-json\/wp\/v2\/tags?post=85677"}],"curies":[{"name":"wp","href":"https:\/\/api.w.org\/{rel}","templated":true}]}}