{"id":85661,"date":"2019-02-05T14:54:07","date_gmt":"2019-02-05T20:54:07","guid":{"rendered":"https:\/\/centrourbano.com\/?p=85661"},"modified":"2019-02-06T13:11:27","modified_gmt":"2019-02-06T19:11:27","slug":"reorientar-desarrollo-urbano","status":"publish","type":"post","link":"https:\/\/centrourbano.com\/revista\/publicaciones\/reorientar-desarrollo-urbano\/","title":{"rendered":"Reorientar desarrollo urbano, esencial para el pa\u00eds"},"content":{"rendered":"<p><em>Repoblar las zonas c\u00e9ntricas de las urbes debe ser uno de los ejes centrales para ordenar las ciudades <\/em><!--more--><\/p>\n<p>Detener la <strong>expansi\u00f3n<\/strong> de las grandes ciudades mexicanas, as\u00ed como crear los marcos para impulsar el desarrollo de vivienda que eleve la calidad de vida de las familias, son parte de los retos que tendr\u00e1 M\u00e9xico en los pr\u00f3ximos a\u00f1os y que ser\u00e1n necesarios atender para crecer con orden, asegur\u00f3 <strong>V\u00edctor Fuentes<\/strong>, presidente de la Comisi\u00f3n de Desarrollo Urbano, Ordenamiento Territorial y Vivienda del <strong>Senado de la Rep\u00fablica<\/strong>.<\/p>\n<p>En entrevista con <strong>Revista Vivienda<\/strong>, el legislador perteneciente al <strong>Partido Acci\u00f3n Nacional<\/strong> (PAN), se\u00f1al\u00f3 que ser\u00e1 estrat\u00e9gico para el pa\u00eds controlar la expansi\u00f3n de las manchas urbanas. En tal sentido, dijo, para detener la problem\u00e1tica, uno de los puntos que debe buscarse es el repoblamiento de los <strong>centros urbanos<\/strong>.<\/p>\n<p>\u201cHoy en d\u00eda un factor determinante, que es sumamente estrat\u00e9gico en temas que tienen que ver con los asentamientos humanos, con en el ordenamiento territorial, con en el propio desarrollo urbano y del pa\u00eds, es evitar que sigan creciendo estas <strong>megaciudades<\/strong>.<\/p>\n<p>\u201cEs fundamental recuperar los centros urbanos, repoblarlos y buscar la manera de aumentar sustancialmente la <strong>calidad<\/strong> de vida de quienes habitan nuestras grandes ciudades. Y para lograrlo, tenemos que generar el mercado suficiente de vivienda para que las familias habiten cada vez m\u00e1s cerca de los lugares donde trabajan o estudian y evitar estos recorridos largos que se presenten hoy en d\u00eda\u201d, apunt\u00f3.<\/p>\n<p>El Senador enfatiz\u00f3 que, para atender los grandes <strong>retos de las ciudades<\/strong>, se deber\u00e1 poner al centro de la agenda una reorientaci\u00f3n en el desarrollo urbano. A\u00f1adi\u00f3 que es importante avanzar en la meta de reducir las grandes distancias que recorren a diario miles de mexicanos.<\/p>\n<p>Lee el texto completo\u00a0<a href=\"https:\/\/centrourbano.com\/2019\/02\/05\/revista-vivienda-enero-febrero-2019\/\">aqu\u00ed<\/a>\u00a0(P\u00e1gina 26 de la edici\u00f3n enero-febrero de <strong><em>Revista Vivienda<\/em><\/strong>).<\/p>\n<p>&nbsp;<\/p>\n<a href=\"https:\/\/centrourbano.com\/2019\/02\/05\/revista-vivienda-enero-febrero-2019\/\" target=\"_blank\" rel=\"noopener noreferrer\"><img loading=\"lazy\" decoding=\"async\" class=\"aligncenter wp-image-85769\" src=\"https:\/\/centrourbano.com\/revista\/wp-content\/uploads\/ViviendaM-1024x1018.jpg\" alt=\"\" width=\"500\" height=\"497\" srcset=\"https:\/\/centrourbano.com\/revista\/wp-content\/uploads\/ViviendaM-1024x1018.jpg 1024w, https:\/\/centrourbano.com\/revista\/wp-content\/uploads\/ViviendaM-150x150.jpg 150w, https:\/\/centrourbano.com\/revista\/wp-content\/uploads\/ViviendaM-300x298.jpg 300w, https:\/\/centrourbano.com\/revista\/wp-content\/uploads\/ViviendaM-768x764.jpg 768w, https:\/\/centrourbano.com\/revista\/wp-content\/uploads\/ViviendaM.jpg 1254w\" sizes=\"auto, (max-width: 500px) 100vw, 500px\" \/><\/a>\n","protected":false},"excerpt":{"rendered":"<p>Repoblar las zonas c\u00e9ntricas de las urbes debe ser uno de los ejes centrales para ordenar las ciudades<\/p>\n","protected":false},"author":47,"featured_media":85662,"comment_status":"open","ping_status":"closed","sticky":false,"template":"","format":"standard","meta":{"om_disable_all_campaigns":false,"inline_featured_image":false,"_monsterinsights_skip_tracking":false,"_monsterinsights_sitenote_active":false,"_monsterinsights_sitenote_note":"","_monsterinsights_sitenote_category":0,"footnotes":""},"categories":[4,7860],"tags":[15274,211,13629,146,1466,15276,15273,2310,3390,15275,60],"class_list":["post-85661","post","type-post","status-publish","format-standard","has-post-thumbnail","hentry","category-publicaciones","category-revista-vivienda","tag-centros-urbanos","tag-ciudades","tag-comision-de-desarrollo-urbano","tag-desarrollo-urbano","tag-expansion","tag-ordenamiento-territorial-y-vivienda","tag-repoblar","tag-revista-vivienda","tag-senado-de-la-republica","tag-victor-fuentes","tag-vivienda-2"],"yoast_head":"<!-- This site is optimized with the Yoast SEO plugin v27.4 - https:\/\/yoast.com\/product\/yoast-seo-wordpress\/ -->\n<title>Reorientar desarrollo urbano, esencial para el pa\u00eds<\/title>\n<meta name=\"description\" content=\"Detener la expansi\u00f3n de las grandes ciudades mexicanas, as\u00ed como crear los marcos para impulsar el desarrollo de vivienda que eleve...\" \/>\n<meta name=\"robots\" content=\"index, follow, max-snippet:-1, max-image-preview:large, max-video-preview:-1\" \/>\n<link rel=\"canonical\" href=\"https:\/\/centrourbano.com\/revista\/publicaciones\/reorientar-desarrollo-urbano\/\" \/>\n<meta property=\"og:locale\" content=\"es_ES\" \/>\n<meta property=\"og:type\" content=\"article\" \/>\n<meta property=\"og:title\" content=\"Reorientar desarrollo urbano, esencial para el pa\u00eds\" \/>\n<meta property=\"og:description\" content=\"Detener la expansi\u00f3n de las grandes ciudades mexicanas, as\u00ed como crear los marcos para impulsar el desarrollo de vivienda que eleve...\" \/>\n<meta property=\"og:url\" content=\"https:\/\/centrourbano.com\/revista\/publicaciones\/reorientar-desarrollo-urbano\/\" \/>\n<meta property=\"og:site_name\" content=\"Centro Urbano\" \/>\n<meta property=\"article:publisher\" content=\"https:\/\/www.facebook.com\/portalcentrourbano\" \/>\n<meta property=\"article:published_time\" content=\"2019-02-05T20:54:07+00:00\" \/>\n<meta property=\"article:modified_time\" content=\"2019-02-06T19:11:27+00:00\" \/>\n<meta property=\"og:image\" content=\"https:\/\/centrourbano.com\/revista\/wp-content\/uploads\/Victor-Fuentes_Comisi\u00f3n-Vivienda_Senado-e1549400036541.jpg\" \/>\n\t<meta property=\"og:image:width\" content=\"800\" \/>\n\t<meta property=\"og:image:height\" content=\"533\" \/>\n\t<meta property=\"og:image:type\" content=\"image\/jpeg\" \/>\n<meta name=\"author\" content=\"Edgar Rosas\" \/>\n<meta name=\"twitter:card\" content=\"summary_large_image\" \/>\n<meta name=\"twitter:creator\" content=\"@https:\/\/twitter.com\/ERosasCU?s=09\" \/>\n<meta name=\"twitter:site\" content=\"@CentroUrbano\" \/>\n<meta name=\"twitter:label1\" content=\"Escrito por\" \/>\n\t<meta name=\"twitter:data1\" content=\"Edgar Rosas\" \/>\n\t<meta name=\"twitter:label2\" content=\"Tiempo de lectura\" \/>\n\t<meta name=\"twitter:data2\" content=\"2 minutos\" \/>\n<script type=\"application\/ld+json\" class=\"yoast-schema-graph\">{\"@context\":\"https:\\\/\\\/schema.org\",\"@graph\":[{\"@type\":\"Article\",\"@id\":\"https:\\\/\\\/centrourbano.com\\\/revista\\\/publicaciones\\\/reorientar-desarrollo-urbano\\\/#article\",\"isPartOf\":{\"@id\":\"https:\\\/\\\/centrourbano.com\\\/revista\\\/publicaciones\\\/reorientar-desarrollo-urbano\\\/\"},\"author\":{\"name\":\"Edgar Rosas\",\"@id\":\"https:\\\/\\\/centrourbano.com\\\/revista\\\/#\\\/schema\\\/person\\\/ff3c00651ce5b1630479d2cd0c2e3ac0\"},\"headline\":\"Reorientar desarrollo urbano, esencial para el pa\u00eds\",\"datePublished\":\"2019-02-05T20:54:07+00:00\",\"dateModified\":\"2019-02-06T19:11:27+00:00\",\"mainEntityOfPage\":{\"@id\":\"https:\\\/\\\/centrourbano.com\\\/revista\\\/publicaciones\\\/reorientar-desarrollo-urbano\\\/\"},\"wordCount\":331,\"commentCount\":0,\"publisher\":{\"@id\":\"https:\\\/\\\/centrourbano.com\\\/revista\\\/#organization\"},\"image\":{\"@id\":\"https:\\\/\\\/centrourbano.com\\\/revista\\\/publicaciones\\\/reorientar-desarrollo-urbano\\\/#primaryimage\"},\"thumbnailUrl\":\"https:\\\/\\\/centrourbano.com\\\/revista\\\/wp-content\\\/uploads\\\/Victor-Fuentes_Comisi\u00f3n-Vivienda_Senado-e1549400036541.jpg\",\"keywords\":[\"Centros Urbanos\",\"ciudades\",\"Comisi\u00f3n de Desarrollo Urbano\",\"Desarrollo urbano\",\"expansi\u00f3n\",\"Ordenamiento Territorial y Vivienda\",\"repoblar\",\"Revista Vivienda\",\"Senado de la Rep\u00fablica\",\"V\u00edctor Fuentes\",\"vivienda\"],\"articleSection\":[\"Publicaciones\",\"Revista Vivienda\"],\"inLanguage\":\"es\",\"potentialAction\":[{\"@type\":\"CommentAction\",\"name\":\"Comment\",\"target\":[\"https:\\\/\\\/centrourbano.com\\\/revista\\\/publicaciones\\\/reorientar-desarrollo-urbano\\\/#respond\"]}]},{\"@type\":\"WebPage\",\"@id\":\"https:\\\/\\\/centrourbano.com\\\/revista\\\/publicaciones\\\/reorientar-desarrollo-urbano\\\/\",\"url\":\"https:\\\/\\\/centrourbano.com\\\/revista\\\/publicaciones\\\/reorientar-desarrollo-urbano\\\/\",\"name\":\"Reorientar desarrollo urbano, esencial para el pa\u00eds\",\"isPartOf\":{\"@id\":\"https:\\\/\\\/centrourbano.com\\\/revista\\\/#website\"},\"primaryImageOfPage\":{\"@id\":\"https:\\\/\\\/centrourbano.com\\\/revista\\\/publicaciones\\\/reorientar-desarrollo-urbano\\\/#primaryimage\"},\"image\":{\"@id\":\"https:\\\/\\\/centrourbano.com\\\/revista\\\/publicaciones\\\/reorientar-desarrollo-urbano\\\/#primaryimage\"},\"thumbnailUrl\":\"https:\\\/\\\/centrourbano.com\\\/revista\\\/wp-content\\\/uploads\\\/Victor-Fuentes_Comisi\u00f3n-Vivienda_Senado-e1549400036541.jpg\",\"datePublished\":\"2019-02-05T20:54:07+00:00\",\"dateModified\":\"2019-02-06T19:11:27+00:00\",\"description\":\"Detener la expansi\u00f3n de las grandes ciudades mexicanas, as\u00ed como crear los marcos para impulsar el desarrollo de vivienda que eleve...\",\"breadcrumb\":{\"@id\":\"https:\\\/\\\/centrourbano.com\\\/revista\\\/publicaciones\\\/reorientar-desarrollo-urbano\\\/#breadcrumb\"},\"inLanguage\":\"es\",\"potentialAction\":[{\"@type\":\"ReadAction\",\"target\":[\"https:\\\/\\\/centrourbano.com\\\/revista\\\/publicaciones\\\/reorientar-desarrollo-urbano\\\/\"]}]},{\"@type\":\"ImageObject\",\"inLanguage\":\"es\",\"@id\":\"https:\\\/\\\/centrourbano.com\\\/revista\\\/publicaciones\\\/reorientar-desarrollo-urbano\\\/#primaryimage\",\"url\":\"https:\\\/\\\/centrourbano.com\\\/revista\\\/wp-content\\\/uploads\\\/Victor-Fuentes_Comisi\u00f3n-Vivienda_Senado-e1549400036541.jpg\",\"contentUrl\":\"https:\\\/\\\/centrourbano.com\\\/revista\\\/wp-content\\\/uploads\\\/Victor-Fuentes_Comisi\u00f3n-Vivienda_Senado-e1549400036541.jpg\",\"width\":800,\"height\":533},{\"@type\":\"BreadcrumbList\",\"@id\":\"https:\\\/\\\/centrourbano.com\\\/revista\\\/publicaciones\\\/reorientar-desarrollo-urbano\\\/#breadcrumb\",\"itemListElement\":[{\"@type\":\"ListItem\",\"position\":1,\"name\":\"Portada\",\"item\":\"https:\\\/\\\/centrourbano.com\\\/revista\\\/\"},{\"@type\":\"ListItem\",\"position\":2,\"name\":\"Reorientar desarrollo urbano, esencial para el pa\u00eds\"}]},{\"@type\":\"WebSite\",\"@id\":\"https:\\\/\\\/centrourbano.com\\\/revista\\\/#website\",\"url\":\"https:\\\/\\\/centrourbano.com\\\/revista\\\/\",\"name\":\"Centro Urbano\",\"description\":\"Medio especializado en los sectores vivienda, inmobiliario, construcci\u00f3n, arquitectura y urbanismo.\",\"publisher\":{\"@id\":\"https:\\\/\\\/centrourbano.com\\\/revista\\\/#organization\"},\"potentialAction\":[{\"@type\":\"SearchAction\",\"target\":{\"@type\":\"EntryPoint\",\"urlTemplate\":\"https:\\\/\\\/centrourbano.com\\\/revista\\\/?s={search_term_string}\"},\"query-input\":{\"@type\":\"PropertyValueSpecification\",\"valueRequired\":true,\"valueName\":\"search_term_string\"}}],\"inLanguage\":\"es\"},{\"@type\":\"Organization\",\"@id\":\"https:\\\/\\\/centrourbano.com\\\/revista\\\/#organization\",\"name\":\"Centro Urbano\",\"url\":\"https:\\\/\\\/centrourbano.com\\\/revista\\\/\",\"logo\":{\"@type\":\"ImageObject\",\"inLanguage\":\"es\",\"@id\":\"https:\\\/\\\/centrourbano.com\\\/revista\\\/#\\\/schema\\\/logo\\\/image\\\/\",\"url\":\"https:\\\/\\\/centrourbano.com\\\/revista\\\/wp-content\\\/uploads\\\/web_CU_logo-1.png\",\"contentUrl\":\"https:\\\/\\\/centrourbano.com\\\/revista\\\/wp-content\\\/uploads\\\/web_CU_logo-1.png\",\"width\":350,\"height\":91,\"caption\":\"Centro Urbano\"},\"image\":{\"@id\":\"https:\\\/\\\/centrourbano.com\\\/revista\\\/#\\\/schema\\\/logo\\\/image\\\/\"},\"sameAs\":[\"https:\\\/\\\/www.facebook.com\\\/portalcentrourbano\",\"https:\\\/\\\/x.com\\\/CentroUrbano\",\"https:\\\/\\\/www.instagram.com\\\/centro_urbano\\\/\",\"https:\\\/\\\/www.linkedin.com\\\/company\\\/centro-urbano\\\/\",\"http:\\\/\\\/www.youtube.com\\\/user\\\/portalcentrourbano\"]},{\"@type\":\"Person\",\"@id\":\"https:\\\/\\\/centrourbano.com\\\/revista\\\/#\\\/schema\\\/person\\\/ff3c00651ce5b1630479d2cd0c2e3ac0\",\"name\":\"Edgar Rosas\",\"image\":{\"@type\":\"ImageObject\",\"inLanguage\":\"es\",\"@id\":\"https:\\\/\\\/secure.gravatar.com\\\/avatar\\\/94440c4283495211faa5300bf85e80061036b83fced868c3783aa1310b350d9c?s=96&d=mm&r=g\",\"url\":\"https:\\\/\\\/secure.gravatar.com\\\/avatar\\\/94440c4283495211faa5300bf85e80061036b83fced868c3783aa1310b350d9c?s=96&d=mm&r=g\",\"contentUrl\":\"https:\\\/\\\/secure.gravatar.com\\\/avatar\\\/94440c4283495211faa5300bf85e80061036b83fced868c3783aa1310b350d9c?s=96&d=mm&r=g\",\"caption\":\"Edgar Rosas\"},\"description\":\"Editor en Jefe de Centro Urbano. Egresado de la maestr\u00eda en Periodismo Pol\u00edtico de la Escuela de Periodismo Carlos Septi\u00e9n Garc\u00eda (EPCSG). Estudi\u00f3 la licenciatura en Comunicaci\u00f3n en la Universidad Mexicana. Amante de la cr\u00f3nica y el reportaje. Admirador de Vicente Le\u00f1ero y Miguel \u00c1ngel Granados Chapa.\",\"sameAs\":[\"https:\\\/\\\/x.com\\\/https:\\\/\\\/twitter.com\\\/ERosasCU?s=09\"],\"url\":\"https:\\\/\\\/centrourbano.com\\\/revista\\\/author\\\/edgar-rosas\\\/\"}]}<\/script>\n<!-- \/ Yoast SEO plugin. -->","yoast_head_json":{"title":"Reorientar desarrollo urbano, esencial para el pa\u00eds","description":"Detener la expansi\u00f3n de las grandes ciudades mexicanas, as\u00ed como crear los marcos para impulsar el desarrollo de vivienda que eleve...","robots":{"index":"index","follow":"follow","max-snippet":"max-snippet:-1","max-image-preview":"max-image-preview:large","max-video-preview":"max-video-preview:-1"},"canonical":"https:\/\/centrourbano.com\/revista\/publicaciones\/reorientar-desarrollo-urbano\/","og_locale":"es_ES","og_type":"article","og_title":"Reorientar desarrollo urbano, esencial para el pa\u00eds","og_description":"Detener la expansi\u00f3n de las grandes ciudades mexicanas, as\u00ed como crear los marcos para impulsar el desarrollo de vivienda que eleve...","og_url":"https:\/\/centrourbano.com\/revista\/publicaciones\/reorientar-desarrollo-urbano\/","og_site_name":"Centro Urbano","article_publisher":"https:\/\/www.facebook.com\/portalcentrourbano","article_published_time":"2019-02-05T20:54:07+00:00","article_modified_time":"2019-02-06T19:11:27+00:00","og_image":[{"width":800,"height":533,"url":"https:\/\/centrourbano.com\/revista\/wp-content\/uploads\/Victor-Fuentes_Comisi\u00f3n-Vivienda_Senado-e1549400036541.jpg","type":"image\/jpeg"}],"author":"Edgar Rosas","twitter_card":"summary_large_image","twitter_creator":"@https:\/\/twitter.com\/ERosasCU?s=09","twitter_site":"@CentroUrbano","twitter_misc":{"Escrito por":"Edgar Rosas","Tiempo de lectura":"2 minutos"},"schema":{"@context":"https:\/\/schema.org","@graph":[{"@type":"Article","@id":"https:\/\/centrourbano.com\/revista\/publicaciones\/reorientar-desarrollo-urbano\/#article","isPartOf":{"@id":"https:\/\/centrourbano.com\/revista\/publicaciones\/reorientar-desarrollo-urbano\/"},"author":{"name":"Edgar Rosas","@id":"https:\/\/centrourbano.com\/revista\/#\/schema\/person\/ff3c00651ce5b1630479d2cd0c2e3ac0"},"headline":"Reorientar desarrollo urbano, esencial para el pa\u00eds","datePublished":"2019-02-05T20:54:07+00:00","dateModified":"2019-02-06T19:11:27+00:00","mainEntityOfPage":{"@id":"https:\/\/centrourbano.com\/revista\/publicaciones\/reorientar-desarrollo-urbano\/"},"wordCount":331,"commentCount":0,"publisher":{"@id":"https:\/\/centrourbano.com\/revista\/#organization"},"image":{"@id":"https:\/\/centrourbano.com\/revista\/publicaciones\/reorientar-desarrollo-urbano\/#primaryimage"},"thumbnailUrl":"https:\/\/centrourbano.com\/revista\/wp-content\/uploads\/Victor-Fuentes_Comisi\u00f3n-Vivienda_Senado-e1549400036541.jpg","keywords":["Centros Urbanos","ciudades","Comisi\u00f3n de Desarrollo Urbano","Desarrollo urbano","expansi\u00f3n","Ordenamiento Territorial y Vivienda","repoblar","Revista Vivienda","Senado de la Rep\u00fablica","V\u00edctor Fuentes","vivienda"],"articleSection":["Publicaciones","Revista Vivienda"],"inLanguage":"es","potentialAction":[{"@type":"CommentAction","name":"Comment","target":["https:\/\/centrourbano.com\/revista\/publicaciones\/reorientar-desarrollo-urbano\/#respond"]}]},{"@type":"WebPage","@id":"https:\/\/centrourbano.com\/revista\/publicaciones\/reorientar-desarrollo-urbano\/","url":"https:\/\/centrourbano.com\/revista\/publicaciones\/reorientar-desarrollo-urbano\/","name":"Reorientar desarrollo urbano, esencial para el pa\u00eds","isPartOf":{"@id":"https:\/\/centrourbano.com\/revista\/#website"},"primaryImageOfPage":{"@id":"https:\/\/centrourbano.com\/revista\/publicaciones\/reorientar-desarrollo-urbano\/#primaryimage"},"image":{"@id":"https:\/\/centrourbano.com\/revista\/publicaciones\/reorientar-desarrollo-urbano\/#primaryimage"},"thumbnailUrl":"https:\/\/centrourbano.com\/revista\/wp-content\/uploads\/Victor-Fuentes_Comisi\u00f3n-Vivienda_Senado-e1549400036541.jpg","datePublished":"2019-02-05T20:54:07+00:00","dateModified":"2019-02-06T19:11:27+00:00","description":"Detener la expansi\u00f3n de las grandes ciudades mexicanas, as\u00ed como crear los marcos para impulsar el desarrollo de vivienda que eleve...","breadcrumb":{"@id":"https:\/\/centrourbano.com\/revista\/publicaciones\/reorientar-desarrollo-urbano\/#breadcrumb"},"inLanguage":"es","potentialAction":[{"@type":"ReadAction","target":["https:\/\/centrourbano.com\/revista\/publicaciones\/reorientar-desarrollo-urbano\/"]}]},{"@type":"ImageObject","inLanguage":"es","@id":"https:\/\/centrourbano.com\/revista\/publicaciones\/reorientar-desarrollo-urbano\/#primaryimage","url":"https:\/\/centrourbano.com\/revista\/wp-content\/uploads\/Victor-Fuentes_Comisi\u00f3n-Vivienda_Senado-e1549400036541.jpg","contentUrl":"https:\/\/centrourbano.com\/revista\/wp-content\/uploads\/Victor-Fuentes_Comisi\u00f3n-Vivienda_Senado-e1549400036541.jpg","width":800,"height":533},{"@type":"BreadcrumbList","@id":"https:\/\/centrourbano.com\/revista\/publicaciones\/reorientar-desarrollo-urbano\/#breadcrumb","itemListElement":[{"@type":"ListItem","position":1,"name":"Portada","item":"https:\/\/centrourbano.com\/revista\/"},{"@type":"ListItem","position":2,"name":"Reorientar desarrollo urbano, esencial para el pa\u00eds"}]},{"@type":"WebSite","@id":"https:\/\/centrourbano.com\/revista\/#website","url":"https:\/\/centrourbano.com\/revista\/","name":"Centro Urbano","description":"Medio especializado en los sectores vivienda, inmobiliario, construcci\u00f3n, arquitectura y urbanismo.","publisher":{"@id":"https:\/\/centrourbano.com\/revista\/#organization"},"potentialAction":[{"@type":"SearchAction","target":{"@type":"EntryPoint","urlTemplate":"https:\/\/centrourbano.com\/revista\/?s={search_term_string}"},"query-input":{"@type":"PropertyValueSpecification","valueRequired":true,"valueName":"search_term_string"}}],"inLanguage":"es"},{"@type":"Organization","@id":"https:\/\/centrourbano.com\/revista\/#organization","name":"Centro Urbano","url":"https:\/\/centrourbano.com\/revista\/","logo":{"@type":"ImageObject","inLanguage":"es","@id":"https:\/\/centrourbano.com\/revista\/#\/schema\/logo\/image\/","url":"https:\/\/centrourbano.com\/revista\/wp-content\/uploads\/web_CU_logo-1.png","contentUrl":"https:\/\/centrourbano.com\/revista\/wp-content\/uploads\/web_CU_logo-1.png","width":350,"height":91,"caption":"Centro Urbano"},"image":{"@id":"https:\/\/centrourbano.com\/revista\/#\/schema\/logo\/image\/"},"sameAs":["https:\/\/www.facebook.com\/portalcentrourbano","https:\/\/x.com\/CentroUrbano","https:\/\/www.instagram.com\/centro_urbano\/","https:\/\/www.linkedin.com\/company\/centro-urbano\/","http:\/\/www.youtube.com\/user\/portalcentrourbano"]},{"@type":"Person","@id":"https:\/\/centrourbano.com\/revista\/#\/schema\/person\/ff3c00651ce5b1630479d2cd0c2e3ac0","name":"Edgar Rosas","image":{"@type":"ImageObject","inLanguage":"es","@id":"https:\/\/secure.gravatar.com\/avatar\/94440c4283495211faa5300bf85e80061036b83fced868c3783aa1310b350d9c?s=96&d=mm&r=g","url":"https:\/\/secure.gravatar.com\/avatar\/94440c4283495211faa5300bf85e80061036b83fced868c3783aa1310b350d9c?s=96&d=mm&r=g","contentUrl":"https:\/\/secure.gravatar.com\/avatar\/94440c4283495211faa5300bf85e80061036b83fced868c3783aa1310b350d9c?s=96&d=mm&r=g","caption":"Edgar Rosas"},"description":"Editor en Jefe de Centro Urbano. Egresado de la maestr\u00eda en Periodismo Pol\u00edtico de la Escuela de Periodismo Carlos Septi\u00e9n Garc\u00eda (EPCSG). Estudi\u00f3 la licenciatura en Comunicaci\u00f3n en la Universidad Mexicana. Amante de la cr\u00f3nica y el reportaje. Admirador de Vicente Le\u00f1ero y Miguel \u00c1ngel Granados Chapa.","sameAs":["https:\/\/x.com\/https:\/\/twitter.com\/ERosasCU?s=09"],"url":"https:\/\/centrourbano.com\/revista\/author\/edgar-rosas\/"}]}},"_links":{"self":[{"href":"https:\/\/centrourbano.com\/revista\/wp-json\/wp\/v2\/posts\/85661","targetHints":{"allow":["GET"]}}],"collection":[{"href":"https:\/\/centrourbano.com\/revista\/wp-json\/wp\/v2\/posts"}],"about":[{"href":"https:\/\/centrourbano.com\/revista\/wp-json\/wp\/v2\/types\/post"}],"author":[{"embeddable":true,"href":"https:\/\/centrourbano.com\/revista\/wp-json\/wp\/v2\/users\/47"}],"replies":[{"embeddable":true,"href":"https:\/\/centrourbano.com\/revista\/wp-json\/wp\/v2\/comments?post=85661"}],"version-history":[{"count":2,"href":"https:\/\/centrourbano.com\/revista\/wp-json\/wp\/v2\/posts\/85661\/revisions"}],"predecessor-version":[{"id":85777,"href":"https:\/\/centrourbano.com\/revista\/wp-json\/wp\/v2\/posts\/85661\/revisions\/85777"}],"wp:featuredmedia":[{"embeddable":true,"href":"https:\/\/centrourbano.com\/revista\/wp-json\/wp\/v2\/media\/85662"}],"wp:attachment":[{"href":"https:\/\/centrourbano.com\/revista\/wp-json\/wp\/v2\/media?parent=85661"}],"wp:term":[{"taxonomy":"category","embeddable":true,"href":"https:\/\/centrourbano.com\/revista\/wp-json\/wp\/v2\/categories?post=85661"},{"taxonomy":"post_tag","embeddable":true,"href":"https:\/\/centrourbano.com\/revista\/wp-json\/wp\/v2\/tags?post=85661"}],"curies":[{"name":"wp","href":"https:\/\/api.w.org\/{rel}","templated":true}]}}