{"id":85608,"date":"2019-02-05T08:00:41","date_gmt":"2019-02-05T14:00:41","guid":{"rendered":"https:\/\/centrourbano.com\/?p=85608"},"modified":"2019-02-05T09:56:16","modified_gmt":"2019-02-05T15:56:16","slug":"conformar-alianza-vivienda","status":"publish","type":"post","link":"https:\/\/centrourbano.com\/revista\/vivienda\/conformar-alianza-vivienda\/","title":{"rendered":"Llaman a conformar la alianza nacional por la vivienda"},"content":{"rendered":"<p><em>A decir del Vocal Ejecutivo de Fovissste, uno de los mayores retos que enfrenta la industria es el alto costo del suelo<\/em><!--more--><\/p>\n<p><strong>Agust\u00edn Rodr\u00edguez<\/strong>, vocal ejecutivo del Fondo de la Vivienda del Issste (<strong>Fovissste<\/strong>), llam\u00f3 a los diversos actores del sector vivienda a formar una <strong>alianza<\/strong> y trabajar en conjunto por <strong>disminuir<\/strong> el costo de las viviendas y mejorar su calidad.<\/p>\n<p>En reuni\u00f3n con empresarios del sector, el funcionario subray\u00f3 que el trabajo <strong>coordinado<\/strong> entre sector p\u00fablico y privado ser\u00e1 fundamental para lograr reducir el valor de las viviendas. A\u00f1adi\u00f3 que sumar esfuerzos entre desarrolladores, notarios, banca comercial y los tres niveles de gobierno, \u201cpermitir\u00e1 enfrentar en mejores condiciones el gran <strong>reto<\/strong> de la vivienda y el acceso a la ciudad\u201d.<\/p>\n<p>Entre otras cosas, el Vocal Ejecutivo del Fondo asegur\u00f3 que uno de los desaf\u00edos m\u00e1s importantes que enfrentan los actores del sector es el costo del <strong>suelo<\/strong>. Para atender este factor, dijo, \u201ces necesaria la colaboraci\u00f3n de todos los actores del sector vivienda\u201d.<\/p>\n<p>Al respecto, Rodr\u00edguez L\u00f3pez manifest\u00f3 que \u201clos costos del suelo no han permitido que todos los mexicanos tengan acceso a la calidad de vida que merecen\u201d.<\/p>\n<p><span style=\"font-weight: 400;\">[quote]\u201cNo podemos seguir sembrando vivienda donde no sea permitido o donde no se tengan las condiciones adecuadas; sobre todo en las condiciones actuales de la Ciudad de M\u00e9xico y Estado de M\u00e9xico con la problem\u00e1tica de agua y servicios que hay\u201d, dijo Agust\u00edn Rodr\u00edguez.[\/quote]<\/span><span style=\"font-weight: 400;\"><br \/>\n<\/span><\/p>\n","protected":false},"excerpt":{"rendered":"<p>A decir del Vocal Ejecutivo de Fovissste, uno de los mayores retos que enfrenta la industria es el alto costo del suelo<\/p>\n","protected":false},"author":47,"featured_media":66897,"comment_status":"open","ping_status":"closed","sticky":false,"template":"","format":"standard","meta":{"om_disable_all_campaigns":false,"inline_featured_image":false,"_monsterinsights_skip_tracking":false,"_monsterinsights_sitenote_active":false,"_monsterinsights_sitenote_note":"","_monsterinsights_sitenote_category":0,"footnotes":""},"categories":[12],"tags":[14544,2912,15261,155,7411,60],"class_list":["post-85608","post","type-post","status-publish","format-standard","has-post-thumbnail","hentry","category-vivienda","tag-agustin-rodriguez","tag-alianza","tag-calidad-de-la-vivienda","tag-fovissste","tag-suelo","tag-vivienda-2"],"yoast_head":"<!-- This site is optimized with the Yoast SEO plugin v27.4 - https:\/\/yoast.com\/product\/yoast-seo-wordpress\/ -->\n<title>Llaman a conformar la alianza nacional por la vivienda<\/title>\n<meta name=\"description\" content=\"Agust\u00edn Rodr\u00edguez, vocal ejecutivo del Fondo de la Vivienda del Issste (Fovissste), llam\u00f3 a los diversos actores del sector vivienda a formar una alianza...\" \/>\n<meta name=\"robots\" content=\"index, follow, max-snippet:-1, max-image-preview:large, max-video-preview:-1\" \/>\n<link rel=\"canonical\" href=\"https:\/\/centrourbano.com\/revista\/vivienda\/conformar-alianza-vivienda\/\" \/>\n<meta property=\"og:locale\" content=\"es_ES\" \/>\n<meta property=\"og:type\" content=\"article\" \/>\n<meta property=\"og:title\" content=\"Llaman a conformar la alianza nacional por la vivienda\" \/>\n<meta property=\"og:description\" content=\"Agust\u00edn Rodr\u00edguez, vocal ejecutivo del Fondo de la Vivienda del Issste (Fovissste), llam\u00f3 a los diversos actores del sector vivienda a formar una alianza...\" \/>\n<meta property=\"og:url\" content=\"https:\/\/centrourbano.com\/revista\/vivienda\/conformar-alianza-vivienda\/\" \/>\n<meta property=\"og:site_name\" content=\"Centro Urbano\" \/>\n<meta property=\"article:publisher\" content=\"https:\/\/www.facebook.com\/portalcentrourbano\" \/>\n<meta property=\"article:published_time\" content=\"2019-02-05T14:00:41+00:00\" \/>\n<meta property=\"article:modified_time\" content=\"2019-02-05T15:56:16+00:00\" \/>\n<meta property=\"og:image\" content=\"https:\/\/centrourbano.com\/revista\/wp-content\/uploads\/casas-interes-social.jpg\" \/>\n\t<meta property=\"og:image:width\" content=\"1200\" \/>\n\t<meta property=\"og:image:height\" content=\"675\" \/>\n\t<meta property=\"og:image:type\" content=\"image\/jpeg\" \/>\n<meta name=\"author\" content=\"Edgar Rosas\" \/>\n<meta name=\"twitter:card\" content=\"summary_large_image\" \/>\n<meta name=\"twitter:creator\" content=\"@https:\/\/twitter.com\/ERosasCU?s=09\" \/>\n<meta name=\"twitter:site\" content=\"@CentroUrbano\" \/>\n<meta name=\"twitter:label1\" content=\"Escrito por\" \/>\n\t<meta name=\"twitter:data1\" content=\"Edgar Rosas\" \/>\n\t<meta name=\"twitter:label2\" content=\"Tiempo de lectura\" \/>\n\t<meta name=\"twitter:data2\" content=\"1 minuto\" \/>\n<script type=\"application\/ld+json\" class=\"yoast-schema-graph\">{\"@context\":\"https:\\\/\\\/schema.org\",\"@graph\":[{\"@type\":\"Article\",\"@id\":\"https:\\\/\\\/centrourbano.com\\\/revista\\\/vivienda\\\/conformar-alianza-vivienda\\\/#article\",\"isPartOf\":{\"@id\":\"https:\\\/\\\/centrourbano.com\\\/revista\\\/vivienda\\\/conformar-alianza-vivienda\\\/\"},\"author\":{\"name\":\"Edgar Rosas\",\"@id\":\"https:\\\/\\\/centrourbano.com\\\/revista\\\/#\\\/schema\\\/person\\\/ff3c00651ce5b1630479d2cd0c2e3ac0\"},\"headline\":\"Llaman a conformar la alianza nacional por la vivienda\",\"datePublished\":\"2019-02-05T14:00:41+00:00\",\"dateModified\":\"2019-02-05T15:56:16+00:00\",\"mainEntityOfPage\":{\"@id\":\"https:\\\/\\\/centrourbano.com\\\/revista\\\/vivienda\\\/conformar-alianza-vivienda\\\/\"},\"wordCount\":260,\"commentCount\":0,\"publisher\":{\"@id\":\"https:\\\/\\\/centrourbano.com\\\/revista\\\/#organization\"},\"image\":{\"@id\":\"https:\\\/\\\/centrourbano.com\\\/revista\\\/vivienda\\\/conformar-alianza-vivienda\\\/#primaryimage\"},\"thumbnailUrl\":\"https:\\\/\\\/centrourbano.com\\\/revista\\\/wp-content\\\/uploads\\\/casas-interes-social.jpg\",\"keywords\":[\"Agust\u00edn Rodr\u00edguez\",\"Alianza\",\"calidad de la vivienda\",\"Fovissste\",\"suelo\",\"vivienda\"],\"articleSection\":[\"Vivienda\"],\"inLanguage\":\"es\",\"potentialAction\":[{\"@type\":\"CommentAction\",\"name\":\"Comment\",\"target\":[\"https:\\\/\\\/centrourbano.com\\\/revista\\\/vivienda\\\/conformar-alianza-vivienda\\\/#respond\"]}]},{\"@type\":\"WebPage\",\"@id\":\"https:\\\/\\\/centrourbano.com\\\/revista\\\/vivienda\\\/conformar-alianza-vivienda\\\/\",\"url\":\"https:\\\/\\\/centrourbano.com\\\/revista\\\/vivienda\\\/conformar-alianza-vivienda\\\/\",\"name\":\"Llaman a conformar la alianza nacional por la vivienda\",\"isPartOf\":{\"@id\":\"https:\\\/\\\/centrourbano.com\\\/revista\\\/#website\"},\"primaryImageOfPage\":{\"@id\":\"https:\\\/\\\/centrourbano.com\\\/revista\\\/vivienda\\\/conformar-alianza-vivienda\\\/#primaryimage\"},\"image\":{\"@id\":\"https:\\\/\\\/centrourbano.com\\\/revista\\\/vivienda\\\/conformar-alianza-vivienda\\\/#primaryimage\"},\"thumbnailUrl\":\"https:\\\/\\\/centrourbano.com\\\/revista\\\/wp-content\\\/uploads\\\/casas-interes-social.jpg\",\"datePublished\":\"2019-02-05T14:00:41+00:00\",\"dateModified\":\"2019-02-05T15:56:16+00:00\",\"description\":\"Agust\u00edn Rodr\u00edguez, vocal ejecutivo del Fondo de la Vivienda del Issste (Fovissste), llam\u00f3 a los diversos actores del sector vivienda a formar una alianza...\",\"breadcrumb\":{\"@id\":\"https:\\\/\\\/centrourbano.com\\\/revista\\\/vivienda\\\/conformar-alianza-vivienda\\\/#breadcrumb\"},\"inLanguage\":\"es\",\"potentialAction\":[{\"@type\":\"ReadAction\",\"target\":[\"https:\\\/\\\/centrourbano.com\\\/revista\\\/vivienda\\\/conformar-alianza-vivienda\\\/\"]}]},{\"@type\":\"ImageObject\",\"inLanguage\":\"es\",\"@id\":\"https:\\\/\\\/centrourbano.com\\\/revista\\\/vivienda\\\/conformar-alianza-vivienda\\\/#primaryimage\",\"url\":\"https:\\\/\\\/centrourbano.com\\\/revista\\\/wp-content\\\/uploads\\\/casas-interes-social.jpg\",\"contentUrl\":\"https:\\\/\\\/centrourbano.com\\\/revista\\\/wp-content\\\/uploads\\\/casas-interes-social.jpg\",\"width\":1200,\"height\":675,\"caption\":\"Es importante bajar costos y tener clientes que puedan comprar en la Ciudad.\"},{\"@type\":\"BreadcrumbList\",\"@id\":\"https:\\\/\\\/centrourbano.com\\\/revista\\\/vivienda\\\/conformar-alianza-vivienda\\\/#breadcrumb\",\"itemListElement\":[{\"@type\":\"ListItem\",\"position\":1,\"name\":\"Portada\",\"item\":\"https:\\\/\\\/centrourbano.com\\\/revista\\\/\"},{\"@type\":\"ListItem\",\"position\":2,\"name\":\"Llaman a conformar la alianza nacional por la vivienda\"}]},{\"@type\":\"WebSite\",\"@id\":\"https:\\\/\\\/centrourbano.com\\\/revista\\\/#website\",\"url\":\"https:\\\/\\\/centrourbano.com\\\/revista\\\/\",\"name\":\"Centro Urbano\",\"description\":\"Medio especializado en los sectores vivienda, inmobiliario, construcci\u00f3n, arquitectura y urbanismo.\",\"publisher\":{\"@id\":\"https:\\\/\\\/centrourbano.com\\\/revista\\\/#organization\"},\"potentialAction\":[{\"@type\":\"SearchAction\",\"target\":{\"@type\":\"EntryPoint\",\"urlTemplate\":\"https:\\\/\\\/centrourbano.com\\\/revista\\\/?s={search_term_string}\"},\"query-input\":{\"@type\":\"PropertyValueSpecification\",\"valueRequired\":true,\"valueName\":\"search_term_string\"}}],\"inLanguage\":\"es\"},{\"@type\":\"Organization\",\"@id\":\"https:\\\/\\\/centrourbano.com\\\/revista\\\/#organization\",\"name\":\"Centro Urbano\",\"url\":\"https:\\\/\\\/centrourbano.com\\\/revista\\\/\",\"logo\":{\"@type\":\"ImageObject\",\"inLanguage\":\"es\",\"@id\":\"https:\\\/\\\/centrourbano.com\\\/revista\\\/#\\\/schema\\\/logo\\\/image\\\/\",\"url\":\"https:\\\/\\\/centrourbano.com\\\/revista\\\/wp-content\\\/uploads\\\/web_CU_logo-1.png\",\"contentUrl\":\"https:\\\/\\\/centrourbano.com\\\/revista\\\/wp-content\\\/uploads\\\/web_CU_logo-1.png\",\"width\":350,\"height\":91,\"caption\":\"Centro Urbano\"},\"image\":{\"@id\":\"https:\\\/\\\/centrourbano.com\\\/revista\\\/#\\\/schema\\\/logo\\\/image\\\/\"},\"sameAs\":[\"https:\\\/\\\/www.facebook.com\\\/portalcentrourbano\",\"https:\\\/\\\/x.com\\\/CentroUrbano\",\"https:\\\/\\\/www.instagram.com\\\/centro_urbano\\\/\",\"https:\\\/\\\/www.linkedin.com\\\/company\\\/centro-urbano\\\/\",\"http:\\\/\\\/www.youtube.com\\\/user\\\/portalcentrourbano\"]},{\"@type\":\"Person\",\"@id\":\"https:\\\/\\\/centrourbano.com\\\/revista\\\/#\\\/schema\\\/person\\\/ff3c00651ce5b1630479d2cd0c2e3ac0\",\"name\":\"Edgar Rosas\",\"image\":{\"@type\":\"ImageObject\",\"inLanguage\":\"es\",\"@id\":\"https:\\\/\\\/secure.gravatar.com\\\/avatar\\\/94440c4283495211faa5300bf85e80061036b83fced868c3783aa1310b350d9c?s=96&d=mm&r=g\",\"url\":\"https:\\\/\\\/secure.gravatar.com\\\/avatar\\\/94440c4283495211faa5300bf85e80061036b83fced868c3783aa1310b350d9c?s=96&d=mm&r=g\",\"contentUrl\":\"https:\\\/\\\/secure.gravatar.com\\\/avatar\\\/94440c4283495211faa5300bf85e80061036b83fced868c3783aa1310b350d9c?s=96&d=mm&r=g\",\"caption\":\"Edgar Rosas\"},\"description\":\"Editor en Jefe de Centro Urbano. Egresado de la maestr\u00eda en Periodismo Pol\u00edtico de la Escuela de Periodismo Carlos Septi\u00e9n Garc\u00eda (EPCSG). Estudi\u00f3 la licenciatura en Comunicaci\u00f3n en la Universidad Mexicana. Amante de la cr\u00f3nica y el reportaje. Admirador de Vicente Le\u00f1ero y Miguel \u00c1ngel Granados Chapa.\",\"sameAs\":[\"https:\\\/\\\/x.com\\\/https:\\\/\\\/twitter.com\\\/ERosasCU?s=09\"],\"url\":\"https:\\\/\\\/centrourbano.com\\\/revista\\\/author\\\/edgar-rosas\\\/\"}]}<\/script>\n<!-- \/ Yoast SEO plugin. -->","yoast_head_json":{"title":"Llaman a conformar la alianza nacional por la vivienda","description":"Agust\u00edn Rodr\u00edguez, vocal ejecutivo del Fondo de la Vivienda del Issste (Fovissste), llam\u00f3 a los diversos actores del sector vivienda a formar una alianza...","robots":{"index":"index","follow":"follow","max-snippet":"max-snippet:-1","max-image-preview":"max-image-preview:large","max-video-preview":"max-video-preview:-1"},"canonical":"https:\/\/centrourbano.com\/revista\/vivienda\/conformar-alianza-vivienda\/","og_locale":"es_ES","og_type":"article","og_title":"Llaman a conformar la alianza nacional por la vivienda","og_description":"Agust\u00edn Rodr\u00edguez, vocal ejecutivo del Fondo de la Vivienda del Issste (Fovissste), llam\u00f3 a los diversos actores del sector vivienda a formar una alianza...","og_url":"https:\/\/centrourbano.com\/revista\/vivienda\/conformar-alianza-vivienda\/","og_site_name":"Centro Urbano","article_publisher":"https:\/\/www.facebook.com\/portalcentrourbano","article_published_time":"2019-02-05T14:00:41+00:00","article_modified_time":"2019-02-05T15:56:16+00:00","og_image":[{"width":1200,"height":675,"url":"https:\/\/centrourbano.com\/revista\/wp-content\/uploads\/casas-interes-social.jpg","type":"image\/jpeg"}],"author":"Edgar Rosas","twitter_card":"summary_large_image","twitter_creator":"@https:\/\/twitter.com\/ERosasCU?s=09","twitter_site":"@CentroUrbano","twitter_misc":{"Escrito por":"Edgar Rosas","Tiempo de lectura":"1 minuto"},"schema":{"@context":"https:\/\/schema.org","@graph":[{"@type":"Article","@id":"https:\/\/centrourbano.com\/revista\/vivienda\/conformar-alianza-vivienda\/#article","isPartOf":{"@id":"https:\/\/centrourbano.com\/revista\/vivienda\/conformar-alianza-vivienda\/"},"author":{"name":"Edgar Rosas","@id":"https:\/\/centrourbano.com\/revista\/#\/schema\/person\/ff3c00651ce5b1630479d2cd0c2e3ac0"},"headline":"Llaman a conformar la alianza nacional por la vivienda","datePublished":"2019-02-05T14:00:41+00:00","dateModified":"2019-02-05T15:56:16+00:00","mainEntityOfPage":{"@id":"https:\/\/centrourbano.com\/revista\/vivienda\/conformar-alianza-vivienda\/"},"wordCount":260,"commentCount":0,"publisher":{"@id":"https:\/\/centrourbano.com\/revista\/#organization"},"image":{"@id":"https:\/\/centrourbano.com\/revista\/vivienda\/conformar-alianza-vivienda\/#primaryimage"},"thumbnailUrl":"https:\/\/centrourbano.com\/revista\/wp-content\/uploads\/casas-interes-social.jpg","keywords":["Agust\u00edn Rodr\u00edguez","Alianza","calidad de la vivienda","Fovissste","suelo","vivienda"],"articleSection":["Vivienda"],"inLanguage":"es","potentialAction":[{"@type":"CommentAction","name":"Comment","target":["https:\/\/centrourbano.com\/revista\/vivienda\/conformar-alianza-vivienda\/#respond"]}]},{"@type":"WebPage","@id":"https:\/\/centrourbano.com\/revista\/vivienda\/conformar-alianza-vivienda\/","url":"https:\/\/centrourbano.com\/revista\/vivienda\/conformar-alianza-vivienda\/","name":"Llaman a conformar la alianza nacional por la vivienda","isPartOf":{"@id":"https:\/\/centrourbano.com\/revista\/#website"},"primaryImageOfPage":{"@id":"https:\/\/centrourbano.com\/revista\/vivienda\/conformar-alianza-vivienda\/#primaryimage"},"image":{"@id":"https:\/\/centrourbano.com\/revista\/vivienda\/conformar-alianza-vivienda\/#primaryimage"},"thumbnailUrl":"https:\/\/centrourbano.com\/revista\/wp-content\/uploads\/casas-interes-social.jpg","datePublished":"2019-02-05T14:00:41+00:00","dateModified":"2019-02-05T15:56:16+00:00","description":"Agust\u00edn Rodr\u00edguez, vocal ejecutivo del Fondo de la Vivienda del Issste (Fovissste), llam\u00f3 a los diversos actores del sector vivienda a formar una alianza...","breadcrumb":{"@id":"https:\/\/centrourbano.com\/revista\/vivienda\/conformar-alianza-vivienda\/#breadcrumb"},"inLanguage":"es","potentialAction":[{"@type":"ReadAction","target":["https:\/\/centrourbano.com\/revista\/vivienda\/conformar-alianza-vivienda\/"]}]},{"@type":"ImageObject","inLanguage":"es","@id":"https:\/\/centrourbano.com\/revista\/vivienda\/conformar-alianza-vivienda\/#primaryimage","url":"https:\/\/centrourbano.com\/revista\/wp-content\/uploads\/casas-interes-social.jpg","contentUrl":"https:\/\/centrourbano.com\/revista\/wp-content\/uploads\/casas-interes-social.jpg","width":1200,"height":675,"caption":"Es importante bajar costos y tener clientes que puedan comprar en la Ciudad."},{"@type":"BreadcrumbList","@id":"https:\/\/centrourbano.com\/revista\/vivienda\/conformar-alianza-vivienda\/#breadcrumb","itemListElement":[{"@type":"ListItem","position":1,"name":"Portada","item":"https:\/\/centrourbano.com\/revista\/"},{"@type":"ListItem","position":2,"name":"Llaman a conformar la alianza nacional por la vivienda"}]},{"@type":"WebSite","@id":"https:\/\/centrourbano.com\/revista\/#website","url":"https:\/\/centrourbano.com\/revista\/","name":"Centro Urbano","description":"Medio especializado en los sectores vivienda, inmobiliario, construcci\u00f3n, arquitectura y urbanismo.","publisher":{"@id":"https:\/\/centrourbano.com\/revista\/#organization"},"potentialAction":[{"@type":"SearchAction","target":{"@type":"EntryPoint","urlTemplate":"https:\/\/centrourbano.com\/revista\/?s={search_term_string}"},"query-input":{"@type":"PropertyValueSpecification","valueRequired":true,"valueName":"search_term_string"}}],"inLanguage":"es"},{"@type":"Organization","@id":"https:\/\/centrourbano.com\/revista\/#organization","name":"Centro Urbano","url":"https:\/\/centrourbano.com\/revista\/","logo":{"@type":"ImageObject","inLanguage":"es","@id":"https:\/\/centrourbano.com\/revista\/#\/schema\/logo\/image\/","url":"https:\/\/centrourbano.com\/revista\/wp-content\/uploads\/web_CU_logo-1.png","contentUrl":"https:\/\/centrourbano.com\/revista\/wp-content\/uploads\/web_CU_logo-1.png","width":350,"height":91,"caption":"Centro Urbano"},"image":{"@id":"https:\/\/centrourbano.com\/revista\/#\/schema\/logo\/image\/"},"sameAs":["https:\/\/www.facebook.com\/portalcentrourbano","https:\/\/x.com\/CentroUrbano","https:\/\/www.instagram.com\/centro_urbano\/","https:\/\/www.linkedin.com\/company\/centro-urbano\/","http:\/\/www.youtube.com\/user\/portalcentrourbano"]},{"@type":"Person","@id":"https:\/\/centrourbano.com\/revista\/#\/schema\/person\/ff3c00651ce5b1630479d2cd0c2e3ac0","name":"Edgar Rosas","image":{"@type":"ImageObject","inLanguage":"es","@id":"https:\/\/secure.gravatar.com\/avatar\/94440c4283495211faa5300bf85e80061036b83fced868c3783aa1310b350d9c?s=96&d=mm&r=g","url":"https:\/\/secure.gravatar.com\/avatar\/94440c4283495211faa5300bf85e80061036b83fced868c3783aa1310b350d9c?s=96&d=mm&r=g","contentUrl":"https:\/\/secure.gravatar.com\/avatar\/94440c4283495211faa5300bf85e80061036b83fced868c3783aa1310b350d9c?s=96&d=mm&r=g","caption":"Edgar Rosas"},"description":"Editor en Jefe de Centro Urbano. Egresado de la maestr\u00eda en Periodismo Pol\u00edtico de la Escuela de Periodismo Carlos Septi\u00e9n Garc\u00eda (EPCSG). Estudi\u00f3 la licenciatura en Comunicaci\u00f3n en la Universidad Mexicana. Amante de la cr\u00f3nica y el reportaje. Admirador de Vicente Le\u00f1ero y Miguel \u00c1ngel Granados Chapa.","sameAs":["https:\/\/x.com\/https:\/\/twitter.com\/ERosasCU?s=09"],"url":"https:\/\/centrourbano.com\/revista\/author\/edgar-rosas\/"}]}},"_links":{"self":[{"href":"https:\/\/centrourbano.com\/revista\/wp-json\/wp\/v2\/posts\/85608","targetHints":{"allow":["GET"]}}],"collection":[{"href":"https:\/\/centrourbano.com\/revista\/wp-json\/wp\/v2\/posts"}],"about":[{"href":"https:\/\/centrourbano.com\/revista\/wp-json\/wp\/v2\/types\/post"}],"author":[{"embeddable":true,"href":"https:\/\/centrourbano.com\/revista\/wp-json\/wp\/v2\/users\/47"}],"replies":[{"embeddable":true,"href":"https:\/\/centrourbano.com\/revista\/wp-json\/wp\/v2\/comments?post=85608"}],"version-history":[{"count":6,"href":"https:\/\/centrourbano.com\/revista\/wp-json\/wp\/v2\/posts\/85608\/revisions"}],"predecessor-version":[{"id":85614,"href":"https:\/\/centrourbano.com\/revista\/wp-json\/wp\/v2\/posts\/85608\/revisions\/85614"}],"wp:featuredmedia":[{"embeddable":true,"href":"https:\/\/centrourbano.com\/revista\/wp-json\/wp\/v2\/media\/66897"}],"wp:attachment":[{"href":"https:\/\/centrourbano.com\/revista\/wp-json\/wp\/v2\/media?parent=85608"}],"wp:term":[{"taxonomy":"category","embeddable":true,"href":"https:\/\/centrourbano.com\/revista\/wp-json\/wp\/v2\/categories?post=85608"},{"taxonomy":"post_tag","embeddable":true,"href":"https:\/\/centrourbano.com\/revista\/wp-json\/wp\/v2\/tags?post=85608"}],"curies":[{"name":"wp","href":"https:\/\/api.w.org\/{rel}","templated":true}]}}