{"id":85454,"date":"2019-01-30T17:28:37","date_gmt":"2019-01-30T23:28:37","guid":{"rendered":"https:\/\/centrourbano.com\/?p=85454"},"modified":"2019-01-31T12:09:41","modified_gmt":"2019-01-31T18:09:41","slug":"infonavit-logra-ahorros-1221-mdp","status":"publish","type":"post","link":"https:\/\/centrourbano.com\/revista\/vivienda\/infonavit-logra-ahorros-1221-mdp\/","title":{"rendered":"Logra Infonavit ahorros por 1,221 mdp"},"content":{"rendered":"<p><em>En mes y medio de gesti\u00f3n, la nueva administraci\u00f3n emprendi\u00f3 acciones para bajar el gasto del Instituto <\/em><!--more--><\/p>\n<p>El Consejo de Administraci\u00f3n del <strong>Infonavit<\/strong> aprob\u00f3 reducir en 501 millones 297,053 pesos diversas partidas correspondientes al rubro de Gastos de Administraci\u00f3n, Operaci\u00f3n y Vigilancia. Esta medida forma parte de la estrategia que puso en marcha la nueva administraci\u00f3n para <strong>reducir<\/strong> el gasto del Instituto.<\/p>\n<p>La decisi\u00f3n se aval\u00f3 esta tarde en la sesi\u00f3n 815 del Consejo. Con la medida, el organismo alcanz\u00f3 una <strong>reducci\u00f3n acumulada<\/strong> del orden de los 1,221 millones 211,785 pesos, cifra lograda con las medidas impulsadas desde el 14 de diciembre, cuando arlos Mart\u00ednez rindi\u00f3 protesta como nuevo director general del organismo.<\/p>\n<p>Es preciso recordar que el organismo plante\u00f3 como <strong>meta<\/strong> reducir 25% los gastos de administraci\u00f3n y operaci\u00f3n del Instituto. Entre las medidas tomadas para alcanzar el objetivo se encuentra la reducci\u00f3n en los <strong>salarios<\/strong> de los trabajadores de confianza del Infonavit.<\/p>\n<p>Cabe se\u00f1alar que durante la sesi\u00f3n tambi\u00e9n se aprob\u00f3 el nombramiento de <strong>Rodrigo Guti\u00e9rrez Porter Villegas<\/strong> como subdirector general de Cr\u00e9dito del Infonavit.<\/p>\n<p>La sesi\u00f3n estuvo encabezada por <strong>Rom\u00e1n Meyer Falc\u00f3n<\/strong>, titular de la Secretar\u00eda de desarrollo Agrario, Territorial y Urbano (<strong>Sedatu<\/strong>).<\/p>\n<p>&nbsp;<\/p>\n<p style=\"text-align: center;\"><em><strong>Te podr\u00eda interesar:<\/strong><\/em><\/p>\n<a href=\"https:\/\/centrourbano.com\/2019\/01\/07\/aprueban-reduccion-salarios-infonavit\/\" target=\"_blank\" rel=\"noopener noreferrer\"><img loading=\"lazy\" decoding=\"async\" class=\"aligncenter wp-image-85464\" src=\"https:\/\/centrourbano.com\/revista\/wp-content\/uploads\/Infonavit_reducci\u00f3n-salarios_Infonavit.jpg\" alt=\"\" width=\"450\" height=\"351\" srcset=\"https:\/\/centrourbano.com\/revista\/wp-content\/uploads\/Infonavit_reducci\u00f3n-salarios_Infonavit.jpg 602w, https:\/\/centrourbano.com\/revista\/wp-content\/uploads\/Infonavit_reducci\u00f3n-salarios_Infonavit-300x234.jpg 300w\" sizes=\"auto, (max-width: 450px) 100vw, 450px\" \/><\/a>\n<p>&nbsp;<\/p>\n","protected":false},"excerpt":{"rendered":"<p>En mes y medio de gesti\u00f3n, la nueva administraci\u00f3n emprendi\u00f3 acciones para bajar el gasto del Instituto<\/p>\n","protected":false},"author":77,"featured_media":85457,"comment_status":"open","ping_status":"closed","sticky":false,"template":"","format":"standard","meta":{"footnotes":""},"categories":[12],"tags":[15238,15115,10748,15239,100,60],"class_list":["post-85454","post","type-post","status-publish","format-standard","has-post-thumbnail","hentry","category-vivienda","tag-ahorros","tag-carlos-martinez-velazquez","tag-gasto","tag-gastos-de-operacion","tag-infonavit","tag-vivienda-2"],"yoast_head":"<!-- This site is optimized with the Yoast SEO plugin v28.4 - https:\/\/yoast.com\/product\/yoast-seo-wordpress\/ -->\n<title>Logra Infonavit ahorros por 1,221 millones de pesos<\/title>\n<meta name=\"description\" content=\"El Consejo de Administraci\u00f3n del Infonavit aprob\u00f3 reducir en 501 millones 297,053 pesos diversas partidas correspondientes al rubro de...\" \/>\n<meta name=\"robots\" content=\"index, follow, max-snippet:-1, max-image-preview:large, max-video-preview:-1\" \/>\n<link rel=\"canonical\" href=\"https:\/\/centrourbano.com\/revista\/vivienda\/infonavit-logra-ahorros-1221-mdp\/\" \/>\n<meta property=\"og:locale\" content=\"es_ES\" \/>\n<meta property=\"og:type\" content=\"article\" \/>\n<meta property=\"og:title\" content=\"Logra Infonavit ahorros por 1,221 millones de pesos\" \/>\n<meta property=\"og:description\" content=\"El Consejo de Administraci\u00f3n del Infonavit aprob\u00f3 reducir en 501 millones 297,053 pesos diversas partidas correspondientes al rubro de...\" \/>\n<meta property=\"og:url\" content=\"https:\/\/centrourbano.com\/revista\/vivienda\/infonavit-logra-ahorros-1221-mdp\/\" \/>\n<meta property=\"og:site_name\" content=\"Centro Urbano\" \/>\n<meta property=\"article:publisher\" content=\"https:\/\/www.facebook.com\/portalcentrourbano\" \/>\n<meta property=\"article:published_time\" content=\"2019-01-30T23:28:37+00:00\" \/>\n<meta property=\"article:modified_time\" content=\"2019-01-31T18:09:41+00:00\" \/>\n<meta property=\"og:image\" content=\"https:\/\/centrourbano.com\/revista\/wp-content\/uploads\/Sesi\u00f3n-815-Consejo-de-Administraci\u00f3n-Infonavit.jpg\" \/>\n\t<meta property=\"og:image:width\" content=\"1024\" \/>\n\t<meta property=\"og:image:height\" content=\"625\" \/>\n\t<meta property=\"og:image:type\" content=\"image\/jpeg\" \/>\n<meta name=\"author\" content=\"G4A\" \/>\n<meta name=\"twitter:card\" content=\"summary_large_image\" \/>\n<meta name=\"twitter:creator\" content=\"@CentroUrbano\" \/>\n<meta name=\"twitter:site\" content=\"@CentroUrbano\" \/>\n<meta name=\"twitter:label1\" content=\"Escrito por\" \/>\n\t<meta name=\"twitter:data1\" content=\"G4A\" \/>\n\t<meta name=\"twitter:label2\" content=\"Tiempo de lectura\" \/>\n\t<meta name=\"twitter:data2\" content=\"1 minuto\" \/>\n<script type=\"application\/ld+json\" class=\"yoast-schema-graph\">{\"@context\":\"https:\\\/\\\/schema.org\",\"@graph\":[{\"@type\":\"Article\",\"@id\":\"https:\\\/\\\/centrourbano.com\\\/revista\\\/vivienda\\\/infonavit-logra-ahorros-1221-mdp\\\/#article\",\"isPartOf\":{\"@id\":\"https:\\\/\\\/centrourbano.com\\\/revista\\\/vivienda\\\/infonavit-logra-ahorros-1221-mdp\\\/\"},\"author\":{\"name\":\"G4A\",\"@id\":\"https:\\\/\\\/centrourbano.com\\\/revista\\\/#\\\/schema\\\/person\\\/370fa0ba2d8dd5bde3fdb8b62ad360aa\"},\"headline\":\"Logra Infonavit ahorros por 1,221 mdp\",\"datePublished\":\"2019-01-30T23:28:37+00:00\",\"dateModified\":\"2019-01-31T18:09:41+00:00\",\"mainEntityOfPage\":{\"@id\":\"https:\\\/\\\/centrourbano.com\\\/revista\\\/vivienda\\\/infonavit-logra-ahorros-1221-mdp\\\/\"},\"wordCount\":222,\"commentCount\":0,\"publisher\":{\"@id\":\"https:\\\/\\\/centrourbano.com\\\/revista\\\/#organization\"},\"image\":{\"@id\":\"https:\\\/\\\/centrourbano.com\\\/revista\\\/vivienda\\\/infonavit-logra-ahorros-1221-mdp\\\/#primaryimage\"},\"thumbnailUrl\":\"https:\\\/\\\/centrourbano.com\\\/revista\\\/wp-content\\\/uploads\\\/Sesi\u00f3n-815-Consejo-de-Administraci\u00f3n-Infonavit.jpg\",\"keywords\":[\"Ahorros\",\"Carlos Mart\u00ednez Vel\u00e1zquez\",\"gasto\",\"Gastos de operaci\u00f3n\",\"Infonavit\",\"vivienda\"],\"articleSection\":[\"Vivienda\"],\"inLanguage\":\"es\"},{\"@type\":\"WebPage\",\"@id\":\"https:\\\/\\\/centrourbano.com\\\/revista\\\/vivienda\\\/infonavit-logra-ahorros-1221-mdp\\\/\",\"url\":\"https:\\\/\\\/centrourbano.com\\\/revista\\\/vivienda\\\/infonavit-logra-ahorros-1221-mdp\\\/\",\"name\":\"Logra Infonavit ahorros por 1,221 millones de pesos\",\"isPartOf\":{\"@id\":\"https:\\\/\\\/centrourbano.com\\\/revista\\\/#website\"},\"primaryImageOfPage\":{\"@id\":\"https:\\\/\\\/centrourbano.com\\\/revista\\\/vivienda\\\/infonavit-logra-ahorros-1221-mdp\\\/#primaryimage\"},\"image\":{\"@id\":\"https:\\\/\\\/centrourbano.com\\\/revista\\\/vivienda\\\/infonavit-logra-ahorros-1221-mdp\\\/#primaryimage\"},\"thumbnailUrl\":\"https:\\\/\\\/centrourbano.com\\\/revista\\\/wp-content\\\/uploads\\\/Sesi\u00f3n-815-Consejo-de-Administraci\u00f3n-Infonavit.jpg\",\"datePublished\":\"2019-01-30T23:28:37+00:00\",\"dateModified\":\"2019-01-31T18:09:41+00:00\",\"description\":\"El Consejo de Administraci\u00f3n del Infonavit aprob\u00f3 reducir en 501 millones 297,053 pesos diversas partidas correspondientes al rubro de...\",\"breadcrumb\":{\"@id\":\"https:\\\/\\\/centrourbano.com\\\/revista\\\/vivienda\\\/infonavit-logra-ahorros-1221-mdp\\\/#breadcrumb\"},\"inLanguage\":\"es\",\"potentialAction\":[{\"@type\":\"ReadAction\",\"target\":[\"https:\\\/\\\/centrourbano.com\\\/revista\\\/vivienda\\\/infonavit-logra-ahorros-1221-mdp\\\/\"]}]},{\"@type\":\"ImageObject\",\"inLanguage\":\"es\",\"@id\":\"https:\\\/\\\/centrourbano.com\\\/revista\\\/vivienda\\\/infonavit-logra-ahorros-1221-mdp\\\/#primaryimage\",\"url\":\"https:\\\/\\\/centrourbano.com\\\/revista\\\/wp-content\\\/uploads\\\/Sesi\u00f3n-815-Consejo-de-Administraci\u00f3n-Infonavit.jpg\",\"contentUrl\":\"https:\\\/\\\/centrourbano.com\\\/revista\\\/wp-content\\\/uploads\\\/Sesi\u00f3n-815-Consejo-de-Administraci\u00f3n-Infonavit.jpg\",\"width\":1024,\"height\":625,\"caption\":\"En mes y medio de gesti\u00f3n, la nueva a administraci\u00f3n emprendi\u00f3 acciones para bajar el gasto del Instituto\"},{\"@type\":\"BreadcrumbList\",\"@id\":\"https:\\\/\\\/centrourbano.com\\\/revista\\\/vivienda\\\/infonavit-logra-ahorros-1221-mdp\\\/#breadcrumb\",\"itemListElement\":[{\"@type\":\"ListItem\",\"position\":1,\"name\":\"Portada\",\"item\":\"https:\\\/\\\/centrourbano.com\\\/revista\\\/\"},{\"@type\":\"ListItem\",\"position\":2,\"name\":\"Logra Infonavit ahorros por 1,221 mdp\"}]},{\"@type\":\"WebSite\",\"@id\":\"https:\\\/\\\/centrourbano.com\\\/revista\\\/#website\",\"url\":\"https:\\\/\\\/centrourbano.com\\\/revista\\\/\",\"name\":\"Centro Urbano\",\"description\":\"Medio especializado en los sectores vivienda, inmobiliario, construcci\u00f3n, arquitectura y urbanismo.\",\"publisher\":{\"@id\":\"https:\\\/\\\/centrourbano.com\\\/revista\\\/#organization\"},\"potentialAction\":[{\"@type\":\"SearchAction\",\"target\":{\"@type\":\"EntryPoint\",\"urlTemplate\":\"https:\\\/\\\/centrourbano.com\\\/revista\\\/?s={search_term_string}\"},\"query-input\":{\"@type\":\"PropertyValueSpecification\",\"valueRequired\":true,\"valueName\":\"search_term_string\"}}],\"inLanguage\":\"es\"},{\"@type\":\"Organization\",\"@id\":\"https:\\\/\\\/centrourbano.com\\\/revista\\\/#organization\",\"name\":\"Centro Urbano\",\"url\":\"https:\\\/\\\/centrourbano.com\\\/revista\\\/\",\"logo\":{\"@type\":\"ImageObject\",\"inLanguage\":\"es\",\"@id\":\"https:\\\/\\\/centrourbano.com\\\/revista\\\/#\\\/schema\\\/logo\\\/image\\\/\",\"url\":\"https:\\\/\\\/centrourbano.com\\\/revista\\\/wp-content\\\/uploads\\\/web_CU_logo-1.png\",\"contentUrl\":\"https:\\\/\\\/centrourbano.com\\\/revista\\\/wp-content\\\/uploads\\\/web_CU_logo-1.png\",\"width\":350,\"height\":91,\"caption\":\"Centro Urbano\"},\"image\":{\"@id\":\"https:\\\/\\\/centrourbano.com\\\/revista\\\/#\\\/schema\\\/logo\\\/image\\\/\"},\"sameAs\":[\"https:\\\/\\\/www.facebook.com\\\/portalcentrourbano\",\"https:\\\/\\\/x.com\\\/CentroUrbano\",\"https:\\\/\\\/www.instagram.com\\\/centro_urbano\\\/\",\"https:\\\/\\\/www.linkedin.com\\\/company\\\/centro-urbano\\\/\",\"http:\\\/\\\/www.youtube.com\\\/user\\\/portalcentrourbano\"]},{\"@type\":\"Person\",\"@id\":\"https:\\\/\\\/centrourbano.com\\\/revista\\\/#\\\/schema\\\/person\\\/370fa0ba2d8dd5bde3fdb8b62ad360aa\",\"name\":\"G4A\",\"image\":{\"@type\":\"ImageObject\",\"inLanguage\":\"es\",\"@id\":\"https:\\\/\\\/secure.gravatar.com\\\/avatar\\\/932a97121b13d5de5bbd8193c6c83d3b92c9eda0f39623607d4280e7a5778d97?s=96&d=mm&r=g\",\"url\":\"https:\\\/\\\/secure.gravatar.com\\\/avatar\\\/932a97121b13d5de5bbd8193c6c83d3b92c9eda0f39623607d4280e7a5778d97?s=96&d=mm&r=g\",\"contentUrl\":\"https:\\\/\\\/secure.gravatar.com\\\/avatar\\\/932a97121b13d5de5bbd8193c6c83d3b92c9eda0f39623607d4280e7a5778d97?s=96&d=mm&r=g\",\"caption\":\"G4A\"},\"url\":\"https:\\\/\\\/centrourbano.com\\\/revista\\\/author\\\/admin-g4a\\\/\"}]}<\/script>\n<!-- \/ Yoast SEO plugin. -->","yoast_head_json":{"title":"Logra Infonavit ahorros por 1,221 millones de pesos","description":"El Consejo de Administraci\u00f3n del Infonavit aprob\u00f3 reducir en 501 millones 297,053 pesos diversas partidas correspondientes al rubro de...","robots":{"index":"index","follow":"follow","max-snippet":"max-snippet:-1","max-image-preview":"max-image-preview:large","max-video-preview":"max-video-preview:-1"},"canonical":"https:\/\/centrourbano.com\/revista\/vivienda\/infonavit-logra-ahorros-1221-mdp\/","og_locale":"es_ES","og_type":"article","og_title":"Logra Infonavit ahorros por 1,221 millones de pesos","og_description":"El Consejo de Administraci\u00f3n del Infonavit aprob\u00f3 reducir en 501 millones 297,053 pesos diversas partidas correspondientes al rubro de...","og_url":"https:\/\/centrourbano.com\/revista\/vivienda\/infonavit-logra-ahorros-1221-mdp\/","og_site_name":"Centro Urbano","article_publisher":"https:\/\/www.facebook.com\/portalcentrourbano","article_published_time":"2019-01-30T23:28:37+00:00","article_modified_time":"2019-01-31T18:09:41+00:00","og_image":[{"width":1024,"height":625,"url":"https:\/\/centrourbano.com\/revista\/wp-content\/uploads\/Sesi\u00f3n-815-Consejo-de-Administraci\u00f3n-Infonavit.jpg","type":"image\/jpeg"}],"author":"G4A","twitter_card":"summary_large_image","twitter_creator":"@CentroUrbano","twitter_site":"@CentroUrbano","twitter_misc":{"Escrito por":"G4A","Tiempo de lectura":"1 minuto"},"schema":{"@context":"https:\/\/schema.org","@graph":[{"@type":"Article","@id":"https:\/\/centrourbano.com\/revista\/vivienda\/infonavit-logra-ahorros-1221-mdp\/#article","isPartOf":{"@id":"https:\/\/centrourbano.com\/revista\/vivienda\/infonavit-logra-ahorros-1221-mdp\/"},"author":{"name":"G4A","@id":"https:\/\/centrourbano.com\/revista\/#\/schema\/person\/370fa0ba2d8dd5bde3fdb8b62ad360aa"},"headline":"Logra Infonavit ahorros por 1,221 mdp","datePublished":"2019-01-30T23:28:37+00:00","dateModified":"2019-01-31T18:09:41+00:00","mainEntityOfPage":{"@id":"https:\/\/centrourbano.com\/revista\/vivienda\/infonavit-logra-ahorros-1221-mdp\/"},"wordCount":222,"commentCount":0,"publisher":{"@id":"https:\/\/centrourbano.com\/revista\/#organization"},"image":{"@id":"https:\/\/centrourbano.com\/revista\/vivienda\/infonavit-logra-ahorros-1221-mdp\/#primaryimage"},"thumbnailUrl":"https:\/\/centrourbano.com\/revista\/wp-content\/uploads\/Sesi\u00f3n-815-Consejo-de-Administraci\u00f3n-Infonavit.jpg","keywords":["Ahorros","Carlos Mart\u00ednez Vel\u00e1zquez","gasto","Gastos de operaci\u00f3n","Infonavit","vivienda"],"articleSection":["Vivienda"],"inLanguage":"es"},{"@type":"WebPage","@id":"https:\/\/centrourbano.com\/revista\/vivienda\/infonavit-logra-ahorros-1221-mdp\/","url":"https:\/\/centrourbano.com\/revista\/vivienda\/infonavit-logra-ahorros-1221-mdp\/","name":"Logra Infonavit ahorros por 1,221 millones de pesos","isPartOf":{"@id":"https:\/\/centrourbano.com\/revista\/#website"},"primaryImageOfPage":{"@id":"https:\/\/centrourbano.com\/revista\/vivienda\/infonavit-logra-ahorros-1221-mdp\/#primaryimage"},"image":{"@id":"https:\/\/centrourbano.com\/revista\/vivienda\/infonavit-logra-ahorros-1221-mdp\/#primaryimage"},"thumbnailUrl":"https:\/\/centrourbano.com\/revista\/wp-content\/uploads\/Sesi\u00f3n-815-Consejo-de-Administraci\u00f3n-Infonavit.jpg","datePublished":"2019-01-30T23:28:37+00:00","dateModified":"2019-01-31T18:09:41+00:00","description":"El Consejo de Administraci\u00f3n del Infonavit aprob\u00f3 reducir en 501 millones 297,053 pesos diversas partidas correspondientes al rubro de...","breadcrumb":{"@id":"https:\/\/centrourbano.com\/revista\/vivienda\/infonavit-logra-ahorros-1221-mdp\/#breadcrumb"},"inLanguage":"es","potentialAction":[{"@type":"ReadAction","target":["https:\/\/centrourbano.com\/revista\/vivienda\/infonavit-logra-ahorros-1221-mdp\/"]}]},{"@type":"ImageObject","inLanguage":"es","@id":"https:\/\/centrourbano.com\/revista\/vivienda\/infonavit-logra-ahorros-1221-mdp\/#primaryimage","url":"https:\/\/centrourbano.com\/revista\/wp-content\/uploads\/Sesi\u00f3n-815-Consejo-de-Administraci\u00f3n-Infonavit.jpg","contentUrl":"https:\/\/centrourbano.com\/revista\/wp-content\/uploads\/Sesi\u00f3n-815-Consejo-de-Administraci\u00f3n-Infonavit.jpg","width":1024,"height":625,"caption":"En mes y medio de gesti\u00f3n, la nueva a administraci\u00f3n emprendi\u00f3 acciones para bajar el gasto del Instituto"},{"@type":"BreadcrumbList","@id":"https:\/\/centrourbano.com\/revista\/vivienda\/infonavit-logra-ahorros-1221-mdp\/#breadcrumb","itemListElement":[{"@type":"ListItem","position":1,"name":"Portada","item":"https:\/\/centrourbano.com\/revista\/"},{"@type":"ListItem","position":2,"name":"Logra Infonavit ahorros por 1,221 mdp"}]},{"@type":"WebSite","@id":"https:\/\/centrourbano.com\/revista\/#website","url":"https:\/\/centrourbano.com\/revista\/","name":"Centro Urbano","description":"Medio especializado en los sectores vivienda, inmobiliario, construcci\u00f3n, arquitectura y urbanismo.","publisher":{"@id":"https:\/\/centrourbano.com\/revista\/#organization"},"potentialAction":[{"@type":"SearchAction","target":{"@type":"EntryPoint","urlTemplate":"https:\/\/centrourbano.com\/revista\/?s={search_term_string}"},"query-input":{"@type":"PropertyValueSpecification","valueRequired":true,"valueName":"search_term_string"}}],"inLanguage":"es"},{"@type":"Organization","@id":"https:\/\/centrourbano.com\/revista\/#organization","name":"Centro Urbano","url":"https:\/\/centrourbano.com\/revista\/","logo":{"@type":"ImageObject","inLanguage":"es","@id":"https:\/\/centrourbano.com\/revista\/#\/schema\/logo\/image\/","url":"https:\/\/centrourbano.com\/revista\/wp-content\/uploads\/web_CU_logo-1.png","contentUrl":"https:\/\/centrourbano.com\/revista\/wp-content\/uploads\/web_CU_logo-1.png","width":350,"height":91,"caption":"Centro Urbano"},"image":{"@id":"https:\/\/centrourbano.com\/revista\/#\/schema\/logo\/image\/"},"sameAs":["https:\/\/www.facebook.com\/portalcentrourbano","https:\/\/x.com\/CentroUrbano","https:\/\/www.instagram.com\/centro_urbano\/","https:\/\/www.linkedin.com\/company\/centro-urbano\/","http:\/\/www.youtube.com\/user\/portalcentrourbano"]},{"@type":"Person","@id":"https:\/\/centrourbano.com\/revista\/#\/schema\/person\/370fa0ba2d8dd5bde3fdb8b62ad360aa","name":"G4A","image":{"@type":"ImageObject","inLanguage":"es","@id":"https:\/\/secure.gravatar.com\/avatar\/932a97121b13d5de5bbd8193c6c83d3b92c9eda0f39623607d4280e7a5778d97?s=96&d=mm&r=g","url":"https:\/\/secure.gravatar.com\/avatar\/932a97121b13d5de5bbd8193c6c83d3b92c9eda0f39623607d4280e7a5778d97?s=96&d=mm&r=g","contentUrl":"https:\/\/secure.gravatar.com\/avatar\/932a97121b13d5de5bbd8193c6c83d3b92c9eda0f39623607d4280e7a5778d97?s=96&d=mm&r=g","caption":"G4A"},"url":"https:\/\/centrourbano.com\/revista\/author\/admin-g4a\/"}]}},"_links":{"self":[{"href":"https:\/\/centrourbano.com\/revista\/wp-json\/wp\/v2\/posts\/85454","targetHints":{"allow":["GET"]}}],"collection":[{"href":"https:\/\/centrourbano.com\/revista\/wp-json\/wp\/v2\/posts"}],"about":[{"href":"https:\/\/centrourbano.com\/revista\/wp-json\/wp\/v2\/types\/post"}],"author":[{"embeddable":true,"href":"https:\/\/centrourbano.com\/revista\/wp-json\/wp\/v2\/users\/77"}],"replies":[{"embeddable":true,"href":"https:\/\/centrourbano.com\/revista\/wp-json\/wp\/v2\/comments?post=85454"}],"version-history":[{"count":5,"href":"https:\/\/centrourbano.com\/revista\/wp-json\/wp\/v2\/posts\/85454\/revisions"}],"predecessor-version":[{"id":85493,"href":"https:\/\/centrourbano.com\/revista\/wp-json\/wp\/v2\/posts\/85454\/revisions\/85493"}],"wp:featuredmedia":[{"embeddable":true,"href":"https:\/\/centrourbano.com\/revista\/wp-json\/wp\/v2\/media\/85457"}],"wp:attachment":[{"href":"https:\/\/centrourbano.com\/revista\/wp-json\/wp\/v2\/media?parent=85454"}],"wp:term":[{"taxonomy":"category","embeddable":true,"href":"https:\/\/centrourbano.com\/revista\/wp-json\/wp\/v2\/categories?post=85454"},{"taxonomy":"post_tag","embeddable":true,"href":"https:\/\/centrourbano.com\/revista\/wp-json\/wp\/v2\/tags?post=85454"}],"curies":[{"name":"wp","href":"https:\/\/api.w.org\/{rel}","templated":true}]}}