{"id":85169,"date":"2019-01-24T14:29:13","date_gmt":"2019-01-24T20:29:13","guid":{"rendered":"https:\/\/centrourbano.com\/?p=85169"},"modified":"2019-01-29T10:49:20","modified_gmt":"2019-01-29T16:49:20","slug":"infonavit_75000_creditos_menos","status":"publish","type":"post","link":"https:\/\/centrourbano.com\/revista\/vivienda\/infonavit_75000_creditos_menos\/","title":{"rendered":"Sin subsidio, Infonavit entregar\u00eda 75,000 cr\u00e9ditos menos"},"content":{"rendered":"<p><em> El aumento al salario m\u00ednimo representar\u00eda un factor que facilitar\u00eda concretar un esquema para compensar la ca\u00edda en susbsidio<\/em><!--more--><\/p>\n<p>De acuerdo con las proyecciones de la Direcci\u00f3n Sectorial de los Trabajadores (<strong>DST<\/strong>) del Infonavit, la reducci\u00f3n en el presupuesto de susbidio s\u00ed impactar\u00eda en la colocaci\u00f3n, con lo que en el a\u00f1os se entregar\u00edan 75,000 viviendas <strong>menos<\/strong> a trabajadores que ganan por debajo de los 2.8 UMAs.<\/p>\n<p>As\u00ed lo dio a conocer <strong>Mario MaciMa Robles<\/strong>, titular de la DST Infonavit, quien llam\u00f3 a la direcci\u00f3n del Instituto a lanzar lo antes posible el esquema que permita sustituir la <strong>reducci\u00f3n<\/strong> en el subsidio.<\/p>\n<p>\u201cComo direcci\u00f3n sectorial ya le entregamos al Director General una proyecci\u00f3n de lo que puede significar la ca\u00edda en la colocaci\u00f3n de credito para trabajadores de hasta 2.6 UMAs; que puede significar alrededor de 75,000 viviendas, es decir, 75,000 trabajadores, familias que pudieran no tener acceso al cr\u00e9dito\u201d, se\u00f1al\u00f3.<\/p>\n<p>Mac\u00edas Robles destac\u00f3 que la DST camina en concordancia con la Direcci\u00f3n General en relaci\u00f3n a concretar un esquema que compense la ca\u00edda del subsidio. Dijo que \u00e9ste tiene que <strong>basarse<\/strong> en aumentar la capacidad de los trabajadores al adecuar las condiciones del cr\u00e9dito.<\/p>\n<p>\u201cYa le hicimos nuestras observaciones sobre el programa. Pero le hemos insistido al Director que este esquema es <strong>urgente<\/strong>, por lo que puede significar en la ca\u00edda de la oferta en RUV y que algunas empresas tengan que cerrar\u201d, apunt\u00f3.<\/p>\n<p>Robles destac\u00f3 que para contar con este esquema de sustituci\u00f3n, se propusieron temas como el compensar la tasa y el aumento al salario m\u00ednimo, factores que dijo el director sectorial, permitir\u00e1n adecuar las condiciones del cr\u00e9dito.<\/p>\n<blockquote class=\"twitter-tweet\" data-width=\"500\" data-dnt=\"true\">\n<p lang=\"es\" dir=\"ltr\">Desde la <a href=\"https:\/\/twitter.com\/DSTInfonavit?ref_src=twsrc%5Etfw\">@DSTInfonavit<\/a> entregamos al director del <a href=\"https:\/\/twitter.com\/Infonavit?ref_src=twsrc%5Etfw\">@Infonavit<\/a> una proyecci\u00f3n de lo que puede significar la ca\u00edda en el subsidio. Y seg\u00fan los c\u00e1lculos, est\u00e1 reducci\u00f3n puede significar hasta 75,000 viviendas menos: <a href=\"https:\/\/twitter.com\/MarioMaciasRobl?ref_src=twsrc%5Etfw\">@MarioMaciasRobl<\/a>. <a href=\"https:\/\/twitter.com\/hashtag\/CoberturaCU?src=hash&amp;ref_src=twsrc%5Etfw\">#CoberturaCU<\/a> <a href=\"https:\/\/t.co\/XJaFoCYsUi\">pic.twitter.com\/XJaFoCYsUi<\/a><\/p>\n<p>&mdash; Centro Urbano (@CentroUrbano) <a href=\"https:\/\/twitter.com\/CentroUrbano\/status\/1088529361509277696?ref_src=twsrc%5Etfw\">January 24, 2019<\/a><\/p><\/blockquote>\n<p><script async src=\"https:\/\/platform.twitter.com\/widgets.js\" charset=\"utf-8\"><\/script><\/p>\n","protected":false},"excerpt":{"rendered":"<p>El aumento al salario m\u00ednimo representar\u00eda un factor que facilitar\u00eda concretar un esquema para compensar la ca\u00edda en susbsidio<\/p>\n","protected":false},"author":77,"featured_media":85170,"comment_status":"open","ping_status":"closed","sticky":false,"template":"","format":"standard","meta":{"inline_featured_image":false,"footnotes":""},"categories":[12],"tags":[3560,15208,100,15051,3166],"class_list":["post-85169","post","type-post","status-publish","format-standard","has-post-thumbnail","hentry","category-vivienda","tag-direccion-sectorial-de-los-trabajadores","tag-dst","tag-infonavit","tag-mario-macias","tag-subsidio"],"yoast_head":"<!-- This site is optimized with the Yoast SEO plugin v28.4 - https:\/\/yoast.com\/product\/yoast-seo-wordpress\/ -->\n<title>Infonavit entregar\u00eda 75,000 cr\u00e9ditos menos ante reducci\u00f3n del subsidio<\/title>\n<meta name=\"description\" content=\"De acuerdo con las proyecciones de la Direcci\u00f3n Sectorial de los Trabajadores del Infonavit, la reducci\u00f3n en el presupuesto de susbidio s\u00ed impactar\u00eda en la colocaci\u00f3n..\" \/>\n<meta name=\"robots\" content=\"index, follow, max-snippet:-1, max-image-preview:large, max-video-preview:-1\" \/>\n<link rel=\"canonical\" href=\"https:\/\/centrourbano.com\/revista\/vivienda\/infonavit_75000_creditos_menos\/\" \/>\n<meta property=\"og:locale\" content=\"es_ES\" \/>\n<meta property=\"og:type\" content=\"article\" \/>\n<meta property=\"og:title\" content=\"Infonavit entregar\u00eda 75,000 cr\u00e9ditos menos ante reducci\u00f3n del subsidio\" \/>\n<meta property=\"og:description\" content=\"De acuerdo con las proyecciones de la Direcci\u00f3n Sectorial de los Trabajadores del Infonavit, la reducci\u00f3n en el presupuesto de susbidio s\u00ed impactar\u00eda en la colocaci\u00f3n..\" \/>\n<meta property=\"og:url\" content=\"https:\/\/centrourbano.com\/revista\/vivienda\/infonavit_75000_creditos_menos\/\" \/>\n<meta property=\"og:site_name\" content=\"Centro Urbano\" \/>\n<meta property=\"article:publisher\" content=\"https:\/\/www.facebook.com\/portalcentrourbano\" \/>\n<meta property=\"article:published_time\" content=\"2019-01-24T20:29:13+00:00\" \/>\n<meta property=\"article:modified_time\" content=\"2019-01-29T16:49:20+00:00\" \/>\n<meta property=\"og:image\" content=\"https:\/\/centrourbano.com\/revista\/wp-content\/uploads\/IMG_20190124_133302.jpg\" \/>\n\t<meta property=\"og:image:width\" content=\"1440\" \/>\n\t<meta property=\"og:image:height\" content=\"1080\" \/>\n\t<meta property=\"og:image:type\" content=\"image\/jpeg\" \/>\n<meta name=\"author\" content=\"G4A\" \/>\n<meta name=\"twitter:card\" content=\"summary_large_image\" \/>\n<meta name=\"twitter:creator\" content=\"@CentroUrbano\" \/>\n<meta name=\"twitter:site\" content=\"@CentroUrbano\" \/>\n<meta name=\"twitter:label1\" content=\"Escrito por\" \/>\n\t<meta name=\"twitter:data1\" content=\"G4A\" \/>\n\t<meta name=\"twitter:label2\" content=\"Tiempo de lectura\" \/>\n\t<meta name=\"twitter:data2\" content=\"1 minuto\" \/>\n<script type=\"application\/ld+json\" class=\"yoast-schema-graph\">{\"@context\":\"https:\\\/\\\/schema.org\",\"@graph\":[{\"@type\":\"Article\",\"@id\":\"https:\\\/\\\/centrourbano.com\\\/revista\\\/vivienda\\\/infonavit_75000_creditos_menos\\\/#article\",\"isPartOf\":{\"@id\":\"https:\\\/\\\/centrourbano.com\\\/revista\\\/vivienda\\\/infonavit_75000_creditos_menos\\\/\"},\"author\":{\"name\":\"G4A\",\"@id\":\"https:\\\/\\\/centrourbano.com\\\/revista\\\/#\\\/schema\\\/person\\\/370fa0ba2d8dd5bde3fdb8b62ad360aa\"},\"headline\":\"Sin subsidio, Infonavit entregar\u00eda 75,000 cr\u00e9ditos menos\",\"datePublished\":\"2019-01-24T20:29:13+00:00\",\"dateModified\":\"2019-01-29T16:49:20+00:00\",\"mainEntityOfPage\":{\"@id\":\"https:\\\/\\\/centrourbano.com\\\/revista\\\/vivienda\\\/infonavit_75000_creditos_menos\\\/\"},\"wordCount\":307,\"commentCount\":0,\"publisher\":{\"@id\":\"https:\\\/\\\/centrourbano.com\\\/revista\\\/#organization\"},\"image\":{\"@id\":\"https:\\\/\\\/centrourbano.com\\\/revista\\\/vivienda\\\/infonavit_75000_creditos_menos\\\/#primaryimage\"},\"thumbnailUrl\":\"https:\\\/\\\/centrourbano.com\\\/revista\\\/wp-content\\\/uploads\\\/IMG_20190124_133302.jpg\",\"keywords\":[\"Direcci\u00f3n Sectorial de los Trabajadores\",\"DST\",\"Infonavit\",\"Mario Mac\u00edas\",\"subsidio\"],\"articleSection\":[\"Vivienda\"],\"inLanguage\":\"es\"},{\"@type\":\"WebPage\",\"@id\":\"https:\\\/\\\/centrourbano.com\\\/revista\\\/vivienda\\\/infonavit_75000_creditos_menos\\\/\",\"url\":\"https:\\\/\\\/centrourbano.com\\\/revista\\\/vivienda\\\/infonavit_75000_creditos_menos\\\/\",\"name\":\"Infonavit entregar\u00eda 75,000 cr\u00e9ditos menos ante reducci\u00f3n del subsidio\",\"isPartOf\":{\"@id\":\"https:\\\/\\\/centrourbano.com\\\/revista\\\/#website\"},\"primaryImageOfPage\":{\"@id\":\"https:\\\/\\\/centrourbano.com\\\/revista\\\/vivienda\\\/infonavit_75000_creditos_menos\\\/#primaryimage\"},\"image\":{\"@id\":\"https:\\\/\\\/centrourbano.com\\\/revista\\\/vivienda\\\/infonavit_75000_creditos_menos\\\/#primaryimage\"},\"thumbnailUrl\":\"https:\\\/\\\/centrourbano.com\\\/revista\\\/wp-content\\\/uploads\\\/IMG_20190124_133302.jpg\",\"datePublished\":\"2019-01-24T20:29:13+00:00\",\"dateModified\":\"2019-01-29T16:49:20+00:00\",\"description\":\"De acuerdo con las proyecciones de la Direcci\u00f3n Sectorial de los Trabajadores del Infonavit, la reducci\u00f3n en el presupuesto de susbidio s\u00ed impactar\u00eda en la colocaci\u00f3n..\",\"breadcrumb\":{\"@id\":\"https:\\\/\\\/centrourbano.com\\\/revista\\\/vivienda\\\/infonavit_75000_creditos_menos\\\/#breadcrumb\"},\"inLanguage\":\"es\",\"potentialAction\":[{\"@type\":\"ReadAction\",\"target\":[\"https:\\\/\\\/centrourbano.com\\\/revista\\\/vivienda\\\/infonavit_75000_creditos_menos\\\/\"]}]},{\"@type\":\"ImageObject\",\"inLanguage\":\"es\",\"@id\":\"https:\\\/\\\/centrourbano.com\\\/revista\\\/vivienda\\\/infonavit_75000_creditos_menos\\\/#primaryimage\",\"url\":\"https:\\\/\\\/centrourbano.com\\\/revista\\\/wp-content\\\/uploads\\\/IMG_20190124_133302.jpg\",\"contentUrl\":\"https:\\\/\\\/centrourbano.com\\\/revista\\\/wp-content\\\/uploads\\\/IMG_20190124_133302.jpg\",\"width\":1440,\"height\":1080},{\"@type\":\"BreadcrumbList\",\"@id\":\"https:\\\/\\\/centrourbano.com\\\/revista\\\/vivienda\\\/infonavit_75000_creditos_menos\\\/#breadcrumb\",\"itemListElement\":[{\"@type\":\"ListItem\",\"position\":1,\"name\":\"Portada\",\"item\":\"https:\\\/\\\/centrourbano.com\\\/revista\\\/\"},{\"@type\":\"ListItem\",\"position\":2,\"name\":\"Sin subsidio, Infonavit entregar\u00eda 75,000 cr\u00e9ditos menos\"}]},{\"@type\":\"WebSite\",\"@id\":\"https:\\\/\\\/centrourbano.com\\\/revista\\\/#website\",\"url\":\"https:\\\/\\\/centrourbano.com\\\/revista\\\/\",\"name\":\"Centro Urbano\",\"description\":\"Medio especializado en los sectores vivienda, inmobiliario, construcci\u00f3n, arquitectura y urbanismo.\",\"publisher\":{\"@id\":\"https:\\\/\\\/centrourbano.com\\\/revista\\\/#organization\"},\"potentialAction\":[{\"@type\":\"SearchAction\",\"target\":{\"@type\":\"EntryPoint\",\"urlTemplate\":\"https:\\\/\\\/centrourbano.com\\\/revista\\\/?s={search_term_string}\"},\"query-input\":{\"@type\":\"PropertyValueSpecification\",\"valueRequired\":true,\"valueName\":\"search_term_string\"}}],\"inLanguage\":\"es\"},{\"@type\":\"Organization\",\"@id\":\"https:\\\/\\\/centrourbano.com\\\/revista\\\/#organization\",\"name\":\"Centro Urbano\",\"url\":\"https:\\\/\\\/centrourbano.com\\\/revista\\\/\",\"logo\":{\"@type\":\"ImageObject\",\"inLanguage\":\"es\",\"@id\":\"https:\\\/\\\/centrourbano.com\\\/revista\\\/#\\\/schema\\\/logo\\\/image\\\/\",\"url\":\"https:\\\/\\\/centrourbano.com\\\/revista\\\/wp-content\\\/uploads\\\/web_CU_logo-1.png\",\"contentUrl\":\"https:\\\/\\\/centrourbano.com\\\/revista\\\/wp-content\\\/uploads\\\/web_CU_logo-1.png\",\"width\":350,\"height\":91,\"caption\":\"Centro Urbano\"},\"image\":{\"@id\":\"https:\\\/\\\/centrourbano.com\\\/revista\\\/#\\\/schema\\\/logo\\\/image\\\/\"},\"sameAs\":[\"https:\\\/\\\/www.facebook.com\\\/portalcentrourbano\",\"https:\\\/\\\/x.com\\\/CentroUrbano\",\"https:\\\/\\\/www.instagram.com\\\/centro_urbano\\\/\",\"https:\\\/\\\/www.linkedin.com\\\/company\\\/centro-urbano\\\/\",\"http:\\\/\\\/www.youtube.com\\\/user\\\/portalcentrourbano\"]},{\"@type\":\"Person\",\"@id\":\"https:\\\/\\\/centrourbano.com\\\/revista\\\/#\\\/schema\\\/person\\\/370fa0ba2d8dd5bde3fdb8b62ad360aa\",\"name\":\"G4A\",\"image\":{\"@type\":\"ImageObject\",\"inLanguage\":\"es\",\"@id\":\"https:\\\/\\\/secure.gravatar.com\\\/avatar\\\/932a97121b13d5de5bbd8193c6c83d3b92c9eda0f39623607d4280e7a5778d97?s=96&d=mm&r=g\",\"url\":\"https:\\\/\\\/secure.gravatar.com\\\/avatar\\\/932a97121b13d5de5bbd8193c6c83d3b92c9eda0f39623607d4280e7a5778d97?s=96&d=mm&r=g\",\"contentUrl\":\"https:\\\/\\\/secure.gravatar.com\\\/avatar\\\/932a97121b13d5de5bbd8193c6c83d3b92c9eda0f39623607d4280e7a5778d97?s=96&d=mm&r=g\",\"caption\":\"G4A\"},\"url\":\"https:\\\/\\\/centrourbano.com\\\/revista\\\/author\\\/admin-g4a\\\/\"}]}<\/script>\n<!-- \/ Yoast SEO plugin. -->","yoast_head_json":{"title":"Infonavit entregar\u00eda 75,000 cr\u00e9ditos menos ante reducci\u00f3n del subsidio","description":"De acuerdo con las proyecciones de la Direcci\u00f3n Sectorial de los Trabajadores del Infonavit, la reducci\u00f3n en el presupuesto de susbidio s\u00ed impactar\u00eda en la colocaci\u00f3n..","robots":{"index":"index","follow":"follow","max-snippet":"max-snippet:-1","max-image-preview":"max-image-preview:large","max-video-preview":"max-video-preview:-1"},"canonical":"https:\/\/centrourbano.com\/revista\/vivienda\/infonavit_75000_creditos_menos\/","og_locale":"es_ES","og_type":"article","og_title":"Infonavit entregar\u00eda 75,000 cr\u00e9ditos menos ante reducci\u00f3n del subsidio","og_description":"De acuerdo con las proyecciones de la Direcci\u00f3n Sectorial de los Trabajadores del Infonavit, la reducci\u00f3n en el presupuesto de susbidio s\u00ed impactar\u00eda en la colocaci\u00f3n..","og_url":"https:\/\/centrourbano.com\/revista\/vivienda\/infonavit_75000_creditos_menos\/","og_site_name":"Centro Urbano","article_publisher":"https:\/\/www.facebook.com\/portalcentrourbano","article_published_time":"2019-01-24T20:29:13+00:00","article_modified_time":"2019-01-29T16:49:20+00:00","og_image":[{"width":1440,"height":1080,"url":"https:\/\/centrourbano.com\/revista\/wp-content\/uploads\/IMG_20190124_133302.jpg","type":"image\/jpeg"}],"author":"G4A","twitter_card":"summary_large_image","twitter_creator":"@CentroUrbano","twitter_site":"@CentroUrbano","twitter_misc":{"Escrito por":"G4A","Tiempo de lectura":"1 minuto"},"schema":{"@context":"https:\/\/schema.org","@graph":[{"@type":"Article","@id":"https:\/\/centrourbano.com\/revista\/vivienda\/infonavit_75000_creditos_menos\/#article","isPartOf":{"@id":"https:\/\/centrourbano.com\/revista\/vivienda\/infonavit_75000_creditos_menos\/"},"author":{"name":"G4A","@id":"https:\/\/centrourbano.com\/revista\/#\/schema\/person\/370fa0ba2d8dd5bde3fdb8b62ad360aa"},"headline":"Sin subsidio, Infonavit entregar\u00eda 75,000 cr\u00e9ditos menos","datePublished":"2019-01-24T20:29:13+00:00","dateModified":"2019-01-29T16:49:20+00:00","mainEntityOfPage":{"@id":"https:\/\/centrourbano.com\/revista\/vivienda\/infonavit_75000_creditos_menos\/"},"wordCount":307,"commentCount":0,"publisher":{"@id":"https:\/\/centrourbano.com\/revista\/#organization"},"image":{"@id":"https:\/\/centrourbano.com\/revista\/vivienda\/infonavit_75000_creditos_menos\/#primaryimage"},"thumbnailUrl":"https:\/\/centrourbano.com\/revista\/wp-content\/uploads\/IMG_20190124_133302.jpg","keywords":["Direcci\u00f3n Sectorial de los Trabajadores","DST","Infonavit","Mario Mac\u00edas","subsidio"],"articleSection":["Vivienda"],"inLanguage":"es"},{"@type":"WebPage","@id":"https:\/\/centrourbano.com\/revista\/vivienda\/infonavit_75000_creditos_menos\/","url":"https:\/\/centrourbano.com\/revista\/vivienda\/infonavit_75000_creditos_menos\/","name":"Infonavit entregar\u00eda 75,000 cr\u00e9ditos menos ante reducci\u00f3n del subsidio","isPartOf":{"@id":"https:\/\/centrourbano.com\/revista\/#website"},"primaryImageOfPage":{"@id":"https:\/\/centrourbano.com\/revista\/vivienda\/infonavit_75000_creditos_menos\/#primaryimage"},"image":{"@id":"https:\/\/centrourbano.com\/revista\/vivienda\/infonavit_75000_creditos_menos\/#primaryimage"},"thumbnailUrl":"https:\/\/centrourbano.com\/revista\/wp-content\/uploads\/IMG_20190124_133302.jpg","datePublished":"2019-01-24T20:29:13+00:00","dateModified":"2019-01-29T16:49:20+00:00","description":"De acuerdo con las proyecciones de la Direcci\u00f3n Sectorial de los Trabajadores del Infonavit, la reducci\u00f3n en el presupuesto de susbidio s\u00ed impactar\u00eda en la colocaci\u00f3n..","breadcrumb":{"@id":"https:\/\/centrourbano.com\/revista\/vivienda\/infonavit_75000_creditos_menos\/#breadcrumb"},"inLanguage":"es","potentialAction":[{"@type":"ReadAction","target":["https:\/\/centrourbano.com\/revista\/vivienda\/infonavit_75000_creditos_menos\/"]}]},{"@type":"ImageObject","inLanguage":"es","@id":"https:\/\/centrourbano.com\/revista\/vivienda\/infonavit_75000_creditos_menos\/#primaryimage","url":"https:\/\/centrourbano.com\/revista\/wp-content\/uploads\/IMG_20190124_133302.jpg","contentUrl":"https:\/\/centrourbano.com\/revista\/wp-content\/uploads\/IMG_20190124_133302.jpg","width":1440,"height":1080},{"@type":"BreadcrumbList","@id":"https:\/\/centrourbano.com\/revista\/vivienda\/infonavit_75000_creditos_menos\/#breadcrumb","itemListElement":[{"@type":"ListItem","position":1,"name":"Portada","item":"https:\/\/centrourbano.com\/revista\/"},{"@type":"ListItem","position":2,"name":"Sin subsidio, Infonavit entregar\u00eda 75,000 cr\u00e9ditos menos"}]},{"@type":"WebSite","@id":"https:\/\/centrourbano.com\/revista\/#website","url":"https:\/\/centrourbano.com\/revista\/","name":"Centro Urbano","description":"Medio especializado en los sectores vivienda, inmobiliario, construcci\u00f3n, arquitectura y urbanismo.","publisher":{"@id":"https:\/\/centrourbano.com\/revista\/#organization"},"potentialAction":[{"@type":"SearchAction","target":{"@type":"EntryPoint","urlTemplate":"https:\/\/centrourbano.com\/revista\/?s={search_term_string}"},"query-input":{"@type":"PropertyValueSpecification","valueRequired":true,"valueName":"search_term_string"}}],"inLanguage":"es"},{"@type":"Organization","@id":"https:\/\/centrourbano.com\/revista\/#organization","name":"Centro Urbano","url":"https:\/\/centrourbano.com\/revista\/","logo":{"@type":"ImageObject","inLanguage":"es","@id":"https:\/\/centrourbano.com\/revista\/#\/schema\/logo\/image\/","url":"https:\/\/centrourbano.com\/revista\/wp-content\/uploads\/web_CU_logo-1.png","contentUrl":"https:\/\/centrourbano.com\/revista\/wp-content\/uploads\/web_CU_logo-1.png","width":350,"height":91,"caption":"Centro Urbano"},"image":{"@id":"https:\/\/centrourbano.com\/revista\/#\/schema\/logo\/image\/"},"sameAs":["https:\/\/www.facebook.com\/portalcentrourbano","https:\/\/x.com\/CentroUrbano","https:\/\/www.instagram.com\/centro_urbano\/","https:\/\/www.linkedin.com\/company\/centro-urbano\/","http:\/\/www.youtube.com\/user\/portalcentrourbano"]},{"@type":"Person","@id":"https:\/\/centrourbano.com\/revista\/#\/schema\/person\/370fa0ba2d8dd5bde3fdb8b62ad360aa","name":"G4A","image":{"@type":"ImageObject","inLanguage":"es","@id":"https:\/\/secure.gravatar.com\/avatar\/932a97121b13d5de5bbd8193c6c83d3b92c9eda0f39623607d4280e7a5778d97?s=96&d=mm&r=g","url":"https:\/\/secure.gravatar.com\/avatar\/932a97121b13d5de5bbd8193c6c83d3b92c9eda0f39623607d4280e7a5778d97?s=96&d=mm&r=g","contentUrl":"https:\/\/secure.gravatar.com\/avatar\/932a97121b13d5de5bbd8193c6c83d3b92c9eda0f39623607d4280e7a5778d97?s=96&d=mm&r=g","caption":"G4A"},"url":"https:\/\/centrourbano.com\/revista\/author\/admin-g4a\/"}]}},"_links":{"self":[{"href":"https:\/\/centrourbano.com\/revista\/wp-json\/wp\/v2\/posts\/85169","targetHints":{"allow":["GET"]}}],"collection":[{"href":"https:\/\/centrourbano.com\/revista\/wp-json\/wp\/v2\/posts"}],"about":[{"href":"https:\/\/centrourbano.com\/revista\/wp-json\/wp\/v2\/types\/post"}],"author":[{"embeddable":true,"href":"https:\/\/centrourbano.com\/revista\/wp-json\/wp\/v2\/users\/77"}],"replies":[{"embeddable":true,"href":"https:\/\/centrourbano.com\/revista\/wp-json\/wp\/v2\/comments?post=85169"}],"version-history":[{"count":10,"href":"https:\/\/centrourbano.com\/revista\/wp-json\/wp\/v2\/posts\/85169\/revisions"}],"predecessor-version":[{"id":85310,"href":"https:\/\/centrourbano.com\/revista\/wp-json\/wp\/v2\/posts\/85169\/revisions\/85310"}],"wp:featuredmedia":[{"embeddable":true,"href":"https:\/\/centrourbano.com\/revista\/wp-json\/wp\/v2\/media\/85170"}],"wp:attachment":[{"href":"https:\/\/centrourbano.com\/revista\/wp-json\/wp\/v2\/media?parent=85169"}],"wp:term":[{"taxonomy":"category","embeddable":true,"href":"https:\/\/centrourbano.com\/revista\/wp-json\/wp\/v2\/categories?post=85169"},{"taxonomy":"post_tag","embeddable":true,"href":"https:\/\/centrourbano.com\/revista\/wp-json\/wp\/v2\/tags?post=85169"}],"curies":[{"name":"wp","href":"https:\/\/api.w.org\/{rel}","templated":true}]}}